{"id":229935,"date":"2020-12-26T07:52:12","date_gmt":"2020-12-26T10:52:12","guid":{"rendered":"https:\/\/franciscanos.org.br\/noticias\/?p=229935"},"modified":"2020-12-28T21:11:58","modified_gmt":"2020-12-29T00:11:58","slug":"no-dia-29-novicos-fazem-a-primeira-profissao-em-rodeio","status":"publish","type":"post","link":"https:\/\/franciscanos.org.br\/noticias\/no-dia-29-novicos-fazem-a-primeira-profissao-em-rodeio.html","title":{"rendered":"Nesta ter\u00e7a, novi\u00e7os fazem a Primeira Profiss\u00e3o em Rodeio"},"content":{"rendered":"<p>&nbsp;<\/p>\n<p><img loading=\"lazy\" class=\"alignnone size-full wp-image-230101\" src=\"https:\/\/franciscanos.org.br\/noticias\/wp-content\/uploads\/2020\/12\/rodeio_26.jpg\" alt=\"\" width=\"1280\" height=\"802\" srcset=\"https:\/\/franciscanos.org.br\/noticias\/wp-content\/uploads\/2020\/12\/rodeio_26.jpg 1280w, https:\/\/franciscanos.org.br\/noticias\/wp-content\/uploads\/2020\/12\/rodeio_26-450x282.jpg 450w, https:\/\/franciscanos.org.br\/noticias\/wp-content\/uploads\/2020\/12\/rodeio_26-1024x642.jpg 1024w, https:\/\/franciscanos.org.br\/noticias\/wp-content\/uploads\/2020\/12\/rodeio_26-768x481.jpg 768w, https:\/\/franciscanos.org.br\/noticias\/wp-content\/uploads\/2020\/12\/rodeio_26-150x94.jpg 150w\" sizes=\"(max-width: 1280px) 100vw, 1280px\" \/><\/p>\n<p>Depois de viverem um tempo de gra\u00e7a e prova\u00e7\u00e3o, como \u00e9 chamado o Noviciado na forma\u00e7\u00e3o franciscana, Frei Bruno Almeida de Mello, Frei Bruno Dias de Deus, Frei Gilberto Silveira da Costa Junior e Frei Vin\u00edcius de Oliveira Betim receberam a aprova\u00e7\u00e3o do Definit\u00f3rio Provincial para fazerem a Profiss\u00e3o Tempor\u00e1ria na Ordem dos Frades Menores. Esse momento ser\u00e1 realizado durante a Celebra\u00e7\u00e3o Eucar\u00edstica no dia 29 de dezembro, presidida pelo Ministro Provincial Frei C\u00e9sar K\u00fclkamp, \u00e0s 19 horas, na Igreja S\u00e3o Francisco de Assis, em Rodeio, SC.<\/p>\n<p>Segundo o mestre Frei Rodrigo da Silva Santos, o ano de 2020 foi at\u00edpico para todos: Para alguns, a experi\u00eancia dolorosa do enfrentamento direto da pandemia da Covid-19 ou na lida com suas tr\u00e1gicas consequ\u00eancias: a enfermidade, a morte, o desemprego e desestabilidade financeira, o isolamento e desgaste emocional e psicol\u00f3gicos decorrentes.<\/p>\n<p>\u201cPodemos dizer que aqui, no Noviciado, tivemos que nos adaptar \u00e0 realidade das celebra\u00e7\u00f5es com e sem a presen\u00e7a do povo e, infelizmente, n\u00e3o foi poss\u00edvel realizar as visitas \u00e0s casas que tanto ajudam aos nossos formandos a contextualizar nossa espiritualidade franciscana com os anseios e realidade do povo. S\u00e3o adapta\u00e7\u00f5es que afetaram elementos importantes, mas que, diretamente, n\u00e3o comprometeram a experi\u00eancia espec\u00edfica deste ano de gra\u00e7a e prova\u00e7\u00e3o proposto aos jovens novi\u00e7os\u201d, acredita Frei Rodrigo, explicando que o in\u00edcio da etapa se deu com 7 novi\u00e7os que integravam uma turma bem jovem (entre 20 a 23 anos). \u201cNos tr\u00eas primeiros meses ocorreram tr\u00eas egressos, deixando a turma com 4 novi\u00e7os que seguiriam juntos at\u00e9 o final. As provoca\u00e7\u00f5es pr\u00f3prias do Noviciado foram sendo propostas a eles, permitindo-lhes o aprofundamento em nossa espiritualidade, no sentido de consagra\u00e7\u00e3o e viv\u00eancia dos conselhos evang\u00e9licos; o confronto de discernimento pessoal quanto \u00e0 possibilidade e anseio real de viverem como Frades Menores e o alargamento da intimidade com Deus que os chama e os ama. Juntos, eles cresceram no esp\u00edrito fraterno e na confian\u00e7a uns nos outros. Juntos, eles amadureceram como pessoas e como crist\u00e3os. Juntos, eles se firmaram na decis\u00e3o de responder ao chamado com seu \u2018Sim\u2019 a Deus\u201d, avalia o mestre.<\/p>\n<p><img loading=\"lazy\" class=\"alignnone size-full wp-image-229939\" src=\"https:\/\/franciscanos.org.br\/noticias\/wp-content\/uploads\/2020\/12\/novicos-840-a.png\" alt=\"\" width=\"1200\" height=\"578\" srcset=\"https:\/\/franciscanos.org.br\/noticias\/wp-content\/uploads\/2020\/12\/novicos-840-a.png 1200w, https:\/\/franciscanos.org.br\/noticias\/wp-content\/uploads\/2020\/12\/novicos-840-a-450x217.png 450w, https:\/\/franciscanos.org.br\/noticias\/wp-content\/uploads\/2020\/12\/novicos-840-a-1024x493.png 1024w, https:\/\/franciscanos.org.br\/noticias\/wp-content\/uploads\/2020\/12\/novicos-840-a-768x370.png 768w, https:\/\/franciscanos.org.br\/noticias\/wp-content\/uploads\/2020\/12\/novicos-840-a-150x72.png 150w\" sizes=\"(max-width: 1200px) 100vw, 1200px\" \/><\/p>\n<p>\u201cNeste ano, considero como verdadeira gra\u00e7a a possibilidade de ter participado do processo de autoconhecimento e entrega deste grupo. Na lida dos desafios pr\u00f3prios da forma\u00e7\u00e3o e deste singular ano, sa\u00edmos todos mais maduros, mais conscientes de nossas potencialidades e limites, mas, certamente, mais convictos do que buscamos e desejamos encontrar\u201d, conclui Frei Rodrigo.<br \/>\nA profiss\u00e3o religiosa na Ordem Franciscana, emitida nas m\u00e3os do Ministro Provincial, Frei C\u00e9sar K\u00fclkamp, faz-se nos seguintes termos: \u201cPara louvor e gl\u00f3ria da Sant\u00edssima Trindade. Eu, Frei N.N. , tendo o Senhor me dado a gra\u00e7a de seguir mais de perto o Evangelho e os passos de nosso Senhor Jesus Cristo, em tuas m\u00e3os, Frei C\u00e9sar K\u00fclkamp, com firme f\u00e9 e vontade, fa\u00e7o voto a Deus, Pai santo e todo-poderoso, de viver por um ano, em obedi\u00eancia, sem nada de pr\u00f3prio e em castidade. Ao mesmo tempo, professo a vida e a regra dos Frades Menores, confirmada pelo Papa Hon\u00f3rio, e prometo observ\u00e1-la fielmente segundo as Constitui\u00e7\u00f5es da Ordem dos Frades Menores. Entrego-me, pois, de todo o cora\u00e7\u00e3o a esta Fraternidade, para que, pela a\u00e7\u00e3o eficaz do Esp\u00edrito Santo, guiado pelo exemplo de Maria Imaculada, por intercess\u00e3o de nosso Pai Francisco e de todos os santos, e com a ajuda fraterna de todos, eu possa tender constantemente para a perfeita caridade, no servi\u00e7o a Deus, \u00e0 Igreja e aos homens\u201d.<\/p>\n<p>Esta \u00e9 a 120\u00aa turma do Noviciado e a segunda do mestre Frei Rodrigo da Silva Santos. Na Ordem Franciscana, os votos simples da profiss\u00e3o tempor\u00e1ria s\u00e3o renovados anualmente at\u00e9 o momento da profiss\u00e3o solene.<\/p>\n<hr \/>\n<p><em>Moacir Beggo<\/em><\/p>\n","protected":false},"excerpt":{"rendered":"<p>Primeira Profiss\u00e3o na Ordem dos Frades Menores<\/p>\n","protected":false},"author":7,"featured_media":230102,"comment_status":"open","ping_status":"open","sticky":false,"template":"","format":"standard","meta":[],"categories":[1],"tags":[],"acf":[],"yoast_head":"<!-- This site is optimized with the Yoast SEO plugin v19.2 - https:\/\/yoast.com\/wordpress\/plugins\/seo\/ -->\n<title>Nesta ter\u00e7a, novi\u00e7os fazem a Primeira Profiss\u00e3o em Rodeio - Not\u00edcias - Franciscanos<\/title>\n<meta name=\"robots\" content=\"index, follow, max-snippet:-1, max-image-preview:large, max-video-preview:-1\" \/>\n<link rel=\"canonical\" href=\"https:\/\/franciscanos.org.br\/noticias\/no-dia-29-novicos-fazem-a-primeira-profissao-em-rodeio.html\" \/>\n<meta property=\"og:locale\" content=\"pt_BR\" \/>\n<meta property=\"og:type\" content=\"article\" \/>\n<meta property=\"og:title\" content=\"Nesta ter\u00e7a, novi\u00e7os fazem a Primeira Profiss\u00e3o em Rodeio - Not\u00edcias - Franciscanos\" \/>\n<meta property=\"og:description\" content=\"Primeira Profiss\u00e3o na Ordem dos Frades Menores\" \/>\n<meta property=\"og:url\" content=\"https:\/\/franciscanos.org.br\/noticias\/no-dia-29-novicos-fazem-a-primeira-profissao-em-rodeio.html\" \/>\n<meta property=\"og:site_name\" content=\"Not\u00edcias - Franciscanos\" \/>\n<meta property=\"article:published_time\" content=\"2020-12-26T10:52:12+00:00\" \/>\n<meta property=\"article:modified_time\" content=\"2020-12-29T00:11:58+00:00\" \/>\n<meta property=\"og:image\" content=\"https:\/\/franciscanos.org.br\/noticias\/wp-content\/uploads\/2020\/12\/rodeio_d.jpg\" \/>\n\t<meta property=\"og:image:width\" content=\"800\" \/>\n\t<meta property=\"og:image:height\" content=\"600\" \/>\n\t<meta property=\"og:image:type\" content=\"image\/jpeg\" \/>\n<meta name=\"author\" content=\"jovenal\" \/>\n<meta name=\"twitter:card\" content=\"summary_large_image\" \/>\n<meta name=\"twitter:label1\" content=\"Escrito por\" \/>\n\t<meta name=\"twitter:data1\" content=\"jovenal\" \/>\n\t<meta name=\"twitter:label2\" content=\"Est. tempo de leitura\" \/>\n\t<meta name=\"twitter:data2\" content=\"3 minutos\" \/>\n<script type=\"application\/ld+json\" class=\"yoast-schema-graph\">{\"@context\":\"https:\/\/schema.org\",\"@graph\":[{\"@type\":\"WebSite\",\"@id\":\"https:\/\/franciscanos.org.br\/noticias\/#website\",\"url\":\"https:\/\/franciscanos.org.br\/noticias\/\",\"name\":\"Not\u00edcias - Franciscanos\",\"description\":\"Prov\u00edncia Franciscana da Imaculada Concei\u00e7\u00e3o do Brasil - Ordem dos Frades Menores - OFM\",\"potentialAction\":[{\"@type\":\"SearchAction\",\"target\":{\"@type\":\"EntryPoint\",\"urlTemplate\":\"https:\/\/franciscanos.org.br\/noticias\/?s={search_term_string}\"},\"query-input\":\"required name=search_term_string\"}],\"inLanguage\":\"pt-BR\"},{\"@type\":\"ImageObject\",\"inLanguage\":\"pt-BR\",\"@id\":\"https:\/\/franciscanos.org.br\/noticias\/no-dia-29-novicos-fazem-a-primeira-profissao-em-rodeio.html#primaryimage\",\"url\":\"https:\/\/franciscanos.org.br\/noticias\/wp-content\/uploads\/2020\/12\/rodeio_d.jpg\",\"contentUrl\":\"https:\/\/franciscanos.org.br\/noticias\/wp-content\/uploads\/2020\/12\/rodeio_d.jpg\",\"width\":800,\"height\":600},{\"@type\":\"WebPage\",\"@id\":\"https:\/\/franciscanos.org.br\/noticias\/no-dia-29-novicos-fazem-a-primeira-profissao-em-rodeio.html#webpage\",\"url\":\"https:\/\/franciscanos.org.br\/noticias\/no-dia-29-novicos-fazem-a-primeira-profissao-em-rodeio.html\",\"name\":\"Nesta ter\u00e7a, novi\u00e7os fazem a Primeira Profiss\u00e3o em Rodeio - Not\u00edcias - Franciscanos\",\"isPartOf\":{\"@id\":\"https:\/\/franciscanos.org.br\/noticias\/#website\"},\"primaryImageOfPage\":{\"@id\":\"https:\/\/franciscanos.org.br\/noticias\/no-dia-29-novicos-fazem-a-primeira-profissao-em-rodeio.html#primaryimage\"},\"datePublished\":\"2020-12-26T10:52:12+00:00\",\"dateModified\":\"2020-12-29T00:11:58+00:00\",\"author\":{\"@id\":\"https:\/\/franciscanos.org.br\/noticias\/#\/schema\/person\/c3a26b08313dd1772495ce300ab257cc\"},\"breadcrumb\":{\"@id\":\"https:\/\/franciscanos.org.br\/noticias\/no-dia-29-novicos-fazem-a-primeira-profissao-em-rodeio.html#breadcrumb\"},\"inLanguage\":\"pt-BR\",\"potentialAction\":[{\"@type\":\"ReadAction\",\"target\":[\"https:\/\/franciscanos.org.br\/noticias\/no-dia-29-novicos-fazem-a-primeira-profissao-em-rodeio.html\"]}]},{\"@type\":\"BreadcrumbList\",\"@id\":\"https:\/\/franciscanos.org.br\/noticias\/no-dia-29-novicos-fazem-a-primeira-profissao-em-rodeio.html#breadcrumb\",\"itemListElement\":[{\"@type\":\"ListItem\",\"position\":1,\"name\":\"Home\",\"item\":\"https:\/\/franciscanos.org.br\/noticias\"},{\"@type\":\"ListItem\",\"position\":2,\"name\":\"Nesta ter\u00e7a, novi\u00e7os fazem a Primeira Profiss\u00e3o em Rodeio\"}]},{\"@type\":\"Person\",\"@id\":\"https:\/\/franciscanos.org.br\/noticias\/#\/schema\/person\/c3a26b08313dd1772495ce300ab257cc\",\"name\":\"jovenal\",\"image\":{\"@type\":\"ImageObject\",\"inLanguage\":\"pt-BR\",\"@id\":\"https:\/\/franciscanos.org.br\/noticias\/#\/schema\/person\/image\/\",\"url\":\"https:\/\/secure.gravatar.com\/avatar\/e94509f531086e2eaf97e72f29ea00f9?s=96&d=mm&r=g\",\"contentUrl\":\"https:\/\/secure.gravatar.com\/avatar\/e94509f531086e2eaf97e72f29ea00f9?s=96&d=mm&r=g\",\"caption\":\"jovenal\"},\"url\":\"https:\/\/franciscanos.org.br\/noticias\/author\/jovenal\"}]}<\/script>\n<!-- \/ Yoast SEO plugin. -->","yoast_head_json":{"title":"Nesta ter\u00e7a, novi\u00e7os fazem a Primeira Profiss\u00e3o em Rodeio - Not\u00edcias - Franciscanos","robots":{"index":"index","follow":"follow","max-snippet":"max-snippet:-1","max-image-preview":"max-image-preview:large","max-video-preview":"max-video-preview:-1"},"canonical":"https:\/\/franciscanos.org.br\/noticias\/no-dia-29-novicos-fazem-a-primeira-profissao-em-rodeio.html","og_locale":"pt_BR","og_type":"article","og_title":"Nesta ter\u00e7a, novi\u00e7os fazem a Primeira Profiss\u00e3o em Rodeio - Not\u00edcias - Franciscanos","og_description":"Primeira Profiss\u00e3o na Ordem dos Frades Menores","og_url":"https:\/\/franciscanos.org.br\/noticias\/no-dia-29-novicos-fazem-a-primeira-profissao-em-rodeio.html","og_site_name":"Not\u00edcias - Franciscanos","article_published_time":"2020-12-26T10:52:12+00:00","article_modified_time":"2020-12-29T00:11:58+00:00","og_image":[{"width":800,"height":600,"url":"https:\/\/franciscanos.org.br\/noticias\/wp-content\/uploads\/2020\/12\/rodeio_d.jpg","type":"image\/jpeg"}],"author":"jovenal","twitter_card":"summary_large_image","twitter_misc":{"Escrito por":"jovenal","Est. tempo de leitura":"3 minutos"},"schema":{"@context":"https:\/\/schema.org","@graph":[{"@type":"WebSite","@id":"https:\/\/franciscanos.org.br\/noticias\/#website","url":"https:\/\/franciscanos.org.br\/noticias\/","name":"Not\u00edcias - Franciscanos","description":"Prov\u00edncia Franciscana da Imaculada Concei\u00e7\u00e3o do Brasil - Ordem dos Frades Menores - OFM","potentialAction":[{"@type":"SearchAction","target":{"@type":"EntryPoint","urlTemplate":"https:\/\/franciscanos.org.br\/noticias\/?s={search_term_string}"},"query-input":"required name=search_term_string"}],"inLanguage":"pt-BR"},{"@type":"ImageObject","inLanguage":"pt-BR","@id":"https:\/\/franciscanos.org.br\/noticias\/no-dia-29-novicos-fazem-a-primeira-profissao-em-rodeio.html#primaryimage","url":"https:\/\/franciscanos.org.br\/noticias\/wp-content\/uploads\/2020\/12\/rodeio_d.jpg","contentUrl":"https:\/\/franciscanos.org.br\/noticias\/wp-content\/uploads\/2020\/12\/rodeio_d.jpg","width":800,"height":600},{"@type":"WebPage","@id":"https:\/\/franciscanos.org.br\/noticias\/no-dia-29-novicos-fazem-a-primeira-profissao-em-rodeio.html#webpage","url":"https:\/\/franciscanos.org.br\/noticias\/no-dia-29-novicos-fazem-a-primeira-profissao-em-rodeio.html","name":"Nesta ter\u00e7a, novi\u00e7os fazem a Primeira Profiss\u00e3o em Rodeio - Not\u00edcias - Franciscanos","isPartOf":{"@id":"https:\/\/franciscanos.org.br\/noticias\/#website"},"primaryImageOfPage":{"@id":"https:\/\/franciscanos.org.br\/noticias\/no-dia-29-novicos-fazem-a-primeira-profissao-em-rodeio.html#primaryimage"},"datePublished":"2020-12-26T10:52:12+00:00","dateModified":"2020-12-29T00:11:58+00:00","author":{"@id":"https:\/\/franciscanos.org.br\/noticias\/#\/schema\/person\/c3a26b08313dd1772495ce300ab257cc"},"breadcrumb":{"@id":"https:\/\/franciscanos.org.br\/noticias\/no-dia-29-novicos-fazem-a-primeira-profissao-em-rodeio.html#breadcrumb"},"inLanguage":"pt-BR","potentialAction":[{"@type":"ReadAction","target":["https:\/\/franciscanos.org.br\/noticias\/no-dia-29-novicos-fazem-a-primeira-profissao-em-rodeio.html"]}]},{"@type":"BreadcrumbList","@id":"https:\/\/franciscanos.org.br\/noticias\/no-dia-29-novicos-fazem-a-primeira-profissao-em-rodeio.html#breadcrumb","itemListElement":[{"@type":"ListItem","position":1,"name":"Home","item":"https:\/\/franciscanos.org.br\/noticias"},{"@type":"ListItem","position":2,"name":"Nesta ter\u00e7a, novi\u00e7os fazem a Primeira Profiss\u00e3o em Rodeio"}]},{"@type":"Person","@id":"https:\/\/franciscanos.org.br\/noticias\/#\/schema\/person\/c3a26b08313dd1772495ce300ab257cc","name":"jovenal","image":{"@type":"ImageObject","inLanguage":"pt-BR","@id":"https:\/\/franciscanos.org.br\/noticias\/#\/schema\/person\/image\/","url":"https:\/\/secure.gravatar.com\/avatar\/e94509f531086e2eaf97e72f29ea00f9?s=96&d=mm&r=g","contentUrl":"https:\/\/secure.gravatar.com\/avatar\/e94509f531086e2eaf97e72f29ea00f9?s=96&d=mm&r=g","caption":"jovenal"},"url":"https:\/\/franciscanos.org.br\/noticias\/author\/jovenal"}]}},"_links":{"self":[{"href":"https:\/\/franciscanos.org.br\/noticias\/wp-json\/wp\/v2\/posts\/229935"}],"collection":[{"href":"https:\/\/franciscanos.org.br\/noticias\/wp-json\/wp\/v2\/posts"}],"about":[{"href":"https:\/\/franciscanos.org.br\/noticias\/wp-json\/wp\/v2\/types\/post"}],"author":[{"embeddable":true,"href":"https:\/\/franciscanos.org.br\/noticias\/wp-json\/wp\/v2\/users\/7"}],"replies":[{"embeddable":true,"href":"https:\/\/franciscanos.org.br\/noticias\/wp-json\/wp\/v2\/comments?post=229935"}],"version-history":[{"count":5,"href":"https:\/\/franciscanos.org.br\/noticias\/wp-json\/wp\/v2\/posts\/229935\/revisions"}],"predecessor-version":[{"id":230127,"href":"https:\/\/franciscanos.org.br\/noticias\/wp-json\/wp\/v2\/posts\/229935\/revisions\/230127"}],"wp:featuredmedia":[{"embeddable":true,"href":"https:\/\/franciscanos.org.br\/noticias\/wp-json\/wp\/v2\/media\/230102"}],"wp:attachment":[{"href":"https:\/\/franciscanos.org.br\/noticias\/wp-json\/wp\/v2\/media?parent=229935"}],"wp:term":[{"taxonomy":"category","embeddable":true,"href":"https:\/\/franciscanos.org.br\/noticias\/wp-json\/wp\/v2\/categories?post=229935"},{"taxonomy":"post_tag","embeddable":true,"href":"https:\/\/franciscanos.org.br\/noticias\/wp-json\/wp\/v2\/tags?post=229935"}],"curies":[{"name":"wp","href":"https:\/\/api.w.org\/{rel}","templated":true}]}}