{"id":229927,"date":"2020-12-18T00:19:35","date_gmt":"2020-12-18T03:19:35","guid":{"rendered":"https:\/\/franciscanos.org.br\/noticias\/?p=229927"},"modified":"2020-12-18T10:24:18","modified_gmt":"2020-12-18T13:24:18","slug":"festa-da-penha-2021-mantera-formato-virtual-e-interativo","status":"publish","type":"post","link":"https:\/\/franciscanos.org.br\/noticias\/festa-da-penha-2021-mantera-formato-virtual-e-interativo.html","title":{"rendered":"Festa da Penha 2021 manter\u00e1 formato virtual e interativo"},"content":{"rendered":"<div class=\"elementor-element elementor-element-2ad489a elementor-widget elementor-widget-theme-post-featured-image elementor-widget-image\" data-id=\"2ad489a\" data-element_type=\"widget\" data-widget_type=\"theme-post-featured-image.default\">\n<div class=\"elementor-widget-container\">\n<div class=\"elementor-image\">\n<figure class=\"wp-caption\"><img loading=\"lazy\" class=\"attachment-large size-large\" src=\"https:\/\/cdn.conventodapenha.org.br\/wp-content\/uploads\/2020\/12\/11213913\/CAPA-DE-MATERIA-Festa-da-Penha-2021-e1607733648767-1024x594.png\" sizes=\"(max-width: 800px) 100vw, 800px\" srcset=\"https:\/\/cdn.conventodapenha.org.br\/wp-content\/uploads\/2020\/12\/11213913\/CAPA-DE-MATERIA-Festa-da-Penha-2021-e1607733648767-1024x594.png 1024w, https:\/\/cdn.conventodapenha.org.br\/wp-content\/uploads\/2020\/12\/11213913\/CAPA-DE-MATERIA-Festa-da-Penha-2021-e1607733648767-300x174.png 300w, https:\/\/cdn.conventodapenha.org.br\/wp-content\/uploads\/2020\/12\/11213913\/CAPA-DE-MATERIA-Festa-da-Penha-2021-e1607733648767-768x445.png 768w, https:\/\/cdn.conventodapenha.org.br\/wp-content\/uploads\/2020\/12\/11213913\/CAPA-DE-MATERIA-Festa-da-Penha-2021-e1607733648767.png 1500w\" alt=\"\" width=\"800\" height=\"464\" \/><figcaption class=\"widget-image-caption wp-caption-text\"><\/figcaption><\/figure>\n<\/div>\n<\/div>\n<\/div>\n<div class=\"elementor-element elementor-element-16e558a elementor-widget elementor-widget-theme-post-content\" data-id=\"16e558a\" data-element_type=\"widget\" data-widget_type=\"theme-post-content.default\">\n<div class=\"elementor-widget-container\">\n<p>A pr\u00f3xima edi\u00e7\u00e3o da Festa da Penha, que acontecer\u00e1 entre os dias 4 e 12 de abril de 2021, seguir\u00e1 mantendo os cuidados por causa da pandemia do novo coronav\u00edrus. A organiza\u00e7\u00e3o anunciou, no dia 11 de dezembro, que ir\u00e1 realizar eventos na programa\u00e7\u00e3o para um n\u00famero reduzido de pessoas, conforme avalia\u00e7\u00e3o das autoridades de sa\u00fade \u00e0 \u00e9poca. Assim como tamb\u00e9m manter\u00e1 o formato virtual e interativo, iniciado na \u00faltima edi\u00e7\u00e3o da Festa.<\/p>\n<p>\u201cSabemos que os tempos atuais n\u00e3o favorecem planejamento a longo e m\u00e9dio prazos, por\u00e9m n\u00e3o se pode descuidar da necess\u00e1ria organiza\u00e7\u00e3o da maior festa religiosa do Esp\u00edrito Santo e uma das tr\u00eas principais festas marianas do Brasil. Por isso, reunimos\u00a0 parceiros, apoiadores e imprensa para anunciar nossos primeiros passos para o evento\u201d, disse Frei Paulo Roberto Pereira, Guardi\u00e3o do Convento.<\/p>\n<p><img loading=\"lazy\" class=\"aligncenter size-full wp-image-99187\" src=\"https:\/\/cdn.conventodapenha.org.br\/wp-content\/uploads\/2020\/12\/11211051\/WhatsApp-Image-2020-12-11-at-11.14.27.jpeg\" sizes=\"(max-width: 1280px) 100vw, 1280px\" srcset=\"https:\/\/cdn.conventodapenha.org.br\/wp-content\/uploads\/2020\/12\/11211051\/WhatsApp-Image-2020-12-11-at-11.14.27.jpeg 1280w, https:\/\/cdn.conventodapenha.org.br\/wp-content\/uploads\/2020\/12\/11211051\/WhatsApp-Image-2020-12-11-at-11.14.27-300x146.jpeg 300w, https:\/\/cdn.conventodapenha.org.br\/wp-content\/uploads\/2020\/12\/11211051\/WhatsApp-Image-2020-12-11-at-11.14.27-1024x497.jpeg 1024w, https:\/\/cdn.conventodapenha.org.br\/wp-content\/uploads\/2020\/12\/11211051\/WhatsApp-Image-2020-12-11-at-11.14.27-768x373.jpeg 768w\" alt=\"\" width=\"1280\" height=\"621\" \/><\/p>\n<p>Para a pr\u00f3xima edi\u00e7\u00e3o, o formato virtual e interativo ser\u00e1 privilegiado, havendo atividades presenciais em n\u00famero reduzido e conforme avalia\u00e7\u00e3o das autoridades de sa\u00fade \u00e0 \u00e9poca da Festa.<\/p>\n<p>O guardi\u00e3o explicou que, entre as atividades virtuais e interativas, ser\u00e1 mantido diariamente o Programa \u201cSalve M\u00e3e das Alegrias\u201d, ao vivo, com not\u00edcias, entrevistas e variedades, em um formato inovador, mas com marca da devo\u00e7\u00e3o expressiva capixaba. A Recita\u00e7\u00e3o do Ter\u00e7o e a Consagra\u00e7\u00e3o \u00e0 Nossa Senhora tamb\u00e9m ser\u00e3o realizadas diariamente em formato <em>on-line<\/em> pelas redes sociais, assim como as celebra\u00e7\u00f5es da Eucaristia e transmiss\u00f5es das missas vespertinas.<\/p>\n<p>\u201cJ\u00e1 as atividades presenciais, como a abertura do Oitav\u00e1rio e a Missa de Encerramento, entre outras, acontecer\u00e3o com controle de p\u00fablico, em n\u00famero de participa\u00e7\u00e3o conforme orienta\u00e7\u00e3o das autoridades sanit\u00e1rias. Mas toda a programa\u00e7\u00e3o, inclusive a que tiver p\u00fablico, ser\u00e1 transmitida em nossas redes e nos canais dos ve\u00edculos de comunica\u00e7\u00e3o parceiros do evento\u201d, destaca Frei Paulo.<\/p>\n<p>O frade garantiu ainda que a festividade da Padroeira do Esp\u00edrito Santo n\u00e3o deixar\u00e1 de ser um momento marcante para a f\u00e9 cat\u00f3lica, pelo contr\u00e1rio, ser\u00e1 ocasi\u00e3o ainda mais oportuna para elevar a prece, a s\u00faplica pelo fim da pandemia, atrav\u00e9s da intercess\u00e3o de Nossa Senhora da Penha. Segundo ele, \u201cainda \u00e9 tempo de cuidar, ainda \u00e9 momento de espalharmos o cuidado, sobretudo por todos os que est\u00e3o sofrendo com essa doen\u00e7a\u201d.<\/p>\n<p><strong>Imagem L\u00fadica<\/strong><\/p>\n<p>Outra novidade \u00e9 a presen\u00e7a da imagem de Nossa Senhora da Penha mais l\u00fadica, elaborada para estar presente nas pe\u00e7as de comunica\u00e7\u00e3o alusivas \u00e0 Festa com a finalidade de criar empatia com o p\u00fablico de todas as idades, em especial os mais jovens.<\/p>\n<p><img loading=\"lazy\" class=\"aligncenter wp-image-99188\" src=\"https:\/\/cdn.conventodapenha.org.br\/wp-content\/uploads\/2020\/12\/11213829\/Imagem-ludica.png\" sizes=\"(max-width: 751px) 100vw, 751px\" srcset=\"https:\/\/cdn.conventodapenha.org.br\/wp-content\/uploads\/2020\/12\/11213829\/Imagem-ludica.png 1920w, https:\/\/cdn.conventodapenha.org.br\/wp-content\/uploads\/2020\/12\/11213829\/Imagem-ludica-300x169.png 300w, https:\/\/cdn.conventodapenha.org.br\/wp-content\/uploads\/2020\/12\/11213829\/Imagem-ludica-1024x576.png 1024w, https:\/\/cdn.conventodapenha.org.br\/wp-content\/uploads\/2020\/12\/11213829\/Imagem-ludica-768x432.png 768w, https:\/\/cdn.conventodapenha.org.br\/wp-content\/uploads\/2020\/12\/11213829\/Imagem-ludica-1536x864.png 1536w\" alt=\"\" width=\"751\" height=\"422\" \/><\/p>\n<p><b>Tema remete ao uso das m\u00e1scaras<\/b><\/p>\n<p>O tema da Festa da Penha 2021 \u00e9\u00a0<strong>\u201cVosso olhar a n\u00f3s Volvei\u201d<\/strong>, em alus\u00e3o ao canto tradicional da devo\u00e7\u00e3o Mariana e ao poder do olhar misericordioso de Nossa Senhora sobre nosso povo.<\/p>\n<p>A escolha, segundo Frei Paulo, se faz prop\u00edcia no cen\u00e1rio atual, em que devemos renovar os votos de f\u00e9 para que nossa Padroeira interceda por n\u00f3s. Mas tamb\u00e9m tem outro significado nesse per\u00edodo de pandemia.<\/p>\n<p>Em tempos de rosto coberto pela m\u00e1scara, sinal de cuidado e preven\u00e7\u00e3o, o olhar adquire relev\u00e2ncia especial. Neste \u201cnovo normal\u201d, mascarado e com distanciamento, os olhos refor\u00e7am sua miss\u00e3o pr\u00f3pria de serem o \u201cespelho da alma\u201d e, atrav\u00e9s deles, as pessoas aprendem a sorrir, a acolher, a cumprimentar, a abra\u00e7ar, a demonstrar afeto e aten\u00e7\u00e3o.<\/p>\n<p>\u201cOs olhos s\u00e3o provocados a abandonar a cultura da indiferen\u00e7a e da invisibilidade para se tornarem caminho de encontro, comunh\u00e3o e aproxima\u00e7\u00e3o entre as pessoas. O olhar de Nossa Senhora em seus diversos ensinamentos tamb\u00e9m estar\u00e1 presente nos temas escolhidos para o Oitav\u00e1rio durante os dias de homenagens \u00e0 Padroeira\u201d, adianta.<\/p>\n<p><img loading=\"lazy\" class=\"aligncenter wp-image-99189\" src=\"https:\/\/cdn.conventodapenha.org.br\/wp-content\/uploads\/2020\/12\/11213856\/Tema-2021.png\" sizes=\"(max-width: 751px) 100vw, 751px\" srcset=\"https:\/\/cdn.conventodapenha.org.br\/wp-content\/uploads\/2020\/12\/11213856\/Tema-2021.png 1920w, https:\/\/cdn.conventodapenha.org.br\/wp-content\/uploads\/2020\/12\/11213856\/Tema-2021-300x169.png 300w, https:\/\/cdn.conventodapenha.org.br\/wp-content\/uploads\/2020\/12\/11213856\/Tema-2021-1024x576.png 1024w, https:\/\/cdn.conventodapenha.org.br\/wp-content\/uploads\/2020\/12\/11213856\/Tema-2021-768x432.png 768w, https:\/\/cdn.conventodapenha.org.br\/wp-content\/uploads\/2020\/12\/11213856\/Tema-2021-1536x864.png 1536w\" alt=\"\" width=\"751\" height=\"422\" \/><\/p>\n<p>Para o Secret\u00e1rio de Evangeliza\u00e7\u00e3o e Vig\u00e1rio Provincial da Prov\u00edncia Franciscana da Imaculada Concei\u00e7\u00e3o do Brasil (uma das institui\u00e7\u00f5es respons\u00e1veis pela realiza\u00e7\u00e3o da Festa), Frei Gustavo Wayand Medella, as festividades de Nossa Senhora da Penha ter\u00e3o a identidade do olhar como caracter\u00edstica, \u201cj\u00e1 que estamos todos mascarados, tivemos que aprender a abra\u00e7ar com o olhar, a sorrir com o olhar. Um olhar diferente, um olhar de recome\u00e7o, por isso a tem\u00e1tica do olhar para a Festa da Penha no ano que vem, um olhar de ternura e compaix\u00e3o\u201d, destaca.<\/p>\n<hr \/>\n<p><em>Veja mais no site do Convento da Penha &#8211; <a href=\"http:\/\/www.conventodapenha.org.br\">www.conventodapenha.org.br<\/a><\/em><\/p>\n<\/div>\n<\/div>\n","protected":false},"excerpt":{"rendered":"<p>Festa da Penha<\/p>\n","protected":false},"author":3,"featured_media":229928,"comment_status":"open","ping_status":"open","sticky":false,"template":"","format":"standard","meta":[],"categories":[1],"tags":[245],"acf":[],"yoast_head":"<!-- This site is optimized with the Yoast SEO plugin v19.2 - https:\/\/yoast.com\/wordpress\/plugins\/seo\/ -->\n<title>Festa da Penha 2021 manter\u00e1 formato virtual e interativo - Not\u00edcias - Franciscanos<\/title>\n<meta name=\"robots\" content=\"index, follow, max-snippet:-1, max-image-preview:large, max-video-preview:-1\" \/>\n<link rel=\"canonical\" href=\"https:\/\/franciscanos.org.br\/noticias\/festa-da-penha-2021-mantera-formato-virtual-e-interativo.html\" \/>\n<meta property=\"og:locale\" content=\"pt_BR\" \/>\n<meta property=\"og:type\" content=\"article\" \/>\n<meta property=\"og:title\" content=\"Festa da Penha 2021 manter\u00e1 formato virtual e interativo - Not\u00edcias - Franciscanos\" \/>\n<meta property=\"og:description\" content=\"Festa da Penha\" \/>\n<meta property=\"og:url\" content=\"https:\/\/franciscanos.org.br\/noticias\/festa-da-penha-2021-mantera-formato-virtual-e-interativo.html\" \/>\n<meta property=\"og:site_name\" content=\"Not\u00edcias - Franciscanos\" \/>\n<meta property=\"article:published_time\" content=\"2020-12-18T03:19:35+00:00\" \/>\n<meta property=\"article:modified_time\" content=\"2020-12-18T13:24:18+00:00\" \/>\n<meta property=\"og:image\" content=\"https:\/\/franciscanos.org.br\/noticias\/wp-content\/uploads\/2020\/12\/festa_penha1812.jpg\" \/>\n\t<meta property=\"og:image:width\" content=\"800\" \/>\n\t<meta property=\"og:image:height\" content=\"600\" \/>\n\t<meta property=\"og:image:type\" content=\"image\/jpeg\" \/>\n<meta name=\"author\" content=\"moacir\" \/>\n<meta name=\"twitter:card\" content=\"summary_large_image\" \/>\n<meta name=\"twitter:label1\" content=\"Escrito por\" \/>\n\t<meta name=\"twitter:data1\" content=\"moacir\" \/>\n\t<meta name=\"twitter:label2\" content=\"Est. tempo de leitura\" \/>\n\t<meta name=\"twitter:data2\" content=\"4 minutos\" \/>\n<script type=\"application\/ld+json\" class=\"yoast-schema-graph\">{\"@context\":\"https:\/\/schema.org\",\"@graph\":[{\"@type\":\"WebSite\",\"@id\":\"https:\/\/franciscanos.org.br\/noticias\/#website\",\"url\":\"https:\/\/franciscanos.org.br\/noticias\/\",\"name\":\"Not\u00edcias - Franciscanos\",\"description\":\"Prov\u00edncia Franciscana da Imaculada Concei\u00e7\u00e3o do Brasil - Ordem dos Frades Menores - OFM\",\"potentialAction\":[{\"@type\":\"SearchAction\",\"target\":{\"@type\":\"EntryPoint\",\"urlTemplate\":\"https:\/\/franciscanos.org.br\/noticias\/?s={search_term_string}\"},\"query-input\":\"required name=search_term_string\"}],\"inLanguage\":\"pt-BR\"},{\"@type\":\"ImageObject\",\"inLanguage\":\"pt-BR\",\"@id\":\"https:\/\/franciscanos.org.br\/noticias\/festa-da-penha-2021-mantera-formato-virtual-e-interativo.html#primaryimage\",\"url\":\"https:\/\/franciscanos.org.br\/noticias\/wp-content\/uploads\/2020\/12\/festa_penha1812.jpg\",\"contentUrl\":\"https:\/\/franciscanos.org.br\/noticias\/wp-content\/uploads\/2020\/12\/festa_penha1812.jpg\",\"width\":800,\"height\":600},{\"@type\":\"WebPage\",\"@id\":\"https:\/\/franciscanos.org.br\/noticias\/festa-da-penha-2021-mantera-formato-virtual-e-interativo.html#webpage\",\"url\":\"https:\/\/franciscanos.org.br\/noticias\/festa-da-penha-2021-mantera-formato-virtual-e-interativo.html\",\"name\":\"Festa da Penha 2021 manter\u00e1 formato virtual e interativo - Not\u00edcias - Franciscanos\",\"isPartOf\":{\"@id\":\"https:\/\/franciscanos.org.br\/noticias\/#website\"},\"primaryImageOfPage\":{\"@id\":\"https:\/\/franciscanos.org.br\/noticias\/festa-da-penha-2021-mantera-formato-virtual-e-interativo.html#primaryimage\"},\"datePublished\":\"2020-12-18T03:19:35+00:00\",\"dateModified\":\"2020-12-18T13:24:18+00:00\",\"author\":{\"@id\":\"https:\/\/franciscanos.org.br\/noticias\/#\/schema\/person\/b5c8cba458c330ccff548b056e95a5d4\"},\"breadcrumb\":{\"@id\":\"https:\/\/franciscanos.org.br\/noticias\/festa-da-penha-2021-mantera-formato-virtual-e-interativo.html#breadcrumb\"},\"inLanguage\":\"pt-BR\",\"potentialAction\":[{\"@type\":\"ReadAction\",\"target\":[\"https:\/\/franciscanos.org.br\/noticias\/festa-da-penha-2021-mantera-formato-virtual-e-interativo.html\"]}]},{\"@type\":\"BreadcrumbList\",\"@id\":\"https:\/\/franciscanos.org.br\/noticias\/festa-da-penha-2021-mantera-formato-virtual-e-interativo.html#breadcrumb\",\"itemListElement\":[{\"@type\":\"ListItem\",\"position\":1,\"name\":\"Home\",\"item\":\"https:\/\/franciscanos.org.br\/noticias\"},{\"@type\":\"ListItem\",\"position\":2,\"name\":\"Festa da Penha 2021 manter\u00e1 formato virtual e interativo\"}]},{\"@type\":\"Person\",\"@id\":\"https:\/\/franciscanos.org.br\/noticias\/#\/schema\/person\/b5c8cba458c330ccff548b056e95a5d4\",\"name\":\"moacir\",\"image\":{\"@type\":\"ImageObject\",\"inLanguage\":\"pt-BR\",\"@id\":\"https:\/\/franciscanos.org.br\/noticias\/#\/schema\/person\/image\/\",\"url\":\"https:\/\/secure.gravatar.com\/avatar\/d08aa2ce4c8dd416d4479aa8536fcf64?s=96&d=mm&r=g\",\"contentUrl\":\"https:\/\/secure.gravatar.com\/avatar\/d08aa2ce4c8dd416d4479aa8536fcf64?s=96&d=mm&r=g\",\"caption\":\"moacir\"},\"url\":\"https:\/\/franciscanos.org.br\/noticias\/author\/moacir\"}]}<\/script>\n<!-- \/ Yoast SEO plugin. -->","yoast_head_json":{"title":"Festa da Penha 2021 manter\u00e1 formato virtual e interativo - Not\u00edcias - Franciscanos","robots":{"index":"index","follow":"follow","max-snippet":"max-snippet:-1","max-image-preview":"max-image-preview:large","max-video-preview":"max-video-preview:-1"},"canonical":"https:\/\/franciscanos.org.br\/noticias\/festa-da-penha-2021-mantera-formato-virtual-e-interativo.html","og_locale":"pt_BR","og_type":"article","og_title":"Festa da Penha 2021 manter\u00e1 formato virtual e interativo - Not\u00edcias - Franciscanos","og_description":"Festa da Penha","og_url":"https:\/\/franciscanos.org.br\/noticias\/festa-da-penha-2021-mantera-formato-virtual-e-interativo.html","og_site_name":"Not\u00edcias - Franciscanos","article_published_time":"2020-12-18T03:19:35+00:00","article_modified_time":"2020-12-18T13:24:18+00:00","og_image":[{"width":800,"height":600,"url":"https:\/\/franciscanos.org.br\/noticias\/wp-content\/uploads\/2020\/12\/festa_penha1812.jpg","type":"image\/jpeg"}],"author":"moacir","twitter_card":"summary_large_image","twitter_misc":{"Escrito por":"moacir","Est. tempo de leitura":"4 minutos"},"schema":{"@context":"https:\/\/schema.org","@graph":[{"@type":"WebSite","@id":"https:\/\/franciscanos.org.br\/noticias\/#website","url":"https:\/\/franciscanos.org.br\/noticias\/","name":"Not\u00edcias - Franciscanos","description":"Prov\u00edncia Franciscana da Imaculada Concei\u00e7\u00e3o do Brasil - Ordem dos Frades Menores - OFM","potentialAction":[{"@type":"SearchAction","target":{"@type":"EntryPoint","urlTemplate":"https:\/\/franciscanos.org.br\/noticias\/?s={search_term_string}"},"query-input":"required name=search_term_string"}],"inLanguage":"pt-BR"},{"@type":"ImageObject","inLanguage":"pt-BR","@id":"https:\/\/franciscanos.org.br\/noticias\/festa-da-penha-2021-mantera-formato-virtual-e-interativo.html#primaryimage","url":"https:\/\/franciscanos.org.br\/noticias\/wp-content\/uploads\/2020\/12\/festa_penha1812.jpg","contentUrl":"https:\/\/franciscanos.org.br\/noticias\/wp-content\/uploads\/2020\/12\/festa_penha1812.jpg","width":800,"height":600},{"@type":"WebPage","@id":"https:\/\/franciscanos.org.br\/noticias\/festa-da-penha-2021-mantera-formato-virtual-e-interativo.html#webpage","url":"https:\/\/franciscanos.org.br\/noticias\/festa-da-penha-2021-mantera-formato-virtual-e-interativo.html","name":"Festa da Penha 2021 manter\u00e1 formato virtual e interativo - Not\u00edcias - Franciscanos","isPartOf":{"@id":"https:\/\/franciscanos.org.br\/noticias\/#website"},"primaryImageOfPage":{"@id":"https:\/\/franciscanos.org.br\/noticias\/festa-da-penha-2021-mantera-formato-virtual-e-interativo.html#primaryimage"},"datePublished":"2020-12-18T03:19:35+00:00","dateModified":"2020-12-18T13:24:18+00:00","author":{"@id":"https:\/\/franciscanos.org.br\/noticias\/#\/schema\/person\/b5c8cba458c330ccff548b056e95a5d4"},"breadcrumb":{"@id":"https:\/\/franciscanos.org.br\/noticias\/festa-da-penha-2021-mantera-formato-virtual-e-interativo.html#breadcrumb"},"inLanguage":"pt-BR","potentialAction":[{"@type":"ReadAction","target":["https:\/\/franciscanos.org.br\/noticias\/festa-da-penha-2021-mantera-formato-virtual-e-interativo.html"]}]},{"@type":"BreadcrumbList","@id":"https:\/\/franciscanos.org.br\/noticias\/festa-da-penha-2021-mantera-formato-virtual-e-interativo.html#breadcrumb","itemListElement":[{"@type":"ListItem","position":1,"name":"Home","item":"https:\/\/franciscanos.org.br\/noticias"},{"@type":"ListItem","position":2,"name":"Festa da Penha 2021 manter\u00e1 formato virtual e interativo"}]},{"@type":"Person","@id":"https:\/\/franciscanos.org.br\/noticias\/#\/schema\/person\/b5c8cba458c330ccff548b056e95a5d4","name":"moacir","image":{"@type":"ImageObject","inLanguage":"pt-BR","@id":"https:\/\/franciscanos.org.br\/noticias\/#\/schema\/person\/image\/","url":"https:\/\/secure.gravatar.com\/avatar\/d08aa2ce4c8dd416d4479aa8536fcf64?s=96&d=mm&r=g","contentUrl":"https:\/\/secure.gravatar.com\/avatar\/d08aa2ce4c8dd416d4479aa8536fcf64?s=96&d=mm&r=g","caption":"moacir"},"url":"https:\/\/franciscanos.org.br\/noticias\/author\/moacir"}]}},"_links":{"self":[{"href":"https:\/\/franciscanos.org.br\/noticias\/wp-json\/wp\/v2\/posts\/229927"}],"collection":[{"href":"https:\/\/franciscanos.org.br\/noticias\/wp-json\/wp\/v2\/posts"}],"about":[{"href":"https:\/\/franciscanos.org.br\/noticias\/wp-json\/wp\/v2\/types\/post"}],"author":[{"embeddable":true,"href":"https:\/\/franciscanos.org.br\/noticias\/wp-json\/wp\/v2\/users\/3"}],"replies":[{"embeddable":true,"href":"https:\/\/franciscanos.org.br\/noticias\/wp-json\/wp\/v2\/comments?post=229927"}],"version-history":[{"count":5,"href":"https:\/\/franciscanos.org.br\/noticias\/wp-json\/wp\/v2\/posts\/229927\/revisions"}],"predecessor-version":[{"id":229933,"href":"https:\/\/franciscanos.org.br\/noticias\/wp-json\/wp\/v2\/posts\/229927\/revisions\/229933"}],"wp:featuredmedia":[{"embeddable":true,"href":"https:\/\/franciscanos.org.br\/noticias\/wp-json\/wp\/v2\/media\/229928"}],"wp:attachment":[{"href":"https:\/\/franciscanos.org.br\/noticias\/wp-json\/wp\/v2\/media?parent=229927"}],"wp:term":[{"taxonomy":"category","embeddable":true,"href":"https:\/\/franciscanos.org.br\/noticias\/wp-json\/wp\/v2\/categories?post=229927"},{"taxonomy":"post_tag","embeddable":true,"href":"https:\/\/franciscanos.org.br\/noticias\/wp-json\/wp\/v2\/tags?post=229927"}],"curies":[{"name":"wp","href":"https:\/\/api.w.org\/{rel}","templated":true}]}}