{"id":229877,"date":"2020-12-14T10:13:25","date_gmt":"2020-12-14T13:13:25","guid":{"rendered":"https:\/\/franciscanos.org.br\/noticias\/?p=229877"},"modified":"2020-12-14T10:13:25","modified_gmt":"2020-12-14T13:13:25","slug":"a-forca-do-comeco-novo-livro-de-anselm-grun","status":"publish","type":"post","link":"https:\/\/franciscanos.org.br\/noticias\/a-forca-do-comeco-novo-livro-de-anselm-grun.html","title":{"rendered":"&#8220;A for\u00e7a do come\u00e7o&#8221;, novo livro de Anselm Gr\u00fcn"},"content":{"rendered":"<p><img loading=\"lazy\" class=\"alignnone wp-image-229878 size-full\" src=\"https:\/\/franciscanos.org.br\/noticias\/wp-content\/uploads\/2020\/12\/anselm_02.jpg\" alt=\"\" width=\"1280\" height=\"720\" srcset=\"https:\/\/franciscanos.org.br\/noticias\/wp-content\/uploads\/2020\/12\/anselm_02.jpg 1280w, https:\/\/franciscanos.org.br\/noticias\/wp-content\/uploads\/2020\/12\/anselm_02-450x253.jpg 450w, https:\/\/franciscanos.org.br\/noticias\/wp-content\/uploads\/2020\/12\/anselm_02-1024x576.jpg 1024w, https:\/\/franciscanos.org.br\/noticias\/wp-content\/uploads\/2020\/12\/anselm_02-768x432.jpg 768w, https:\/\/franciscanos.org.br\/noticias\/wp-content\/uploads\/2020\/12\/anselm_02-150x84.jpg 150w\" sizes=\"(max-width: 1280px) 100vw, 1280px\" \/><\/p>\n<p>O livro traz a reflex\u00e3o do Evangelho de Lucas e dos Atos dos Ap\u00f3stolos, abordando a maneira como o evangelista v\u00ea a obra e os ensinamentos de Jesus. Nas narrativas dos Atos dos Ap\u00f3stolos, Lucas mostra como entende e o que \u00e9 essencial em Jesus;\u00a0 O mesmo\u00a0 v\u00ea a atua\u00e7\u00e3o do mestre ap\u00f3s a morte e ressurrei\u00e7\u00e3o. Lucas entende a atua\u00e7\u00e3o de Jesus n\u00e3o s\u00f3 naquele tempo, mas ainda hoje.<\/p>\n<p>Nos Atos dos Ap\u00f3stolos Lucas pinta o quadro de uma nova humanidade. Descreve a luta dos ap\u00f3stolos por uma nova imagem do ser humano, uma imagem que concretiza tanto a sabedoria judaica quanto a sabedoria grega. S\u00e3o imagens de uma espiritualidade libertadora.<\/p>\n<p>Valendo-se de argumentos te\u00f3ricos Lucas dificilmente teria podido transmitir com credibilidade a grande efic\u00e1cia da proclama\u00e7\u00e3o de Jesus diante do poder estatal, diante dos representantes da cultura grega e diante do culto aos deuses gregos. Isso s\u00f3 se consegue fazer por meio de hist\u00f3rias marcantes.\u00a0 Ele tinha um senso para saber quais eram as hist\u00f3rias mais adequadas para descrever a ess\u00eancia do que \u00e9 ser crist\u00e3o.<\/p>\n<p>No entanto, Lucas n\u00e3o s\u00f3 narrou as a\u00e7\u00f5es com discursos, mas os adaptou muito bem aos respectivos ouvintes. Usou uma l\u00edngua popular de f\u00e1cil acesso \u00e0 popula\u00e7\u00e3o da \u00e9poca. Recorreu a cita\u00e7\u00f5es da literatura e filosofia gregas. Ele quis mostrar que a mensagem crist\u00e3 \u00e9 o cumprimento da filosofia grega. Para os gregos, o mais importante era a gn\u00f4sis, o conhecimento.<\/p>\n<p>Anselm Gr\u00fcn explica algumas narrativas dos Atos dos Ap\u00f3stolos de tal maneira que, se tornem para\u00a0 ele imagens de uma espiritualidade crist\u00e3 e imagens da individua\u00e7\u00e3o humana, e tamb\u00e9m apontem maneiras pelas quais se pode anunciar nossa f\u00e9 crist\u00e3 para as pessoas de hoje com uma nova linguagem.<\/p>\n<p>O livro traz o relato dos exegetas que nos dizem que os Atos dos Ap\u00f3stolos estavam direcionados para dois objetivos. O primeiro era descrever o an\u00fancio da primeira Igreja. O segundo \u00e9 que Jesus atua por meio do Esp\u00edrito Santo, que atuou nos ap\u00f3stolos e deu continuidade \u00e0 obra da reden\u00e7\u00e3o e cura no decorrer da hist\u00f3ria.<\/p>\n<p>O desafio, hoje \u00e9 como levar o Esp\u00edrito de Jesus para dentro do nosso mundo. E nosso falar est\u00e1 marcado mais pela resigna\u00e7\u00e3o do que pelo otimismo que anima a exposi\u00e7\u00e3o luc\u00e2nica da expans\u00e3o da f\u00e9 no mundo daquele tempo. \u00c9 um desafio identificar tamb\u00e9m hoje os sinais dos tempos e perceber a atua\u00e7\u00e3o do Esp\u00edrito Santo na Igreja e no mundo.<\/p>\n<hr \/>\n<p><em>Veja mais em www.vozes.com.br<\/em><\/p>\n","protected":false},"excerpt":{"rendered":"<p>Editora Vozes<\/p>\n","protected":false},"author":3,"featured_media":229879,"comment_status":"open","ping_status":"open","sticky":false,"template":"","format":"standard","meta":[],"categories":[1],"tags":[238],"acf":[],"yoast_head":"<!-- This site is optimized with the Yoast SEO plugin v19.2 - https:\/\/yoast.com\/wordpress\/plugins\/seo\/ -->\n<title>&quot;A for\u00e7a do come\u00e7o&quot;, novo livro de Anselm Gr\u00fcn - Not\u00edcias - Franciscanos<\/title>\n<meta name=\"robots\" content=\"index, follow, max-snippet:-1, max-image-preview:large, max-video-preview:-1\" \/>\n<link rel=\"canonical\" href=\"https:\/\/franciscanos.org.br\/noticias\/a-forca-do-comeco-novo-livro-de-anselm-grun.html\" \/>\n<meta property=\"og:locale\" content=\"pt_BR\" \/>\n<meta property=\"og:type\" content=\"article\" \/>\n<meta property=\"og:title\" content=\"&quot;A for\u00e7a do come\u00e7o&quot;, novo livro de Anselm Gr\u00fcn - Not\u00edcias - Franciscanos\" \/>\n<meta property=\"og:description\" content=\"Editora Vozes\" \/>\n<meta property=\"og:url\" content=\"https:\/\/franciscanos.org.br\/noticias\/a-forca-do-comeco-novo-livro-de-anselm-grun.html\" \/>\n<meta property=\"og:site_name\" content=\"Not\u00edcias - Franciscanos\" \/>\n<meta property=\"article:published_time\" content=\"2020-12-14T13:13:25+00:00\" \/>\n<meta property=\"og:image\" content=\"https:\/\/franciscanos.org.br\/noticias\/wp-content\/uploads\/2020\/12\/anselm_02d.jpg\" \/>\n\t<meta property=\"og:image:width\" content=\"800\" \/>\n\t<meta property=\"og:image:height\" content=\"600\" \/>\n\t<meta property=\"og:image:type\" content=\"image\/jpeg\" \/>\n<meta name=\"author\" content=\"moacir\" \/>\n<meta name=\"twitter:card\" content=\"summary_large_image\" \/>\n<meta name=\"twitter:label1\" content=\"Escrito por\" \/>\n\t<meta name=\"twitter:data1\" content=\"moacir\" \/>\n\t<meta name=\"twitter:label2\" content=\"Est. tempo de leitura\" \/>\n\t<meta name=\"twitter:data2\" content=\"2 minutos\" \/>\n<script type=\"application\/ld+json\" class=\"yoast-schema-graph\">{\"@context\":\"https:\/\/schema.org\",\"@graph\":[{\"@type\":\"WebSite\",\"@id\":\"https:\/\/franciscanos.org.br\/noticias\/#website\",\"url\":\"https:\/\/franciscanos.org.br\/noticias\/\",\"name\":\"Not\u00edcias - Franciscanos\",\"description\":\"Prov\u00edncia Franciscana da Imaculada Concei\u00e7\u00e3o do Brasil - Ordem dos Frades Menores - OFM\",\"potentialAction\":[{\"@type\":\"SearchAction\",\"target\":{\"@type\":\"EntryPoint\",\"urlTemplate\":\"https:\/\/franciscanos.org.br\/noticias\/?s={search_term_string}\"},\"query-input\":\"required name=search_term_string\"}],\"inLanguage\":\"pt-BR\"},{\"@type\":\"ImageObject\",\"inLanguage\":\"pt-BR\",\"@id\":\"https:\/\/franciscanos.org.br\/noticias\/a-forca-do-comeco-novo-livro-de-anselm-grun.html#primaryimage\",\"url\":\"https:\/\/franciscanos.org.br\/noticias\/wp-content\/uploads\/2020\/12\/anselm_02d.jpg\",\"contentUrl\":\"https:\/\/franciscanos.org.br\/noticias\/wp-content\/uploads\/2020\/12\/anselm_02d.jpg\",\"width\":800,\"height\":600},{\"@type\":\"WebPage\",\"@id\":\"https:\/\/franciscanos.org.br\/noticias\/a-forca-do-comeco-novo-livro-de-anselm-grun.html#webpage\",\"url\":\"https:\/\/franciscanos.org.br\/noticias\/a-forca-do-comeco-novo-livro-de-anselm-grun.html\",\"name\":\"\\\"A for\u00e7a do come\u00e7o\\\", novo livro de Anselm Gr\u00fcn - Not\u00edcias - Franciscanos\",\"isPartOf\":{\"@id\":\"https:\/\/franciscanos.org.br\/noticias\/#website\"},\"primaryImageOfPage\":{\"@id\":\"https:\/\/franciscanos.org.br\/noticias\/a-forca-do-comeco-novo-livro-de-anselm-grun.html#primaryimage\"},\"datePublished\":\"2020-12-14T13:13:25+00:00\",\"dateModified\":\"2020-12-14T13:13:25+00:00\",\"author\":{\"@id\":\"https:\/\/franciscanos.org.br\/noticias\/#\/schema\/person\/b5c8cba458c330ccff548b056e95a5d4\"},\"breadcrumb\":{\"@id\":\"https:\/\/franciscanos.org.br\/noticias\/a-forca-do-comeco-novo-livro-de-anselm-grun.html#breadcrumb\"},\"inLanguage\":\"pt-BR\",\"potentialAction\":[{\"@type\":\"ReadAction\",\"target\":[\"https:\/\/franciscanos.org.br\/noticias\/a-forca-do-comeco-novo-livro-de-anselm-grun.html\"]}]},{\"@type\":\"BreadcrumbList\",\"@id\":\"https:\/\/franciscanos.org.br\/noticias\/a-forca-do-comeco-novo-livro-de-anselm-grun.html#breadcrumb\",\"itemListElement\":[{\"@type\":\"ListItem\",\"position\":1,\"name\":\"Home\",\"item\":\"https:\/\/franciscanos.org.br\/noticias\"},{\"@type\":\"ListItem\",\"position\":2,\"name\":\"&#8220;A for\u00e7a do come\u00e7o&#8221;, novo livro de Anselm Gr\u00fcn\"}]},{\"@type\":\"Person\",\"@id\":\"https:\/\/franciscanos.org.br\/noticias\/#\/schema\/person\/b5c8cba458c330ccff548b056e95a5d4\",\"name\":\"moacir\",\"image\":{\"@type\":\"ImageObject\",\"inLanguage\":\"pt-BR\",\"@id\":\"https:\/\/franciscanos.org.br\/noticias\/#\/schema\/person\/image\/\",\"url\":\"https:\/\/secure.gravatar.com\/avatar\/d08aa2ce4c8dd416d4479aa8536fcf64?s=96&d=mm&r=g\",\"contentUrl\":\"https:\/\/secure.gravatar.com\/avatar\/d08aa2ce4c8dd416d4479aa8536fcf64?s=96&d=mm&r=g\",\"caption\":\"moacir\"},\"url\":\"https:\/\/franciscanos.org.br\/noticias\/author\/moacir\"}]}<\/script>\n<!-- \/ Yoast SEO plugin. -->","yoast_head_json":{"title":"\"A for\u00e7a do come\u00e7o\", novo livro de Anselm Gr\u00fcn - Not\u00edcias - Franciscanos","robots":{"index":"index","follow":"follow","max-snippet":"max-snippet:-1","max-image-preview":"max-image-preview:large","max-video-preview":"max-video-preview:-1"},"canonical":"https:\/\/franciscanos.org.br\/noticias\/a-forca-do-comeco-novo-livro-de-anselm-grun.html","og_locale":"pt_BR","og_type":"article","og_title":"\"A for\u00e7a do come\u00e7o\", novo livro de Anselm Gr\u00fcn - Not\u00edcias - Franciscanos","og_description":"Editora Vozes","og_url":"https:\/\/franciscanos.org.br\/noticias\/a-forca-do-comeco-novo-livro-de-anselm-grun.html","og_site_name":"Not\u00edcias - Franciscanos","article_published_time":"2020-12-14T13:13:25+00:00","og_image":[{"width":800,"height":600,"url":"https:\/\/franciscanos.org.br\/noticias\/wp-content\/uploads\/2020\/12\/anselm_02d.jpg","type":"image\/jpeg"}],"author":"moacir","twitter_card":"summary_large_image","twitter_misc":{"Escrito por":"moacir","Est. tempo de leitura":"2 minutos"},"schema":{"@context":"https:\/\/schema.org","@graph":[{"@type":"WebSite","@id":"https:\/\/franciscanos.org.br\/noticias\/#website","url":"https:\/\/franciscanos.org.br\/noticias\/","name":"Not\u00edcias - Franciscanos","description":"Prov\u00edncia Franciscana da Imaculada Concei\u00e7\u00e3o do Brasil - Ordem dos Frades Menores - OFM","potentialAction":[{"@type":"SearchAction","target":{"@type":"EntryPoint","urlTemplate":"https:\/\/franciscanos.org.br\/noticias\/?s={search_term_string}"},"query-input":"required name=search_term_string"}],"inLanguage":"pt-BR"},{"@type":"ImageObject","inLanguage":"pt-BR","@id":"https:\/\/franciscanos.org.br\/noticias\/a-forca-do-comeco-novo-livro-de-anselm-grun.html#primaryimage","url":"https:\/\/franciscanos.org.br\/noticias\/wp-content\/uploads\/2020\/12\/anselm_02d.jpg","contentUrl":"https:\/\/franciscanos.org.br\/noticias\/wp-content\/uploads\/2020\/12\/anselm_02d.jpg","width":800,"height":600},{"@type":"WebPage","@id":"https:\/\/franciscanos.org.br\/noticias\/a-forca-do-comeco-novo-livro-de-anselm-grun.html#webpage","url":"https:\/\/franciscanos.org.br\/noticias\/a-forca-do-comeco-novo-livro-de-anselm-grun.html","name":"\"A for\u00e7a do come\u00e7o\", novo livro de Anselm Gr\u00fcn - Not\u00edcias - Franciscanos","isPartOf":{"@id":"https:\/\/franciscanos.org.br\/noticias\/#website"},"primaryImageOfPage":{"@id":"https:\/\/franciscanos.org.br\/noticias\/a-forca-do-comeco-novo-livro-de-anselm-grun.html#primaryimage"},"datePublished":"2020-12-14T13:13:25+00:00","dateModified":"2020-12-14T13:13:25+00:00","author":{"@id":"https:\/\/franciscanos.org.br\/noticias\/#\/schema\/person\/b5c8cba458c330ccff548b056e95a5d4"},"breadcrumb":{"@id":"https:\/\/franciscanos.org.br\/noticias\/a-forca-do-comeco-novo-livro-de-anselm-grun.html#breadcrumb"},"inLanguage":"pt-BR","potentialAction":[{"@type":"ReadAction","target":["https:\/\/franciscanos.org.br\/noticias\/a-forca-do-comeco-novo-livro-de-anselm-grun.html"]}]},{"@type":"BreadcrumbList","@id":"https:\/\/franciscanos.org.br\/noticias\/a-forca-do-comeco-novo-livro-de-anselm-grun.html#breadcrumb","itemListElement":[{"@type":"ListItem","position":1,"name":"Home","item":"https:\/\/franciscanos.org.br\/noticias"},{"@type":"ListItem","position":2,"name":"&#8220;A for\u00e7a do come\u00e7o&#8221;, novo livro de Anselm Gr\u00fcn"}]},{"@type":"Person","@id":"https:\/\/franciscanos.org.br\/noticias\/#\/schema\/person\/b5c8cba458c330ccff548b056e95a5d4","name":"moacir","image":{"@type":"ImageObject","inLanguage":"pt-BR","@id":"https:\/\/franciscanos.org.br\/noticias\/#\/schema\/person\/image\/","url":"https:\/\/secure.gravatar.com\/avatar\/d08aa2ce4c8dd416d4479aa8536fcf64?s=96&d=mm&r=g","contentUrl":"https:\/\/secure.gravatar.com\/avatar\/d08aa2ce4c8dd416d4479aa8536fcf64?s=96&d=mm&r=g","caption":"moacir"},"url":"https:\/\/franciscanos.org.br\/noticias\/author\/moacir"}]}},"_links":{"self":[{"href":"https:\/\/franciscanos.org.br\/noticias\/wp-json\/wp\/v2\/posts\/229877"}],"collection":[{"href":"https:\/\/franciscanos.org.br\/noticias\/wp-json\/wp\/v2\/posts"}],"about":[{"href":"https:\/\/franciscanos.org.br\/noticias\/wp-json\/wp\/v2\/types\/post"}],"author":[{"embeddable":true,"href":"https:\/\/franciscanos.org.br\/noticias\/wp-json\/wp\/v2\/users\/3"}],"replies":[{"embeddable":true,"href":"https:\/\/franciscanos.org.br\/noticias\/wp-json\/wp\/v2\/comments?post=229877"}],"version-history":[{"count":1,"href":"https:\/\/franciscanos.org.br\/noticias\/wp-json\/wp\/v2\/posts\/229877\/revisions"}],"predecessor-version":[{"id":229880,"href":"https:\/\/franciscanos.org.br\/noticias\/wp-json\/wp\/v2\/posts\/229877\/revisions\/229880"}],"wp:featuredmedia":[{"embeddable":true,"href":"https:\/\/franciscanos.org.br\/noticias\/wp-json\/wp\/v2\/media\/229879"}],"wp:attachment":[{"href":"https:\/\/franciscanos.org.br\/noticias\/wp-json\/wp\/v2\/media?parent=229877"}],"wp:term":[{"taxonomy":"category","embeddable":true,"href":"https:\/\/franciscanos.org.br\/noticias\/wp-json\/wp\/v2\/categories?post=229877"},{"taxonomy":"post_tag","embeddable":true,"href":"https:\/\/franciscanos.org.br\/noticias\/wp-json\/wp\/v2\/tags?post=229877"}],"curies":[{"name":"wp","href":"https:\/\/api.w.org\/{rel}","templated":true}]}}