{"id":229867,"date":"2020-12-18T10:11:37","date_gmt":"2020-12-18T13:11:37","guid":{"rendered":"https:\/\/franciscanos.org.br\/noticias\/?p=229867"},"modified":"2021-04-19T22:34:28","modified_gmt":"2021-04-20T01:34:28","slug":"nove-jovens-frades-recebem-o-ministerio-diaconal-no-dia-19-de-dezembro","status":"publish","type":"post","link":"https:\/\/franciscanos.org.br\/noticias\/nove-jovens-frades-recebem-o-ministerio-diaconal-no-dia-19-de-dezembro.html","title":{"rendered":"Nove jovens frades recebem o minist\u00e9rio diaconal no dia 19 de dezembro"},"content":{"rendered":"<p><img loading=\"lazy\" class=\"alignnone wp-image-229868 size-full\" src=\"https:\/\/franciscanos.org.br\/noticias\/wp-content\/uploads\/2020\/12\/diaconal_1412.jpg\" alt=\"\" width=\"1280\" height=\"720\" srcset=\"https:\/\/franciscanos.org.br\/noticias\/wp-content\/uploads\/2020\/12\/diaconal_1412.jpg 1280w, https:\/\/franciscanos.org.br\/noticias\/wp-content\/uploads\/2020\/12\/diaconal_1412-450x253.jpg 450w, https:\/\/franciscanos.org.br\/noticias\/wp-content\/uploads\/2020\/12\/diaconal_1412-1024x576.jpg 1024w, https:\/\/franciscanos.org.br\/noticias\/wp-content\/uploads\/2020\/12\/diaconal_1412-768x432.jpg 768w, https:\/\/franciscanos.org.br\/noticias\/wp-content\/uploads\/2020\/12\/diaconal_1412-150x84.jpg 150w\" sizes=\"(max-width: 1280px) 100vw, 1280px\" \/><\/p>\n<p>A Prov\u00edncia da Imaculada Concei\u00e7\u00e3o do Brasil, a Funda\u00e7\u00e3o Imaculada M\u00e3e de Deus de Angola e a Cust\u00f3dia S\u00e3o Benedito da Amaz\u00f4nia celebram no dia 19 de dezembro, a ordena\u00e7\u00e3o diaconal de nove frades. S\u00e3o eles: Frei Alan Leal de Mattos, Frei Jefferson Max Nunes Maciel, Frei Jhones Lucas Martins, Frei Josemberg Cardozo Aranha, Frei Junior Mendes, da Prov\u00edncia da Imaculada; Frei Canga Manuel Mazoa, Frei M\u00e1rio Sampaio Pelu e Frei Santana Sebasti\u00e3o Cafunda, da Funda\u00e7\u00e3o Imaculada de Angola; e Frei Raoul A. Bentes, da Cust\u00f3dia S\u00e3o Benedito da Amaz\u00f4nia. Eles escolheram como lema \u201cEu vos designei para irdes e para que produzais fruto\u201d (Jo 15,26c).<\/p>\n<p>Eles receber\u00e3o o compromisso do minist\u00e9rio diaconal das m\u00e3os do bispo diocesano de Petr\u00f3polis, Dom Greg\u00f3rio Paix\u00e3o, durante a Celebra\u00e7\u00e3o Eucar\u00edstica, \u00e0s 9 horas, na Igreja do Sagrado Cora\u00e7\u00e3o de Jesus, em Petr\u00f3polis.<\/p>\n<p>A fun\u00e7\u00e3o a que s\u00e3o chamados est\u00e1 descrita na Constitui\u00e7\u00e3o Dogm\u00e1tica\u00a0<em>Lumen Gentium<\/em>, no n\u00ba 29, da seguinte forma: \u201cAdministrar o Batismo solene, conservar e distribuir a Eucaristia, assistir e aben\u00e7oar em nome da Igreja aos Matrim\u00f4nios, levar o vi\u00e1tico aos moribundos, ler a Sagrada Escritura aos fi\u00e9is, instruir e exortar o Povo, presidir ao culto e as ora\u00e7\u00f5es dos fi\u00e9is, administrar os sacramentos e presidir aos ritos dos funerais e da sepultura\u201d. E, ainda, de maneira sint\u00e9tica, o mesmo texto diz: \u201cServem o Povo de Deus na diaconia da Liturgia, da Palavra e da Caridade\u201d.<\/p>\n<p><strong>Na foto, no alto (da esq. para dir.): Frei Santana, Frei Alan, Frei Josemberg, Frei Canga e Frei Jefferson; a<\/strong><strong>baixo (da esq. para dir.): Frei Raoul, Frei Mario, Frei Jhones e Frei Junior.<\/strong><\/p>\n<hr \/>\n<h3><strong>Conhe\u00e7a os candidatos ao diaconato:<\/strong><\/h3>\n<h3>Frei Alan Leal de Mattos<\/h3>\n<p>Nasceu no dia 19 de novembro de 1986, em Petr\u00f3polis, Rio de Janeiro. Filho de Robson Machado Batista e\u00a0 S\u00f4nia Maria Leal da Rocha Mattos, possui 5 irm\u00e3os. Ingressou no Semin\u00e1rio S\u00e3o Francisco de Assis em Ituporanga (SC) em 2010 e vestiu o h\u00e1bito franciscano em 2012. Em 2013 fez sua 1\u00aa Profiss\u00e3o em Rodeio (SC). Entre 2013 e 2015, cursou Filosofia na FAE-Centro Universit\u00e1rio de Curitiba (PR). Viveu o Ano Mission\u00e1rio em Vila Velha e Colatina (ES) no ano de 2016. Fez a Profiss\u00e3o Solene no dia 15 de setembro de 2018 e concluiu os estudos de Teologia em 2020 no Instituto Teol\u00f3gico Franciscano de Petr\u00f3polis (RJ).<\/p>\n<h3><strong>Frei Canga Manuel Mazoa<\/strong><\/h3>\n<p>Nasceu no dia 23 de mar\u00e7o de 1993, em Ndalatando, Kwanza Norte (Angola). Filho de Manuel Canga Mazoa e de Domingas Francisco Jo\u00e3o Ant\u00f3nio, possui 2 irm\u00e3os. Ingressou no Semin\u00e1rio Monte Alverne em Malange (Angola) em 2008 e vestiu o h\u00e1bito franciscano em 2013. Em 2014 fez sua 1\u00aa Profiss\u00e3o em Rodeio (SC). Entre 2014 e 2016, cursou Filosofia na Universidade Cat\u00f3lica de Angola &#8211; ISDB &#8211; em Luanda.\u00a0 Fez a Profiss\u00e3o Solene no dia 8 de setembro de 2019 e concluiu os estudos de Teologia em 2020 no Instituto Teol\u00f3gico Franciscano de Petr\u00f3polis (RJ).<\/p>\n<h3>Frei Jefferson Max Nunes Maciel<\/h3>\n<p>Nasceu no dia 27 de janeiro de 1992, em Curitiba, Paran\u00e1. Filho de Val\u00f3dio Tibes Maciel e Maria En\u00e9sia Nunes, possui dois irm\u00e3os. Ingressou no Semin\u00e1rio Santo Ant\u00f4nio em Agudos (SP) em 2009 e vestiu o h\u00e1bito franciscano em 2012. Em 2013 fez sua 1\u00aa Profiss\u00e3o em Rodeio (SC). Entre 2013 e 2015, cursou Filosofia na FAE-Centro Universit\u00e1rio de Curitiba (PR). Viveu o Ano Mission\u00e1rio em Angola no ano de 2016. Fez a Profiss\u00e3o Solene no dia 15 de setembro de 2018 e concluiu os estudos de Teologia em 2020 no Instituto Teol\u00f3gico Franciscano de Petr\u00f3polis (RJ).<\/p>\n<h3><strong>Frei Jhones Lucas Martins<\/strong><\/h3>\n<p>Nasceu no dia 6 de abril de 1990, em Macatuba, S\u00e3o Paulo. Filho de Donizetti Martins\u00a0 e Maria Aparecida dos Santos Martins, possui 2 irm\u00e3os. Ingressou no Semin\u00e1rio S\u00e3o Francisco de Assis em Ituporanga (SC) em 2010 e vestiu o h\u00e1bito franciscano em 2012. Em 2013 fez sua 1\u00aa profiss\u00e3o em Rodeio (SC). Entre 2013 e 2015, cursou Filosofia na FAE-Centro Universit\u00e1rio de Curitiba (PR). Viveu o ano Mission\u00e1rio em Quibala-Angola no ano de 2016. Fez a Profiss\u00e3o Solene no dia 15 de Setembro de 2018 e concluiu os estudos de Teologia em 2020 no ITF- Instituto Franciscano de Petr\u00f3polis (RJ).<\/p>\n<h3><strong>Frei Josemberg Cardozo Aranha<\/strong><\/h3>\n<p>Nasceu no dia 24 de julho de 1988, em Duque de Caxias, Rio de Janeiro. \u00c9 filho \u00fanico de Jos\u00e9 Aranha Gomes e de Maria L\u00facia Cardozo Aranha. Ingressou no Semin\u00e1rio S\u00e3o Francisco de Assis em Ituporanga (SC) em 2010 e vestiu o h\u00e1bito franciscano em 2012. Em 2013 fez sua 1\u00aa Profiss\u00e3o em Rodeio (SC). Entre 2013 e 2015, cursou Filosofia na FAE-Centro Universit\u00e1rio de Curitiba (PR). Viveu o Ano Mission\u00e1rio em S\u00e3o Paulo (SP), no Sefras, em 2016. Fez a Profiss\u00e3o em 15 de setembro de 2018 e concluiu os estudos de Teologia em 2020 no Instituto Teol\u00f3gico Franciscano de Petr\u00f3polis (RJ).<\/p>\n<h3><strong>Frei Junior Mendes<\/strong><\/h3>\n<p>Nasceu no dia 24 de janeiro de 1989 em Santo Amaro da Imperatriz. Filho de Ganilton Mendes e Maria de Lourdes Schimidt Mendes, possui um irm\u00e3o. Ingressou no semin\u00e1rio S\u00e3o Francisco de Assis em Ituporanga em 2010 e vestiu o h\u00e1bito franciscano em 2012. Em 2013 fez sua 1\u00aa profiss\u00e3o em Rodeio (SC). Entre 2013 e 2015, cursou filosofia na FAE &#8211; Centro Universit\u00e1rio de Curitiba (PR). Viveu o Ano Mission\u00e1rio em Malange, Angola, no ano de 2016. Fez a profiss\u00e3o solene no dia 15 de setembro de 2018 e concluiu os estudos de Teologia em 2020 no Instituto Teol\u00f3gico Franciscano de Petr\u00f3polis (RJ).<\/p>\n<h3><strong>Frei M\u00e1rio Sampaio Pelu<\/strong><\/h3>\n<p>Nasceu no dia 20 de agosto de 1988, em Benguela, Angola. Filho de Adriano Pelu e de Ant\u00f3nia Nandjamba, possui 11 irm\u00e3os. Ingressou no Semin\u00e1rio Monte Alverne em Malange, Angola, em 2011 e vestiu o h\u00e1bito franciscano em 2013. Em 2014 fez sua 1\u00aa Profiss\u00e3o em Rodeio (SC). Entre 2014 e 2016, cursou Filosofia na ISDB- Instituto Superior Dom Bosco. Fez a Profiss\u00e3o Solene no dia 15 de setembro de 2018 e concluiu os estudos de Teologia em 2020 no Instituto Teol\u00f3gico Franciscano de Petr\u00f3polis (RJ).<\/p>\n<h3><strong>Raoul Ant\u00f4nio\u00a0Azevedo\u00a0Bentes<\/strong><\/h3>\n<p>Nasceu no dia 27 de julho de 1990, no munic\u00edpio de Alenquer (PA). \u00c9 filho \u00fanico de Ivo Ant\u00f4nio Monteiro Bentes e Iramaia Targina de Azevedo Bentes. Ingressou no postulantado em 2010, em Santar\u00e9m (PA), onde professou os votos simples no dia 2 de agosto de 2012. Concluiu Filosofia em Manaus (AM) em 2015. Em 2016, no Ano Mission\u00e1rio, residiu seis meses na Miss\u00e3o Ind\u00edgena S\u00e3o Francisco, no Par\u00e1, os outros seis meses no Santu\u00e1rio S\u00e3o Francisco das Chagas em Canind\u00e9 (CE). \u00a0No dia 2 de agosto de 2018 fez a profiss\u00e3o solene na Ordem dos Frades Menores, em Santar\u00e9m. Concluiu os estudos de Teologia no ITF em 2020.<\/p>\n<h3><strong>Frei Santana S. Cafunda<\/strong><\/h3>\n<p>Natural de Malange, Angola. Ingressou no Semin\u00e1rio Franciscano Monte Alverne em Malange\u00a0 em 2009 e vestiu o h\u00e1bito franciscano em 2012. Em 2013 fez sua primeira profiss\u00e3o em Luanda. Entre 2013 e 2016 cursou Filosofia na Universidade Cat\u00f3lica de Angola (UCAN) em Luanda. Viveu o Ano Mission\u00e1rio em Kibala (KS) no ano de 2016. Fez a profiss\u00e3o Solene no dia 8 de setembro de 2019 e concluiu os estudos teol\u00f3gicos em 2020 no Instituto Teol\u00f3gico Franciscano &#8211; ITF.<\/p>\n<hr \/>\n<p><img loading=\"lazy\" class=\"alignnone wp-image-229869 size-full\" src=\"https:\/\/franciscanos.org.br\/noticias\/wp-content\/uploads\/2020\/12\/diaconal_1412_1.jpg\" alt=\"\" width=\"1280\" height=\"744\" srcset=\"https:\/\/franciscanos.org.br\/noticias\/wp-content\/uploads\/2020\/12\/diaconal_1412_1.jpg 1280w, https:\/\/franciscanos.org.br\/noticias\/wp-content\/uploads\/2020\/12\/diaconal_1412_1-450x262.jpg 450w, https:\/\/franciscanos.org.br\/noticias\/wp-content\/uploads\/2020\/12\/diaconal_1412_1-1024x595.jpg 1024w, https:\/\/franciscanos.org.br\/noticias\/wp-content\/uploads\/2020\/12\/diaconal_1412_1-768x446.jpg 768w, https:\/\/franciscanos.org.br\/noticias\/wp-content\/uploads\/2020\/12\/diaconal_1412_1-150x87.jpg 150w\" sizes=\"(max-width: 1280px) 100vw, 1280px\" \/><\/p>\n","protected":false},"excerpt":{"rendered":"<p>Ordena\u00e7\u00e3o Diaconal em Petr\u00f3polis<\/p>\n","protected":false},"author":3,"featured_media":0,"comment_status":"open","ping_status":"open","sticky":false,"template":"","format":"standard","meta":[],"categories":[1],"tags":[275,190],"acf":[],"yoast_head":"<!-- This site is optimized with the Yoast SEO plugin v19.2 - https:\/\/yoast.com\/wordpress\/plugins\/seo\/ -->\n<title>Nove jovens frades recebem o minist\u00e9rio diaconal no dia 19 de dezembro - Not\u00edcias - Franciscanos<\/title>\n<meta name=\"robots\" content=\"index, follow, max-snippet:-1, max-image-preview:large, max-video-preview:-1\" \/>\n<link rel=\"canonical\" href=\"https:\/\/franciscanos.org.br\/noticias\/nove-jovens-frades-recebem-o-ministerio-diaconal-no-dia-19-de-dezembro.html\" \/>\n<meta property=\"og:locale\" content=\"pt_BR\" \/>\n<meta property=\"og:type\" content=\"article\" \/>\n<meta property=\"og:title\" content=\"Nove jovens frades recebem o minist\u00e9rio diaconal no dia 19 de dezembro - Not\u00edcias - Franciscanos\" \/>\n<meta property=\"og:description\" content=\"Ordena\u00e7\u00e3o Diaconal em Petr\u00f3polis\" \/>\n<meta property=\"og:url\" content=\"https:\/\/franciscanos.org.br\/noticias\/nove-jovens-frades-recebem-o-ministerio-diaconal-no-dia-19-de-dezembro.html\" \/>\n<meta property=\"og:site_name\" content=\"Not\u00edcias - Franciscanos\" \/>\n<meta property=\"article:published_time\" content=\"2020-12-18T13:11:37+00:00\" \/>\n<meta property=\"article:modified_time\" content=\"2021-04-20T01:34:28+00:00\" \/>\n<meta property=\"og:image\" content=\"https:\/\/franciscanos.org.br\/noticias\/wp-content\/uploads\/2020\/12\/diaconal_1412.jpg\" \/>\n<meta name=\"author\" content=\"moacir\" \/>\n<meta name=\"twitter:card\" content=\"summary_large_image\" \/>\n<meta name=\"twitter:label1\" content=\"Escrito por\" \/>\n\t<meta name=\"twitter:data1\" content=\"moacir\" \/>\n\t<meta name=\"twitter:label2\" content=\"Est. tempo de leitura\" \/>\n\t<meta name=\"twitter:data2\" content=\"6 minutos\" \/>\n<script type=\"application\/ld+json\" class=\"yoast-schema-graph\">{\"@context\":\"https:\/\/schema.org\",\"@graph\":[{\"@type\":\"WebSite\",\"@id\":\"https:\/\/franciscanos.org.br\/noticias\/#website\",\"url\":\"https:\/\/franciscanos.org.br\/noticias\/\",\"name\":\"Not\u00edcias - Franciscanos\",\"description\":\"Prov\u00edncia Franciscana da Imaculada Concei\u00e7\u00e3o do Brasil - Ordem dos Frades Menores - OFM\",\"potentialAction\":[{\"@type\":\"SearchAction\",\"target\":{\"@type\":\"EntryPoint\",\"urlTemplate\":\"https:\/\/franciscanos.org.br\/noticias\/?s={search_term_string}\"},\"query-input\":\"required name=search_term_string\"}],\"inLanguage\":\"pt-BR\"},{\"@type\":\"ImageObject\",\"inLanguage\":\"pt-BR\",\"@id\":\"https:\/\/franciscanos.org.br\/noticias\/nove-jovens-frades-recebem-o-ministerio-diaconal-no-dia-19-de-dezembro.html#primaryimage\",\"url\":\"https:\/\/franciscanos.org.br\/noticias\/wp-content\/uploads\/2020\/12\/diaconal_1412.jpg\",\"contentUrl\":\"https:\/\/franciscanos.org.br\/noticias\/wp-content\/uploads\/2020\/12\/diaconal_1412.jpg\",\"width\":1280,\"height\":720},{\"@type\":\"WebPage\",\"@id\":\"https:\/\/franciscanos.org.br\/noticias\/nove-jovens-frades-recebem-o-ministerio-diaconal-no-dia-19-de-dezembro.html#webpage\",\"url\":\"https:\/\/franciscanos.org.br\/noticias\/nove-jovens-frades-recebem-o-ministerio-diaconal-no-dia-19-de-dezembro.html\",\"name\":\"Nove jovens frades recebem o minist\u00e9rio diaconal no dia 19 de dezembro - Not\u00edcias - Franciscanos\",\"isPartOf\":{\"@id\":\"https:\/\/franciscanos.org.br\/noticias\/#website\"},\"primaryImageOfPage\":{\"@id\":\"https:\/\/franciscanos.org.br\/noticias\/nove-jovens-frades-recebem-o-ministerio-diaconal-no-dia-19-de-dezembro.html#primaryimage\"},\"datePublished\":\"2020-12-18T13:11:37+00:00\",\"dateModified\":\"2021-04-20T01:34:28+00:00\",\"author\":{\"@id\":\"https:\/\/franciscanos.org.br\/noticias\/#\/schema\/person\/b5c8cba458c330ccff548b056e95a5d4\"},\"breadcrumb\":{\"@id\":\"https:\/\/franciscanos.org.br\/noticias\/nove-jovens-frades-recebem-o-ministerio-diaconal-no-dia-19-de-dezembro.html#breadcrumb\"},\"inLanguage\":\"pt-BR\",\"potentialAction\":[{\"@type\":\"ReadAction\",\"target\":[\"https:\/\/franciscanos.org.br\/noticias\/nove-jovens-frades-recebem-o-ministerio-diaconal-no-dia-19-de-dezembro.html\"]}]},{\"@type\":\"BreadcrumbList\",\"@id\":\"https:\/\/franciscanos.org.br\/noticias\/nove-jovens-frades-recebem-o-ministerio-diaconal-no-dia-19-de-dezembro.html#breadcrumb\",\"itemListElement\":[{\"@type\":\"ListItem\",\"position\":1,\"name\":\"Home\",\"item\":\"https:\/\/franciscanos.org.br\/noticias\"},{\"@type\":\"ListItem\",\"position\":2,\"name\":\"Nove jovens frades recebem o minist\u00e9rio diaconal no dia 19 de dezembro\"}]},{\"@type\":\"Person\",\"@id\":\"https:\/\/franciscanos.org.br\/noticias\/#\/schema\/person\/b5c8cba458c330ccff548b056e95a5d4\",\"name\":\"moacir\",\"image\":{\"@type\":\"ImageObject\",\"inLanguage\":\"pt-BR\",\"@id\":\"https:\/\/franciscanos.org.br\/noticias\/#\/schema\/person\/image\/\",\"url\":\"https:\/\/secure.gravatar.com\/avatar\/d08aa2ce4c8dd416d4479aa8536fcf64?s=96&d=mm&r=g\",\"contentUrl\":\"https:\/\/secure.gravatar.com\/avatar\/d08aa2ce4c8dd416d4479aa8536fcf64?s=96&d=mm&r=g\",\"caption\":\"moacir\"},\"url\":\"https:\/\/franciscanos.org.br\/noticias\/author\/moacir\"}]}<\/script>\n<!-- \/ Yoast SEO plugin. -->","yoast_head_json":{"title":"Nove jovens frades recebem o minist\u00e9rio diaconal no dia 19 de dezembro - Not\u00edcias - Franciscanos","robots":{"index":"index","follow":"follow","max-snippet":"max-snippet:-1","max-image-preview":"max-image-preview:large","max-video-preview":"max-video-preview:-1"},"canonical":"https:\/\/franciscanos.org.br\/noticias\/nove-jovens-frades-recebem-o-ministerio-diaconal-no-dia-19-de-dezembro.html","og_locale":"pt_BR","og_type":"article","og_title":"Nove jovens frades recebem o minist\u00e9rio diaconal no dia 19 de dezembro - Not\u00edcias - Franciscanos","og_description":"Ordena\u00e7\u00e3o Diaconal em Petr\u00f3polis","og_url":"https:\/\/franciscanos.org.br\/noticias\/nove-jovens-frades-recebem-o-ministerio-diaconal-no-dia-19-de-dezembro.html","og_site_name":"Not\u00edcias - Franciscanos","article_published_time":"2020-12-18T13:11:37+00:00","article_modified_time":"2021-04-20T01:34:28+00:00","og_image":[{"url":"https:\/\/franciscanos.org.br\/noticias\/wp-content\/uploads\/2020\/12\/diaconal_1412.jpg"}],"author":"moacir","twitter_card":"summary_large_image","twitter_misc":{"Escrito por":"moacir","Est. tempo de leitura":"6 minutos"},"schema":{"@context":"https:\/\/schema.org","@graph":[{"@type":"WebSite","@id":"https:\/\/franciscanos.org.br\/noticias\/#website","url":"https:\/\/franciscanos.org.br\/noticias\/","name":"Not\u00edcias - Franciscanos","description":"Prov\u00edncia Franciscana da Imaculada Concei\u00e7\u00e3o do Brasil - Ordem dos Frades Menores - OFM","potentialAction":[{"@type":"SearchAction","target":{"@type":"EntryPoint","urlTemplate":"https:\/\/franciscanos.org.br\/noticias\/?s={search_term_string}"},"query-input":"required name=search_term_string"}],"inLanguage":"pt-BR"},{"@type":"ImageObject","inLanguage":"pt-BR","@id":"https:\/\/franciscanos.org.br\/noticias\/nove-jovens-frades-recebem-o-ministerio-diaconal-no-dia-19-de-dezembro.html#primaryimage","url":"https:\/\/franciscanos.org.br\/noticias\/wp-content\/uploads\/2020\/12\/diaconal_1412.jpg","contentUrl":"https:\/\/franciscanos.org.br\/noticias\/wp-content\/uploads\/2020\/12\/diaconal_1412.jpg","width":1280,"height":720},{"@type":"WebPage","@id":"https:\/\/franciscanos.org.br\/noticias\/nove-jovens-frades-recebem-o-ministerio-diaconal-no-dia-19-de-dezembro.html#webpage","url":"https:\/\/franciscanos.org.br\/noticias\/nove-jovens-frades-recebem-o-ministerio-diaconal-no-dia-19-de-dezembro.html","name":"Nove jovens frades recebem o minist\u00e9rio diaconal no dia 19 de dezembro - Not\u00edcias - Franciscanos","isPartOf":{"@id":"https:\/\/franciscanos.org.br\/noticias\/#website"},"primaryImageOfPage":{"@id":"https:\/\/franciscanos.org.br\/noticias\/nove-jovens-frades-recebem-o-ministerio-diaconal-no-dia-19-de-dezembro.html#primaryimage"},"datePublished":"2020-12-18T13:11:37+00:00","dateModified":"2021-04-20T01:34:28+00:00","author":{"@id":"https:\/\/franciscanos.org.br\/noticias\/#\/schema\/person\/b5c8cba458c330ccff548b056e95a5d4"},"breadcrumb":{"@id":"https:\/\/franciscanos.org.br\/noticias\/nove-jovens-frades-recebem-o-ministerio-diaconal-no-dia-19-de-dezembro.html#breadcrumb"},"inLanguage":"pt-BR","potentialAction":[{"@type":"ReadAction","target":["https:\/\/franciscanos.org.br\/noticias\/nove-jovens-frades-recebem-o-ministerio-diaconal-no-dia-19-de-dezembro.html"]}]},{"@type":"BreadcrumbList","@id":"https:\/\/franciscanos.org.br\/noticias\/nove-jovens-frades-recebem-o-ministerio-diaconal-no-dia-19-de-dezembro.html#breadcrumb","itemListElement":[{"@type":"ListItem","position":1,"name":"Home","item":"https:\/\/franciscanos.org.br\/noticias"},{"@type":"ListItem","position":2,"name":"Nove jovens frades recebem o minist\u00e9rio diaconal no dia 19 de dezembro"}]},{"@type":"Person","@id":"https:\/\/franciscanos.org.br\/noticias\/#\/schema\/person\/b5c8cba458c330ccff548b056e95a5d4","name":"moacir","image":{"@type":"ImageObject","inLanguage":"pt-BR","@id":"https:\/\/franciscanos.org.br\/noticias\/#\/schema\/person\/image\/","url":"https:\/\/secure.gravatar.com\/avatar\/d08aa2ce4c8dd416d4479aa8536fcf64?s=96&d=mm&r=g","contentUrl":"https:\/\/secure.gravatar.com\/avatar\/d08aa2ce4c8dd416d4479aa8536fcf64?s=96&d=mm&r=g","caption":"moacir"},"url":"https:\/\/franciscanos.org.br\/noticias\/author\/moacir"}]}},"_links":{"self":[{"href":"https:\/\/franciscanos.org.br\/noticias\/wp-json\/wp\/v2\/posts\/229867"}],"collection":[{"href":"https:\/\/franciscanos.org.br\/noticias\/wp-json\/wp\/v2\/posts"}],"about":[{"href":"https:\/\/franciscanos.org.br\/noticias\/wp-json\/wp\/v2\/types\/post"}],"author":[{"embeddable":true,"href":"https:\/\/franciscanos.org.br\/noticias\/wp-json\/wp\/v2\/users\/3"}],"replies":[{"embeddable":true,"href":"https:\/\/franciscanos.org.br\/noticias\/wp-json\/wp\/v2\/comments?post=229867"}],"version-history":[{"count":8,"href":"https:\/\/franciscanos.org.br\/noticias\/wp-json\/wp\/v2\/posts\/229867\/revisions"}],"predecessor-version":[{"id":229924,"href":"https:\/\/franciscanos.org.br\/noticias\/wp-json\/wp\/v2\/posts\/229867\/revisions\/229924"}],"wp:attachment":[{"href":"https:\/\/franciscanos.org.br\/noticias\/wp-json\/wp\/v2\/media?parent=229867"}],"wp:term":[{"taxonomy":"category","embeddable":true,"href":"https:\/\/franciscanos.org.br\/noticias\/wp-json\/wp\/v2\/categories?post=229867"},{"taxonomy":"post_tag","embeddable":true,"href":"https:\/\/franciscanos.org.br\/noticias\/wp-json\/wp\/v2\/tags?post=229867"}],"curies":[{"name":"wp","href":"https:\/\/api.w.org\/{rel}","templated":true}]}}