{"id":229841,"date":"2020-12-11T08:39:22","date_gmt":"2020-12-11T11:39:22","guid":{"rendered":"https:\/\/franciscanos.org.br\/noticias\/?p=229841"},"modified":"2020-12-11T09:40:59","modified_gmt":"2020-12-11T12:40:59","slug":"dia-de-gratidao-na-fraternidade-de-braganca-paulista","status":"publish","type":"post","link":"https:\/\/franciscanos.org.br\/noticias\/dia-de-gratidao-na-fraternidade-de-braganca-paulista.html","title":{"rendered":"Dia de gratid\u00e3o na Fraternidade de Bragan\u00e7a Paulista"},"content":{"rendered":"<p><img loading=\"lazy\" class=\"alignnone wp-image-229842 size-full\" src=\"https:\/\/franciscanos.org.br\/noticias\/wp-content\/uploads\/2020\/12\/braganca_1112.jpg\" alt=\"\" width=\"1280\" height=\"720\" srcset=\"https:\/\/franciscanos.org.br\/noticias\/wp-content\/uploads\/2020\/12\/braganca_1112.jpg 1280w, https:\/\/franciscanos.org.br\/noticias\/wp-content\/uploads\/2020\/12\/braganca_1112-450x253.jpg 450w, https:\/\/franciscanos.org.br\/noticias\/wp-content\/uploads\/2020\/12\/braganca_1112-1024x576.jpg 1024w, https:\/\/franciscanos.org.br\/noticias\/wp-content\/uploads\/2020\/12\/braganca_1112-768x432.jpg 768w, https:\/\/franciscanos.org.br\/noticias\/wp-content\/uploads\/2020\/12\/braganca_1112-150x84.jpg 150w\" sizes=\"(max-width: 1280px) 100vw, 1280px\" \/><\/p>\n<p><strong>Moacir Beggo<\/strong><\/p>\n<p><strong>Bragan\u00e7a Paulista (SP)<\/strong> \u2013 A festa dos Jubileus dos frades da Prov\u00edncia da Imaculada Concei\u00e7\u00e3o, que todo ano re\u00fane os frades para uma \u00fanica celebra\u00e7\u00e3o conjunta, neste ano, devido \u00e0 pandemia, est\u00e1 sendo celebrada por cada frade em sua comunidade. Nesta quinta-feira, 10 de dezembro, os frades com mais tempo de vida sacerdotal e vida religiosa puderam festejar os seus jubileus na Fraternidade Acolhedora S\u00e3o Francisco de Assis, em Bragan\u00e7a Paulista.<\/p>\n<p>Frei Carlos Jos\u00e9 K\u00f6rber, o guardi\u00e3o da Fraternidade, acolheu a todos e falou da alegria de reuni-los na celebra\u00e7\u00e3o \u00e0s 18 horas. O Ministro Provincial, Frei C\u00e9sar K\u00fclkamp, presidiu a Santa Missa nesta Casa que acolhe todos os idosos e enfermos da Prov\u00edncia. Normalmente, este encontro re\u00fane todos os frades do Regional de S\u00e3o Paulo, mas por causa das normas sanit\u00e1rias, s\u00f3 estiveram presentes os frades da nova Fraternidade de Itatiba (SP), vizinha de Bragan\u00e7a.<\/p>\n<p>Liturgicamente, os frades escolheram a Missa da Solenidade da Imaculada Concei\u00e7\u00e3o de Maria, Padroeira da Prov\u00edncia e da Ordem, celebrada recentemente. Na capela da Fraternidade, estavam os jubilandos: Frei Olavo Seifert, 79 anos de vida religiosa; Frei Cir\u00edaco Tokarski, 76 anos, n\u00e3o p\u00f4de participar mas foi lembrado; Frei Juvenal Sans\u00e3o, 72 anos; Frei Floriano Surian, 71 anos; Frei Odorico Decker, 65 anos; e Frei Aristides Pasquali, 60 anos. Frei Olavo, que em agosto passado completou 101 anos de vida, celebrou 74 anos de minist\u00e9rio sacerdotal. Frei Floriano celebrou 65 anos e Frei C\u00e9sar, 25 anos.<\/p>\n<p><img loading=\"lazy\" class=\"alignnone wp-image-229843 size-full\" src=\"https:\/\/franciscanos.org.br\/noticias\/wp-content\/uploads\/2020\/12\/braganca_1112_1.jpg\" alt=\"\" width=\"1280\" height=\"1362\" srcset=\"https:\/\/franciscanos.org.br\/noticias\/wp-content\/uploads\/2020\/12\/braganca_1112_1.jpg 1280w, https:\/\/franciscanos.org.br\/noticias\/wp-content\/uploads\/2020\/12\/braganca_1112_1-423x450.jpg 423w, https:\/\/franciscanos.org.br\/noticias\/wp-content\/uploads\/2020\/12\/braganca_1112_1-962x1024.jpg 962w, https:\/\/franciscanos.org.br\/noticias\/wp-content\/uploads\/2020\/12\/braganca_1112_1-768x817.jpg 768w, https:\/\/franciscanos.org.br\/noticias\/wp-content\/uploads\/2020\/12\/braganca_1112_1-150x160.jpg 150w\" sizes=\"(max-width: 1280px) 100vw, 1280px\" \/><\/p>\n<p>Na sua homilia, Frei C\u00e9sar recordou que celebrar esta solenidade da M\u00e3e de Deus, \u00e9 colocar-se em atitude de contempla\u00e7\u00e3o diante de um mist\u00e9rio \u2013 o mist\u00e9rio de que Maria foi preservada da mancha herdada pelo pecado das origens da pr\u00f3pria humanidade, trazido em forma aleg\u00f3rica no livro do G\u00eanesis. &#8220;Aos nossos primeiros pais, Ad\u00e3o e Eva, \u00e9 atribu\u00edda a vulnerabilidade do ser humano diante das for\u00e7as do mal. Hoje, reconhecemos a exist\u00eancia desta tend\u00eancia, originada na ruptura com Deus, o criador, perfeit\u00edssimo em sua ess\u00eancia&#8221;, disse.<\/p>\n<p>Segundo o Ministro Provincial, a Igreja sempre venerou a santidade da M\u00e3e de Deus, o seu cora\u00e7\u00e3o inteiramente voltado para Deus, a mulher &#8220;cheia de gra\u00e7a&#8221; (Lc 1,28), saudada pelo anjo, no texto evang\u00e9lico que foi ouvido hoje. &#8220;Mas foi em 1854, no dia 8 de dezembro, que o Papa Pio IX declarou verdade de f\u00e9 a concei\u00e7\u00e3o imaculada de Maria, como um dogma &#8211; uma doutrina contida na Revela\u00e7\u00e3o Divina, a ser acreditada por todos os fi\u00e9is. Assim, s\u00e3o 166 anos deste dogma. Mas, a nossa Prov\u00edncia j\u00e1 foi criada h\u00e1 tr\u00eas s\u00e9culos e meio, com esta invoca\u00e7\u00e3o: Prov\u00edncia da Imaculada Concei\u00e7\u00e3o. E a Ordem Franciscana j\u00e1 celebrava esta solenidade desde o s\u00e9culo XIII&#8221;, explicou.<\/p>\n<p><img loading=\"lazy\" class=\"alignnone wp-image-229844 size-full\" src=\"https:\/\/franciscanos.org.br\/noticias\/wp-content\/uploads\/2020\/12\/braganca_1112_4.jpg\" alt=\"\" width=\"1280\" height=\"811\" srcset=\"https:\/\/franciscanos.org.br\/noticias\/wp-content\/uploads\/2020\/12\/braganca_1112_4.jpg 1280w, https:\/\/franciscanos.org.br\/noticias\/wp-content\/uploads\/2020\/12\/braganca_1112_4-450x285.jpg 450w, https:\/\/franciscanos.org.br\/noticias\/wp-content\/uploads\/2020\/12\/braganca_1112_4-1024x649.jpg 1024w, https:\/\/franciscanos.org.br\/noticias\/wp-content\/uploads\/2020\/12\/braganca_1112_4-768x487.jpg 768w, https:\/\/franciscanos.org.br\/noticias\/wp-content\/uploads\/2020\/12\/braganca_1112_4-150x95.jpg 150w\" sizes=\"(max-width: 1280px) 100vw, 1280px\" \/><\/p>\n<p>&#8220;S\u00e3o Francisco mesmo, na simples e bel\u00edssima ora\u00e7\u00e3o, &#8216;Sauda\u00e7\u00e3o \u00e0 M\u00e3e de Deus&#8217;, expressa esta verdade com palavras cheias de ternura: &#8216;Salve \u00f3 Senhora Santa&#8230;! Em v\u00f3s residiu e reside toda a plenitude da gra\u00e7a e todo o bem!&#8217;. Mas, celebrar a solenidade da Imaculada, para n\u00f3s hoje, \u00e9 uma ocasi\u00e3o para refletirmos sobre a nossa viv\u00eancia crist\u00e3, a partir dos mist\u00e9rios de Jesus Cristo, e, como franciscanos, reviver os valores do nosso carisma que partem da contempla\u00e7\u00e3o destes mist\u00e9rios centrados no Cristo&#8221;, lembrou Frei C\u00e9sar.<\/p>\n<p>Tamb\u00e9m recordou o Ministro Provincial: &#8220;Somos uma fraternidade de menores, seguidores de Jesus Cristo &#8211; Aquele que se fez menor, e isto expresso ao menos em tr\u00eas grandes mist\u00e9rios, muito caros para S\u00e3o Francisco: a sua Encarna\u00e7\u00e3o, a sua Paix\u00e3o e a Eucaristia. Foi nesta contempla\u00e7\u00e3o do Salvador, que S\u00e3o Francisco percebeu o caminho que queria trilhar, abrindo-o para que n\u00f3s hoje pud\u00e9ssemos continuar perseguindo seus passos. Como franciscanos, somos provocados ao despojamento radical de n\u00f3s mesmos e de todas as coisas, e viver como menores, anunciando as bem-aventuran\u00e7as com alegria \u2013 esta \u00e9 a nossa miss\u00e3o na Igreja, vivida na fidelidade ao Esp\u00edrito de S\u00e3o Francisco&#8221;.<\/p>\n<p>Frei C\u00e9sar, ent\u00e3o, falou da celebra\u00e7\u00e3o dos jubileus! &#8220;Foi isto que cada um de voc\u00eas buscou em suas experi\u00eancias vividas nos mais diferentes lugares, e continua buscando, com erros e com acertos, porque estamos todos a caminho. A viv\u00eancia do jubileu, na tradi\u00e7\u00e3o b\u00edblica, do Livro do Lev\u00edtico, cap. 25, traz elementos inspiradores: as d\u00edvidas eram perdoadas, as penas esquecidas e os escravos libertados. Queremos, hoje, pedir o perd\u00e3o jubilar de todas as nossas d\u00edvidas, culpas. Queremos confirmar e reiniciar a nossa consagra\u00e7\u00e3o e o nosso servi\u00e7o ministerial, fundados no primeiro amor, e isto profundamente reconciliados naquele que nos chama a segui-Lo&#8221;, animou.<\/p>\n<p><img loading=\"lazy\" class=\"alignnone wp-image-229845 size-full\" src=\"https:\/\/franciscanos.org.br\/noticias\/wp-content\/uploads\/2020\/12\/braganca_1112_5.jpg\" alt=\"\" width=\"1280\" height=\"773\" srcset=\"https:\/\/franciscanos.org.br\/noticias\/wp-content\/uploads\/2020\/12\/braganca_1112_5.jpg 1280w, https:\/\/franciscanos.org.br\/noticias\/wp-content\/uploads\/2020\/12\/braganca_1112_5-450x272.jpg 450w, https:\/\/franciscanos.org.br\/noticias\/wp-content\/uploads\/2020\/12\/braganca_1112_5-1024x618.jpg 1024w, https:\/\/franciscanos.org.br\/noticias\/wp-content\/uploads\/2020\/12\/braganca_1112_5-768x464.jpg 768w, https:\/\/franciscanos.org.br\/noticias\/wp-content\/uploads\/2020\/12\/braganca_1112_5-150x91.jpg 150w\" sizes=\"(max-width: 1280px) 100vw, 1280px\" \/><\/p>\n<p>&#8220;Mesmo com as limita\u00e7\u00f5es impostas pela idade avan\u00e7ada ou por alguma enfermidade, voc\u00eas s\u00e3o convidados a manter a fidelidade na resposta generosa que um dia j\u00e1 deram a Deus&#8221;, completou, convidando a cada um dos frades a renovar o &#8216;sim&#8217; no &#8216;Sim&#8217; ousado de Maria! O &#8216;Sim&#8217; revestido de humildade e de servi\u00e7o: \u201cEis aqui a serva do Senhor\u201d! \u201cFa\u00e7a-se em mim segundo a tua palavra!\u201d<\/p>\n<p>&#8220;Ela n\u00e3o nos chama para si mesma, mas nos aponta para seu Filho. Unidos a Ele e com a confian\u00e7a e a fidelidade de sua Sant\u00edssima M\u00e3e, a Imaculada Concei\u00e7\u00e3o, renovemos o nosso amor e o nosso sim!&#8221;, salientou.<\/p>\n<p>Frei C\u00e9sar ainda lembrou ainda que celebrar o jubileu \u00e9 tamb\u00e9m festejar a alegria do bem vivido e fez o seu agradecimento. &#8220;\u00c9 dia de gratid\u00e3o a Deus que nos deu o dom da voca\u00e7\u00e3o e o dom de servir em Seu nome. E em nome de todos os nossos frades e de todos os irm\u00e3os e irm\u00e3s que participam da nossa vida e da nossa miss\u00e3o, quero agradecer a cada um de voc\u00eas por terem compartilhado sua vida e sua miss\u00e3o em fraternidade conosco. Mas, a gratid\u00e3o s\u00f3 \u00e9 verdadeira quando se d\u00e1 a partir da gra\u00e7a de Deus. E, somente n&#8217;Ele, que \u00e9 amor e miseric\u00f3rdia, poderemos cantar com o salmista: &#8216;Cantai ao Senhor Deus um canto novo, porque ele fez prod\u00edgios&#8217; (Sl 97)&#8221;, celebrou, pedindo a intercess\u00e3o da Bem-aventurada Virgem Maria, em sua Imaculada Concei\u00e7\u00e3o, para que aben\u00e7oe, todos os dias da vida, a cada um.<\/p>\n<p><img loading=\"lazy\" class=\"alignnone wp-image-229858 size-full\" src=\"https:\/\/franciscanos.org.br\/noticias\/wp-content\/uploads\/2020\/12\/braganca_1112_6.jpg\" alt=\"\" width=\"1280\" height=\"832\" srcset=\"https:\/\/franciscanos.org.br\/noticias\/wp-content\/uploads\/2020\/12\/braganca_1112_6.jpg 1280w, https:\/\/franciscanos.org.br\/noticias\/wp-content\/uploads\/2020\/12\/braganca_1112_6-450x293.jpg 450w, https:\/\/franciscanos.org.br\/noticias\/wp-content\/uploads\/2020\/12\/braganca_1112_6-1024x666.jpg 1024w, https:\/\/franciscanos.org.br\/noticias\/wp-content\/uploads\/2020\/12\/braganca_1112_6-768x499.jpg 768w, https:\/\/franciscanos.org.br\/noticias\/wp-content\/uploads\/2020\/12\/braganca_1112_6-150x98.jpg 150w\" sizes=\"(max-width: 1280px) 100vw, 1280px\" \/><\/p>\n<hr \/>\n<p style=\"text-align: center;\"><strong>VEJA MAIS IMAGENS DA CELEBRA\u00c7\u00c3O EUCAR\u00cdSTICA<\/strong><\/p>\n\n\t\t<style type=\"text\/css\">\n\t\t\t#gallery-1 {\n\t\t\t\tmargin: auto;\n\t\t\t}\n\t\t\t#gallery-1 .gallery-item {\n\t\t\t\tfloat: left;\n\t\t\t\tmargin-top: 10px;\n\t\t\t\ttext-align: center;\n\t\t\t\twidth: 25%;\n\t\t\t}\n\t\t\t#gallery-1 img {\n\t\t\t\tborder: 2px solid #cfcfcf;\n\t\t\t}\n\t\t\t#gallery-1 .gallery-caption {\n\t\t\t\tmargin-left: 0;\n\t\t\t}\n\t\t\t\/* see gallery_shortcode() in wp-includes\/media.php *\/\n\t\t<\/style>\n\t\t<div id='gallery-1' class='gallery galleryid-229841 gallery-columns-4 gallery-size-thumbnail'><dl class='gallery-item'>\n\t\t\t<dt class='gallery-icon landscape'>\n\t\t\t\t<a href='https:\/\/franciscanos.org.br\/noticias\/wp-content\/uploads\/2020\/12\/01-2.jpg'><img width=\"300\" height=\"300\" src=\"https:\/\/franciscanos.org.br\/noticias\/wp-content\/uploads\/2020\/12\/01-2-300x300.jpg\" class=\"attachment-thumbnail size-thumbnail\" alt=\"\" loading=\"lazy\" srcset=\"https:\/\/franciscanos.org.br\/noticias\/wp-content\/uploads\/2020\/12\/01-2-300x300.jpg 300w, https:\/\/franciscanos.org.br\/noticias\/wp-content\/uploads\/2020\/12\/01-2-100x100.jpg 100w\" sizes=\"(max-width: 300px) 100vw, 300px\" \/><\/a>\n\t\t\t<\/dt><\/dl><dl class='gallery-item'>\n\t\t\t<dt class='gallery-icon landscape'>\n\t\t\t\t<a href='https:\/\/franciscanos.org.br\/noticias\/wp-content\/uploads\/2020\/12\/02-2.jpg'><img width=\"300\" height=\"300\" src=\"https:\/\/franciscanos.org.br\/noticias\/wp-content\/uploads\/2020\/12\/02-2-300x300.jpg\" class=\"attachment-thumbnail size-thumbnail\" alt=\"\" loading=\"lazy\" srcset=\"https:\/\/franciscanos.org.br\/noticias\/wp-content\/uploads\/2020\/12\/02-2-300x300.jpg 300w, https:\/\/franciscanos.org.br\/noticias\/wp-content\/uploads\/2020\/12\/02-2-100x100.jpg 100w\" sizes=\"(max-width: 300px) 100vw, 300px\" \/><\/a>\n\t\t\t<\/dt><\/dl><dl class='gallery-item'>\n\t\t\t<dt class='gallery-icon landscape'>\n\t\t\t\t<a href='https:\/\/franciscanos.org.br\/noticias\/wp-content\/uploads\/2020\/12\/03-2.jpg'><img width=\"300\" height=\"300\" src=\"https:\/\/franciscanos.org.br\/noticias\/wp-content\/uploads\/2020\/12\/03-2-300x300.jpg\" class=\"attachment-thumbnail size-thumbnail\" alt=\"\" loading=\"lazy\" srcset=\"https:\/\/franciscanos.org.br\/noticias\/wp-content\/uploads\/2020\/12\/03-2-300x300.jpg 300w, https:\/\/franciscanos.org.br\/noticias\/wp-content\/uploads\/2020\/12\/03-2-100x100.jpg 100w\" sizes=\"(max-width: 300px) 100vw, 300px\" \/><\/a>\n\t\t\t<\/dt><\/dl><dl class='gallery-item'>\n\t\t\t<dt class='gallery-icon landscape'>\n\t\t\t\t<a href='https:\/\/franciscanos.org.br\/noticias\/wp-content\/uploads\/2020\/12\/04-2.jpg'><img width=\"300\" height=\"300\" src=\"https:\/\/franciscanos.org.br\/noticias\/wp-content\/uploads\/2020\/12\/04-2-300x300.jpg\" class=\"attachment-thumbnail size-thumbnail\" alt=\"\" loading=\"lazy\" srcset=\"https:\/\/franciscanos.org.br\/noticias\/wp-content\/uploads\/2020\/12\/04-2-300x300.jpg 300w, https:\/\/franciscanos.org.br\/noticias\/wp-content\/uploads\/2020\/12\/04-2-100x100.jpg 100w\" sizes=\"(max-width: 300px) 100vw, 300px\" \/><\/a>\n\t\t\t<\/dt><\/dl><br style=\"clear: both\" \/><dl class='gallery-item'>\n\t\t\t<dt class='gallery-icon landscape'>\n\t\t\t\t<a href='https:\/\/franciscanos.org.br\/noticias\/wp-content\/uploads\/2020\/12\/05-2.jpg'><img width=\"300\" height=\"300\" src=\"https:\/\/franciscanos.org.br\/noticias\/wp-content\/uploads\/2020\/12\/05-2-300x300.jpg\" class=\"attachment-thumbnail size-thumbnail\" alt=\"\" loading=\"lazy\" srcset=\"https:\/\/franciscanos.org.br\/noticias\/wp-content\/uploads\/2020\/12\/05-2-300x300.jpg 300w, https:\/\/franciscanos.org.br\/noticias\/wp-content\/uploads\/2020\/12\/05-2-100x100.jpg 100w\" sizes=\"(max-width: 300px) 100vw, 300px\" \/><\/a>\n\t\t\t<\/dt><\/dl><dl class='gallery-item'>\n\t\t\t<dt class='gallery-icon landscape'>\n\t\t\t\t<a href='https:\/\/franciscanos.org.br\/noticias\/wp-content\/uploads\/2020\/12\/06-2.jpg'><img width=\"300\" height=\"300\" src=\"https:\/\/franciscanos.org.br\/noticias\/wp-content\/uploads\/2020\/12\/06-2-300x300.jpg\" class=\"attachment-thumbnail size-thumbnail\" alt=\"\" loading=\"lazy\" srcset=\"https:\/\/franciscanos.org.br\/noticias\/wp-content\/uploads\/2020\/12\/06-2-300x300.jpg 300w, https:\/\/franciscanos.org.br\/noticias\/wp-content\/uploads\/2020\/12\/06-2-100x100.jpg 100w\" sizes=\"(max-width: 300px) 100vw, 300px\" \/><\/a>\n\t\t\t<\/dt><\/dl><dl class='gallery-item'>\n\t\t\t<dt class='gallery-icon portrait'>\n\t\t\t\t<a href='https:\/\/franciscanos.org.br\/noticias\/wp-content\/uploads\/2020\/12\/07-2.jpg'><img width=\"300\" height=\"300\" src=\"https:\/\/franciscanos.org.br\/noticias\/wp-content\/uploads\/2020\/12\/07-2-300x300.jpg\" class=\"attachment-thumbnail size-thumbnail\" alt=\"\" loading=\"lazy\" srcset=\"https:\/\/franciscanos.org.br\/noticias\/wp-content\/uploads\/2020\/12\/07-2-300x300.jpg 300w, https:\/\/franciscanos.org.br\/noticias\/wp-content\/uploads\/2020\/12\/07-2-100x100.jpg 100w\" sizes=\"(max-width: 300px) 100vw, 300px\" \/><\/a>\n\t\t\t<\/dt><\/dl><dl class='gallery-item'>\n\t\t\t<dt class='gallery-icon portrait'>\n\t\t\t\t<a href='https:\/\/franciscanos.org.br\/noticias\/wp-content\/uploads\/2020\/12\/08-2.jpg'><img width=\"300\" height=\"300\" src=\"https:\/\/franciscanos.org.br\/noticias\/wp-content\/uploads\/2020\/12\/08-2-300x300.jpg\" class=\"attachment-thumbnail size-thumbnail\" alt=\"\" loading=\"lazy\" srcset=\"https:\/\/franciscanos.org.br\/noticias\/wp-content\/uploads\/2020\/12\/08-2-300x300.jpg 300w, https:\/\/franciscanos.org.br\/noticias\/wp-content\/uploads\/2020\/12\/08-2-100x100.jpg 100w\" sizes=\"(max-width: 300px) 100vw, 300px\" \/><\/a>\n\t\t\t<\/dt><\/dl><br style=\"clear: both\" \/><dl class='gallery-item'>\n\t\t\t<dt class='gallery-icon landscape'>\n\t\t\t\t<a href='https:\/\/franciscanos.org.br\/noticias\/wp-content\/uploads\/2020\/12\/09-2.jpg'><img width=\"300\" height=\"300\" src=\"https:\/\/franciscanos.org.br\/noticias\/wp-content\/uploads\/2020\/12\/09-2-300x300.jpg\" class=\"attachment-thumbnail size-thumbnail\" alt=\"\" loading=\"lazy\" srcset=\"https:\/\/franciscanos.org.br\/noticias\/wp-content\/uploads\/2020\/12\/09-2-300x300.jpg 300w, https:\/\/franciscanos.org.br\/noticias\/wp-content\/uploads\/2020\/12\/09-2-100x100.jpg 100w\" sizes=\"(max-width: 300px) 100vw, 300px\" \/><\/a>\n\t\t\t<\/dt><\/dl><dl class='gallery-item'>\n\t\t\t<dt class='gallery-icon landscape'>\n\t\t\t\t<a href='https:\/\/franciscanos.org.br\/noticias\/wp-content\/uploads\/2020\/12\/10-2.jpg'><img width=\"300\" height=\"300\" src=\"https:\/\/franciscanos.org.br\/noticias\/wp-content\/uploads\/2020\/12\/10-2-300x300.jpg\" class=\"attachment-thumbnail size-thumbnail\" alt=\"\" loading=\"lazy\" srcset=\"https:\/\/franciscanos.org.br\/noticias\/wp-content\/uploads\/2020\/12\/10-2-300x300.jpg 300w, https:\/\/franciscanos.org.br\/noticias\/wp-content\/uploads\/2020\/12\/10-2-100x100.jpg 100w\" sizes=\"(max-width: 300px) 100vw, 300px\" \/><\/a>\n\t\t\t<\/dt><\/dl><dl class='gallery-item'>\n\t\t\t<dt class='gallery-icon landscape'>\n\t\t\t\t<a href='https:\/\/franciscanos.org.br\/noticias\/wp-content\/uploads\/2020\/12\/11-2.jpg'><img width=\"300\" height=\"300\" src=\"https:\/\/franciscanos.org.br\/noticias\/wp-content\/uploads\/2020\/12\/11-2-300x300.jpg\" class=\"attachment-thumbnail size-thumbnail\" alt=\"\" loading=\"lazy\" srcset=\"https:\/\/franciscanos.org.br\/noticias\/wp-content\/uploads\/2020\/12\/11-2-300x300.jpg 300w, https:\/\/franciscanos.org.br\/noticias\/wp-content\/uploads\/2020\/12\/11-2-100x100.jpg 100w\" sizes=\"(max-width: 300px) 100vw, 300px\" \/><\/a>\n\t\t\t<\/dt><\/dl><dl class='gallery-item'>\n\t\t\t<dt class='gallery-icon landscape'>\n\t\t\t\t<a href='https:\/\/franciscanos.org.br\/noticias\/wp-content\/uploads\/2020\/12\/12-2.jpg'><img width=\"300\" height=\"300\" src=\"https:\/\/franciscanos.org.br\/noticias\/wp-content\/uploads\/2020\/12\/12-2-300x300.jpg\" class=\"attachment-thumbnail size-thumbnail\" alt=\"\" loading=\"lazy\" srcset=\"https:\/\/franciscanos.org.br\/noticias\/wp-content\/uploads\/2020\/12\/12-2-300x300.jpg 300w, https:\/\/franciscanos.org.br\/noticias\/wp-content\/uploads\/2020\/12\/12-2-100x100.jpg 100w\" sizes=\"(max-width: 300px) 100vw, 300px\" \/><\/a>\n\t\t\t<\/dt><\/dl><br style=\"clear: both\" \/>\n\t\t<\/div>\n\n","protected":false},"excerpt":{"rendered":"<p>Jubileus da Prov\u00edncia<\/p>\n","protected":false},"author":3,"featured_media":229859,"comment_status":"open","ping_status":"open","sticky":false,"template":"","format":"standard","meta":[],"categories":[1],"tags":[332],"acf":[],"yoast_head":"<!-- This site is optimized with the Yoast SEO plugin v19.2 - https:\/\/yoast.com\/wordpress\/plugins\/seo\/ -->\n<title>Dia de gratid\u00e3o na Fraternidade de Bragan\u00e7a Paulista - Not\u00edcias - Franciscanos<\/title>\n<meta name=\"robots\" content=\"index, follow, max-snippet:-1, max-image-preview:large, max-video-preview:-1\" \/>\n<link rel=\"canonical\" href=\"https:\/\/franciscanos.org.br\/noticias\/dia-de-gratidao-na-fraternidade-de-braganca-paulista.html\" \/>\n<meta property=\"og:locale\" content=\"pt_BR\" \/>\n<meta property=\"og:type\" content=\"article\" \/>\n<meta property=\"og:title\" content=\"Dia de gratid\u00e3o na Fraternidade de Bragan\u00e7a Paulista - Not\u00edcias - Franciscanos\" \/>\n<meta property=\"og:description\" content=\"Jubileus da Prov\u00edncia\" \/>\n<meta property=\"og:url\" content=\"https:\/\/franciscanos.org.br\/noticias\/dia-de-gratidao-na-fraternidade-de-braganca-paulista.html\" \/>\n<meta property=\"og:site_name\" content=\"Not\u00edcias - Franciscanos\" \/>\n<meta property=\"article:published_time\" content=\"2020-12-11T11:39:22+00:00\" \/>\n<meta property=\"article:modified_time\" content=\"2020-12-11T12:40:59+00:00\" \/>\n<meta property=\"og:image\" content=\"https:\/\/franciscanos.org.br\/noticias\/wp-content\/uploads\/2020\/12\/braganca_1112dd.jpg\" \/>\n\t<meta property=\"og:image:width\" content=\"800\" \/>\n\t<meta property=\"og:image:height\" content=\"600\" \/>\n\t<meta property=\"og:image:type\" content=\"image\/jpeg\" \/>\n<meta name=\"author\" content=\"moacir\" \/>\n<meta name=\"twitter:card\" content=\"summary_large_image\" \/>\n<meta name=\"twitter:label1\" content=\"Escrito por\" \/>\n\t<meta name=\"twitter:data1\" content=\"moacir\" \/>\n\t<meta name=\"twitter:label2\" content=\"Est. tempo de leitura\" \/>\n\t<meta name=\"twitter:data2\" content=\"6 minutos\" \/>\n<script type=\"application\/ld+json\" class=\"yoast-schema-graph\">{\"@context\":\"https:\/\/schema.org\",\"@graph\":[{\"@type\":\"WebSite\",\"@id\":\"https:\/\/franciscanos.org.br\/noticias\/#website\",\"url\":\"https:\/\/franciscanos.org.br\/noticias\/\",\"name\":\"Not\u00edcias - Franciscanos\",\"description\":\"Prov\u00edncia Franciscana da Imaculada Concei\u00e7\u00e3o do Brasil - Ordem dos Frades Menores - OFM\",\"potentialAction\":[{\"@type\":\"SearchAction\",\"target\":{\"@type\":\"EntryPoint\",\"urlTemplate\":\"https:\/\/franciscanos.org.br\/noticias\/?s={search_term_string}\"},\"query-input\":\"required name=search_term_string\"}],\"inLanguage\":\"pt-BR\"},{\"@type\":\"ImageObject\",\"inLanguage\":\"pt-BR\",\"@id\":\"https:\/\/franciscanos.org.br\/noticias\/dia-de-gratidao-na-fraternidade-de-braganca-paulista.html#primaryimage\",\"url\":\"https:\/\/franciscanos.org.br\/noticias\/wp-content\/uploads\/2020\/12\/braganca_1112dd.jpg\",\"contentUrl\":\"https:\/\/franciscanos.org.br\/noticias\/wp-content\/uploads\/2020\/12\/braganca_1112dd.jpg\",\"width\":800,\"height\":600},{\"@type\":\"WebPage\",\"@id\":\"https:\/\/franciscanos.org.br\/noticias\/dia-de-gratidao-na-fraternidade-de-braganca-paulista.html#webpage\",\"url\":\"https:\/\/franciscanos.org.br\/noticias\/dia-de-gratidao-na-fraternidade-de-braganca-paulista.html\",\"name\":\"Dia de gratid\u00e3o na Fraternidade de Bragan\u00e7a Paulista - Not\u00edcias - Franciscanos\",\"isPartOf\":{\"@id\":\"https:\/\/franciscanos.org.br\/noticias\/#website\"},\"primaryImageOfPage\":{\"@id\":\"https:\/\/franciscanos.org.br\/noticias\/dia-de-gratidao-na-fraternidade-de-braganca-paulista.html#primaryimage\"},\"datePublished\":\"2020-12-11T11:39:22+00:00\",\"dateModified\":\"2020-12-11T12:40:59+00:00\",\"author\":{\"@id\":\"https:\/\/franciscanos.org.br\/noticias\/#\/schema\/person\/b5c8cba458c330ccff548b056e95a5d4\"},\"breadcrumb\":{\"@id\":\"https:\/\/franciscanos.org.br\/noticias\/dia-de-gratidao-na-fraternidade-de-braganca-paulista.html#breadcrumb\"},\"inLanguage\":\"pt-BR\",\"potentialAction\":[{\"@type\":\"ReadAction\",\"target\":[\"https:\/\/franciscanos.org.br\/noticias\/dia-de-gratidao-na-fraternidade-de-braganca-paulista.html\"]}]},{\"@type\":\"BreadcrumbList\",\"@id\":\"https:\/\/franciscanos.org.br\/noticias\/dia-de-gratidao-na-fraternidade-de-braganca-paulista.html#breadcrumb\",\"itemListElement\":[{\"@type\":\"ListItem\",\"position\":1,\"name\":\"Home\",\"item\":\"https:\/\/franciscanos.org.br\/noticias\"},{\"@type\":\"ListItem\",\"position\":2,\"name\":\"Dia de gratid\u00e3o na Fraternidade de Bragan\u00e7a Paulista\"}]},{\"@type\":\"Person\",\"@id\":\"https:\/\/franciscanos.org.br\/noticias\/#\/schema\/person\/b5c8cba458c330ccff548b056e95a5d4\",\"name\":\"moacir\",\"image\":{\"@type\":\"ImageObject\",\"inLanguage\":\"pt-BR\",\"@id\":\"https:\/\/franciscanos.org.br\/noticias\/#\/schema\/person\/image\/\",\"url\":\"https:\/\/secure.gravatar.com\/avatar\/d08aa2ce4c8dd416d4479aa8536fcf64?s=96&d=mm&r=g\",\"contentUrl\":\"https:\/\/secure.gravatar.com\/avatar\/d08aa2ce4c8dd416d4479aa8536fcf64?s=96&d=mm&r=g\",\"caption\":\"moacir\"},\"url\":\"https:\/\/franciscanos.org.br\/noticias\/author\/moacir\"}]}<\/script>\n<!-- \/ Yoast SEO plugin. -->","yoast_head_json":{"title":"Dia de gratid\u00e3o na Fraternidade de Bragan\u00e7a Paulista - Not\u00edcias - Franciscanos","robots":{"index":"index","follow":"follow","max-snippet":"max-snippet:-1","max-image-preview":"max-image-preview:large","max-video-preview":"max-video-preview:-1"},"canonical":"https:\/\/franciscanos.org.br\/noticias\/dia-de-gratidao-na-fraternidade-de-braganca-paulista.html","og_locale":"pt_BR","og_type":"article","og_title":"Dia de gratid\u00e3o na Fraternidade de Bragan\u00e7a Paulista - Not\u00edcias - Franciscanos","og_description":"Jubileus da Prov\u00edncia","og_url":"https:\/\/franciscanos.org.br\/noticias\/dia-de-gratidao-na-fraternidade-de-braganca-paulista.html","og_site_name":"Not\u00edcias - Franciscanos","article_published_time":"2020-12-11T11:39:22+00:00","article_modified_time":"2020-12-11T12:40:59+00:00","og_image":[{"width":800,"height":600,"url":"https:\/\/franciscanos.org.br\/noticias\/wp-content\/uploads\/2020\/12\/braganca_1112dd.jpg","type":"image\/jpeg"}],"author":"moacir","twitter_card":"summary_large_image","twitter_misc":{"Escrito por":"moacir","Est. tempo de leitura":"6 minutos"},"schema":{"@context":"https:\/\/schema.org","@graph":[{"@type":"WebSite","@id":"https:\/\/franciscanos.org.br\/noticias\/#website","url":"https:\/\/franciscanos.org.br\/noticias\/","name":"Not\u00edcias - Franciscanos","description":"Prov\u00edncia Franciscana da Imaculada Concei\u00e7\u00e3o do Brasil - Ordem dos Frades Menores - OFM","potentialAction":[{"@type":"SearchAction","target":{"@type":"EntryPoint","urlTemplate":"https:\/\/franciscanos.org.br\/noticias\/?s={search_term_string}"},"query-input":"required name=search_term_string"}],"inLanguage":"pt-BR"},{"@type":"ImageObject","inLanguage":"pt-BR","@id":"https:\/\/franciscanos.org.br\/noticias\/dia-de-gratidao-na-fraternidade-de-braganca-paulista.html#primaryimage","url":"https:\/\/franciscanos.org.br\/noticias\/wp-content\/uploads\/2020\/12\/braganca_1112dd.jpg","contentUrl":"https:\/\/franciscanos.org.br\/noticias\/wp-content\/uploads\/2020\/12\/braganca_1112dd.jpg","width":800,"height":600},{"@type":"WebPage","@id":"https:\/\/franciscanos.org.br\/noticias\/dia-de-gratidao-na-fraternidade-de-braganca-paulista.html#webpage","url":"https:\/\/franciscanos.org.br\/noticias\/dia-de-gratidao-na-fraternidade-de-braganca-paulista.html","name":"Dia de gratid\u00e3o na Fraternidade de Bragan\u00e7a Paulista - Not\u00edcias - Franciscanos","isPartOf":{"@id":"https:\/\/franciscanos.org.br\/noticias\/#website"},"primaryImageOfPage":{"@id":"https:\/\/franciscanos.org.br\/noticias\/dia-de-gratidao-na-fraternidade-de-braganca-paulista.html#primaryimage"},"datePublished":"2020-12-11T11:39:22+00:00","dateModified":"2020-12-11T12:40:59+00:00","author":{"@id":"https:\/\/franciscanos.org.br\/noticias\/#\/schema\/person\/b5c8cba458c330ccff548b056e95a5d4"},"breadcrumb":{"@id":"https:\/\/franciscanos.org.br\/noticias\/dia-de-gratidao-na-fraternidade-de-braganca-paulista.html#breadcrumb"},"inLanguage":"pt-BR","potentialAction":[{"@type":"ReadAction","target":["https:\/\/franciscanos.org.br\/noticias\/dia-de-gratidao-na-fraternidade-de-braganca-paulista.html"]}]},{"@type":"BreadcrumbList","@id":"https:\/\/franciscanos.org.br\/noticias\/dia-de-gratidao-na-fraternidade-de-braganca-paulista.html#breadcrumb","itemListElement":[{"@type":"ListItem","position":1,"name":"Home","item":"https:\/\/franciscanos.org.br\/noticias"},{"@type":"ListItem","position":2,"name":"Dia de gratid\u00e3o na Fraternidade de Bragan\u00e7a Paulista"}]},{"@type":"Person","@id":"https:\/\/franciscanos.org.br\/noticias\/#\/schema\/person\/b5c8cba458c330ccff548b056e95a5d4","name":"moacir","image":{"@type":"ImageObject","inLanguage":"pt-BR","@id":"https:\/\/franciscanos.org.br\/noticias\/#\/schema\/person\/image\/","url":"https:\/\/secure.gravatar.com\/avatar\/d08aa2ce4c8dd416d4479aa8536fcf64?s=96&d=mm&r=g","contentUrl":"https:\/\/secure.gravatar.com\/avatar\/d08aa2ce4c8dd416d4479aa8536fcf64?s=96&d=mm&r=g","caption":"moacir"},"url":"https:\/\/franciscanos.org.br\/noticias\/author\/moacir"}]}},"_links":{"self":[{"href":"https:\/\/franciscanos.org.br\/noticias\/wp-json\/wp\/v2\/posts\/229841"}],"collection":[{"href":"https:\/\/franciscanos.org.br\/noticias\/wp-json\/wp\/v2\/posts"}],"about":[{"href":"https:\/\/franciscanos.org.br\/noticias\/wp-json\/wp\/v2\/types\/post"}],"author":[{"embeddable":true,"href":"https:\/\/franciscanos.org.br\/noticias\/wp-json\/wp\/v2\/users\/3"}],"replies":[{"embeddable":true,"href":"https:\/\/franciscanos.org.br\/noticias\/wp-json\/wp\/v2\/comments?post=229841"}],"version-history":[{"count":3,"href":"https:\/\/franciscanos.org.br\/noticias\/wp-json\/wp\/v2\/posts\/229841\/revisions"}],"predecessor-version":[{"id":229861,"href":"https:\/\/franciscanos.org.br\/noticias\/wp-json\/wp\/v2\/posts\/229841\/revisions\/229861"}],"wp:featuredmedia":[{"embeddable":true,"href":"https:\/\/franciscanos.org.br\/noticias\/wp-json\/wp\/v2\/media\/229859"}],"wp:attachment":[{"href":"https:\/\/franciscanos.org.br\/noticias\/wp-json\/wp\/v2\/media?parent=229841"}],"wp:term":[{"taxonomy":"category","embeddable":true,"href":"https:\/\/franciscanos.org.br\/noticias\/wp-json\/wp\/v2\/categories?post=229841"},{"taxonomy":"post_tag","embeddable":true,"href":"https:\/\/franciscanos.org.br\/noticias\/wp-json\/wp\/v2\/tags?post=229841"}],"curies":[{"name":"wp","href":"https:\/\/api.w.org\/{rel}","templated":true}]}}