{"id":229770,"date":"2020-12-08T17:47:30","date_gmt":"2020-12-08T20:47:30","guid":{"rendered":"https:\/\/franciscanos.org.br\/noticias\/?p=229770"},"modified":"2020-12-08T20:24:07","modified_gmt":"2020-12-08T23:24:07","slug":"frei-ivo-e-frei-marcos-marcam-a-solenidade-da-imaculada-com-seus-jubileus","status":"publish","type":"post","link":"https:\/\/franciscanos.org.br\/noticias\/frei-ivo-e-frei-marcos-marcam-a-solenidade-da-imaculada-com-seus-jubileus.html","title":{"rendered":"Frei Ivo e Frei Marcos marcam a Solenidade da Imaculada com seus jubileus"},"content":{"rendered":"<p><img loading=\"lazy\" class=\"alignnone wp-image-229771 size-full\" src=\"https:\/\/franciscanos.org.br\/noticias\/wp-content\/uploads\/2020\/12\/jubileu_marco_01.jpg\" alt=\"\" width=\"1280\" height=\"720\" srcset=\"https:\/\/franciscanos.org.br\/noticias\/wp-content\/uploads\/2020\/12\/jubileu_marco_01.jpg 1280w, https:\/\/franciscanos.org.br\/noticias\/wp-content\/uploads\/2020\/12\/jubileu_marco_01-450x253.jpg 450w, https:\/\/franciscanos.org.br\/noticias\/wp-content\/uploads\/2020\/12\/jubileu_marco_01-1024x576.jpg 1024w, https:\/\/franciscanos.org.br\/noticias\/wp-content\/uploads\/2020\/12\/jubileu_marco_01-768x432.jpg 768w, https:\/\/franciscanos.org.br\/noticias\/wp-content\/uploads\/2020\/12\/jubileu_marco_01-150x84.jpg 150w\" sizes=\"(max-width: 1280px) 100vw, 1280px\" \/><\/p>\n<p><b>Frei Augusto Luiz Gabriel<\/b><\/p>\n<p><b>Petr\u00f3polis (RJ) \u2013 <\/b><span style=\"font-weight: 400;\">\u00a0O dia 8 de dezembro, solenidade da Imaculada Concei\u00e7\u00e3o de Maria, Padroeira da Ordem dos Frades Menores e da Prov\u00edncia, marcou pela festa, na Fraternidade do Sagrado Cora\u00e7\u00e3o de Jesus de Petr\u00f3polis (RJ), dos jubileus de Frei Ivo M\u00fcller e Frei Marcos Ant\u00f4nio de Andrade, que celebraram seus 25 anos de vida sacerdotal. O dia marcou tamb\u00e9m o encerramento das atividades acad\u00eamicas dos frades no tempo da Teologia.\u00a0<\/span><\/p>\n<p><span style=\"font-weight: 400;\">A Celebra\u00e7\u00e3o do Jubileu de Prata, na Igreja do Sagrado Cora\u00e7\u00e3o de Jesus, foi presidida por Frei Marcos Andrade, \u00e0s 10 horas desta ter\u00e7a-feira. Seu confrade jubilando, Frei Ivo M\u00fcller, foi o concelebrante juntamente com o p\u00e1roco Frei Jorge Paulo Schiavini e com os vig\u00e1rios paroquiais, Frei Jos\u00e9 Ariovaldo da Silva e Frei Ab\u00edlio Antunes do Amaral. Toda Fraternidade se fez presente e testemunhou este importante momento na vida da Fraternidade Provincial. O Coral dos Frades Cantores animou a celebra\u00e7\u00e3o, que contou com a presen\u00e7a de fi\u00e9is, paroquianos e amigos dos jubilandos.<\/span><\/p>\n<p><span style=\"font-weight: 400;\">Frei Marcos Andrade recordou que, neste dia, tamb\u00e9m celebra o jubileu de 25 anos de ordena\u00e7\u00e3o de seu pai, Jair de Andrade, Di\u00e1cono Permanente da Arquidiocese de Sorocaba (SP). Ele n\u00e3o p\u00f4de estar presente por raz\u00f5es j\u00e1 conhecidas, mas, esteve unido e conectado atrav\u00e9s da transmiss\u00e3o ao vivo realizada pelas plataformas digitais da Par\u00f3quia.<\/span><\/p>\n<p><img loading=\"lazy\" class=\"alignnone wp-image-229773 size-full\" src=\"https:\/\/franciscanos.org.br\/noticias\/wp-content\/uploads\/2020\/12\/jubileu_marco_02.jpg\" alt=\"\" width=\"1280\" height=\"960\" srcset=\"https:\/\/franciscanos.org.br\/noticias\/wp-content\/uploads\/2020\/12\/jubileu_marco_02.jpg 1280w, https:\/\/franciscanos.org.br\/noticias\/wp-content\/uploads\/2020\/12\/jubileu_marco_02-450x338.jpg 450w, https:\/\/franciscanos.org.br\/noticias\/wp-content\/uploads\/2020\/12\/jubileu_marco_02-1024x768.jpg 1024w, https:\/\/franciscanos.org.br\/noticias\/wp-content\/uploads\/2020\/12\/jubileu_marco_02-768x576.jpg 768w, https:\/\/franciscanos.org.br\/noticias\/wp-content\/uploads\/2020\/12\/jubileu_marco_02-150x113.jpg 150w, https:\/\/franciscanos.org.br\/noticias\/wp-content\/uploads\/2020\/12\/jubileu_marco_02-600x450.jpg 600w\" sizes=\"(max-width: 1280px) 100vw, 1280px\" \/><\/p>\n<p><b>CANTAI AO SENHOR DEUS UM CANTO NOVO<\/b><\/p>\n<p><span style=\"font-weight: 400;\">Frei Jos\u00e9 Ariovaldo, escolhido pelos jubilandos para fazer a homilia, iniciou sua reflex\u00e3o rendendo gra\u00e7as pela voca\u00e7\u00e3o ao minist\u00e9rio ordenado de Frei Ivo e de Frei Marcos. \u201c\u00c9 muito bom estarmos aqui, para ouvirmos a Palavra e celebrarmos a A\u00e7\u00e3o de Gra\u00e7as por excel\u00eancia: a Eucaristia. Toda vez que a celebramos, sempre levamos uma chacoalhada em nosso sono: \u2018Sejam assim tamb\u00e9m\u2019, Corpo entregue, Sangue derramado\u201d, disse.<\/span><\/p>\n<p><span style=\"font-weight: 400;\">Para Frei Ariovaldo, h\u00e1 25 anos Frei Ivo e Frei Marcos atuam no minist\u00e9rio presbiteral, como colaboradores da lideran\u00e7a maior na pessoa dos bispos. Segundo ele, Deus, pelo seu Esp\u00edrito, os fez assim e a Igreja, neste Esp\u00edrito, os chamou. \u201cVoc\u00eas disseram sim, e o Esp\u00edrito Santo de Deus os consagrou para atuarem como sacerdotes do Deus alt\u00edssimo em favor do povo. E o fazem como irm\u00e3os menores, a saber: dedicam-se em atuar como sacerdotes dentro do esp\u00edrito de S\u00e3o Francisco, na simplicidade e humildade do Corpo do Senhor, na compaix\u00e3o para com todos, com os pobres, os doentes, os sofridos, e tendo um imenso amor para com a Palavra de Deus e, sobretudo, o Corpo do Senhor, do qual aprendemos e assimilamos o ser menor entre todos\u201d, descreveu.<\/span><\/p>\n<p><img loading=\"lazy\" class=\"alignnone wp-image-229774 size-full\" src=\"https:\/\/franciscanos.org.br\/noticias\/wp-content\/uploads\/2020\/12\/jubileu_marco_03.jpg\" alt=\"\" width=\"1280\" height=\"787\" srcset=\"https:\/\/franciscanos.org.br\/noticias\/wp-content\/uploads\/2020\/12\/jubileu_marco_03.jpg 1280w, https:\/\/franciscanos.org.br\/noticias\/wp-content\/uploads\/2020\/12\/jubileu_marco_03-450x277.jpg 450w, https:\/\/franciscanos.org.br\/noticias\/wp-content\/uploads\/2020\/12\/jubileu_marco_03-1024x630.jpg 1024w, https:\/\/franciscanos.org.br\/noticias\/wp-content\/uploads\/2020\/12\/jubileu_marco_03-768x472.jpg 768w, https:\/\/franciscanos.org.br\/noticias\/wp-content\/uploads\/2020\/12\/jubileu_marco_03-150x92.jpg 150w\" sizes=\"(max-width: 1280px) 100vw, 1280px\" \/><\/p>\n<p><span style=\"font-weight: 400;\">J\u00e1 no final da homilia, Frei Jos\u00e9 Ariovaldo apresentou alguns dados biogr\u00e1ficos e\u00a0 trabalhos evangelizadores dos jubilandos sacerdotes, \u201ccolaboradores diretos de Cristo por 25 anos no grande mutir\u00e3o em favor da vida neste nosso querido planeta terra\u201d. Concluiu: \u201cCantai ao Senhor Deus um canto novo, porque ele fez prod\u00edgios. Gratid\u00e3o! Gratid\u00e3o! \u00c9 muita gratid\u00e3o\u201d. No final, Frei Ariovaldo, recitou uma poesia, intitulada: \u201cMensagem aos sacerdotes\u201d.<\/span><\/p>\n<p><span style=\"font-weight: 400;\">Logo ap\u00f3s a homilia, deu-se in\u00edcio ao rito de renova\u00e7\u00e3o do compromisso assumido h\u00e1 25 anos, na Ordena\u00e7\u00e3o Presbiteral. J\u00e1 no presbit\u00e9rio, em frente ao altar, receberam da paroquiana Elo\u00edsa e de Frei Almir Ribeiro Guimar\u00e3es as velas acesas e renovaram os compromissos sacerdotais na presen\u00e7a do guardi\u00e3o Frei Jorge Schiavini. A comunidade local os acolheu com uma calorosa salva de palmas.<\/span><\/p>\n<p><span style=\"font-weight: 400;\">A solene celebra\u00e7\u00e3o prosseguiu com a liturgia eucar\u00edstica. Ap\u00f3s a comunh\u00e3o, o coral dos frades emocionou com o tradicional c\u00e2ntico do <\/span><i><span style=\"font-weight: 400;\">Tota Pulcha, <\/span><\/i><span style=\"font-weight: 400;\">entoado aos s\u00e1bados em todos os conventos franciscanos.<\/span><\/p>\n<p><img loading=\"lazy\" class=\"alignnone wp-image-229775 size-full\" src=\"https:\/\/franciscanos.org.br\/noticias\/wp-content\/uploads\/2020\/12\/jubileu_marco_07.jpg\" alt=\"\" width=\"1280\" height=\"853\" srcset=\"https:\/\/franciscanos.org.br\/noticias\/wp-content\/uploads\/2020\/12\/jubileu_marco_07.jpg 1280w, https:\/\/franciscanos.org.br\/noticias\/wp-content\/uploads\/2020\/12\/jubileu_marco_07-450x300.jpg 450w, https:\/\/franciscanos.org.br\/noticias\/wp-content\/uploads\/2020\/12\/jubileu_marco_07-1024x682.jpg 1024w, https:\/\/franciscanos.org.br\/noticias\/wp-content\/uploads\/2020\/12\/jubileu_marco_07-768x512.jpg 768w, https:\/\/franciscanos.org.br\/noticias\/wp-content\/uploads\/2020\/12\/jubileu_marco_07-150x100.jpg 150w\" sizes=\"(max-width: 1280px) 100vw, 1280px\" \/><\/p>\n<p><b>AGRADECIMENTOS<\/b><\/p>\n<p><span style=\"font-weight: 400;\">Nos agradecimentos, Frei Jorge frisou a alegria e emo\u00e7\u00e3o de celebrar em fraternidade este importante momento na vida dos seus confrades. \u201cRendemos a\u00e7\u00e3o de gra\u00e7as a Deus que os chamou, os sustentou, lhes deu perseveran\u00e7a e os envia para continuar servindo o Senhor, a Igreja e trazendo presente o Senhor em suas vidas. Queremos agradecer pelo servi\u00e7o generoso de voc\u00eas em nossa Par\u00f3quia do Sagrado\u201d, disse. Em seguida, os presenteou com duas orqu\u00eddeas.<\/span><\/p>\n<p><span style=\"font-weight: 400;\">Frei Marcos Andrade agradeceu a Frei Ariovaldo pela homilia. \u201cMe lembrei da minha ordena\u00e7\u00e3o, onde Frei Ariovaldo fora o animador. Muito obrigado pela medita\u00e7\u00e3o desta liturgia t\u00e3o importante para a vida da Igreja, da Ordem, da Prov\u00edncia e tamb\u00e9m para todos n\u00f3s que aqui juntos celebramos\u201d. Ele tamb\u00e9m fez mem\u00f3ria do saudoso Frei Jos\u00e9 Luiz Prim, dos seus confrades de turma e do bispo Dom Pasc\u00e1sio Rettler, que o ordenou h\u00e1 25 anos. Lembrou de seus familiares, em especial de seu pai, que tamb\u00e9m celebra o Jubileu de Prata. \u201cPai, que Deus aben\u00e7oe este minist\u00e9rio. O senhor e minha m\u00e3e foram os verdadeiros sacerdotes que me inspiraram a assumir e dar o meu \u2018sim\u2019 a este chamado da Igreja\u201d, disse emocionado.\u00a0<\/span><\/p>\n<p><img loading=\"lazy\" class=\"alignnone wp-image-229776 size-full\" src=\"https:\/\/franciscanos.org.br\/noticias\/wp-content\/uploads\/2020\/12\/jubileu_marco_04.jpg\" alt=\"\" width=\"1280\" height=\"853\" srcset=\"https:\/\/franciscanos.org.br\/noticias\/wp-content\/uploads\/2020\/12\/jubileu_marco_04.jpg 1280w, https:\/\/franciscanos.org.br\/noticias\/wp-content\/uploads\/2020\/12\/jubileu_marco_04-450x300.jpg 450w, https:\/\/franciscanos.org.br\/noticias\/wp-content\/uploads\/2020\/12\/jubileu_marco_04-1024x682.jpg 1024w, https:\/\/franciscanos.org.br\/noticias\/wp-content\/uploads\/2020\/12\/jubileu_marco_04-768x512.jpg 768w, https:\/\/franciscanos.org.br\/noticias\/wp-content\/uploads\/2020\/12\/jubileu_marco_04-150x100.jpg 150w\" sizes=\"(max-width: 1280px) 100vw, 1280px\" \/><\/p>\n<p><span style=\"font-weight: 400;\">Agradeceu \u00e0 Par\u00f3quia do Sagrado e tamb\u00e9m aos Canarinhos de Petr\u00f3polis. \u201cDesde o tempo de estudante foi tamb\u00e9m a minha segunda casa\u201d. Agradeceu aos frades do quarto ano que recentemente foram transferidos para novas fraternidades: \u201cObrigado por estes quatro anos de fraternidade e aprendizado. Que voc\u00eas possam continuar neste caminho t\u00e3o belo de servi\u00e7o dentro de nossa Ordem, seguindo os passos de Jesus Cristo, como S\u00e3o Francisco fez\u201d. Fez men\u00e7\u00e3o a todos os seus confrades da comunidade permanente e das fraternidades formadoras de Imbari\u00ea e Campos El\u00edseos, da Baixada Fluminense. Encerrou pedindo ora\u00e7\u00f5es.<\/span><\/p>\n<p><span style=\"font-weight: 400;\">Frei Ivo M\u00fcller disse que h\u00e1 25 anos, depois de todo processo de forma\u00e7\u00e3o teol\u00f3gica em Jerusal\u00e9m, Israel, ao chegar no Brasil fez uma prepara\u00e7\u00e3o para as mais de 25 comunidades da Par\u00f3quia S\u00e3o Jer\u00f4nimo de Caxambu do Sul (SC). \u201cAli, n\u00f3s celebramos minha Ordena\u00e7\u00e3o Sacerdotal\u201d, explicou. Depois, fez men\u00e7\u00e3o ao lema de sua ordena\u00e7\u00e3o: \u2018V\u00f3s sois o sal da terra e a luz do mundo\u2019: \u201cProcurei colocar isso em pr\u00e1tica durante todos esses anos que me dediquei ao servi\u00e7o do povo de Deus\u201d. \u201cQuero agradecer a linda prega\u00e7\u00e3o de Frei Ariovaldo, as palavras acalentadoras do Frei Jorge, a companhia de Frei Marcos desde o tempo de Guaratinguet\u00e1 (SP). Quero agradecer a todos, comunidade e povo de Deus, e a fraternidade, que vejo como uma verdadeira escola da vida. Muito obrigado e que Deus nos aben\u00e7oe e nos guarde\u201d, completou.<\/span><\/p>\n<p><span style=\"font-weight: 400;\">A Celebra\u00e7\u00e3o Eucar\u00edstica, que durou 1h30, terminou com a solene b\u00ean\u00e7\u00e3o e com o tradicional canto \u201cImaculada\u201d, de Frei Fabretti.<\/span><\/p>\n<hr \/>\n<p><img loading=\"lazy\" class=\"wp-image-229777 alignleft\" src=\"https:\/\/franciscanos.org.br\/noticias\/wp-content\/uploads\/2020\/12\/jubileu_marco_06-441x450.jpg\" alt=\"\" width=\"399\" height=\"407\" srcset=\"https:\/\/franciscanos.org.br\/noticias\/wp-content\/uploads\/2020\/12\/jubileu_marco_06-441x450.jpg 441w, https:\/\/franciscanos.org.br\/noticias\/wp-content\/uploads\/2020\/12\/jubileu_marco_06-150x153.jpg 150w, https:\/\/franciscanos.org.br\/noticias\/wp-content\/uploads\/2020\/12\/jubileu_marco_06.jpg 600w\" sizes=\"(max-width: 399px) 100vw, 399px\" \/><img loading=\"lazy\" class=\"wp-image-229778 aligncenter\" src=\"https:\/\/franciscanos.org.br\/noticias\/wp-content\/uploads\/2020\/12\/jubileu_marco_05-450x437.jpg\" alt=\"\" width=\"420\" height=\"408\" srcset=\"https:\/\/franciscanos.org.br\/noticias\/wp-content\/uploads\/2020\/12\/jubileu_marco_05-450x437.jpg 450w, https:\/\/franciscanos.org.br\/noticias\/wp-content\/uploads\/2020\/12\/jubileu_marco_05-150x146.jpg 150w, https:\/\/franciscanos.org.br\/noticias\/wp-content\/uploads\/2020\/12\/jubileu_marco_05.jpg 600w\" sizes=\"(max-width: 420px) 100vw, 420px\" \/><\/p>\n<p><span style=\"font-weight: 400;\"><strong>Frei Ivo M\u00fcller<\/strong> nasceu no dia 3 de junho de 1961, em Serrinha, na cidade de Chapec\u00f3 (SC). Vestiu o h\u00e1bito franciscano no dia 20 de janeiro de 1982 e professou solenemente na Ordem dos Frades Menores no dia 08 de dezembro de 1985. Sua ordena\u00e7\u00e3o sacerdotal se deu no dia 29 de julho de 1995. Atualmente Frei Ivo \u00e9 diretor do Instituto Teol\u00f3gico Franciscano (ITF), Comiss\u00e1rio da Terra Santa e Vig\u00e1rio Paroquial da Par\u00f3quia do Sagrado.<\/span><\/p>\n<p><span style=\"font-weight: 400;\"><strong>Frei Marcos Ant\u00f4nio de Andrade<\/strong> nasceu no dia 22 de setembro de 1967, em Sorocaba (SP). Vestiu o h\u00e1bito Franciscano no dia 11 de janeiro de 1988 e professou solenemente na Ordem dos Frades Menores no dia 24 de setembro de 1993. Sua ordena\u00e7\u00e3o presbiteral se deu no dia 09 de dezembro de 1995. Atualmente, Frei Marcos \u00e9 mestre dos Frades do Tempo da Teologia, Diretor do Instituto dos Meninos Cantores de Petr\u00f3polis e professor no ITF.<\/span><\/p>\n<hr \/>\n<p style=\"text-align: center;\"><strong>VEJA MAIS IMAGENS DA CELEBRA\u00c7\u00c3O EUCAR\u00cdSTICA<\/strong><\/p>\n\n\t\t<style type=\"text\/css\">\n\t\t\t#gallery-1 {\n\t\t\t\tmargin: auto;\n\t\t\t}\n\t\t\t#gallery-1 .gallery-item {\n\t\t\t\tfloat: left;\n\t\t\t\tmargin-top: 10px;\n\t\t\t\ttext-align: center;\n\t\t\t\twidth: 25%;\n\t\t\t}\n\t\t\t#gallery-1 img {\n\t\t\t\tborder: 2px solid #cfcfcf;\n\t\t\t}\n\t\t\t#gallery-1 .gallery-caption {\n\t\t\t\tmargin-left: 0;\n\t\t\t}\n\t\t\t\/* see gallery_shortcode() in wp-includes\/media.php *\/\n\t\t<\/style>\n\t\t<div id='gallery-1' class='gallery galleryid-229770 gallery-columns-4 gallery-size-thumbnail'><dl class='gallery-item'>\n\t\t\t<dt class='gallery-icon landscape'>\n\t\t\t\t<a href='https:\/\/franciscanos.org.br\/noticias\/wp-content\/uploads\/2020\/12\/01.jpg'><img width=\"300\" height=\"300\" src=\"https:\/\/franciscanos.org.br\/noticias\/wp-content\/uploads\/2020\/12\/01-300x300.jpg\" class=\"attachment-thumbnail size-thumbnail\" alt=\"\" loading=\"lazy\" srcset=\"https:\/\/franciscanos.org.br\/noticias\/wp-content\/uploads\/2020\/12\/01-300x300.jpg 300w, https:\/\/franciscanos.org.br\/noticias\/wp-content\/uploads\/2020\/12\/01-100x100.jpg 100w\" sizes=\"(max-width: 300px) 100vw, 300px\" \/><\/a>\n\t\t\t<\/dt><\/dl><dl class='gallery-item'>\n\t\t\t<dt class='gallery-icon landscape'>\n\t\t\t\t<a href='https:\/\/franciscanos.org.br\/noticias\/wp-content\/uploads\/2020\/12\/02.jpg'><img width=\"300\" height=\"300\" src=\"https:\/\/franciscanos.org.br\/noticias\/wp-content\/uploads\/2020\/12\/02-300x300.jpg\" class=\"attachment-thumbnail size-thumbnail\" alt=\"\" loading=\"lazy\" srcset=\"https:\/\/franciscanos.org.br\/noticias\/wp-content\/uploads\/2020\/12\/02-300x300.jpg 300w, https:\/\/franciscanos.org.br\/noticias\/wp-content\/uploads\/2020\/12\/02-100x100.jpg 100w\" sizes=\"(max-width: 300px) 100vw, 300px\" \/><\/a>\n\t\t\t<\/dt><\/dl><dl class='gallery-item'>\n\t\t\t<dt class='gallery-icon landscape'>\n\t\t\t\t<a href='https:\/\/franciscanos.org.br\/noticias\/wp-content\/uploads\/2020\/12\/03.jpg'><img width=\"300\" height=\"300\" src=\"https:\/\/franciscanos.org.br\/noticias\/wp-content\/uploads\/2020\/12\/03-300x300.jpg\" class=\"attachment-thumbnail size-thumbnail\" alt=\"\" loading=\"lazy\" srcset=\"https:\/\/franciscanos.org.br\/noticias\/wp-content\/uploads\/2020\/12\/03-300x300.jpg 300w, https:\/\/franciscanos.org.br\/noticias\/wp-content\/uploads\/2020\/12\/03-100x100.jpg 100w\" sizes=\"(max-width: 300px) 100vw, 300px\" \/><\/a>\n\t\t\t<\/dt><\/dl><dl class='gallery-item'>\n\t\t\t<dt class='gallery-icon landscape'>\n\t\t\t\t<a href='https:\/\/franciscanos.org.br\/noticias\/wp-content\/uploads\/2020\/12\/04.jpg'><img width=\"300\" height=\"300\" src=\"https:\/\/franciscanos.org.br\/noticias\/wp-content\/uploads\/2020\/12\/04-300x300.jpg\" class=\"attachment-thumbnail size-thumbnail\" alt=\"\" loading=\"lazy\" srcset=\"https:\/\/franciscanos.org.br\/noticias\/wp-content\/uploads\/2020\/12\/04-300x300.jpg 300w, https:\/\/franciscanos.org.br\/noticias\/wp-content\/uploads\/2020\/12\/04-100x100.jpg 100w\" sizes=\"(max-width: 300px) 100vw, 300px\" \/><\/a>\n\t\t\t<\/dt><\/dl><br style=\"clear: both\" \/><dl class='gallery-item'>\n\t\t\t<dt class='gallery-icon landscape'>\n\t\t\t\t<a href='https:\/\/franciscanos.org.br\/noticias\/wp-content\/uploads\/2020\/12\/05.jpg'><img width=\"300\" height=\"300\" src=\"https:\/\/franciscanos.org.br\/noticias\/wp-content\/uploads\/2020\/12\/05-300x300.jpg\" class=\"attachment-thumbnail size-thumbnail\" alt=\"\" loading=\"lazy\" srcset=\"https:\/\/franciscanos.org.br\/noticias\/wp-content\/uploads\/2020\/12\/05-300x300.jpg 300w, https:\/\/franciscanos.org.br\/noticias\/wp-content\/uploads\/2020\/12\/05-100x100.jpg 100w\" sizes=\"(max-width: 300px) 100vw, 300px\" \/><\/a>\n\t\t\t<\/dt><\/dl><dl class='gallery-item'>\n\t\t\t<dt class='gallery-icon landscape'>\n\t\t\t\t<a href='https:\/\/franciscanos.org.br\/noticias\/wp-content\/uploads\/2020\/12\/06.jpg'><img width=\"300\" height=\"300\" src=\"https:\/\/franciscanos.org.br\/noticias\/wp-content\/uploads\/2020\/12\/06-300x300.jpg\" class=\"attachment-thumbnail size-thumbnail\" alt=\"\" loading=\"lazy\" srcset=\"https:\/\/franciscanos.org.br\/noticias\/wp-content\/uploads\/2020\/12\/06-300x300.jpg 300w, https:\/\/franciscanos.org.br\/noticias\/wp-content\/uploads\/2020\/12\/06-100x100.jpg 100w\" sizes=\"(max-width: 300px) 100vw, 300px\" \/><\/a>\n\t\t\t<\/dt><\/dl><dl class='gallery-item'>\n\t\t\t<dt class='gallery-icon landscape'>\n\t\t\t\t<a href='https:\/\/franciscanos.org.br\/noticias\/wp-content\/uploads\/2020\/12\/07.jpg'><img width=\"300\" height=\"300\" src=\"https:\/\/franciscanos.org.br\/noticias\/wp-content\/uploads\/2020\/12\/07-300x300.jpg\" class=\"attachment-thumbnail size-thumbnail\" alt=\"\" loading=\"lazy\" srcset=\"https:\/\/franciscanos.org.br\/noticias\/wp-content\/uploads\/2020\/12\/07-300x300.jpg 300w, https:\/\/franciscanos.org.br\/noticias\/wp-content\/uploads\/2020\/12\/07-100x100.jpg 100w\" sizes=\"(max-width: 300px) 100vw, 300px\" \/><\/a>\n\t\t\t<\/dt><\/dl><dl class='gallery-item'>\n\t\t\t<dt class='gallery-icon landscape'>\n\t\t\t\t<a href='https:\/\/franciscanos.org.br\/noticias\/wp-content\/uploads\/2020\/12\/08.jpg'><img width=\"300\" height=\"300\" src=\"https:\/\/franciscanos.org.br\/noticias\/wp-content\/uploads\/2020\/12\/08-300x300.jpg\" class=\"attachment-thumbnail size-thumbnail\" alt=\"\" loading=\"lazy\" srcset=\"https:\/\/franciscanos.org.br\/noticias\/wp-content\/uploads\/2020\/12\/08-300x300.jpg 300w, https:\/\/franciscanos.org.br\/noticias\/wp-content\/uploads\/2020\/12\/08-100x100.jpg 100w\" sizes=\"(max-width: 300px) 100vw, 300px\" \/><\/a>\n\t\t\t<\/dt><\/dl><br style=\"clear: both\" \/><dl class='gallery-item'>\n\t\t\t<dt class='gallery-icon landscape'>\n\t\t\t\t<a href='https:\/\/franciscanos.org.br\/noticias\/wp-content\/uploads\/2020\/12\/09.jpg'><img width=\"300\" height=\"300\" src=\"https:\/\/franciscanos.org.br\/noticias\/wp-content\/uploads\/2020\/12\/09-300x300.jpg\" class=\"attachment-thumbnail size-thumbnail\" alt=\"\" loading=\"lazy\" srcset=\"https:\/\/franciscanos.org.br\/noticias\/wp-content\/uploads\/2020\/12\/09-300x300.jpg 300w, https:\/\/franciscanos.org.br\/noticias\/wp-content\/uploads\/2020\/12\/09-100x100.jpg 100w\" sizes=\"(max-width: 300px) 100vw, 300px\" \/><\/a>\n\t\t\t<\/dt><\/dl><dl class='gallery-item'>\n\t\t\t<dt class='gallery-icon landscape'>\n\t\t\t\t<a href='https:\/\/franciscanos.org.br\/noticias\/wp-content\/uploads\/2020\/12\/10.jpg'><img width=\"300\" height=\"300\" src=\"https:\/\/franciscanos.org.br\/noticias\/wp-content\/uploads\/2020\/12\/10-300x300.jpg\" class=\"attachment-thumbnail size-thumbnail\" alt=\"\" loading=\"lazy\" srcset=\"https:\/\/franciscanos.org.br\/noticias\/wp-content\/uploads\/2020\/12\/10-300x300.jpg 300w, https:\/\/franciscanos.org.br\/noticias\/wp-content\/uploads\/2020\/12\/10-100x100.jpg 100w\" sizes=\"(max-width: 300px) 100vw, 300px\" \/><\/a>\n\t\t\t<\/dt><\/dl><dl class='gallery-item'>\n\t\t\t<dt class='gallery-icon landscape'>\n\t\t\t\t<a href='https:\/\/franciscanos.org.br\/noticias\/wp-content\/uploads\/2020\/12\/12.jpg'><img width=\"300\" height=\"300\" src=\"https:\/\/franciscanos.org.br\/noticias\/wp-content\/uploads\/2020\/12\/12-300x300.jpg\" class=\"attachment-thumbnail size-thumbnail\" alt=\"\" loading=\"lazy\" srcset=\"https:\/\/franciscanos.org.br\/noticias\/wp-content\/uploads\/2020\/12\/12-300x300.jpg 300w, https:\/\/franciscanos.org.br\/noticias\/wp-content\/uploads\/2020\/12\/12-100x100.jpg 100w\" sizes=\"(max-width: 300px) 100vw, 300px\" \/><\/a>\n\t\t\t<\/dt><\/dl><dl class='gallery-item'>\n\t\t\t<dt class='gallery-icon landscape'>\n\t\t\t\t<a href='https:\/\/franciscanos.org.br\/noticias\/wp-content\/uploads\/2020\/12\/13.jpg'><img width=\"300\" height=\"300\" src=\"https:\/\/franciscanos.org.br\/noticias\/wp-content\/uploads\/2020\/12\/13-300x300.jpg\" class=\"attachment-thumbnail size-thumbnail\" alt=\"\" loading=\"lazy\" srcset=\"https:\/\/franciscanos.org.br\/noticias\/wp-content\/uploads\/2020\/12\/13-300x300.jpg 300w, https:\/\/franciscanos.org.br\/noticias\/wp-content\/uploads\/2020\/12\/13-100x100.jpg 100w\" sizes=\"(max-width: 300px) 100vw, 300px\" \/><\/a>\n\t\t\t<\/dt><\/dl><br style=\"clear: both\" \/>\n\t\t<\/div>\n\n","protected":false},"excerpt":{"rendered":"<p>Jubileu de Vida Sacerdotal de Frei Marcos e Frei Ivo<\/p>\n","protected":false},"author":3,"featured_media":229772,"comment_status":"open","ping_status":"open","sticky":false,"template":"","format":"standard","meta":[],"categories":[1],"tags":[1786,332,190],"acf":[],"yoast_head":"<!-- This site is optimized with the Yoast SEO plugin v19.2 - https:\/\/yoast.com\/wordpress\/plugins\/seo\/ -->\n<title>Frei Ivo e Frei Marcos marcam a Solenidade da Imaculada com seus jubileus - Not\u00edcias - Franciscanos<\/title>\n<meta name=\"robots\" content=\"index, follow, max-snippet:-1, max-image-preview:large, max-video-preview:-1\" \/>\n<link rel=\"canonical\" href=\"https:\/\/franciscanos.org.br\/noticias\/frei-ivo-e-frei-marcos-marcam-a-solenidade-da-imaculada-com-seus-jubileus.html\" \/>\n<meta property=\"og:locale\" content=\"pt_BR\" \/>\n<meta property=\"og:type\" content=\"article\" \/>\n<meta property=\"og:title\" content=\"Frei Ivo e Frei Marcos marcam a Solenidade da Imaculada com seus jubileus - Not\u00edcias - Franciscanos\" \/>\n<meta property=\"og:description\" content=\"Jubileu de Vida Sacerdotal de Frei Marcos e Frei Ivo\" \/>\n<meta property=\"og:url\" content=\"https:\/\/franciscanos.org.br\/noticias\/frei-ivo-e-frei-marcos-marcam-a-solenidade-da-imaculada-com-seus-jubileus.html\" \/>\n<meta property=\"og:site_name\" content=\"Not\u00edcias - Franciscanos\" \/>\n<meta property=\"article:published_time\" content=\"2020-12-08T20:47:30+00:00\" \/>\n<meta property=\"article:modified_time\" content=\"2020-12-08T23:24:07+00:00\" \/>\n<meta property=\"og:image\" content=\"https:\/\/franciscanos.org.br\/noticias\/wp-content\/uploads\/2020\/12\/jubileu_marco_01d.jpg\" \/>\n\t<meta property=\"og:image:width\" content=\"800\" \/>\n\t<meta property=\"og:image:height\" content=\"600\" \/>\n\t<meta property=\"og:image:type\" content=\"image\/jpeg\" \/>\n<meta name=\"author\" content=\"moacir\" \/>\n<meta name=\"twitter:card\" content=\"summary_large_image\" \/>\n<meta name=\"twitter:label1\" content=\"Escrito por\" \/>\n\t<meta name=\"twitter:data1\" content=\"moacir\" \/>\n\t<meta name=\"twitter:label2\" content=\"Est. tempo de leitura\" \/>\n\t<meta name=\"twitter:data2\" content=\"6 minutos\" \/>\n<script type=\"application\/ld+json\" class=\"yoast-schema-graph\">{\"@context\":\"https:\/\/schema.org\",\"@graph\":[{\"@type\":\"WebSite\",\"@id\":\"https:\/\/franciscanos.org.br\/noticias\/#website\",\"url\":\"https:\/\/franciscanos.org.br\/noticias\/\",\"name\":\"Not\u00edcias - Franciscanos\",\"description\":\"Prov\u00edncia Franciscana da Imaculada Concei\u00e7\u00e3o do Brasil - Ordem dos Frades Menores - OFM\",\"potentialAction\":[{\"@type\":\"SearchAction\",\"target\":{\"@type\":\"EntryPoint\",\"urlTemplate\":\"https:\/\/franciscanos.org.br\/noticias\/?s={search_term_string}\"},\"query-input\":\"required name=search_term_string\"}],\"inLanguage\":\"pt-BR\"},{\"@type\":\"ImageObject\",\"inLanguage\":\"pt-BR\",\"@id\":\"https:\/\/franciscanos.org.br\/noticias\/frei-ivo-e-frei-marcos-marcam-a-solenidade-da-imaculada-com-seus-jubileus.html#primaryimage\",\"url\":\"https:\/\/franciscanos.org.br\/noticias\/wp-content\/uploads\/2020\/12\/jubileu_marco_01d.jpg\",\"contentUrl\":\"https:\/\/franciscanos.org.br\/noticias\/wp-content\/uploads\/2020\/12\/jubileu_marco_01d.jpg\",\"width\":800,\"height\":600},{\"@type\":\"WebPage\",\"@id\":\"https:\/\/franciscanos.org.br\/noticias\/frei-ivo-e-frei-marcos-marcam-a-solenidade-da-imaculada-com-seus-jubileus.html#webpage\",\"url\":\"https:\/\/franciscanos.org.br\/noticias\/frei-ivo-e-frei-marcos-marcam-a-solenidade-da-imaculada-com-seus-jubileus.html\",\"name\":\"Frei Ivo e Frei Marcos marcam a Solenidade da Imaculada com seus jubileus - Not\u00edcias - Franciscanos\",\"isPartOf\":{\"@id\":\"https:\/\/franciscanos.org.br\/noticias\/#website\"},\"primaryImageOfPage\":{\"@id\":\"https:\/\/franciscanos.org.br\/noticias\/frei-ivo-e-frei-marcos-marcam-a-solenidade-da-imaculada-com-seus-jubileus.html#primaryimage\"},\"datePublished\":\"2020-12-08T20:47:30+00:00\",\"dateModified\":\"2020-12-08T23:24:07+00:00\",\"author\":{\"@id\":\"https:\/\/franciscanos.org.br\/noticias\/#\/schema\/person\/b5c8cba458c330ccff548b056e95a5d4\"},\"breadcrumb\":{\"@id\":\"https:\/\/franciscanos.org.br\/noticias\/frei-ivo-e-frei-marcos-marcam-a-solenidade-da-imaculada-com-seus-jubileus.html#breadcrumb\"},\"inLanguage\":\"pt-BR\",\"potentialAction\":[{\"@type\":\"ReadAction\",\"target\":[\"https:\/\/franciscanos.org.br\/noticias\/frei-ivo-e-frei-marcos-marcam-a-solenidade-da-imaculada-com-seus-jubileus.html\"]}]},{\"@type\":\"BreadcrumbList\",\"@id\":\"https:\/\/franciscanos.org.br\/noticias\/frei-ivo-e-frei-marcos-marcam-a-solenidade-da-imaculada-com-seus-jubileus.html#breadcrumb\",\"itemListElement\":[{\"@type\":\"ListItem\",\"position\":1,\"name\":\"Home\",\"item\":\"https:\/\/franciscanos.org.br\/noticias\"},{\"@type\":\"ListItem\",\"position\":2,\"name\":\"Frei Ivo e Frei Marcos marcam a Solenidade da Imaculada com seus jubileus\"}]},{\"@type\":\"Person\",\"@id\":\"https:\/\/franciscanos.org.br\/noticias\/#\/schema\/person\/b5c8cba458c330ccff548b056e95a5d4\",\"name\":\"moacir\",\"image\":{\"@type\":\"ImageObject\",\"inLanguage\":\"pt-BR\",\"@id\":\"https:\/\/franciscanos.org.br\/noticias\/#\/schema\/person\/image\/\",\"url\":\"https:\/\/secure.gravatar.com\/avatar\/d08aa2ce4c8dd416d4479aa8536fcf64?s=96&d=mm&r=g\",\"contentUrl\":\"https:\/\/secure.gravatar.com\/avatar\/d08aa2ce4c8dd416d4479aa8536fcf64?s=96&d=mm&r=g\",\"caption\":\"moacir\"},\"url\":\"https:\/\/franciscanos.org.br\/noticias\/author\/moacir\"}]}<\/script>\n<!-- \/ Yoast SEO plugin. -->","yoast_head_json":{"title":"Frei Ivo e Frei Marcos marcam a Solenidade da Imaculada com seus jubileus - Not\u00edcias - Franciscanos","robots":{"index":"index","follow":"follow","max-snippet":"max-snippet:-1","max-image-preview":"max-image-preview:large","max-video-preview":"max-video-preview:-1"},"canonical":"https:\/\/franciscanos.org.br\/noticias\/frei-ivo-e-frei-marcos-marcam-a-solenidade-da-imaculada-com-seus-jubileus.html","og_locale":"pt_BR","og_type":"article","og_title":"Frei Ivo e Frei Marcos marcam a Solenidade da Imaculada com seus jubileus - Not\u00edcias - Franciscanos","og_description":"Jubileu de Vida Sacerdotal de Frei Marcos e Frei Ivo","og_url":"https:\/\/franciscanos.org.br\/noticias\/frei-ivo-e-frei-marcos-marcam-a-solenidade-da-imaculada-com-seus-jubileus.html","og_site_name":"Not\u00edcias - Franciscanos","article_published_time":"2020-12-08T20:47:30+00:00","article_modified_time":"2020-12-08T23:24:07+00:00","og_image":[{"width":800,"height":600,"url":"https:\/\/franciscanos.org.br\/noticias\/wp-content\/uploads\/2020\/12\/jubileu_marco_01d.jpg","type":"image\/jpeg"}],"author":"moacir","twitter_card":"summary_large_image","twitter_misc":{"Escrito por":"moacir","Est. tempo de leitura":"6 minutos"},"schema":{"@context":"https:\/\/schema.org","@graph":[{"@type":"WebSite","@id":"https:\/\/franciscanos.org.br\/noticias\/#website","url":"https:\/\/franciscanos.org.br\/noticias\/","name":"Not\u00edcias - Franciscanos","description":"Prov\u00edncia Franciscana da Imaculada Concei\u00e7\u00e3o do Brasil - Ordem dos Frades Menores - OFM","potentialAction":[{"@type":"SearchAction","target":{"@type":"EntryPoint","urlTemplate":"https:\/\/franciscanos.org.br\/noticias\/?s={search_term_string}"},"query-input":"required name=search_term_string"}],"inLanguage":"pt-BR"},{"@type":"ImageObject","inLanguage":"pt-BR","@id":"https:\/\/franciscanos.org.br\/noticias\/frei-ivo-e-frei-marcos-marcam-a-solenidade-da-imaculada-com-seus-jubileus.html#primaryimage","url":"https:\/\/franciscanos.org.br\/noticias\/wp-content\/uploads\/2020\/12\/jubileu_marco_01d.jpg","contentUrl":"https:\/\/franciscanos.org.br\/noticias\/wp-content\/uploads\/2020\/12\/jubileu_marco_01d.jpg","width":800,"height":600},{"@type":"WebPage","@id":"https:\/\/franciscanos.org.br\/noticias\/frei-ivo-e-frei-marcos-marcam-a-solenidade-da-imaculada-com-seus-jubileus.html#webpage","url":"https:\/\/franciscanos.org.br\/noticias\/frei-ivo-e-frei-marcos-marcam-a-solenidade-da-imaculada-com-seus-jubileus.html","name":"Frei Ivo e Frei Marcos marcam a Solenidade da Imaculada com seus jubileus - Not\u00edcias - Franciscanos","isPartOf":{"@id":"https:\/\/franciscanos.org.br\/noticias\/#website"},"primaryImageOfPage":{"@id":"https:\/\/franciscanos.org.br\/noticias\/frei-ivo-e-frei-marcos-marcam-a-solenidade-da-imaculada-com-seus-jubileus.html#primaryimage"},"datePublished":"2020-12-08T20:47:30+00:00","dateModified":"2020-12-08T23:24:07+00:00","author":{"@id":"https:\/\/franciscanos.org.br\/noticias\/#\/schema\/person\/b5c8cba458c330ccff548b056e95a5d4"},"breadcrumb":{"@id":"https:\/\/franciscanos.org.br\/noticias\/frei-ivo-e-frei-marcos-marcam-a-solenidade-da-imaculada-com-seus-jubileus.html#breadcrumb"},"inLanguage":"pt-BR","potentialAction":[{"@type":"ReadAction","target":["https:\/\/franciscanos.org.br\/noticias\/frei-ivo-e-frei-marcos-marcam-a-solenidade-da-imaculada-com-seus-jubileus.html"]}]},{"@type":"BreadcrumbList","@id":"https:\/\/franciscanos.org.br\/noticias\/frei-ivo-e-frei-marcos-marcam-a-solenidade-da-imaculada-com-seus-jubileus.html#breadcrumb","itemListElement":[{"@type":"ListItem","position":1,"name":"Home","item":"https:\/\/franciscanos.org.br\/noticias"},{"@type":"ListItem","position":2,"name":"Frei Ivo e Frei Marcos marcam a Solenidade da Imaculada com seus jubileus"}]},{"@type":"Person","@id":"https:\/\/franciscanos.org.br\/noticias\/#\/schema\/person\/b5c8cba458c330ccff548b056e95a5d4","name":"moacir","image":{"@type":"ImageObject","inLanguage":"pt-BR","@id":"https:\/\/franciscanos.org.br\/noticias\/#\/schema\/person\/image\/","url":"https:\/\/secure.gravatar.com\/avatar\/d08aa2ce4c8dd416d4479aa8536fcf64?s=96&d=mm&r=g","contentUrl":"https:\/\/secure.gravatar.com\/avatar\/d08aa2ce4c8dd416d4479aa8536fcf64?s=96&d=mm&r=g","caption":"moacir"},"url":"https:\/\/franciscanos.org.br\/noticias\/author\/moacir"}]}},"_links":{"self":[{"href":"https:\/\/franciscanos.org.br\/noticias\/wp-json\/wp\/v2\/posts\/229770"}],"collection":[{"href":"https:\/\/franciscanos.org.br\/noticias\/wp-json\/wp\/v2\/posts"}],"about":[{"href":"https:\/\/franciscanos.org.br\/noticias\/wp-json\/wp\/v2\/types\/post"}],"author":[{"embeddable":true,"href":"https:\/\/franciscanos.org.br\/noticias\/wp-json\/wp\/v2\/users\/3"}],"replies":[{"embeddable":true,"href":"https:\/\/franciscanos.org.br\/noticias\/wp-json\/wp\/v2\/comments?post=229770"}],"version-history":[{"count":8,"href":"https:\/\/franciscanos.org.br\/noticias\/wp-json\/wp\/v2\/posts\/229770\/revisions"}],"predecessor-version":[{"id":229799,"href":"https:\/\/franciscanos.org.br\/noticias\/wp-json\/wp\/v2\/posts\/229770\/revisions\/229799"}],"wp:featuredmedia":[{"embeddable":true,"href":"https:\/\/franciscanos.org.br\/noticias\/wp-json\/wp\/v2\/media\/229772"}],"wp:attachment":[{"href":"https:\/\/franciscanos.org.br\/noticias\/wp-json\/wp\/v2\/media?parent=229770"}],"wp:term":[{"taxonomy":"category","embeddable":true,"href":"https:\/\/franciscanos.org.br\/noticias\/wp-json\/wp\/v2\/categories?post=229770"},{"taxonomy":"post_tag","embeddable":true,"href":"https:\/\/franciscanos.org.br\/noticias\/wp-json\/wp\/v2\/tags?post=229770"}],"curies":[{"name":"wp","href":"https:\/\/api.w.org\/{rel}","templated":true}]}}