{"id":229762,"date":"2020-12-08T12:57:12","date_gmt":"2020-12-08T15:57:12","guid":{"rendered":"https:\/\/franciscanos.org.br\/noticias\/?p=229762"},"modified":"2020-12-08T13:32:16","modified_gmt":"2020-12-08T16:32:16","slug":"na-festa-da-imaculada-17-jovens-do-tempo-da-filosofia-renovam-os-votos","status":"publish","type":"post","link":"https:\/\/franciscanos.org.br\/noticias\/na-festa-da-imaculada-17-jovens-do-tempo-da-filosofia-renovam-os-votos.html","title":{"rendered":"Na festa da Imaculada, 17 jovens do tempo da Filosofia renovam os votos"},"content":{"rendered":"<p>&nbsp;<\/p>\n<p><img loading=\"lazy\" class=\"alignnone wp-image-229768 size-full\" src=\"https:\/\/franciscanos.org.br\/noticias\/wp-content\/uploads\/2020\/12\/rondinha_alto.jpg\" alt=\"\" width=\"1280\" height=\"720\" srcset=\"https:\/\/franciscanos.org.br\/noticias\/wp-content\/uploads\/2020\/12\/rondinha_alto.jpg 1280w, https:\/\/franciscanos.org.br\/noticias\/wp-content\/uploads\/2020\/12\/rondinha_alto-450x253.jpg 450w, https:\/\/franciscanos.org.br\/noticias\/wp-content\/uploads\/2020\/12\/rondinha_alto-1024x576.jpg 1024w, https:\/\/franciscanos.org.br\/noticias\/wp-content\/uploads\/2020\/12\/rondinha_alto-768x432.jpg 768w, https:\/\/franciscanos.org.br\/noticias\/wp-content\/uploads\/2020\/12\/rondinha_alto-150x84.jpg 150w\" sizes=\"(max-width: 1280px) 100vw, 1280px\" \/><\/p>\n<p><strong>Frei Gabriel Nogueira Alves<\/strong><\/p>\n<p><strong>Rondinha (PR)<\/strong> &#8211; Na solenidade da Imaculada Concei\u00e7\u00e3o de Maria, Padroeira e m\u00e3e da Ordem dos Frades Menores e de nossa Prov\u00edncia, Frei Jo\u00e3o Mannes, delegado do Ministro Provincial, Frei C\u00e9sar K\u00fclkamp, presidiu esta solene Eucaristia na capela do Convento S\u00e3o Boaventura de Rondinha (PR), bem como a renova\u00e7\u00e3o dos votos dos frades professos tempor\u00e1rios do tempo de Filosofia.<\/p>\n<p>Fizeram a renova\u00e7\u00e3o dos votos no 3\u00ba ano de Profiss\u00e3o Tempor\u00e1ria: \u00a0Frei Bruno Gon\u00e7alves Cez\u00e1rio e Frei Ruan Felipe Sguissardi; no 2\u00ba ano de Profiss\u00e3o Tempor\u00e1ria: Frei Daniel Maciel, \u00a0Frei Franklin Matheus da Costa, Frei Gabriel Nogueira Alves, \u00a0Frei Guilherme Plotegher Neto, \u00a0Frei Josi\u00e9lio da Silva Oliveira, Frei Lucas Moreira Almeida, \u00a0Frei Marcelo Tadeu da Silva Cardoso, Frei Roberto Rocha da Silva e Frei S\u00e9rgio Hide Honna; e no 1\u00ba ano de Profiss\u00e3o Tempor\u00e1ria, cinco s\u00e3o frades angolanos da Funda\u00e7\u00e3o Imaculada M\u00e3e de Deus de Angola (FIMDA): \u00a0Frei Daniel Carlos Teresa (FIMDA), Frei Herculano Jos\u00e9 Nu\u00f1gulo (FIMDA), \u00a0Frei In\u00e1cio Filipe Puto (FIMDA), Frei Irven Gabriel de Jesus dos Santos, \u00a0Frei Jer\u00f3nimo Cheia M\u00e1rio (FIMDA) e Frei Ven\u00e2ncio C. Candundo (FIMDA).<\/p>\n<p><img loading=\"lazy\" class=\"alignnone wp-image-229764 size-full\" src=\"https:\/\/franciscanos.org.br\/noticias\/wp-content\/uploads\/2020\/12\/rondinha_0812_4.jpg\" alt=\"\" width=\"1280\" height=\"720\" srcset=\"https:\/\/franciscanos.org.br\/noticias\/wp-content\/uploads\/2020\/12\/rondinha_0812_4.jpg 1280w, https:\/\/franciscanos.org.br\/noticias\/wp-content\/uploads\/2020\/12\/rondinha_0812_4-450x253.jpg 450w, https:\/\/franciscanos.org.br\/noticias\/wp-content\/uploads\/2020\/12\/rondinha_0812_4-1024x576.jpg 1024w, https:\/\/franciscanos.org.br\/noticias\/wp-content\/uploads\/2020\/12\/rondinha_0812_4-768x432.jpg 768w, https:\/\/franciscanos.org.br\/noticias\/wp-content\/uploads\/2020\/12\/rondinha_0812_4-150x84.jpg 150w\" sizes=\"(max-width: 1280px) 100vw, 1280px\" \/><\/p>\n<p>Depois de saudar e acolher seus confrades, especialmente os 17 frades estudantes professandos,\u00a0Frei Jo\u00e3o primeiramente ressaltou o significativo do \u201csim\u201d que cada confrade d\u00e1 a Deus atrav\u00e9s dos conselhos evang\u00e9licos, do quando este \u201csim\u201d imprime car\u00e1ter, exige um amor e igual responsabilidade.\u00a0 Que pelo exemplo de Maria, cada confrade professando possa dizer como M\u00e3e de Deus: \u201cFa\u00e7a-se em mim, segundo a Vossa Palavra\u201d.<\/p>\n<p>Frei Jo\u00e3o lembrou do tempo do Advento que estamos vivendo, tempo de desapego, liberta\u00e7\u00e3o e purifica\u00e7\u00e3o. E ressaltou que o desapego \u00e9 necess\u00e1rio para que Jesus possa nascer. A convers\u00e3o do cora\u00e7\u00e3o, portanto, \u00e9 imprescind\u00edvel para que possamos dizer como o Ap\u00f3stolo Paulo:&#8221;N\u00e3o sou eu que vivo, mas Deus que vive em mim&#8221;, e assim caminhar para o Natal definitivo.<\/p>\n<p>O anjo Gabriel, no An\u00fancio, encontra o cora\u00e7\u00e3o de Maria puro e sem mancha, um lugar apropriado para o nascimento do filho de Deus, do mesmo modo cada professando que hoje renovaram os votos por mais um ano, deve com Maria ter um cora\u00e7\u00e3o puro para constru\u00e7\u00e3o real de uma fraternidade.<\/p>\n<p>Tudo \u00e9 da fraternidade e a fraternidade \u00e9 de Deus.<\/p>\n<p><img loading=\"lazy\" class=\"alignnone wp-image-229765 size-full\" src=\"https:\/\/franciscanos.org.br\/noticias\/wp-content\/uploads\/2020\/12\/rondinha_0812_3.jpg\" alt=\"\" width=\"1112\" height=\"596\" srcset=\"https:\/\/franciscanos.org.br\/noticias\/wp-content\/uploads\/2020\/12\/rondinha_0812_3.jpg 1112w, https:\/\/franciscanos.org.br\/noticias\/wp-content\/uploads\/2020\/12\/rondinha_0812_3-450x241.jpg 450w, https:\/\/franciscanos.org.br\/noticias\/wp-content\/uploads\/2020\/12\/rondinha_0812_3-1024x549.jpg 1024w, https:\/\/franciscanos.org.br\/noticias\/wp-content\/uploads\/2020\/12\/rondinha_0812_3-768x412.jpg 768w, https:\/\/franciscanos.org.br\/noticias\/wp-content\/uploads\/2020\/12\/rondinha_0812_3-150x80.jpg 150w\" sizes=\"(max-width: 1112px) 100vw, 1112px\" \/><\/p>\n<p>&nbsp;<\/p>\n","protected":false},"excerpt":{"rendered":"<p>Renova\u00e7\u00e3o dos votos no tempo de Filosofia<\/p>\n","protected":false},"author":3,"featured_media":229766,"comment_status":"open","ping_status":"open","sticky":false,"template":"","format":"standard","meta":[],"categories":[1],"tags":[1152],"acf":[],"yoast_head":"<!-- This site is optimized with the Yoast SEO plugin v19.2 - https:\/\/yoast.com\/wordpress\/plugins\/seo\/ -->\n<title>Na festa da Imaculada, 17 jovens do tempo da Filosofia renovam os votos - Not\u00edcias - Franciscanos<\/title>\n<meta name=\"robots\" content=\"index, follow, max-snippet:-1, max-image-preview:large, max-video-preview:-1\" \/>\n<link rel=\"canonical\" href=\"https:\/\/franciscanos.org.br\/noticias\/na-festa-da-imaculada-17-jovens-do-tempo-da-filosofia-renovam-os-votos.html\" \/>\n<meta property=\"og:locale\" content=\"pt_BR\" \/>\n<meta property=\"og:type\" content=\"article\" \/>\n<meta property=\"og:title\" content=\"Na festa da Imaculada, 17 jovens do tempo da Filosofia renovam os votos - Not\u00edcias - Franciscanos\" \/>\n<meta property=\"og:description\" content=\"Renova\u00e7\u00e3o dos votos no tempo de Filosofia\" \/>\n<meta property=\"og:url\" content=\"https:\/\/franciscanos.org.br\/noticias\/na-festa-da-imaculada-17-jovens-do-tempo-da-filosofia-renovam-os-votos.html\" \/>\n<meta property=\"og:site_name\" content=\"Not\u00edcias - Franciscanos\" \/>\n<meta property=\"article:published_time\" content=\"2020-12-08T15:57:12+00:00\" \/>\n<meta property=\"article:modified_time\" content=\"2020-12-08T16:32:16+00:00\" \/>\n<meta property=\"og:image\" content=\"https:\/\/franciscanos.org.br\/noticias\/wp-content\/uploads\/2020\/12\/rondinha_d.jpg\" \/>\n\t<meta property=\"og:image:width\" content=\"800\" \/>\n\t<meta property=\"og:image:height\" content=\"560\" \/>\n\t<meta property=\"og:image:type\" content=\"image\/jpeg\" \/>\n<meta name=\"author\" content=\"moacir\" \/>\n<meta name=\"twitter:card\" content=\"summary_large_image\" \/>\n<meta name=\"twitter:label1\" content=\"Escrito por\" \/>\n\t<meta name=\"twitter:data1\" content=\"moacir\" \/>\n\t<meta name=\"twitter:label2\" content=\"Est. tempo de leitura\" \/>\n\t<meta name=\"twitter:data2\" content=\"2 minutos\" \/>\n<script type=\"application\/ld+json\" class=\"yoast-schema-graph\">{\"@context\":\"https:\/\/schema.org\",\"@graph\":[{\"@type\":\"WebSite\",\"@id\":\"https:\/\/franciscanos.org.br\/noticias\/#website\",\"url\":\"https:\/\/franciscanos.org.br\/noticias\/\",\"name\":\"Not\u00edcias - Franciscanos\",\"description\":\"Prov\u00edncia Franciscana da Imaculada Concei\u00e7\u00e3o do Brasil - Ordem dos Frades Menores - OFM\",\"potentialAction\":[{\"@type\":\"SearchAction\",\"target\":{\"@type\":\"EntryPoint\",\"urlTemplate\":\"https:\/\/franciscanos.org.br\/noticias\/?s={search_term_string}\"},\"query-input\":\"required name=search_term_string\"}],\"inLanguage\":\"pt-BR\"},{\"@type\":\"ImageObject\",\"inLanguage\":\"pt-BR\",\"@id\":\"https:\/\/franciscanos.org.br\/noticias\/na-festa-da-imaculada-17-jovens-do-tempo-da-filosofia-renovam-os-votos.html#primaryimage\",\"url\":\"https:\/\/franciscanos.org.br\/noticias\/wp-content\/uploads\/2020\/12\/rondinha_d.jpg\",\"contentUrl\":\"https:\/\/franciscanos.org.br\/noticias\/wp-content\/uploads\/2020\/12\/rondinha_d.jpg\",\"width\":800,\"height\":560},{\"@type\":\"WebPage\",\"@id\":\"https:\/\/franciscanos.org.br\/noticias\/na-festa-da-imaculada-17-jovens-do-tempo-da-filosofia-renovam-os-votos.html#webpage\",\"url\":\"https:\/\/franciscanos.org.br\/noticias\/na-festa-da-imaculada-17-jovens-do-tempo-da-filosofia-renovam-os-votos.html\",\"name\":\"Na festa da Imaculada, 17 jovens do tempo da Filosofia renovam os votos - Not\u00edcias - Franciscanos\",\"isPartOf\":{\"@id\":\"https:\/\/franciscanos.org.br\/noticias\/#website\"},\"primaryImageOfPage\":{\"@id\":\"https:\/\/franciscanos.org.br\/noticias\/na-festa-da-imaculada-17-jovens-do-tempo-da-filosofia-renovam-os-votos.html#primaryimage\"},\"datePublished\":\"2020-12-08T15:57:12+00:00\",\"dateModified\":\"2020-12-08T16:32:16+00:00\",\"author\":{\"@id\":\"https:\/\/franciscanos.org.br\/noticias\/#\/schema\/person\/b5c8cba458c330ccff548b056e95a5d4\"},\"breadcrumb\":{\"@id\":\"https:\/\/franciscanos.org.br\/noticias\/na-festa-da-imaculada-17-jovens-do-tempo-da-filosofia-renovam-os-votos.html#breadcrumb\"},\"inLanguage\":\"pt-BR\",\"potentialAction\":[{\"@type\":\"ReadAction\",\"target\":[\"https:\/\/franciscanos.org.br\/noticias\/na-festa-da-imaculada-17-jovens-do-tempo-da-filosofia-renovam-os-votos.html\"]}]},{\"@type\":\"BreadcrumbList\",\"@id\":\"https:\/\/franciscanos.org.br\/noticias\/na-festa-da-imaculada-17-jovens-do-tempo-da-filosofia-renovam-os-votos.html#breadcrumb\",\"itemListElement\":[{\"@type\":\"ListItem\",\"position\":1,\"name\":\"Home\",\"item\":\"https:\/\/franciscanos.org.br\/noticias\"},{\"@type\":\"ListItem\",\"position\":2,\"name\":\"Na festa da Imaculada, 17 jovens do tempo da Filosofia renovam os votos\"}]},{\"@type\":\"Person\",\"@id\":\"https:\/\/franciscanos.org.br\/noticias\/#\/schema\/person\/b5c8cba458c330ccff548b056e95a5d4\",\"name\":\"moacir\",\"image\":{\"@type\":\"ImageObject\",\"inLanguage\":\"pt-BR\",\"@id\":\"https:\/\/franciscanos.org.br\/noticias\/#\/schema\/person\/image\/\",\"url\":\"https:\/\/secure.gravatar.com\/avatar\/d08aa2ce4c8dd416d4479aa8536fcf64?s=96&d=mm&r=g\",\"contentUrl\":\"https:\/\/secure.gravatar.com\/avatar\/d08aa2ce4c8dd416d4479aa8536fcf64?s=96&d=mm&r=g\",\"caption\":\"moacir\"},\"url\":\"https:\/\/franciscanos.org.br\/noticias\/author\/moacir\"}]}<\/script>\n<!-- \/ Yoast SEO plugin. -->","yoast_head_json":{"title":"Na festa da Imaculada, 17 jovens do tempo da Filosofia renovam os votos - Not\u00edcias - Franciscanos","robots":{"index":"index","follow":"follow","max-snippet":"max-snippet:-1","max-image-preview":"max-image-preview:large","max-video-preview":"max-video-preview:-1"},"canonical":"https:\/\/franciscanos.org.br\/noticias\/na-festa-da-imaculada-17-jovens-do-tempo-da-filosofia-renovam-os-votos.html","og_locale":"pt_BR","og_type":"article","og_title":"Na festa da Imaculada, 17 jovens do tempo da Filosofia renovam os votos - Not\u00edcias - Franciscanos","og_description":"Renova\u00e7\u00e3o dos votos no tempo de Filosofia","og_url":"https:\/\/franciscanos.org.br\/noticias\/na-festa-da-imaculada-17-jovens-do-tempo-da-filosofia-renovam-os-votos.html","og_site_name":"Not\u00edcias - Franciscanos","article_published_time":"2020-12-08T15:57:12+00:00","article_modified_time":"2020-12-08T16:32:16+00:00","og_image":[{"width":800,"height":560,"url":"https:\/\/franciscanos.org.br\/noticias\/wp-content\/uploads\/2020\/12\/rondinha_d.jpg","type":"image\/jpeg"}],"author":"moacir","twitter_card":"summary_large_image","twitter_misc":{"Escrito por":"moacir","Est. tempo de leitura":"2 minutos"},"schema":{"@context":"https:\/\/schema.org","@graph":[{"@type":"WebSite","@id":"https:\/\/franciscanos.org.br\/noticias\/#website","url":"https:\/\/franciscanos.org.br\/noticias\/","name":"Not\u00edcias - Franciscanos","description":"Prov\u00edncia Franciscana da Imaculada Concei\u00e7\u00e3o do Brasil - Ordem dos Frades Menores - OFM","potentialAction":[{"@type":"SearchAction","target":{"@type":"EntryPoint","urlTemplate":"https:\/\/franciscanos.org.br\/noticias\/?s={search_term_string}"},"query-input":"required name=search_term_string"}],"inLanguage":"pt-BR"},{"@type":"ImageObject","inLanguage":"pt-BR","@id":"https:\/\/franciscanos.org.br\/noticias\/na-festa-da-imaculada-17-jovens-do-tempo-da-filosofia-renovam-os-votos.html#primaryimage","url":"https:\/\/franciscanos.org.br\/noticias\/wp-content\/uploads\/2020\/12\/rondinha_d.jpg","contentUrl":"https:\/\/franciscanos.org.br\/noticias\/wp-content\/uploads\/2020\/12\/rondinha_d.jpg","width":800,"height":560},{"@type":"WebPage","@id":"https:\/\/franciscanos.org.br\/noticias\/na-festa-da-imaculada-17-jovens-do-tempo-da-filosofia-renovam-os-votos.html#webpage","url":"https:\/\/franciscanos.org.br\/noticias\/na-festa-da-imaculada-17-jovens-do-tempo-da-filosofia-renovam-os-votos.html","name":"Na festa da Imaculada, 17 jovens do tempo da Filosofia renovam os votos - Not\u00edcias - Franciscanos","isPartOf":{"@id":"https:\/\/franciscanos.org.br\/noticias\/#website"},"primaryImageOfPage":{"@id":"https:\/\/franciscanos.org.br\/noticias\/na-festa-da-imaculada-17-jovens-do-tempo-da-filosofia-renovam-os-votos.html#primaryimage"},"datePublished":"2020-12-08T15:57:12+00:00","dateModified":"2020-12-08T16:32:16+00:00","author":{"@id":"https:\/\/franciscanos.org.br\/noticias\/#\/schema\/person\/b5c8cba458c330ccff548b056e95a5d4"},"breadcrumb":{"@id":"https:\/\/franciscanos.org.br\/noticias\/na-festa-da-imaculada-17-jovens-do-tempo-da-filosofia-renovam-os-votos.html#breadcrumb"},"inLanguage":"pt-BR","potentialAction":[{"@type":"ReadAction","target":["https:\/\/franciscanos.org.br\/noticias\/na-festa-da-imaculada-17-jovens-do-tempo-da-filosofia-renovam-os-votos.html"]}]},{"@type":"BreadcrumbList","@id":"https:\/\/franciscanos.org.br\/noticias\/na-festa-da-imaculada-17-jovens-do-tempo-da-filosofia-renovam-os-votos.html#breadcrumb","itemListElement":[{"@type":"ListItem","position":1,"name":"Home","item":"https:\/\/franciscanos.org.br\/noticias"},{"@type":"ListItem","position":2,"name":"Na festa da Imaculada, 17 jovens do tempo da Filosofia renovam os votos"}]},{"@type":"Person","@id":"https:\/\/franciscanos.org.br\/noticias\/#\/schema\/person\/b5c8cba458c330ccff548b056e95a5d4","name":"moacir","image":{"@type":"ImageObject","inLanguage":"pt-BR","@id":"https:\/\/franciscanos.org.br\/noticias\/#\/schema\/person\/image\/","url":"https:\/\/secure.gravatar.com\/avatar\/d08aa2ce4c8dd416d4479aa8536fcf64?s=96&d=mm&r=g","contentUrl":"https:\/\/secure.gravatar.com\/avatar\/d08aa2ce4c8dd416d4479aa8536fcf64?s=96&d=mm&r=g","caption":"moacir"},"url":"https:\/\/franciscanos.org.br\/noticias\/author\/moacir"}]}},"_links":{"self":[{"href":"https:\/\/franciscanos.org.br\/noticias\/wp-json\/wp\/v2\/posts\/229762"}],"collection":[{"href":"https:\/\/franciscanos.org.br\/noticias\/wp-json\/wp\/v2\/posts"}],"about":[{"href":"https:\/\/franciscanos.org.br\/noticias\/wp-json\/wp\/v2\/types\/post"}],"author":[{"embeddable":true,"href":"https:\/\/franciscanos.org.br\/noticias\/wp-json\/wp\/v2\/users\/3"}],"replies":[{"embeddable":true,"href":"https:\/\/franciscanos.org.br\/noticias\/wp-json\/wp\/v2\/comments?post=229762"}],"version-history":[{"count":2,"href":"https:\/\/franciscanos.org.br\/noticias\/wp-json\/wp\/v2\/posts\/229762\/revisions"}],"predecessor-version":[{"id":229769,"href":"https:\/\/franciscanos.org.br\/noticias\/wp-json\/wp\/v2\/posts\/229762\/revisions\/229769"}],"wp:featuredmedia":[{"embeddable":true,"href":"https:\/\/franciscanos.org.br\/noticias\/wp-json\/wp\/v2\/media\/229766"}],"wp:attachment":[{"href":"https:\/\/franciscanos.org.br\/noticias\/wp-json\/wp\/v2\/media?parent=229762"}],"wp:term":[{"taxonomy":"category","embeddable":true,"href":"https:\/\/franciscanos.org.br\/noticias\/wp-json\/wp\/v2\/categories?post=229762"},{"taxonomy":"post_tag","embeddable":true,"href":"https:\/\/franciscanos.org.br\/noticias\/wp-json\/wp\/v2\/tags?post=229762"}],"curies":[{"name":"wp","href":"https:\/\/api.w.org\/{rel}","templated":true}]}}