{"id":229741,"date":"2020-12-07T18:40:37","date_gmt":"2020-12-07T21:40:37","guid":{"rendered":"https:\/\/franciscanos.org.br\/noticias\/?p=229741"},"modified":"2023-01-09T10:57:44","modified_gmt":"2023-01-09T13:57:44","slug":"gratidao-e-a-palavra-ouvida-no-encerramento-do-postulantado","status":"publish","type":"post","link":"https:\/\/franciscanos.org.br\/noticias\/gratidao-e-a-palavra-ouvida-no-encerramento-do-postulantado.html","title":{"rendered":"&#8220;Gratid\u00e3o&#8221; \u00e9 a palavra ouvida no encerramento do Postulantado"},"content":{"rendered":"<p><img loading=\"lazy\" class=\"alignnone wp-image-229742 size-full\" src=\"https:\/\/franciscanos.org.br\/noticias\/wp-content\/uploads\/2020\/12\/postulantado_01.jpg\" alt=\"\" width=\"1280\" height=\"720\" srcset=\"https:\/\/franciscanos.org.br\/noticias\/wp-content\/uploads\/2020\/12\/postulantado_01.jpg 1280w, https:\/\/franciscanos.org.br\/noticias\/wp-content\/uploads\/2020\/12\/postulantado_01-450x253.jpg 450w, https:\/\/franciscanos.org.br\/noticias\/wp-content\/uploads\/2020\/12\/postulantado_01-1024x576.jpg 1024w, https:\/\/franciscanos.org.br\/noticias\/wp-content\/uploads\/2020\/12\/postulantado_01-768x432.jpg 768w, https:\/\/franciscanos.org.br\/noticias\/wp-content\/uploads\/2020\/12\/postulantado_01-150x84.jpg 150w\" sizes=\"(max-width: 1280px) 100vw, 1280px\" \/><\/p>\n<p><strong>Moacir Beggo<\/strong><\/p>\n<p><strong>\u00a0<\/strong><strong>Guaratinguet\u00e1 (SP)<\/strong> &#8211; A etapa do Postulantado na Prov\u00edncia Franciscana da Imaculada Concei\u00e7\u00e3o do Brasil \u00e9 feita durante um ano no Semin\u00e1rio Frei Galv\u00e3o, em Guaratinguet\u00e1. Nesta segunda-feira (07\/12), v\u00e9spera da solenidade da Imaculada Concei\u00e7\u00e3o de Maria, com a Celebra\u00e7\u00e3o Eucar\u00edstica, \u00e0s 11 horas, presidida pelo Vig\u00e1rio Provincial, Frei Gustavo Medella, chegou ao fim esta etapa formativa franciscana.<\/p>\n<p>De forma simples e carregada de gratid\u00e3o, a Santa Missa reuniu os frades, os sete postulantes e os colaboradores do Semin\u00e1rio e depois na confraterniza\u00e7\u00e3o do almo\u00e7o festivo. Segundo o postulante Felipe Luiz Mendon\u00e7a, que fez a acolhida de todos, foi o encerramento de um ano at\u00edpico, n\u00e3o s\u00f3 pela quest\u00e3o da pandemia, mas por uma pr\u00e1tica esquecida por n\u00f3s: a cultura do encontro. &#8220;Desse ano, o que fica para n\u00f3s e aquilo que deve ser o sinal de todos os crist\u00e3os no mundo \u00e9 o amor&#8221;, disse.<\/p>\n<p>Frei Medella lembrou que a celebra\u00e7\u00e3o era um encontro de a\u00e7\u00e3o de gra\u00e7as. &#8220;De agradecimento pelo ano de 2020 que transcorremos nesta caminhada aqui nesta casa, Semin\u00e1rio Frei Galv\u00e3o e Fraternidade S\u00e3o Jos\u00e9, da qual todos n\u00f3s somos parte integrante&#8221;, observou. O mestre Frei Walter de Carvalho J\u00fanior tamb\u00e9m refor\u00e7ou: &#8220;Estamos celebrando a\u00e7\u00e3o de gra\u00e7as pelo ano de Postulantado que conclu\u00edmos hoje&#8221;.<\/p>\n<p><img loading=\"lazy\" class=\"alignnone wp-image-229743 size-full\" src=\"https:\/\/franciscanos.org.br\/noticias\/wp-content\/uploads\/2020\/12\/postulantes_06.jpg\" alt=\"\" width=\"1280\" height=\"856\" srcset=\"https:\/\/franciscanos.org.br\/noticias\/wp-content\/uploads\/2020\/12\/postulantes_06.jpg 1280w, https:\/\/franciscanos.org.br\/noticias\/wp-content\/uploads\/2020\/12\/postulantes_06-450x301.jpg 450w, https:\/\/franciscanos.org.br\/noticias\/wp-content\/uploads\/2020\/12\/postulantes_06-1024x685.jpg 1024w, https:\/\/franciscanos.org.br\/noticias\/wp-content\/uploads\/2020\/12\/postulantes_06-768x514.jpg 768w, https:\/\/franciscanos.org.br\/noticias\/wp-content\/uploads\/2020\/12\/postulantes_06-150x100.jpg 150w\" sizes=\"(max-width: 1280px) 100vw, 1280px\" \/><\/p>\n<p>Frei Medella, a partir das leituras b\u00edblicas, incentivou e animou os postulantes que agora ter\u00e3o as f\u00e9rias com os familiares e depois, no dia 5 de janeiro, iniciar\u00e3o uma outra etapa na vida religiosa franciscana: o Noviciado.<\/p>\n<p>Comentando a primeira leitura, do livro do Profeta Isa\u00edas, cap. 35, vers\u00edculos de 1 a 10, Frei Medella sugeriu que busquem esse texto na internet, imprimam e andem com ele no bolso. &#8220;E quando estiverem chateados, tristes, quando o cen\u00e1rio ao redor parecer um cen\u00e1rio de desesperan\u00e7a, olhem as belas promessas que o profeta nos faz da a\u00e7\u00e3o de Deus em nossa vida, pedindo-nos alegria, pedindo-nos a exulta\u00e7\u00e3o, dizendo que germinam flores, dizendo que o que \u00e9 dif\u00edcil se torna f\u00e1cil, que os caminhos tortos se tornam retos, e pede que criemos \u00e2nimo e n\u00e3o tenhamos medo que Deus est\u00e1 conosco, que Deus caminha conosco. Essa inje\u00e7\u00e3o de \u00e2nimo n\u00f3s precisamos quando estamos amedrontados, tristes, desanimados, decepcionados e podemos perceber tamb\u00e9m de que maneira podemos dar a nossa contribui\u00e7\u00e3o para que um cen\u00e1rio de dificuldades se transforme num cen\u00e1rio de solidariedade&#8221;, chamou a aten\u00e7\u00e3o.<\/p>\n<p>Segundo o frade, a indica\u00e7\u00e3o vem da leitura quando diz que as m\u00e3os fracas v\u00e3o ser fortalecidas e os joelhos debilitados v\u00e3o ser firmados, mas tamb\u00e9m podemos nos ajudar. &#8220;Algu\u00e9m ou voc\u00ea j\u00e1 deve ter feito a experi\u00eancia de ajudar algu\u00e9m, uma pessoa com dificuldades de andar e se colocar em movimento. Por que o joelho dela se firma, um joelho que j\u00e1 passou por cirurgia, que est\u00e1 com a cartilagem gasta, que d\u00f3i bastante? Por que a pessoa fica em p\u00e9? Porque o corpo que d\u00e1 for\u00e7a para aquele joelho \u00e9 voc\u00ea que est\u00e1 emprestando com o seu esfor\u00e7o e assim um vai ajudando o outro nesse caminho bonito para o qual o Senhor nos chama. Ent\u00e3o, sempre que estivermos de baixo astral, meio contrariados, lembremos dessas palavras e dessas promessas que o Senhor nos faz&#8221;, acrescentou.<\/p>\n<p><img loading=\"lazy\" class=\"alignnone wp-image-229744 size-full\" src=\"https:\/\/franciscanos.org.br\/noticias\/wp-content\/uploads\/2020\/12\/postulantado_06.jpg\" alt=\"\" width=\"1280\" height=\"1707\" srcset=\"https:\/\/franciscanos.org.br\/noticias\/wp-content\/uploads\/2020\/12\/postulantado_06.jpg 1280w, https:\/\/franciscanos.org.br\/noticias\/wp-content\/uploads\/2020\/12\/postulantado_06-337x450.jpg 337w, https:\/\/franciscanos.org.br\/noticias\/wp-content\/uploads\/2020\/12\/postulantado_06-768x1024.jpg 768w, https:\/\/franciscanos.org.br\/noticias\/wp-content\/uploads\/2020\/12\/postulantado_06-1152x1536.jpg 1152w, https:\/\/franciscanos.org.br\/noticias\/wp-content\/uploads\/2020\/12\/postulantado_06-150x200.jpg 150w\" sizes=\"(max-width: 1280px) 100vw, 1280px\" \/><\/p>\n<p>J\u00e1 no Evangelho h\u00e1 uma cena bem interessante, segundo o frade. &#8220;Imagine a m\u00e3o de obra daquele pessoal para conseguir fazer um doente com seu leito, com sua cama, subir at\u00e9 o telhado, passar entre as telhas para chegar at\u00e9 Jesus. N\u00e3o foi, certamente, o caminho mais f\u00e1cil, que seria pela porta, mas era o caminho poss\u00edvel naquela hora, em que a multid\u00e3o n\u00e3o deixava passar os homens, o leito e o doente que eles carregavam. E a\u00ed fizeram daquele jeito. Tiveram que tirar telhas, bagun\u00e7ar um pouco o esquema para poderem chegar a Jesus, chegarem a Deus. Ou seja, nem sempre chegamos a Deus pelos meios convencionais. Ou aqueles meios que n\u00f3s esperamos. Mas a presen\u00e7a de Deus nos surpreende, at\u00e9 nos cen\u00e1rios de pecado, de profunda dor \u00e9 ocasi\u00e3o de fazermos o nosso encontro com o Senhor&#8221;, ensinou.<\/p>\n<p>Frei Medella, ent\u00e3o, ilustrou com uma hist\u00f3ria real que viralizou na internet nesta semana. &#8220;\u00c9 a hist\u00f3ria da &#8216;Deise do tombo&#8217;. Uma jovem l\u00e1 do Complexo do Alem\u00e3o, no Rio de Janeiro, que passou a noite num show, em meio \u00e0 pandemia, onde &#8216;tomou todas que podia&#8217;. Voltando para casa, com um copo de cerveja na m\u00e3o, sendo filmada pela amiga, tentou se firmar numa parede, mas o que pensou ser a parede era um port\u00e3o, que se abriu, e ela rolou escada abaixo, parando na casa de Da. Paula. Imagine o susto de Da. Paula com a Deise capotando na sala dela! Gra\u00e7as a Deus, a Deise n\u00e3o se machucou. E quem era Da. Paula? Uma vizinha que ela n\u00e3o conhecia ainda e uma senhora que estava passando uma dificuldade muito grande no tratamento de um c\u00e2ncer, al\u00e9m das dificuldades financeiras. E o que aconteceu com o tombo da Deise no s\u00e1bado? Ela alcan\u00e7ou mais de 200 mil seguidores. No dia seguinte, quando ela estava s\u00f3bria, a m\u00e3e dela a fez ir \u00e0 casa de Da. Paula e l\u00e1 ficou sabendo que esta senhora estava com c\u00e2ncer. Para aproveitar a sua fama, ela fez uma vaquinha pela internet em favor de Da. Paula. At\u00e9 ontem, ela tinha arrecadado 50 mil reais. E a\u00ed postaram a hist\u00f3ria no Instagram. A pessoa que postou disse: &#8216;Deise, eu n\u00e3o te conhecia at\u00e9 Deus usar de voc\u00ea para fazer o bem&#8217;. Ent\u00e3o, num cen\u00e1rio onde a gente n\u00e3o imaginaria a a\u00e7\u00e3o de Deus, de repente acontece um gesto de comunh\u00e3o, de bondade, de encontro, surpreendendo a todos n\u00f3s. Que n\u00f3s deixemos tamb\u00e9m nos surpreender por esta a\u00e7\u00e3o generosa de Deus a cada dia de nossa vida e jamais deixemos de agradecer a Deus por tanto bem que ele faz na nossa vida&#8221;, completou Frei Medella.<\/p>\n<p><img loading=\"lazy\" class=\"alignnone wp-image-229745 size-full\" src=\"https:\/\/franciscanos.org.br\/noticias\/wp-content\/uploads\/2020\/12\/postulantado_03.jpg\" alt=\"\" width=\"1280\" height=\"727\" srcset=\"https:\/\/franciscanos.org.br\/noticias\/wp-content\/uploads\/2020\/12\/postulantado_03.jpg 1280w, https:\/\/franciscanos.org.br\/noticias\/wp-content\/uploads\/2020\/12\/postulantado_03-450x256.jpg 450w, https:\/\/franciscanos.org.br\/noticias\/wp-content\/uploads\/2020\/12\/postulantado_03-1024x582.jpg 1024w, https:\/\/franciscanos.org.br\/noticias\/wp-content\/uploads\/2020\/12\/postulantado_03-768x436.jpg 768w, https:\/\/franciscanos.org.br\/noticias\/wp-content\/uploads\/2020\/12\/postulantado_03-150x85.jpg 150w\" sizes=\"(max-width: 1280px) 100vw, 1280px\" \/><\/p>\n<p><strong>&#8220;VOC\u00caS DERAM O PRIMEIRO PASSO&#8221;<\/strong><\/p>\n<p>Frei Walter, no seu primeiro ano como mestre, falou com emo\u00e7\u00e3o do ano que terminou. &#8220;Logo nos primeiros meses, o ano tomou rumos inesperados pela quest\u00e3o sanit\u00e1ria. Nas sociedades, muitos morreram, muitos perderam seu sustento ordin\u00e1rio, muitos experimentaram a solid\u00e3o do isolamento, muitos desesperaram. O Postulantado se adaptou \u00e0 situa\u00e7\u00e3o que se lhe imp\u00f4s. Viu-se privado do contato com as pessoas da &#8216;comunidade e com os romeiros, n\u00e3o pode cultivar momentos evangelizadores, como os c\u00edrculos b\u00edblicos ou o est\u00e1gio junto ao Sefras, mas, n\u00e3o podemos reclamar, fizemos v\u00e1rias outras coisas e conseguimos percorrer o caminho que nos era proposto, n\u00e3o sem trope\u00e7os, certamente, mas sempre com o norte maior a nos guiar. Obrigado a cada um de voc\u00eas: Raphael, Sandro, Ruan, Thiago, Caio, Felipe, Samuel&#8221;, disse, dirigindo-se a cada um dos postulantes.<\/p>\n<p>&#8220;Hoje voc\u00eas n\u00e3o concluem nada, na realidade. Voc\u00eas deram, por\u00e9m, um primeiro passo, e o fizeram com coragem, com disposi\u00e7\u00e3o e alegria. Deram o primeiro passo na forma\u00e7\u00e3o inicial da Ordem dos Frades Menores. O primeiro passo \u00e9 importante. Os primeiros passos s\u00e3o importantes. N\u00e3o d\u00e1 para esperar um amanh\u00e3 para come\u00e7ar a viver. No in\u00edcio se decide muito do que vir\u00e1 depois. Repito o que lhes disse no in\u00edcio do ano: o frade \u00e9 um postulante permanente, \u00e9 um novi\u00e7o perseverante. Infeliz do frade que n\u00e3o recome\u00e7a sempre e n\u00e3o conserva a atitude de aprendiz e disc\u00edpulo durante toda a vida. Ela poder\u00e1 tornar-se pesada pela presun\u00e7\u00e3o de saber e de conhecer&#8221;, frisou.<\/p>\n<p><img loading=\"lazy\" class=\"alignnone wp-image-229746 size-full\" src=\"https:\/\/franciscanos.org.br\/noticias\/wp-content\/uploads\/2020\/12\/postulantes_05.jpg\" alt=\"\" width=\"1280\" height=\"936\" srcset=\"https:\/\/franciscanos.org.br\/noticias\/wp-content\/uploads\/2020\/12\/postulantes_05.jpg 1280w, https:\/\/franciscanos.org.br\/noticias\/wp-content\/uploads\/2020\/12\/postulantes_05-450x329.jpg 450w, https:\/\/franciscanos.org.br\/noticias\/wp-content\/uploads\/2020\/12\/postulantes_05-1024x749.jpg 1024w, https:\/\/franciscanos.org.br\/noticias\/wp-content\/uploads\/2020\/12\/postulantes_05-768x562.jpg 768w, https:\/\/franciscanos.org.br\/noticias\/wp-content\/uploads\/2020\/12\/postulantes_05-150x110.jpg 150w\" sizes=\"(max-width: 1280px) 100vw, 1280px\" \/><\/p>\n<p>Frei Walter n\u00e3o economizou nos agradecimentos \u00e0 Fraternidade: &#8220;Obrigado, mais uma vez, a voc\u00eas, pela entrega di\u00e1ria e pela busca renovada de iniciar bem o caminho da vida franciscana que desejam abra\u00e7ar. E me desculpem, pelas minhas falhas como formador. Obrigado aos confrades que comp\u00f5em esta fraternidade formadora: Frei Jo\u00e3o Francisco, Frei Walter Hugo, Frei Claudino, Frei Virg\u00edlio, Frei Xand\u00e3o, Frei Roberto, Frei Diego. Voc\u00eas s\u00e3o esteio, s\u00e3o apoio, s\u00e3o sustento.<\/p>\n<p>Obrigado por tanta doa\u00e7\u00e3o abnegada. Obrigado pela obla\u00e7\u00e3o de vida. Para alguns de voc\u00eas, inclusive, obla\u00e7\u00e3o de quase uma vida toda dedicada \u00e0 forma\u00e7\u00e3o dos que iniciam o caminho&#8221;, frisou.<\/p>\n<p>&#8220;N\u00e3o sei se todos voc\u00eas j\u00e1 ouviram dizer, mas a palavra postulante vem do verbo latino <em>postulare<\/em>, que significa pedir com insist\u00eancia. O ano do Postulantado \u00e9 assim o ano de um grande pedido. De um pedido insistente. Os postulantes pedem sim a esta fraternidade para serem recebidos na Ordem, mas pedem sobretudo a Deus, que os chamou, que os confirme nesse prop\u00f3sito e lhes conceda a gra\u00e7a da perseveran\u00e7a. E pedem tamb\u00e9m a si pr\u00f3prios, no sentido de um autoconhecimento, para verem as condi\u00e7\u00f5es naturais e humanas que possam ter para empreender tal jornada&#8221;, destacou ainda, voltando a enumerar os agradecimentos aos colaboradores:<\/p>\n<p><img loading=\"lazy\" class=\"alignnone wp-image-229747 size-full\" src=\"https:\/\/franciscanos.org.br\/noticias\/wp-content\/uploads\/2020\/12\/postulantado_04.jpg\" alt=\"\" width=\"1280\" height=\"738\" srcset=\"https:\/\/franciscanos.org.br\/noticias\/wp-content\/uploads\/2020\/12\/postulantado_04.jpg 1280w, https:\/\/franciscanos.org.br\/noticias\/wp-content\/uploads\/2020\/12\/postulantado_04-450x259.jpg 450w, https:\/\/franciscanos.org.br\/noticias\/wp-content\/uploads\/2020\/12\/postulantado_04-1024x590.jpg 1024w, https:\/\/franciscanos.org.br\/noticias\/wp-content\/uploads\/2020\/12\/postulantado_04-768x443.jpg 768w, https:\/\/franciscanos.org.br\/noticias\/wp-content\/uploads\/2020\/12\/postulantado_04-150x86.jpg 150w\" sizes=\"(max-width: 1280px) 100vw, 1280px\" \/><\/p>\n<p>&#8220;Por\u00e9m, este grande pedido que os postulantes fazem aqui nesta casa, n\u00e3o conta apenas com a ajuda dos frades aqui presentes. Conta tamb\u00e9m com a ajuda de voc\u00eas, colaboradores e professores. Voc\u00eas, ao desempenhar suas fun\u00e7\u00f5es e trabalhos, contribuem para que esta casa cumpra com seu principal intento, que \u00e9 justamente o da forma\u00e7\u00e3o dos que nos procuram e pedem para juntarem-se a n\u00f3s na mesma estrada do Evangelho.<\/p>\n<p>Obrigado, Raquel, por ajudar com alegria os postulantes no autoconhecimento e pela caridade em conversar com eles individualmente v\u00e1rias vezes. E a voc\u00ea Marcelo, obrigado por os ajudar a gostarem da m\u00fasica e a apreciarem.<\/p>\n<p>Obrigado, Beth e Elora, pelo delicioso alimento preparado a n\u00f3s todos diariamente, chova ou fa\u00e7a sol.<\/p>\n<p>Obrigado, Isabel e Isa, pela casa sempre limpa e arejada e pelas nossas roupas t\u00e3o bem cuidadas.<\/p>\n<p>Obrigado, Jo\u00e3o Bento e Vanderlei, pelos muitos reparos que voc\u00eas fazem e que deixam nossa casa mais em dia e pelo cuidado de nossos animais e planta\u00e7\u00f5es.<\/p>\n<p>Obrigado, Giovanni e N\u00edcolas, pelo competente e criativo trabalho na secretaria, na Comunica\u00e7\u00e3o e junto aos romeiros.<\/p>\n<p>Obrigado, Fiinha, por sua presen\u00e7a carinhosa aqui nesta casa durante tantos anos, e pelas suas preces na inten\u00e7\u00e3o dos frades e postulantes.<\/p>\n<p>Obrigado, enfim, a todos. Que Deus recompense a cada um pela generosidade e pelo bem realizado neste ano&#8221;, completou.<\/p>\n","protected":false},"excerpt":{"rendered":"<p>Postulatando Frei Galv\u00e3o<\/p>\n","protected":false},"author":3,"featured_media":229748,"comment_status":"open","ping_status":"open","sticky":false,"template":"","format":"standard","meta":[],"categories":[1],"tags":[421],"acf":[],"yoast_head":"<!-- This site is optimized with the Yoast SEO plugin v19.2 - https:\/\/yoast.com\/wordpress\/plugins\/seo\/ -->\n<title>&quot;Gratid\u00e3o&quot; \u00e9 a palavra ouvida no encerramento do Postulantado - Not\u00edcias - Franciscanos<\/title>\n<meta name=\"robots\" content=\"index, follow, max-snippet:-1, max-image-preview:large, max-video-preview:-1\" \/>\n<link rel=\"canonical\" href=\"https:\/\/franciscanos.org.br\/noticias\/gratidao-e-a-palavra-ouvida-no-encerramento-do-postulantado.html\" \/>\n<meta property=\"og:locale\" content=\"pt_BR\" \/>\n<meta property=\"og:type\" content=\"article\" \/>\n<meta property=\"og:title\" content=\"&quot;Gratid\u00e3o&quot; \u00e9 a palavra ouvida no encerramento do Postulantado - Not\u00edcias - Franciscanos\" \/>\n<meta property=\"og:description\" content=\"Postulatando Frei Galv\u00e3o\" \/>\n<meta property=\"og:url\" content=\"https:\/\/franciscanos.org.br\/noticias\/gratidao-e-a-palavra-ouvida-no-encerramento-do-postulantado.html\" \/>\n<meta property=\"og:site_name\" content=\"Not\u00edcias - Franciscanos\" \/>\n<meta property=\"article:published_time\" content=\"2020-12-07T21:40:37+00:00\" \/>\n<meta property=\"article:modified_time\" content=\"2023-01-09T13:57:44+00:00\" \/>\n<meta property=\"og:image\" content=\"https:\/\/franciscanos.org.br\/noticias\/wp-content\/uploads\/2020\/12\/postulantado_01d.jpg\" \/>\n\t<meta property=\"og:image:width\" content=\"800\" \/>\n\t<meta property=\"og:image:height\" content=\"600\" \/>\n\t<meta property=\"og:image:type\" content=\"image\/jpeg\" \/>\n<meta name=\"author\" content=\"moacir\" \/>\n<meta name=\"twitter:card\" content=\"summary_large_image\" \/>\n<meta name=\"twitter:label1\" content=\"Escrito por\" \/>\n\t<meta name=\"twitter:data1\" content=\"moacir\" \/>\n\t<meta name=\"twitter:label2\" content=\"Est. tempo de leitura\" \/>\n\t<meta name=\"twitter:data2\" content=\"9 minutos\" \/>\n<script type=\"application\/ld+json\" class=\"yoast-schema-graph\">{\"@context\":\"https:\/\/schema.org\",\"@graph\":[{\"@type\":\"WebSite\",\"@id\":\"https:\/\/franciscanos.org.br\/noticias\/#website\",\"url\":\"https:\/\/franciscanos.org.br\/noticias\/\",\"name\":\"Not\u00edcias - Franciscanos\",\"description\":\"Prov\u00edncia Franciscana da Imaculada Concei\u00e7\u00e3o do Brasil - Ordem dos Frades Menores - OFM\",\"potentialAction\":[{\"@type\":\"SearchAction\",\"target\":{\"@type\":\"EntryPoint\",\"urlTemplate\":\"https:\/\/franciscanos.org.br\/noticias\/?s={search_term_string}\"},\"query-input\":\"required name=search_term_string\"}],\"inLanguage\":\"pt-BR\"},{\"@type\":\"ImageObject\",\"inLanguage\":\"pt-BR\",\"@id\":\"https:\/\/franciscanos.org.br\/noticias\/gratidao-e-a-palavra-ouvida-no-encerramento-do-postulantado.html#primaryimage\",\"url\":\"https:\/\/franciscanos.org.br\/noticias\/wp-content\/uploads\/2020\/12\/postulantado_01d.jpg\",\"contentUrl\":\"https:\/\/franciscanos.org.br\/noticias\/wp-content\/uploads\/2020\/12\/postulantado_01d.jpg\",\"width\":800,\"height\":600},{\"@type\":\"WebPage\",\"@id\":\"https:\/\/franciscanos.org.br\/noticias\/gratidao-e-a-palavra-ouvida-no-encerramento-do-postulantado.html#webpage\",\"url\":\"https:\/\/franciscanos.org.br\/noticias\/gratidao-e-a-palavra-ouvida-no-encerramento-do-postulantado.html\",\"name\":\"\\\"Gratid\u00e3o\\\" \u00e9 a palavra ouvida no encerramento do Postulantado - Not\u00edcias - Franciscanos\",\"isPartOf\":{\"@id\":\"https:\/\/franciscanos.org.br\/noticias\/#website\"},\"primaryImageOfPage\":{\"@id\":\"https:\/\/franciscanos.org.br\/noticias\/gratidao-e-a-palavra-ouvida-no-encerramento-do-postulantado.html#primaryimage\"},\"datePublished\":\"2020-12-07T21:40:37+00:00\",\"dateModified\":\"2023-01-09T13:57:44+00:00\",\"author\":{\"@id\":\"https:\/\/franciscanos.org.br\/noticias\/#\/schema\/person\/b5c8cba458c330ccff548b056e95a5d4\"},\"breadcrumb\":{\"@id\":\"https:\/\/franciscanos.org.br\/noticias\/gratidao-e-a-palavra-ouvida-no-encerramento-do-postulantado.html#breadcrumb\"},\"inLanguage\":\"pt-BR\",\"potentialAction\":[{\"@type\":\"ReadAction\",\"target\":[\"https:\/\/franciscanos.org.br\/noticias\/gratidao-e-a-palavra-ouvida-no-encerramento-do-postulantado.html\"]}]},{\"@type\":\"BreadcrumbList\",\"@id\":\"https:\/\/franciscanos.org.br\/noticias\/gratidao-e-a-palavra-ouvida-no-encerramento-do-postulantado.html#breadcrumb\",\"itemListElement\":[{\"@type\":\"ListItem\",\"position\":1,\"name\":\"Home\",\"item\":\"https:\/\/franciscanos.org.br\/noticias\"},{\"@type\":\"ListItem\",\"position\":2,\"name\":\"&#8220;Gratid\u00e3o&#8221; \u00e9 a palavra ouvida no encerramento do Postulantado\"}]},{\"@type\":\"Person\",\"@id\":\"https:\/\/franciscanos.org.br\/noticias\/#\/schema\/person\/b5c8cba458c330ccff548b056e95a5d4\",\"name\":\"moacir\",\"image\":{\"@type\":\"ImageObject\",\"inLanguage\":\"pt-BR\",\"@id\":\"https:\/\/franciscanos.org.br\/noticias\/#\/schema\/person\/image\/\",\"url\":\"https:\/\/secure.gravatar.com\/avatar\/d08aa2ce4c8dd416d4479aa8536fcf64?s=96&d=mm&r=g\",\"contentUrl\":\"https:\/\/secure.gravatar.com\/avatar\/d08aa2ce4c8dd416d4479aa8536fcf64?s=96&d=mm&r=g\",\"caption\":\"moacir\"},\"url\":\"https:\/\/franciscanos.org.br\/noticias\/author\/moacir\"}]}<\/script>\n<!-- \/ Yoast SEO plugin. -->","yoast_head_json":{"title":"\"Gratid\u00e3o\" \u00e9 a palavra ouvida no encerramento do Postulantado - Not\u00edcias - Franciscanos","robots":{"index":"index","follow":"follow","max-snippet":"max-snippet:-1","max-image-preview":"max-image-preview:large","max-video-preview":"max-video-preview:-1"},"canonical":"https:\/\/franciscanos.org.br\/noticias\/gratidao-e-a-palavra-ouvida-no-encerramento-do-postulantado.html","og_locale":"pt_BR","og_type":"article","og_title":"\"Gratid\u00e3o\" \u00e9 a palavra ouvida no encerramento do Postulantado - Not\u00edcias - Franciscanos","og_description":"Postulatando Frei Galv\u00e3o","og_url":"https:\/\/franciscanos.org.br\/noticias\/gratidao-e-a-palavra-ouvida-no-encerramento-do-postulantado.html","og_site_name":"Not\u00edcias - Franciscanos","article_published_time":"2020-12-07T21:40:37+00:00","article_modified_time":"2023-01-09T13:57:44+00:00","og_image":[{"width":800,"height":600,"url":"https:\/\/franciscanos.org.br\/noticias\/wp-content\/uploads\/2020\/12\/postulantado_01d.jpg","type":"image\/jpeg"}],"author":"moacir","twitter_card":"summary_large_image","twitter_misc":{"Escrito por":"moacir","Est. tempo de leitura":"9 minutos"},"schema":{"@context":"https:\/\/schema.org","@graph":[{"@type":"WebSite","@id":"https:\/\/franciscanos.org.br\/noticias\/#website","url":"https:\/\/franciscanos.org.br\/noticias\/","name":"Not\u00edcias - Franciscanos","description":"Prov\u00edncia Franciscana da Imaculada Concei\u00e7\u00e3o do Brasil - Ordem dos Frades Menores - OFM","potentialAction":[{"@type":"SearchAction","target":{"@type":"EntryPoint","urlTemplate":"https:\/\/franciscanos.org.br\/noticias\/?s={search_term_string}"},"query-input":"required name=search_term_string"}],"inLanguage":"pt-BR"},{"@type":"ImageObject","inLanguage":"pt-BR","@id":"https:\/\/franciscanos.org.br\/noticias\/gratidao-e-a-palavra-ouvida-no-encerramento-do-postulantado.html#primaryimage","url":"https:\/\/franciscanos.org.br\/noticias\/wp-content\/uploads\/2020\/12\/postulantado_01d.jpg","contentUrl":"https:\/\/franciscanos.org.br\/noticias\/wp-content\/uploads\/2020\/12\/postulantado_01d.jpg","width":800,"height":600},{"@type":"WebPage","@id":"https:\/\/franciscanos.org.br\/noticias\/gratidao-e-a-palavra-ouvida-no-encerramento-do-postulantado.html#webpage","url":"https:\/\/franciscanos.org.br\/noticias\/gratidao-e-a-palavra-ouvida-no-encerramento-do-postulantado.html","name":"\"Gratid\u00e3o\" \u00e9 a palavra ouvida no encerramento do Postulantado - Not\u00edcias - Franciscanos","isPartOf":{"@id":"https:\/\/franciscanos.org.br\/noticias\/#website"},"primaryImageOfPage":{"@id":"https:\/\/franciscanos.org.br\/noticias\/gratidao-e-a-palavra-ouvida-no-encerramento-do-postulantado.html#primaryimage"},"datePublished":"2020-12-07T21:40:37+00:00","dateModified":"2023-01-09T13:57:44+00:00","author":{"@id":"https:\/\/franciscanos.org.br\/noticias\/#\/schema\/person\/b5c8cba458c330ccff548b056e95a5d4"},"breadcrumb":{"@id":"https:\/\/franciscanos.org.br\/noticias\/gratidao-e-a-palavra-ouvida-no-encerramento-do-postulantado.html#breadcrumb"},"inLanguage":"pt-BR","potentialAction":[{"@type":"ReadAction","target":["https:\/\/franciscanos.org.br\/noticias\/gratidao-e-a-palavra-ouvida-no-encerramento-do-postulantado.html"]}]},{"@type":"BreadcrumbList","@id":"https:\/\/franciscanos.org.br\/noticias\/gratidao-e-a-palavra-ouvida-no-encerramento-do-postulantado.html#breadcrumb","itemListElement":[{"@type":"ListItem","position":1,"name":"Home","item":"https:\/\/franciscanos.org.br\/noticias"},{"@type":"ListItem","position":2,"name":"&#8220;Gratid\u00e3o&#8221; \u00e9 a palavra ouvida no encerramento do Postulantado"}]},{"@type":"Person","@id":"https:\/\/franciscanos.org.br\/noticias\/#\/schema\/person\/b5c8cba458c330ccff548b056e95a5d4","name":"moacir","image":{"@type":"ImageObject","inLanguage":"pt-BR","@id":"https:\/\/franciscanos.org.br\/noticias\/#\/schema\/person\/image\/","url":"https:\/\/secure.gravatar.com\/avatar\/d08aa2ce4c8dd416d4479aa8536fcf64?s=96&d=mm&r=g","contentUrl":"https:\/\/secure.gravatar.com\/avatar\/d08aa2ce4c8dd416d4479aa8536fcf64?s=96&d=mm&r=g","caption":"moacir"},"url":"https:\/\/franciscanos.org.br\/noticias\/author\/moacir"}]}},"_links":{"self":[{"href":"https:\/\/franciscanos.org.br\/noticias\/wp-json\/wp\/v2\/posts\/229741"}],"collection":[{"href":"https:\/\/franciscanos.org.br\/noticias\/wp-json\/wp\/v2\/posts"}],"about":[{"href":"https:\/\/franciscanos.org.br\/noticias\/wp-json\/wp\/v2\/types\/post"}],"author":[{"embeddable":true,"href":"https:\/\/franciscanos.org.br\/noticias\/wp-json\/wp\/v2\/users\/3"}],"replies":[{"embeddable":true,"href":"https:\/\/franciscanos.org.br\/noticias\/wp-json\/wp\/v2\/comments?post=229741"}],"version-history":[{"count":1,"href":"https:\/\/franciscanos.org.br\/noticias\/wp-json\/wp\/v2\/posts\/229741\/revisions"}],"predecessor-version":[{"id":229749,"href":"https:\/\/franciscanos.org.br\/noticias\/wp-json\/wp\/v2\/posts\/229741\/revisions\/229749"}],"wp:featuredmedia":[{"embeddable":true,"href":"https:\/\/franciscanos.org.br\/noticias\/wp-json\/wp\/v2\/media\/229748"}],"wp:attachment":[{"href":"https:\/\/franciscanos.org.br\/noticias\/wp-json\/wp\/v2\/media?parent=229741"}],"wp:term":[{"taxonomy":"category","embeddable":true,"href":"https:\/\/franciscanos.org.br\/noticias\/wp-json\/wp\/v2\/categories?post=229741"},{"taxonomy":"post_tag","embeddable":true,"href":"https:\/\/franciscanos.org.br\/noticias\/wp-json\/wp\/v2\/tags?post=229741"}],"curies":[{"name":"wp","href":"https:\/\/api.w.org\/{rel}","templated":true}]}}