{"id":22974,"date":"2012-08-28T05:23:09","date_gmt":"2012-08-28T08:23:09","guid":{"rendered":"http:\/\/new.franciscanos.org.br\/?p=22974"},"modified":"2019-10-31T11:07:34","modified_gmt":"2019-10-31T14:07:34","slug":"um-mes-vocacional-intenso-em-colatina","status":"publish","type":"post","link":"https:\/\/franciscanos.org.br\/noticias\/um-mes-vocacional-intenso-em-colatina.html","title":{"rendered":"Um m\u00eas vocacional intenso em Colatina"},"content":{"rendered":"<p><strong><img loading=\"lazy\" class=\"alignright size-full wp-image-22975\" title=\"3108_280812\" src=\"http:\/\/franciscanos.org.br\/wp-content\/uploads\/2012\/08\/3108_280812.jpg\" alt=\"\" width=\"409\" height=\"400\" \/>Por Frei Gilson Kammer<\/strong><\/p>\n<p>Este m\u00eas vocacional foi bastante intenso para a Fam\u00edlia Franciscana \u2013 Fraternidade Santo Ant\u00f4nio de Santana Galv\u00e3o e Par\u00f3quia Santa Clara de Assis, Irm\u00e3s Clarissas e Ordem Franciscana Secular \u2013 presente em Colatina-ES.<\/p>\n<p>Foram v\u00e1rios momentos em que pudemos estar juntos e vivenciar de modo pleno o dom da voca\u00e7\u00e3o franciscana. O primeiro deles foi celebrar Nossa Senhora dos Anjos no Mosteiro Sant\u00edssima Trindade. Frei Vanilton Aparecido Leme, assistente espiritual das Irm\u00e3s Clarissas, em sua homilia destacou que S\u00e3o Francisco conseguiu se aproximar de Cristo porque p\u00f4de fazer uma aut\u00eantica experi\u00eancia de reconcilia\u00e7\u00e3o consigo, com as demais criaturas e com Deus. A Porci\u00fancula, por sua pequenez, representa da maneira mais singela e sublime esta reconcilia\u00e7\u00e3o a que todos somos chamados a fazer.<\/p>\n<p>Outro momento de alegria foi \u201cIX Encontro das Fraternidades da OFS do Estado do Esp\u00edrito Santo\u201d no Mosteiro das Clarissas. Estiveram presentes as fraternidades de Santa Tereza, Viana, Vila Velha, Colatina e a Jufra de Vila Velha. Foram 110 pessoas que se reuniram para meditar e refletir a cerca da vida franciscana, al\u00e9m da OFS, estavam presentes os assistentes espirituais das referidas Fraternidades: Frei Gilson kammer, Frei Pedro Engel e dois frades capuchinhos e todas as Clarissas.<\/p>\n<p>O Esp\u00edrito Santo tamb\u00e9m teve a alegria de receber a 22<sup>a <\/sup>Assembleia da UCLAF \u2013 Uni\u00e3o das Confer\u00eancias Latino-americanas Franciscanas \u2013 e o Ministro Geral da Ordem, Frei Jos\u00e9 Rodr\u00edguez Carballo, que na abertura da Assembleia destacou aspectos essenciais da vida franciscana, insistindo que \u00e9 hora de centrarmo-nos no que \u00e9 fundamental.<\/p>\n<p>Os frades do Regional do Esp\u00edrito Santo tiveram a alegria de um encontro recreativo e fraterno com o Ministro Geral no Convento Nossa Senhora da Penha. Frei Jos\u00e9 se tornou o primeiro Ministro Geral da Ordem a estar neste local aben\u00e7oado por Deus e de grande admira\u00e7\u00e3o dos frades e do povo capixaba.<\/p>\n<p>Mais um belo encontro da Fam\u00edlia Franciscana aconteceu no Santu\u00e1rio Divino Esp\u00edrito Santo, em Vila Velha, para celebrar a Solenidade de Santa Clara de Assis. O encontro contou com a presen\u00e7a dos frades do Regional, frades participantes da 22<sup>a <\/sup>Assembleia da UCLAF, das Irm\u00e3s Clarissas do Mosteiro Sant\u00edssima Trindade de Colatina-ES, irm\u00e3os e irm\u00e3s da OFS das fraternidades do Estado e um grande n\u00famero de paroquianos do Santu\u00e1rio. A celebra\u00e7\u00e3o eucar\u00edstica foi presidida pelo bispo Diocesano de Cachoeiro do Itapemirim-ES, Dom Dario Campos, frade da Prov\u00edncia Santa Cruz, de Minas Gerais.<\/p>\n<p>No dia de Santa Clara de Assis, no Mosteiro Sant\u00edssima Trindade a Fam\u00edlia Franciscana estava novamente reunida para a celebra\u00e7\u00e3o eucar\u00edstica presidida por Frei Gilson Kammer que destacou a plenitude com que Santa Clara se entregou ao projeto de vida evang\u00e9lica proposto por Deus e seu relacionamento esponsal com Cristo que lhe confirmaram sua fidelidade criativa para nunca perder o seu ponto de partida.\u00a0\u00a0\u00a0\u00a0 No mesmo dia 11, as comunidades da par\u00f3quia Santa Clara de Assis se reuniram na localidade de Povoa\u00e7\u00e3o de Baunilha \u2013 comunidade Santo Ant\u00f4nio, para juntos celebrar a Eucaristia, que foi presidida pelo bispo diocesano Dom D\u00e9cio Sossai Zandonade, concelebrada pelos frades e outros padres que atuam na Diocese e aproximadamente mil pessoas das comunidades da par\u00f3quia e da OFS de Colatina. Ap\u00f3s a celebra\u00e7\u00e3o teve jantar, forr\u00f3, barracas surpresas, diversos sorteios, roletas, leil\u00f5es e o sorteio da a\u00e7\u00e3o entre amigos.<\/p>\n<p>Outra oportunidade de encontro e trabalho conjunto para a Fam\u00edlia Franciscana foi um dia de miss\u00f5es no Col\u00e9gio Marista onde os freis, irm\u00e3s clarissas e OFS se reuniam com os alunos para apresentar o carisma franciscano e incentivar todos a buscarem sua realiza\u00e7\u00e3o vocacional. Para esta oportunidade foi preparado um singelo espa\u00e7o para mostrar um pouco o jeito franciscano de ser e como podemos nos posicionar diante das criaturas e de Deus.<\/p>\n<p>Este m\u00eas t\u00e3o intenso para a Fam\u00edlia Franciscana em Colatina teve seu auge com a presen\u00e7a do Ministro Provincial Frei Fid\u00eancio Vanboemmel para a Visita Can\u00f4nica. Onde p\u00f4de conversar com os frades, Irm\u00e3s Clarissas, Conselho Paroquial de Pastoral e com o Bispo Diocesano. Frei Fid\u00eancio presidiu a celebra\u00e7\u00e3o eucar\u00edstica que foi concelebrada pelos frades, irm\u00e3s Clarissas e OFS no Mosteiro Sant\u00edssima Trindade e a partir do texto do evangelho do dia (Mt 19,13-15), a exemplo das crian\u00e7as, exortou e animou todos a buscarem uma aproxima\u00e7\u00e3o do Evangelho de Jesus Cristo.<\/p>\n","protected":false},"excerpt":{"rendered":"<p>Vida Franciscana<\/p>\n","protected":false},"author":1,"featured_media":213233,"comment_status":"closed","ping_status":"closed","sticky":false,"template":"","format":"standard","meta":[],"categories":[1],"tags":[652],"acf":[],"yoast_head":"<!-- This site is optimized with the Yoast SEO plugin v19.2 - https:\/\/yoast.com\/wordpress\/plugins\/seo\/ -->\n<title>Um m\u00eas vocacional intenso em Colatina - Not\u00edcias - Franciscanos<\/title>\n<meta name=\"robots\" content=\"index, follow, max-snippet:-1, max-image-preview:large, max-video-preview:-1\" \/>\n<link rel=\"canonical\" href=\"https:\/\/franciscanos.org.br\/noticias\/um-mes-vocacional-intenso-em-colatina.html\" \/>\n<meta property=\"og:locale\" content=\"pt_BR\" \/>\n<meta property=\"og:type\" content=\"article\" \/>\n<meta property=\"og:title\" content=\"Um m\u00eas vocacional intenso em Colatina - Not\u00edcias - Franciscanos\" \/>\n<meta property=\"og:description\" content=\"Vida Franciscana\" \/>\n<meta property=\"og:url\" content=\"https:\/\/franciscanos.org.br\/noticias\/um-mes-vocacional-intenso-em-colatina.html\" \/>\n<meta property=\"og:site_name\" content=\"Not\u00edcias - Franciscanos\" \/>\n<meta property=\"article:published_time\" content=\"2012-08-28T08:23:09+00:00\" \/>\n<meta property=\"article:modified_time\" content=\"2019-10-31T14:07:34+00:00\" \/>\n<meta property=\"og:image\" content=\"https:\/\/franciscanos.org.br\/noticias\/wp-content\/uploads\/2012\/08\/3108_280812.jpg\" \/>\n\t<meta property=\"og:image:width\" content=\"273\" \/>\n\t<meta property=\"og:image:height\" content=\"181\" \/>\n\t<meta property=\"og:image:type\" content=\"image\/jpeg\" \/>\n<meta name=\"author\" content=\"admin\" \/>\n<meta name=\"twitter:card\" content=\"summary_large_image\" \/>\n<meta name=\"twitter:label1\" content=\"Escrito por\" \/>\n\t<meta name=\"twitter:data1\" content=\"admin\" \/>\n\t<meta name=\"twitter:label2\" content=\"Est. tempo de leitura\" \/>\n\t<meta name=\"twitter:data2\" content=\"4 minutos\" \/>\n<script type=\"application\/ld+json\" class=\"yoast-schema-graph\">{\"@context\":\"https:\/\/schema.org\",\"@graph\":[{\"@type\":\"WebSite\",\"@id\":\"https:\/\/franciscanos.org.br\/noticias\/#website\",\"url\":\"https:\/\/franciscanos.org.br\/noticias\/\",\"name\":\"Not\u00edcias - Franciscanos\",\"description\":\"Prov\u00edncia Franciscana da Imaculada Concei\u00e7\u00e3o do Brasil - Ordem dos Frades Menores - OFM\",\"potentialAction\":[{\"@type\":\"SearchAction\",\"target\":{\"@type\":\"EntryPoint\",\"urlTemplate\":\"https:\/\/franciscanos.org.br\/noticias\/?s={search_term_string}\"},\"query-input\":\"required name=search_term_string\"}],\"inLanguage\":\"pt-BR\"},{\"@type\":\"ImageObject\",\"inLanguage\":\"pt-BR\",\"@id\":\"https:\/\/franciscanos.org.br\/noticias\/um-mes-vocacional-intenso-em-colatina.html#primaryimage\",\"url\":\"https:\/\/franciscanos.org.br\/noticias\/wp-content\/uploads\/2012\/08\/3108_280812.jpg\",\"contentUrl\":\"https:\/\/franciscanos.org.br\/noticias\/wp-content\/uploads\/2012\/08\/3108_280812.jpg\",\"width\":273,\"height\":181},{\"@type\":\"WebPage\",\"@id\":\"https:\/\/franciscanos.org.br\/noticias\/um-mes-vocacional-intenso-em-colatina.html#webpage\",\"url\":\"https:\/\/franciscanos.org.br\/noticias\/um-mes-vocacional-intenso-em-colatina.html\",\"name\":\"Um m\u00eas vocacional intenso em Colatina - Not\u00edcias - Franciscanos\",\"isPartOf\":{\"@id\":\"https:\/\/franciscanos.org.br\/noticias\/#website\"},\"primaryImageOfPage\":{\"@id\":\"https:\/\/franciscanos.org.br\/noticias\/um-mes-vocacional-intenso-em-colatina.html#primaryimage\"},\"datePublished\":\"2012-08-28T08:23:09+00:00\",\"dateModified\":\"2019-10-31T14:07:34+00:00\",\"author\":{\"@id\":\"https:\/\/franciscanos.org.br\/noticias\/#\/schema\/person\/b38fbf43118f02820bd932f2e4b14ad3\"},\"breadcrumb\":{\"@id\":\"https:\/\/franciscanos.org.br\/noticias\/um-mes-vocacional-intenso-em-colatina.html#breadcrumb\"},\"inLanguage\":\"pt-BR\",\"potentialAction\":[{\"@type\":\"ReadAction\",\"target\":[\"https:\/\/franciscanos.org.br\/noticias\/um-mes-vocacional-intenso-em-colatina.html\"]}]},{\"@type\":\"BreadcrumbList\",\"@id\":\"https:\/\/franciscanos.org.br\/noticias\/um-mes-vocacional-intenso-em-colatina.html#breadcrumb\",\"itemListElement\":[{\"@type\":\"ListItem\",\"position\":1,\"name\":\"Home\",\"item\":\"https:\/\/franciscanos.org.br\/noticias\"},{\"@type\":\"ListItem\",\"position\":2,\"name\":\"Um m\u00eas vocacional intenso em Colatina\"}]},{\"@type\":\"Person\",\"@id\":\"https:\/\/franciscanos.org.br\/noticias\/#\/schema\/person\/b38fbf43118f02820bd932f2e4b14ad3\",\"name\":\"admin\",\"image\":{\"@type\":\"ImageObject\",\"inLanguage\":\"pt-BR\",\"@id\":\"https:\/\/franciscanos.org.br\/noticias\/#\/schema\/person\/image\/\",\"url\":\"https:\/\/secure.gravatar.com\/avatar\/e8495742d34d0ba6448ea1c628263b3e?s=96&d=mm&r=g\",\"contentUrl\":\"https:\/\/secure.gravatar.com\/avatar\/e8495742d34d0ba6448ea1c628263b3e?s=96&d=mm&r=g\",\"caption\":\"admin\"},\"url\":\"https:\/\/franciscanos.org.br\/noticias\/author\/admin\"}]}<\/script>\n<!-- \/ Yoast SEO plugin. -->","yoast_head_json":{"title":"Um m\u00eas vocacional intenso em Colatina - Not\u00edcias - Franciscanos","robots":{"index":"index","follow":"follow","max-snippet":"max-snippet:-1","max-image-preview":"max-image-preview:large","max-video-preview":"max-video-preview:-1"},"canonical":"https:\/\/franciscanos.org.br\/noticias\/um-mes-vocacional-intenso-em-colatina.html","og_locale":"pt_BR","og_type":"article","og_title":"Um m\u00eas vocacional intenso em Colatina - Not\u00edcias - Franciscanos","og_description":"Vida Franciscana","og_url":"https:\/\/franciscanos.org.br\/noticias\/um-mes-vocacional-intenso-em-colatina.html","og_site_name":"Not\u00edcias - Franciscanos","article_published_time":"2012-08-28T08:23:09+00:00","article_modified_time":"2019-10-31T14:07:34+00:00","og_image":[{"width":273,"height":181,"url":"https:\/\/franciscanos.org.br\/noticias\/wp-content\/uploads\/2012\/08\/3108_280812.jpg","type":"image\/jpeg"}],"author":"admin","twitter_card":"summary_large_image","twitter_misc":{"Escrito por":"admin","Est. tempo de leitura":"4 minutos"},"schema":{"@context":"https:\/\/schema.org","@graph":[{"@type":"WebSite","@id":"https:\/\/franciscanos.org.br\/noticias\/#website","url":"https:\/\/franciscanos.org.br\/noticias\/","name":"Not\u00edcias - Franciscanos","description":"Prov\u00edncia Franciscana da Imaculada Concei\u00e7\u00e3o do Brasil - Ordem dos Frades Menores - OFM","potentialAction":[{"@type":"SearchAction","target":{"@type":"EntryPoint","urlTemplate":"https:\/\/franciscanos.org.br\/noticias\/?s={search_term_string}"},"query-input":"required name=search_term_string"}],"inLanguage":"pt-BR"},{"@type":"ImageObject","inLanguage":"pt-BR","@id":"https:\/\/franciscanos.org.br\/noticias\/um-mes-vocacional-intenso-em-colatina.html#primaryimage","url":"https:\/\/franciscanos.org.br\/noticias\/wp-content\/uploads\/2012\/08\/3108_280812.jpg","contentUrl":"https:\/\/franciscanos.org.br\/noticias\/wp-content\/uploads\/2012\/08\/3108_280812.jpg","width":273,"height":181},{"@type":"WebPage","@id":"https:\/\/franciscanos.org.br\/noticias\/um-mes-vocacional-intenso-em-colatina.html#webpage","url":"https:\/\/franciscanos.org.br\/noticias\/um-mes-vocacional-intenso-em-colatina.html","name":"Um m\u00eas vocacional intenso em Colatina - Not\u00edcias - Franciscanos","isPartOf":{"@id":"https:\/\/franciscanos.org.br\/noticias\/#website"},"primaryImageOfPage":{"@id":"https:\/\/franciscanos.org.br\/noticias\/um-mes-vocacional-intenso-em-colatina.html#primaryimage"},"datePublished":"2012-08-28T08:23:09+00:00","dateModified":"2019-10-31T14:07:34+00:00","author":{"@id":"https:\/\/franciscanos.org.br\/noticias\/#\/schema\/person\/b38fbf43118f02820bd932f2e4b14ad3"},"breadcrumb":{"@id":"https:\/\/franciscanos.org.br\/noticias\/um-mes-vocacional-intenso-em-colatina.html#breadcrumb"},"inLanguage":"pt-BR","potentialAction":[{"@type":"ReadAction","target":["https:\/\/franciscanos.org.br\/noticias\/um-mes-vocacional-intenso-em-colatina.html"]}]},{"@type":"BreadcrumbList","@id":"https:\/\/franciscanos.org.br\/noticias\/um-mes-vocacional-intenso-em-colatina.html#breadcrumb","itemListElement":[{"@type":"ListItem","position":1,"name":"Home","item":"https:\/\/franciscanos.org.br\/noticias"},{"@type":"ListItem","position":2,"name":"Um m\u00eas vocacional intenso em Colatina"}]},{"@type":"Person","@id":"https:\/\/franciscanos.org.br\/noticias\/#\/schema\/person\/b38fbf43118f02820bd932f2e4b14ad3","name":"admin","image":{"@type":"ImageObject","inLanguage":"pt-BR","@id":"https:\/\/franciscanos.org.br\/noticias\/#\/schema\/person\/image\/","url":"https:\/\/secure.gravatar.com\/avatar\/e8495742d34d0ba6448ea1c628263b3e?s=96&d=mm&r=g","contentUrl":"https:\/\/secure.gravatar.com\/avatar\/e8495742d34d0ba6448ea1c628263b3e?s=96&d=mm&r=g","caption":"admin"},"url":"https:\/\/franciscanos.org.br\/noticias\/author\/admin"}]}},"_links":{"self":[{"href":"https:\/\/franciscanos.org.br\/noticias\/wp-json\/wp\/v2\/posts\/22974"}],"collection":[{"href":"https:\/\/franciscanos.org.br\/noticias\/wp-json\/wp\/v2\/posts"}],"about":[{"href":"https:\/\/franciscanos.org.br\/noticias\/wp-json\/wp\/v2\/types\/post"}],"author":[{"embeddable":true,"href":"https:\/\/franciscanos.org.br\/noticias\/wp-json\/wp\/v2\/users\/1"}],"replies":[{"embeddable":true,"href":"https:\/\/franciscanos.org.br\/noticias\/wp-json\/wp\/v2\/comments?post=22974"}],"version-history":[{"count":0,"href":"https:\/\/franciscanos.org.br\/noticias\/wp-json\/wp\/v2\/posts\/22974\/revisions"}],"wp:featuredmedia":[{"embeddable":true,"href":"https:\/\/franciscanos.org.br\/noticias\/wp-json\/wp\/v2\/media\/213233"}],"wp:attachment":[{"href":"https:\/\/franciscanos.org.br\/noticias\/wp-json\/wp\/v2\/media?parent=22974"}],"wp:term":[{"taxonomy":"category","embeddable":true,"href":"https:\/\/franciscanos.org.br\/noticias\/wp-json\/wp\/v2\/categories?post=22974"},{"taxonomy":"post_tag","embeddable":true,"href":"https:\/\/franciscanos.org.br\/noticias\/wp-json\/wp\/v2\/tags?post=22974"}],"curies":[{"name":"wp","href":"https:\/\/api.w.org\/{rel}","templated":true}]}}