{"id":229735,"date":"2020-12-06T19:17:12","date_gmt":"2020-12-06T22:17:12","guid":{"rendered":"https:\/\/franciscanos.org.br\/noticias\/?p=229735"},"modified":"2020-12-06T19:17:12","modified_gmt":"2020-12-06T22:17:12","slug":"angola-frades-do-tempo-de-filosofia-fazem-retiro-para-a-renovacao-dos-votos","status":"publish","type":"post","link":"https:\/\/franciscanos.org.br\/noticias\/angola-frades-do-tempo-de-filosofia-fazem-retiro-para-a-renovacao-dos-votos.html","title":{"rendered":"Angola: Frades do tempo de Filosofia fazem retiro para a Renova\u00e7\u00e3o dos Votos"},"content":{"rendered":"<p><img loading=\"lazy\" class=\"alignnone size-full wp-image-229736\" src=\"https:\/\/franciscanos.org.br\/noticias\/wp-content\/uploads\/2020\/12\/angola_01.jpg\" alt=\"\" width=\"1280\" height=\"720\" srcset=\"https:\/\/franciscanos.org.br\/noticias\/wp-content\/uploads\/2020\/12\/angola_01.jpg 1280w, https:\/\/franciscanos.org.br\/noticias\/wp-content\/uploads\/2020\/12\/angola_01-450x253.jpg 450w, https:\/\/franciscanos.org.br\/noticias\/wp-content\/uploads\/2020\/12\/angola_01-1024x576.jpg 1024w, https:\/\/franciscanos.org.br\/noticias\/wp-content\/uploads\/2020\/12\/angola_01-768x432.jpg 768w, https:\/\/franciscanos.org.br\/noticias\/wp-content\/uploads\/2020\/12\/angola_01-150x84.jpg 150w\" sizes=\"(max-width: 1280px) 100vw, 1280px\" \/><\/p>\n<p>No dia 5 e 6 de dezembro realizou-se na Fraternidade S\u00e3o Francisco de Assis, em Palanca, \u00a0\u00a0propriamente no Centro Franciscano o retiro para a renova\u00e7\u00e3o dos votos, previsto para dia 8 de dezembro, dos professos tempor\u00e1rios do tempo da Filosofia, da Funda\u00e7\u00e3o Imaculada M\u00e3e de Deus de Angola (FIMDA), e do frade brasileiro que se encontra em ano mission\u00e1rio, Frei Jo\u00e3o Zechinato. Mais uma vez, em fun\u00e7\u00e3o da Covid-19 realizou-se \u00a0em casa. O mesmo o teve como pregador Frei Laurindo Lauro J\u00fanior da Silva.<\/p>\n<p>Refletiu-se sobre o tema \u201cConselhos Evang\u00e9licos como Base na Constru\u00e7\u00e3o Fraterna\u201d. O retiro teve in\u00edcio na tarde de s\u00e1bado com a primeira sess\u00e3o. No domingo, come\u00e7ou- se com a missa realizada no mosteiro das Irm\u00e3s Clarissas, Sagrado Cora\u00e7\u00e3o de Jesus, presidida por Frei Laurindo da Silva. E, posteriormente, deu-se in\u00edcio a mais uma sess\u00e3o de forma expositiva e \u00e0 tarde fez-se a plen\u00e1ria, onde alguns puderam fazer quest\u00f5es e dar as suas respectivas contribui\u00e7\u00f5es referente ao tema em estudo.<\/p>\n<p>O pregador baseou-se nas cita\u00e7\u00f5es de Mateus 4, 1-11, Marcos 1, 12-13 e Lucas 4, 1-13, onde s\u00e3o relatados as tenta\u00e7\u00f5es que Cristo sofreu no deserto, referente ao pecado do prazer, poder e ter. Segundo Frei Laurindo, frente a essas tenta\u00e7\u00f5es, o frade \u00e9 chamado a dar uma resposta contr\u00e1ria, assim como Cristo fez. Acrescentou que \u201c os conselhos evang\u00e9licos vivem-se na unicidade porque na espiritualidade franciscana quem feriu um feriu todos\u201d.<\/p>\n<p><img loading=\"lazy\" class=\"alignnone wp-image-229738 size-full\" src=\"https:\/\/franciscanos.org.br\/noticias\/wp-content\/uploads\/2020\/12\/angola_02.jpg\" alt=\"\" width=\"1280\" height=\"720\" srcset=\"https:\/\/franciscanos.org.br\/noticias\/wp-content\/uploads\/2020\/12\/angola_02.jpg 1280w, https:\/\/franciscanos.org.br\/noticias\/wp-content\/uploads\/2020\/12\/angola_02-450x253.jpg 450w, https:\/\/franciscanos.org.br\/noticias\/wp-content\/uploads\/2020\/12\/angola_02-1024x576.jpg 1024w, https:\/\/franciscanos.org.br\/noticias\/wp-content\/uploads\/2020\/12\/angola_02-768x432.jpg 768w, https:\/\/franciscanos.org.br\/noticias\/wp-content\/uploads\/2020\/12\/angola_02-150x84.jpg 150w\" sizes=\"(max-width: 1280px) 100vw, 1280px\" \/><\/p>\n<p>Chamou a aten\u00e7\u00e3o dos presentes de que \u201cessa tr\u00edplice tenta\u00e7\u00e3o sempre existir\u00e1 na nossa vida e deve ser combatida com os votos. A profiss\u00e3o religiosa p\u00f5e no cora\u00e7\u00e3o de cada um de n\u00f3s, o amor do Pai, aquele amor que est\u00e1 no cora\u00e7\u00e3o de Jesus, redentor do mundo\u201d, disse.<\/p>\n<p>\u201cO voto de castidade, de pobreza e obedi\u00eancia d\u00e3o ao nosso itiner\u00e1rio uma caracter\u00edstica cristoc\u00eantrica particular e imprimem nele um sinal espec\u00edfico da economia da reden\u00e7\u00e3o\u201d. Para que haja uma fraternidade sadia, o pregador disse que na sua constru\u00e7\u00e3o deve haver o gosto pela escuta rec\u00edproca, pela partilha de vida e pelas comunica\u00e7\u00f5es fraternas que favorecem o crescimento da comunidade, sem esquecer a liberdade de elogiar e de criticar e parar com melindres.<\/p>\n<p>Ap\u00f3s a plen\u00e1ria houve momentos de agradecimentos, onde Frei Inoc Joaquim agradeceu, em nome dos participantes, a presen\u00e7a e a disponibilidade de Frei Laurindo da J\u00fanior e, posteriormente, como de costume, houve o momento de adora\u00e7\u00e3o no mosteiro das Irm\u00e3s Clarissas.<\/p>\n<p><img loading=\"lazy\" class=\"alignnone wp-image-229739 size-full\" src=\"https:\/\/franciscanos.org.br\/noticias\/wp-content\/uploads\/2020\/12\/angola_03.jpg\" alt=\"\" width=\"1280\" height=\"853\" srcset=\"https:\/\/franciscanos.org.br\/noticias\/wp-content\/uploads\/2020\/12\/angola_03.jpg 1280w, https:\/\/franciscanos.org.br\/noticias\/wp-content\/uploads\/2020\/12\/angola_03-450x300.jpg 450w, https:\/\/franciscanos.org.br\/noticias\/wp-content\/uploads\/2020\/12\/angola_03-1024x682.jpg 1024w, https:\/\/franciscanos.org.br\/noticias\/wp-content\/uploads\/2020\/12\/angola_03-768x512.jpg 768w, https:\/\/franciscanos.org.br\/noticias\/wp-content\/uploads\/2020\/12\/angola_03-150x100.jpg 150w\" sizes=\"(max-width: 1280px) 100vw, 1280px\" \/><\/p>\n<hr \/>\n<p><em>Frei Abel Ndala Sahuma Nganji, Frei Hil\u00e1rio Ngundja (texto) e Eduardo Camunha (foto)<\/em><\/p>\n","protected":false},"excerpt":{"rendered":"<p>Miss\u00e3o de Angola<\/p>\n","protected":false},"author":3,"featured_media":229737,"comment_status":"open","ping_status":"open","sticky":false,"template":"","format":"standard","meta":[],"categories":[1],"tags":[360],"acf":[],"yoast_head":"<!-- This site is optimized with the Yoast SEO plugin v19.2 - https:\/\/yoast.com\/wordpress\/plugins\/seo\/ -->\n<title>Angola: Frades do tempo de Filosofia fazem retiro para a Renova\u00e7\u00e3o dos Votos - Not\u00edcias - Franciscanos<\/title>\n<meta name=\"robots\" content=\"index, follow, max-snippet:-1, max-image-preview:large, max-video-preview:-1\" \/>\n<link rel=\"canonical\" href=\"https:\/\/franciscanos.org.br\/noticias\/angola-frades-do-tempo-de-filosofia-fazem-retiro-para-a-renovacao-dos-votos.html\" \/>\n<meta property=\"og:locale\" content=\"pt_BR\" \/>\n<meta property=\"og:type\" content=\"article\" \/>\n<meta property=\"og:title\" content=\"Angola: Frades do tempo de Filosofia fazem retiro para a Renova\u00e7\u00e3o dos Votos - Not\u00edcias - Franciscanos\" \/>\n<meta property=\"og:description\" content=\"Miss\u00e3o de Angola\" \/>\n<meta property=\"og:url\" content=\"https:\/\/franciscanos.org.br\/noticias\/angola-frades-do-tempo-de-filosofia-fazem-retiro-para-a-renovacao-dos-votos.html\" \/>\n<meta property=\"og:site_name\" content=\"Not\u00edcias - Franciscanos\" \/>\n<meta property=\"article:published_time\" content=\"2020-12-06T22:17:12+00:00\" \/>\n<meta property=\"og:image\" content=\"https:\/\/franciscanos.org.br\/noticias\/wp-content\/uploads\/2020\/12\/angola_01d.jpg\" \/>\n\t<meta property=\"og:image:width\" content=\"800\" \/>\n\t<meta property=\"og:image:height\" content=\"600\" \/>\n\t<meta property=\"og:image:type\" content=\"image\/jpeg\" \/>\n<meta name=\"author\" content=\"moacir\" \/>\n<meta name=\"twitter:card\" content=\"summary_large_image\" \/>\n<meta name=\"twitter:label1\" content=\"Escrito por\" \/>\n\t<meta name=\"twitter:data1\" content=\"moacir\" \/>\n\t<meta name=\"twitter:label2\" content=\"Est. tempo de leitura\" \/>\n\t<meta name=\"twitter:data2\" content=\"2 minutos\" \/>\n<script type=\"application\/ld+json\" class=\"yoast-schema-graph\">{\"@context\":\"https:\/\/schema.org\",\"@graph\":[{\"@type\":\"WebSite\",\"@id\":\"https:\/\/franciscanos.org.br\/noticias\/#website\",\"url\":\"https:\/\/franciscanos.org.br\/noticias\/\",\"name\":\"Not\u00edcias - Franciscanos\",\"description\":\"Prov\u00edncia Franciscana da Imaculada Concei\u00e7\u00e3o do Brasil - Ordem dos Frades Menores - OFM\",\"potentialAction\":[{\"@type\":\"SearchAction\",\"target\":{\"@type\":\"EntryPoint\",\"urlTemplate\":\"https:\/\/franciscanos.org.br\/noticias\/?s={search_term_string}\"},\"query-input\":\"required name=search_term_string\"}],\"inLanguage\":\"pt-BR\"},{\"@type\":\"ImageObject\",\"inLanguage\":\"pt-BR\",\"@id\":\"https:\/\/franciscanos.org.br\/noticias\/angola-frades-do-tempo-de-filosofia-fazem-retiro-para-a-renovacao-dos-votos.html#primaryimage\",\"url\":\"https:\/\/franciscanos.org.br\/noticias\/wp-content\/uploads\/2020\/12\/angola_01d.jpg\",\"contentUrl\":\"https:\/\/franciscanos.org.br\/noticias\/wp-content\/uploads\/2020\/12\/angola_01d.jpg\",\"width\":800,\"height\":600},{\"@type\":\"WebPage\",\"@id\":\"https:\/\/franciscanos.org.br\/noticias\/angola-frades-do-tempo-de-filosofia-fazem-retiro-para-a-renovacao-dos-votos.html#webpage\",\"url\":\"https:\/\/franciscanos.org.br\/noticias\/angola-frades-do-tempo-de-filosofia-fazem-retiro-para-a-renovacao-dos-votos.html\",\"name\":\"Angola: Frades do tempo de Filosofia fazem retiro para a Renova\u00e7\u00e3o dos Votos - Not\u00edcias - Franciscanos\",\"isPartOf\":{\"@id\":\"https:\/\/franciscanos.org.br\/noticias\/#website\"},\"primaryImageOfPage\":{\"@id\":\"https:\/\/franciscanos.org.br\/noticias\/angola-frades-do-tempo-de-filosofia-fazem-retiro-para-a-renovacao-dos-votos.html#primaryimage\"},\"datePublished\":\"2020-12-06T22:17:12+00:00\",\"dateModified\":\"2020-12-06T22:17:12+00:00\",\"author\":{\"@id\":\"https:\/\/franciscanos.org.br\/noticias\/#\/schema\/person\/b5c8cba458c330ccff548b056e95a5d4\"},\"breadcrumb\":{\"@id\":\"https:\/\/franciscanos.org.br\/noticias\/angola-frades-do-tempo-de-filosofia-fazem-retiro-para-a-renovacao-dos-votos.html#breadcrumb\"},\"inLanguage\":\"pt-BR\",\"potentialAction\":[{\"@type\":\"ReadAction\",\"target\":[\"https:\/\/franciscanos.org.br\/noticias\/angola-frades-do-tempo-de-filosofia-fazem-retiro-para-a-renovacao-dos-votos.html\"]}]},{\"@type\":\"BreadcrumbList\",\"@id\":\"https:\/\/franciscanos.org.br\/noticias\/angola-frades-do-tempo-de-filosofia-fazem-retiro-para-a-renovacao-dos-votos.html#breadcrumb\",\"itemListElement\":[{\"@type\":\"ListItem\",\"position\":1,\"name\":\"Home\",\"item\":\"https:\/\/franciscanos.org.br\/noticias\"},{\"@type\":\"ListItem\",\"position\":2,\"name\":\"Angola: Frades do tempo de Filosofia fazem retiro para a Renova\u00e7\u00e3o dos Votos\"}]},{\"@type\":\"Person\",\"@id\":\"https:\/\/franciscanos.org.br\/noticias\/#\/schema\/person\/b5c8cba458c330ccff548b056e95a5d4\",\"name\":\"moacir\",\"image\":{\"@type\":\"ImageObject\",\"inLanguage\":\"pt-BR\",\"@id\":\"https:\/\/franciscanos.org.br\/noticias\/#\/schema\/person\/image\/\",\"url\":\"https:\/\/secure.gravatar.com\/avatar\/d08aa2ce4c8dd416d4479aa8536fcf64?s=96&d=mm&r=g\",\"contentUrl\":\"https:\/\/secure.gravatar.com\/avatar\/d08aa2ce4c8dd416d4479aa8536fcf64?s=96&d=mm&r=g\",\"caption\":\"moacir\"},\"url\":\"https:\/\/franciscanos.org.br\/noticias\/author\/moacir\"}]}<\/script>\n<!-- \/ Yoast SEO plugin. -->","yoast_head_json":{"title":"Angola: Frades do tempo de Filosofia fazem retiro para a Renova\u00e7\u00e3o dos Votos - Not\u00edcias - Franciscanos","robots":{"index":"index","follow":"follow","max-snippet":"max-snippet:-1","max-image-preview":"max-image-preview:large","max-video-preview":"max-video-preview:-1"},"canonical":"https:\/\/franciscanos.org.br\/noticias\/angola-frades-do-tempo-de-filosofia-fazem-retiro-para-a-renovacao-dos-votos.html","og_locale":"pt_BR","og_type":"article","og_title":"Angola: Frades do tempo de Filosofia fazem retiro para a Renova\u00e7\u00e3o dos Votos - Not\u00edcias - Franciscanos","og_description":"Miss\u00e3o de Angola","og_url":"https:\/\/franciscanos.org.br\/noticias\/angola-frades-do-tempo-de-filosofia-fazem-retiro-para-a-renovacao-dos-votos.html","og_site_name":"Not\u00edcias - Franciscanos","article_published_time":"2020-12-06T22:17:12+00:00","og_image":[{"width":800,"height":600,"url":"https:\/\/franciscanos.org.br\/noticias\/wp-content\/uploads\/2020\/12\/angola_01d.jpg","type":"image\/jpeg"}],"author":"moacir","twitter_card":"summary_large_image","twitter_misc":{"Escrito por":"moacir","Est. tempo de leitura":"2 minutos"},"schema":{"@context":"https:\/\/schema.org","@graph":[{"@type":"WebSite","@id":"https:\/\/franciscanos.org.br\/noticias\/#website","url":"https:\/\/franciscanos.org.br\/noticias\/","name":"Not\u00edcias - Franciscanos","description":"Prov\u00edncia Franciscana da Imaculada Concei\u00e7\u00e3o do Brasil - Ordem dos Frades Menores - OFM","potentialAction":[{"@type":"SearchAction","target":{"@type":"EntryPoint","urlTemplate":"https:\/\/franciscanos.org.br\/noticias\/?s={search_term_string}"},"query-input":"required name=search_term_string"}],"inLanguage":"pt-BR"},{"@type":"ImageObject","inLanguage":"pt-BR","@id":"https:\/\/franciscanos.org.br\/noticias\/angola-frades-do-tempo-de-filosofia-fazem-retiro-para-a-renovacao-dos-votos.html#primaryimage","url":"https:\/\/franciscanos.org.br\/noticias\/wp-content\/uploads\/2020\/12\/angola_01d.jpg","contentUrl":"https:\/\/franciscanos.org.br\/noticias\/wp-content\/uploads\/2020\/12\/angola_01d.jpg","width":800,"height":600},{"@type":"WebPage","@id":"https:\/\/franciscanos.org.br\/noticias\/angola-frades-do-tempo-de-filosofia-fazem-retiro-para-a-renovacao-dos-votos.html#webpage","url":"https:\/\/franciscanos.org.br\/noticias\/angola-frades-do-tempo-de-filosofia-fazem-retiro-para-a-renovacao-dos-votos.html","name":"Angola: Frades do tempo de Filosofia fazem retiro para a Renova\u00e7\u00e3o dos Votos - Not\u00edcias - Franciscanos","isPartOf":{"@id":"https:\/\/franciscanos.org.br\/noticias\/#website"},"primaryImageOfPage":{"@id":"https:\/\/franciscanos.org.br\/noticias\/angola-frades-do-tempo-de-filosofia-fazem-retiro-para-a-renovacao-dos-votos.html#primaryimage"},"datePublished":"2020-12-06T22:17:12+00:00","dateModified":"2020-12-06T22:17:12+00:00","author":{"@id":"https:\/\/franciscanos.org.br\/noticias\/#\/schema\/person\/b5c8cba458c330ccff548b056e95a5d4"},"breadcrumb":{"@id":"https:\/\/franciscanos.org.br\/noticias\/angola-frades-do-tempo-de-filosofia-fazem-retiro-para-a-renovacao-dos-votos.html#breadcrumb"},"inLanguage":"pt-BR","potentialAction":[{"@type":"ReadAction","target":["https:\/\/franciscanos.org.br\/noticias\/angola-frades-do-tempo-de-filosofia-fazem-retiro-para-a-renovacao-dos-votos.html"]}]},{"@type":"BreadcrumbList","@id":"https:\/\/franciscanos.org.br\/noticias\/angola-frades-do-tempo-de-filosofia-fazem-retiro-para-a-renovacao-dos-votos.html#breadcrumb","itemListElement":[{"@type":"ListItem","position":1,"name":"Home","item":"https:\/\/franciscanos.org.br\/noticias"},{"@type":"ListItem","position":2,"name":"Angola: Frades do tempo de Filosofia fazem retiro para a Renova\u00e7\u00e3o dos Votos"}]},{"@type":"Person","@id":"https:\/\/franciscanos.org.br\/noticias\/#\/schema\/person\/b5c8cba458c330ccff548b056e95a5d4","name":"moacir","image":{"@type":"ImageObject","inLanguage":"pt-BR","@id":"https:\/\/franciscanos.org.br\/noticias\/#\/schema\/person\/image\/","url":"https:\/\/secure.gravatar.com\/avatar\/d08aa2ce4c8dd416d4479aa8536fcf64?s=96&d=mm&r=g","contentUrl":"https:\/\/secure.gravatar.com\/avatar\/d08aa2ce4c8dd416d4479aa8536fcf64?s=96&d=mm&r=g","caption":"moacir"},"url":"https:\/\/franciscanos.org.br\/noticias\/author\/moacir"}]}},"_links":{"self":[{"href":"https:\/\/franciscanos.org.br\/noticias\/wp-json\/wp\/v2\/posts\/229735"}],"collection":[{"href":"https:\/\/franciscanos.org.br\/noticias\/wp-json\/wp\/v2\/posts"}],"about":[{"href":"https:\/\/franciscanos.org.br\/noticias\/wp-json\/wp\/v2\/types\/post"}],"author":[{"embeddable":true,"href":"https:\/\/franciscanos.org.br\/noticias\/wp-json\/wp\/v2\/users\/3"}],"replies":[{"embeddable":true,"href":"https:\/\/franciscanos.org.br\/noticias\/wp-json\/wp\/v2\/comments?post=229735"}],"version-history":[{"count":1,"href":"https:\/\/franciscanos.org.br\/noticias\/wp-json\/wp\/v2\/posts\/229735\/revisions"}],"predecessor-version":[{"id":229740,"href":"https:\/\/franciscanos.org.br\/noticias\/wp-json\/wp\/v2\/posts\/229735\/revisions\/229740"}],"wp:featuredmedia":[{"embeddable":true,"href":"https:\/\/franciscanos.org.br\/noticias\/wp-json\/wp\/v2\/media\/229737"}],"wp:attachment":[{"href":"https:\/\/franciscanos.org.br\/noticias\/wp-json\/wp\/v2\/media?parent=229735"}],"wp:term":[{"taxonomy":"category","embeddable":true,"href":"https:\/\/franciscanos.org.br\/noticias\/wp-json\/wp\/v2\/categories?post=229735"},{"taxonomy":"post_tag","embeddable":true,"href":"https:\/\/franciscanos.org.br\/noticias\/wp-json\/wp\/v2\/tags?post=229735"}],"curies":[{"name":"wp","href":"https:\/\/api.w.org\/{rel}","templated":true}]}}