{"id":229731,"date":"2020-12-06T13:59:54","date_gmt":"2020-12-06T16:59:54","guid":{"rendered":"https:\/\/franciscanos.org.br\/noticias\/?p=229731"},"modified":"2020-12-14T08:59:48","modified_gmt":"2020-12-14T11:59:48","slug":"mensagem-da-provincia-para-a-solenidade-da-imaculada-conceicao-de-nossa-senhora","status":"publish","type":"post","link":"https:\/\/franciscanos.org.br\/noticias\/mensagem-da-provincia-para-a-solenidade-da-imaculada-conceicao-de-nossa-senhora.html","title":{"rendered":"Mensagem da Prov\u00edncia para a Solenidade da Imaculada Concei\u00e7\u00e3o de Nossa Senhora"},"content":{"rendered":"<p><img loading=\"lazy\" class=\"alignnone size-full wp-image-229732\" src=\"https:\/\/franciscanos.org.br\/noticias\/wp-content\/uploads\/2020\/12\/1280x720_arte_imaculada.png\" alt=\"\" width=\"1280\" height=\"720\" srcset=\"https:\/\/franciscanos.org.br\/noticias\/wp-content\/uploads\/2020\/12\/1280x720_arte_imaculada.png 1280w, https:\/\/franciscanos.org.br\/noticias\/wp-content\/uploads\/2020\/12\/1280x720_arte_imaculada-450x253.png 450w, https:\/\/franciscanos.org.br\/noticias\/wp-content\/uploads\/2020\/12\/1280x720_arte_imaculada-1024x576.png 1024w, https:\/\/franciscanos.org.br\/noticias\/wp-content\/uploads\/2020\/12\/1280x720_arte_imaculada-768x432.png 768w, https:\/\/franciscanos.org.br\/noticias\/wp-content\/uploads\/2020\/12\/1280x720_arte_imaculada-150x84.png 150w\" sizes=\"(max-width: 1280px) 100vw, 1280px\" \/><\/p>\n<p>Estimados confrades de nossa Prov\u00edncia e das outras entidades da Ordem dos Frades Menores no Brasil.<\/p>\n<p>Queridas Irm\u00e3s Clarissas e nossas Irm\u00e3s Concepcionistas,<\/p>\n<p>Irm\u00e3os e irm\u00e3s da Ordem Franciscana Secular e da Juventude Franciscana,<\/p>\n<p>Colaboradores, volunt\u00e1rios, lideran\u00e7as e todas as pessoas envolvidas conosco no dia a dia de nossa Miss\u00e3o Evangelizadora nas Par\u00f3quias e Santu\u00e1rios, na Comunica\u00e7\u00e3o, na Educa\u00e7\u00e3o, na Solidariedade com os Pobres, nas Miss\u00f5es em Angola e em outras partes do Brasil e do mundo.<\/p>\n<p>Querido povo de Deus!<\/p>\n<p>Paz e Bem!<\/p>\n<p>Esta sauda\u00e7\u00e3o, tamb\u00e9m a ofere\u00e7o em nome de nosso Ministro Provincial, Frei C\u00e9sar K\u00fclkamp.<\/p>\n<p>Maria, predestinada a ser a M\u00e3e do Salvador, desde a sua concep\u00e7\u00e3o foi preservada da mancha do pecado original. Privil\u00e9gio \u00fanico e exclusivo daquela que fora escolhida para gerar o Verbo Encarnado em favor da humanidade e do mundo.<\/p>\n<p>A verdade que o Povo de Deus sempre carregou no cora\u00e7\u00e3o desde as origens do Cristianismo foi tema de estudo para muitas gera\u00e7\u00f5es de te\u00f3logos. Estes estudiosos, atentos \u00e0 sabedoria divina cultivada a partir da piedade simples do povo, fizeram grande esfor\u00e7o para discernir e acolher esta verdade de f\u00e9 que, em 1854, foi proclamada solenemente como dogma pelo Papa Pio IX.<\/p>\n<p>Um dos principais personagens deste percurso teol\u00f3gico foi o Bem-aventurado Frei Jo\u00e3o Duns Scotus, frade franciscano, fil\u00f3sofo e te\u00f3logo que viveu no final do s\u00e9culo XIII. Ele est\u00e1 sepultado na cidade de Col\u00f4nia, na Alemanha e, sobre seu t\u00famulo, uma inscri\u00e7\u00e3o descreve as coordenadas geogr\u00e1ficas de sua vida e miss\u00e3o: \u201cA Inglaterra o acolheu; a Fran\u00e7a o instruiu; Col\u00f4nia, na Alemanha, conserva os seus despojos mortais; na Esc\u00f3cia, ele nasceu&#8221;.<\/p>\n<p>Ao defender e explicitar a Concep\u00e7\u00e3o Imaculada de Maria, um dos principais argumentos que Duns Scotus apresentou foi o da \u201cReden\u00e7\u00e3o Preventiva\u201d, obra salv\u00edfica realizada pelo pr\u00f3prio Cristo preservando sua M\u00e3e da mancha do pecado original j\u00e1 antes da concep\u00e7\u00e3o. Mist\u00e9rio de um amor que se antecipa e transcende os limites do tempo e do espa\u00e7o. E \u00e9 justamente sobre o tema desta preven\u00e7\u00e3o amorosa que gostaria de tratar por ocasi\u00e3o desta Solenidade t\u00e3o importante na vida da Igreja e de modo especial na hist\u00f3ria de nossa Prov\u00edncia, da qual Maria Imaculada \u00e9 M\u00e3e e protetora.<\/p>\n<p><iframe loading=\"lazy\" title=\"Mensagem da Prov\u00edncia | Solenidade da Imaculada Concei\u00e7\u00e3o de Nossa Senhora\" width=\"500\" height=\"281\" src=\"https:\/\/www.youtube.com\/embed\/WdwIFZZ6cuE?feature=oembed\" frameborder=\"0\" allow=\"accelerometer; autoplay; clipboard-write; encrypted-media; gyroscope; picture-in-picture\" allowfullscreen><\/iframe><\/p>\n<p>Deus se antecipa no amor. A\u00ed est\u00e1 a chave para compreendermos o mist\u00e9rio da Imaculada Concei\u00e7\u00e3o. Maria, ao perceber esta ousadia amorosa de Deus, tamb\u00e9m escolheu antecipar-se no amor e no servi\u00e7o a todos que d\u2019Ela pudessem precisar. Assim foi quando tomou a iniciativa de andar quil\u00f4metros a fio, subindo e descendo morros sob o sol, para fazer companhia e ajudar sua prima gr\u00e1vida Isabel nas tarefas dom\u00e9sticas. Certamente, nem esperou receber o convite ou o pedido. Assim que soube da novidade, ela, tamb\u00e9m gr\u00e1vida, partiu para ser presen\u00e7a amorosa e dispon\u00edvel na vida de sua prima anci\u00e3.<\/p>\n<p>Nas bodas de Can\u00e1, uma hist\u00f3ria parecida. Ela mesmo percebeu o constrangimento pela falta de vinho na festa e se antecipou, mais uma vez sem ningu\u00e9m solicitar, em pedir a intercess\u00e3o divina de seu Filho para que a Festa n\u00e3o viesse a terminar antes da hora. \u201cEles n\u00e3o t\u00eam mais vinho\u201d, disse Nossa Senhora a Jesus mostrando a Ele, que j\u00e1 era um adulto, o caminho da antecipa\u00e7\u00e3o amorosa de quem aprende a n\u00e3o esperar para fazer a gra\u00e7a da Salva\u00e7\u00e3o acontecer.<\/p>\n<p>Muitos crist\u00e3os e crist\u00e3s assimilaram a li\u00e7\u00e3o da \u201cReden\u00e7\u00e3o Preventiva\u201d ensinada por Deus na Imaculada Concei\u00e7\u00e3o de Maria. S\u00e3o Francisco de Assis, por exemplo, tinha clareza de que a primeira e decisiva iniciativa de amor nasce de Deus. Ao ser humano, infinitamente amado, resta viver os seus dias num profundo esp\u00edrito de reconhecimento e gratid\u00e3o, sempre buscando antecipar-se na pr\u00e1tica e na constru\u00e7\u00e3o do bem. \u00c9 a partir desta compreens\u00e3o que Francisco faz as suas escolhas, organiza sua vida e instrui os seus irm\u00e3os. Pede a seus confrades que eles se cuidem mutuamente com zelo de m\u00e3e, que jamais deixem um pobre abandonado \u00e0 deriva, que sejam capazes de renunciar \u00e0s pr\u00f3prias vontades em favor do bem do pr\u00f3ximo e da fraternidade.<\/p>\n<p>Santa Clara tamb\u00e9m viveu profundamente esta din\u00e2mica da antecipa\u00e7\u00e3o. As fontes hist\u00f3ricas d\u00e3o testemunho de sua disposi\u00e7\u00e3o em assumir os servi\u00e7os mais simples do mosteiro e o cuidado atencioso das irm\u00e3s idosas e doentes lavando, inclusive, os recipientes onde tais irm\u00e3s depositavam suas fezes e urina. Mais uma vez, Clara n\u00e3o esperava que ningu\u00e9m pedisse a realiza\u00e7\u00e3o de tais tarefas, mas, diante da necessidade, era a primeira a se colocar \u00e0 disposi\u00e7\u00e3o.<\/p>\n<p>Diante de tantos exemplos de generosidade e entrega, cada um de n\u00f3s podemos nos perguntar se a nossa disposi\u00e7\u00e3o de seguir Jesus Cristo tem produzido a\u00e7\u00f5es concretas deste amor preventivo. Nossa mente e nosso cora\u00e7\u00e3o devem estar sempre prontos para percebermos as reais necessidades daqueles que nos circundam a fim de podermos, de forma assertiva e din\u00e2mica, nos antecipar no servi\u00e7o e na generosidade. Esta habilidade, n\u00f3s a adquirimos \u00e0 medida em que buscamos cultivar uma verdadeira proximidade das pessoas e de suas necessidades onde quer que se encontrem. Como crist\u00e3os, o ideal seria que nosso modo de ser e agir transmitisse a todos que conosco convivem e se encontram, ainda que sem palavras, a mesma disposi\u00e7\u00e3o que Jesus apresentou diante do cego em Jeric\u00f3, quando lhe perguntou: \u201cO que queres que eu fa\u00e7a por ti?\u201d.<\/p>\n<p>Inspirados pelo mist\u00e9rio da \u201cReden\u00e7\u00e3o Preventiva\u201d expresso na Imaculada Concei\u00e7\u00e3o de Maria, aprendamos a caminhar nesta din\u00e2mica da antecipa\u00e7\u00e3o, fazendo o bem sem olhar a quem e antes mesmo deste \u201cquem\u201d pedir. Que a antecipa\u00e7\u00e3o cuidadosa seja nossa companheira de jornada sempre, especialmente neste desafiante tempo de pandemia que estamos vivendo, quando antecipar-se no amor tamb\u00e9m se encarna em gestos bem concretos de cuidado e aten\u00e7\u00e3o para consigo e para com os outros: distanciamento, higiene, m\u00e1scara, respeito, carinho, aten\u00e7\u00e3o e todos os outros ingredientes de cuidado que tornam a vida mais bonita e saborosa.<\/p>\n<p>Que Maria, M\u00e3e Imaculada, interceda pela Igreja, pela nossa Prov\u00edncia, por todos n\u00f3s e por nossas fam\u00edlias. Paz e Bem!<\/p>\n<p><strong>FREI GUSTAVO MEDELLA, OFM<\/strong><\/p>\n<p><strong>VIG\u00c1RIO PROVINCIAL<\/strong><\/p>\n","protected":false},"excerpt":{"rendered":"<p>Padroeira da Prov\u00edncia e da Ordem Franciscana <\/p>\n","protected":false},"author":3,"featured_media":229733,"comment_status":"open","ping_status":"open","sticky":false,"template":"","format":"standard","meta":[],"categories":[1],"tags":[817],"acf":[],"yoast_head":"<!-- This site is optimized with the Yoast SEO plugin v19.2 - https:\/\/yoast.com\/wordpress\/plugins\/seo\/ -->\n<title>Mensagem da Prov\u00edncia para a Solenidade da Imaculada Concei\u00e7\u00e3o de Nossa Senhora - Not\u00edcias - Franciscanos<\/title>\n<meta name=\"robots\" content=\"index, follow, max-snippet:-1, max-image-preview:large, max-video-preview:-1\" \/>\n<link rel=\"canonical\" href=\"https:\/\/franciscanos.org.br\/noticias\/mensagem-da-provincia-para-a-solenidade-da-imaculada-conceicao-de-nossa-senhora.html\" \/>\n<meta property=\"og:locale\" content=\"pt_BR\" \/>\n<meta property=\"og:type\" content=\"article\" \/>\n<meta property=\"og:title\" content=\"Mensagem da Prov\u00edncia para a Solenidade da Imaculada Concei\u00e7\u00e3o de Nossa Senhora - Not\u00edcias - Franciscanos\" \/>\n<meta property=\"og:description\" content=\"Padroeira da Prov\u00edncia e da Ordem Franciscana\" \/>\n<meta property=\"og:url\" content=\"https:\/\/franciscanos.org.br\/noticias\/mensagem-da-provincia-para-a-solenidade-da-imaculada-conceicao-de-nossa-senhora.html\" \/>\n<meta property=\"og:site_name\" content=\"Not\u00edcias - Franciscanos\" \/>\n<meta property=\"article:published_time\" content=\"2020-12-06T16:59:54+00:00\" \/>\n<meta property=\"article:modified_time\" content=\"2020-12-14T11:59:48+00:00\" \/>\n<meta property=\"og:image\" content=\"https:\/\/franciscanos.org.br\/noticias\/wp-content\/uploads\/2020\/12\/800x600_arte_imaculada.png\" \/>\n\t<meta property=\"og:image:width\" content=\"800\" \/>\n\t<meta property=\"og:image:height\" content=\"600\" \/>\n\t<meta property=\"og:image:type\" content=\"image\/png\" \/>\n<meta name=\"author\" content=\"moacir\" \/>\n<meta name=\"twitter:card\" content=\"summary_large_image\" \/>\n<meta name=\"twitter:label1\" content=\"Escrito por\" \/>\n\t<meta name=\"twitter:data1\" content=\"moacir\" \/>\n\t<meta name=\"twitter:label2\" content=\"Est. tempo de leitura\" \/>\n\t<meta name=\"twitter:data2\" content=\"6 minutos\" \/>\n<script type=\"application\/ld+json\" class=\"yoast-schema-graph\">{\"@context\":\"https:\/\/schema.org\",\"@graph\":[{\"@type\":\"WebSite\",\"@id\":\"https:\/\/franciscanos.org.br\/noticias\/#website\",\"url\":\"https:\/\/franciscanos.org.br\/noticias\/\",\"name\":\"Not\u00edcias - Franciscanos\",\"description\":\"Prov\u00edncia Franciscana da Imaculada Concei\u00e7\u00e3o do Brasil - Ordem dos Frades Menores - OFM\",\"potentialAction\":[{\"@type\":\"SearchAction\",\"target\":{\"@type\":\"EntryPoint\",\"urlTemplate\":\"https:\/\/franciscanos.org.br\/noticias\/?s={search_term_string}\"},\"query-input\":\"required name=search_term_string\"}],\"inLanguage\":\"pt-BR\"},{\"@type\":\"ImageObject\",\"inLanguage\":\"pt-BR\",\"@id\":\"https:\/\/franciscanos.org.br\/noticias\/mensagem-da-provincia-para-a-solenidade-da-imaculada-conceicao-de-nossa-senhora.html#primaryimage\",\"url\":\"https:\/\/franciscanos.org.br\/noticias\/wp-content\/uploads\/2020\/12\/800x600_arte_imaculada.png\",\"contentUrl\":\"https:\/\/franciscanos.org.br\/noticias\/wp-content\/uploads\/2020\/12\/800x600_arte_imaculada.png\",\"width\":800,\"height\":600},{\"@type\":\"WebPage\",\"@id\":\"https:\/\/franciscanos.org.br\/noticias\/mensagem-da-provincia-para-a-solenidade-da-imaculada-conceicao-de-nossa-senhora.html#webpage\",\"url\":\"https:\/\/franciscanos.org.br\/noticias\/mensagem-da-provincia-para-a-solenidade-da-imaculada-conceicao-de-nossa-senhora.html\",\"name\":\"Mensagem da Prov\u00edncia para a Solenidade da Imaculada Concei\u00e7\u00e3o de Nossa Senhora - Not\u00edcias - Franciscanos\",\"isPartOf\":{\"@id\":\"https:\/\/franciscanos.org.br\/noticias\/#website\"},\"primaryImageOfPage\":{\"@id\":\"https:\/\/franciscanos.org.br\/noticias\/mensagem-da-provincia-para-a-solenidade-da-imaculada-conceicao-de-nossa-senhora.html#primaryimage\"},\"datePublished\":\"2020-12-06T16:59:54+00:00\",\"dateModified\":\"2020-12-14T11:59:48+00:00\",\"author\":{\"@id\":\"https:\/\/franciscanos.org.br\/noticias\/#\/schema\/person\/b5c8cba458c330ccff548b056e95a5d4\"},\"breadcrumb\":{\"@id\":\"https:\/\/franciscanos.org.br\/noticias\/mensagem-da-provincia-para-a-solenidade-da-imaculada-conceicao-de-nossa-senhora.html#breadcrumb\"},\"inLanguage\":\"pt-BR\",\"potentialAction\":[{\"@type\":\"ReadAction\",\"target\":[\"https:\/\/franciscanos.org.br\/noticias\/mensagem-da-provincia-para-a-solenidade-da-imaculada-conceicao-de-nossa-senhora.html\"]}]},{\"@type\":\"BreadcrumbList\",\"@id\":\"https:\/\/franciscanos.org.br\/noticias\/mensagem-da-provincia-para-a-solenidade-da-imaculada-conceicao-de-nossa-senhora.html#breadcrumb\",\"itemListElement\":[{\"@type\":\"ListItem\",\"position\":1,\"name\":\"Home\",\"item\":\"https:\/\/franciscanos.org.br\/noticias\"},{\"@type\":\"ListItem\",\"position\":2,\"name\":\"Mensagem da Prov\u00edncia para a Solenidade da Imaculada Concei\u00e7\u00e3o de Nossa Senhora\"}]},{\"@type\":\"Person\",\"@id\":\"https:\/\/franciscanos.org.br\/noticias\/#\/schema\/person\/b5c8cba458c330ccff548b056e95a5d4\",\"name\":\"moacir\",\"image\":{\"@type\":\"ImageObject\",\"inLanguage\":\"pt-BR\",\"@id\":\"https:\/\/franciscanos.org.br\/noticias\/#\/schema\/person\/image\/\",\"url\":\"https:\/\/secure.gravatar.com\/avatar\/d08aa2ce4c8dd416d4479aa8536fcf64?s=96&d=mm&r=g\",\"contentUrl\":\"https:\/\/secure.gravatar.com\/avatar\/d08aa2ce4c8dd416d4479aa8536fcf64?s=96&d=mm&r=g\",\"caption\":\"moacir\"},\"url\":\"https:\/\/franciscanos.org.br\/noticias\/author\/moacir\"}]}<\/script>\n<!-- \/ Yoast SEO plugin. -->","yoast_head_json":{"title":"Mensagem da Prov\u00edncia para a Solenidade da Imaculada Concei\u00e7\u00e3o de Nossa Senhora - Not\u00edcias - Franciscanos","robots":{"index":"index","follow":"follow","max-snippet":"max-snippet:-1","max-image-preview":"max-image-preview:large","max-video-preview":"max-video-preview:-1"},"canonical":"https:\/\/franciscanos.org.br\/noticias\/mensagem-da-provincia-para-a-solenidade-da-imaculada-conceicao-de-nossa-senhora.html","og_locale":"pt_BR","og_type":"article","og_title":"Mensagem da Prov\u00edncia para a Solenidade da Imaculada Concei\u00e7\u00e3o de Nossa Senhora - Not\u00edcias - Franciscanos","og_description":"Padroeira da Prov\u00edncia e da Ordem Franciscana","og_url":"https:\/\/franciscanos.org.br\/noticias\/mensagem-da-provincia-para-a-solenidade-da-imaculada-conceicao-de-nossa-senhora.html","og_site_name":"Not\u00edcias - Franciscanos","article_published_time":"2020-12-06T16:59:54+00:00","article_modified_time":"2020-12-14T11:59:48+00:00","og_image":[{"width":800,"height":600,"url":"https:\/\/franciscanos.org.br\/noticias\/wp-content\/uploads\/2020\/12\/800x600_arte_imaculada.png","type":"image\/png"}],"author":"moacir","twitter_card":"summary_large_image","twitter_misc":{"Escrito por":"moacir","Est. tempo de leitura":"6 minutos"},"schema":{"@context":"https:\/\/schema.org","@graph":[{"@type":"WebSite","@id":"https:\/\/franciscanos.org.br\/noticias\/#website","url":"https:\/\/franciscanos.org.br\/noticias\/","name":"Not\u00edcias - Franciscanos","description":"Prov\u00edncia Franciscana da Imaculada Concei\u00e7\u00e3o do Brasil - Ordem dos Frades Menores - OFM","potentialAction":[{"@type":"SearchAction","target":{"@type":"EntryPoint","urlTemplate":"https:\/\/franciscanos.org.br\/noticias\/?s={search_term_string}"},"query-input":"required name=search_term_string"}],"inLanguage":"pt-BR"},{"@type":"ImageObject","inLanguage":"pt-BR","@id":"https:\/\/franciscanos.org.br\/noticias\/mensagem-da-provincia-para-a-solenidade-da-imaculada-conceicao-de-nossa-senhora.html#primaryimage","url":"https:\/\/franciscanos.org.br\/noticias\/wp-content\/uploads\/2020\/12\/800x600_arte_imaculada.png","contentUrl":"https:\/\/franciscanos.org.br\/noticias\/wp-content\/uploads\/2020\/12\/800x600_arte_imaculada.png","width":800,"height":600},{"@type":"WebPage","@id":"https:\/\/franciscanos.org.br\/noticias\/mensagem-da-provincia-para-a-solenidade-da-imaculada-conceicao-de-nossa-senhora.html#webpage","url":"https:\/\/franciscanos.org.br\/noticias\/mensagem-da-provincia-para-a-solenidade-da-imaculada-conceicao-de-nossa-senhora.html","name":"Mensagem da Prov\u00edncia para a Solenidade da Imaculada Concei\u00e7\u00e3o de Nossa Senhora - Not\u00edcias - Franciscanos","isPartOf":{"@id":"https:\/\/franciscanos.org.br\/noticias\/#website"},"primaryImageOfPage":{"@id":"https:\/\/franciscanos.org.br\/noticias\/mensagem-da-provincia-para-a-solenidade-da-imaculada-conceicao-de-nossa-senhora.html#primaryimage"},"datePublished":"2020-12-06T16:59:54+00:00","dateModified":"2020-12-14T11:59:48+00:00","author":{"@id":"https:\/\/franciscanos.org.br\/noticias\/#\/schema\/person\/b5c8cba458c330ccff548b056e95a5d4"},"breadcrumb":{"@id":"https:\/\/franciscanos.org.br\/noticias\/mensagem-da-provincia-para-a-solenidade-da-imaculada-conceicao-de-nossa-senhora.html#breadcrumb"},"inLanguage":"pt-BR","potentialAction":[{"@type":"ReadAction","target":["https:\/\/franciscanos.org.br\/noticias\/mensagem-da-provincia-para-a-solenidade-da-imaculada-conceicao-de-nossa-senhora.html"]}]},{"@type":"BreadcrumbList","@id":"https:\/\/franciscanos.org.br\/noticias\/mensagem-da-provincia-para-a-solenidade-da-imaculada-conceicao-de-nossa-senhora.html#breadcrumb","itemListElement":[{"@type":"ListItem","position":1,"name":"Home","item":"https:\/\/franciscanos.org.br\/noticias"},{"@type":"ListItem","position":2,"name":"Mensagem da Prov\u00edncia para a Solenidade da Imaculada Concei\u00e7\u00e3o de Nossa Senhora"}]},{"@type":"Person","@id":"https:\/\/franciscanos.org.br\/noticias\/#\/schema\/person\/b5c8cba458c330ccff548b056e95a5d4","name":"moacir","image":{"@type":"ImageObject","inLanguage":"pt-BR","@id":"https:\/\/franciscanos.org.br\/noticias\/#\/schema\/person\/image\/","url":"https:\/\/secure.gravatar.com\/avatar\/d08aa2ce4c8dd416d4479aa8536fcf64?s=96&d=mm&r=g","contentUrl":"https:\/\/secure.gravatar.com\/avatar\/d08aa2ce4c8dd416d4479aa8536fcf64?s=96&d=mm&r=g","caption":"moacir"},"url":"https:\/\/franciscanos.org.br\/noticias\/author\/moacir"}]}},"_links":{"self":[{"href":"https:\/\/franciscanos.org.br\/noticias\/wp-json\/wp\/v2\/posts\/229731"}],"collection":[{"href":"https:\/\/franciscanos.org.br\/noticias\/wp-json\/wp\/v2\/posts"}],"about":[{"href":"https:\/\/franciscanos.org.br\/noticias\/wp-json\/wp\/v2\/types\/post"}],"author":[{"embeddable":true,"href":"https:\/\/franciscanos.org.br\/noticias\/wp-json\/wp\/v2\/users\/3"}],"replies":[{"embeddable":true,"href":"https:\/\/franciscanos.org.br\/noticias\/wp-json\/wp\/v2\/comments?post=229731"}],"version-history":[{"count":4,"href":"https:\/\/franciscanos.org.br\/noticias\/wp-json\/wp\/v2\/posts\/229731\/revisions"}],"predecessor-version":[{"id":229876,"href":"https:\/\/franciscanos.org.br\/noticias\/wp-json\/wp\/v2\/posts\/229731\/revisions\/229876"}],"wp:featuredmedia":[{"embeddable":true,"href":"https:\/\/franciscanos.org.br\/noticias\/wp-json\/wp\/v2\/media\/229733"}],"wp:attachment":[{"href":"https:\/\/franciscanos.org.br\/noticias\/wp-json\/wp\/v2\/media?parent=229731"}],"wp:term":[{"taxonomy":"category","embeddable":true,"href":"https:\/\/franciscanos.org.br\/noticias\/wp-json\/wp\/v2\/categories?post=229731"},{"taxonomy":"post_tag","embeddable":true,"href":"https:\/\/franciscanos.org.br\/noticias\/wp-json\/wp\/v2\/tags?post=229731"}],"curies":[{"name":"wp","href":"https:\/\/api.w.org\/{rel}","templated":true}]}}