{"id":229673,"date":"2020-12-05T13:13:46","date_gmt":"2020-12-05T16:13:46","guid":{"rendered":"https:\/\/franciscanos.org.br\/noticias\/?p=229673"},"modified":"2020-12-05T21:36:00","modified_gmt":"2020-12-06T00:36:00","slug":"frei-cesar-indica-o-caminho-aos-professos-solenes-deixar-se-conduzir-pela-graca-de-deus","status":"publish","type":"post","link":"https:\/\/franciscanos.org.br\/noticias\/frei-cesar-indica-o-caminho-aos-professos-solenes-deixar-se-conduzir-pela-graca-de-deus.html","title":{"rendered":"Frei C\u00e9sar indica o caminho aos professos solenes: &#8220;Deixar-se conduzir pela Gra\u00e7a de Deus&#8221;"},"content":{"rendered":"<p><img loading=\"lazy\" class=\"alignnone wp-image-229674 size-full\" src=\"https:\/\/franciscanos.org.br\/noticias\/wp-content\/uploads\/2020\/12\/prof_1212.jpg\" alt=\"\" width=\"1280\" height=\"751\" srcset=\"https:\/\/franciscanos.org.br\/noticias\/wp-content\/uploads\/2020\/12\/prof_1212.jpg 1280w, https:\/\/franciscanos.org.br\/noticias\/wp-content\/uploads\/2020\/12\/prof_1212-450x264.jpg 450w, https:\/\/franciscanos.org.br\/noticias\/wp-content\/uploads\/2020\/12\/prof_1212-1024x601.jpg 1024w, https:\/\/franciscanos.org.br\/noticias\/wp-content\/uploads\/2020\/12\/prof_1212-768x451.jpg 768w, https:\/\/franciscanos.org.br\/noticias\/wp-content\/uploads\/2020\/12\/prof_1212-150x88.jpg 150w\" sizes=\"(max-width: 1280px) 100vw, 1280px\" \/><\/p>\n<p><strong>Frei Roger Strapazzon e Moacir Beggo<\/strong><\/p>\n<p><strong>\u00a0<\/strong><strong>Petr\u00f3polis (RJ)<\/strong> &#8211; &#8220;Jamais caiam na tenta\u00e7\u00e3o de imaginar que est\u00e3o sozinhos neste caminho e que o bom \u00eaxito desta empreitada depende apenas do empenho de voc\u00eas. \u00c9 claro que esfor\u00e7o pessoal \u00e9 imprescind\u00edvel. No entanto, mais radical e fundamental ainda \u00e9 deixar-se conduzir pela Gra\u00e7a de Deus&#8221;. Esta mensagem, na bela homilia do Ministro Provincial, Frei C\u00e9sar K\u00fclkamp, deve ser guardada como um b\u00e1lsamo na vida dos cinco jovens &#8211; Frei Augusto Luiz Gabriel, Frei David Belinelli, Frei Heberti Senra In\u00e1cio, Frei Leandro Ferreira Silva e Frei Tiago Gomes Elias &#8211; que, neste s\u00e1bado (5\/12), confirmaram, para sempre, o seu compromisso a Deus junto \u00e0 Ordem dos Frades Menores e \u00e0 Igreja, atrav\u00e9s dos votos de pobreza, castidade e de obedi\u00eancia.<\/p>\n<p>Para o religioso franciscano, a resposta definitiva e radical no seguimento de Jesus Cristo, chamada Profiss\u00e3o Solene, \u00e9 um dos momentos mais significativos e festivos na Ordem Franciscana. Esse momento reuniu frades de toda a Prov\u00edncia, entre eles o Vig\u00e1rio Provincial, Frei Gustavo Medella, familiares dos professandos e os fi\u00e9is paroquianos, tudo dentro das normas sanit\u00e1rias, durante a Celebra\u00e7\u00e3o Eucar\u00edstica, \u00e0s 9 horas, na Igreja do Sagrado Cora\u00e7\u00e3o de Jesus de Petr\u00f3polis (RJ). Frei C\u00e9sar teve como concelebrante o guardi\u00e3o e p\u00e1roco Frei Jorge Paulo Schiavini. A celebra\u00e7\u00e3o tamb\u00e9m foi transmitida pelas m\u00eddias sociais da Par\u00f3quia.<\/p>\n<p style=\"text-align: center;\"><strong>O MOMENTO CENTRAL DA PROFISS\u00c3O SOLENE NAS M\u00c3OS DO MINISTRO PROVINCIAL<\/strong><\/p>\n\n\t\t<style type=\"text\/css\">\n\t\t\t#gallery-1 {\n\t\t\t\tmargin: auto;\n\t\t\t}\n\t\t\t#gallery-1 .gallery-item {\n\t\t\t\tfloat: left;\n\t\t\t\tmargin-top: 10px;\n\t\t\t\ttext-align: center;\n\t\t\t\twidth: 20%;\n\t\t\t}\n\t\t\t#gallery-1 img {\n\t\t\t\tborder: 2px solid #cfcfcf;\n\t\t\t}\n\t\t\t#gallery-1 .gallery-caption {\n\t\t\t\tmargin-left: 0;\n\t\t\t}\n\t\t\t\/* see gallery_shortcode() in wp-includes\/media.php *\/\n\t\t<\/style>\n\t\t<div id='gallery-1' class='gallery galleryid-229673 gallery-columns-5 gallery-size-thumbnail'><dl class='gallery-item'>\n\t\t\t<dt class='gallery-icon landscape'>\n\t\t\t\t<a href='https:\/\/franciscanos.org.br\/noticias\/wp-content\/uploads\/2020\/12\/profi-1.jpg'><img width=\"300\" height=\"300\" src=\"https:\/\/franciscanos.org.br\/noticias\/wp-content\/uploads\/2020\/12\/profi-1-300x300.jpg\" class=\"attachment-thumbnail size-thumbnail\" alt=\"\" loading=\"lazy\" aria-describedby=\"gallery-1-229676\" srcset=\"https:\/\/franciscanos.org.br\/noticias\/wp-content\/uploads\/2020\/12\/profi-1-300x300.jpg 300w, https:\/\/franciscanos.org.br\/noticias\/wp-content\/uploads\/2020\/12\/profi-1-100x100.jpg 100w\" sizes=\"(max-width: 300px) 100vw, 300px\" \/><\/a>\n\t\t\t<\/dt>\n\t\t\t\t<dd class='wp-caption-text gallery-caption' id='gallery-1-229676'>\n\t\t\t\tFrei Augusto\n\t\t\t\t<\/dd><\/dl><dl class='gallery-item'>\n\t\t\t<dt class='gallery-icon landscape'>\n\t\t\t\t<a href='https:\/\/franciscanos.org.br\/noticias\/wp-content\/uploads\/2020\/12\/profi-2.jpg'><img width=\"300\" height=\"300\" src=\"https:\/\/franciscanos.org.br\/noticias\/wp-content\/uploads\/2020\/12\/profi-2-300x300.jpg\" class=\"attachment-thumbnail size-thumbnail\" alt=\"\" loading=\"lazy\" aria-describedby=\"gallery-1-229677\" srcset=\"https:\/\/franciscanos.org.br\/noticias\/wp-content\/uploads\/2020\/12\/profi-2-300x300.jpg 300w, https:\/\/franciscanos.org.br\/noticias\/wp-content\/uploads\/2020\/12\/profi-2-100x100.jpg 100w\" sizes=\"(max-width: 300px) 100vw, 300px\" \/><\/a>\n\t\t\t<\/dt>\n\t\t\t\t<dd class='wp-caption-text gallery-caption' id='gallery-1-229677'>\n\t\t\t\tFrei David\n\t\t\t\t<\/dd><\/dl><dl class='gallery-item'>\n\t\t\t<dt class='gallery-icon landscape'>\n\t\t\t\t<a href='https:\/\/franciscanos.org.br\/noticias\/wp-content\/uploads\/2020\/12\/profi-3.jpg'><img width=\"300\" height=\"300\" src=\"https:\/\/franciscanos.org.br\/noticias\/wp-content\/uploads\/2020\/12\/profi-3-300x300.jpg\" class=\"attachment-thumbnail size-thumbnail\" alt=\"\" loading=\"lazy\" aria-describedby=\"gallery-1-229678\" srcset=\"https:\/\/franciscanos.org.br\/noticias\/wp-content\/uploads\/2020\/12\/profi-3-300x300.jpg 300w, https:\/\/franciscanos.org.br\/noticias\/wp-content\/uploads\/2020\/12\/profi-3-100x100.jpg 100w\" sizes=\"(max-width: 300px) 100vw, 300px\" \/><\/a>\n\t\t\t<\/dt>\n\t\t\t\t<dd class='wp-caption-text gallery-caption' id='gallery-1-229678'>\n\t\t\t\tFrei Herberti\n\t\t\t\t<\/dd><\/dl><dl class='gallery-item'>\n\t\t\t<dt class='gallery-icon landscape'>\n\t\t\t\t<a href='https:\/\/franciscanos.org.br\/noticias\/wp-content\/uploads\/2020\/12\/profi-4.jpg'><img width=\"300\" height=\"300\" src=\"https:\/\/franciscanos.org.br\/noticias\/wp-content\/uploads\/2020\/12\/profi-4-300x300.jpg\" class=\"attachment-thumbnail size-thumbnail\" alt=\"\" loading=\"lazy\" aria-describedby=\"gallery-1-229679\" srcset=\"https:\/\/franciscanos.org.br\/noticias\/wp-content\/uploads\/2020\/12\/profi-4-300x300.jpg 300w, https:\/\/franciscanos.org.br\/noticias\/wp-content\/uploads\/2020\/12\/profi-4-100x100.jpg 100w\" sizes=\"(max-width: 300px) 100vw, 300px\" \/><\/a>\n\t\t\t<\/dt>\n\t\t\t\t<dd class='wp-caption-text gallery-caption' id='gallery-1-229679'>\n\t\t\t\tFrei Leandro\n\t\t\t\t<\/dd><\/dl><dl class='gallery-item'>\n\t\t\t<dt class='gallery-icon landscape'>\n\t\t\t\t<a href='https:\/\/franciscanos.org.br\/noticias\/wp-content\/uploads\/2020\/12\/profi-5.jpg'><img width=\"300\" height=\"300\" src=\"https:\/\/franciscanos.org.br\/noticias\/wp-content\/uploads\/2020\/12\/profi-5-300x300.jpg\" class=\"attachment-thumbnail size-thumbnail\" alt=\"\" loading=\"lazy\" aria-describedby=\"gallery-1-229680\" srcset=\"https:\/\/franciscanos.org.br\/noticias\/wp-content\/uploads\/2020\/12\/profi-5-300x300.jpg 300w, https:\/\/franciscanos.org.br\/noticias\/wp-content\/uploads\/2020\/12\/profi-5-100x100.jpg 100w\" sizes=\"(max-width: 300px) 100vw, 300px\" \/><\/a>\n\t\t\t<\/dt>\n\t\t\t\t<dd class='wp-caption-text gallery-caption' id='gallery-1-229680'>\n\t\t\t\tFrei Tiago\n\t\t\t\t<\/dd><\/dl><br style=\"clear: both\" \/>\n\t\t<\/div>\n\n\n\t\t<style type=\"text\/css\">\n\t\t\t#gallery-2 {\n\t\t\t\tmargin: auto;\n\t\t\t}\n\t\t\t#gallery-2 .gallery-item {\n\t\t\t\tfloat: left;\n\t\t\t\tmargin-top: 10px;\n\t\t\t\ttext-align: center;\n\t\t\t\twidth: 20%;\n\t\t\t}\n\t\t\t#gallery-2 img {\n\t\t\t\tborder: 2px solid #cfcfcf;\n\t\t\t}\n\t\t\t#gallery-2 .gallery-caption {\n\t\t\t\tmargin-left: 0;\n\t\t\t}\n\t\t\t\/* see gallery_shortcode() in wp-includes\/media.php *\/\n\t\t<\/style>\n\t\t<div id='gallery-2' class='gallery galleryid-229673 gallery-columns-5 gallery-size-thumbnail'><dl class='gallery-item'>\n\t\t\t<dt class='gallery-icon landscape'>\n\t\t\t\t<a href='https:\/\/franciscanos.org.br\/noticias\/wp-content\/uploads\/2020\/12\/profissao-1.jpg'><img width=\"300\" height=\"300\" src=\"https:\/\/franciscanos.org.br\/noticias\/wp-content\/uploads\/2020\/12\/profissao-1-300x300.jpg\" class=\"attachment-thumbnail size-thumbnail\" alt=\"\" loading=\"lazy\" srcset=\"https:\/\/franciscanos.org.br\/noticias\/wp-content\/uploads\/2020\/12\/profissao-1-300x300.jpg 300w, https:\/\/franciscanos.org.br\/noticias\/wp-content\/uploads\/2020\/12\/profissao-1-100x100.jpg 100w\" sizes=\"(max-width: 300px) 100vw, 300px\" \/><\/a>\n\t\t\t<\/dt><\/dl><dl class='gallery-item'>\n\t\t\t<dt class='gallery-icon landscape'>\n\t\t\t\t<a href='https:\/\/franciscanos.org.br\/noticias\/wp-content\/uploads\/2020\/12\/profissao-2.jpg'><img width=\"300\" height=\"300\" src=\"https:\/\/franciscanos.org.br\/noticias\/wp-content\/uploads\/2020\/12\/profissao-2-300x300.jpg\" class=\"attachment-thumbnail size-thumbnail\" alt=\"\" loading=\"lazy\" srcset=\"https:\/\/franciscanos.org.br\/noticias\/wp-content\/uploads\/2020\/12\/profissao-2-300x300.jpg 300w, https:\/\/franciscanos.org.br\/noticias\/wp-content\/uploads\/2020\/12\/profissao-2-100x100.jpg 100w\" sizes=\"(max-width: 300px) 100vw, 300px\" \/><\/a>\n\t\t\t<\/dt><\/dl><dl class='gallery-item'>\n\t\t\t<dt class='gallery-icon landscape'>\n\t\t\t\t<a href='https:\/\/franciscanos.org.br\/noticias\/wp-content\/uploads\/2020\/12\/profissao-3.jpg'><img width=\"300\" height=\"300\" src=\"https:\/\/franciscanos.org.br\/noticias\/wp-content\/uploads\/2020\/12\/profissao-3-300x300.jpg\" class=\"attachment-thumbnail size-thumbnail\" alt=\"\" loading=\"lazy\" srcset=\"https:\/\/franciscanos.org.br\/noticias\/wp-content\/uploads\/2020\/12\/profissao-3-300x300.jpg 300w, https:\/\/franciscanos.org.br\/noticias\/wp-content\/uploads\/2020\/12\/profissao-3-100x100.jpg 100w\" sizes=\"(max-width: 300px) 100vw, 300px\" \/><\/a>\n\t\t\t<\/dt><\/dl><dl class='gallery-item'>\n\t\t\t<dt class='gallery-icon landscape'>\n\t\t\t\t<a href='https:\/\/franciscanos.org.br\/noticias\/wp-content\/uploads\/2020\/12\/profissao-4.jpg'><img width=\"300\" height=\"300\" src=\"https:\/\/franciscanos.org.br\/noticias\/wp-content\/uploads\/2020\/12\/profissao-4-300x300.jpg\" class=\"attachment-thumbnail size-thumbnail\" alt=\"\" loading=\"lazy\" srcset=\"https:\/\/franciscanos.org.br\/noticias\/wp-content\/uploads\/2020\/12\/profissao-4-300x300.jpg 300w, https:\/\/franciscanos.org.br\/noticias\/wp-content\/uploads\/2020\/12\/profissao-4-100x100.jpg 100w\" sizes=\"(max-width: 300px) 100vw, 300px\" \/><\/a>\n\t\t\t<\/dt><\/dl><dl class='gallery-item'>\n\t\t\t<dt class='gallery-icon landscape'>\n\t\t\t\t<a href='https:\/\/franciscanos.org.br\/noticias\/wp-content\/uploads\/2020\/12\/profissao-5.jpg'><img width=\"300\" height=\"300\" src=\"https:\/\/franciscanos.org.br\/noticias\/wp-content\/uploads\/2020\/12\/profissao-5-300x300.jpg\" class=\"attachment-thumbnail size-thumbnail\" alt=\"\" loading=\"lazy\" srcset=\"https:\/\/franciscanos.org.br\/noticias\/wp-content\/uploads\/2020\/12\/profissao-5-300x300.jpg 300w, https:\/\/franciscanos.org.br\/noticias\/wp-content\/uploads\/2020\/12\/profissao-5-100x100.jpg 100w\" sizes=\"(max-width: 300px) 100vw, 300px\" \/><\/a>\n\t\t\t<\/dt><\/dl><br style=\"clear: both\" \/>\n\t\t<\/div>\n\n<p>O rito da profiss\u00e3o solene come\u00e7ou depois da leitura do Evangelho. O mestre Frei Marcos Ant\u00f4nio de Andrade chamou cada um dos professandos pelo nome. Em p\u00e9, diante do Ministro Provincial, eles responderam: \u201cAqui estou!\u201d. Depois, juntos, eles fizeram o pedido para serem admitidos definitivamente na Ordem dos Frades Menores.<\/p>\n<p>Frei C\u00e9sar abriu sua homilia lembrando que a juventude do tempo de S\u00e3o Francisco atra\u00eda-se por vestir uma armadura e partir para o combate. Hoje, os esportes radicais atraem os jovens. &#8220;Recebem este nome porque exigem de quem os pratica uma entrega total, a partir da raiz, onde a pessoa se coloca inteiro naquilo que faz. Assim como um cavaleiro medieval distra\u00eddo pode facilmente cair do cavalo ou receber um golpe de lan\u00e7a do oponente, um piloto de ca\u00e7a desatento pode derrubar a aeronave que conduz numa fra\u00e7\u00e3o de segundo, da mesma que forma que o surfista negligente ser\u00e1 tragado pela onda gigante que sempre sonhou pegar ou ainda o motoqueiro desavisado pode despencar com moto e tudo de uma altura que ser\u00e1 fatal. Atividade radical exige radicalidade no empenho e na pr\u00e1tica. Decis\u00e3o radical exige radicalidade na resposta que se d\u00e1 no dia a dia&#8221;, explicou.<\/p>\n<p><img loading=\"lazy\" class=\"alignnone size-full wp-image-229686\" src=\"https:\/\/franciscanos.org.br\/noticias\/wp-content\/uploads\/2020\/12\/prof_1312.jpg\" alt=\"\" width=\"1280\" height=\"1707\" srcset=\"https:\/\/franciscanos.org.br\/noticias\/wp-content\/uploads\/2020\/12\/prof_1312.jpg 1280w, https:\/\/franciscanos.org.br\/noticias\/wp-content\/uploads\/2020\/12\/prof_1312-337x450.jpg 337w, https:\/\/franciscanos.org.br\/noticias\/wp-content\/uploads\/2020\/12\/prof_1312-768x1024.jpg 768w, https:\/\/franciscanos.org.br\/noticias\/wp-content\/uploads\/2020\/12\/prof_1312-1152x1536.jpg 1152w, https:\/\/franciscanos.org.br\/noticias\/wp-content\/uploads\/2020\/12\/prof_1312-150x200.jpg 150w\" sizes=\"(max-width: 1280px) 100vw, 1280px\" \/><\/p>\n<p>Segundo o Ministro Provincial, na hist\u00f3ria de Francisco, o desejo da radicalidade cavaleiresca que o levaria ao suprassumo da nobreza, foi aos poucos se transformando num desejo de radicalidade evang\u00e9lica. &#8220;Um processo de convers\u00e3o intenso e composto de v\u00e1rias etapas, Francisco foi se dando conta de que, muito mais radical do que servir ao servo, por mais poderoso e sedutor que este servo pudesse ser, era servir ao Senhor, doando-se por inteiro, corpo, alma e cora\u00e7\u00e3o, radicalmente \u00e0 causa de Cristo, tornando-se um Evangelho vivo&#8221;.<\/p>\n<p>&#8220;Com coragem e sabendo que para tal empenho contaria com a gra\u00e7a de Deus, Francisco assumiu cada uma das consequ\u00eancias desta escolha radical: rompeu com o sonho de tornar-se nobre, rompeu com o poderio dos bens e da riqueza do pai e abra\u00e7ou uma vida que n\u00e3o lhe traria nenhuma garantia de sucesso, mas que lhe tomara o cora\u00e7\u00e3o por inteiro: &#8216;\u00c9 isso que eu quero, \u00e9 isso que eu procuro, \u00e9 isso que eu desejo fazer de todo cora\u00e7\u00e3o'&#8221;, disse.<\/p>\n<p><img loading=\"lazy\" class=\"alignnone size-full wp-image-229687\" src=\"https:\/\/franciscanos.org.br\/noticias\/wp-content\/uploads\/2020\/12\/prof_0212.jpg\" alt=\"\" width=\"1280\" height=\"642\" srcset=\"https:\/\/franciscanos.org.br\/noticias\/wp-content\/uploads\/2020\/12\/prof_0212.jpg 1280w, https:\/\/franciscanos.org.br\/noticias\/wp-content\/uploads\/2020\/12\/prof_0212-450x226.jpg 450w, https:\/\/franciscanos.org.br\/noticias\/wp-content\/uploads\/2020\/12\/prof_0212-1024x514.jpg 1024w, https:\/\/franciscanos.org.br\/noticias\/wp-content\/uploads\/2020\/12\/prof_0212-768x385.jpg 768w, https:\/\/franciscanos.org.br\/noticias\/wp-content\/uploads\/2020\/12\/prof_0212-150x75.jpg 150w\" sizes=\"(max-width: 1280px) 100vw, 1280px\" \/><\/p>\n<p>Para Frei C\u00e9sar, na escolha decidida que fez, Francisco abandonou uma s\u00e9rie de regalias, mas n\u00e3o permaneceu de m\u00e3os vazias. Abra\u00e7ou para valer o despojamento de uma vida pobre, a disposi\u00e7\u00e3o de se colocar a servi\u00e7o dos \u00faltimos e a humildade corajosa e sincera de quem desejava ser o \u201c\u00faltimo dos \u00faltimos\u201d, verdadeiro irm\u00e3o menor.<\/p>\n<p>&#8220;N\u00f3s, frades menores, fomos apresentados a esta radicalidade franciscana. Tivemos e temos, em nossa Forma\u00e7\u00e3o inicial e permanente, a base hist\u00f3rica, espiritual e teol\u00f3gica para darmos com certa seguran\u00e7a este passo radical proposto pelo Ser\u00e1fico Pai. Muitos confrades nos ajudaram e continuam a ajudando a percorrermos este caminho de aprendizado cont\u00ednuo, no qual nunca podemos nos considerar prontos ou acabados. Somos sempre frades a caminho, estamos percorrendo um itiner\u00e1rio. Este itiner\u00e1rio, n\u00e3o o fazemos a esmo, sem dire\u00e7\u00e3o. Temos passos concretos e precisos para seguir. Escolhemos, com S\u00e3o Francisco e em fraternidade, percorrer o Caminho da Cruz, que \u00e9 o caminho de Cristo ou o Caminho do Evangelho. &#8216;Se algu\u00e9m quer me seguir, renuncie a si mesmo, tome sua cruz e me siga&#8217;, diz Jesus em clara e alta voz no texto b\u00edblico de Mateus que acabamos de ouvir&#8221;, evidenciou.<\/p>\n<p><img loading=\"lazy\" class=\"alignnone size-full wp-image-229688\" src=\"https:\/\/franciscanos.org.br\/noticias\/wp-content\/uploads\/2020\/12\/prof_0412.jpg\" alt=\"\" width=\"1280\" height=\"1229\" srcset=\"https:\/\/franciscanos.org.br\/noticias\/wp-content\/uploads\/2020\/12\/prof_0412.jpg 1280w, https:\/\/franciscanos.org.br\/noticias\/wp-content\/uploads\/2020\/12\/prof_0412-450x432.jpg 450w, https:\/\/franciscanos.org.br\/noticias\/wp-content\/uploads\/2020\/12\/prof_0412-1024x983.jpg 1024w, https:\/\/franciscanos.org.br\/noticias\/wp-content\/uploads\/2020\/12\/prof_0412-768x737.jpg 768w, https:\/\/franciscanos.org.br\/noticias\/wp-content\/uploads\/2020\/12\/prof_0412-150x144.jpg 150w\" sizes=\"(max-width: 1280px) 100vw, 1280px\" \/><\/p>\n<p>Segundo o Ministro Provincial, al\u00e9m de mostrar a meta, da Cruz que nos leva a Ressurrei\u00e7\u00e3o, Nosso Senhor tamb\u00e9m teve a delicadeza de colocar diversas marcas no caminho para n\u00e3o se correr o risco de perder a dire\u00e7\u00e3o. &#8220;Tais marcas aparecem descritas na Leitura dos Atos dos Ap\u00f3stolos proclamada nesta celebra\u00e7\u00e3o. O programa completo est\u00e1 ali: Pobreza, obedi\u00eancia e castidade. Estas s\u00e3o, caros irm\u00e3os, as balizas que o pr\u00f3prio Cristo disp\u00f4s para que voc\u00eas n\u00e3o se percam no Caminho da Cruz. As palavras da f\u00f3rmula de profiss\u00e3o, que voc\u00eas daqui a pouco v\u00e3o pronunciar publicamente, s\u00e3o fortes, decisivas e radicais. Elas apresentam um projeto de vida desafiante e encantador no qual voc\u00eas entram impulsionados pela f\u00e9 e pela caminhada formativa que empreenderam at\u00e9 aqui. Jamais caiam na tenta\u00e7\u00e3o de imaginar que est\u00e3o sozinhos neste caminho e que o bom \u00eaxito desta empreitada depende apenas do empenho de voc\u00eas. \u00c9 claro que esfor\u00e7o pessoal \u00e9 imprescind\u00edvel. No entanto, mais radical e fundamental ainda \u00e9 deixar-se conduzir pela Gra\u00e7a de Deus&#8221;.<\/p>\n<p>&#8220;E voc\u00eas escolheram para esta celebra\u00e7\u00e3o um tema bem sugestivo, do C\u00e2ntico do Irm\u00e3o Sol: \u201cLouvai e bendizei a meu Senhor, e dai-lhe gra\u00e7as, e servi-o com grande humildade\u201d. Este pensamento de nosso pai S\u00e3o Francisco certamente ficar\u00e1 guardado na alma de cada um de voc\u00eas por toda a vida. Pois um cora\u00e7\u00e3o humilde e grato far\u00e1 com que a nossa consagra\u00e7\u00e3o seja testemunho da a\u00e7\u00e3o de Deus e do empenho do ser humano. Ser\u00e1 o projeto que o mist\u00e9rio da encarna\u00e7\u00e3o de Jesus Cristo nos prop\u00f5e&#8221;, exortou.<\/p>\n<p><img loading=\"lazy\" class=\"alignnone size-full wp-image-229689\" src=\"https:\/\/franciscanos.org.br\/noticias\/wp-content\/uploads\/2020\/12\/prof_1012.jpg\" alt=\"\" width=\"1280\" height=\"860\" srcset=\"https:\/\/franciscanos.org.br\/noticias\/wp-content\/uploads\/2020\/12\/prof_1012.jpg 1280w, https:\/\/franciscanos.org.br\/noticias\/wp-content\/uploads\/2020\/12\/prof_1012-450x302.jpg 450w, https:\/\/franciscanos.org.br\/noticias\/wp-content\/uploads\/2020\/12\/prof_1012-1024x688.jpg 1024w, https:\/\/franciscanos.org.br\/noticias\/wp-content\/uploads\/2020\/12\/prof_1012-768x516.jpg 768w, https:\/\/franciscanos.org.br\/noticias\/wp-content\/uploads\/2020\/12\/prof_1012-150x101.jpg 150w\" sizes=\"(max-width: 1280px) 100vw, 1280px\" \/><\/p>\n<p>J\u00e1 no final da homilia, Frei C\u00e9sar deixou mensagens fortes para marcar esse dia dos cinco jovens frades:<\/p>\n<p>&#8220;O Menino de Bel\u00e9m, depositado por Maria e Jos\u00e9 sobre uma caminha improvisada com um punhado de palha seca, tamb\u00e9m oferece para n\u00f3s algumas pistas importantes para o Caminho da Cruz que estamos nos dispondo a percorrer. Ali\u00e1s, Santa Clara nos recorda, na Carta que escreveu a Santa In\u00eas de Praga, que a manjedoura e a cruz s\u00e3o duas molduras de um mesmo espelho, o Cristo Jesus, o Verbo de Deus encarnado em quem desejamos espelhar nossa caminhada de religiosos franciscanos. A simplicidade do menino sobre as palhas e a generosidade do jovem homem pregado sobre o madeiro sejam sempre para n\u00f3s indica\u00e7\u00f5es preciosas que nos mantenham firmes no caminho. Sempre que a soberba, a vangl\u00f3ria, o orgulho ou a prepot\u00eancia vierem nos assolar, olhemos para a ternura simples e desarmada da crian\u00e7a pobre de Bel\u00e9m. Toda vez que nos julgarmos injusti\u00e7ados, quando nossos planos perecerem, quando o caminho parecer por demais dif\u00edcil e cansativo, \u00e9 hora de olharmos para as feridas doloridas e a humilha\u00e7\u00e3o dolorosa que nosso Senhor experimentou na injusta viol\u00eancia que sofreu sobre a cruz&#8221;.<\/p>\n<p><img loading=\"lazy\" class=\"alignnone size-full wp-image-229690\" src=\"https:\/\/franciscanos.org.br\/noticias\/wp-content\/uploads\/2020\/12\/prof_0112.jpg\" alt=\"\" width=\"1100\" height=\"1324\" srcset=\"https:\/\/franciscanos.org.br\/noticias\/wp-content\/uploads\/2020\/12\/prof_0112.jpg 1100w, https:\/\/franciscanos.org.br\/noticias\/wp-content\/uploads\/2020\/12\/prof_0112-374x450.jpg 374w, https:\/\/franciscanos.org.br\/noticias\/wp-content\/uploads\/2020\/12\/prof_0112-851x1024.jpg 851w, https:\/\/franciscanos.org.br\/noticias\/wp-content\/uploads\/2020\/12\/prof_0112-768x924.jpg 768w, https:\/\/franciscanos.org.br\/noticias\/wp-content\/uploads\/2020\/12\/prof_0112-150x181.jpg 150w\" sizes=\"(max-width: 1100px) 100vw, 1100px\" \/><\/p>\n<p>&#8220;Referenciais n\u00e3o nos faltam, estimados irm\u00e3os, para percorrermos este fascinante caminho de radicalidade que hoje voc\u00eas assumem definitivamente. Para concluir trago o texto do quarto par\u00e1grafo da Enc\u00edclica Fratelli Tutti, \u00faltimo documento lan\u00e7ado pelo Papa Francisco e que tem como tema A fraternidade universal e a amizade social. Logo no in\u00edcio da Carta, o Papa deixa claro que sua inspira\u00e7\u00e3o nasceu do modo de ser e de se relacionar com as pessoas, assumido por S\u00e3o Francisco de Assis, homem que soube integrar a sua f\u00e9 professada a um testemunho de vida provocante e transformador. Diz o Santo Padre:<\/p>\n<p>\u201c[Francisco] N\u00e3o fazia guerra dial\u00e9tica impondo doutrinas, mas comunicava o amor de Deus; compreendera que \u00abDeus \u00e9 amor, e quem permanece no amor, permanece em Deus\u00bb. Assim foi pai fecundo que suscitou o sonho de uma sociedade fraterna. Naquele mundo cheio de torres de vigia e muralhas defensivas, as cidades viviam guerras sangrentas entre fam\u00edlias poderosas, ao mesmo tempo que cresciam as \u00e1reas miser\u00e1veis das periferias exclu\u00eddas. L\u00e1, Francisco recebeu no seu \u00edntimo a verdadeira paz, libertou-se de todo o desejo de dom\u00ednio sobre os outros, fez-se um dos \u00faltimos e procurou viver em harmonia com todos&#8221;.<\/p>\n<p><iframe loading=\"lazy\" src=\"https:\/\/www.youtube.com\/embed\/ENMOC9T_v4A\" width=\"100%\" height=\"480\" frameborder=\"0\" allowfullscreen=\"allowfullscreen\"><\/iframe><\/p>\n<p>&#8220;Que n\u00f3s, frades menores, a exemplo de Francisco, sejamos seres humanos pac\u00edficos, amorosos, livres, apaixonados pelos pobres e fragilizados, adeptos incans\u00e1veis do di\u00e1logo e construtores de pontes de esperan\u00e7a. Deus aben\u00e7oe a voc\u00eas! Muito obrigado pelo seu \u201cSIM\u201d generoso em favor do Evangelho! Paz e Bem!&#8221;<\/p>\n<h1><a href=\"https:\/\/franciscanos.org.br\/noticias\/integra-da-homilia-de-frei-cesar-na-celebracao-da-profissao-solene.html#gsc.tab=0\"><strong>LEIA A HOMILIA NA \u00cdNTEGRA<\/strong><\/a><\/h1>\n<p>Terminada a homilia, os pais se aproximaram da pia batismal, onde est\u00e1 o C\u00edrio Pascal, acenderam uma vela e entregaram aos professandos para recordar a voca\u00e7\u00e3o batismal que, agora, com neles est\u00e1 se desabrochando como voca\u00e7\u00e3o religiosa franciscana. Depois, Frei C\u00e9sar perguntou aos professandos pelas motiva\u00e7\u00f5es que eles trouxeram ao pedir a admiss\u00e3o definitiva na Ordem dos Frades Menores. Em seguida, ele pediu a intercess\u00e3o de todos os Santos da Ordem para os novos irm\u00e3os, quando eles se prostraram ao ch\u00e3o.<\/p>\n<p><img loading=\"lazy\" class=\"alignnone size-full wp-image-229694\" src=\"https:\/\/franciscanos.org.br\/noticias\/wp-content\/uploads\/2020\/12\/prof_0712.jpg\" alt=\"\" width=\"1280\" height=\"840\" srcset=\"https:\/\/franciscanos.org.br\/noticias\/wp-content\/uploads\/2020\/12\/prof_0712.jpg 1280w, https:\/\/franciscanos.org.br\/noticias\/wp-content\/uploads\/2020\/12\/prof_0712-450x295.jpg 450w, https:\/\/franciscanos.org.br\/noticias\/wp-content\/uploads\/2020\/12\/prof_0712-1024x672.jpg 1024w, https:\/\/franciscanos.org.br\/noticias\/wp-content\/uploads\/2020\/12\/prof_0712-768x504.jpg 768w, https:\/\/franciscanos.org.br\/noticias\/wp-content\/uploads\/2020\/12\/prof_0712-150x98.jpg 150w\" sizes=\"(max-width: 1280px) 100vw, 1280px\" \/><\/p>\n<p>Com o t\u00e9rmino da Ladainha de todos os Santos, os professandos ficaram de joelhos diante do Ministro Provincial, colocaram as suas m\u00e3os nas m\u00e3os do Ministro, num gesto de entrega, de obedi\u00eancia, e leram a f\u00f3rmula de profiss\u00e3o definitiva na Ordem dos Frades Menores. Normalmente, todos os confrades abra\u00e7am os neoprofessos, mas nesta celebra\u00e7\u00e3o Frei C\u00e9sar deu o abra\u00e7o representando a todos.<\/p>\n<p>A liturgia continuou solenemente at\u00e9 o final da comunh\u00e3o. No momento dos agradecimento falou em nome do grupo, Frei Augusto Luiz Gabriel: &#8220;A gratid\u00e3o \u00e9 a mem\u00f3ria do cora\u00e7\u00e3o e \u00e9 um sentimento que demonstra acima de tudo que n\u00f3s sempre precisamos uns dos outros. Ningu\u00e9m conquista nada sozinho! Por isso, o nosso primeiro agradecimento \u00e9 para Aquele que \u00e9 a raz\u00e3o de nossas caminhadas, nas alegrias e nas tristezas. Ele foi quem nos inspirou, nos inspira e nos inspirar\u00e1 a cantarmos o c\u00e2ntico do servi\u00e7o, da fraternidade e da voca\u00e7\u00e3o: Deus!&#8221;, disse.<\/p>\n<p>Segundo o frade, &#8220;nosso c\u00e2ntico n\u00e3o \u00e9 somente uma banda de cinco pessoas, mas um coral de cantores que ajudam a manter o ritmo e o louvor&#8221;, disse, agradecendo \u00e0 Igreja, \u00e0 Prov\u00edncia, em nome do Ministro Provincial, aos formadores, \u00e0 Fraternidade, aos familiares, amigos e colaboradores. &#8220;A can\u00e7\u00e3o continua a ser entoada nos cora\u00e7\u00f5es que mais precisam ouvir as notas do carisma franciscano&#8221;, concluiu.<\/p>\n<p><img loading=\"lazy\" class=\"alignnone wp-image-229695 size-full\" src=\"https:\/\/franciscanos.org.br\/noticias\/wp-content\/uploads\/2020\/12\/prof_0612.jpg\" alt=\"\" width=\"1280\" height=\"752\" srcset=\"https:\/\/franciscanos.org.br\/noticias\/wp-content\/uploads\/2020\/12\/prof_0612.jpg 1280w, https:\/\/franciscanos.org.br\/noticias\/wp-content\/uploads\/2020\/12\/prof_0612-450x264.jpg 450w, https:\/\/franciscanos.org.br\/noticias\/wp-content\/uploads\/2020\/12\/prof_0612-1024x602.jpg 1024w, https:\/\/franciscanos.org.br\/noticias\/wp-content\/uploads\/2020\/12\/prof_0612-768x451.jpg 768w, https:\/\/franciscanos.org.br\/noticias\/wp-content\/uploads\/2020\/12\/prof_0612-150x88.jpg 150w\" sizes=\"(max-width: 1280px) 100vw, 1280px\" \/><\/p>\n<p>Frei C\u00e9sar agradeceu as palavras de Frei Augusto em nome de todos. \u201cMais uma vez quero dizer obrigado a voc\u00eas e estender essa gratid\u00e3o tamb\u00e9m \u00e0 Fraternidade do Sagrado Cora\u00e7\u00e3o de Jesus, um ber\u00e7o de vida franciscana e crist\u00e3 para todos n\u00f3s frades e aqueles que v\u00eam aqui celebrar a sua f\u00e9, \u00e0 Fraternidade S\u00e3o Francisco junto com o Instituto Teol\u00f3gico Franciscano e todos os confrades.\u00a0 Eu tamb\u00e9m queria dizer uma palavra de muita gratid\u00e3o aos familiares desses nossos irm\u00e3os. Nem todos puderam vir aqui nesse instante de pandemia, mas alguns acompanham atrav\u00e9s das transmiss\u00f5es e alguns est\u00e3o aqui presente representam as fam\u00edlias de nossos irm\u00e3os. Voc\u00eas s\u00e3o tamb\u00e9m nossas fam\u00edlias, uma vez que eles s\u00e3o incorporados a esta Fraternidade. E obrigado \u00e0 Igreja, povo de Deus, e por ser fam\u00edlia conosco\u201d, concluiu, dando a b\u00ean\u00e7\u00e3o aos neoprofessos.<\/p>\n<hr \/>\n<p style=\"text-align: center;\"><strong>VEJA MAIS IMAGENS DA CELEBRA\u00c7\u00c3O EUCAR\u00cdSTICA<\/strong><\/p>\n\n\t\t<style type=\"text\/css\">\n\t\t\t#gallery-3 {\n\t\t\t\tmargin: auto;\n\t\t\t}\n\t\t\t#gallery-3 .gallery-item {\n\t\t\t\tfloat: left;\n\t\t\t\tmargin-top: 10px;\n\t\t\t\ttext-align: center;\n\t\t\t\twidth: 20%;\n\t\t\t}\n\t\t\t#gallery-3 img {\n\t\t\t\tborder: 2px solid #cfcfcf;\n\t\t\t}\n\t\t\t#gallery-3 .gallery-caption {\n\t\t\t\tmargin-left: 0;\n\t\t\t}\n\t\t\t\/* see gallery_shortcode() in wp-includes\/media.php *\/\n\t\t<\/style>\n\t\t<div id='gallery-3' class='gallery galleryid-229673 gallery-columns-5 gallery-size-thumbnail'><dl class='gallery-item'>\n\t\t\t<dt class='gallery-icon landscape'>\n\t\t\t\t<a href='https:\/\/franciscanos.org.br\/noticias\/wp-content\/uploads\/2020\/12\/solene-1.jpg'><img width=\"300\" height=\"300\" src=\"https:\/\/franciscanos.org.br\/noticias\/wp-content\/uploads\/2020\/12\/solene-1-300x300.jpg\" class=\"attachment-thumbnail size-thumbnail\" alt=\"\" loading=\"lazy\" srcset=\"https:\/\/franciscanos.org.br\/noticias\/wp-content\/uploads\/2020\/12\/solene-1-300x300.jpg 300w, https:\/\/franciscanos.org.br\/noticias\/wp-content\/uploads\/2020\/12\/solene-1-100x100.jpg 100w\" sizes=\"(max-width: 300px) 100vw, 300px\" \/><\/a>\n\t\t\t<\/dt><\/dl><dl class='gallery-item'>\n\t\t\t<dt class='gallery-icon landscape'>\n\t\t\t\t<a href='https:\/\/franciscanos.org.br\/noticias\/wp-content\/uploads\/2020\/12\/solene-2.jpg'><img width=\"300\" height=\"300\" src=\"https:\/\/franciscanos.org.br\/noticias\/wp-content\/uploads\/2020\/12\/solene-2-300x300.jpg\" class=\"attachment-thumbnail size-thumbnail\" alt=\"\" loading=\"lazy\" srcset=\"https:\/\/franciscanos.org.br\/noticias\/wp-content\/uploads\/2020\/12\/solene-2-300x300.jpg 300w, https:\/\/franciscanos.org.br\/noticias\/wp-content\/uploads\/2020\/12\/solene-2-100x100.jpg 100w\" sizes=\"(max-width: 300px) 100vw, 300px\" \/><\/a>\n\t\t\t<\/dt><\/dl><dl class='gallery-item'>\n\t\t\t<dt class='gallery-icon landscape'>\n\t\t\t\t<a href='https:\/\/franciscanos.org.br\/noticias\/wp-content\/uploads\/2020\/12\/solene-3.jpg'><img width=\"300\" height=\"300\" src=\"https:\/\/franciscanos.org.br\/noticias\/wp-content\/uploads\/2020\/12\/solene-3-300x300.jpg\" class=\"attachment-thumbnail size-thumbnail\" alt=\"\" loading=\"lazy\" srcset=\"https:\/\/franciscanos.org.br\/noticias\/wp-content\/uploads\/2020\/12\/solene-3-300x300.jpg 300w, https:\/\/franciscanos.org.br\/noticias\/wp-content\/uploads\/2020\/12\/solene-3-100x100.jpg 100w\" sizes=\"(max-width: 300px) 100vw, 300px\" \/><\/a>\n\t\t\t<\/dt><\/dl><dl class='gallery-item'>\n\t\t\t<dt class='gallery-icon landscape'>\n\t\t\t\t<a href='https:\/\/franciscanos.org.br\/noticias\/wp-content\/uploads\/2020\/12\/solene-4.jpg'><img width=\"300\" height=\"300\" src=\"https:\/\/franciscanos.org.br\/noticias\/wp-content\/uploads\/2020\/12\/solene-4-300x300.jpg\" class=\"attachment-thumbnail size-thumbnail\" alt=\"\" loading=\"lazy\" srcset=\"https:\/\/franciscanos.org.br\/noticias\/wp-content\/uploads\/2020\/12\/solene-4-300x300.jpg 300w, https:\/\/franciscanos.org.br\/noticias\/wp-content\/uploads\/2020\/12\/solene-4-100x100.jpg 100w\" sizes=\"(max-width: 300px) 100vw, 300px\" \/><\/a>\n\t\t\t<\/dt><\/dl><dl class='gallery-item'>\n\t\t\t<dt class='gallery-icon landscape'>\n\t\t\t\t<a href='https:\/\/franciscanos.org.br\/noticias\/wp-content\/uploads\/2020\/12\/solene-5.jpg'><img width=\"300\" height=\"300\" src=\"https:\/\/franciscanos.org.br\/noticias\/wp-content\/uploads\/2020\/12\/solene-5-300x300.jpg\" class=\"attachment-thumbnail size-thumbnail\" alt=\"\" loading=\"lazy\" srcset=\"https:\/\/franciscanos.org.br\/noticias\/wp-content\/uploads\/2020\/12\/solene-5-300x300.jpg 300w, https:\/\/franciscanos.org.br\/noticias\/wp-content\/uploads\/2020\/12\/solene-5-100x100.jpg 100w\" sizes=\"(max-width: 300px) 100vw, 300px\" \/><\/a>\n\t\t\t<\/dt><\/dl><br style=\"clear: both\" \/><dl class='gallery-item'>\n\t\t\t<dt class='gallery-icon landscape'>\n\t\t\t\t<a href='https:\/\/franciscanos.org.br\/noticias\/wp-content\/uploads\/2020\/12\/solene-6.jpg'><img width=\"300\" height=\"300\" src=\"https:\/\/franciscanos.org.br\/noticias\/wp-content\/uploads\/2020\/12\/solene-6-300x300.jpg\" class=\"attachment-thumbnail size-thumbnail\" alt=\"\" loading=\"lazy\" srcset=\"https:\/\/franciscanos.org.br\/noticias\/wp-content\/uploads\/2020\/12\/solene-6-300x300.jpg 300w, https:\/\/franciscanos.org.br\/noticias\/wp-content\/uploads\/2020\/12\/solene-6-100x100.jpg 100w\" sizes=\"(max-width: 300px) 100vw, 300px\" \/><\/a>\n\t\t\t<\/dt><\/dl><dl class='gallery-item'>\n\t\t\t<dt class='gallery-icon portrait'>\n\t\t\t\t<a href='https:\/\/franciscanos.org.br\/noticias\/wp-content\/uploads\/2020\/12\/solene-7.jpg'><img width=\"300\" height=\"300\" src=\"https:\/\/franciscanos.org.br\/noticias\/wp-content\/uploads\/2020\/12\/solene-7-300x300.jpg\" class=\"attachment-thumbnail size-thumbnail\" alt=\"\" loading=\"lazy\" srcset=\"https:\/\/franciscanos.org.br\/noticias\/wp-content\/uploads\/2020\/12\/solene-7-300x300.jpg 300w, https:\/\/franciscanos.org.br\/noticias\/wp-content\/uploads\/2020\/12\/solene-7-100x100.jpg 100w\" sizes=\"(max-width: 300px) 100vw, 300px\" \/><\/a>\n\t\t\t<\/dt><\/dl><dl class='gallery-item'>\n\t\t\t<dt class='gallery-icon portrait'>\n\t\t\t\t<a href='https:\/\/franciscanos.org.br\/noticias\/wp-content\/uploads\/2020\/12\/solene-8.jpg'><img width=\"300\" height=\"300\" src=\"https:\/\/franciscanos.org.br\/noticias\/wp-content\/uploads\/2020\/12\/solene-8-300x300.jpg\" class=\"attachment-thumbnail size-thumbnail\" alt=\"\" loading=\"lazy\" srcset=\"https:\/\/franciscanos.org.br\/noticias\/wp-content\/uploads\/2020\/12\/solene-8-300x300.jpg 300w, https:\/\/franciscanos.org.br\/noticias\/wp-content\/uploads\/2020\/12\/solene-8-100x100.jpg 100w\" sizes=\"(max-width: 300px) 100vw, 300px\" \/><\/a>\n\t\t\t<\/dt><\/dl><dl class='gallery-item'>\n\t\t\t<dt class='gallery-icon portrait'>\n\t\t\t\t<a href='https:\/\/franciscanos.org.br\/noticias\/wp-content\/uploads\/2020\/12\/solene-9.jpg'><img width=\"300\" height=\"300\" src=\"https:\/\/franciscanos.org.br\/noticias\/wp-content\/uploads\/2020\/12\/solene-9-300x300.jpg\" class=\"attachment-thumbnail size-thumbnail\" alt=\"\" loading=\"lazy\" srcset=\"https:\/\/franciscanos.org.br\/noticias\/wp-content\/uploads\/2020\/12\/solene-9-300x300.jpg 300w, https:\/\/franciscanos.org.br\/noticias\/wp-content\/uploads\/2020\/12\/solene-9-100x100.jpg 100w\" sizes=\"(max-width: 300px) 100vw, 300px\" \/><\/a>\n\t\t\t<\/dt><\/dl><dl class='gallery-item'>\n\t\t\t<dt class='gallery-icon portrait'>\n\t\t\t\t<a href='https:\/\/franciscanos.org.br\/noticias\/wp-content\/uploads\/2020\/12\/solene-10.jpg'><img width=\"300\" height=\"300\" src=\"https:\/\/franciscanos.org.br\/noticias\/wp-content\/uploads\/2020\/12\/solene-10-300x300.jpg\" class=\"attachment-thumbnail size-thumbnail\" alt=\"\" loading=\"lazy\" srcset=\"https:\/\/franciscanos.org.br\/noticias\/wp-content\/uploads\/2020\/12\/solene-10-300x300.jpg 300w, https:\/\/franciscanos.org.br\/noticias\/wp-content\/uploads\/2020\/12\/solene-10-100x100.jpg 100w\" sizes=\"(max-width: 300px) 100vw, 300px\" \/><\/a>\n\t\t\t<\/dt><\/dl><br style=\"clear: both\" \/><dl class='gallery-item'>\n\t\t\t<dt class='gallery-icon portrait'>\n\t\t\t\t<a href='https:\/\/franciscanos.org.br\/noticias\/wp-content\/uploads\/2020\/12\/solene-11.jpg'><img width=\"300\" height=\"300\" src=\"https:\/\/franciscanos.org.br\/noticias\/wp-content\/uploads\/2020\/12\/solene-11-300x300.jpg\" class=\"attachment-thumbnail size-thumbnail\" alt=\"\" loading=\"lazy\" srcset=\"https:\/\/franciscanos.org.br\/noticias\/wp-content\/uploads\/2020\/12\/solene-11-300x300.jpg 300w, https:\/\/franciscanos.org.br\/noticias\/wp-content\/uploads\/2020\/12\/solene-11-100x100.jpg 100w\" sizes=\"(max-width: 300px) 100vw, 300px\" \/><\/a>\n\t\t\t<\/dt><\/dl><dl class='gallery-item'>\n\t\t\t<dt class='gallery-icon landscape'>\n\t\t\t\t<a href='https:\/\/franciscanos.org.br\/noticias\/wp-content\/uploads\/2020\/12\/solene-12.jpg'><img width=\"300\" height=\"300\" src=\"https:\/\/franciscanos.org.br\/noticias\/wp-content\/uploads\/2020\/12\/solene-12-300x300.jpg\" class=\"attachment-thumbnail size-thumbnail\" alt=\"\" loading=\"lazy\" srcset=\"https:\/\/franciscanos.org.br\/noticias\/wp-content\/uploads\/2020\/12\/solene-12-300x300.jpg 300w, https:\/\/franciscanos.org.br\/noticias\/wp-content\/uploads\/2020\/12\/solene-12-100x100.jpg 100w\" sizes=\"(max-width: 300px) 100vw, 300px\" \/><\/a>\n\t\t\t<\/dt><\/dl><dl class='gallery-item'>\n\t\t\t<dt class='gallery-icon landscape'>\n\t\t\t\t<a href='https:\/\/franciscanos.org.br\/noticias\/wp-content\/uploads\/2020\/12\/solene-13.jpg'><img width=\"300\" height=\"300\" src=\"https:\/\/franciscanos.org.br\/noticias\/wp-content\/uploads\/2020\/12\/solene-13-300x300.jpg\" class=\"attachment-thumbnail size-thumbnail\" alt=\"\" loading=\"lazy\" srcset=\"https:\/\/franciscanos.org.br\/noticias\/wp-content\/uploads\/2020\/12\/solene-13-300x300.jpg 300w, https:\/\/franciscanos.org.br\/noticias\/wp-content\/uploads\/2020\/12\/solene-13-100x100.jpg 100w\" sizes=\"(max-width: 300px) 100vw, 300px\" \/><\/a>\n\t\t\t<\/dt><\/dl><dl class='gallery-item'>\n\t\t\t<dt class='gallery-icon portrait'>\n\t\t\t\t<a href='https:\/\/franciscanos.org.br\/noticias\/wp-content\/uploads\/2020\/12\/solene-14.jpg'><img width=\"300\" height=\"300\" src=\"https:\/\/franciscanos.org.br\/noticias\/wp-content\/uploads\/2020\/12\/solene-14-300x300.jpg\" class=\"attachment-thumbnail size-thumbnail\" alt=\"\" loading=\"lazy\" srcset=\"https:\/\/franciscanos.org.br\/noticias\/wp-content\/uploads\/2020\/12\/solene-14-300x300.jpg 300w, https:\/\/franciscanos.org.br\/noticias\/wp-content\/uploads\/2020\/12\/solene-14-100x100.jpg 100w\" sizes=\"(max-width: 300px) 100vw, 300px\" \/><\/a>\n\t\t\t<\/dt><\/dl><dl class='gallery-item'>\n\t\t\t<dt class='gallery-icon portrait'>\n\t\t\t\t<a href='https:\/\/franciscanos.org.br\/noticias\/wp-content\/uploads\/2020\/12\/solene-15.jpg'><img width=\"300\" height=\"300\" src=\"https:\/\/franciscanos.org.br\/noticias\/wp-content\/uploads\/2020\/12\/solene-15-300x300.jpg\" class=\"attachment-thumbnail size-thumbnail\" alt=\"\" loading=\"lazy\" srcset=\"https:\/\/franciscanos.org.br\/noticias\/wp-content\/uploads\/2020\/12\/solene-15-300x300.jpg 300w, https:\/\/franciscanos.org.br\/noticias\/wp-content\/uploads\/2020\/12\/solene-15-100x100.jpg 100w\" sizes=\"(max-width: 300px) 100vw, 300px\" \/><\/a>\n\t\t\t<\/dt><\/dl><br style=\"clear: both\" \/><dl class='gallery-item'>\n\t\t\t<dt class='gallery-icon landscape'>\n\t\t\t\t<a href='https:\/\/franciscanos.org.br\/noticias\/wp-content\/uploads\/2020\/12\/solene-16.jpg'><img width=\"300\" height=\"300\" src=\"https:\/\/franciscanos.org.br\/noticias\/wp-content\/uploads\/2020\/12\/solene-16-300x300.jpg\" class=\"attachment-thumbnail size-thumbnail\" alt=\"\" loading=\"lazy\" srcset=\"https:\/\/franciscanos.org.br\/noticias\/wp-content\/uploads\/2020\/12\/solene-16-300x300.jpg 300w, https:\/\/franciscanos.org.br\/noticias\/wp-content\/uploads\/2020\/12\/solene-16-100x100.jpg 100w\" sizes=\"(max-width: 300px) 100vw, 300px\" \/><\/a>\n\t\t\t<\/dt><\/dl><dl class='gallery-item'>\n\t\t\t<dt class='gallery-icon landscape'>\n\t\t\t\t<a href='https:\/\/franciscanos.org.br\/noticias\/wp-content\/uploads\/2020\/12\/solene-17.jpg'><img width=\"300\" height=\"300\" src=\"https:\/\/franciscanos.org.br\/noticias\/wp-content\/uploads\/2020\/12\/solene-17-300x300.jpg\" class=\"attachment-thumbnail size-thumbnail\" alt=\"\" loading=\"lazy\" srcset=\"https:\/\/franciscanos.org.br\/noticias\/wp-content\/uploads\/2020\/12\/solene-17-300x300.jpg 300w, https:\/\/franciscanos.org.br\/noticias\/wp-content\/uploads\/2020\/12\/solene-17-100x100.jpg 100w\" sizes=\"(max-width: 300px) 100vw, 300px\" \/><\/a>\n\t\t\t<\/dt><\/dl><dl class='gallery-item'>\n\t\t\t<dt class='gallery-icon landscape'>\n\t\t\t\t<a href='https:\/\/franciscanos.org.br\/noticias\/wp-content\/uploads\/2020\/12\/solene-18.jpg'><img width=\"300\" height=\"300\" src=\"https:\/\/franciscanos.org.br\/noticias\/wp-content\/uploads\/2020\/12\/solene-18-300x300.jpg\" class=\"attachment-thumbnail size-thumbnail\" alt=\"\" loading=\"lazy\" srcset=\"https:\/\/franciscanos.org.br\/noticias\/wp-content\/uploads\/2020\/12\/solene-18-300x300.jpg 300w, https:\/\/franciscanos.org.br\/noticias\/wp-content\/uploads\/2020\/12\/solene-18-100x100.jpg 100w\" sizes=\"(max-width: 300px) 100vw, 300px\" \/><\/a>\n\t\t\t<\/dt><\/dl><dl class='gallery-item'>\n\t\t\t<dt class='gallery-icon landscape'>\n\t\t\t\t<a href='https:\/\/franciscanos.org.br\/noticias\/wp-content\/uploads\/2020\/12\/solene-19.jpg'><img width=\"300\" height=\"300\" src=\"https:\/\/franciscanos.org.br\/noticias\/wp-content\/uploads\/2020\/12\/solene-19-300x300.jpg\" class=\"attachment-thumbnail size-thumbnail\" alt=\"\" loading=\"lazy\" srcset=\"https:\/\/franciscanos.org.br\/noticias\/wp-content\/uploads\/2020\/12\/solene-19-300x300.jpg 300w, https:\/\/franciscanos.org.br\/noticias\/wp-content\/uploads\/2020\/12\/solene-19-100x100.jpg 100w\" sizes=\"(max-width: 300px) 100vw, 300px\" \/><\/a>\n\t\t\t<\/dt><\/dl><dl class='gallery-item'>\n\t\t\t<dt class='gallery-icon landscape'>\n\t\t\t\t<a href='https:\/\/franciscanos.org.br\/noticias\/wp-content\/uploads\/2020\/12\/solene-20.jpg'><img width=\"300\" height=\"300\" src=\"https:\/\/franciscanos.org.br\/noticias\/wp-content\/uploads\/2020\/12\/solene-20-300x300.jpg\" class=\"attachment-thumbnail size-thumbnail\" alt=\"\" loading=\"lazy\" srcset=\"https:\/\/franciscanos.org.br\/noticias\/wp-content\/uploads\/2020\/12\/solene-20-300x300.jpg 300w, https:\/\/franciscanos.org.br\/noticias\/wp-content\/uploads\/2020\/12\/solene-20-100x100.jpg 100w\" sizes=\"(max-width: 300px) 100vw, 300px\" \/><\/a>\n\t\t\t<\/dt><\/dl><br style=\"clear: both\" \/><dl class='gallery-item'>\n\t\t\t<dt class='gallery-icon landscape'>\n\t\t\t\t<a href='https:\/\/franciscanos.org.br\/noticias\/wp-content\/uploads\/2020\/12\/solene-21.jpg'><img width=\"300\" height=\"300\" src=\"https:\/\/franciscanos.org.br\/noticias\/wp-content\/uploads\/2020\/12\/solene-21-300x300.jpg\" class=\"attachment-thumbnail size-thumbnail\" alt=\"\" loading=\"lazy\" srcset=\"https:\/\/franciscanos.org.br\/noticias\/wp-content\/uploads\/2020\/12\/solene-21-300x300.jpg 300w, https:\/\/franciscanos.org.br\/noticias\/wp-content\/uploads\/2020\/12\/solene-21-100x100.jpg 100w\" sizes=\"(max-width: 300px) 100vw, 300px\" \/><\/a>\n\t\t\t<\/dt><\/dl><dl class='gallery-item'>\n\t\t\t<dt class='gallery-icon landscape'>\n\t\t\t\t<a href='https:\/\/franciscanos.org.br\/noticias\/wp-content\/uploads\/2020\/12\/solene-22.jpg'><img width=\"300\" height=\"300\" src=\"https:\/\/franciscanos.org.br\/noticias\/wp-content\/uploads\/2020\/12\/solene-22-300x300.jpg\" class=\"attachment-thumbnail size-thumbnail\" alt=\"\" loading=\"lazy\" srcset=\"https:\/\/franciscanos.org.br\/noticias\/wp-content\/uploads\/2020\/12\/solene-22-300x300.jpg 300w, https:\/\/franciscanos.org.br\/noticias\/wp-content\/uploads\/2020\/12\/solene-22-100x100.jpg 100w\" sizes=\"(max-width: 300px) 100vw, 300px\" \/><\/a>\n\t\t\t<\/dt><\/dl><dl class='gallery-item'>\n\t\t\t<dt class='gallery-icon landscape'>\n\t\t\t\t<a href='https:\/\/franciscanos.org.br\/noticias\/wp-content\/uploads\/2020\/12\/solene-23.jpg'><img width=\"300\" height=\"300\" src=\"https:\/\/franciscanos.org.br\/noticias\/wp-content\/uploads\/2020\/12\/solene-23-300x300.jpg\" class=\"attachment-thumbnail size-thumbnail\" alt=\"\" loading=\"lazy\" srcset=\"https:\/\/franciscanos.org.br\/noticias\/wp-content\/uploads\/2020\/12\/solene-23-300x300.jpg 300w, https:\/\/franciscanos.org.br\/noticias\/wp-content\/uploads\/2020\/12\/solene-23-100x100.jpg 100w\" sizes=\"(max-width: 300px) 100vw, 300px\" \/><\/a>\n\t\t\t<\/dt><\/dl><dl class='gallery-item'>\n\t\t\t<dt class='gallery-icon landscape'>\n\t\t\t\t<a href='https:\/\/franciscanos.org.br\/noticias\/wp-content\/uploads\/2020\/12\/solene-24.jpg'><img width=\"300\" height=\"300\" src=\"https:\/\/franciscanos.org.br\/noticias\/wp-content\/uploads\/2020\/12\/solene-24-300x300.jpg\" class=\"attachment-thumbnail size-thumbnail\" alt=\"\" loading=\"lazy\" srcset=\"https:\/\/franciscanos.org.br\/noticias\/wp-content\/uploads\/2020\/12\/solene-24-300x300.jpg 300w, https:\/\/franciscanos.org.br\/noticias\/wp-content\/uploads\/2020\/12\/solene-24-100x100.jpg 100w\" sizes=\"(max-width: 300px) 100vw, 300px\" \/><\/a>\n\t\t\t<\/dt><\/dl><dl class='gallery-item'>\n\t\t\t<dt class='gallery-icon landscape'>\n\t\t\t\t<a href='https:\/\/franciscanos.org.br\/noticias\/wp-content\/uploads\/2020\/12\/solene-25.jpg'><img width=\"300\" height=\"300\" src=\"https:\/\/franciscanos.org.br\/noticias\/wp-content\/uploads\/2020\/12\/solene-25-300x300.jpg\" class=\"attachment-thumbnail size-thumbnail\" alt=\"\" loading=\"lazy\" srcset=\"https:\/\/franciscanos.org.br\/noticias\/wp-content\/uploads\/2020\/12\/solene-25-300x300.jpg 300w, https:\/\/franciscanos.org.br\/noticias\/wp-content\/uploads\/2020\/12\/solene-25-100x100.jpg 100w\" sizes=\"(max-width: 300px) 100vw, 300px\" \/><\/a>\n\t\t\t<\/dt><\/dl><br style=\"clear: both\" \/>\n\t\t<\/div>\n\n<p>&nbsp;<\/p>\n","protected":false},"excerpt":{"rendered":"<p>Profiss\u00e3o Solene na Ordem dos Frades Menores<\/p>\n","protected":false},"author":3,"featured_media":229675,"comment_status":"open","ping_status":"open","sticky":false,"template":"","format":"standard","meta":[],"categories":[1],"tags":[190,418],"acf":[],"yoast_head":"<!-- This site is optimized with the Yoast SEO plugin v19.2 - https:\/\/yoast.com\/wordpress\/plugins\/seo\/ -->\n<title>Frei C\u00e9sar indica o caminho aos professos solenes: &quot;Deixar-se conduzir pela Gra\u00e7a de Deus&quot; - Not\u00edcias - Franciscanos<\/title>\n<meta name=\"robots\" content=\"index, follow, max-snippet:-1, max-image-preview:large, max-video-preview:-1\" \/>\n<link rel=\"canonical\" href=\"https:\/\/franciscanos.org.br\/noticias\/frei-cesar-indica-o-caminho-aos-professos-solenes-deixar-se-conduzir-pela-graca-de-deus.html\" \/>\n<meta property=\"og:locale\" content=\"pt_BR\" \/>\n<meta property=\"og:type\" content=\"article\" \/>\n<meta property=\"og:title\" content=\"Frei C\u00e9sar indica o caminho aos professos solenes: &quot;Deixar-se conduzir pela Gra\u00e7a de Deus&quot; - Not\u00edcias - Franciscanos\" \/>\n<meta property=\"og:description\" content=\"Profiss\u00e3o Solene na Ordem dos Frades Menores\" \/>\n<meta property=\"og:url\" content=\"https:\/\/franciscanos.org.br\/noticias\/frei-cesar-indica-o-caminho-aos-professos-solenes-deixar-se-conduzir-pela-graca-de-deus.html\" \/>\n<meta property=\"og:site_name\" content=\"Not\u00edcias - Franciscanos\" \/>\n<meta property=\"article:published_time\" content=\"2020-12-05T16:13:46+00:00\" \/>\n<meta property=\"article:modified_time\" content=\"2020-12-06T00:36:00+00:00\" \/>\n<meta property=\"og:image\" content=\"https:\/\/franciscanos.org.br\/noticias\/wp-content\/uploads\/2020\/12\/prof_1212d.jpg\" \/>\n\t<meta property=\"og:image:width\" content=\"800\" \/>\n\t<meta property=\"og:image:height\" content=\"600\" \/>\n\t<meta property=\"og:image:type\" content=\"image\/jpeg\" \/>\n<meta name=\"author\" content=\"moacir\" \/>\n<meta name=\"twitter:card\" content=\"summary_large_image\" \/>\n<meta name=\"twitter:label1\" content=\"Escrito por\" \/>\n\t<meta name=\"twitter:data1\" content=\"moacir\" \/>\n\t<meta name=\"twitter:label2\" content=\"Est. tempo de leitura\" \/>\n\t<meta name=\"twitter:data2\" content=\"11 minutos\" \/>\n<script type=\"application\/ld+json\" class=\"yoast-schema-graph\">{\"@context\":\"https:\/\/schema.org\",\"@graph\":[{\"@type\":\"WebSite\",\"@id\":\"https:\/\/franciscanos.org.br\/noticias\/#website\",\"url\":\"https:\/\/franciscanos.org.br\/noticias\/\",\"name\":\"Not\u00edcias - Franciscanos\",\"description\":\"Prov\u00edncia Franciscana da Imaculada Concei\u00e7\u00e3o do Brasil - Ordem dos Frades Menores - OFM\",\"potentialAction\":[{\"@type\":\"SearchAction\",\"target\":{\"@type\":\"EntryPoint\",\"urlTemplate\":\"https:\/\/franciscanos.org.br\/noticias\/?s={search_term_string}\"},\"query-input\":\"required name=search_term_string\"}],\"inLanguage\":\"pt-BR\"},{\"@type\":\"ImageObject\",\"inLanguage\":\"pt-BR\",\"@id\":\"https:\/\/franciscanos.org.br\/noticias\/frei-cesar-indica-o-caminho-aos-professos-solenes-deixar-se-conduzir-pela-graca-de-deus.html#primaryimage\",\"url\":\"https:\/\/franciscanos.org.br\/noticias\/wp-content\/uploads\/2020\/12\/prof_1212d.jpg\",\"contentUrl\":\"https:\/\/franciscanos.org.br\/noticias\/wp-content\/uploads\/2020\/12\/prof_1212d.jpg\",\"width\":800,\"height\":600},{\"@type\":\"WebPage\",\"@id\":\"https:\/\/franciscanos.org.br\/noticias\/frei-cesar-indica-o-caminho-aos-professos-solenes-deixar-se-conduzir-pela-graca-de-deus.html#webpage\",\"url\":\"https:\/\/franciscanos.org.br\/noticias\/frei-cesar-indica-o-caminho-aos-professos-solenes-deixar-se-conduzir-pela-graca-de-deus.html\",\"name\":\"Frei C\u00e9sar indica o caminho aos professos solenes: \\\"Deixar-se conduzir pela Gra\u00e7a de Deus\\\" - Not\u00edcias - Franciscanos\",\"isPartOf\":{\"@id\":\"https:\/\/franciscanos.org.br\/noticias\/#website\"},\"primaryImageOfPage\":{\"@id\":\"https:\/\/franciscanos.org.br\/noticias\/frei-cesar-indica-o-caminho-aos-professos-solenes-deixar-se-conduzir-pela-graca-de-deus.html#primaryimage\"},\"datePublished\":\"2020-12-05T16:13:46+00:00\",\"dateModified\":\"2020-12-06T00:36:00+00:00\",\"author\":{\"@id\":\"https:\/\/franciscanos.org.br\/noticias\/#\/schema\/person\/b5c8cba458c330ccff548b056e95a5d4\"},\"breadcrumb\":{\"@id\":\"https:\/\/franciscanos.org.br\/noticias\/frei-cesar-indica-o-caminho-aos-professos-solenes-deixar-se-conduzir-pela-graca-de-deus.html#breadcrumb\"},\"inLanguage\":\"pt-BR\",\"potentialAction\":[{\"@type\":\"ReadAction\",\"target\":[\"https:\/\/franciscanos.org.br\/noticias\/frei-cesar-indica-o-caminho-aos-professos-solenes-deixar-se-conduzir-pela-graca-de-deus.html\"]}]},{\"@type\":\"BreadcrumbList\",\"@id\":\"https:\/\/franciscanos.org.br\/noticias\/frei-cesar-indica-o-caminho-aos-professos-solenes-deixar-se-conduzir-pela-graca-de-deus.html#breadcrumb\",\"itemListElement\":[{\"@type\":\"ListItem\",\"position\":1,\"name\":\"Home\",\"item\":\"https:\/\/franciscanos.org.br\/noticias\"},{\"@type\":\"ListItem\",\"position\":2,\"name\":\"Frei C\u00e9sar indica o caminho aos professos solenes: &#8220;Deixar-se conduzir pela Gra\u00e7a de Deus&#8221;\"}]},{\"@type\":\"Person\",\"@id\":\"https:\/\/franciscanos.org.br\/noticias\/#\/schema\/person\/b5c8cba458c330ccff548b056e95a5d4\",\"name\":\"moacir\",\"image\":{\"@type\":\"ImageObject\",\"inLanguage\":\"pt-BR\",\"@id\":\"https:\/\/franciscanos.org.br\/noticias\/#\/schema\/person\/image\/\",\"url\":\"https:\/\/secure.gravatar.com\/avatar\/d08aa2ce4c8dd416d4479aa8536fcf64?s=96&d=mm&r=g\",\"contentUrl\":\"https:\/\/secure.gravatar.com\/avatar\/d08aa2ce4c8dd416d4479aa8536fcf64?s=96&d=mm&r=g\",\"caption\":\"moacir\"},\"url\":\"https:\/\/franciscanos.org.br\/noticias\/author\/moacir\"}]}<\/script>\n<!-- \/ Yoast SEO plugin. -->","yoast_head_json":{"title":"Frei C\u00e9sar indica o caminho aos professos solenes: \"Deixar-se conduzir pela Gra\u00e7a de Deus\" - Not\u00edcias - Franciscanos","robots":{"index":"index","follow":"follow","max-snippet":"max-snippet:-1","max-image-preview":"max-image-preview:large","max-video-preview":"max-video-preview:-1"},"canonical":"https:\/\/franciscanos.org.br\/noticias\/frei-cesar-indica-o-caminho-aos-professos-solenes-deixar-se-conduzir-pela-graca-de-deus.html","og_locale":"pt_BR","og_type":"article","og_title":"Frei C\u00e9sar indica o caminho aos professos solenes: \"Deixar-se conduzir pela Gra\u00e7a de Deus\" - Not\u00edcias - Franciscanos","og_description":"Profiss\u00e3o Solene na Ordem dos Frades Menores","og_url":"https:\/\/franciscanos.org.br\/noticias\/frei-cesar-indica-o-caminho-aos-professos-solenes-deixar-se-conduzir-pela-graca-de-deus.html","og_site_name":"Not\u00edcias - Franciscanos","article_published_time":"2020-12-05T16:13:46+00:00","article_modified_time":"2020-12-06T00:36:00+00:00","og_image":[{"width":800,"height":600,"url":"https:\/\/franciscanos.org.br\/noticias\/wp-content\/uploads\/2020\/12\/prof_1212d.jpg","type":"image\/jpeg"}],"author":"moacir","twitter_card":"summary_large_image","twitter_misc":{"Escrito por":"moacir","Est. tempo de leitura":"11 minutos"},"schema":{"@context":"https:\/\/schema.org","@graph":[{"@type":"WebSite","@id":"https:\/\/franciscanos.org.br\/noticias\/#website","url":"https:\/\/franciscanos.org.br\/noticias\/","name":"Not\u00edcias - Franciscanos","description":"Prov\u00edncia Franciscana da Imaculada Concei\u00e7\u00e3o do Brasil - Ordem dos Frades Menores - OFM","potentialAction":[{"@type":"SearchAction","target":{"@type":"EntryPoint","urlTemplate":"https:\/\/franciscanos.org.br\/noticias\/?s={search_term_string}"},"query-input":"required name=search_term_string"}],"inLanguage":"pt-BR"},{"@type":"ImageObject","inLanguage":"pt-BR","@id":"https:\/\/franciscanos.org.br\/noticias\/frei-cesar-indica-o-caminho-aos-professos-solenes-deixar-se-conduzir-pela-graca-de-deus.html#primaryimage","url":"https:\/\/franciscanos.org.br\/noticias\/wp-content\/uploads\/2020\/12\/prof_1212d.jpg","contentUrl":"https:\/\/franciscanos.org.br\/noticias\/wp-content\/uploads\/2020\/12\/prof_1212d.jpg","width":800,"height":600},{"@type":"WebPage","@id":"https:\/\/franciscanos.org.br\/noticias\/frei-cesar-indica-o-caminho-aos-professos-solenes-deixar-se-conduzir-pela-graca-de-deus.html#webpage","url":"https:\/\/franciscanos.org.br\/noticias\/frei-cesar-indica-o-caminho-aos-professos-solenes-deixar-se-conduzir-pela-graca-de-deus.html","name":"Frei C\u00e9sar indica o caminho aos professos solenes: \"Deixar-se conduzir pela Gra\u00e7a de Deus\" - Not\u00edcias - Franciscanos","isPartOf":{"@id":"https:\/\/franciscanos.org.br\/noticias\/#website"},"primaryImageOfPage":{"@id":"https:\/\/franciscanos.org.br\/noticias\/frei-cesar-indica-o-caminho-aos-professos-solenes-deixar-se-conduzir-pela-graca-de-deus.html#primaryimage"},"datePublished":"2020-12-05T16:13:46+00:00","dateModified":"2020-12-06T00:36:00+00:00","author":{"@id":"https:\/\/franciscanos.org.br\/noticias\/#\/schema\/person\/b5c8cba458c330ccff548b056e95a5d4"},"breadcrumb":{"@id":"https:\/\/franciscanos.org.br\/noticias\/frei-cesar-indica-o-caminho-aos-professos-solenes-deixar-se-conduzir-pela-graca-de-deus.html#breadcrumb"},"inLanguage":"pt-BR","potentialAction":[{"@type":"ReadAction","target":["https:\/\/franciscanos.org.br\/noticias\/frei-cesar-indica-o-caminho-aos-professos-solenes-deixar-se-conduzir-pela-graca-de-deus.html"]}]},{"@type":"BreadcrumbList","@id":"https:\/\/franciscanos.org.br\/noticias\/frei-cesar-indica-o-caminho-aos-professos-solenes-deixar-se-conduzir-pela-graca-de-deus.html#breadcrumb","itemListElement":[{"@type":"ListItem","position":1,"name":"Home","item":"https:\/\/franciscanos.org.br\/noticias"},{"@type":"ListItem","position":2,"name":"Frei C\u00e9sar indica o caminho aos professos solenes: &#8220;Deixar-se conduzir pela Gra\u00e7a de Deus&#8221;"}]},{"@type":"Person","@id":"https:\/\/franciscanos.org.br\/noticias\/#\/schema\/person\/b5c8cba458c330ccff548b056e95a5d4","name":"moacir","image":{"@type":"ImageObject","inLanguage":"pt-BR","@id":"https:\/\/franciscanos.org.br\/noticias\/#\/schema\/person\/image\/","url":"https:\/\/secure.gravatar.com\/avatar\/d08aa2ce4c8dd416d4479aa8536fcf64?s=96&d=mm&r=g","contentUrl":"https:\/\/secure.gravatar.com\/avatar\/d08aa2ce4c8dd416d4479aa8536fcf64?s=96&d=mm&r=g","caption":"moacir"},"url":"https:\/\/franciscanos.org.br\/noticias\/author\/moacir"}]}},"_links":{"self":[{"href":"https:\/\/franciscanos.org.br\/noticias\/wp-json\/wp\/v2\/posts\/229673"}],"collection":[{"href":"https:\/\/franciscanos.org.br\/noticias\/wp-json\/wp\/v2\/posts"}],"about":[{"href":"https:\/\/franciscanos.org.br\/noticias\/wp-json\/wp\/v2\/types\/post"}],"author":[{"embeddable":true,"href":"https:\/\/franciscanos.org.br\/noticias\/wp-json\/wp\/v2\/users\/3"}],"replies":[{"embeddable":true,"href":"https:\/\/franciscanos.org.br\/noticias\/wp-json\/wp\/v2\/comments?post=229673"}],"version-history":[{"count":5,"href":"https:\/\/franciscanos.org.br\/noticias\/wp-json\/wp\/v2\/posts\/229673\/revisions"}],"predecessor-version":[{"id":229725,"href":"https:\/\/franciscanos.org.br\/noticias\/wp-json\/wp\/v2\/posts\/229673\/revisions\/229725"}],"wp:featuredmedia":[{"embeddable":true,"href":"https:\/\/franciscanos.org.br\/noticias\/wp-json\/wp\/v2\/media\/229675"}],"wp:attachment":[{"href":"https:\/\/franciscanos.org.br\/noticias\/wp-json\/wp\/v2\/media?parent=229673"}],"wp:term":[{"taxonomy":"category","embeddable":true,"href":"https:\/\/franciscanos.org.br\/noticias\/wp-json\/wp\/v2\/categories?post=229673"},{"taxonomy":"post_tag","embeddable":true,"href":"https:\/\/franciscanos.org.br\/noticias\/wp-json\/wp\/v2\/tags?post=229673"}],"curies":[{"name":"wp","href":"https:\/\/api.w.org\/{rel}","templated":true}]}}