{"id":229672,"date":"2020-12-05T13:02:05","date_gmt":"2020-12-05T16:02:05","guid":{"rendered":"https:\/\/franciscanos.org.br\/noticias\/?p=229672"},"modified":"2021-04-19T22:34:47","modified_gmt":"2021-04-20T01:34:47","slug":"integra-da-homilia-de-frei-cesar-na-celebracao-da-profissao-solene","status":"publish","type":"post","link":"https:\/\/franciscanos.org.br\/noticias\/integra-da-homilia-de-frei-cesar-na-celebracao-da-profissao-solene.html","title":{"rendered":"\u00cdntegra da homilia de Frei C\u00e9sar na Celebra\u00e7\u00e3o da Profiss\u00e3o Solene"},"content":{"rendered":"<p><img loading=\"lazy\" class=\"alignnone size-full wp-image-229691\" src=\"https:\/\/franciscanos.org.br\/noticias\/wp-content\/uploads\/2020\/12\/homilia_0512.jpg\" alt=\"\" width=\"1280\" height=\"720\" srcset=\"https:\/\/franciscanos.org.br\/noticias\/wp-content\/uploads\/2020\/12\/homilia_0512.jpg 1280w, https:\/\/franciscanos.org.br\/noticias\/wp-content\/uploads\/2020\/12\/homilia_0512-450x253.jpg 450w, https:\/\/franciscanos.org.br\/noticias\/wp-content\/uploads\/2020\/12\/homilia_0512-1024x576.jpg 1024w, https:\/\/franciscanos.org.br\/noticias\/wp-content\/uploads\/2020\/12\/homilia_0512-768x432.jpg 768w, https:\/\/franciscanos.org.br\/noticias\/wp-content\/uploads\/2020\/12\/homilia_0512-150x84.jpg 150w\" sizes=\"(max-width: 1280px) 100vw, 1280px\" \/><\/p>\n<p>Se no tempo de Francisco o que mexia com brio da juventude era possibilidade de vestir uma armadura, empunhar afiadas lan\u00e7as, montar os melhores cavalos e sair em combate, hoje em dia os jovens se encantam mais em pilotar um avi\u00e3o ca\u00e7a que ultrapassa a velocidade do som, em surfar sobre uma onda com a altura de um pr\u00e9dio de dez andares ou ainda encarar as mais perigosas trilhas de motocross acelerando pesado e vencendo os mais perigosos desfiladeiros. Seja no tempo de Francisco, seja em nossos dias, todas estas s\u00e3o atividades radicais, esportes radicais.<\/p>\n<p>Recebem este nome porque exigem de quem os pratica uma entrega total, a partir da raiz, onde a pessoa se coloca inteira naquilo que faz. Assim como um cavaleiro medieval distra\u00eddo pode facilmente cair do cavalo ou receber um golpe de lan\u00e7a do oponente, um piloto de ca\u00e7a desatento pode derrubar a aeronave que conduz numa fra\u00e7\u00e3o de segundo, da mesma que forma que o surfista negligente ser\u00e1 tragado pela onda gigante que sempre sonhou pegar ou ainda o motoqueiro desavisado pode despencar com moto e tudo de uma altura que ser\u00e1 fatal. Atividade radical exige radicalidade no empenho e na pr\u00e1tica. Decis\u00e3o radical exige radicalidade na resposta que se d\u00e1 no dia a dia.<\/p>\n<p>Na hist\u00f3ria de Francisco, o desejo da radicalidade cavaleiresca que o levaria ao suprassumo da nobreza, foi aos poucos se transformando num desejo de radicalidade evang\u00e9lica. Um processo de convers\u00e3o intenso e composto de v\u00e1rias etapas, Francisco foi se dando conta de que, muito mais radical do que servir ao servo, por mais poderoso e sedutor que este servo pudesse ser, era servir ao Senhor, doando-se por inteiro, corpo, alma e cora\u00e7\u00e3o, radicalmente \u00e0 causa de Cristo, tornando-se um Evangelho vivo.<\/p>\n<p>Com coragem e sabendo que para tal empenho contaria com a gra\u00e7a de Deus, Francisco assumiu cada uma das consequ\u00eancias desta escolha radical: rompeu com o sonho de tornar-se nobre, rompeu com o poderio dos bens e da riqueza do pai e abra\u00e7ou uma vida que n\u00e3o lhe traria nenhuma garantia de sucesso, mas que lhe tomara o cora\u00e7\u00e3o por inteiro: \u201c\u00c9 isso que eu quero, \u00e9 isso que eu procuro, \u00e9 isso que eu desejo fazer de todo cora\u00e7\u00e3o\u201d.<\/p>\n<p>Na escolha decidida que fez, Francisco abandonou uma s\u00e9rie de regalias, mas n\u00e3o permaneceu de m\u00e3os vazias. Abra\u00e7ou para valer o despojamento de uma vida pobre, a disposi\u00e7\u00e3o de se colocar a servi\u00e7o dos \u00faltimos e a humildade corajosa e sincera de quem desejava ser o \u201cultimo dos \u00faltimos\u201d, verdadeiro irm\u00e3o menor.<\/p>\n<p>N\u00f3s, frades menores, fomos apresentados a esta radicalidade franciscana. Tivemos e temos, em nossa Forma\u00e7\u00e3o inicial e permanente, a base hist\u00f3rica, espiritual e teol\u00f3gica para darmos com certa seguran\u00e7a este passo radical proposto pelo Ser\u00e1fico Pai. Muitos confrades nos ajudaram e continuam a ajudando a percorrermos este caminho de aprendizado cont\u00ednuo, no qual nunca podemos nos considerar prontos ou acabados. Somos sempre frades a caminho, estamos percorrendo um itiner\u00e1rio.<\/p>\n<p>Este itiner\u00e1rio, n\u00e3o o fazemos a esmo, sem dire\u00e7\u00e3o. Temos passos concretos e precisos para seguir. Escolhemos, com S\u00e3o Francisco e em fraternidade, percorrer o Caminho da Cruz, que \u00e9 o caminho de Cristo ou o Caminho do Evangelho. \u201cSe algu\u00e9m quer me seguir, renuncie a si mesmo, tome sua cruz e me siga\u201d, diz Jesus em clara e alta voz no texto b\u00edblico de Mateus que acabamos de ouvir.<\/p>\n<p>Al\u00e9m de nos mostrar a meta, da Cruz que nos leva a Ressurrei\u00e7\u00e3o, Nosso Senhor tamb\u00e9m teve a delicadeza de colocar diversas marcas no caminho para n\u00e3o corrermos o risco de perder a dire\u00e7\u00e3o. Tais marcas aparecem descritas na Leitura dos Atos dos Ap\u00f3stolos proclamada nesta celebra\u00e7\u00e3o. O programa completo est\u00e1 ali e por isso tomo a liberdade de destac\u00e1-lo com voc\u00eas:<\/p>\n<p style=\"padding-left: 40px;\"><em>\u201cOs que haviam se convertido eram perseverantes em ouvir o ensinamento dos ap\u00f3stolos, na comunh\u00e3o fraterna, na fra\u00e7\u00e3o do p\u00e3o e nas ora\u00e7\u00f5es. Todos os que abra\u00e7avam a f\u00e9 viviam unidos e colocavam tudo em comum; vendiam suas propriedades e seus bens e repartiam o dinheiro entre todos, conforme a necessidade de cada um. Diariamente, todos frequentavam o templo, partiam o p\u00e3o pelas casas e, unidos, tomavam a refei\u00e7\u00e3o com alegria e simplicidade de cora\u00e7\u00e3o. Louvavam a Deus e eram estimados por todo o povo. E, cada dia, o Senhor acrescentava ao seu n\u00famero mais pessoas que seriam salvas\u201d.<\/em><\/p>\n<p>\u00a0Certamente voc\u00eas perceberam, estimados confrades, que nesta descri\u00e7\u00e3o da comunidade primitiva aparecem os tr\u00eas conselhos evang\u00e9licos que hoje voc\u00eas se disp\u00f5em a abra\u00e7ar livremente para percorrer com mais liberdade e radicalidade o Caminho da Cruz.<\/p>\n<p>A <strong>obedi\u00eancia<\/strong> dos primeiros crist\u00e3os, eles a manifestavam no esfor\u00e7o de perseverar e ouvir com toda aten\u00e7\u00e3o os ensinamentos dos ap\u00f3stolos. Tais ensinamentos, temos total clareza, os Ap\u00f3stolos n\u00e3o apresentavam por si, mas repartiam com generosidade toda riqueza que receberam no contato \u00edntimo e pessoal com o Senhor. \u00c9 o que confirma S\u00e3o Paulo na Carta aos G\u00e1latas: \u201cIrm\u00e3os,\u00a0asseguro-vos que o evangelho pregado por mim n\u00e3o \u00e9 conforme a crit\u00e9rios humanos.\u00a0Com efeito, n\u00e3o o recebi nem aprendi de homem algum, mas por revela\u00e7\u00e3o de Jesus Cristo\u201d.<\/p>\n<p>Voc\u00eas tamb\u00e9m, estimados confrades, s\u00e3o convocados a permanecer inteiros na escuta de Deus, que nos fala de muitas formas, at\u00e9 mesmo nas situa\u00e7\u00f5es dolorosas e dif\u00edceis. Toda escolha radical tem suas dificuldades e sofrimentos. O surfista vencedor j\u00e1 perdeu as contas de quantos \u201ccaldos\u201d levou pela vida. N\u00e3o se deixem desanimar por poss\u00edveis trope\u00e7os ou arranh\u00f5es. Lembrem-se sempre de que Aquele a quem escolhemos obedecer, tamb\u00e9m se disp\u00f4s a ser \u201ctodo ouvidos\u201d para n\u00f3s. Por isso \u00e9 t\u00e3o fundamental uma vida intensa e profunda de ora\u00e7\u00e3o, momento especial em que Deus nos ouve e que n\u00f3s podemos ouvi-lo para discernir a respeito dos passos e fatos de nossas vidas.<\/p>\n<p>O voto de <strong>pobreza<\/strong>, tamb\u00e9m chamado pela express\u00e3o latina de \u201c<em>sine proprio<\/em>\u201d, aparece de forma clara e transl\u00facida no texto dos Atos dos Ap\u00f3stolos. Est\u00e1 presente no gesto da fra\u00e7\u00e3o do p\u00e3o, atitude de partilha que n\u00e3o deixa faltar a ningu\u00e9m o essencial, e na disposi\u00e7\u00e3o de se colocar tudo em comum, desde as esmolas, sal\u00e1rios, for\u00e7a de trabalho, dons, capacidades, por fim, a pr\u00f3pria vida. Ningu\u00e9m possu\u00eda nada, tudo era de todos e todo mundo sabia repartir. Sendo assim, n\u00e3o faltava nada a ningu\u00e9m. Aqui percebemos que pobreza e fraternidade s\u00e3o companheiras insepar\u00e1veis. Tudo era fruto da gra\u00e7a generosa de Deus. Com muita sabedoria e propriedade, na Carta que escreve a toda a Ordem, S\u00e3o Francisco nos exorta sobre o verdadeiro esp\u00edrito da pobreza como condi\u00e7\u00e3o para estarmos repletos de Deus: \u201cNada de v\u00f3s retenhais para v\u00f3s mesmos, para que totalmente vos receba quem totalmente se vos d\u00e1\u201d.<\/p>\n<p>Quanto \u00e0 <strong>castidade<\/strong>, ela se exprime no bem-querer, na unidade e na simplicidade que marcavam aquela primeira comunidade. Ningu\u00e9m queria ser mais do que ningu\u00e9m nem desejava impressionar quem quer que fosse. Todos procuravam nutrir mutuamente um amor transparente expresso no esp\u00edrito de prontid\u00e3o para se socorrerem uns aos outros de acordo com as necessidades que surgissem. Entre eles n\u00e3o havia vaidade, desejo de domina\u00e7\u00e3o ou qualquer outro tipo de relacionamento que n\u00e3o fosse marcado pelo respeito, pela estima e pela amizade. Certamente tinham suas diferen\u00e7as e seus momentos de tens\u00e3o, mas n\u00e3o deixavam que nenhum destes desencontros lhes roubassem a liberdade que alcan\u00e7aram \u00e0 custa do cultivo de um cora\u00e7\u00e3o transparente e desarmado.<\/p>\n<p>Pobreza, obedi\u00eancia e castidade. Estas s\u00e3o, caros irm\u00e3os, as balizas que o pr\u00f3prio Cristo disp\u00f4s para que voc\u00eas n\u00e3o se percam no Caminho da Cruz. As palavras da f\u00f3rmula de profiss\u00e3o, que voc\u00eas daqui a pouco v\u00e3o pronunciar publicamente, s\u00e3o fortes, decisivas e radicais. Elas apresentam um projeto de vida desafiante e encantador no qual voc\u00eas entram impulsionados pela f\u00e9 e pela caminhada formativa que empreenderam at\u00e9 aqui. Jamais caiam na tenta\u00e7\u00e3o de imaginar que est\u00e3o sozinhos neste caminho e que o bom \u00eaxito desta empreitada depende apenas do empenho de voc\u00eas. \u00c9 claro que esfor\u00e7o pessoal \u00e9 imprescind\u00edvel. No entanto, mais radical e fundamental ainda \u00e9 deixar-se conduzir pela Gra\u00e7a de Deus.<\/p>\n<p>E voc\u00eas escolheram para esta celebra\u00e7\u00e3o um tema bem sugestivo, do C\u00e2ntico do Irm\u00e3o Sol: \u201c<em>Louvai e bendizei a meu Senhor, e dai-lhe gra\u00e7as, e servi-o com grande humildade<\/em>\u201d. Este pensamento de nosso pai S\u00e3o Francisco certamente ficar\u00e1 guardado na alma de cada um de voc\u00eas por toda a vida. Pois um cora\u00e7\u00e3o humilde e grato far\u00e1 com que a nossa consagra\u00e7\u00e3o seja testemunho da a\u00e7\u00e3o de Deus e do empenho do ser humano. Ser\u00e1 o projeto que o mist\u00e9rio da encarna\u00e7\u00e3o de Jesus Cristo nos prop\u00f5e.<\/p>\n<p>O Menino de Bel\u00e9m, depositado por Maria e Jos\u00e9 sobre uma caminha improvisada com um punhado de palha seca, tamb\u00e9m oferece para n\u00f3s algumas pistas importantes para o Caminho da Cruz que estamos nos dispondo a percorrer. Ali\u00e1s, Santa Clara nos recorda, na Carta que escreveu a Santa In\u00eas de Praga, que a manjedoura e a cruz s\u00e3o duas molduras de um mesmo espelho, o Cristo Jesus, o Verbo de Deus encarnado em quem desejamos espelhar nossa caminhada de religiosos franciscanos. A simplicidade do menino sobre as palhas e a generosidade do jovem homem pregado sobre o madeiro sejam sempre para n\u00f3s indica\u00e7\u00f5es preciosas que nos mantenham firmes no caminho. Sempre que a soberba, a vangl\u00f3ria, o orgulho ou a prepot\u00eancia vierem nos assolar, olhemos para a ternura simples e desarmada da crian\u00e7a pobre de Bel\u00e9m. Toda vez que nos julgarmos injusti\u00e7ados, quando nossos planos perecerem, quando o caminho parecer por demais dif\u00edcil e cansativo, \u00e9 hora de olharmos para as feridas doloridas e a humilha\u00e7\u00e3o dolorosa que nosso Senhor experimentou na injusta viol\u00eancia que sofreu sobre a cruz.<\/p>\n<p>Referenciais n\u00e3o nos faltam, estimados irm\u00e3os, para percorrermos este fascinante caminho de radicalidade que hoje voc\u00eas assumem definitivamente. Para concluir trago o texto do quarto par\u00e1grafo da Enc\u00edclica <em>Fratelli Tutti<\/em>, \u00faltimo documento lan\u00e7ado pelo Papa Francisco e que tem como tema A fraternidade universal e a amizade social. Logo no in\u00edcio da Carta, o Papa deixa claro que sua inspira\u00e7\u00e3o nasceu do modo de ser e de se relacionar com as pessoas, assumido por S\u00e3o Francisco de Assis, homem que soube integrar a sua f\u00e9 professada a um testemunho de vida provocante e transformador. Diz o Santo Padre:<\/p>\n<p>\u201c[Francisco] N\u00e3o fazia guerra dial\u00e9tica impondo doutrinas, mas comunicava o amor de Deus; compreendera que \u00abDeus \u00e9 amor, e quem permanece no amor, permanece em Deus\u00bb. Assim foi pai fecundo que suscitou o sonho duma sociedade fraterna. Naquele mundo cheio de torres de vigia e muralhas defensivas, as cidades viviam guerras sangrentas entre fam\u00edlias poderosas, ao mesmo tempo que cresciam as \u00e1reas miser\u00e1veis das periferias exclu\u00eddas. L\u00e1, Francisco recebeu no seu \u00edntimo a verdadeira paz, libertou-se de todo o desejo de dom\u00ednio sobre os outros, fez-se um dos \u00faltimos e procurou viver em harmonia com todos.<\/p>\n<p>Que n\u00f3s, frades menores, a exemplo de Francisco, sejamos seres humanos pac\u00edficos, amorosos, livres, apaixonados pelos pobres e fragilizados, adeptos incans\u00e1veis do di\u00e1logo e construtores de pontes de esperan\u00e7a. Deus aben\u00e7oe a voc\u00eas! Muito obrigado pelo seu \u201cSIM\u201d generoso em favor do Evangelho! Paz e Bem!<\/p>\n<p><strong>Frei C\u00e9sar K\u00fclkamp, OFM<\/strong><br \/>\n<strong>Ministro Provincial\u00a0<\/strong><\/p>\n<p><strong>Prov\u00edncia Franciscana da Imaculada Concei\u00e7\u00e3o do Brasil &#8211; Petr\u00f3polis, 05 de dezembro de 2020<\/strong><\/p>\n","protected":false},"excerpt":{"rendered":"<p>Profiss\u00e3o Solene na Ordem dos Frades Menores<\/p>\n","protected":false},"author":3,"featured_media":229692,"comment_status":"open","ping_status":"open","sticky":false,"template":"","format":"standard","meta":[],"categories":[1],"tags":[190,418],"acf":[],"yoast_head":"<!-- This site is optimized with the Yoast SEO plugin v19.2 - https:\/\/yoast.com\/wordpress\/plugins\/seo\/ -->\n<title>\u00cdntegra da homilia de Frei C\u00e9sar na Celebra\u00e7\u00e3o da Profiss\u00e3o Solene - Not\u00edcias - Franciscanos<\/title>\n<meta name=\"robots\" content=\"index, follow, max-snippet:-1, max-image-preview:large, max-video-preview:-1\" \/>\n<link rel=\"canonical\" href=\"https:\/\/franciscanos.org.br\/noticias\/integra-da-homilia-de-frei-cesar-na-celebracao-da-profissao-solene.html\" \/>\n<meta property=\"og:locale\" content=\"pt_BR\" \/>\n<meta property=\"og:type\" content=\"article\" \/>\n<meta property=\"og:title\" content=\"\u00cdntegra da homilia de Frei C\u00e9sar na Celebra\u00e7\u00e3o da Profiss\u00e3o Solene - Not\u00edcias - Franciscanos\" \/>\n<meta property=\"og:description\" content=\"Profiss\u00e3o Solene na Ordem dos Frades Menores\" \/>\n<meta property=\"og:url\" content=\"https:\/\/franciscanos.org.br\/noticias\/integra-da-homilia-de-frei-cesar-na-celebracao-da-profissao-solene.html\" \/>\n<meta property=\"og:site_name\" content=\"Not\u00edcias - Franciscanos\" \/>\n<meta property=\"article:published_time\" content=\"2020-12-05T16:02:05+00:00\" \/>\n<meta property=\"article:modified_time\" content=\"2021-04-20T01:34:47+00:00\" \/>\n<meta property=\"og:image\" content=\"https:\/\/franciscanos.org.br\/noticias\/wp-content\/uploads\/2020\/12\/homilia_0512d.jpg\" \/>\n\t<meta property=\"og:image:width\" content=\"800\" \/>\n\t<meta property=\"og:image:height\" content=\"600\" \/>\n\t<meta property=\"og:image:type\" content=\"image\/jpeg\" \/>\n<meta name=\"author\" content=\"moacir\" \/>\n<meta name=\"twitter:card\" content=\"summary_large_image\" \/>\n<meta name=\"twitter:label1\" content=\"Escrito por\" \/>\n\t<meta name=\"twitter:data1\" content=\"moacir\" \/>\n\t<meta name=\"twitter:label2\" content=\"Est. tempo de leitura\" \/>\n\t<meta name=\"twitter:data2\" content=\"10 minutos\" \/>\n<script type=\"application\/ld+json\" class=\"yoast-schema-graph\">{\"@context\":\"https:\/\/schema.org\",\"@graph\":[{\"@type\":\"WebSite\",\"@id\":\"https:\/\/franciscanos.org.br\/noticias\/#website\",\"url\":\"https:\/\/franciscanos.org.br\/noticias\/\",\"name\":\"Not\u00edcias - Franciscanos\",\"description\":\"Prov\u00edncia Franciscana da Imaculada Concei\u00e7\u00e3o do Brasil - Ordem dos Frades Menores - OFM\",\"potentialAction\":[{\"@type\":\"SearchAction\",\"target\":{\"@type\":\"EntryPoint\",\"urlTemplate\":\"https:\/\/franciscanos.org.br\/noticias\/?s={search_term_string}\"},\"query-input\":\"required name=search_term_string\"}],\"inLanguage\":\"pt-BR\"},{\"@type\":\"ImageObject\",\"inLanguage\":\"pt-BR\",\"@id\":\"https:\/\/franciscanos.org.br\/noticias\/integra-da-homilia-de-frei-cesar-na-celebracao-da-profissao-solene.html#primaryimage\",\"url\":\"https:\/\/franciscanos.org.br\/noticias\/wp-content\/uploads\/2020\/12\/homilia_0512d.jpg\",\"contentUrl\":\"https:\/\/franciscanos.org.br\/noticias\/wp-content\/uploads\/2020\/12\/homilia_0512d.jpg\",\"width\":800,\"height\":600},{\"@type\":\"WebPage\",\"@id\":\"https:\/\/franciscanos.org.br\/noticias\/integra-da-homilia-de-frei-cesar-na-celebracao-da-profissao-solene.html#webpage\",\"url\":\"https:\/\/franciscanos.org.br\/noticias\/integra-da-homilia-de-frei-cesar-na-celebracao-da-profissao-solene.html\",\"name\":\"\u00cdntegra da homilia de Frei C\u00e9sar na Celebra\u00e7\u00e3o da Profiss\u00e3o Solene - Not\u00edcias - Franciscanos\",\"isPartOf\":{\"@id\":\"https:\/\/franciscanos.org.br\/noticias\/#website\"},\"primaryImageOfPage\":{\"@id\":\"https:\/\/franciscanos.org.br\/noticias\/integra-da-homilia-de-frei-cesar-na-celebracao-da-profissao-solene.html#primaryimage\"},\"datePublished\":\"2020-12-05T16:02:05+00:00\",\"dateModified\":\"2021-04-20T01:34:47+00:00\",\"author\":{\"@id\":\"https:\/\/franciscanos.org.br\/noticias\/#\/schema\/person\/b5c8cba458c330ccff548b056e95a5d4\"},\"breadcrumb\":{\"@id\":\"https:\/\/franciscanos.org.br\/noticias\/integra-da-homilia-de-frei-cesar-na-celebracao-da-profissao-solene.html#breadcrumb\"},\"inLanguage\":\"pt-BR\",\"potentialAction\":[{\"@type\":\"ReadAction\",\"target\":[\"https:\/\/franciscanos.org.br\/noticias\/integra-da-homilia-de-frei-cesar-na-celebracao-da-profissao-solene.html\"]}]},{\"@type\":\"BreadcrumbList\",\"@id\":\"https:\/\/franciscanos.org.br\/noticias\/integra-da-homilia-de-frei-cesar-na-celebracao-da-profissao-solene.html#breadcrumb\",\"itemListElement\":[{\"@type\":\"ListItem\",\"position\":1,\"name\":\"Home\",\"item\":\"https:\/\/franciscanos.org.br\/noticias\"},{\"@type\":\"ListItem\",\"position\":2,\"name\":\"\u00cdntegra da homilia de Frei C\u00e9sar na Celebra\u00e7\u00e3o da Profiss\u00e3o Solene\"}]},{\"@type\":\"Person\",\"@id\":\"https:\/\/franciscanos.org.br\/noticias\/#\/schema\/person\/b5c8cba458c330ccff548b056e95a5d4\",\"name\":\"moacir\",\"image\":{\"@type\":\"ImageObject\",\"inLanguage\":\"pt-BR\",\"@id\":\"https:\/\/franciscanos.org.br\/noticias\/#\/schema\/person\/image\/\",\"url\":\"https:\/\/secure.gravatar.com\/avatar\/d08aa2ce4c8dd416d4479aa8536fcf64?s=96&d=mm&r=g\",\"contentUrl\":\"https:\/\/secure.gravatar.com\/avatar\/d08aa2ce4c8dd416d4479aa8536fcf64?s=96&d=mm&r=g\",\"caption\":\"moacir\"},\"url\":\"https:\/\/franciscanos.org.br\/noticias\/author\/moacir\"}]}<\/script>\n<!-- \/ Yoast SEO plugin. -->","yoast_head_json":{"title":"\u00cdntegra da homilia de Frei C\u00e9sar na Celebra\u00e7\u00e3o da Profiss\u00e3o Solene - Not\u00edcias - Franciscanos","robots":{"index":"index","follow":"follow","max-snippet":"max-snippet:-1","max-image-preview":"max-image-preview:large","max-video-preview":"max-video-preview:-1"},"canonical":"https:\/\/franciscanos.org.br\/noticias\/integra-da-homilia-de-frei-cesar-na-celebracao-da-profissao-solene.html","og_locale":"pt_BR","og_type":"article","og_title":"\u00cdntegra da homilia de Frei C\u00e9sar na Celebra\u00e7\u00e3o da Profiss\u00e3o Solene - Not\u00edcias - Franciscanos","og_description":"Profiss\u00e3o Solene na Ordem dos Frades Menores","og_url":"https:\/\/franciscanos.org.br\/noticias\/integra-da-homilia-de-frei-cesar-na-celebracao-da-profissao-solene.html","og_site_name":"Not\u00edcias - Franciscanos","article_published_time":"2020-12-05T16:02:05+00:00","article_modified_time":"2021-04-20T01:34:47+00:00","og_image":[{"width":800,"height":600,"url":"https:\/\/franciscanos.org.br\/noticias\/wp-content\/uploads\/2020\/12\/homilia_0512d.jpg","type":"image\/jpeg"}],"author":"moacir","twitter_card":"summary_large_image","twitter_misc":{"Escrito por":"moacir","Est. tempo de leitura":"10 minutos"},"schema":{"@context":"https:\/\/schema.org","@graph":[{"@type":"WebSite","@id":"https:\/\/franciscanos.org.br\/noticias\/#website","url":"https:\/\/franciscanos.org.br\/noticias\/","name":"Not\u00edcias - Franciscanos","description":"Prov\u00edncia Franciscana da Imaculada Concei\u00e7\u00e3o do Brasil - Ordem dos Frades Menores - OFM","potentialAction":[{"@type":"SearchAction","target":{"@type":"EntryPoint","urlTemplate":"https:\/\/franciscanos.org.br\/noticias\/?s={search_term_string}"},"query-input":"required name=search_term_string"}],"inLanguage":"pt-BR"},{"@type":"ImageObject","inLanguage":"pt-BR","@id":"https:\/\/franciscanos.org.br\/noticias\/integra-da-homilia-de-frei-cesar-na-celebracao-da-profissao-solene.html#primaryimage","url":"https:\/\/franciscanos.org.br\/noticias\/wp-content\/uploads\/2020\/12\/homilia_0512d.jpg","contentUrl":"https:\/\/franciscanos.org.br\/noticias\/wp-content\/uploads\/2020\/12\/homilia_0512d.jpg","width":800,"height":600},{"@type":"WebPage","@id":"https:\/\/franciscanos.org.br\/noticias\/integra-da-homilia-de-frei-cesar-na-celebracao-da-profissao-solene.html#webpage","url":"https:\/\/franciscanos.org.br\/noticias\/integra-da-homilia-de-frei-cesar-na-celebracao-da-profissao-solene.html","name":"\u00cdntegra da homilia de Frei C\u00e9sar na Celebra\u00e7\u00e3o da Profiss\u00e3o Solene - Not\u00edcias - Franciscanos","isPartOf":{"@id":"https:\/\/franciscanos.org.br\/noticias\/#website"},"primaryImageOfPage":{"@id":"https:\/\/franciscanos.org.br\/noticias\/integra-da-homilia-de-frei-cesar-na-celebracao-da-profissao-solene.html#primaryimage"},"datePublished":"2020-12-05T16:02:05+00:00","dateModified":"2021-04-20T01:34:47+00:00","author":{"@id":"https:\/\/franciscanos.org.br\/noticias\/#\/schema\/person\/b5c8cba458c330ccff548b056e95a5d4"},"breadcrumb":{"@id":"https:\/\/franciscanos.org.br\/noticias\/integra-da-homilia-de-frei-cesar-na-celebracao-da-profissao-solene.html#breadcrumb"},"inLanguage":"pt-BR","potentialAction":[{"@type":"ReadAction","target":["https:\/\/franciscanos.org.br\/noticias\/integra-da-homilia-de-frei-cesar-na-celebracao-da-profissao-solene.html"]}]},{"@type":"BreadcrumbList","@id":"https:\/\/franciscanos.org.br\/noticias\/integra-da-homilia-de-frei-cesar-na-celebracao-da-profissao-solene.html#breadcrumb","itemListElement":[{"@type":"ListItem","position":1,"name":"Home","item":"https:\/\/franciscanos.org.br\/noticias"},{"@type":"ListItem","position":2,"name":"\u00cdntegra da homilia de Frei C\u00e9sar na Celebra\u00e7\u00e3o da Profiss\u00e3o Solene"}]},{"@type":"Person","@id":"https:\/\/franciscanos.org.br\/noticias\/#\/schema\/person\/b5c8cba458c330ccff548b056e95a5d4","name":"moacir","image":{"@type":"ImageObject","inLanguage":"pt-BR","@id":"https:\/\/franciscanos.org.br\/noticias\/#\/schema\/person\/image\/","url":"https:\/\/secure.gravatar.com\/avatar\/d08aa2ce4c8dd416d4479aa8536fcf64?s=96&d=mm&r=g","contentUrl":"https:\/\/secure.gravatar.com\/avatar\/d08aa2ce4c8dd416d4479aa8536fcf64?s=96&d=mm&r=g","caption":"moacir"},"url":"https:\/\/franciscanos.org.br\/noticias\/author\/moacir"}]}},"_links":{"self":[{"href":"https:\/\/franciscanos.org.br\/noticias\/wp-json\/wp\/v2\/posts\/229672"}],"collection":[{"href":"https:\/\/franciscanos.org.br\/noticias\/wp-json\/wp\/v2\/posts"}],"about":[{"href":"https:\/\/franciscanos.org.br\/noticias\/wp-json\/wp\/v2\/types\/post"}],"author":[{"embeddable":true,"href":"https:\/\/franciscanos.org.br\/noticias\/wp-json\/wp\/v2\/users\/3"}],"replies":[{"embeddable":true,"href":"https:\/\/franciscanos.org.br\/noticias\/wp-json\/wp\/v2\/comments?post=229672"}],"version-history":[{"count":1,"href":"https:\/\/franciscanos.org.br\/noticias\/wp-json\/wp\/v2\/posts\/229672\/revisions"}],"predecessor-version":[{"id":229693,"href":"https:\/\/franciscanos.org.br\/noticias\/wp-json\/wp\/v2\/posts\/229672\/revisions\/229693"}],"wp:featuredmedia":[{"embeddable":true,"href":"https:\/\/franciscanos.org.br\/noticias\/wp-json\/wp\/v2\/media\/229692"}],"wp:attachment":[{"href":"https:\/\/franciscanos.org.br\/noticias\/wp-json\/wp\/v2\/media?parent=229672"}],"wp:term":[{"taxonomy":"category","embeddable":true,"href":"https:\/\/franciscanos.org.br\/noticias\/wp-json\/wp\/v2\/categories?post=229672"},{"taxonomy":"post_tag","embeddable":true,"href":"https:\/\/franciscanos.org.br\/noticias\/wp-json\/wp\/v2\/tags?post=229672"}],"curies":[{"name":"wp","href":"https:\/\/api.w.org\/{rel}","templated":true}]}}