{"id":229649,"date":"2020-12-04T22:24:02","date_gmt":"2020-12-05T01:24:02","guid":{"rendered":"https:\/\/franciscanos.org.br\/noticias\/?p=229649"},"modified":"2020-12-05T00:23:51","modified_gmt":"2020-12-05T03:23:51","slug":"todo-frade-deve-renovar-todos-os-dias-a-sua-consagracao-diz-frei-cesar","status":"publish","type":"post","link":"https:\/\/franciscanos.org.br\/noticias\/todo-frade-deve-renovar-todos-os-dias-a-sua-consagracao-diz-frei-cesar.html","title":{"rendered":"&#8220;Todo frade deve renovar, todos os dias, a sua consagra\u00e7\u00e3o&#8221;, diz Frei C\u00e9sar"},"content":{"rendered":"<p><img loading=\"lazy\" class=\"alignnone size-full wp-image-229663\" src=\"https:\/\/franciscanos.org.br\/noticias\/wp-content\/uploads\/2020\/12\/renova_01.jpg\" alt=\"\" width=\"1280\" height=\"720\" srcset=\"https:\/\/franciscanos.org.br\/noticias\/wp-content\/uploads\/2020\/12\/renova_01.jpg 1280w, https:\/\/franciscanos.org.br\/noticias\/wp-content\/uploads\/2020\/12\/renova_01-450x253.jpg 450w, https:\/\/franciscanos.org.br\/noticias\/wp-content\/uploads\/2020\/12\/renova_01-1024x576.jpg 1024w, https:\/\/franciscanos.org.br\/noticias\/wp-content\/uploads\/2020\/12\/renova_01-768x432.jpg 768w, https:\/\/franciscanos.org.br\/noticias\/wp-content\/uploads\/2020\/12\/renova_01-150x84.jpg 150w\" sizes=\"(max-width: 1280px) 100vw, 1280px\" \/><\/p>\n<p><strong>Moacir Beggo\u00a0\u00a0 <\/strong><\/p>\n<p><strong>Petr\u00f3polis (RJ)<\/strong> &#8211; \u201cSe n\u00f3s j\u00e1 f\u00f4ssemos perfeitos, santos, n\u00e3o precisar\u00edamos ser frades. Ser frade \u00e9 a f\u00f3rmula de vida daqueles que s\u00e3o pecadores, daqueles que precisam de convers\u00e3o, de transforma\u00e7\u00e3o. E \u00e9 nessa l\u00f3gica que n\u00f3s tamb\u00e9m renovamos os votos. Ent\u00e3o, n\u00e3o s\u00e3o apenas voc\u00eas que est\u00e3o aqui para renovar os votos, mas todo frade menor deve renovar, todos os dias da sua vida, a sua consagra\u00e7\u00e3o\u201d. Foi assim que o Ministro Provincial, Frei C\u00e9sar K\u00fclkamp, exortou com carinho o grupo de professos tempor\u00e1rios, de Angola e do Brasil, que est\u00e1 na etapa de Teologia, em Petr\u00f3polis (RJ), durante a celebra\u00e7\u00e3o de renova\u00e7\u00e3o dos votos tempor\u00e1rios na Ordem dos Frades Menores.<\/p>\n<p>Esse momento reuniu os jovens Frei Cris\u00f3stomo Pinto Ngala (FIMDA); Frei Honorato S. Gaspar Gabriel (FIMDA); Frei Andr\u00e9 dos S. S. Mingas (FIMDA); Frei Jos\u00e9 Jo\u00e3o Ganga (FIMDA); Frei Miguel T. T. Filipe (FIMDA); Frei Danilo Santos Oliveira; Frei Felipe Medeiros Carretta; Frei Thiago da Silva Soares; e Frei Jonas Ribeiro da Silva durante a Ora\u00e7\u00e3o da V\u00e9speras, nesta sexta-feira (4\/12), \u00e0s 19h30, na Igreja do Sagrado Cora\u00e7\u00e3o de Jesus. A celebra\u00e7\u00e3o teve a participa\u00e7\u00e3o da Fraternidade e familiares, respeitando as normas sanit\u00e1rias, e foi transmitida pelo Facebook da Par\u00f3quia.\u00a0 Anualmente, at\u00e9 a profiss\u00e3o solene, os frades professos renovam seus votos.<\/p>\n<p style=\"text-align: center;\"><strong>OS NOVE FRADES QUE FIZERAM A RENOVA\u00c7\u00c3O DOS VOTOS<\/strong><\/p>\n\n\t\t<style type=\"text\/css\">\n\t\t\t#gallery-1 {\n\t\t\t\tmargin: auto;\n\t\t\t}\n\t\t\t#gallery-1 .gallery-item {\n\t\t\t\tfloat: left;\n\t\t\t\tmargin-top: 10px;\n\t\t\t\ttext-align: center;\n\t\t\t\twidth: 33%;\n\t\t\t}\n\t\t\t#gallery-1 img {\n\t\t\t\tborder: 2px solid #cfcfcf;\n\t\t\t}\n\t\t\t#gallery-1 .gallery-caption {\n\t\t\t\tmargin-left: 0;\n\t\t\t}\n\t\t\t\/* see gallery_shortcode() in wp-includes\/media.php *\/\n\t\t<\/style>\n\t\t<div id='gallery-1' class='gallery galleryid-229649 gallery-columns-3 gallery-size-thumbnail'><dl class='gallery-item'>\n\t\t\t<dt class='gallery-icon landscape'>\n\t\t\t\t<a href='https:\/\/franciscanos.org.br\/noticias\/wp-content\/uploads\/2020\/12\/renova-1.jpg'><img width=\"300\" height=\"300\" src=\"https:\/\/franciscanos.org.br\/noticias\/wp-content\/uploads\/2020\/12\/renova-1-300x300.jpg\" class=\"attachment-thumbnail size-thumbnail\" alt=\"\" loading=\"lazy\" aria-describedby=\"gallery-1-229650\" srcset=\"https:\/\/franciscanos.org.br\/noticias\/wp-content\/uploads\/2020\/12\/renova-1-300x300.jpg 300w, https:\/\/franciscanos.org.br\/noticias\/wp-content\/uploads\/2020\/12\/renova-1-100x100.jpg 100w\" sizes=\"(max-width: 300px) 100vw, 300px\" \/><\/a>\n\t\t\t<\/dt>\n\t\t\t\t<dd class='wp-caption-text gallery-caption' id='gallery-1-229650'>\n\t\t\t\tFrei Andr\u00e9 Mingas\n\t\t\t\t<\/dd><\/dl><dl class='gallery-item'>\n\t\t\t<dt class='gallery-icon landscape'>\n\t\t\t\t<a href='https:\/\/franciscanos.org.br\/noticias\/wp-content\/uploads\/2020\/12\/renova-2.jpg'><img width=\"300\" height=\"300\" src=\"https:\/\/franciscanos.org.br\/noticias\/wp-content\/uploads\/2020\/12\/renova-2-300x300.jpg\" class=\"attachment-thumbnail size-thumbnail\" alt=\"\" loading=\"lazy\" aria-describedby=\"gallery-1-229651\" srcset=\"https:\/\/franciscanos.org.br\/noticias\/wp-content\/uploads\/2020\/12\/renova-2-300x300.jpg 300w, https:\/\/franciscanos.org.br\/noticias\/wp-content\/uploads\/2020\/12\/renova-2-100x100.jpg 100w\" sizes=\"(max-width: 300px) 100vw, 300px\" \/><\/a>\n\t\t\t<\/dt>\n\t\t\t\t<dd class='wp-caption-text gallery-caption' id='gallery-1-229651'>\n\t\t\t\tFrei Cris\u00f3stomo\n\t\t\t\t<\/dd><\/dl><dl class='gallery-item'>\n\t\t\t<dt class='gallery-icon landscape'>\n\t\t\t\t<a href='https:\/\/franciscanos.org.br\/noticias\/wp-content\/uploads\/2020\/12\/renova-3.jpg'><img width=\"300\" height=\"300\" src=\"https:\/\/franciscanos.org.br\/noticias\/wp-content\/uploads\/2020\/12\/renova-3-300x300.jpg\" class=\"attachment-thumbnail size-thumbnail\" alt=\"\" loading=\"lazy\" aria-describedby=\"gallery-1-229652\" srcset=\"https:\/\/franciscanos.org.br\/noticias\/wp-content\/uploads\/2020\/12\/renova-3-300x300.jpg 300w, https:\/\/franciscanos.org.br\/noticias\/wp-content\/uploads\/2020\/12\/renova-3-100x100.jpg 100w\" sizes=\"(max-width: 300px) 100vw, 300px\" \/><\/a>\n\t\t\t<\/dt>\n\t\t\t\t<dd class='wp-caption-text gallery-caption' id='gallery-1-229652'>\n\t\t\t\tFrei Danilo\n\t\t\t\t<\/dd><\/dl><br style=\"clear: both\" \/><dl class='gallery-item'>\n\t\t\t<dt class='gallery-icon landscape'>\n\t\t\t\t<a href='https:\/\/franciscanos.org.br\/noticias\/wp-content\/uploads\/2020\/12\/renova-4.jpg'><img width=\"300\" height=\"300\" src=\"https:\/\/franciscanos.org.br\/noticias\/wp-content\/uploads\/2020\/12\/renova-4-300x300.jpg\" class=\"attachment-thumbnail size-thumbnail\" alt=\"\" loading=\"lazy\" aria-describedby=\"gallery-1-229653\" srcset=\"https:\/\/franciscanos.org.br\/noticias\/wp-content\/uploads\/2020\/12\/renova-4-300x300.jpg 300w, https:\/\/franciscanos.org.br\/noticias\/wp-content\/uploads\/2020\/12\/renova-4-100x100.jpg 100w\" sizes=\"(max-width: 300px) 100vw, 300px\" \/><\/a>\n\t\t\t<\/dt>\n\t\t\t\t<dd class='wp-caption-text gallery-caption' id='gallery-1-229653'>\n\t\t\t\tFrei Felipe\n\t\t\t\t<\/dd><\/dl><dl class='gallery-item'>\n\t\t\t<dt class='gallery-icon landscape'>\n\t\t\t\t<a href='https:\/\/franciscanos.org.br\/noticias\/wp-content\/uploads\/2020\/12\/renova-5.jpg'><img width=\"300\" height=\"300\" src=\"https:\/\/franciscanos.org.br\/noticias\/wp-content\/uploads\/2020\/12\/renova-5-300x300.jpg\" class=\"attachment-thumbnail size-thumbnail\" alt=\"\" loading=\"lazy\" aria-describedby=\"gallery-1-229654\" srcset=\"https:\/\/franciscanos.org.br\/noticias\/wp-content\/uploads\/2020\/12\/renova-5-300x300.jpg 300w, https:\/\/franciscanos.org.br\/noticias\/wp-content\/uploads\/2020\/12\/renova-5-100x100.jpg 100w\" sizes=\"(max-width: 300px) 100vw, 300px\" \/><\/a>\n\t\t\t<\/dt>\n\t\t\t\t<dd class='wp-caption-text gallery-caption' id='gallery-1-229654'>\n\t\t\t\tFrei Honorato\n\t\t\t\t<\/dd><\/dl><dl class='gallery-item'>\n\t\t\t<dt class='gallery-icon landscape'>\n\t\t\t\t<a href='https:\/\/franciscanos.org.br\/noticias\/wp-content\/uploads\/2020\/12\/renova-6.jpg'><img width=\"300\" height=\"300\" src=\"https:\/\/franciscanos.org.br\/noticias\/wp-content\/uploads\/2020\/12\/renova-6-300x300.jpg\" class=\"attachment-thumbnail size-thumbnail\" alt=\"\" loading=\"lazy\" aria-describedby=\"gallery-1-229655\" srcset=\"https:\/\/franciscanos.org.br\/noticias\/wp-content\/uploads\/2020\/12\/renova-6-300x300.jpg 300w, https:\/\/franciscanos.org.br\/noticias\/wp-content\/uploads\/2020\/12\/renova-6-100x100.jpg 100w\" sizes=\"(max-width: 300px) 100vw, 300px\" \/><\/a>\n\t\t\t<\/dt>\n\t\t\t\t<dd class='wp-caption-text gallery-caption' id='gallery-1-229655'>\n\t\t\t\tFrei Jonas\n\t\t\t\t<\/dd><\/dl><br style=\"clear: both\" \/><dl class='gallery-item'>\n\t\t\t<dt class='gallery-icon landscape'>\n\t\t\t\t<a href='https:\/\/franciscanos.org.br\/noticias\/wp-content\/uploads\/2020\/12\/renova-7.jpg'><img width=\"300\" height=\"300\" src=\"https:\/\/franciscanos.org.br\/noticias\/wp-content\/uploads\/2020\/12\/renova-7-300x300.jpg\" class=\"attachment-thumbnail size-thumbnail\" alt=\"\" loading=\"lazy\" aria-describedby=\"gallery-1-229656\" srcset=\"https:\/\/franciscanos.org.br\/noticias\/wp-content\/uploads\/2020\/12\/renova-7-300x300.jpg 300w, https:\/\/franciscanos.org.br\/noticias\/wp-content\/uploads\/2020\/12\/renova-7-100x100.jpg 100w\" sizes=\"(max-width: 300px) 100vw, 300px\" \/><\/a>\n\t\t\t<\/dt>\n\t\t\t\t<dd class='wp-caption-text gallery-caption' id='gallery-1-229656'>\n\t\t\t\tFrei Jos\u00e9 Ganga\n\t\t\t\t<\/dd><\/dl><dl class='gallery-item'>\n\t\t\t<dt class='gallery-icon landscape'>\n\t\t\t\t<a href='https:\/\/franciscanos.org.br\/noticias\/wp-content\/uploads\/2020\/12\/renova-8.jpg'><img width=\"300\" height=\"300\" src=\"https:\/\/franciscanos.org.br\/noticias\/wp-content\/uploads\/2020\/12\/renova-8-300x300.jpg\" class=\"attachment-thumbnail size-thumbnail\" alt=\"\" loading=\"lazy\" aria-describedby=\"gallery-1-229657\" srcset=\"https:\/\/franciscanos.org.br\/noticias\/wp-content\/uploads\/2020\/12\/renova-8-300x300.jpg 300w, https:\/\/franciscanos.org.br\/noticias\/wp-content\/uploads\/2020\/12\/renova-8-100x100.jpg 100w\" sizes=\"(max-width: 300px) 100vw, 300px\" \/><\/a>\n\t\t\t<\/dt>\n\t\t\t\t<dd class='wp-caption-text gallery-caption' id='gallery-1-229657'>\n\t\t\t\tFrei Miguel\n\t\t\t\t<\/dd><\/dl><dl class='gallery-item'>\n\t\t\t<dt class='gallery-icon landscape'>\n\t\t\t\t<a href='https:\/\/franciscanos.org.br\/noticias\/wp-content\/uploads\/2020\/12\/renova-9.jpg'><img width=\"300\" height=\"300\" src=\"https:\/\/franciscanos.org.br\/noticias\/wp-content\/uploads\/2020\/12\/renova-9-300x300.jpg\" class=\"attachment-thumbnail size-thumbnail\" alt=\"\" loading=\"lazy\" aria-describedby=\"gallery-1-229658\" srcset=\"https:\/\/franciscanos.org.br\/noticias\/wp-content\/uploads\/2020\/12\/renova-9-300x300.jpg 300w, https:\/\/franciscanos.org.br\/noticias\/wp-content\/uploads\/2020\/12\/renova-9-100x100.jpg 100w\" sizes=\"(max-width: 300px) 100vw, 300px\" \/><\/a>\n\t\t\t<\/dt>\n\t\t\t\t<dd class='wp-caption-text gallery-caption' id='gallery-1-229658'>\n\t\t\t\tFrei Thiago\n\t\t\t\t<\/dd><\/dl><br style=\"clear: both\" \/>\n\t\t<\/div>\n\n<p>Segundo o Ministro Provincial, n\u00e3o apenas esses jovens frades estavam renovando os votos, mas &#8220;todos somos convidados a este esp\u00edrito de renova\u00e7\u00e3o, renova\u00e7\u00e3o das nossas vidas, das nossas op\u00e7\u00f5es, no sentido de nos fundamentar novamente naquilo que \u00e9 a vontade de Deus&#8221;, disse.<\/p>\n<p>Para Frei C\u00e9sar, esse momento n\u00e3o \u00e9 apenas uma formalidade jur\u00eddica. &#8220;Renovamos esse compromisso tamb\u00e9m mais com o sentido de que precisamos renovar tudo em n\u00f3s&#8221;, explicou.<\/p>\n<p><img loading=\"lazy\" class=\"alignnone size-full wp-image-229659\" src=\"https:\/\/franciscanos.org.br\/noticias\/wp-content\/uploads\/2020\/12\/renova_02.jpg\" alt=\"\" width=\"1280\" height=\"853\" srcset=\"https:\/\/franciscanos.org.br\/noticias\/wp-content\/uploads\/2020\/12\/renova_02.jpg 1280w, https:\/\/franciscanos.org.br\/noticias\/wp-content\/uploads\/2020\/12\/renova_02-450x300.jpg 450w, https:\/\/franciscanos.org.br\/noticias\/wp-content\/uploads\/2020\/12\/renova_02-1024x682.jpg 1024w, https:\/\/franciscanos.org.br\/noticias\/wp-content\/uploads\/2020\/12\/renova_02-768x512.jpg 768w, https:\/\/franciscanos.org.br\/noticias\/wp-content\/uploads\/2020\/12\/renova_02-150x100.jpg 150w\" sizes=\"(max-width: 1280px) 100vw, 1280px\" \/><\/p>\n<p>Tomando a segunda Carta do Ap\u00f3stolo Pedro, que fala do tempo de Deus, questionou: Como \u00e9 o nosso tempo que vivemos aqui e agora? &#8220;Vivemos tempos bastante acelerados que exigem respostas, exigem resultados imediatos, porque hoje significa alguma coisa, amanh\u00e3 pode n\u00e3o valer mais nada. Tudo tem sentido diferente e isso se torna tamb\u00e9m um dificultador para todos n\u00f3s que fizemos a nossa op\u00e7\u00e3o vocacional, nossa consagra\u00e7\u00e3o&#8221;, observou. Segundo o Ap\u00f3stolo Pedro, mais importante \u00e9 o tempo de Deus, porque ele n\u00e3o \u00e9 movido por essas circunst\u00e2ncias, por esses fen\u00f4menos modernos. No tempo de Deus, mil anos podem ser igual a um dia. Ele n\u00e3o age de acordo com essa necessidade de respostas, mas Ele n\u00e3o tarda em cumprir aquilo que ele mesmo nos prometeu&#8221;, indicou.<\/p>\n<p>Segundo o Ministro Provincial, o tempo de Deus, a vontade de Deus, \u00e9 suprema e ela aguarda que a gente a compreenda. Pedro adianta duas condi\u00e7\u00f5es para entender a vontade de Deus: O Pai n\u00e3o quer que ningu\u00e9m se perca, quer que todos sejam salvos; e que todos venham a se converter.<\/p>\n<p><img loading=\"lazy\" class=\"alignnone size-full wp-image-229668\" src=\"https:\/\/franciscanos.org.br\/noticias\/wp-content\/uploads\/2020\/12\/renova_6.jpg\" alt=\"\" width=\"1280\" height=\"1136\" srcset=\"https:\/\/franciscanos.org.br\/noticias\/wp-content\/uploads\/2020\/12\/renova_6.jpg 1280w, https:\/\/franciscanos.org.br\/noticias\/wp-content\/uploads\/2020\/12\/renova_6-450x399.jpg 450w, https:\/\/franciscanos.org.br\/noticias\/wp-content\/uploads\/2020\/12\/renova_6-1024x909.jpg 1024w, https:\/\/franciscanos.org.br\/noticias\/wp-content\/uploads\/2020\/12\/renova_6-768x682.jpg 768w, https:\/\/franciscanos.org.br\/noticias\/wp-content\/uploads\/2020\/12\/renova_6-150x133.jpg 150w\" sizes=\"(max-width: 1280px) 100vw, 1280px\" \/><\/p>\n<p>&#8220;A nossa vida franciscana \u00e9 essencialmente uma vida chamada \u00e0 convers\u00e3o. S\u00e3o Francisco de Assis pedia que os frades at\u00e9 se chamassem penitentes, os Penitentes de Assis. Porque converter-se \u00e9 a condi\u00e7\u00e3o da nossa vida. Se n\u00f3s j\u00e1 f\u00f4ssemos perfeitos, santos, n\u00e3o precisar\u00edamos ser frades. Ser frade \u00e9 a f\u00f3rmula de vida daqueles que s\u00e3o pecadores, daqueles que precisam de convers\u00e3o, de transforma\u00e7\u00e3o. E \u00e9 nessa l\u00f3gica que n\u00f3s tamb\u00e9m renovamos os votos. Ent\u00e3o, n\u00e3o apenas voc\u00eas que est\u00e3o aqui para renovar os votos mas todo frade menor deve renovar todos os dias da sua vida a sua consagra\u00e7\u00e3o. Deve rezar essa f\u00f3rmula que voc\u00eas v\u00e3o repetir daqui a pouco para que n\u00f3s possamos, nessa renova\u00e7\u00e3o constante, chegarmos ao tempo, \u00e0 l\u00f3gica da vontade de Deus e n\u00e3o a nossa&#8221;, ensinou.<\/p>\n<p>Para abra\u00e7ar a l\u00f3gica de Deus, \u00e9 preciso vencer o pr\u00f3prio eu, como dizia S\u00e3o Francisco. &#8220;E essa l\u00f3gica de Deus, de salva\u00e7\u00e3o, de convers\u00e3o, nesta paci\u00eancia que ele tem para conosco, n\u00e3o est\u00e1 t\u00e3o preocupada com resultados imediatos. Est\u00e1 muito mais atenta ao processo que tem a ver com nossos encontros, nossas rela\u00e7\u00f5es. \u00c9 o recome\u00e7ar, o renovar todos os dias, tanto que S\u00e3o Francisco mesmo nos afirma: &#8216;Comecemos, irm\u00e3os, pois at\u00e9 agora pouco ou nada fizemos!&#8217; Isso nos indica justamente o nosso caminho de convers\u00e3o, de transforma\u00e7\u00e3o, para que nesse processo de convers\u00e3o n\u00f3s nos tornemos tamb\u00e9m, nas m\u00e3os de Deus, instrumentos de salva\u00e7\u00e3o, nossa e do nosso irm\u00e3o. Esta \u00e9 a alma, o sentido de sermos uma fraternidade e, como nos provoca o Papa Francisco, na sua mais recente enc\u00edclica, \u00e9 o nosso compromisso tamb\u00e9m de dar testemunho ao mundo, de vivermos a fraternidade no sentido amplo. Fraternidade como lugar de m\u00fatua ajuda, de encontro, de pessoas que querem se converter&#8221;, enfatizou.<\/p>\n<p><img loading=\"lazy\" class=\"alignnone size-full wp-image-229662\" src=\"https:\/\/franciscanos.org.br\/noticias\/wp-content\/uploads\/2020\/12\/renova_05.jpg\" alt=\"\" width=\"1280\" height=\"853\" srcset=\"https:\/\/franciscanos.org.br\/noticias\/wp-content\/uploads\/2020\/12\/renova_05.jpg 1280w, https:\/\/franciscanos.org.br\/noticias\/wp-content\/uploads\/2020\/12\/renova_05-450x300.jpg 450w, https:\/\/franciscanos.org.br\/noticias\/wp-content\/uploads\/2020\/12\/renova_05-1024x682.jpg 1024w, https:\/\/franciscanos.org.br\/noticias\/wp-content\/uploads\/2020\/12\/renova_05-768x512.jpg 768w, https:\/\/franciscanos.org.br\/noticias\/wp-content\/uploads\/2020\/12\/renova_05-150x100.jpg 150w\" sizes=\"(max-width: 1280px) 100vw, 1280px\" \/><\/p>\n<p>&#8220;Por isso, de modo especial voc\u00eas que renovam seus votos, e n\u00f3s todos que somos chamados \u00e0 renova\u00e7\u00e3o e \u00e0 convers\u00e3o, comecemos, irm\u00e3os!&#8221;, completou.<\/p>\n<p>Terminada a reflex\u00e3o, Frei C\u00e9sar deu in\u00edcio ao Rito de Renova\u00e7\u00e3o. O mestre Frei Marcos Andrade chamou a cada um dos frades, que fizeram o pedido e depois se comprometeram dizendo: \u201cFa\u00e7o voto a Deus Pai santo e todo-poderoso de viver por mais um ano, em obedi\u00eancia, sem nada de pr\u00f3prio e em castidade\u201d. Cada frade fez essa promessa nas m\u00e3os do Ministro Provincial.<\/p>\n<p><img loading=\"lazy\" class=\"alignnone size-full wp-image-229661\" src=\"https:\/\/franciscanos.org.br\/noticias\/wp-content\/uploads\/2020\/12\/renova_03.jpg\" alt=\"\" width=\"1280\" height=\"960\" srcset=\"https:\/\/franciscanos.org.br\/noticias\/wp-content\/uploads\/2020\/12\/renova_03.jpg 1280w, https:\/\/franciscanos.org.br\/noticias\/wp-content\/uploads\/2020\/12\/renova_03-450x338.jpg 450w, https:\/\/franciscanos.org.br\/noticias\/wp-content\/uploads\/2020\/12\/renova_03-1024x768.jpg 1024w, https:\/\/franciscanos.org.br\/noticias\/wp-content\/uploads\/2020\/12\/renova_03-768x576.jpg 768w, https:\/\/franciscanos.org.br\/noticias\/wp-content\/uploads\/2020\/12\/renova_03-150x113.jpg 150w, https:\/\/franciscanos.org.br\/noticias\/wp-content\/uploads\/2020\/12\/renova_03-600x450.jpg 600w\" sizes=\"(max-width: 1280px) 100vw, 1280px\" \/><\/p>\n","protected":false},"excerpt":{"rendered":"<p>Renova\u00e7\u00e3o dos votos no tempo de Teologia<\/p>\n","protected":false},"author":3,"featured_media":229664,"comment_status":"open","ping_status":"open","sticky":false,"template":"","format":"standard","meta":[],"categories":[1],"tags":[190,1152],"acf":[],"yoast_head":"<!-- This site is optimized with the Yoast SEO plugin v19.2 - https:\/\/yoast.com\/wordpress\/plugins\/seo\/ -->\n<title>&quot;Todo frade deve renovar, todos os dias, a sua consagra\u00e7\u00e3o&quot;, diz Frei C\u00e9sar - Not\u00edcias - Franciscanos<\/title>\n<meta name=\"robots\" content=\"index, follow, max-snippet:-1, max-image-preview:large, max-video-preview:-1\" \/>\n<link rel=\"canonical\" href=\"https:\/\/franciscanos.org.br\/noticias\/todo-frade-deve-renovar-todos-os-dias-a-sua-consagracao-diz-frei-cesar.html\" \/>\n<meta property=\"og:locale\" content=\"pt_BR\" \/>\n<meta property=\"og:type\" content=\"article\" \/>\n<meta property=\"og:title\" content=\"&quot;Todo frade deve renovar, todos os dias, a sua consagra\u00e7\u00e3o&quot;, diz Frei C\u00e9sar - Not\u00edcias - Franciscanos\" \/>\n<meta property=\"og:description\" content=\"Renova\u00e7\u00e3o dos votos no tempo de Teologia\" \/>\n<meta property=\"og:url\" content=\"https:\/\/franciscanos.org.br\/noticias\/todo-frade-deve-renovar-todos-os-dias-a-sua-consagracao-diz-frei-cesar.html\" \/>\n<meta property=\"og:site_name\" content=\"Not\u00edcias - Franciscanos\" \/>\n<meta property=\"article:published_time\" content=\"2020-12-05T01:24:02+00:00\" \/>\n<meta property=\"article:modified_time\" content=\"2020-12-05T03:23:51+00:00\" \/>\n<meta property=\"og:image\" content=\"https:\/\/franciscanos.org.br\/noticias\/wp-content\/uploads\/2020\/12\/renova_d.jpg\" \/>\n\t<meta property=\"og:image:width\" content=\"800\" \/>\n\t<meta property=\"og:image:height\" content=\"545\" \/>\n\t<meta property=\"og:image:type\" content=\"image\/jpeg\" \/>\n<meta name=\"author\" content=\"moacir\" \/>\n<meta name=\"twitter:card\" content=\"summary_large_image\" \/>\n<meta name=\"twitter:label1\" content=\"Escrito por\" \/>\n\t<meta name=\"twitter:data1\" content=\"moacir\" \/>\n\t<meta name=\"twitter:label2\" content=\"Est. tempo de leitura\" \/>\n\t<meta name=\"twitter:data2\" content=\"5 minutos\" \/>\n<script type=\"application\/ld+json\" class=\"yoast-schema-graph\">{\"@context\":\"https:\/\/schema.org\",\"@graph\":[{\"@type\":\"WebSite\",\"@id\":\"https:\/\/franciscanos.org.br\/noticias\/#website\",\"url\":\"https:\/\/franciscanos.org.br\/noticias\/\",\"name\":\"Not\u00edcias - Franciscanos\",\"description\":\"Prov\u00edncia Franciscana da Imaculada Concei\u00e7\u00e3o do Brasil - Ordem dos Frades Menores - OFM\",\"potentialAction\":[{\"@type\":\"SearchAction\",\"target\":{\"@type\":\"EntryPoint\",\"urlTemplate\":\"https:\/\/franciscanos.org.br\/noticias\/?s={search_term_string}\"},\"query-input\":\"required name=search_term_string\"}],\"inLanguage\":\"pt-BR\"},{\"@type\":\"ImageObject\",\"inLanguage\":\"pt-BR\",\"@id\":\"https:\/\/franciscanos.org.br\/noticias\/todo-frade-deve-renovar-todos-os-dias-a-sua-consagracao-diz-frei-cesar.html#primaryimage\",\"url\":\"https:\/\/franciscanos.org.br\/noticias\/wp-content\/uploads\/2020\/12\/renova_d.jpg\",\"contentUrl\":\"https:\/\/franciscanos.org.br\/noticias\/wp-content\/uploads\/2020\/12\/renova_d.jpg\",\"width\":800,\"height\":545},{\"@type\":\"WebPage\",\"@id\":\"https:\/\/franciscanos.org.br\/noticias\/todo-frade-deve-renovar-todos-os-dias-a-sua-consagracao-diz-frei-cesar.html#webpage\",\"url\":\"https:\/\/franciscanos.org.br\/noticias\/todo-frade-deve-renovar-todos-os-dias-a-sua-consagracao-diz-frei-cesar.html\",\"name\":\"\\\"Todo frade deve renovar, todos os dias, a sua consagra\u00e7\u00e3o\\\", diz Frei C\u00e9sar - Not\u00edcias - Franciscanos\",\"isPartOf\":{\"@id\":\"https:\/\/franciscanos.org.br\/noticias\/#website\"},\"primaryImageOfPage\":{\"@id\":\"https:\/\/franciscanos.org.br\/noticias\/todo-frade-deve-renovar-todos-os-dias-a-sua-consagracao-diz-frei-cesar.html#primaryimage\"},\"datePublished\":\"2020-12-05T01:24:02+00:00\",\"dateModified\":\"2020-12-05T03:23:51+00:00\",\"author\":{\"@id\":\"https:\/\/franciscanos.org.br\/noticias\/#\/schema\/person\/b5c8cba458c330ccff548b056e95a5d4\"},\"breadcrumb\":{\"@id\":\"https:\/\/franciscanos.org.br\/noticias\/todo-frade-deve-renovar-todos-os-dias-a-sua-consagracao-diz-frei-cesar.html#breadcrumb\"},\"inLanguage\":\"pt-BR\",\"potentialAction\":[{\"@type\":\"ReadAction\",\"target\":[\"https:\/\/franciscanos.org.br\/noticias\/todo-frade-deve-renovar-todos-os-dias-a-sua-consagracao-diz-frei-cesar.html\"]}]},{\"@type\":\"BreadcrumbList\",\"@id\":\"https:\/\/franciscanos.org.br\/noticias\/todo-frade-deve-renovar-todos-os-dias-a-sua-consagracao-diz-frei-cesar.html#breadcrumb\",\"itemListElement\":[{\"@type\":\"ListItem\",\"position\":1,\"name\":\"Home\",\"item\":\"https:\/\/franciscanos.org.br\/noticias\"},{\"@type\":\"ListItem\",\"position\":2,\"name\":\"&#8220;Todo frade deve renovar, todos os dias, a sua consagra\u00e7\u00e3o&#8221;, diz Frei C\u00e9sar\"}]},{\"@type\":\"Person\",\"@id\":\"https:\/\/franciscanos.org.br\/noticias\/#\/schema\/person\/b5c8cba458c330ccff548b056e95a5d4\",\"name\":\"moacir\",\"image\":{\"@type\":\"ImageObject\",\"inLanguage\":\"pt-BR\",\"@id\":\"https:\/\/franciscanos.org.br\/noticias\/#\/schema\/person\/image\/\",\"url\":\"https:\/\/secure.gravatar.com\/avatar\/d08aa2ce4c8dd416d4479aa8536fcf64?s=96&d=mm&r=g\",\"contentUrl\":\"https:\/\/secure.gravatar.com\/avatar\/d08aa2ce4c8dd416d4479aa8536fcf64?s=96&d=mm&r=g\",\"caption\":\"moacir\"},\"url\":\"https:\/\/franciscanos.org.br\/noticias\/author\/moacir\"}]}<\/script>\n<!-- \/ Yoast SEO plugin. -->","yoast_head_json":{"title":"\"Todo frade deve renovar, todos os dias, a sua consagra\u00e7\u00e3o\", diz Frei C\u00e9sar - Not\u00edcias - Franciscanos","robots":{"index":"index","follow":"follow","max-snippet":"max-snippet:-1","max-image-preview":"max-image-preview:large","max-video-preview":"max-video-preview:-1"},"canonical":"https:\/\/franciscanos.org.br\/noticias\/todo-frade-deve-renovar-todos-os-dias-a-sua-consagracao-diz-frei-cesar.html","og_locale":"pt_BR","og_type":"article","og_title":"\"Todo frade deve renovar, todos os dias, a sua consagra\u00e7\u00e3o\", diz Frei C\u00e9sar - Not\u00edcias - Franciscanos","og_description":"Renova\u00e7\u00e3o dos votos no tempo de Teologia","og_url":"https:\/\/franciscanos.org.br\/noticias\/todo-frade-deve-renovar-todos-os-dias-a-sua-consagracao-diz-frei-cesar.html","og_site_name":"Not\u00edcias - Franciscanos","article_published_time":"2020-12-05T01:24:02+00:00","article_modified_time":"2020-12-05T03:23:51+00:00","og_image":[{"width":800,"height":545,"url":"https:\/\/franciscanos.org.br\/noticias\/wp-content\/uploads\/2020\/12\/renova_d.jpg","type":"image\/jpeg"}],"author":"moacir","twitter_card":"summary_large_image","twitter_misc":{"Escrito por":"moacir","Est. tempo de leitura":"5 minutos"},"schema":{"@context":"https:\/\/schema.org","@graph":[{"@type":"WebSite","@id":"https:\/\/franciscanos.org.br\/noticias\/#website","url":"https:\/\/franciscanos.org.br\/noticias\/","name":"Not\u00edcias - Franciscanos","description":"Prov\u00edncia Franciscana da Imaculada Concei\u00e7\u00e3o do Brasil - Ordem dos Frades Menores - OFM","potentialAction":[{"@type":"SearchAction","target":{"@type":"EntryPoint","urlTemplate":"https:\/\/franciscanos.org.br\/noticias\/?s={search_term_string}"},"query-input":"required name=search_term_string"}],"inLanguage":"pt-BR"},{"@type":"ImageObject","inLanguage":"pt-BR","@id":"https:\/\/franciscanos.org.br\/noticias\/todo-frade-deve-renovar-todos-os-dias-a-sua-consagracao-diz-frei-cesar.html#primaryimage","url":"https:\/\/franciscanos.org.br\/noticias\/wp-content\/uploads\/2020\/12\/renova_d.jpg","contentUrl":"https:\/\/franciscanos.org.br\/noticias\/wp-content\/uploads\/2020\/12\/renova_d.jpg","width":800,"height":545},{"@type":"WebPage","@id":"https:\/\/franciscanos.org.br\/noticias\/todo-frade-deve-renovar-todos-os-dias-a-sua-consagracao-diz-frei-cesar.html#webpage","url":"https:\/\/franciscanos.org.br\/noticias\/todo-frade-deve-renovar-todos-os-dias-a-sua-consagracao-diz-frei-cesar.html","name":"\"Todo frade deve renovar, todos os dias, a sua consagra\u00e7\u00e3o\", diz Frei C\u00e9sar - Not\u00edcias - Franciscanos","isPartOf":{"@id":"https:\/\/franciscanos.org.br\/noticias\/#website"},"primaryImageOfPage":{"@id":"https:\/\/franciscanos.org.br\/noticias\/todo-frade-deve-renovar-todos-os-dias-a-sua-consagracao-diz-frei-cesar.html#primaryimage"},"datePublished":"2020-12-05T01:24:02+00:00","dateModified":"2020-12-05T03:23:51+00:00","author":{"@id":"https:\/\/franciscanos.org.br\/noticias\/#\/schema\/person\/b5c8cba458c330ccff548b056e95a5d4"},"breadcrumb":{"@id":"https:\/\/franciscanos.org.br\/noticias\/todo-frade-deve-renovar-todos-os-dias-a-sua-consagracao-diz-frei-cesar.html#breadcrumb"},"inLanguage":"pt-BR","potentialAction":[{"@type":"ReadAction","target":["https:\/\/franciscanos.org.br\/noticias\/todo-frade-deve-renovar-todos-os-dias-a-sua-consagracao-diz-frei-cesar.html"]}]},{"@type":"BreadcrumbList","@id":"https:\/\/franciscanos.org.br\/noticias\/todo-frade-deve-renovar-todos-os-dias-a-sua-consagracao-diz-frei-cesar.html#breadcrumb","itemListElement":[{"@type":"ListItem","position":1,"name":"Home","item":"https:\/\/franciscanos.org.br\/noticias"},{"@type":"ListItem","position":2,"name":"&#8220;Todo frade deve renovar, todos os dias, a sua consagra\u00e7\u00e3o&#8221;, diz Frei C\u00e9sar"}]},{"@type":"Person","@id":"https:\/\/franciscanos.org.br\/noticias\/#\/schema\/person\/b5c8cba458c330ccff548b056e95a5d4","name":"moacir","image":{"@type":"ImageObject","inLanguage":"pt-BR","@id":"https:\/\/franciscanos.org.br\/noticias\/#\/schema\/person\/image\/","url":"https:\/\/secure.gravatar.com\/avatar\/d08aa2ce4c8dd416d4479aa8536fcf64?s=96&d=mm&r=g","contentUrl":"https:\/\/secure.gravatar.com\/avatar\/d08aa2ce4c8dd416d4479aa8536fcf64?s=96&d=mm&r=g","caption":"moacir"},"url":"https:\/\/franciscanos.org.br\/noticias\/author\/moacir"}]}},"_links":{"self":[{"href":"https:\/\/franciscanos.org.br\/noticias\/wp-json\/wp\/v2\/posts\/229649"}],"collection":[{"href":"https:\/\/franciscanos.org.br\/noticias\/wp-json\/wp\/v2\/posts"}],"about":[{"href":"https:\/\/franciscanos.org.br\/noticias\/wp-json\/wp\/v2\/types\/post"}],"author":[{"embeddable":true,"href":"https:\/\/franciscanos.org.br\/noticias\/wp-json\/wp\/v2\/users\/3"}],"replies":[{"embeddable":true,"href":"https:\/\/franciscanos.org.br\/noticias\/wp-json\/wp\/v2\/comments?post=229649"}],"version-history":[{"count":6,"href":"https:\/\/franciscanos.org.br\/noticias\/wp-json\/wp\/v2\/posts\/229649\/revisions"}],"predecessor-version":[{"id":229671,"href":"https:\/\/franciscanos.org.br\/noticias\/wp-json\/wp\/v2\/posts\/229649\/revisions\/229671"}],"wp:featuredmedia":[{"embeddable":true,"href":"https:\/\/franciscanos.org.br\/noticias\/wp-json\/wp\/v2\/media\/229664"}],"wp:attachment":[{"href":"https:\/\/franciscanos.org.br\/noticias\/wp-json\/wp\/v2\/media?parent=229649"}],"wp:term":[{"taxonomy":"category","embeddable":true,"href":"https:\/\/franciscanos.org.br\/noticias\/wp-json\/wp\/v2\/categories?post=229649"},{"taxonomy":"post_tag","embeddable":true,"href":"https:\/\/franciscanos.org.br\/noticias\/wp-json\/wp\/v2\/tags?post=229649"}],"curies":[{"name":"wp","href":"https:\/\/api.w.org\/{rel}","templated":true}]}}