{"id":229639,"date":"2020-12-04T14:12:41","date_gmt":"2020-12-04T17:12:41","guid":{"rendered":"https:\/\/franciscanos.org.br\/noticias\/?p=229639"},"modified":"2021-04-19T22:34:58","modified_gmt":"2021-04-20T01:34:58","slug":"pedido-a-fraternidade-da-inicio-ao-rito-da-profissao-solene-de-cinco-jovens-da-provincia","status":"publish","type":"post","link":"https:\/\/franciscanos.org.br\/noticias\/pedido-a-fraternidade-da-inicio-ao-rito-da-profissao-solene-de-cinco-jovens-da-provincia.html","title":{"rendered":"Pedido \u00e0 Fraternidade d\u00e1 in\u00edcio ao rito da Profiss\u00e3o Solene de cinco jovens da Prov\u00edncia"},"content":{"rendered":"<p><img loading=\"lazy\" class=\"alignnone wp-image-229640 size-full\" src=\"https:\/\/franciscanos.org.br\/noticias\/wp-content\/uploads\/2020\/12\/pedido_01.jpg\" alt=\"\" width=\"1280\" height=\"720\" srcset=\"https:\/\/franciscanos.org.br\/noticias\/wp-content\/uploads\/2020\/12\/pedido_01.jpg 1280w, https:\/\/franciscanos.org.br\/noticias\/wp-content\/uploads\/2020\/12\/pedido_01-450x253.jpg 450w, https:\/\/franciscanos.org.br\/noticias\/wp-content\/uploads\/2020\/12\/pedido_01-1024x576.jpg 1024w, https:\/\/franciscanos.org.br\/noticias\/wp-content\/uploads\/2020\/12\/pedido_01-768x432.jpg 768w, https:\/\/franciscanos.org.br\/noticias\/wp-content\/uploads\/2020\/12\/pedido_01-150x84.jpg 150w\" sizes=\"(max-width: 1280px) 100vw, 1280px\" \/><\/p>\n<p><strong>Frei Roger Strapazzon e Moacir Beggo<\/strong><\/p>\n<p><strong>Petr\u00f3polis (RJ)<\/strong> \u2013 Uma pequena celebra\u00e7\u00e3o deu in\u00edcio nesta sexta-feira, 4 de dezembro, ao rito da Profiss\u00e3o Solene de Frei Augusto Luiz Gabriel, Frei David Belinelli, Frei Heberti Senra In\u00e1cio, Frei Leandro Ferreira Silva e Frei Tiago Gomes Elias na Ordem dos Frades Menores. Ao meio-dia, na Ora\u00e7\u00e3o antes do almo\u00e7o, o mestre do tempo de Teologia, Frei Marcos Ant\u00f4nio de Andrade, explicou que os professandos fariam o pedido da Profiss\u00e3o \u00e0 Fraternidade do Sagrado, em Petr\u00f3polis, na pessoa do guardi\u00e3o Frei Jorge Paulo Schiavini.<\/p>\n<p>O momento forte deste rito, contudo, ser\u00e1 neste s\u00e1bado, \u00e0s 9 horas, quando esses jovens far\u00e3o o pedido definitivamente diante do Ministro Provincial, Frei C\u00e9sar K\u00fclkamp, de servir a Deus e aos irm\u00e3os como frades menores.<\/p>\n<p>Diante dos jovens, o guardi\u00e3o Frei Jorge perguntou aos professandos: \u201cMeus irm\u00e3os, qual \u00e9 o vosso desejo?\u201d. Eles responderam juntos: \u201cReverend\u00edssimo Guardi\u00e3o e dilet\u00edssimos irm\u00e3os em Cristo, rogamos a v\u00f3s pelo amor de Deus, da bem-aventurada sempre Virgem Maria, de nosso Pai S\u00e3o Francisco, de todos os Santos, admitir-nos \u00e0 Profiss\u00e3o dos votos perp\u00e9tuos na Ordem, para fazermos penit\u00eancia, emendarmos a nossa vida e servirmos fielmente a Deus at\u00e9 a morte. Tamb\u00e9m pedimos perd\u00e3o de todas as faltas cometidas durante o tempo da prova\u00e7\u00e3o e rogamos que vos lembreis de n\u00f3s em vossas preces para que com a gra\u00e7a de Deus possamos ser fi\u00e9is ao ideal de vida franciscana que com a gra\u00e7a de Deus nos propusemos abra\u00e7ar\u201d. O guardi\u00e3o, ent\u00e3o, respondeu: \u201cDemos gra\u00e7as a Deus!\u201d<\/p>\n<div id=\"attachment_229641\" style=\"width: 1290px\" class=\"wp-caption alignnone\"><img aria-describedby=\"caption-attachment-229641\" loading=\"lazy\" class=\"wp-image-229641 size-full\" src=\"https:\/\/franciscanos.org.br\/noticias\/wp-content\/uploads\/2020\/12\/pedido_02.jpg\" alt=\"\" width=\"1280\" height=\"720\" srcset=\"https:\/\/franciscanos.org.br\/noticias\/wp-content\/uploads\/2020\/12\/pedido_02.jpg 1280w, https:\/\/franciscanos.org.br\/noticias\/wp-content\/uploads\/2020\/12\/pedido_02-450x253.jpg 450w, https:\/\/franciscanos.org.br\/noticias\/wp-content\/uploads\/2020\/12\/pedido_02-1024x576.jpg 1024w, https:\/\/franciscanos.org.br\/noticias\/wp-content\/uploads\/2020\/12\/pedido_02-768x432.jpg 768w, https:\/\/franciscanos.org.br\/noticias\/wp-content\/uploads\/2020\/12\/pedido_02-150x84.jpg 150w\" sizes=\"(max-width: 1280px) 100vw, 1280px\" \/><p id=\"caption-attachment-229641\" class=\"wp-caption-text\"><em>O mestre Frei Marcos fez a acolhida e explicou que o rito da Profiss\u00e3o Solene come\u00e7ava nesta pequena celebra\u00e7\u00e3o<\/em><\/p><\/div>\n<p>&#8220;Hoje, voc\u00eas pedem \u00e0 Fraternidade para servir a Deus na Ordem dos Frades Menores. N\u00f3s acolhemos o vosso pedido com muita alegria e esperan\u00e7a. Agradecemos a Deus pela perseveran\u00e7a franciscana que voc\u00eas tiveram at\u00e9 aqui. Voc\u00eas nos ajudam a atualizar o carisma franciscano de um modo bem concreto e s\u00e3o est\u00edmulo para n\u00f3s tamb\u00e9m sempre recome\u00e7armos, com generosidade, seguir Jesus Cristo do jeito de S\u00e3o Francisco&#8221;, exortou o guardi\u00e3o.<\/p>\n<p>Segundo ele, a Fraternidade se compromete em rezar por eles para que nunca deixem apagar a chama da voca\u00e7\u00e3o. &#8220;Desejamos que voc\u00eas sejam felizes e se realizem no servi\u00e7o ao Evangelho, fazendo da vida uma doa\u00e7\u00e3o a Deus no servi\u00e7o amoroso aos irm\u00e3os e irm\u00e3s, de modo especial \u00e0s pessoas que mais sofrem. Que voc\u00eas deem muitos frutos de fraternidade, de alegria, e de reconcilia\u00e7\u00e3o. Que Deus os aben\u00e7oe!&#8221;, pediu Frei Jorge.<\/p>\n<p>Na verdade, esses jovens frades j\u00e1 tinham sido aprovados para a profiss\u00e3o solene pelo Ministro Provincial, Frei C\u00e9sar K\u00fclkamp, pelos membros do Governo Provincial, pela equipe de forma\u00e7\u00e3o desta etapa de Teologia. Mas faz parte do ritual esse pedido \u00e0 Fraternidade, que tamb\u00e9m \u00e9 sua formadora, entre eles o mestre Frei Marcos, que os acompanha mais de perto.<\/p>\n<p>&nbsp;<\/p>\n","protected":false},"excerpt":{"rendered":"<p>Profiss\u00e3o Solene na Prov\u00edncia da Imaculada Concei\u00e7\u00e3o<\/p>\n","protected":false},"author":3,"featured_media":229642,"comment_status":"open","ping_status":"open","sticky":false,"template":"","format":"standard","meta":[],"categories":[1],"tags":[190,418],"acf":[],"yoast_head":"<!-- This site is optimized with the Yoast SEO plugin v19.2 - https:\/\/yoast.com\/wordpress\/plugins\/seo\/ -->\n<title>Pedido \u00e0 Fraternidade d\u00e1 in\u00edcio ao rito da Profiss\u00e3o Solene de cinco jovens da Prov\u00edncia - Not\u00edcias - Franciscanos<\/title>\n<meta name=\"robots\" content=\"index, follow, max-snippet:-1, max-image-preview:large, max-video-preview:-1\" \/>\n<link rel=\"canonical\" href=\"https:\/\/franciscanos.org.br\/noticias\/pedido-a-fraternidade-da-inicio-ao-rito-da-profissao-solene-de-cinco-jovens-da-provincia.html\" \/>\n<meta property=\"og:locale\" content=\"pt_BR\" \/>\n<meta property=\"og:type\" content=\"article\" \/>\n<meta property=\"og:title\" content=\"Pedido \u00e0 Fraternidade d\u00e1 in\u00edcio ao rito da Profiss\u00e3o Solene de cinco jovens da Prov\u00edncia - Not\u00edcias - Franciscanos\" \/>\n<meta property=\"og:description\" content=\"Profiss\u00e3o Solene na Prov\u00edncia da Imaculada Concei\u00e7\u00e3o\" \/>\n<meta property=\"og:url\" content=\"https:\/\/franciscanos.org.br\/noticias\/pedido-a-fraternidade-da-inicio-ao-rito-da-profissao-solene-de-cinco-jovens-da-provincia.html\" \/>\n<meta property=\"og:site_name\" content=\"Not\u00edcias - Franciscanos\" \/>\n<meta property=\"article:published_time\" content=\"2020-12-04T17:12:41+00:00\" \/>\n<meta property=\"article:modified_time\" content=\"2021-04-20T01:34:58+00:00\" \/>\n<meta property=\"og:image\" content=\"https:\/\/franciscanos.org.br\/noticias\/wp-content\/uploads\/2020\/12\/pedido_01d.jpg\" \/>\n\t<meta property=\"og:image:width\" content=\"800\" \/>\n\t<meta property=\"og:image:height\" content=\"600\" \/>\n\t<meta property=\"og:image:type\" content=\"image\/jpeg\" \/>\n<meta name=\"author\" content=\"moacir\" \/>\n<meta name=\"twitter:card\" content=\"summary_large_image\" \/>\n<meta name=\"twitter:label1\" content=\"Escrito por\" \/>\n\t<meta name=\"twitter:data1\" content=\"moacir\" \/>\n\t<meta name=\"twitter:label2\" content=\"Est. tempo de leitura\" \/>\n\t<meta name=\"twitter:data2\" content=\"3 minutos\" \/>\n<script type=\"application\/ld+json\" class=\"yoast-schema-graph\">{\"@context\":\"https:\/\/schema.org\",\"@graph\":[{\"@type\":\"WebSite\",\"@id\":\"https:\/\/franciscanos.org.br\/noticias\/#website\",\"url\":\"https:\/\/franciscanos.org.br\/noticias\/\",\"name\":\"Not\u00edcias - Franciscanos\",\"description\":\"Prov\u00edncia Franciscana da Imaculada Concei\u00e7\u00e3o do Brasil - Ordem dos Frades Menores - OFM\",\"potentialAction\":[{\"@type\":\"SearchAction\",\"target\":{\"@type\":\"EntryPoint\",\"urlTemplate\":\"https:\/\/franciscanos.org.br\/noticias\/?s={search_term_string}\"},\"query-input\":\"required name=search_term_string\"}],\"inLanguage\":\"pt-BR\"},{\"@type\":\"ImageObject\",\"inLanguage\":\"pt-BR\",\"@id\":\"https:\/\/franciscanos.org.br\/noticias\/pedido-a-fraternidade-da-inicio-ao-rito-da-profissao-solene-de-cinco-jovens-da-provincia.html#primaryimage\",\"url\":\"https:\/\/franciscanos.org.br\/noticias\/wp-content\/uploads\/2020\/12\/pedido_01d.jpg\",\"contentUrl\":\"https:\/\/franciscanos.org.br\/noticias\/wp-content\/uploads\/2020\/12\/pedido_01d.jpg\",\"width\":800,\"height\":600},{\"@type\":\"WebPage\",\"@id\":\"https:\/\/franciscanos.org.br\/noticias\/pedido-a-fraternidade-da-inicio-ao-rito-da-profissao-solene-de-cinco-jovens-da-provincia.html#webpage\",\"url\":\"https:\/\/franciscanos.org.br\/noticias\/pedido-a-fraternidade-da-inicio-ao-rito-da-profissao-solene-de-cinco-jovens-da-provincia.html\",\"name\":\"Pedido \u00e0 Fraternidade d\u00e1 in\u00edcio ao rito da Profiss\u00e3o Solene de cinco jovens da Prov\u00edncia - Not\u00edcias - Franciscanos\",\"isPartOf\":{\"@id\":\"https:\/\/franciscanos.org.br\/noticias\/#website\"},\"primaryImageOfPage\":{\"@id\":\"https:\/\/franciscanos.org.br\/noticias\/pedido-a-fraternidade-da-inicio-ao-rito-da-profissao-solene-de-cinco-jovens-da-provincia.html#primaryimage\"},\"datePublished\":\"2020-12-04T17:12:41+00:00\",\"dateModified\":\"2021-04-20T01:34:58+00:00\",\"author\":{\"@id\":\"https:\/\/franciscanos.org.br\/noticias\/#\/schema\/person\/b5c8cba458c330ccff548b056e95a5d4\"},\"breadcrumb\":{\"@id\":\"https:\/\/franciscanos.org.br\/noticias\/pedido-a-fraternidade-da-inicio-ao-rito-da-profissao-solene-de-cinco-jovens-da-provincia.html#breadcrumb\"},\"inLanguage\":\"pt-BR\",\"potentialAction\":[{\"@type\":\"ReadAction\",\"target\":[\"https:\/\/franciscanos.org.br\/noticias\/pedido-a-fraternidade-da-inicio-ao-rito-da-profissao-solene-de-cinco-jovens-da-provincia.html\"]}]},{\"@type\":\"BreadcrumbList\",\"@id\":\"https:\/\/franciscanos.org.br\/noticias\/pedido-a-fraternidade-da-inicio-ao-rito-da-profissao-solene-de-cinco-jovens-da-provincia.html#breadcrumb\",\"itemListElement\":[{\"@type\":\"ListItem\",\"position\":1,\"name\":\"Home\",\"item\":\"https:\/\/franciscanos.org.br\/noticias\"},{\"@type\":\"ListItem\",\"position\":2,\"name\":\"Pedido \u00e0 Fraternidade d\u00e1 in\u00edcio ao rito da Profiss\u00e3o Solene de cinco jovens da Prov\u00edncia\"}]},{\"@type\":\"Person\",\"@id\":\"https:\/\/franciscanos.org.br\/noticias\/#\/schema\/person\/b5c8cba458c330ccff548b056e95a5d4\",\"name\":\"moacir\",\"image\":{\"@type\":\"ImageObject\",\"inLanguage\":\"pt-BR\",\"@id\":\"https:\/\/franciscanos.org.br\/noticias\/#\/schema\/person\/image\/\",\"url\":\"https:\/\/secure.gravatar.com\/avatar\/d08aa2ce4c8dd416d4479aa8536fcf64?s=96&d=mm&r=g\",\"contentUrl\":\"https:\/\/secure.gravatar.com\/avatar\/d08aa2ce4c8dd416d4479aa8536fcf64?s=96&d=mm&r=g\",\"caption\":\"moacir\"},\"url\":\"https:\/\/franciscanos.org.br\/noticias\/author\/moacir\"}]}<\/script>\n<!-- \/ Yoast SEO plugin. -->","yoast_head_json":{"title":"Pedido \u00e0 Fraternidade d\u00e1 in\u00edcio ao rito da Profiss\u00e3o Solene de cinco jovens da Prov\u00edncia - Not\u00edcias - Franciscanos","robots":{"index":"index","follow":"follow","max-snippet":"max-snippet:-1","max-image-preview":"max-image-preview:large","max-video-preview":"max-video-preview:-1"},"canonical":"https:\/\/franciscanos.org.br\/noticias\/pedido-a-fraternidade-da-inicio-ao-rito-da-profissao-solene-de-cinco-jovens-da-provincia.html","og_locale":"pt_BR","og_type":"article","og_title":"Pedido \u00e0 Fraternidade d\u00e1 in\u00edcio ao rito da Profiss\u00e3o Solene de cinco jovens da Prov\u00edncia - Not\u00edcias - Franciscanos","og_description":"Profiss\u00e3o Solene na Prov\u00edncia da Imaculada Concei\u00e7\u00e3o","og_url":"https:\/\/franciscanos.org.br\/noticias\/pedido-a-fraternidade-da-inicio-ao-rito-da-profissao-solene-de-cinco-jovens-da-provincia.html","og_site_name":"Not\u00edcias - Franciscanos","article_published_time":"2020-12-04T17:12:41+00:00","article_modified_time":"2021-04-20T01:34:58+00:00","og_image":[{"width":800,"height":600,"url":"https:\/\/franciscanos.org.br\/noticias\/wp-content\/uploads\/2020\/12\/pedido_01d.jpg","type":"image\/jpeg"}],"author":"moacir","twitter_card":"summary_large_image","twitter_misc":{"Escrito por":"moacir","Est. tempo de leitura":"3 minutos"},"schema":{"@context":"https:\/\/schema.org","@graph":[{"@type":"WebSite","@id":"https:\/\/franciscanos.org.br\/noticias\/#website","url":"https:\/\/franciscanos.org.br\/noticias\/","name":"Not\u00edcias - Franciscanos","description":"Prov\u00edncia Franciscana da Imaculada Concei\u00e7\u00e3o do Brasil - Ordem dos Frades Menores - OFM","potentialAction":[{"@type":"SearchAction","target":{"@type":"EntryPoint","urlTemplate":"https:\/\/franciscanos.org.br\/noticias\/?s={search_term_string}"},"query-input":"required name=search_term_string"}],"inLanguage":"pt-BR"},{"@type":"ImageObject","inLanguage":"pt-BR","@id":"https:\/\/franciscanos.org.br\/noticias\/pedido-a-fraternidade-da-inicio-ao-rito-da-profissao-solene-de-cinco-jovens-da-provincia.html#primaryimage","url":"https:\/\/franciscanos.org.br\/noticias\/wp-content\/uploads\/2020\/12\/pedido_01d.jpg","contentUrl":"https:\/\/franciscanos.org.br\/noticias\/wp-content\/uploads\/2020\/12\/pedido_01d.jpg","width":800,"height":600},{"@type":"WebPage","@id":"https:\/\/franciscanos.org.br\/noticias\/pedido-a-fraternidade-da-inicio-ao-rito-da-profissao-solene-de-cinco-jovens-da-provincia.html#webpage","url":"https:\/\/franciscanos.org.br\/noticias\/pedido-a-fraternidade-da-inicio-ao-rito-da-profissao-solene-de-cinco-jovens-da-provincia.html","name":"Pedido \u00e0 Fraternidade d\u00e1 in\u00edcio ao rito da Profiss\u00e3o Solene de cinco jovens da Prov\u00edncia - Not\u00edcias - Franciscanos","isPartOf":{"@id":"https:\/\/franciscanos.org.br\/noticias\/#website"},"primaryImageOfPage":{"@id":"https:\/\/franciscanos.org.br\/noticias\/pedido-a-fraternidade-da-inicio-ao-rito-da-profissao-solene-de-cinco-jovens-da-provincia.html#primaryimage"},"datePublished":"2020-12-04T17:12:41+00:00","dateModified":"2021-04-20T01:34:58+00:00","author":{"@id":"https:\/\/franciscanos.org.br\/noticias\/#\/schema\/person\/b5c8cba458c330ccff548b056e95a5d4"},"breadcrumb":{"@id":"https:\/\/franciscanos.org.br\/noticias\/pedido-a-fraternidade-da-inicio-ao-rito-da-profissao-solene-de-cinco-jovens-da-provincia.html#breadcrumb"},"inLanguage":"pt-BR","potentialAction":[{"@type":"ReadAction","target":["https:\/\/franciscanos.org.br\/noticias\/pedido-a-fraternidade-da-inicio-ao-rito-da-profissao-solene-de-cinco-jovens-da-provincia.html"]}]},{"@type":"BreadcrumbList","@id":"https:\/\/franciscanos.org.br\/noticias\/pedido-a-fraternidade-da-inicio-ao-rito-da-profissao-solene-de-cinco-jovens-da-provincia.html#breadcrumb","itemListElement":[{"@type":"ListItem","position":1,"name":"Home","item":"https:\/\/franciscanos.org.br\/noticias"},{"@type":"ListItem","position":2,"name":"Pedido \u00e0 Fraternidade d\u00e1 in\u00edcio ao rito da Profiss\u00e3o Solene de cinco jovens da Prov\u00edncia"}]},{"@type":"Person","@id":"https:\/\/franciscanos.org.br\/noticias\/#\/schema\/person\/b5c8cba458c330ccff548b056e95a5d4","name":"moacir","image":{"@type":"ImageObject","inLanguage":"pt-BR","@id":"https:\/\/franciscanos.org.br\/noticias\/#\/schema\/person\/image\/","url":"https:\/\/secure.gravatar.com\/avatar\/d08aa2ce4c8dd416d4479aa8536fcf64?s=96&d=mm&r=g","contentUrl":"https:\/\/secure.gravatar.com\/avatar\/d08aa2ce4c8dd416d4479aa8536fcf64?s=96&d=mm&r=g","caption":"moacir"},"url":"https:\/\/franciscanos.org.br\/noticias\/author\/moacir"}]}},"_links":{"self":[{"href":"https:\/\/franciscanos.org.br\/noticias\/wp-json\/wp\/v2\/posts\/229639"}],"collection":[{"href":"https:\/\/franciscanos.org.br\/noticias\/wp-json\/wp\/v2\/posts"}],"about":[{"href":"https:\/\/franciscanos.org.br\/noticias\/wp-json\/wp\/v2\/types\/post"}],"author":[{"embeddable":true,"href":"https:\/\/franciscanos.org.br\/noticias\/wp-json\/wp\/v2\/users\/3"}],"replies":[{"embeddable":true,"href":"https:\/\/franciscanos.org.br\/noticias\/wp-json\/wp\/v2\/comments?post=229639"}],"version-history":[{"count":1,"href":"https:\/\/franciscanos.org.br\/noticias\/wp-json\/wp\/v2\/posts\/229639\/revisions"}],"predecessor-version":[{"id":229643,"href":"https:\/\/franciscanos.org.br\/noticias\/wp-json\/wp\/v2\/posts\/229639\/revisions\/229643"}],"wp:featuredmedia":[{"embeddable":true,"href":"https:\/\/franciscanos.org.br\/noticias\/wp-json\/wp\/v2\/media\/229642"}],"wp:attachment":[{"href":"https:\/\/franciscanos.org.br\/noticias\/wp-json\/wp\/v2\/media?parent=229639"}],"wp:term":[{"taxonomy":"category","embeddable":true,"href":"https:\/\/franciscanos.org.br\/noticias\/wp-json\/wp\/v2\/categories?post=229639"},{"taxonomy":"post_tag","embeddable":true,"href":"https:\/\/franciscanos.org.br\/noticias\/wp-json\/wp\/v2\/tags?post=229639"}],"curies":[{"name":"wp","href":"https:\/\/api.w.org\/{rel}","templated":true}]}}