{"id":229617,"date":"2020-12-02T11:20:46","date_gmt":"2020-12-02T14:20:46","guid":{"rendered":"https:\/\/franciscanos.org.br\/noticias\/?p=229617"},"modified":"2020-12-02T13:23:30","modified_gmt":"2020-12-02T16:23:30","slug":"novo-livro-de-joan-chittister-entre-os-lancamentos-da-editora-vozes","status":"publish","type":"post","link":"https:\/\/franciscanos.org.br\/noticias\/novo-livro-de-joan-chittister-entre-os-lancamentos-da-editora-vozes.html","title":{"rendered":"Novo livro de Joan Chittister entre os lan\u00e7amentos da Editora Vozes"},"content":{"rendered":"<p>&nbsp;<\/p>\n<p><img loading=\"lazy\" class=\"alignnone wp-image-229625 size-full\" src=\"https:\/\/franciscanos.org.br\/noticias\/wp-content\/uploads\/2020\/12\/Vozes.jpg\" alt=\"\" width=\"1280\" height=\"330\" srcset=\"https:\/\/franciscanos.org.br\/noticias\/wp-content\/uploads\/2020\/12\/Vozes.jpg 1280w, https:\/\/franciscanos.org.br\/noticias\/wp-content\/uploads\/2020\/12\/Vozes-450x116.jpg 450w, https:\/\/franciscanos.org.br\/noticias\/wp-content\/uploads\/2020\/12\/Vozes-1024x264.jpg 1024w, https:\/\/franciscanos.org.br\/noticias\/wp-content\/uploads\/2020\/12\/Vozes-768x198.jpg 768w, https:\/\/franciscanos.org.br\/noticias\/wp-content\/uploads\/2020\/12\/Vozes-150x39.jpg 150w\" sizes=\"(max-width: 1280px) 100vw, 1280px\" \/><\/p>\n<p><strong>A<\/strong> <strong>HORA \u00c9 AGORA<\/strong><\/p>\n<p>Em seu \u00faltimo livro, Joan Chittister \u2013 uma for\u00e7a arrebatadora e instigadora em prol da justi\u00e7a social e ardorosa defensora da f\u00e9 individual e da plenitude da realiza\u00e7\u00e3o espiritual \u2013 bebe da sabedoria dos profetas, os de outrora e os de agora, para nos ajudar a confrontar os agentes sociais que oprimem e silenciam as vozes sagradas entre n\u00f3s. Ao emparelhar os <em>insights <\/em>b\u00edblicos com as narrativas dos proclamadores da verdade que nos antecederam, Chittister oferece aos leitores uma vis\u00e3o irresist\u00edvel para combater a complac\u00eancia e nos impelir na cria\u00e7\u00e3o de um mundo de justi\u00e7a, liberdade, paz e autonomia. Para os cansados, os rabugentos e os temerosos, esta mensagem revigorante nos convida a participar de uma vis\u00e3o de mundo maior do que aquela em que vivemos imersos hoje. Isto \u00e9 espiritualidade em a\u00e7\u00e3o; isto \u00e9 ativismo pr\u00e1tico e poderoso para os nossos tempos.<\/p>\n<hr \/>\n<p><strong>MARTIN HEIDEGGER &#8211; CONCEITOS FUNDAMENTAIS<\/strong><\/p>\n<p>Os escritos de Heidegger est\u00e3o entre os mais controversos na filosofia recente. Os conceitos centrais de seu pensamento s\u00e3o, para muitos, fonte de fasc\u00ednio e frustra\u00e7\u00e3o. Neste livro, cada cap\u00edtulo introduz e explica um conceito-chave heideggeriano, ou um grupo de conceitos intimamente relacionados. Esta obra fornece uma introdu\u00e7\u00e3o abrangente aos pensamentos de Heidegger para estudantes de gradua\u00e7\u00e3o bem como refer\u00eancias mais acess\u00edveis a leitores avan\u00e7ados e interessados em aspectos particulares da obra de Heidegger.<\/p>\n<hr \/>\n<p><strong>JEAN-PAUL SARTRE &#8211; CONCEITOS FUNDAMENTAIS<\/strong><\/p>\n<p><em>Jean-Paul Sartre \u2013 Conceitos fundamentais <\/em>tem como objetivo fazer uma an\u00e1lise do pensamento de Sartre e apresentar aos leitores sua filosofia de forma integral. Reunindo importantes acad\u00eamicos internacionais, o livro examina conceitos de toda a carreira de Sartre, de suas vis\u00f5es iniciais sobre a \u201cvida interior\u201d da experi\u00eancia consciente at\u00e9 suas concep\u00e7\u00f5es posteriores de esperan\u00e7a como o agente de liga\u00e7\u00e3o para uma humanidade comum.<\/p>\n<hr \/>\n<p><strong>AVALIA\u00c7\u00c3O PSICOL\u00d3GICA<\/strong><\/p>\n<p>Em qualquer \u00e1rea de atua\u00e7\u00e3o profissional, como a avalia\u00e7\u00e3o psicol\u00f3gica, \u00e9 comum surgirem d\u00favidas sobre como proceder, o que \u00e9 importante conhecer, como devemos nos preparar e quais os principais aspectos que devemos considerar para sermos bons profissionais. Nesta obra, professores de diferentes partes do Brasil, com experi\u00eancia em avalia\u00e7\u00e3o psicol\u00f3gica, buscam responder a perguntas-chave sobre o trabalho como avaliador e oferecer indica\u00e7\u00f5es pr\u00e1ticas para os que desejam se aprofundar nessa tem\u00e1tica. Os autores se dedicaram a responder aos questionamentos, destacando o pr\u00f3prio percurso como exemplo e indicando material para aprofundamento te\u00f3rico.<\/p>\n<hr \/>\n<p><strong>DOUTRINA SOCIAL DA IGREJA<\/strong><\/p>\n<p>A Doutrina Social da Igreja faz parte da miss\u00e3o evangelizadora da Igreja e por isso e um conte\u00fado essencial da evangeliza\u00e7\u00e3o, de tal forma que todos os projetos e atividades de evangeliza\u00e7\u00e3o deveriam contemplar essa dimens\u00e3o. Com linguagem simples, direta e organizado de forma didatica, este guia est\u00e1 dividido em quatro unidades tem\u00e1ticas e traz boxes com cita\u00e7\u00f5es de Documentos Sociais e do Comp\u00eandio de Doutrina Social da Igreja, bem como perguntas para avalia\u00e7\u00e3o e texto para aprofundamento no final de cada Unidade.<\/p>\n<hr \/>\n<p><strong>MACHO E FEMEA<\/strong><\/p>\n<p>Este livro \u2013 sem d\u00favida, um dos maiores cl\u00e1ssicos da Antropologia \u2013 tem como fundamento catorze anos de trabalho de campo e vinte e cinco anos de trabalho profissional. Isto poderia significar pouco se o nome da autora n\u00e3o fosse Margaret Mead. Aliam-se, pois, nesta obra, o g\u00eanio indiscut\u00edvel da renomada antrop\u00f3loga e o trabalho exaustivo de longos anos.<\/p>\n<hr \/>\n<p><strong>MEDITA\u00c7\u00c3O INTEGRAL<\/strong><\/p>\n<p>Quando os temas medita\u00e7\u00e3o e mindfullness se popularizam rapidamente pelo mundo, consideramos essencial lan\u00e7ar trabalhos de refer\u00eancia para orientadores e estudiosos s\u00e9rios do assunto. Ken Wilber n\u00e3o foge da complexidade que entrela\u00e7a as tradi\u00e7\u00f5es espirituais e os saberes contempor\u00e2neos porque est\u00e1 bem aparelhado para resolv\u00ea-la. Os modelos did\u00e1ticos que estruturam a sua mente perspicaz levam-nos a compreender que medita\u00e7\u00e3o e mindfullness s\u00e3o meio important\u00edssimos, embora n\u00e3o exclusivos, para que possamos alcan\u00e7ar nosso plenos potenciais espirituais e humanos, e que, portanto, sua fun\u00e7\u00e3o social extrapola a fama de promo\u00e7\u00e3o da sa\u00fade f\u00edsica e psicol\u00f3gica a que muitos parecem querer circunscrev\u00ea-las.<\/p>\n<hr \/>\n<p><strong>ESTRAT\u00c9GIAS DE APRENDIZAGEM<\/strong><\/p>\n<p>As estrat\u00e9gias de aprendizagem s\u00e3o procedimentos utilizados para facilitar a aprendizagem. Pesquisas evidenciam a import\u00e2ncia das estrat\u00e9gias de aprendizagem para o desempenho escolar e acad\u00eamico bem-sucedido, para a aprendizagem aut\u00f4noma, bem como para a conscientiza\u00e7\u00e3o e o controle das vari\u00e1veis psicol\u00f3gicas que interferem diretamente na aprendizagem. A presente obra foi concebida justamente para apresentar ao leitor interessado um conjunto s\u00f3lido de orienta\u00e7\u00f5es e atividades, al\u00e9m dos fundamentos te\u00f3ricos, para que possa ensinar e promover o uso de estrat\u00e9gias de aprendizagem cognitivas e metacognitivas.<\/p>\n<p>CONFIRA EM <strong><a href=\"http:\/\/vozes.com.br\/\">WWW.VOZES.COM.BR<\/a><\/strong><\/p>\n","protected":false},"excerpt":{"rendered":"<p>Lan\u00e7amentos da Vozes<\/p>\n","protected":false},"author":3,"featured_media":229621,"comment_status":"open","ping_status":"open","sticky":false,"template":"","format":"standard","meta":[],"categories":[1],"tags":[238],"acf":[],"yoast_head":"<!-- This site is optimized with the Yoast SEO plugin v19.2 - https:\/\/yoast.com\/wordpress\/plugins\/seo\/ -->\n<title>Novo livro de Joan Chittister entre os lan\u00e7amentos da Editora Vozes - Not\u00edcias - Franciscanos<\/title>\n<meta name=\"robots\" content=\"index, follow, max-snippet:-1, max-image-preview:large, max-video-preview:-1\" \/>\n<link rel=\"canonical\" href=\"https:\/\/franciscanos.org.br\/noticias\/novo-livro-de-joan-chittister-entre-os-lancamentos-da-editora-vozes.html\" \/>\n<meta property=\"og:locale\" content=\"pt_BR\" \/>\n<meta property=\"og:type\" content=\"article\" \/>\n<meta property=\"og:title\" content=\"Novo livro de Joan Chittister entre os lan\u00e7amentos da Editora Vozes - Not\u00edcias - Franciscanos\" \/>\n<meta property=\"og:description\" content=\"Lan\u00e7amentos da Vozes\" \/>\n<meta property=\"og:url\" content=\"https:\/\/franciscanos.org.br\/noticias\/novo-livro-de-joan-chittister-entre-os-lancamentos-da-editora-vozes.html\" \/>\n<meta property=\"og:site_name\" content=\"Not\u00edcias - Franciscanos\" \/>\n<meta property=\"article:published_time\" content=\"2020-12-02T14:20:46+00:00\" \/>\n<meta property=\"article:modified_time\" content=\"2020-12-02T16:23:30+00:00\" \/>\n<meta property=\"og:image\" content=\"https:\/\/franciscanos.org.br\/noticias\/wp-content\/uploads\/2020\/12\/vozes_3d.png\" \/>\n\t<meta property=\"og:image:width\" content=\"800\" \/>\n\t<meta property=\"og:image:height\" content=\"523\" \/>\n\t<meta property=\"og:image:type\" content=\"image\/png\" \/>\n<meta name=\"author\" content=\"moacir\" \/>\n<meta name=\"twitter:card\" content=\"summary_large_image\" \/>\n<meta name=\"twitter:label1\" content=\"Escrito por\" \/>\n\t<meta name=\"twitter:data1\" content=\"moacir\" \/>\n\t<meta name=\"twitter:label2\" content=\"Est. tempo de leitura\" \/>\n\t<meta name=\"twitter:data2\" content=\"4 minutos\" \/>\n<script type=\"application\/ld+json\" class=\"yoast-schema-graph\">{\"@context\":\"https:\/\/schema.org\",\"@graph\":[{\"@type\":\"WebSite\",\"@id\":\"https:\/\/franciscanos.org.br\/noticias\/#website\",\"url\":\"https:\/\/franciscanos.org.br\/noticias\/\",\"name\":\"Not\u00edcias - Franciscanos\",\"description\":\"Prov\u00edncia Franciscana da Imaculada Concei\u00e7\u00e3o do Brasil - Ordem dos Frades Menores - OFM\",\"potentialAction\":[{\"@type\":\"SearchAction\",\"target\":{\"@type\":\"EntryPoint\",\"urlTemplate\":\"https:\/\/franciscanos.org.br\/noticias\/?s={search_term_string}\"},\"query-input\":\"required name=search_term_string\"}],\"inLanguage\":\"pt-BR\"},{\"@type\":\"ImageObject\",\"inLanguage\":\"pt-BR\",\"@id\":\"https:\/\/franciscanos.org.br\/noticias\/novo-livro-de-joan-chittister-entre-os-lancamentos-da-editora-vozes.html#primaryimage\",\"url\":\"https:\/\/franciscanos.org.br\/noticias\/wp-content\/uploads\/2020\/12\/vozes_3d.png\",\"contentUrl\":\"https:\/\/franciscanos.org.br\/noticias\/wp-content\/uploads\/2020\/12\/vozes_3d.png\",\"width\":800,\"height\":523},{\"@type\":\"WebPage\",\"@id\":\"https:\/\/franciscanos.org.br\/noticias\/novo-livro-de-joan-chittister-entre-os-lancamentos-da-editora-vozes.html#webpage\",\"url\":\"https:\/\/franciscanos.org.br\/noticias\/novo-livro-de-joan-chittister-entre-os-lancamentos-da-editora-vozes.html\",\"name\":\"Novo livro de Joan Chittister entre os lan\u00e7amentos da Editora Vozes - Not\u00edcias - Franciscanos\",\"isPartOf\":{\"@id\":\"https:\/\/franciscanos.org.br\/noticias\/#website\"},\"primaryImageOfPage\":{\"@id\":\"https:\/\/franciscanos.org.br\/noticias\/novo-livro-de-joan-chittister-entre-os-lancamentos-da-editora-vozes.html#primaryimage\"},\"datePublished\":\"2020-12-02T14:20:46+00:00\",\"dateModified\":\"2020-12-02T16:23:30+00:00\",\"author\":{\"@id\":\"https:\/\/franciscanos.org.br\/noticias\/#\/schema\/person\/b5c8cba458c330ccff548b056e95a5d4\"},\"breadcrumb\":{\"@id\":\"https:\/\/franciscanos.org.br\/noticias\/novo-livro-de-joan-chittister-entre-os-lancamentos-da-editora-vozes.html#breadcrumb\"},\"inLanguage\":\"pt-BR\",\"potentialAction\":[{\"@type\":\"ReadAction\",\"target\":[\"https:\/\/franciscanos.org.br\/noticias\/novo-livro-de-joan-chittister-entre-os-lancamentos-da-editora-vozes.html\"]}]},{\"@type\":\"BreadcrumbList\",\"@id\":\"https:\/\/franciscanos.org.br\/noticias\/novo-livro-de-joan-chittister-entre-os-lancamentos-da-editora-vozes.html#breadcrumb\",\"itemListElement\":[{\"@type\":\"ListItem\",\"position\":1,\"name\":\"Home\",\"item\":\"https:\/\/franciscanos.org.br\/noticias\"},{\"@type\":\"ListItem\",\"position\":2,\"name\":\"Novo livro de Joan Chittister entre os lan\u00e7amentos da Editora Vozes\"}]},{\"@type\":\"Person\",\"@id\":\"https:\/\/franciscanos.org.br\/noticias\/#\/schema\/person\/b5c8cba458c330ccff548b056e95a5d4\",\"name\":\"moacir\",\"image\":{\"@type\":\"ImageObject\",\"inLanguage\":\"pt-BR\",\"@id\":\"https:\/\/franciscanos.org.br\/noticias\/#\/schema\/person\/image\/\",\"url\":\"https:\/\/secure.gravatar.com\/avatar\/d08aa2ce4c8dd416d4479aa8536fcf64?s=96&d=mm&r=g\",\"contentUrl\":\"https:\/\/secure.gravatar.com\/avatar\/d08aa2ce4c8dd416d4479aa8536fcf64?s=96&d=mm&r=g\",\"caption\":\"moacir\"},\"url\":\"https:\/\/franciscanos.org.br\/noticias\/author\/moacir\"}]}<\/script>\n<!-- \/ Yoast SEO plugin. -->","yoast_head_json":{"title":"Novo livro de Joan Chittister entre os lan\u00e7amentos da Editora Vozes - Not\u00edcias - Franciscanos","robots":{"index":"index","follow":"follow","max-snippet":"max-snippet:-1","max-image-preview":"max-image-preview:large","max-video-preview":"max-video-preview:-1"},"canonical":"https:\/\/franciscanos.org.br\/noticias\/novo-livro-de-joan-chittister-entre-os-lancamentos-da-editora-vozes.html","og_locale":"pt_BR","og_type":"article","og_title":"Novo livro de Joan Chittister entre os lan\u00e7amentos da Editora Vozes - Not\u00edcias - Franciscanos","og_description":"Lan\u00e7amentos da Vozes","og_url":"https:\/\/franciscanos.org.br\/noticias\/novo-livro-de-joan-chittister-entre-os-lancamentos-da-editora-vozes.html","og_site_name":"Not\u00edcias - Franciscanos","article_published_time":"2020-12-02T14:20:46+00:00","article_modified_time":"2020-12-02T16:23:30+00:00","og_image":[{"width":800,"height":523,"url":"https:\/\/franciscanos.org.br\/noticias\/wp-content\/uploads\/2020\/12\/vozes_3d.png","type":"image\/png"}],"author":"moacir","twitter_card":"summary_large_image","twitter_misc":{"Escrito por":"moacir","Est. tempo de leitura":"4 minutos"},"schema":{"@context":"https:\/\/schema.org","@graph":[{"@type":"WebSite","@id":"https:\/\/franciscanos.org.br\/noticias\/#website","url":"https:\/\/franciscanos.org.br\/noticias\/","name":"Not\u00edcias - Franciscanos","description":"Prov\u00edncia Franciscana da Imaculada Concei\u00e7\u00e3o do Brasil - Ordem dos Frades Menores - OFM","potentialAction":[{"@type":"SearchAction","target":{"@type":"EntryPoint","urlTemplate":"https:\/\/franciscanos.org.br\/noticias\/?s={search_term_string}"},"query-input":"required name=search_term_string"}],"inLanguage":"pt-BR"},{"@type":"ImageObject","inLanguage":"pt-BR","@id":"https:\/\/franciscanos.org.br\/noticias\/novo-livro-de-joan-chittister-entre-os-lancamentos-da-editora-vozes.html#primaryimage","url":"https:\/\/franciscanos.org.br\/noticias\/wp-content\/uploads\/2020\/12\/vozes_3d.png","contentUrl":"https:\/\/franciscanos.org.br\/noticias\/wp-content\/uploads\/2020\/12\/vozes_3d.png","width":800,"height":523},{"@type":"WebPage","@id":"https:\/\/franciscanos.org.br\/noticias\/novo-livro-de-joan-chittister-entre-os-lancamentos-da-editora-vozes.html#webpage","url":"https:\/\/franciscanos.org.br\/noticias\/novo-livro-de-joan-chittister-entre-os-lancamentos-da-editora-vozes.html","name":"Novo livro de Joan Chittister entre os lan\u00e7amentos da Editora Vozes - Not\u00edcias - Franciscanos","isPartOf":{"@id":"https:\/\/franciscanos.org.br\/noticias\/#website"},"primaryImageOfPage":{"@id":"https:\/\/franciscanos.org.br\/noticias\/novo-livro-de-joan-chittister-entre-os-lancamentos-da-editora-vozes.html#primaryimage"},"datePublished":"2020-12-02T14:20:46+00:00","dateModified":"2020-12-02T16:23:30+00:00","author":{"@id":"https:\/\/franciscanos.org.br\/noticias\/#\/schema\/person\/b5c8cba458c330ccff548b056e95a5d4"},"breadcrumb":{"@id":"https:\/\/franciscanos.org.br\/noticias\/novo-livro-de-joan-chittister-entre-os-lancamentos-da-editora-vozes.html#breadcrumb"},"inLanguage":"pt-BR","potentialAction":[{"@type":"ReadAction","target":["https:\/\/franciscanos.org.br\/noticias\/novo-livro-de-joan-chittister-entre-os-lancamentos-da-editora-vozes.html"]}]},{"@type":"BreadcrumbList","@id":"https:\/\/franciscanos.org.br\/noticias\/novo-livro-de-joan-chittister-entre-os-lancamentos-da-editora-vozes.html#breadcrumb","itemListElement":[{"@type":"ListItem","position":1,"name":"Home","item":"https:\/\/franciscanos.org.br\/noticias"},{"@type":"ListItem","position":2,"name":"Novo livro de Joan Chittister entre os lan\u00e7amentos da Editora Vozes"}]},{"@type":"Person","@id":"https:\/\/franciscanos.org.br\/noticias\/#\/schema\/person\/b5c8cba458c330ccff548b056e95a5d4","name":"moacir","image":{"@type":"ImageObject","inLanguage":"pt-BR","@id":"https:\/\/franciscanos.org.br\/noticias\/#\/schema\/person\/image\/","url":"https:\/\/secure.gravatar.com\/avatar\/d08aa2ce4c8dd416d4479aa8536fcf64?s=96&d=mm&r=g","contentUrl":"https:\/\/secure.gravatar.com\/avatar\/d08aa2ce4c8dd416d4479aa8536fcf64?s=96&d=mm&r=g","caption":"moacir"},"url":"https:\/\/franciscanos.org.br\/noticias\/author\/moacir"}]}},"_links":{"self":[{"href":"https:\/\/franciscanos.org.br\/noticias\/wp-json\/wp\/v2\/posts\/229617"}],"collection":[{"href":"https:\/\/franciscanos.org.br\/noticias\/wp-json\/wp\/v2\/posts"}],"about":[{"href":"https:\/\/franciscanos.org.br\/noticias\/wp-json\/wp\/v2\/types\/post"}],"author":[{"embeddable":true,"href":"https:\/\/franciscanos.org.br\/noticias\/wp-json\/wp\/v2\/users\/3"}],"replies":[{"embeddable":true,"href":"https:\/\/franciscanos.org.br\/noticias\/wp-json\/wp\/v2\/comments?post=229617"}],"version-history":[{"count":5,"href":"https:\/\/franciscanos.org.br\/noticias\/wp-json\/wp\/v2\/posts\/229617\/revisions"}],"predecessor-version":[{"id":229627,"href":"https:\/\/franciscanos.org.br\/noticias\/wp-json\/wp\/v2\/posts\/229617\/revisions\/229627"}],"wp:featuredmedia":[{"embeddable":true,"href":"https:\/\/franciscanos.org.br\/noticias\/wp-json\/wp\/v2\/media\/229621"}],"wp:attachment":[{"href":"https:\/\/franciscanos.org.br\/noticias\/wp-json\/wp\/v2\/media?parent=229617"}],"wp:term":[{"taxonomy":"category","embeddable":true,"href":"https:\/\/franciscanos.org.br\/noticias\/wp-json\/wp\/v2\/categories?post=229617"},{"taxonomy":"post_tag","embeddable":true,"href":"https:\/\/franciscanos.org.br\/noticias\/wp-json\/wp\/v2\/tags?post=229617"}],"curies":[{"name":"wp","href":"https:\/\/api.w.org\/{rel}","templated":true}]}}