{"id":229593,"date":"2020-11-30T10:33:48","date_gmt":"2020-11-30T13:33:48","guid":{"rendered":"https:\/\/franciscanos.org.br\/noticias\/?p=229593"},"modified":"2020-12-01T07:54:36","modified_gmt":"2020-12-01T10:54:36","slug":"cinco-jovens-fazem-a-profissao-solene-neste-sabado","status":"publish","type":"post","link":"https:\/\/franciscanos.org.br\/noticias\/cinco-jovens-fazem-a-profissao-solene-neste-sabado.html","title":{"rendered":"Cinco jovens fazem a Profiss\u00e3o Solene neste s\u00e1bado"},"content":{"rendered":"<p><img loading=\"lazy\" class=\"alignnone wp-image-229608 size-full\" src=\"https:\/\/franciscanos.org.br\/noticias\/wp-content\/uploads\/2020\/11\/profiss\u00e3o-1200.jpg\" alt=\"\" width=\"1200\" height=\"630\" srcset=\"https:\/\/franciscanos.org.br\/noticias\/wp-content\/uploads\/2020\/11\/profiss\u00e3o-1200.jpg 1200w, https:\/\/franciscanos.org.br\/noticias\/wp-content\/uploads\/2020\/11\/profiss\u00e3o-1200-450x236.jpg 450w, https:\/\/franciscanos.org.br\/noticias\/wp-content\/uploads\/2020\/11\/profiss\u00e3o-1200-1024x538.jpg 1024w, https:\/\/franciscanos.org.br\/noticias\/wp-content\/uploads\/2020\/11\/profiss\u00e3o-1200-768x403.jpg 768w, https:\/\/franciscanos.org.br\/noticias\/wp-content\/uploads\/2020\/11\/profiss\u00e3o-1200-150x79.jpg 150w\" sizes=\"(max-width: 1200px) 100vw, 1200px\" \/><\/p>\n<p>Mais uma vez, como tradicionalmente acontece h\u00e1 mais de cem anos, a Igreja do Sagrado Cora\u00e7\u00e3o de Jesus de Petr\u00f3polis (RJ) vai ser testemunha da Profiss\u00e3o Solene de cinco frades da Prov\u00edncia Franciscana da Imaculada Concei\u00e7\u00e3o do Brasil, neste s\u00e1bado (5\/12), durante Celebra\u00e7\u00e3o Eucar\u00edstica, \u00e0s 9h00.<\/p>\n<p>A profiss\u00e3o solene, o \u00faltimo degrau para um frade ingressar definitivamente na vida religiosa, ser\u00e1 feita pelos jovens: Frei Augusto Luiz Gabriel, Frei David Belinelli, Frei Heberti Senra In\u00e1cio, Frei Leandro Ferreira Silva\u00a0 e Frei Tiago Gomes Elias. O Ministro Provincial Frei C\u00e9sar K\u00fclkamp \u00e9 quem vai receber os votos. Esta turma escolheu como lema da profiss\u00e3o uma estrofe (14) do C\u00e2ntico do Irm\u00e3o Sol: &#8220;Louvai e bendizei a meu Senhor e dai-lhe gra\u00e7as, e servi-o com grande humildade&#8221;.<\/p>\n<p>Cada um dos cinco frades far\u00e3o a profiss\u00e3o, comprometendo-se seguir Jesus Cristo e observando os conselhos evang\u00e9licos: \u201cPara louvor e gl\u00f3ria da Sant\u00edssima Trindade, eu, frei\u2026 tendo o Senhor me dado a gra\u00e7a de seguir mais de perto o Evangelho e os passos de Nosso Senhor Jesus Cristo, em tuas m\u00e3os, Frei C\u00e9sar K\u00fclkamp, com firme f\u00e9 e vontade, fa\u00e7o voto a Deus, Pai santo e todo-poderoso, de viver por todo o tempo de minha vida, em obedi\u00eancia, sem nada de pr\u00f3prio e em castidade. Ao mesmo tempo, professo a vida e a Regra dos Frades Menores, confirmada pelo Papa Hon\u00f3rio, e prometo observ\u00e1-la fielmente segundo as Constitui\u00e7\u00f5es da Ordem dos Frades Menores. Entrego-me, pois, de todo o cora\u00e7\u00e3o a esta Fraternidade, para que, pela a\u00e7\u00e3o eficaz do Esp\u00edrito Santo, guiado pelo exemplo de Maria Imaculada, por intercess\u00e3o de nosso Pai S\u00e3o Francisco e de todos os santos, e com a ajuda fraterna de todos, eu possa tender constantemente para a perfeita caridade, no servi\u00e7o a Deus, \u00e0 Igreja e aos homens\u201d.<\/p>\n<p>\u201cNa verdade, \u00e9 uma profiss\u00e3o p\u00fablica, de um compromisso de buscar seguir mais de perto a Jesus Cristo, observando os conselhos evang\u00e9licos, de viver por todo o tempo da vida sem nada de pr\u00f3prio, em obedi\u00eancia e em castidade. E isso se d\u00e1 ap\u00f3s um percurso de vida que come\u00e7a com a consagra\u00e7\u00e3o batismal, passando pelo discernimento vocacional, as etapas da forma\u00e7\u00e3o inicial na Ordem (postulantado, noviciado e profiss\u00e3o tempor\u00e1ria) at\u00e9 o frade, de livre e espont\u00e2nea vontade, com gestos vis\u00edveis, se entregar definitivamente \u00e0 fraternidade provincial\u201d, explica o mestre Frei Marcos Ant\u00f4nio de Andrade.<\/p>\n<p>O rito da profiss\u00e3o perp\u00e9tua celebra-se dentro da Missa, com a devida solenidade e a participa\u00e7\u00e3o da comunidade, neste ano com as devidas normas sanit\u00e1rias por causa da pandemia. Depois da leitura do Evangelho, come\u00e7a-se o rito na seguinte ordem: chamado do professando; apresenta\u00e7\u00e3o de sua trajet\u00f3ria vocacional; di\u00e1logo com o celebrante; homilia; prostra\u00e7\u00e3o e Ladainha de Todos os Santos; profiss\u00e3o dos votos e b\u00ean\u00e7\u00e3o aos professandos.<\/p>\n<p>A Profiss\u00e3o Solene \u00e9 o ponto culminante de uma caminhada formativa amadurecida na f\u00e9, no discernimento e na resposta generosa que se d\u00e1 a uma proposta de inspira\u00e7\u00e3o divina.<\/p>\n<p><img loading=\"lazy\" src=\"https:\/\/franciscanos.org.br\/noticias\/wp-content\/uploads\/2020\/11\/profiss\u00e3o-5-frades.jpg\" alt=\"\" width=\"840\" height=\"561\" \/><\/p>\n<h2 style=\"text-align: center;\"><strong>CONVITE<\/strong><\/h2>\n<p><img loading=\"lazy\" src=\"https:\/\/franciscanos.org.br\/noticias\/wp-content\/uploads\/2020\/11\/profiss\u00e3o-convite-1.jpg\" alt=\"\" width=\"840\" height=\"469\" \/><\/p>\n","protected":false},"excerpt":{"rendered":"<p>Profiss\u00e3o Solene em Petr\u00f3polis<\/p>\n","protected":false},"author":7,"featured_media":229594,"comment_status":"open","ping_status":"open","sticky":false,"template":"","format":"standard","meta":[],"categories":[1],"tags":[190,418],"acf":[],"yoast_head":"<!-- This site is optimized with the Yoast SEO plugin v19.2 - https:\/\/yoast.com\/wordpress\/plugins\/seo\/ -->\n<title>Cinco jovens fazem a Profiss\u00e3o Solene neste s\u00e1bado - Not\u00edcias - Franciscanos<\/title>\n<meta name=\"robots\" content=\"index, follow, max-snippet:-1, max-image-preview:large, max-video-preview:-1\" \/>\n<link rel=\"canonical\" href=\"https:\/\/franciscanos.org.br\/noticias\/cinco-jovens-fazem-a-profissao-solene-neste-sabado.html\" \/>\n<meta property=\"og:locale\" content=\"pt_BR\" \/>\n<meta property=\"og:type\" content=\"article\" \/>\n<meta property=\"og:title\" content=\"Cinco jovens fazem a Profiss\u00e3o Solene neste s\u00e1bado - Not\u00edcias - Franciscanos\" \/>\n<meta property=\"og:description\" content=\"Profiss\u00e3o Solene em Petr\u00f3polis\" \/>\n<meta property=\"og:url\" content=\"https:\/\/franciscanos.org.br\/noticias\/cinco-jovens-fazem-a-profissao-solene-neste-sabado.html\" \/>\n<meta property=\"og:site_name\" content=\"Not\u00edcias - Franciscanos\" \/>\n<meta property=\"article:published_time\" content=\"2020-11-30T13:33:48+00:00\" \/>\n<meta property=\"article:modified_time\" content=\"2020-12-01T10:54:36+00:00\" \/>\n<meta property=\"og:image\" content=\"https:\/\/franciscanos.org.br\/noticias\/wp-content\/uploads\/2020\/11\/profiss\u00e3o-800.jpg\" \/>\n\t<meta property=\"og:image:width\" content=\"800\" \/>\n\t<meta property=\"og:image:height\" content=\"600\" \/>\n\t<meta property=\"og:image:type\" content=\"image\/jpeg\" \/>\n<meta name=\"author\" content=\"jovenal\" \/>\n<meta name=\"twitter:card\" content=\"summary_large_image\" \/>\n<meta name=\"twitter:label1\" content=\"Escrito por\" \/>\n\t<meta name=\"twitter:data1\" content=\"jovenal\" \/>\n\t<meta name=\"twitter:label2\" content=\"Est. tempo de leitura\" \/>\n\t<meta name=\"twitter:data2\" content=\"3 minutos\" \/>\n<script type=\"application\/ld+json\" class=\"yoast-schema-graph\">{\"@context\":\"https:\/\/schema.org\",\"@graph\":[{\"@type\":\"WebSite\",\"@id\":\"https:\/\/franciscanos.org.br\/noticias\/#website\",\"url\":\"https:\/\/franciscanos.org.br\/noticias\/\",\"name\":\"Not\u00edcias - Franciscanos\",\"description\":\"Prov\u00edncia Franciscana da Imaculada Concei\u00e7\u00e3o do Brasil - Ordem dos Frades Menores - OFM\",\"potentialAction\":[{\"@type\":\"SearchAction\",\"target\":{\"@type\":\"EntryPoint\",\"urlTemplate\":\"https:\/\/franciscanos.org.br\/noticias\/?s={search_term_string}\"},\"query-input\":\"required name=search_term_string\"}],\"inLanguage\":\"pt-BR\"},{\"@type\":\"ImageObject\",\"inLanguage\":\"pt-BR\",\"@id\":\"https:\/\/franciscanos.org.br\/noticias\/cinco-jovens-fazem-a-profissao-solene-neste-sabado.html#primaryimage\",\"url\":\"https:\/\/franciscanos.org.br\/noticias\/wp-content\/uploads\/2020\/11\/profiss\u00e3o-800.jpg\",\"contentUrl\":\"https:\/\/franciscanos.org.br\/noticias\/wp-content\/uploads\/2020\/11\/profiss\u00e3o-800.jpg\",\"width\":800,\"height\":600},{\"@type\":\"WebPage\",\"@id\":\"https:\/\/franciscanos.org.br\/noticias\/cinco-jovens-fazem-a-profissao-solene-neste-sabado.html#webpage\",\"url\":\"https:\/\/franciscanos.org.br\/noticias\/cinco-jovens-fazem-a-profissao-solene-neste-sabado.html\",\"name\":\"Cinco jovens fazem a Profiss\u00e3o Solene neste s\u00e1bado - Not\u00edcias - Franciscanos\",\"isPartOf\":{\"@id\":\"https:\/\/franciscanos.org.br\/noticias\/#website\"},\"primaryImageOfPage\":{\"@id\":\"https:\/\/franciscanos.org.br\/noticias\/cinco-jovens-fazem-a-profissao-solene-neste-sabado.html#primaryimage\"},\"datePublished\":\"2020-11-30T13:33:48+00:00\",\"dateModified\":\"2020-12-01T10:54:36+00:00\",\"author\":{\"@id\":\"https:\/\/franciscanos.org.br\/noticias\/#\/schema\/person\/c3a26b08313dd1772495ce300ab257cc\"},\"breadcrumb\":{\"@id\":\"https:\/\/franciscanos.org.br\/noticias\/cinco-jovens-fazem-a-profissao-solene-neste-sabado.html#breadcrumb\"},\"inLanguage\":\"pt-BR\",\"potentialAction\":[{\"@type\":\"ReadAction\",\"target\":[\"https:\/\/franciscanos.org.br\/noticias\/cinco-jovens-fazem-a-profissao-solene-neste-sabado.html\"]}]},{\"@type\":\"BreadcrumbList\",\"@id\":\"https:\/\/franciscanos.org.br\/noticias\/cinco-jovens-fazem-a-profissao-solene-neste-sabado.html#breadcrumb\",\"itemListElement\":[{\"@type\":\"ListItem\",\"position\":1,\"name\":\"Home\",\"item\":\"https:\/\/franciscanos.org.br\/noticias\"},{\"@type\":\"ListItem\",\"position\":2,\"name\":\"Cinco jovens fazem a Profiss\u00e3o Solene neste s\u00e1bado\"}]},{\"@type\":\"Person\",\"@id\":\"https:\/\/franciscanos.org.br\/noticias\/#\/schema\/person\/c3a26b08313dd1772495ce300ab257cc\",\"name\":\"jovenal\",\"image\":{\"@type\":\"ImageObject\",\"inLanguage\":\"pt-BR\",\"@id\":\"https:\/\/franciscanos.org.br\/noticias\/#\/schema\/person\/image\/\",\"url\":\"https:\/\/secure.gravatar.com\/avatar\/e94509f531086e2eaf97e72f29ea00f9?s=96&d=mm&r=g\",\"contentUrl\":\"https:\/\/secure.gravatar.com\/avatar\/e94509f531086e2eaf97e72f29ea00f9?s=96&d=mm&r=g\",\"caption\":\"jovenal\"},\"url\":\"https:\/\/franciscanos.org.br\/noticias\/author\/jovenal\"}]}<\/script>\n<!-- \/ Yoast SEO plugin. -->","yoast_head_json":{"title":"Cinco jovens fazem a Profiss\u00e3o Solene neste s\u00e1bado - Not\u00edcias - Franciscanos","robots":{"index":"index","follow":"follow","max-snippet":"max-snippet:-1","max-image-preview":"max-image-preview:large","max-video-preview":"max-video-preview:-1"},"canonical":"https:\/\/franciscanos.org.br\/noticias\/cinco-jovens-fazem-a-profissao-solene-neste-sabado.html","og_locale":"pt_BR","og_type":"article","og_title":"Cinco jovens fazem a Profiss\u00e3o Solene neste s\u00e1bado - Not\u00edcias - Franciscanos","og_description":"Profiss\u00e3o Solene em Petr\u00f3polis","og_url":"https:\/\/franciscanos.org.br\/noticias\/cinco-jovens-fazem-a-profissao-solene-neste-sabado.html","og_site_name":"Not\u00edcias - Franciscanos","article_published_time":"2020-11-30T13:33:48+00:00","article_modified_time":"2020-12-01T10:54:36+00:00","og_image":[{"width":800,"height":600,"url":"https:\/\/franciscanos.org.br\/noticias\/wp-content\/uploads\/2020\/11\/profiss\u00e3o-800.jpg","type":"image\/jpeg"}],"author":"jovenal","twitter_card":"summary_large_image","twitter_misc":{"Escrito por":"jovenal","Est. tempo de leitura":"3 minutos"},"schema":{"@context":"https:\/\/schema.org","@graph":[{"@type":"WebSite","@id":"https:\/\/franciscanos.org.br\/noticias\/#website","url":"https:\/\/franciscanos.org.br\/noticias\/","name":"Not\u00edcias - Franciscanos","description":"Prov\u00edncia Franciscana da Imaculada Concei\u00e7\u00e3o do Brasil - Ordem dos Frades Menores - OFM","potentialAction":[{"@type":"SearchAction","target":{"@type":"EntryPoint","urlTemplate":"https:\/\/franciscanos.org.br\/noticias\/?s={search_term_string}"},"query-input":"required name=search_term_string"}],"inLanguage":"pt-BR"},{"@type":"ImageObject","inLanguage":"pt-BR","@id":"https:\/\/franciscanos.org.br\/noticias\/cinco-jovens-fazem-a-profissao-solene-neste-sabado.html#primaryimage","url":"https:\/\/franciscanos.org.br\/noticias\/wp-content\/uploads\/2020\/11\/profiss\u00e3o-800.jpg","contentUrl":"https:\/\/franciscanos.org.br\/noticias\/wp-content\/uploads\/2020\/11\/profiss\u00e3o-800.jpg","width":800,"height":600},{"@type":"WebPage","@id":"https:\/\/franciscanos.org.br\/noticias\/cinco-jovens-fazem-a-profissao-solene-neste-sabado.html#webpage","url":"https:\/\/franciscanos.org.br\/noticias\/cinco-jovens-fazem-a-profissao-solene-neste-sabado.html","name":"Cinco jovens fazem a Profiss\u00e3o Solene neste s\u00e1bado - Not\u00edcias - Franciscanos","isPartOf":{"@id":"https:\/\/franciscanos.org.br\/noticias\/#website"},"primaryImageOfPage":{"@id":"https:\/\/franciscanos.org.br\/noticias\/cinco-jovens-fazem-a-profissao-solene-neste-sabado.html#primaryimage"},"datePublished":"2020-11-30T13:33:48+00:00","dateModified":"2020-12-01T10:54:36+00:00","author":{"@id":"https:\/\/franciscanos.org.br\/noticias\/#\/schema\/person\/c3a26b08313dd1772495ce300ab257cc"},"breadcrumb":{"@id":"https:\/\/franciscanos.org.br\/noticias\/cinco-jovens-fazem-a-profissao-solene-neste-sabado.html#breadcrumb"},"inLanguage":"pt-BR","potentialAction":[{"@type":"ReadAction","target":["https:\/\/franciscanos.org.br\/noticias\/cinco-jovens-fazem-a-profissao-solene-neste-sabado.html"]}]},{"@type":"BreadcrumbList","@id":"https:\/\/franciscanos.org.br\/noticias\/cinco-jovens-fazem-a-profissao-solene-neste-sabado.html#breadcrumb","itemListElement":[{"@type":"ListItem","position":1,"name":"Home","item":"https:\/\/franciscanos.org.br\/noticias"},{"@type":"ListItem","position":2,"name":"Cinco jovens fazem a Profiss\u00e3o Solene neste s\u00e1bado"}]},{"@type":"Person","@id":"https:\/\/franciscanos.org.br\/noticias\/#\/schema\/person\/c3a26b08313dd1772495ce300ab257cc","name":"jovenal","image":{"@type":"ImageObject","inLanguage":"pt-BR","@id":"https:\/\/franciscanos.org.br\/noticias\/#\/schema\/person\/image\/","url":"https:\/\/secure.gravatar.com\/avatar\/e94509f531086e2eaf97e72f29ea00f9?s=96&d=mm&r=g","contentUrl":"https:\/\/secure.gravatar.com\/avatar\/e94509f531086e2eaf97e72f29ea00f9?s=96&d=mm&r=g","caption":"jovenal"},"url":"https:\/\/franciscanos.org.br\/noticias\/author\/jovenal"}]}},"_links":{"self":[{"href":"https:\/\/franciscanos.org.br\/noticias\/wp-json\/wp\/v2\/posts\/229593"}],"collection":[{"href":"https:\/\/franciscanos.org.br\/noticias\/wp-json\/wp\/v2\/posts"}],"about":[{"href":"https:\/\/franciscanos.org.br\/noticias\/wp-json\/wp\/v2\/types\/post"}],"author":[{"embeddable":true,"href":"https:\/\/franciscanos.org.br\/noticias\/wp-json\/wp\/v2\/users\/7"}],"replies":[{"embeddable":true,"href":"https:\/\/franciscanos.org.br\/noticias\/wp-json\/wp\/v2\/comments?post=229593"}],"version-history":[{"count":9,"href":"https:\/\/franciscanos.org.br\/noticias\/wp-json\/wp\/v2\/posts\/229593\/revisions"}],"predecessor-version":[{"id":229609,"href":"https:\/\/franciscanos.org.br\/noticias\/wp-json\/wp\/v2\/posts\/229593\/revisions\/229609"}],"wp:featuredmedia":[{"embeddable":true,"href":"https:\/\/franciscanos.org.br\/noticias\/wp-json\/wp\/v2\/media\/229594"}],"wp:attachment":[{"href":"https:\/\/franciscanos.org.br\/noticias\/wp-json\/wp\/v2\/media?parent=229593"}],"wp:term":[{"taxonomy":"category","embeddable":true,"href":"https:\/\/franciscanos.org.br\/noticias\/wp-json\/wp\/v2\/categories?post=229593"},{"taxonomy":"post_tag","embeddable":true,"href":"https:\/\/franciscanos.org.br\/noticias\/wp-json\/wp\/v2\/tags?post=229593"}],"curies":[{"name":"wp","href":"https:\/\/api.w.org\/{rel}","templated":true}]}}