{"id":229576,"date":"2020-11-29T13:28:10","date_gmt":"2020-11-29T16:28:10","guid":{"rendered":"https:\/\/franciscanos.org.br\/noticias\/?p=229576"},"modified":"2020-11-29T18:30:39","modified_gmt":"2020-11-29T21:30:39","slug":"25-anos-de-sacerdocio-frei-cesar-kulkamp-sao-paulo-29-11-2020","status":"publish","type":"post","link":"https:\/\/franciscanos.org.br\/noticias\/25-anos-de-sacerdocio-frei-cesar-kulkamp-sao-paulo-29-11-2020.html","title":{"rendered":"25 anos de sacerd\u00f3cio \u2013 Frei C\u00e9sar K\u00fclkamp \u2013 S\u00e3o Paulo, 29\/11\/2020"},"content":{"rendered":"<p><img loading=\"lazy\" class=\"alignnone size-full wp-image-229577\" src=\"https:\/\/franciscanos.org.br\/noticias\/wp-content\/uploads\/2020\/11\/homilia.jpg\" alt=\"\" width=\"1280\" height=\"720\" srcset=\"https:\/\/franciscanos.org.br\/noticias\/wp-content\/uploads\/2020\/11\/homilia.jpg 1280w, https:\/\/franciscanos.org.br\/noticias\/wp-content\/uploads\/2020\/11\/homilia-450x253.jpg 450w, https:\/\/franciscanos.org.br\/noticias\/wp-content\/uploads\/2020\/11\/homilia-1024x576.jpg 1024w, https:\/\/franciscanos.org.br\/noticias\/wp-content\/uploads\/2020\/11\/homilia-768x432.jpg 768w, https:\/\/franciscanos.org.br\/noticias\/wp-content\/uploads\/2020\/11\/homilia-150x84.jpg 150w\" sizes=\"(max-width: 1280px) 100vw, 1280px\" \/><\/p>\n<p>Estimados confrades, familiares, amigos e irm\u00e3os e irm\u00e3s aqui presentes ou acompanhando pela transmiss\u00e3o,<\/p>\n<p>a todos voc\u00eas, paz e bem!<\/p>\n<p>A t\u00f4nica principal desta celebra\u00e7\u00e3o \u00e9 o j\u00fabilo, ou seja, a alegria. A Sagrada Escritura tem muitas passagens que falam do j\u00fabilo. Isa\u00edas nos recorda: \u201c<em>Os humildes aumentar\u00e3o sua alegria no Senhor, e os mais pobres dos homens se rejubilar\u00e3o no Santo de Israel<\/em>\u201d (Is 29,19).<\/p>\n<p>O Profeta nos ensina que em Deus est\u00e1 a fonte da verdadeira alegria. E essa alegria \u00e9 dada aos humildes e aos mais pobres de entre os homens. N\u00e3o \u00e9 a alegria dos prepotentes, dos ricos e dos poderosos. \u00c9 a alegria de quem confia em Deus, de quem p\u00f5e nele toda a sua esperan\u00e7a. Estes n\u00e3o ser\u00e3o esquecidos. Esta \u00e9 a promessa que Deus mesmo nos faz. Isto significa que para viver da f\u00e9 \u00e9 preciso ter um cora\u00e7\u00e3o humilde e de pobre.<\/p>\n<p>Hoje \u00e9 dia em que celebramos os santos e santas da Fam\u00edlia Franciscana. E s\u00e3o quase 500 canonizados ou beatificados pela Igreja. Mas, h\u00e1 certamente uma multid\u00e3o muit\u00edssima maior de verdadeiros santos e santas que nem chegaram a ser reconhecidos oficialmente pela Igreja, mas foram disc\u00edpulos e disc\u00edpulas muito fi\u00e9is ao seguimento de Jesus Cristo e verdadeiras refer\u00eancias para tanta gente. Em nosso meio mesmo, quantas pessoas santas n\u00f3s conhecemos.<\/p>\n<p>E estamos em j\u00fabilo porque hoje come\u00e7amos o tempo forte do Advento, tempo de prepara\u00e7\u00e3o para o Natal do Senhor. Natal \u00e9 a festa da encarna\u00e7\u00e3o do nosso Deus. Um Deus que j\u00e1 n\u00e3o est\u00e1 mais distante de n\u00f3s, l\u00e1 nas nuvens, acima c\u00e9us, mas se faz pr\u00f3ximo, pequeno na fragilidade de uma crian\u00e7a. Ele nasceu pobre e veio ao encontro dos pobres.<\/p>\n<p>Mas, o Advento ainda n\u00e3o \u00e9 o Natal. Ele \u00e9 prepara\u00e7\u00e3o para o Natal. Infelizmente, o mercado antecipa as coisas. As propagandas j\u00e1 querem trazer o ambiente do Natal, com m\u00fasicas, sinos e muitas cores. Mas, o interesse \u00e9 vender e Jesus n\u00e3o est\u00e1 no centro da aten\u00e7\u00e3o das pessoas.<\/p>\n<p>A liturgia da Igreja se organiza em tempos \u2013 tempo do Advento, do Natal, da Quaresma, tempo Pascal, Comum e assim vai. Todos estes tempos est\u00e3o ligados \u00e0 vida de Jesus, aos grandes mist\u00e9rios da sua vida. E n\u00f3s somos convidados a contemplar estes mist\u00e9rios. E neles, a nossa vida \u00e9 inspirada pela vida de Jesus.<\/p>\n<p>\u00c9 preciso sentir o tempo. Hoje vivemos tempos muito acelerados. Pessoas correndo cada vez mais e menos atentas umas \u00e0s outras. O Papa Francisco, na carta Fratelli Tutti, Todos Irm\u00e3os, nos diz: \u00ab<em>o mundo de hoje, na sua maioria, e\u0301 um mundo surdo (&#8230;). \u00c0s vezes a velocidade do mundo moderno, o frenesi impede-nos de escutar bem o que outro diz. Quando esta\u0301 no meio do seu di\u00e1logo, ja\u0301 o interrompemos e queremos replicar quando ele ainda n\u00e3o acabou de falar. N\u00e3o devemos perder a capacidade de escuta<\/em>\u00bb (N<sup>o<\/sup>. 48). E \u00e9 preciso batalhar muito para vencer na vida. Mas, corremos o risco de, em tudo isto, perder a vida.<\/p>\n<p>Hoje vivemos tempos de medo e de tens\u00f5es. Estamos no meio de uma pandemia, com graves riscos \u00e0 sa\u00fade p\u00fablica. N\u00fameros assustadores de pessoas infectadas e de mortos em todo o mundo e tamb\u00e9m bem perto de n\u00f3s. Tempos de inquieta\u00e7\u00e3o social, de polariza\u00e7\u00e3o entre as pessoas por quest\u00f5es pol\u00edticas. Hoje \u00e9 o segundo turno das elei\u00e7\u00f5es municipais. Muitas pessoas est\u00e3o se dividindo por ideologias contr\u00e1rias. Corremos o risco de perder o precioso tempo da boa conviv\u00eancia com as pessoas que mais amamos. Vivemos um tempo de aridez espiritual em que dinheiro, status social valem mais do que Deus. Ou ent\u00e3o com experi\u00eancias de fundamentalismo religioso, instrumentaliza\u00e7\u00e3o da religi\u00e3o, seja para interesses pol\u00edticos que n\u00e3o defendem a vida e a fam\u00edlia, mas defendem interesses particulares e ego\u00edstas. Corremos o risco de perder o tempo da ilumina\u00e7\u00e3o, da f\u00e9, da convers\u00e3o, o tempo de Deus.<\/p>\n<p>E hoje iniciamos este tempo de advento, o tempo de revivermos a espera pelo messias. O povo de Israel n\u00e3o foi sempre fiel. O profeta Isa\u00edas, na primeira leitura, chega a cobrar de Deus: \u201cpor que deixaste nossos cora\u00e7\u00f5es endurecerem a ponto de n\u00e3o mais vos temer?\u201d Mas, o povo de Israel sempre voltou a esta esperan\u00e7a: o Senhor vir\u00e1! Porque Tu \u201c\u00e9s nosso Pai e n\u00f3s somos obra de tuas m\u00e3os\u201d.<\/p>\n<p>O Evangelho, na passagem de Marcos, nos convida a uma esperan\u00e7a respons\u00e1vel e vigilante. E isto n\u00e3o \u00e9 porque o crist\u00e3o precise ter medo do Senhor, mas para que ele se comprometa a construir um mundo mais de acordo com os valores do Senhor: com mais justi\u00e7a, mais fraternidade, com mais amor entre as pessoas. S\u00e3o os valores do Reino de Deus.<\/p>\n<p>As palavras mais fortes deste tempo do advento s\u00e3o a vinda e a presen\u00e7a. O nosso Deus j\u00e1 est\u00e1 presente entre n\u00f3s, Ele j\u00e1 se encarnou em Jesus Cristo e n\u00e3o estamos mais sozinhos. Ao celebrarmos a sua vinda nos comprometemos com o seu Reino, com a edifica\u00e7\u00e3o do povo de Deus.<\/p>\n<p>Por isso, \u00e9 tamb\u00e9m o tempo da convers\u00e3o, da transforma\u00e7\u00e3o de n\u00f3s mesmos e do mundo ao nosso redor. E a convers\u00e3o s\u00f3 \u00e9 poss\u00edvel porque Deus nos oferece sua miseric\u00f3rdia. \u00c9 ele quem abre o nosso cora\u00e7\u00e3o. Mas, precisamos estar atentos \u00e0 presen\u00e7a de Deus em nossa vida.<\/p>\n<p>Estar vigilante, atento n\u00e3o significa ficar apenas cuidando para n\u00e3o pecar, fugir do erro e das nossas fraquezas humanas. Elas j\u00e1 foram assumidas por Deus quando assumiu a nossa carne. Estar atento \u00e9 procurar aproximar-se de Deus, assim como Deus vem ao nosso encontro. \u00c9 fazer com que tudo em nossa vida concorra para nos abrirmos mais a Ele. E a\u00ed nossa vida ser\u00e1 tamb\u00e9m abertura para o nosso irm\u00e3o. O Reino \u00e9 comunidade, n\u00e3o \u00e9 solid\u00e3o.<\/p>\n<p>\u00c9 preciso sentir o tempo. Nesta din\u00e2mica do tempo de Deus que \u00e9 o tempo dos irm\u00e3os quero agradecer hoje por este tempo vivido no minist\u00e9rio, no servi\u00e7o sacerdotal. Foram tantos a colaborar, desde o seio familiar e o per\u00edodo de forma\u00e7\u00e3o inicial, como tamb\u00e9m no aprendizado vivido no pr\u00f3prio minist\u00e9rio. Minist\u00e9rio \u00e9 servi\u00e7o. E aprendemos na vida que \u00e9 fazendo que se aprende. Nos tantos encontros e rela\u00e7\u00f5es, quanto a aprender! Mas, para aprender \u00e9 preciso estar aberto e atento.<\/p>\n<p>O sacerd\u00f3cio, para n\u00f3s franciscanos, tem um modo pr\u00f3prio. Ele \u00e9 vivido em fraternidade, a partir de uma fraternidade. Quero aqui agradecer a esta fraternidade em que vivo, as fraternidades onde j\u00e1 passei e, principalmente a fraternidade de toda a nossa Prov\u00edncia, aqui no Brasil e em Angola. N\u00f3s frades somos diferentes, temos dons e tamb\u00e9m dificuldades pr\u00f3prias, mas uma coisa \u00e9 fundamental para todos: \u201cseguir a Jesus Cristo, viver o Evangelho segundo o jeito, a forma vivida e proposta por S\u00e3o Francisco de Assis. A\u00ed est\u00e1 a alma que une a nossa fraternidade. \u00c9 nesta divina inspira\u00e7\u00e3o que n\u00f3s somos todos irm\u00e3os em uma mesma fraternidade\u201d.<\/p>\n<p>Mas, falando de Francisco de Assis, ele nos ensina a gratid\u00e3o mais importante. Aquela atitude que rende gra\u00e7as a Deus todos os dias da vida. Que devolve tudo a Ele, o bem realizado e o bem maior que continua sendo buscado. O nosso Mestre \u00e9 Jesus, e Ele \u00e9 tamb\u00e9m o nosso Caminho, precisa ser descoberto. Ele se revela na humildade de seus mist\u00e9rios, especialmente de sua Encarna\u00e7\u00e3o e de sua Paix\u00e3o. E tudo isto se faz presen\u00e7a nas celebra\u00e7\u00f5es daEucaristia e da Palavra. E nos compromete por inteiro nos servi\u00e7os da Caridade e da Reconcilia\u00e7\u00e3o.<\/p>\n<p>Celebrar 25 anos de sacerd\u00f3cio \u00e9 como que chegar \u00e0 metade da caminhada. N\u00e3o sabemos para onde e at\u00e9 onde Ele nos vai conduzir, mas \u00e9 tempo de reviver, agradecer, rever e de lan\u00e7ar novas perspectivas na l\u00f3gica da convers\u00e3o, do estar mais atento, como nos pede este tempo do advento.<\/p>\n<p>Um certo confrade nos contou uma vez num dos nossos encontros provinciais que a vida poderia ser comparada a um pote de deliciosas jabuticabas. Cada um de n\u00f3s ganhou um pote cheio de jabuticabas para degustar. No in\u00edcio come\u00e7amos a com\u00ea-las de forma mais distra\u00edda, ocupados em outras coisas, compromissos, quem sabe respondendo a nossos contatos virtuais, e, quando nos deparamos, o pote j\u00e1 est\u00e1 pela metade e nem lembramos muito bem do quanto foram saborosas as jabuticabas que j\u00e1 consumimos. As jabuticabas que sobraram no pote certamente ser\u00e3o mais preciosas, ser\u00e3o saboreadas com mais aten\u00e7\u00e3o.<\/p>\n<p>Talvez celebrar os 25 anos seja como este convite que o Advento nos faz: vigiai, ficai despertos. Sinta o verdadeiro sabor de servir na voca\u00e7\u00e3o franciscana e sacerdotal, sinta o sabor profundo e inigual\u00e1vel da presen\u00e7a de Deus que se fez servidor. \u00c9 o dia de renovar o compromisso de fazer de Deus a centralidade da vida. E o Deus revelado por Jesus Cristo sempre nos empurra a sair de n\u00f3s mesmos para uma vida de mais encontros. Encontros que tamb\u00e9m precisam ser vividos como o sabor das \u00faltimas jabuticabas.<\/p>\n<p>Caros irm\u00e3os e irm\u00e3s aqui presentes ou presentes de tantas formas, obrigado pelo aprendizado que me proporcionaram. Obrigado pelo apoio, amizade, fraternidade e pelas preces que me sustentaram at\u00e9 aqui!<\/p>\n<p>Mais uma vez me encomendo a todos voc\u00eas, principalmente na ora\u00e7\u00e3o!<\/p>\n<p>A M\u00e3e Imaculada interceda tamb\u00e9m por todos voc\u00eas e Deus os aben\u00e7oe!<\/p>\n<p>Muito obrigado! Paz e Bem!<\/p>\n<p>&nbsp;<\/p>\n","protected":false},"excerpt":{"rendered":"<p>Jubileu Sacerdotal de Frei C\u00e9sar K\u00fclkamp<\/p>\n","protected":false},"author":3,"featured_media":229578,"comment_status":"open","ping_status":"open","sticky":false,"template":"","format":"standard","meta":[],"categories":[1],"tags":[454],"acf":[],"yoast_head":"<!-- This site is optimized with the Yoast SEO plugin v19.2 - https:\/\/yoast.com\/wordpress\/plugins\/seo\/ -->\n<title>25 anos de sacerd\u00f3cio \u2013 Frei C\u00e9sar K\u00fclkamp \u2013 S\u00e3o Paulo, 29\/11\/2020 - Not\u00edcias - Franciscanos<\/title>\n<meta name=\"robots\" content=\"index, follow, max-snippet:-1, max-image-preview:large, max-video-preview:-1\" \/>\n<link rel=\"canonical\" href=\"https:\/\/franciscanos.org.br\/noticias\/25-anos-de-sacerdocio-frei-cesar-kulkamp-sao-paulo-29-11-2020.html\" \/>\n<meta property=\"og:locale\" content=\"pt_BR\" \/>\n<meta property=\"og:type\" content=\"article\" \/>\n<meta property=\"og:title\" content=\"25 anos de sacerd\u00f3cio \u2013 Frei C\u00e9sar K\u00fclkamp \u2013 S\u00e3o Paulo, 29\/11\/2020 - Not\u00edcias - Franciscanos\" \/>\n<meta property=\"og:description\" content=\"Jubileu Sacerdotal de Frei C\u00e9sar K\u00fclkamp\" \/>\n<meta property=\"og:url\" content=\"https:\/\/franciscanos.org.br\/noticias\/25-anos-de-sacerdocio-frei-cesar-kulkamp-sao-paulo-29-11-2020.html\" \/>\n<meta property=\"og:site_name\" content=\"Not\u00edcias - Franciscanos\" \/>\n<meta property=\"article:published_time\" content=\"2020-11-29T16:28:10+00:00\" \/>\n<meta property=\"article:modified_time\" content=\"2020-11-29T21:30:39+00:00\" \/>\n<meta property=\"og:image\" content=\"https:\/\/franciscanos.org.br\/noticias\/wp-content\/uploads\/2020\/11\/homilia_d.jpg\" \/>\n\t<meta property=\"og:image:width\" content=\"800\" \/>\n\t<meta property=\"og:image:height\" content=\"600\" \/>\n\t<meta property=\"og:image:type\" content=\"image\/jpeg\" \/>\n<meta name=\"author\" content=\"moacir\" \/>\n<meta name=\"twitter:card\" content=\"summary_large_image\" \/>\n<meta name=\"twitter:label1\" content=\"Escrito por\" \/>\n\t<meta name=\"twitter:data1\" content=\"moacir\" \/>\n\t<meta name=\"twitter:label2\" content=\"Est. tempo de leitura\" \/>\n\t<meta name=\"twitter:data2\" content=\"8 minutos\" \/>\n<script type=\"application\/ld+json\" class=\"yoast-schema-graph\">{\"@context\":\"https:\/\/schema.org\",\"@graph\":[{\"@type\":\"WebSite\",\"@id\":\"https:\/\/franciscanos.org.br\/noticias\/#website\",\"url\":\"https:\/\/franciscanos.org.br\/noticias\/\",\"name\":\"Not\u00edcias - Franciscanos\",\"description\":\"Prov\u00edncia Franciscana da Imaculada Concei\u00e7\u00e3o do Brasil - Ordem dos Frades Menores - OFM\",\"potentialAction\":[{\"@type\":\"SearchAction\",\"target\":{\"@type\":\"EntryPoint\",\"urlTemplate\":\"https:\/\/franciscanos.org.br\/noticias\/?s={search_term_string}\"},\"query-input\":\"required name=search_term_string\"}],\"inLanguage\":\"pt-BR\"},{\"@type\":\"ImageObject\",\"inLanguage\":\"pt-BR\",\"@id\":\"https:\/\/franciscanos.org.br\/noticias\/25-anos-de-sacerdocio-frei-cesar-kulkamp-sao-paulo-29-11-2020.html#primaryimage\",\"url\":\"https:\/\/franciscanos.org.br\/noticias\/wp-content\/uploads\/2020\/11\/homilia_d.jpg\",\"contentUrl\":\"https:\/\/franciscanos.org.br\/noticias\/wp-content\/uploads\/2020\/11\/homilia_d.jpg\",\"width\":800,\"height\":600},{\"@type\":\"WebPage\",\"@id\":\"https:\/\/franciscanos.org.br\/noticias\/25-anos-de-sacerdocio-frei-cesar-kulkamp-sao-paulo-29-11-2020.html#webpage\",\"url\":\"https:\/\/franciscanos.org.br\/noticias\/25-anos-de-sacerdocio-frei-cesar-kulkamp-sao-paulo-29-11-2020.html\",\"name\":\"25 anos de sacerd\u00f3cio \u2013 Frei C\u00e9sar K\u00fclkamp \u2013 S\u00e3o Paulo, 29\/11\/2020 - Not\u00edcias - Franciscanos\",\"isPartOf\":{\"@id\":\"https:\/\/franciscanos.org.br\/noticias\/#website\"},\"primaryImageOfPage\":{\"@id\":\"https:\/\/franciscanos.org.br\/noticias\/25-anos-de-sacerdocio-frei-cesar-kulkamp-sao-paulo-29-11-2020.html#primaryimage\"},\"datePublished\":\"2020-11-29T16:28:10+00:00\",\"dateModified\":\"2020-11-29T21:30:39+00:00\",\"author\":{\"@id\":\"https:\/\/franciscanos.org.br\/noticias\/#\/schema\/person\/b5c8cba458c330ccff548b056e95a5d4\"},\"breadcrumb\":{\"@id\":\"https:\/\/franciscanos.org.br\/noticias\/25-anos-de-sacerdocio-frei-cesar-kulkamp-sao-paulo-29-11-2020.html#breadcrumb\"},\"inLanguage\":\"pt-BR\",\"potentialAction\":[{\"@type\":\"ReadAction\",\"target\":[\"https:\/\/franciscanos.org.br\/noticias\/25-anos-de-sacerdocio-frei-cesar-kulkamp-sao-paulo-29-11-2020.html\"]}]},{\"@type\":\"BreadcrumbList\",\"@id\":\"https:\/\/franciscanos.org.br\/noticias\/25-anos-de-sacerdocio-frei-cesar-kulkamp-sao-paulo-29-11-2020.html#breadcrumb\",\"itemListElement\":[{\"@type\":\"ListItem\",\"position\":1,\"name\":\"Home\",\"item\":\"https:\/\/franciscanos.org.br\/noticias\"},{\"@type\":\"ListItem\",\"position\":2,\"name\":\"25 anos de sacerd\u00f3cio \u2013 Frei C\u00e9sar K\u00fclkamp \u2013 S\u00e3o Paulo, 29\/11\/2020\"}]},{\"@type\":\"Person\",\"@id\":\"https:\/\/franciscanos.org.br\/noticias\/#\/schema\/person\/b5c8cba458c330ccff548b056e95a5d4\",\"name\":\"moacir\",\"image\":{\"@type\":\"ImageObject\",\"inLanguage\":\"pt-BR\",\"@id\":\"https:\/\/franciscanos.org.br\/noticias\/#\/schema\/person\/image\/\",\"url\":\"https:\/\/secure.gravatar.com\/avatar\/d08aa2ce4c8dd416d4479aa8536fcf64?s=96&d=mm&r=g\",\"contentUrl\":\"https:\/\/secure.gravatar.com\/avatar\/d08aa2ce4c8dd416d4479aa8536fcf64?s=96&d=mm&r=g\",\"caption\":\"moacir\"},\"url\":\"https:\/\/franciscanos.org.br\/noticias\/author\/moacir\"}]}<\/script>\n<!-- \/ Yoast SEO plugin. -->","yoast_head_json":{"title":"25 anos de sacerd\u00f3cio \u2013 Frei C\u00e9sar K\u00fclkamp \u2013 S\u00e3o Paulo, 29\/11\/2020 - Not\u00edcias - Franciscanos","robots":{"index":"index","follow":"follow","max-snippet":"max-snippet:-1","max-image-preview":"max-image-preview:large","max-video-preview":"max-video-preview:-1"},"canonical":"https:\/\/franciscanos.org.br\/noticias\/25-anos-de-sacerdocio-frei-cesar-kulkamp-sao-paulo-29-11-2020.html","og_locale":"pt_BR","og_type":"article","og_title":"25 anos de sacerd\u00f3cio \u2013 Frei C\u00e9sar K\u00fclkamp \u2013 S\u00e3o Paulo, 29\/11\/2020 - Not\u00edcias - Franciscanos","og_description":"Jubileu Sacerdotal de Frei C\u00e9sar K\u00fclkamp","og_url":"https:\/\/franciscanos.org.br\/noticias\/25-anos-de-sacerdocio-frei-cesar-kulkamp-sao-paulo-29-11-2020.html","og_site_name":"Not\u00edcias - Franciscanos","article_published_time":"2020-11-29T16:28:10+00:00","article_modified_time":"2020-11-29T21:30:39+00:00","og_image":[{"width":800,"height":600,"url":"https:\/\/franciscanos.org.br\/noticias\/wp-content\/uploads\/2020\/11\/homilia_d.jpg","type":"image\/jpeg"}],"author":"moacir","twitter_card":"summary_large_image","twitter_misc":{"Escrito por":"moacir","Est. tempo de leitura":"8 minutos"},"schema":{"@context":"https:\/\/schema.org","@graph":[{"@type":"WebSite","@id":"https:\/\/franciscanos.org.br\/noticias\/#website","url":"https:\/\/franciscanos.org.br\/noticias\/","name":"Not\u00edcias - Franciscanos","description":"Prov\u00edncia Franciscana da Imaculada Concei\u00e7\u00e3o do Brasil - Ordem dos Frades Menores - OFM","potentialAction":[{"@type":"SearchAction","target":{"@type":"EntryPoint","urlTemplate":"https:\/\/franciscanos.org.br\/noticias\/?s={search_term_string}"},"query-input":"required name=search_term_string"}],"inLanguage":"pt-BR"},{"@type":"ImageObject","inLanguage":"pt-BR","@id":"https:\/\/franciscanos.org.br\/noticias\/25-anos-de-sacerdocio-frei-cesar-kulkamp-sao-paulo-29-11-2020.html#primaryimage","url":"https:\/\/franciscanos.org.br\/noticias\/wp-content\/uploads\/2020\/11\/homilia_d.jpg","contentUrl":"https:\/\/franciscanos.org.br\/noticias\/wp-content\/uploads\/2020\/11\/homilia_d.jpg","width":800,"height":600},{"@type":"WebPage","@id":"https:\/\/franciscanos.org.br\/noticias\/25-anos-de-sacerdocio-frei-cesar-kulkamp-sao-paulo-29-11-2020.html#webpage","url":"https:\/\/franciscanos.org.br\/noticias\/25-anos-de-sacerdocio-frei-cesar-kulkamp-sao-paulo-29-11-2020.html","name":"25 anos de sacerd\u00f3cio \u2013 Frei C\u00e9sar K\u00fclkamp \u2013 S\u00e3o Paulo, 29\/11\/2020 - Not\u00edcias - Franciscanos","isPartOf":{"@id":"https:\/\/franciscanos.org.br\/noticias\/#website"},"primaryImageOfPage":{"@id":"https:\/\/franciscanos.org.br\/noticias\/25-anos-de-sacerdocio-frei-cesar-kulkamp-sao-paulo-29-11-2020.html#primaryimage"},"datePublished":"2020-11-29T16:28:10+00:00","dateModified":"2020-11-29T21:30:39+00:00","author":{"@id":"https:\/\/franciscanos.org.br\/noticias\/#\/schema\/person\/b5c8cba458c330ccff548b056e95a5d4"},"breadcrumb":{"@id":"https:\/\/franciscanos.org.br\/noticias\/25-anos-de-sacerdocio-frei-cesar-kulkamp-sao-paulo-29-11-2020.html#breadcrumb"},"inLanguage":"pt-BR","potentialAction":[{"@type":"ReadAction","target":["https:\/\/franciscanos.org.br\/noticias\/25-anos-de-sacerdocio-frei-cesar-kulkamp-sao-paulo-29-11-2020.html"]}]},{"@type":"BreadcrumbList","@id":"https:\/\/franciscanos.org.br\/noticias\/25-anos-de-sacerdocio-frei-cesar-kulkamp-sao-paulo-29-11-2020.html#breadcrumb","itemListElement":[{"@type":"ListItem","position":1,"name":"Home","item":"https:\/\/franciscanos.org.br\/noticias"},{"@type":"ListItem","position":2,"name":"25 anos de sacerd\u00f3cio \u2013 Frei C\u00e9sar K\u00fclkamp \u2013 S\u00e3o Paulo, 29\/11\/2020"}]},{"@type":"Person","@id":"https:\/\/franciscanos.org.br\/noticias\/#\/schema\/person\/b5c8cba458c330ccff548b056e95a5d4","name":"moacir","image":{"@type":"ImageObject","inLanguage":"pt-BR","@id":"https:\/\/franciscanos.org.br\/noticias\/#\/schema\/person\/image\/","url":"https:\/\/secure.gravatar.com\/avatar\/d08aa2ce4c8dd416d4479aa8536fcf64?s=96&d=mm&r=g","contentUrl":"https:\/\/secure.gravatar.com\/avatar\/d08aa2ce4c8dd416d4479aa8536fcf64?s=96&d=mm&r=g","caption":"moacir"},"url":"https:\/\/franciscanos.org.br\/noticias\/author\/moacir"}]}},"_links":{"self":[{"href":"https:\/\/franciscanos.org.br\/noticias\/wp-json\/wp\/v2\/posts\/229576"}],"collection":[{"href":"https:\/\/franciscanos.org.br\/noticias\/wp-json\/wp\/v2\/posts"}],"about":[{"href":"https:\/\/franciscanos.org.br\/noticias\/wp-json\/wp\/v2\/types\/post"}],"author":[{"embeddable":true,"href":"https:\/\/franciscanos.org.br\/noticias\/wp-json\/wp\/v2\/users\/3"}],"replies":[{"embeddable":true,"href":"https:\/\/franciscanos.org.br\/noticias\/wp-json\/wp\/v2\/comments?post=229576"}],"version-history":[{"count":1,"href":"https:\/\/franciscanos.org.br\/noticias\/wp-json\/wp\/v2\/posts\/229576\/revisions"}],"predecessor-version":[{"id":229579,"href":"https:\/\/franciscanos.org.br\/noticias\/wp-json\/wp\/v2\/posts\/229576\/revisions\/229579"}],"wp:featuredmedia":[{"embeddable":true,"href":"https:\/\/franciscanos.org.br\/noticias\/wp-json\/wp\/v2\/media\/229578"}],"wp:attachment":[{"href":"https:\/\/franciscanos.org.br\/noticias\/wp-json\/wp\/v2\/media?parent=229576"}],"wp:term":[{"taxonomy":"category","embeddable":true,"href":"https:\/\/franciscanos.org.br\/noticias\/wp-json\/wp\/v2\/categories?post=229576"},{"taxonomy":"post_tag","embeddable":true,"href":"https:\/\/franciscanos.org.br\/noticias\/wp-json\/wp\/v2\/tags?post=229576"}],"curies":[{"name":"wp","href":"https:\/\/api.w.org\/{rel}","templated":true}]}}