{"id":22957,"date":"2012-08-28T07:34:35","date_gmt":"2012-08-28T10:34:35","guid":{"rendered":"http:\/\/new.franciscanos.org.br\/?p=22957"},"modified":"2020-06-11T17:59:18","modified_gmt":"2020-06-11T20:59:18","slug":"regional-da-ofs-promove-dia-da-escuta-aos-hansenianos","status":"publish","type":"post","link":"https:\/\/franciscanos.org.br\/noticias\/regional-da-ofs-promove-dia-da-escuta-aos-hansenianos.html","title":{"rendered":"Regional da OFS promove Dia da Escuta aos hansenianos"},"content":{"rendered":"<p><strong><img loading=\"lazy\" class=\"alignright size-full wp-image-22958\" title=\"3105_280812\" src=\"http:\/\/franciscanos.org.br\/wp-content\/uploads\/2012\/08\/3105_280812.jpg\" alt=\"\" width=\"400\" height=\"300\" \/><\/strong>O \u00faltimo domingo, 26 de agosto, foi um dia de solidariedade aos hansenianos em Itabora\u00ed (RJ). Diversas fraternidades franciscanas seculares do Regional Sudeste II da Ordem Franciscana Secular (OFS) participaram do IV Dia da Escuta na col\u00f4nia localizada no entorno do Hospital Estadual Tavares de Macedo, cuja especialidade \u00e9 o tratamento de pacientes hansenianos.<\/p>\n<p>O encontro \u00e9 promovido anualmente com o objetivo de proporcionar aos irm\u00e3os e irm\u00e3s franciscanos seculares um ambiente de conv\u00edvio fraterno, e a oportunidade de conhecer hist\u00f3rias de vida de pessoas que ficaram estigmatizadas pela doen\u00e7a e pelo preconceito, mas que d\u00e3o grandes exemplos de como superar as adversidades da vida.<\/p>\n<p>O encontro iniciou-se com um farto caf\u00e9 da manh\u00e3 partilhado pelos irm\u00e3os que, com alegria e singeleza de cora\u00e7\u00e3o, colocavam sobre a mesa seu alimento e se abra\u00e7avam revivendo o carisma primitivo da Ordem Franciscana. Ap\u00f3s o caf\u00e9, a pequena capela da col\u00f4nia ficou pequena para receber tantos irm\u00e3os presentes \u00e0 Santa Missa presidida por frei Tony, ofm, e concelebrada por frei Leonardo Aureliano, ofm.<\/p>\n<p>Frei Tony ressaltou a import\u00e2ncia da atividade promovida pela OFS e que a viv\u00eancia fraterna se d\u00e1 com pequenos gestos de escuta, partilha e de presen\u00e7a solid\u00e1ria entre os mais pobres t\u00e3o amados por Cristo e caros a Francisco e Clara de Assis.\u00a0 Pediu ainda a colabora\u00e7\u00e3o de todos para tornar a hansen\u00edase mais conhecida e, assim, precocemente diagnosticada e combatida. Em sua fala, frei Tony destacou o projeto \u2018Franciscanos pela Elimina\u00e7\u00e3o da Hansen\u00edase\u2019, que h\u00e1 mais de vinte anos \u00e9 realizado pela Prov\u00edncia da Imaculada Concei\u00e7\u00e3o do Brasil. O projeto engloba um trabalho espiritual, social e de educa\u00e7\u00e3o em sa\u00fade para alertar a popula\u00e7\u00e3o sobre a import\u00e2ncia do diagn\u00f3stico precoce e oferecer informa\u00e7\u00f5es e apoio psicossocial, numa perspectiva de a\u00e7\u00e3o protetora dos direitos do cidad\u00e3o. Al\u00e9m disso, o projeto busca articular o poder p\u00fablico com a sociedade civil em geral para a elimina\u00e7\u00e3o da Hansen\u00edase no Brasil.<\/p>\n<p>Durante a manh\u00e3, os irm\u00e3os dividiram-se em grupos guiados por membros da fraternidade local para a realiza\u00e7\u00e3o das visitas \u00e0s enfermarias e casas das fam\u00edlias da col\u00f4nia. Esse momento enriquecedor foi marcado pela escuta e tamb\u00e9m pela troca de viv\u00eancias e tocou fundo na alma de cada irm\u00e3o em cada gesto de acolhida e de solidariedade, que permitiram enxergar no rosto do irm\u00e3o sofredor a face de Cristo, de Francisco e de Clara.<\/p>\n<p>Ap\u00f3s a visita fraterna os irm\u00e3os partilharam o almo\u00e7o e as sobremesas com muita alegria e espontaneidade, louvando e glorificando a Deus e dando gra\u00e7as pela voca\u00e7\u00e3o franciscana e a vidaem fraternidade. Ospresentes ainda puderam partilhar as ricas experi\u00eancias vividas durante as visitas e o conv\u00edvio com os irm\u00e3os de outras fraternidades que d\u00e3o frescor e revigoram o do carisma franciscano.<\/p>\n<p>A presen\u00e7a solid\u00e1ria entre os pobres e leprosos est\u00e1 na ess\u00eancia do carisma franciscano. Francisco e Clara de Assis tinham uma predile\u00e7\u00e3o pelos leprosos e deles cuidava com inef\u00e1vel amor. O pr\u00f3prio Pai Ser\u00e1fico superou o preconceito que tinha dos leprosos e assumiu a condi\u00e7\u00e3o vivida por eles em sua \u00e9poca, sentindo o abandono, exclus\u00e3o e sofrimento em que viviam e vendo no rosto daqueles enfermos e marginalizados a presen\u00e7a do Senhor.<br \/>\nA m\u00edstica franciscana nos impulsiona a prosseguir a obra de S\u00e3o Francisco que teve sua convers\u00e3o determinada pelo encontro com o leproso o qual acolheu com um abra\u00e7o e um beijo. Esse gesto de Francisco simboliza o modo crist\u00e3o e franciscano de ver, sentir e estar no mundo de uma nova maneira, pondo-se a servi\u00e7o das pessoas em situa\u00e7\u00e3o de vulnerabilidade e daqueles que ainda padecem com a hansen\u00edase apesar do desenvolvimento da ci\u00eancia e das pr\u00e1ticas terap\u00eauticas.<\/p>\n<p>O Regional Sudeste II da OFS agradece aos freis Tony e Leonardo e \u00e0 comunidade local pela fraterna acolhida oferecidas a todos neste dia em que o Senhor operou maravilhas!<\/p>\n<p><em>\u201cFoi assim que o Senhor me concedeu a mim, Frei Francisco, iniciar uma vida de penit\u00eancia: como estivesse em pecado, parecia-me deveras insuport\u00e1vel olhar para leprosos. E o Senhor mesmo me conduziu entre eles e eu tive miseric\u00f3rdia com eles. E enquanto me retirava deles, justamente o que antes me parecia amargo se me converteu em do\u00e7ura da alma e do corpo. E depois disto demorei s\u00f3 bem pouco e abandonei o mundo\u201d. <\/em><strong>S\u00e3o Francisco de Assis<\/strong><\/p>\n","protected":false},"excerpt":{"rendered":"<p>OFS<\/p>\n","protected":false},"author":1,"featured_media":208907,"comment_status":"closed","ping_status":"closed","sticky":false,"template":"","format":"standard","meta":[],"categories":[1],"tags":[60],"acf":[],"yoast_head":"<!-- This site is optimized with the Yoast SEO plugin v19.2 - https:\/\/yoast.com\/wordpress\/plugins\/seo\/ -->\n<title>Regional da OFS promove Dia da Escuta aos hansenianos - Not\u00edcias - Franciscanos<\/title>\n<meta name=\"robots\" content=\"index, follow, max-snippet:-1, max-image-preview:large, max-video-preview:-1\" \/>\n<link rel=\"canonical\" href=\"https:\/\/franciscanos.org.br\/noticias\/regional-da-ofs-promove-dia-da-escuta-aos-hansenianos.html\" \/>\n<meta property=\"og:locale\" content=\"pt_BR\" \/>\n<meta property=\"og:type\" content=\"article\" \/>\n<meta property=\"og:title\" content=\"Regional da OFS promove Dia da Escuta aos hansenianos - Not\u00edcias - Franciscanos\" \/>\n<meta property=\"og:description\" content=\"OFS\" \/>\n<meta property=\"og:url\" content=\"https:\/\/franciscanos.org.br\/noticias\/regional-da-ofs-promove-dia-da-escuta-aos-hansenianos.html\" \/>\n<meta property=\"og:site_name\" content=\"Not\u00edcias - Franciscanos\" \/>\n<meta property=\"article:published_time\" content=\"2012-08-28T10:34:35+00:00\" \/>\n<meta property=\"article:modified_time\" content=\"2020-06-11T20:59:18+00:00\" \/>\n<meta property=\"og:image\" content=\"https:\/\/franciscanos.org.br\/noticias\/wp-content\/uploads\/2012\/08\/3105_280812.jpg\" \/>\n\t<meta property=\"og:image:width\" content=\"273\" \/>\n\t<meta property=\"og:image:height\" content=\"182\" \/>\n\t<meta property=\"og:image:type\" content=\"image\/jpeg\" \/>\n<meta name=\"author\" content=\"admin\" \/>\n<meta name=\"twitter:card\" content=\"summary_large_image\" \/>\n<meta name=\"twitter:label1\" content=\"Escrito por\" \/>\n\t<meta name=\"twitter:data1\" content=\"admin\" \/>\n\t<meta name=\"twitter:label2\" content=\"Est. tempo de leitura\" \/>\n\t<meta name=\"twitter:data2\" content=\"4 minutos\" \/>\n<script type=\"application\/ld+json\" class=\"yoast-schema-graph\">{\"@context\":\"https:\/\/schema.org\",\"@graph\":[{\"@type\":\"WebSite\",\"@id\":\"https:\/\/franciscanos.org.br\/noticias\/#website\",\"url\":\"https:\/\/franciscanos.org.br\/noticias\/\",\"name\":\"Not\u00edcias - Franciscanos\",\"description\":\"Prov\u00edncia Franciscana da Imaculada Concei\u00e7\u00e3o do Brasil - Ordem dos Frades Menores - OFM\",\"potentialAction\":[{\"@type\":\"SearchAction\",\"target\":{\"@type\":\"EntryPoint\",\"urlTemplate\":\"https:\/\/franciscanos.org.br\/noticias\/?s={search_term_string}\"},\"query-input\":\"required name=search_term_string\"}],\"inLanguage\":\"pt-BR\"},{\"@type\":\"ImageObject\",\"inLanguage\":\"pt-BR\",\"@id\":\"https:\/\/franciscanos.org.br\/noticias\/regional-da-ofs-promove-dia-da-escuta-aos-hansenianos.html#primaryimage\",\"url\":\"https:\/\/franciscanos.org.br\/noticias\/wp-content\/uploads\/2012\/08\/3105_280812.jpg\",\"contentUrl\":\"https:\/\/franciscanos.org.br\/noticias\/wp-content\/uploads\/2012\/08\/3105_280812.jpg\",\"width\":273,\"height\":182},{\"@type\":\"WebPage\",\"@id\":\"https:\/\/franciscanos.org.br\/noticias\/regional-da-ofs-promove-dia-da-escuta-aos-hansenianos.html#webpage\",\"url\":\"https:\/\/franciscanos.org.br\/noticias\/regional-da-ofs-promove-dia-da-escuta-aos-hansenianos.html\",\"name\":\"Regional da OFS promove Dia da Escuta aos hansenianos - Not\u00edcias - Franciscanos\",\"isPartOf\":{\"@id\":\"https:\/\/franciscanos.org.br\/noticias\/#website\"},\"primaryImageOfPage\":{\"@id\":\"https:\/\/franciscanos.org.br\/noticias\/regional-da-ofs-promove-dia-da-escuta-aos-hansenianos.html#primaryimage\"},\"datePublished\":\"2012-08-28T10:34:35+00:00\",\"dateModified\":\"2020-06-11T20:59:18+00:00\",\"author\":{\"@id\":\"https:\/\/franciscanos.org.br\/noticias\/#\/schema\/person\/b38fbf43118f02820bd932f2e4b14ad3\"},\"breadcrumb\":{\"@id\":\"https:\/\/franciscanos.org.br\/noticias\/regional-da-ofs-promove-dia-da-escuta-aos-hansenianos.html#breadcrumb\"},\"inLanguage\":\"pt-BR\",\"potentialAction\":[{\"@type\":\"ReadAction\",\"target\":[\"https:\/\/franciscanos.org.br\/noticias\/regional-da-ofs-promove-dia-da-escuta-aos-hansenianos.html\"]}]},{\"@type\":\"BreadcrumbList\",\"@id\":\"https:\/\/franciscanos.org.br\/noticias\/regional-da-ofs-promove-dia-da-escuta-aos-hansenianos.html#breadcrumb\",\"itemListElement\":[{\"@type\":\"ListItem\",\"position\":1,\"name\":\"Home\",\"item\":\"https:\/\/franciscanos.org.br\/noticias\"},{\"@type\":\"ListItem\",\"position\":2,\"name\":\"Regional da OFS promove Dia da Escuta aos hansenianos\"}]},{\"@type\":\"Person\",\"@id\":\"https:\/\/franciscanos.org.br\/noticias\/#\/schema\/person\/b38fbf43118f02820bd932f2e4b14ad3\",\"name\":\"admin\",\"image\":{\"@type\":\"ImageObject\",\"inLanguage\":\"pt-BR\",\"@id\":\"https:\/\/franciscanos.org.br\/noticias\/#\/schema\/person\/image\/\",\"url\":\"https:\/\/secure.gravatar.com\/avatar\/e8495742d34d0ba6448ea1c628263b3e?s=96&d=mm&r=g\",\"contentUrl\":\"https:\/\/secure.gravatar.com\/avatar\/e8495742d34d0ba6448ea1c628263b3e?s=96&d=mm&r=g\",\"caption\":\"admin\"},\"url\":\"https:\/\/franciscanos.org.br\/noticias\/author\/admin\"}]}<\/script>\n<!-- \/ Yoast SEO plugin. -->","yoast_head_json":{"title":"Regional da OFS promove Dia da Escuta aos hansenianos - Not\u00edcias - Franciscanos","robots":{"index":"index","follow":"follow","max-snippet":"max-snippet:-1","max-image-preview":"max-image-preview:large","max-video-preview":"max-video-preview:-1"},"canonical":"https:\/\/franciscanos.org.br\/noticias\/regional-da-ofs-promove-dia-da-escuta-aos-hansenianos.html","og_locale":"pt_BR","og_type":"article","og_title":"Regional da OFS promove Dia da Escuta aos hansenianos - Not\u00edcias - Franciscanos","og_description":"OFS","og_url":"https:\/\/franciscanos.org.br\/noticias\/regional-da-ofs-promove-dia-da-escuta-aos-hansenianos.html","og_site_name":"Not\u00edcias - Franciscanos","article_published_time":"2012-08-28T10:34:35+00:00","article_modified_time":"2020-06-11T20:59:18+00:00","og_image":[{"width":273,"height":182,"url":"https:\/\/franciscanos.org.br\/noticias\/wp-content\/uploads\/2012\/08\/3105_280812.jpg","type":"image\/jpeg"}],"author":"admin","twitter_card":"summary_large_image","twitter_misc":{"Escrito por":"admin","Est. tempo de leitura":"4 minutos"},"schema":{"@context":"https:\/\/schema.org","@graph":[{"@type":"WebSite","@id":"https:\/\/franciscanos.org.br\/noticias\/#website","url":"https:\/\/franciscanos.org.br\/noticias\/","name":"Not\u00edcias - Franciscanos","description":"Prov\u00edncia Franciscana da Imaculada Concei\u00e7\u00e3o do Brasil - Ordem dos Frades Menores - OFM","potentialAction":[{"@type":"SearchAction","target":{"@type":"EntryPoint","urlTemplate":"https:\/\/franciscanos.org.br\/noticias\/?s={search_term_string}"},"query-input":"required name=search_term_string"}],"inLanguage":"pt-BR"},{"@type":"ImageObject","inLanguage":"pt-BR","@id":"https:\/\/franciscanos.org.br\/noticias\/regional-da-ofs-promove-dia-da-escuta-aos-hansenianos.html#primaryimage","url":"https:\/\/franciscanos.org.br\/noticias\/wp-content\/uploads\/2012\/08\/3105_280812.jpg","contentUrl":"https:\/\/franciscanos.org.br\/noticias\/wp-content\/uploads\/2012\/08\/3105_280812.jpg","width":273,"height":182},{"@type":"WebPage","@id":"https:\/\/franciscanos.org.br\/noticias\/regional-da-ofs-promove-dia-da-escuta-aos-hansenianos.html#webpage","url":"https:\/\/franciscanos.org.br\/noticias\/regional-da-ofs-promove-dia-da-escuta-aos-hansenianos.html","name":"Regional da OFS promove Dia da Escuta aos hansenianos - Not\u00edcias - Franciscanos","isPartOf":{"@id":"https:\/\/franciscanos.org.br\/noticias\/#website"},"primaryImageOfPage":{"@id":"https:\/\/franciscanos.org.br\/noticias\/regional-da-ofs-promove-dia-da-escuta-aos-hansenianos.html#primaryimage"},"datePublished":"2012-08-28T10:34:35+00:00","dateModified":"2020-06-11T20:59:18+00:00","author":{"@id":"https:\/\/franciscanos.org.br\/noticias\/#\/schema\/person\/b38fbf43118f02820bd932f2e4b14ad3"},"breadcrumb":{"@id":"https:\/\/franciscanos.org.br\/noticias\/regional-da-ofs-promove-dia-da-escuta-aos-hansenianos.html#breadcrumb"},"inLanguage":"pt-BR","potentialAction":[{"@type":"ReadAction","target":["https:\/\/franciscanos.org.br\/noticias\/regional-da-ofs-promove-dia-da-escuta-aos-hansenianos.html"]}]},{"@type":"BreadcrumbList","@id":"https:\/\/franciscanos.org.br\/noticias\/regional-da-ofs-promove-dia-da-escuta-aos-hansenianos.html#breadcrumb","itemListElement":[{"@type":"ListItem","position":1,"name":"Home","item":"https:\/\/franciscanos.org.br\/noticias"},{"@type":"ListItem","position":2,"name":"Regional da OFS promove Dia da Escuta aos hansenianos"}]},{"@type":"Person","@id":"https:\/\/franciscanos.org.br\/noticias\/#\/schema\/person\/b38fbf43118f02820bd932f2e4b14ad3","name":"admin","image":{"@type":"ImageObject","inLanguage":"pt-BR","@id":"https:\/\/franciscanos.org.br\/noticias\/#\/schema\/person\/image\/","url":"https:\/\/secure.gravatar.com\/avatar\/e8495742d34d0ba6448ea1c628263b3e?s=96&d=mm&r=g","contentUrl":"https:\/\/secure.gravatar.com\/avatar\/e8495742d34d0ba6448ea1c628263b3e?s=96&d=mm&r=g","caption":"admin"},"url":"https:\/\/franciscanos.org.br\/noticias\/author\/admin"}]}},"_links":{"self":[{"href":"https:\/\/franciscanos.org.br\/noticias\/wp-json\/wp\/v2\/posts\/22957"}],"collection":[{"href":"https:\/\/franciscanos.org.br\/noticias\/wp-json\/wp\/v2\/posts"}],"about":[{"href":"https:\/\/franciscanos.org.br\/noticias\/wp-json\/wp\/v2\/types\/post"}],"author":[{"embeddable":true,"href":"https:\/\/franciscanos.org.br\/noticias\/wp-json\/wp\/v2\/users\/1"}],"replies":[{"embeddable":true,"href":"https:\/\/franciscanos.org.br\/noticias\/wp-json\/wp\/v2\/comments?post=22957"}],"version-history":[{"count":1,"href":"https:\/\/franciscanos.org.br\/noticias\/wp-json\/wp\/v2\/posts\/22957\/revisions"}],"predecessor-version":[{"id":226435,"href":"https:\/\/franciscanos.org.br\/noticias\/wp-json\/wp\/v2\/posts\/22957\/revisions\/226435"}],"wp:featuredmedia":[{"embeddable":true,"href":"https:\/\/franciscanos.org.br\/noticias\/wp-json\/wp\/v2\/media\/208907"}],"wp:attachment":[{"href":"https:\/\/franciscanos.org.br\/noticias\/wp-json\/wp\/v2\/media?parent=22957"}],"wp:term":[{"taxonomy":"category","embeddable":true,"href":"https:\/\/franciscanos.org.br\/noticias\/wp-json\/wp\/v2\/categories?post=22957"},{"taxonomy":"post_tag","embeddable":true,"href":"https:\/\/franciscanos.org.br\/noticias\/wp-json\/wp\/v2\/tags?post=22957"}],"curies":[{"name":"wp","href":"https:\/\/api.w.org\/{rel}","templated":true}]}}