{"id":229537,"date":"2020-11-29T17:40:49","date_gmt":"2020-11-29T20:40:49","guid":{"rendered":"https:\/\/franciscanos.org.br\/noticias\/?p=229537"},"modified":"2020-12-01T08:42:43","modified_gmt":"2020-12-01T11:42:43","slug":"frei-cesar-celebra-25-anos-de-sacerdocio-e-renova-o-compromisso-de-fazer-deus-a-centralidade-de-sua-vida","status":"publish","type":"post","link":"https:\/\/franciscanos.org.br\/noticias\/frei-cesar-celebra-25-anos-de-sacerdocio-e-renova-o-compromisso-de-fazer-deus-a-centralidade-de-sua-vida.html","title":{"rendered":"Frei C\u00e9sar celebra 25 anos de sacerd\u00f3cio e renova o compromisso de fazer Deus a centralidade de sua vida"},"content":{"rendered":"<p><img loading=\"lazy\" class=\"alignnone size-full wp-image-229538\" src=\"https:\/\/franciscanos.org.br\/noticias\/wp-content\/uploads\/2020\/11\/jubileu_01.jpg\" alt=\"\" width=\"1280\" height=\"720\" srcset=\"https:\/\/franciscanos.org.br\/noticias\/wp-content\/uploads\/2020\/11\/jubileu_01.jpg 1280w, https:\/\/franciscanos.org.br\/noticias\/wp-content\/uploads\/2020\/11\/jubileu_01-450x253.jpg 450w, https:\/\/franciscanos.org.br\/noticias\/wp-content\/uploads\/2020\/11\/jubileu_01-1024x576.jpg 1024w, https:\/\/franciscanos.org.br\/noticias\/wp-content\/uploads\/2020\/11\/jubileu_01-768x432.jpg 768w, https:\/\/franciscanos.org.br\/noticias\/wp-content\/uploads\/2020\/11\/jubileu_01-150x84.jpg 150w\" sizes=\"(max-width: 1280px) 100vw, 1280px\" \/><\/p>\n<p><strong>Moacir Beggo<\/strong><\/p>\n<p><strong>\u00a0<\/strong><strong>S\u00e3o Paulo (SP)<\/strong> &#8211; Na abertura de um dos tempos lit\u00fargicos mais belos da Igreja, o tempo do Advento, e no dia que a Ordem Franciscana festeja todos os seus Santos e Santas, o Ministro Provincial da Prov\u00edncia da Imaculada Concei\u00e7\u00e3o do Brasil, Frei C\u00e9sar K\u00fclkamp, celebrou o seu Jubileu de 25 anos de Ordena\u00e7\u00e3o Presbiteral.<\/p>\n<p>Esse momento de A\u00e7\u00e3o de Gra\u00e7as reuniu seus confrades da Fraternidade da Sede Provincial, das Fraternidades da cidade de S\u00e3o Paulo, religiosos e religiosas, os irm\u00e3os da Ordem Franciscana Secular, familiares, amigos e os fi\u00e9is da Par\u00f3quia S\u00e3o Francisco de Assis na Vila Clementino.<\/p>\n<p>Na Celebra\u00e7\u00e3o Eucar\u00edstica das 11h30, o p\u00e1roco Frei Valdecir Schwambach fez a acolhida de todos, especialmente os pais de Frei C\u00e9sar, Reinilda e Fredolino K\u00fclkamp, que\u00a0 estavam presentes na celebra\u00e7\u00e3o com a irm\u00e3, cunhado e sobrinhos. No in\u00edcio da celebra\u00e7\u00e3o, alguns s\u00edmbolos foram trazidos ao altar para lembrar essa caminhada de Frei C\u00e9sar: a bolsa que levou seus pertences quando deixou a casa de seus pais para o Semin\u00e1rio, o h\u00e1bito e o cord\u00e3o que recebeu no Noviciado em 11 de janeiro de 1988, o c\u00e1lice, a patena e \u00f3leo que marcaram a sua ordena\u00e7\u00e3o presbiteral no dia 16 de dezembro de 1995. Frei C\u00e9sar \u00e9 natural de Ituporanga, onde nasceu no dia 26 de maio de 1969.<\/p>\n<p><img loading=\"lazy\" class=\"alignnone size-full wp-image-229539\" src=\"https:\/\/franciscanos.org.br\/noticias\/wp-content\/uploads\/2020\/11\/jubileu_02.jpg\" alt=\"\" width=\"1280\" height=\"853\" srcset=\"https:\/\/franciscanos.org.br\/noticias\/wp-content\/uploads\/2020\/11\/jubileu_02.jpg 1280w, https:\/\/franciscanos.org.br\/noticias\/wp-content\/uploads\/2020\/11\/jubileu_02-450x300.jpg 450w, https:\/\/franciscanos.org.br\/noticias\/wp-content\/uploads\/2020\/11\/jubileu_02-1024x682.jpg 1024w, https:\/\/franciscanos.org.br\/noticias\/wp-content\/uploads\/2020\/11\/jubileu_02-768x512.jpg 768w, https:\/\/franciscanos.org.br\/noticias\/wp-content\/uploads\/2020\/11\/jubileu_02-150x100.jpg 150w\" sizes=\"(max-width: 1280px) 100vw, 1280px\" \/><\/p>\n<p>Durante toda a celebra\u00e7\u00e3o, que foi transmitida pelas m\u00eddias digitais, o povo manteve o distanciamento social e seguiu os protocolos sanit\u00e1rios.<\/p>\n<p>Frei C\u00e9sar lembrou no in\u00edcio da celebra\u00e7\u00e3o da festividade franciscana: &#8220;Hoje \u00e9 dia em que celebramos os santos e santas de Deus na Ordem Franciscana, que deram profundo testemunho de confian\u00e7a e alegria, dedicando a pr\u00f3pria vida nesta causa. E s\u00e3o quase 500 canonizados ou beatificados pela Igreja. Mas, h\u00e1 certamente uma multid\u00e3o muit\u00edssima maior de verdadeiros santos e santas que nem chegaram a ser reconhecidos oficialmente pela Igreja, mas foram disc\u00edpulos e disc\u00edpulas muito fi\u00e9is ao seguimento de Jesus Cristo e verdadeiras refer\u00eancias para tanta gente. Em nosso meio mesmo, quantas pessoas santas n\u00f3s conhecemos&#8221;, explicou.<\/p>\n<p>O Ministro Provincial abriu sua reflex\u00e3o falando da palavra j\u00fabilo, que significa a alegria. &#8220;A Sagrada Escritura tem muitas passagens que falam do j\u00fabilo. O profeta Isa\u00edas mesmo nos diz: &#8216;Os humildes aumentar\u00e3o sua alegria no Senhor, e os mais pobres dos homens se rejubilar\u00e3o no Santo de Israel&#8217; (Is 29,19). J\u00fabilo, ent\u00e3o \u00e9 a condi\u00e7\u00e3o de todos aqueles que se reconhecem filhos e filhas, amados e amadas por Deus. O profeta nos ensina que em Deus n\u00f3s temos nossa verdadeira alegria e essa alegria \u00e9 dada aos humildes, aos mais pobres entre os homens. N\u00e3o \u00e9 a alegria dos prepotentes, dos ricos e dos poderosos. Mas \u00e9 a alegria de quem confia em Deus, de quem p\u00f5e nele toda a sua esperan\u00e7a. Estes jamais ser\u00e3o esquecidos. \u00c9 o que nos promete o pr\u00f3prio Deus atrav\u00e9s da profecia de tantas palavras presentes na nossa Escritura. O que cabe para n\u00f3s \u00e9 viver, pedindo sempre esse cora\u00e7\u00e3o mais humilde. Esse cora\u00e7\u00e3o de quem confia. \u00c9 o cora\u00e7\u00e3o do pobre nesse sentido&#8221;, acrescentou.<\/p>\n<p><img loading=\"lazy\" class=\"alignnone size-full wp-image-229540\" src=\"https:\/\/franciscanos.org.br\/noticias\/wp-content\/uploads\/2020\/11\/jubileu_03.jpg\" alt=\"\" width=\"1280\" height=\"853\" srcset=\"https:\/\/franciscanos.org.br\/noticias\/wp-content\/uploads\/2020\/11\/jubileu_03.jpg 1280w, https:\/\/franciscanos.org.br\/noticias\/wp-content\/uploads\/2020\/11\/jubileu_03-450x300.jpg 450w, https:\/\/franciscanos.org.br\/noticias\/wp-content\/uploads\/2020\/11\/jubileu_03-1024x682.jpg 1024w, https:\/\/franciscanos.org.br\/noticias\/wp-content\/uploads\/2020\/11\/jubileu_03-768x512.jpg 768w, https:\/\/franciscanos.org.br\/noticias\/wp-content\/uploads\/2020\/11\/jubileu_03-150x100.jpg 150w\" sizes=\"(max-width: 1280px) 100vw, 1280px\" \/><\/p>\n<p>Segundo o celebrante, o j\u00fabilo \u00e9 pelo novo tempo lit\u00fargico: &#8220;N\u00f3s ainda n\u00e3o estamos no Natal, que \u00e9 a festa da encarna\u00e7\u00e3o do nosso Deus. Um Deus que j\u00e1 n\u00e3o est\u00e1 mais distante de n\u00f3s, l\u00e1 nas nuvens, acima c\u00e9us, mas o Deus que assumiu a nossa carne, que veio habitar entre n\u00f3s, veio caminhar ao nosso lado. Ele assumiu a condi\u00e7\u00e3o pequena e fr\u00e1gil de uma crian\u00e7a. Ele nasceu pobre e veio ao encontro dos mais pobres&#8221;.<\/p>\n<p>Frei C\u00e9sar lamentou que, infelizmente, esse tempo do Advento \u00e9 ofuscado pelo com\u00e9rcio. &#8220;N\u00e3o tem Jesus no Centro e, por isso, parece que a nossa cidade at\u00e9 j\u00e1 est\u00e1 em clima de Natal. As propagandas j\u00e1 querem trazer o ambiente do Natal, com m\u00fasicas, sinos e muitas cores que n\u00e3o fazem perceber o tempo&#8221;, lamentou.<\/p>\n<p>Para o Ministro Provincial, \u00e9 preciso sentir o tempo. &#8220;Nesta din\u00e2mica do tempo de Deus, que \u00e9 o tempo tamb\u00e9m dos irm\u00e3os, quero diante dessa comunidade, aqui reunida para celebrar a nossa f\u00e9, agradecer por este tempo que pude viver nesse minist\u00e9rio, no servi\u00e7o sacerdotal&#8221;, disse Frei C\u00e9sar, frisando que foram muitas pessoas que participaram deste minist\u00e9rio e colaboraram para que ele acontecesse. &#8220;Ele \u00e9, como disse o Papa Francisco, interliga\u00e7\u00e3o. Tudo est\u00e1 interligado. Isso desde o seio familiar, a forma\u00e7\u00e3o inicial at\u00e9 o minist\u00e9rio sacerdotal&#8221;. Frei C\u00e9sar agradeceu a seus pais, seus formadores, citando Frei M\u00e1rio Tagliari que estava presente, os confrades e a Prov\u00edncia. &#8220;Minist\u00e9rio \u00e9 servi\u00e7o. E aprendemos na vida que \u00e9 fazendo que se aprende. N\u00e3o existe uma receita pronta. Nos tantos encontros e rela\u00e7\u00f5es, quanto a aprender em cada um de voc\u00eas que est\u00e1 aqui, que foi conviv\u00eancia, que foi aprendizado. Mas, para aprender todos n\u00f3s precisamos dessa abertura e dessa aten\u00e7\u00e3o que nos fala o Evangelho&#8221;, observou.<\/p>\n<p><img loading=\"lazy\" class=\"alignnone size-full wp-image-229541\" src=\"https:\/\/franciscanos.org.br\/noticias\/wp-content\/uploads\/2020\/11\/jubileu_04-scaled.jpg\" alt=\"\" width=\"1277\" height=\"1920\" srcset=\"https:\/\/franciscanos.org.br\/noticias\/wp-content\/uploads\/2020\/11\/jubileu_04-scaled.jpg 1277w, https:\/\/franciscanos.org.br\/noticias\/wp-content\/uploads\/2020\/11\/jubileu_04-299x450.jpg 299w, https:\/\/franciscanos.org.br\/noticias\/wp-content\/uploads\/2020\/11\/jubileu_04-681x1024.jpg 681w, https:\/\/franciscanos.org.br\/noticias\/wp-content\/uploads\/2020\/11\/jubileu_04-768x1154.jpg 768w, https:\/\/franciscanos.org.br\/noticias\/wp-content\/uploads\/2020\/11\/jubileu_04-1022x1536.jpg 1022w, https:\/\/franciscanos.org.br\/noticias\/wp-content\/uploads\/2020\/11\/jubileu_04-150x225.jpg 150w\" sizes=\"(max-width: 1277px) 100vw, 1277px\" \/><\/p>\n<p>&#8220;O sacerd\u00f3cio, para n\u00f3s, franciscanos, tem um modo pr\u00f3prio. Ele \u00e9 vivido em fraternidade, a partir de uma fraternidade. Quero aqui agradecer a esta Fraternidade em que vivo \u2013 Frei Raimundo \u00e9 o nosso guardi\u00e3o -, todas as Fraternidades onde pude viver e servir e, principalmente a Fraternidade de toda a nossa Prov\u00edncia, aqui no Brasil e em Angola. E essa fraternidade, o Papa nos pede que seja ampliada. \u00c9 a fraternidade humana, com todos aqueles com quem a gente convive. N\u00f3s, frades, somos diferentes, temos dons e tamb\u00e9m dificuldades pr\u00f3prias, mas uma coisa \u00e9 fundamental para todos: &#8216;Seguir a Jesus Cristo, viver o Evangelho, que \u00e9 a nossa Regra de Vida, do jeito que procurou viver S\u00e3o Francisco de Assis. A gente vem de tantos lugares diferentes, com forma\u00e7\u00e3o diferente, mas somos movidos pela divina inspira\u00e7\u00e3o para que n\u00f3s todos sejamos irm\u00e3os em uma mesma fraternidade&#8217;\u201d, real\u00e7ou.<\/p>\n<p>Segundo ele, Francisco de Assis nos ensina que a gratid\u00e3o \u00e9 mais importante. &#8220;Aquela atitude que rende gra\u00e7as e louvores a Deus todos os dias da vida. Que devolve tudo a Ele, o bem realizado e o bem maior que continua sendo buscado. O nosso Mestre \u00e9 Jesus, e Ele \u00e9 tamb\u00e9m o nosso Caminho, precisa ser descoberto. Ele se revela na humildade de seus mist\u00e9rios, especialmente de sua Encarna\u00e7\u00e3o e de sua Paix\u00e3o e Ressurrei\u00e7\u00e3o. E tudo isto se faz presen\u00e7a nas celebra\u00e7\u00f5es da Eucaristia e da Palavra. E nos compromete por inteiro neste minist\u00e9rio sacerdotal nos servi\u00e7os da Caridade e da Reconcilia\u00e7\u00e3o&#8221;, salientou.<\/p>\n<div id=\"attachment_229543\" style=\"width: 1290px\" class=\"wp-caption alignnone\"><img aria-describedby=\"caption-attachment-229543\" loading=\"lazy\" class=\"wp-image-229543 size-full\" src=\"https:\/\/franciscanos.org.br\/noticias\/wp-content\/uploads\/2020\/11\/jubileu_06.jpg\" alt=\"\" width=\"1280\" height=\"998\" srcset=\"https:\/\/franciscanos.org.br\/noticias\/wp-content\/uploads\/2020\/11\/jubileu_06.jpg 1280w, https:\/\/franciscanos.org.br\/noticias\/wp-content\/uploads\/2020\/11\/jubileu_06-450x351.jpg 450w, https:\/\/franciscanos.org.br\/noticias\/wp-content\/uploads\/2020\/11\/jubileu_06-1024x798.jpg 1024w, https:\/\/franciscanos.org.br\/noticias\/wp-content\/uploads\/2020\/11\/jubileu_06-768x599.jpg 768w, https:\/\/franciscanos.org.br\/noticias\/wp-content\/uploads\/2020\/11\/jubileu_06-150x117.jpg 150w\" sizes=\"(max-width: 1280px) 100vw, 1280px\" \/><p id=\"caption-attachment-229543\" class=\"wp-caption-text\"><em>Os pais de Frei C\u00e9sar, Reinilda e Fredolino K\u00fclkamp<\/em><\/p><\/div>\n<p>Para o Ministro Provincial, celebrar 25 anos de sacerd\u00f3cio \u00e9 como que chegar \u00e0 metade da caminhada. &#8220;N\u00e3o sabemos para onde e at\u00e9 onde Ela nos vai conduzir, mas \u00e9 tempo de reviver, agradecer, rever e de lan\u00e7ar novas perspectivas na l\u00f3gica da convers\u00e3o, do estar mais atento, como nos pede este tempo do Advento&#8221;, disse.<\/p>\n<p>Frei C\u00e9sar encerrou sua homilia contando uma hist\u00f3ria que, segundo ele, um certo confrade fez uma alegoria comparando a vida a um pote de deliciosas jabuticabas: &#8220;Cada um de n\u00f3s ganhou um pote cheio de jabuticabas para degustar. No in\u00edcio come\u00e7amos a com\u00ea-las de forma mais distra\u00edda, ocupados em outras coisas, compromissos, quem sabe respondendo a nossos contatos virtuais, e, quando nos deparamos, o pote j\u00e1 estava pela metade e nem lembramos muito bem do quanto foram saborosas as jabuticabas que j\u00e1 hav\u00edamos consumido. As jabuticabas que sobraram no pote, certamente, ser\u00e3o mais preciosas e saboreadas com mais aten\u00e7\u00e3o&#8221;.<\/p>\n<p>&#8220;Talvez celebrar os 25 anos com esse este convite que o Advento nos faz: vigiai, ficai despertos. Sinta o verdadeiro sabor de servir na voca\u00e7\u00e3o franciscana e sacerdotal, sinta o sabor profundo e inigual\u00e1vel da presen\u00e7a de Deus que se fez servidor. \u00c9 o dia de renovar o compromisso de fazer de Deus a centralidade da vida. E o Deus revelado por Jesus Cristo sempre nos empurra a sair de n\u00f3s mesmos para uma vida de mais encontros. Encontros que tamb\u00e9m precisam ser vividos como o sabor das \u00faltimas jabuticabas&#8221;, completou, fazendo o \u00faltimo agradecimento: &#8220;Caros irm\u00e3os e irm\u00e3s aqui presentes ou presentes de tantas formas, obrigado pelo aprendizado que me proporcionaram. Obrigado pelo apoio, amizade, fraternidade e pelas preces que me sustentaram at\u00e9 aqui!&#8221;<strong><a href=\"https:\/\/franciscanos.org.br\/noticias\/25-anos-de-sacerdocio-frei-cesar-kulkamp-sao-paulo-29-11-2020.html#gsc.tab=0\"> LEIA A \u00cdNTEGRA DA HOMILIA.<\/a><\/strong><\/p>\n<p>Na sequ\u00eancia, Frei C\u00e9sar renovou o compromisso como sacerdote. &#8220;Senhor, na alegria do sacerd\u00f3cio, quero prometer de novo, com o mesmo ardor de todos os dias, encher-me do esp\u00edrito do Evangelho, viver a servi\u00e7o dos irm\u00e3os e irm\u00e3s, ser sinal do vosso amor e da vossa bondade&#8221;, disse diante do guardi\u00e3o da Fraternidade, Frei Raimundo de Oliveira Castro.<\/p>\n<p><img loading=\"lazy\" class=\"alignnone size-full wp-image-229542\" src=\"https:\/\/franciscanos.org.br\/noticias\/wp-content\/uploads\/2020\/11\/jubileu_05.jpg\" alt=\"\" width=\"1280\" height=\"753\" srcset=\"https:\/\/franciscanos.org.br\/noticias\/wp-content\/uploads\/2020\/11\/jubileu_05.jpg 1280w, https:\/\/franciscanos.org.br\/noticias\/wp-content\/uploads\/2020\/11\/jubileu_05-450x265.jpg 450w, https:\/\/franciscanos.org.br\/noticias\/wp-content\/uploads\/2020\/11\/jubileu_05-1024x602.jpg 1024w, https:\/\/franciscanos.org.br\/noticias\/wp-content\/uploads\/2020\/11\/jubileu_05-768x452.jpg 768w, https:\/\/franciscanos.org.br\/noticias\/wp-content\/uploads\/2020\/11\/jubileu_05-150x88.jpg 150w\" sizes=\"(max-width: 1280px) 100vw, 1280px\" \/><\/p>\n<p>Frei C\u00e9sar agradeceu os m\u00fasicos, especialmente pela m\u00fasica do Ofert\u00f3rio, &#8220;Trabalhar o p\u00e3o, celebrar o p\u00e3o&#8230;&#8221;, a mesma que foi cantada na sua ordena\u00e7\u00e3o. Frei C\u00e9sar at\u00e9 que tentou segurar a emo\u00e7\u00e3o, mas na Ora\u00e7\u00e3o Eucar\u00edstica n\u00e3o conseguiu. No final, mais emo\u00e7\u00f5es, quando a Par\u00f3quia passou no tel\u00e3o imagens de sua vida e caminhada.<\/p>\n<p>No final, Frei Raimundo entregou uma casula de presente a Frei C\u00e9sar. &#8220;Essa homenagem retrata a sua entrega a este minist\u00e9rio que S\u00e3o Francisco tinha t\u00e3o caro pelo irm\u00e3o sacerdote. Dizia ele que era digno, honroso, aquele que trazia o Cristo, Filho de Deus vivo todos os dias. Que seu minist\u00e9rio seja fecundo e generoso como foi at\u00e9 agora. Essa lembran\u00e7a que n\u00f3s queremos entregar parte da Fraternidade local, mas com ela est\u00e3o todos os frades que hoje voc\u00ea \u00e9 o Ministro e Animador de todos eles. Muita fecundidade no seu minist\u00e9rio sacerdotal!&#8221;, desejou o guardi\u00e3o da Fraternidade da Vila Clementino.<\/p>\n<p><strong>25 ANOS DE MINIST\u00c9RIO PRESBITERAL<\/strong><\/p>\n<p>Frei C\u00e9sar se tornou professo solene em 24 de setembro de 1993.<\/p>\n<p>Al\u00e9m de bacharel em Filosofia e Teologia, formou-se em Pedagogia na Universidade Cat\u00f3lica de Petr\u00f3polis (UCP) em 1995, fez mestrado em Educa\u00e7\u00e3o pela Universidade Federal do Rio de Janeiro (2000) e p\u00f3s-gradua\u00e7\u00e3o em Administra\u00e7\u00e3o de Empresas pela Faculdade Get\u00falio Vargas.<\/p>\n<p>Frei C\u00e9sar tem uma hist\u00f3ria de dedica\u00e7\u00e3o \u00e0 educa\u00e7\u00e3o e \u00e0 forma\u00e7\u00e3o religiosa franciscana. Tanto que assumiu a dire\u00e7\u00e3o pedag\u00f3gica do Col\u00e9gio \u201cCanarinhos\u201d de Petr\u00f3polis em 1994, onde ficou at\u00e9 1999. No final de 2000, foi transferido para Agudos, onde assumiu como reitor e orientador o Semin\u00e1rio Santo Ant\u00f4nio. Em 2003, foi eleito para o primeiro mandato como Definidor (2004-2006), assumindo tamb\u00e9m a fun\u00e7\u00e3o de secret\u00e1rio para a Forma\u00e7\u00e3o e Estudos e vice-mestre no Postulantado Frei Galv\u00e3o (Guaratinguet\u00e1).<\/p>\n<p>No Cap\u00edtulo Provincial de 2006, foi reeleito Definidor para o tri\u00eanio 2007-2009. Acumulou as fun\u00e7\u00f5es de guardi\u00e3o da Fraternidade de Rondinha e Secret\u00e1rio para a Forma\u00e7\u00e3o e Estudos. Mas no Cap\u00edtulo de 2009, foi mais uma vez confirmado como Definidor at\u00e9 o ano de 2012, tamb\u00e9m acumulando a fun\u00e7\u00e3o de Secret\u00e1rio para a Forma\u00e7\u00e3o e Estudos e Mestre para os professos tempor\u00e1rios no tempo de Teologia em Petr\u00f3polis.<\/p>\n<p>No Cap\u00edtulo de 2012, Frei C\u00e9sar continuou como Secret\u00e1rio para a Forma\u00e7\u00e3o e Estudos, assumindo tamb\u00e9m como guardi\u00e3o da Fraternidade do Sagrado, em Petr\u00f3polis. Em 2016 foi eleito novamente Definidor, mas ficou por pouco tempo no cargo quando assumiu como Vig\u00e1rio Provincial no lugar de Frei Evaristo Spengler, nomeado pelo Papa Francisco bispo de Maraj\u00f3. Frei C\u00e9sar tamb\u00e9m desempenhou a fun\u00e7\u00e3o de Secret\u00e1rio da Evangeliza\u00e7\u00e3o. Foi eleito Ministro Provincial no dia 17 de novembro de 2018.<\/p>\n<hr \/>\n<p><strong>VEJA MAIS IMAGENS DA CELEBRA\u00c7\u00c3O DO JUBILEU DE FREI C\u00c9SAR<\/strong><\/p>\n\n\t\t<style type=\"text\/css\">\n\t\t\t#gallery-1 {\n\t\t\t\tmargin: auto;\n\t\t\t}\n\t\t\t#gallery-1 .gallery-item {\n\t\t\t\tfloat: left;\n\t\t\t\tmargin-top: 10px;\n\t\t\t\ttext-align: center;\n\t\t\t\twidth: 20%;\n\t\t\t}\n\t\t\t#gallery-1 img {\n\t\t\t\tborder: 2px solid #cfcfcf;\n\t\t\t}\n\t\t\t#gallery-1 .gallery-caption {\n\t\t\t\tmargin-left: 0;\n\t\t\t}\n\t\t\t\/* see gallery_shortcode() in wp-includes\/media.php *\/\n\t\t<\/style>\n\t\t<div id='gallery-1' class='gallery galleryid-229537 gallery-columns-5 gallery-size-thumbnail'><dl class='gallery-item'>\n\t\t\t<dt class='gallery-icon landscape'>\n\t\t\t\t<a href='https:\/\/franciscanos.org.br\/noticias\/wp-content\/uploads\/2020\/11\/jubileu-3.jpg'><img width=\"300\" height=\"300\" src=\"https:\/\/franciscanos.org.br\/noticias\/wp-content\/uploads\/2020\/11\/jubileu-3-300x300.jpg\" class=\"attachment-thumbnail size-thumbnail\" alt=\"\" loading=\"lazy\" srcset=\"https:\/\/franciscanos.org.br\/noticias\/wp-content\/uploads\/2020\/11\/jubileu-3-300x300.jpg 300w, https:\/\/franciscanos.org.br\/noticias\/wp-content\/uploads\/2020\/11\/jubileu-3-100x100.jpg 100w\" sizes=\"(max-width: 300px) 100vw, 300px\" \/><\/a>\n\t\t\t<\/dt><\/dl><dl class='gallery-item'>\n\t\t\t<dt class='gallery-icon landscape'>\n\t\t\t\t<a href='https:\/\/franciscanos.org.br\/noticias\/wp-content\/uploads\/2020\/11\/jubileu-4.jpg'><img width=\"300\" height=\"300\" src=\"https:\/\/franciscanos.org.br\/noticias\/wp-content\/uploads\/2020\/11\/jubileu-4-300x300.jpg\" class=\"attachment-thumbnail size-thumbnail\" alt=\"\" loading=\"lazy\" srcset=\"https:\/\/franciscanos.org.br\/noticias\/wp-content\/uploads\/2020\/11\/jubileu-4-300x300.jpg 300w, https:\/\/franciscanos.org.br\/noticias\/wp-content\/uploads\/2020\/11\/jubileu-4-100x100.jpg 100w\" sizes=\"(max-width: 300px) 100vw, 300px\" \/><\/a>\n\t\t\t<\/dt><\/dl><dl class='gallery-item'>\n\t\t\t<dt class='gallery-icon landscape'>\n\t\t\t\t<a href='https:\/\/franciscanos.org.br\/noticias\/wp-content\/uploads\/2020\/11\/jubileu-5.jpg'><img width=\"300\" height=\"300\" src=\"https:\/\/franciscanos.org.br\/noticias\/wp-content\/uploads\/2020\/11\/jubileu-5-300x300.jpg\" class=\"attachment-thumbnail size-thumbnail\" alt=\"\" loading=\"lazy\" srcset=\"https:\/\/franciscanos.org.br\/noticias\/wp-content\/uploads\/2020\/11\/jubileu-5-300x300.jpg 300w, https:\/\/franciscanos.org.br\/noticias\/wp-content\/uploads\/2020\/11\/jubileu-5-100x100.jpg 100w\" sizes=\"(max-width: 300px) 100vw, 300px\" \/><\/a>\n\t\t\t<\/dt><\/dl><dl class='gallery-item'>\n\t\t\t<dt class='gallery-icon landscape'>\n\t\t\t\t<a href='https:\/\/franciscanos.org.br\/noticias\/wp-content\/uploads\/2020\/11\/jubileu-6.jpg'><img width=\"300\" height=\"300\" src=\"https:\/\/franciscanos.org.br\/noticias\/wp-content\/uploads\/2020\/11\/jubileu-6-300x300.jpg\" class=\"attachment-thumbnail size-thumbnail\" alt=\"\" loading=\"lazy\" srcset=\"https:\/\/franciscanos.org.br\/noticias\/wp-content\/uploads\/2020\/11\/jubileu-6-300x300.jpg 300w, https:\/\/franciscanos.org.br\/noticias\/wp-content\/uploads\/2020\/11\/jubileu-6-100x100.jpg 100w\" sizes=\"(max-width: 300px) 100vw, 300px\" \/><\/a>\n\t\t\t<\/dt><\/dl><dl class='gallery-item'>\n\t\t\t<dt class='gallery-icon landscape'>\n\t\t\t\t<a href='https:\/\/franciscanos.org.br\/noticias\/wp-content\/uploads\/2020\/11\/jubileu-7.jpg'><img width=\"300\" height=\"300\" src=\"https:\/\/franciscanos.org.br\/noticias\/wp-content\/uploads\/2020\/11\/jubileu-7-300x300.jpg\" class=\"attachment-thumbnail size-thumbnail\" alt=\"\" loading=\"lazy\" srcset=\"https:\/\/franciscanos.org.br\/noticias\/wp-content\/uploads\/2020\/11\/jubileu-7-300x300.jpg 300w, https:\/\/franciscanos.org.br\/noticias\/wp-content\/uploads\/2020\/11\/jubileu-7-100x100.jpg 100w\" sizes=\"(max-width: 300px) 100vw, 300px\" \/><\/a>\n\t\t\t<\/dt><\/dl><br style=\"clear: both\" \/><dl class='gallery-item'>\n\t\t\t<dt class='gallery-icon landscape'>\n\t\t\t\t<a href='https:\/\/franciscanos.org.br\/noticias\/wp-content\/uploads\/2020\/11\/jubileu-8.jpg'><img width=\"300\" height=\"300\" src=\"https:\/\/franciscanos.org.br\/noticias\/wp-content\/uploads\/2020\/11\/jubileu-8-300x300.jpg\" class=\"attachment-thumbnail size-thumbnail\" alt=\"\" loading=\"lazy\" srcset=\"https:\/\/franciscanos.org.br\/noticias\/wp-content\/uploads\/2020\/11\/jubileu-8-300x300.jpg 300w, https:\/\/franciscanos.org.br\/noticias\/wp-content\/uploads\/2020\/11\/jubileu-8-100x100.jpg 100w\" sizes=\"(max-width: 300px) 100vw, 300px\" \/><\/a>\n\t\t\t<\/dt><\/dl><dl class='gallery-item'>\n\t\t\t<dt class='gallery-icon landscape'>\n\t\t\t\t<a href='https:\/\/franciscanos.org.br\/noticias\/wp-content\/uploads\/2020\/11\/jubileu-9.jpg'><img width=\"300\" height=\"300\" src=\"https:\/\/franciscanos.org.br\/noticias\/wp-content\/uploads\/2020\/11\/jubileu-9-300x300.jpg\" class=\"attachment-thumbnail size-thumbnail\" alt=\"\" loading=\"lazy\" srcset=\"https:\/\/franciscanos.org.br\/noticias\/wp-content\/uploads\/2020\/11\/jubileu-9-300x300.jpg 300w, https:\/\/franciscanos.org.br\/noticias\/wp-content\/uploads\/2020\/11\/jubileu-9-100x100.jpg 100w\" sizes=\"(max-width: 300px) 100vw, 300px\" \/><\/a>\n\t\t\t<\/dt><\/dl><dl class='gallery-item'>\n\t\t\t<dt class='gallery-icon landscape'>\n\t\t\t\t<a href='https:\/\/franciscanos.org.br\/noticias\/wp-content\/uploads\/2020\/11\/jubileu-10.jpg'><img width=\"300\" height=\"300\" src=\"https:\/\/franciscanos.org.br\/noticias\/wp-content\/uploads\/2020\/11\/jubileu-10-300x300.jpg\" class=\"attachment-thumbnail size-thumbnail\" alt=\"\" loading=\"lazy\" srcset=\"https:\/\/franciscanos.org.br\/noticias\/wp-content\/uploads\/2020\/11\/jubileu-10-300x300.jpg 300w, https:\/\/franciscanos.org.br\/noticias\/wp-content\/uploads\/2020\/11\/jubileu-10-100x100.jpg 100w\" sizes=\"(max-width: 300px) 100vw, 300px\" \/><\/a>\n\t\t\t<\/dt><\/dl><dl class='gallery-item'>\n\t\t\t<dt class='gallery-icon landscape'>\n\t\t\t\t<a href='https:\/\/franciscanos.org.br\/noticias\/wp-content\/uploads\/2020\/11\/jubileu-11.jpg'><img width=\"300\" height=\"300\" src=\"https:\/\/franciscanos.org.br\/noticias\/wp-content\/uploads\/2020\/11\/jubileu-11-300x300.jpg\" class=\"attachment-thumbnail size-thumbnail\" alt=\"\" loading=\"lazy\" srcset=\"https:\/\/franciscanos.org.br\/noticias\/wp-content\/uploads\/2020\/11\/jubileu-11-300x300.jpg 300w, https:\/\/franciscanos.org.br\/noticias\/wp-content\/uploads\/2020\/11\/jubileu-11-100x100.jpg 100w\" sizes=\"(max-width: 300px) 100vw, 300px\" \/><\/a>\n\t\t\t<\/dt><\/dl><dl class='gallery-item'>\n\t\t\t<dt class='gallery-icon landscape'>\n\t\t\t\t<a href='https:\/\/franciscanos.org.br\/noticias\/wp-content\/uploads\/2020\/11\/jubileu-12.jpg'><img width=\"300\" height=\"300\" src=\"https:\/\/franciscanos.org.br\/noticias\/wp-content\/uploads\/2020\/11\/jubileu-12-300x300.jpg\" class=\"attachment-thumbnail size-thumbnail\" alt=\"\" loading=\"lazy\" srcset=\"https:\/\/franciscanos.org.br\/noticias\/wp-content\/uploads\/2020\/11\/jubileu-12-300x300.jpg 300w, https:\/\/franciscanos.org.br\/noticias\/wp-content\/uploads\/2020\/11\/jubileu-12-100x100.jpg 100w\" sizes=\"(max-width: 300px) 100vw, 300px\" \/><\/a>\n\t\t\t<\/dt><\/dl><br style=\"clear: both\" \/><dl class='gallery-item'>\n\t\t\t<dt class='gallery-icon landscape'>\n\t\t\t\t<a href='https:\/\/franciscanos.org.br\/noticias\/wp-content\/uploads\/2020\/11\/jubileu-13.jpg'><img width=\"300\" height=\"300\" src=\"https:\/\/franciscanos.org.br\/noticias\/wp-content\/uploads\/2020\/11\/jubileu-13-300x300.jpg\" class=\"attachment-thumbnail size-thumbnail\" alt=\"\" loading=\"lazy\" srcset=\"https:\/\/franciscanos.org.br\/noticias\/wp-content\/uploads\/2020\/11\/jubileu-13-300x300.jpg 300w, https:\/\/franciscanos.org.br\/noticias\/wp-content\/uploads\/2020\/11\/jubileu-13-100x100.jpg 100w\" sizes=\"(max-width: 300px) 100vw, 300px\" \/><\/a>\n\t\t\t<\/dt><\/dl><dl class='gallery-item'>\n\t\t\t<dt class='gallery-icon landscape'>\n\t\t\t\t<a href='https:\/\/franciscanos.org.br\/noticias\/wp-content\/uploads\/2020\/11\/jubileu-14.jpg'><img width=\"300\" height=\"300\" src=\"https:\/\/franciscanos.org.br\/noticias\/wp-content\/uploads\/2020\/11\/jubileu-14-300x300.jpg\" class=\"attachment-thumbnail size-thumbnail\" alt=\"\" loading=\"lazy\" srcset=\"https:\/\/franciscanos.org.br\/noticias\/wp-content\/uploads\/2020\/11\/jubileu-14-300x300.jpg 300w, https:\/\/franciscanos.org.br\/noticias\/wp-content\/uploads\/2020\/11\/jubileu-14-100x100.jpg 100w\" sizes=\"(max-width: 300px) 100vw, 300px\" \/><\/a>\n\t\t\t<\/dt><\/dl><dl class='gallery-item'>\n\t\t\t<dt class='gallery-icon landscape'>\n\t\t\t\t<a href='https:\/\/franciscanos.org.br\/noticias\/wp-content\/uploads\/2020\/11\/jubileu-15.jpg'><img width=\"300\" height=\"300\" src=\"https:\/\/franciscanos.org.br\/noticias\/wp-content\/uploads\/2020\/11\/jubileu-15-300x300.jpg\" class=\"attachment-thumbnail size-thumbnail\" alt=\"\" loading=\"lazy\" srcset=\"https:\/\/franciscanos.org.br\/noticias\/wp-content\/uploads\/2020\/11\/jubileu-15-300x300.jpg 300w, https:\/\/franciscanos.org.br\/noticias\/wp-content\/uploads\/2020\/11\/jubileu-15-100x100.jpg 100w\" sizes=\"(max-width: 300px) 100vw, 300px\" \/><\/a>\n\t\t\t<\/dt><\/dl><dl class='gallery-item'>\n\t\t\t<dt class='gallery-icon landscape'>\n\t\t\t\t<a href='https:\/\/franciscanos.org.br\/noticias\/wp-content\/uploads\/2020\/11\/jubileu-16.jpg'><img width=\"300\" height=\"300\" src=\"https:\/\/franciscanos.org.br\/noticias\/wp-content\/uploads\/2020\/11\/jubileu-16-300x300.jpg\" class=\"attachment-thumbnail size-thumbnail\" alt=\"\" loading=\"lazy\" srcset=\"https:\/\/franciscanos.org.br\/noticias\/wp-content\/uploads\/2020\/11\/jubileu-16-300x300.jpg 300w, https:\/\/franciscanos.org.br\/noticias\/wp-content\/uploads\/2020\/11\/jubileu-16-100x100.jpg 100w\" sizes=\"(max-width: 300px) 100vw, 300px\" \/><\/a>\n\t\t\t<\/dt><\/dl><dl class='gallery-item'>\n\t\t\t<dt class='gallery-icon landscape'>\n\t\t\t\t<a href='https:\/\/franciscanos.org.br\/noticias\/wp-content\/uploads\/2020\/11\/jubileu-17.jpg'><img width=\"300\" height=\"300\" src=\"https:\/\/franciscanos.org.br\/noticias\/wp-content\/uploads\/2020\/11\/jubileu-17-300x300.jpg\" class=\"attachment-thumbnail size-thumbnail\" alt=\"\" loading=\"lazy\" srcset=\"https:\/\/franciscanos.org.br\/noticias\/wp-content\/uploads\/2020\/11\/jubileu-17-300x300.jpg 300w, https:\/\/franciscanos.org.br\/noticias\/wp-content\/uploads\/2020\/11\/jubileu-17-100x100.jpg 100w\" sizes=\"(max-width: 300px) 100vw, 300px\" \/><\/a>\n\t\t\t<\/dt><\/dl><br style=\"clear: both\" \/><dl class='gallery-item'>\n\t\t\t<dt class='gallery-icon landscape'>\n\t\t\t\t<a href='https:\/\/franciscanos.org.br\/noticias\/wp-content\/uploads\/2020\/11\/jubileu-18.jpg'><img width=\"300\" height=\"300\" src=\"https:\/\/franciscanos.org.br\/noticias\/wp-content\/uploads\/2020\/11\/jubileu-18-300x300.jpg\" class=\"attachment-thumbnail size-thumbnail\" alt=\"\" loading=\"lazy\" srcset=\"https:\/\/franciscanos.org.br\/noticias\/wp-content\/uploads\/2020\/11\/jubileu-18-300x300.jpg 300w, https:\/\/franciscanos.org.br\/noticias\/wp-content\/uploads\/2020\/11\/jubileu-18-100x100.jpg 100w\" sizes=\"(max-width: 300px) 100vw, 300px\" \/><\/a>\n\t\t\t<\/dt><\/dl><dl class='gallery-item'>\n\t\t\t<dt class='gallery-icon portrait'>\n\t\t\t\t<a href='https:\/\/franciscanos.org.br\/noticias\/wp-content\/uploads\/2020\/11\/jubileu-19.jpg'><img width=\"300\" height=\"300\" src=\"https:\/\/franciscanos.org.br\/noticias\/wp-content\/uploads\/2020\/11\/jubileu-19-300x300.jpg\" class=\"attachment-thumbnail size-thumbnail\" alt=\"\" loading=\"lazy\" srcset=\"https:\/\/franciscanos.org.br\/noticias\/wp-content\/uploads\/2020\/11\/jubileu-19-300x300.jpg 300w, https:\/\/franciscanos.org.br\/noticias\/wp-content\/uploads\/2020\/11\/jubileu-19-100x100.jpg 100w\" sizes=\"(max-width: 300px) 100vw, 300px\" \/><\/a>\n\t\t\t<\/dt><\/dl><dl class='gallery-item'>\n\t\t\t<dt class='gallery-icon landscape'>\n\t\t\t\t<a href='https:\/\/franciscanos.org.br\/noticias\/wp-content\/uploads\/2020\/11\/jubileu-20.jpg'><img width=\"300\" height=\"300\" src=\"https:\/\/franciscanos.org.br\/noticias\/wp-content\/uploads\/2020\/11\/jubileu-20-300x300.jpg\" class=\"attachment-thumbnail size-thumbnail\" alt=\"\" loading=\"lazy\" srcset=\"https:\/\/franciscanos.org.br\/noticias\/wp-content\/uploads\/2020\/11\/jubileu-20-300x300.jpg 300w, https:\/\/franciscanos.org.br\/noticias\/wp-content\/uploads\/2020\/11\/jubileu-20-100x100.jpg 100w\" sizes=\"(max-width: 300px) 100vw, 300px\" \/><\/a>\n\t\t\t<\/dt><\/dl><dl class='gallery-item'>\n\t\t\t<dt class='gallery-icon landscape'>\n\t\t\t\t<a href='https:\/\/franciscanos.org.br\/noticias\/wp-content\/uploads\/2020\/11\/jubileu-21.jpg'><img width=\"300\" height=\"300\" src=\"https:\/\/franciscanos.org.br\/noticias\/wp-content\/uploads\/2020\/11\/jubileu-21-300x300.jpg\" class=\"attachment-thumbnail size-thumbnail\" alt=\"\" loading=\"lazy\" srcset=\"https:\/\/franciscanos.org.br\/noticias\/wp-content\/uploads\/2020\/11\/jubileu-21-300x300.jpg 300w, https:\/\/franciscanos.org.br\/noticias\/wp-content\/uploads\/2020\/11\/jubileu-21-100x100.jpg 100w\" sizes=\"(max-width: 300px) 100vw, 300px\" \/><\/a>\n\t\t\t<\/dt><\/dl><dl class='gallery-item'>\n\t\t\t<dt class='gallery-icon landscape'>\n\t\t\t\t<a href='https:\/\/franciscanos.org.br\/noticias\/wp-content\/uploads\/2020\/11\/jubileu-22.jpg'><img width=\"300\" height=\"300\" src=\"https:\/\/franciscanos.org.br\/noticias\/wp-content\/uploads\/2020\/11\/jubileu-22-300x300.jpg\" class=\"attachment-thumbnail size-thumbnail\" alt=\"\" loading=\"lazy\" srcset=\"https:\/\/franciscanos.org.br\/noticias\/wp-content\/uploads\/2020\/11\/jubileu-22-300x300.jpg 300w, https:\/\/franciscanos.org.br\/noticias\/wp-content\/uploads\/2020\/11\/jubileu-22-100x100.jpg 100w\" sizes=\"(max-width: 300px) 100vw, 300px\" \/><\/a>\n\t\t\t<\/dt><\/dl><br style=\"clear: both\" \/><dl class='gallery-item'>\n\t\t\t<dt class='gallery-icon landscape'>\n\t\t\t\t<a href='https:\/\/franciscanos.org.br\/noticias\/wp-content\/uploads\/2020\/11\/jubileu-22a.jpg'><img width=\"300\" height=\"300\" src=\"https:\/\/franciscanos.org.br\/noticias\/wp-content\/uploads\/2020\/11\/jubileu-22a-300x300.jpg\" class=\"attachment-thumbnail size-thumbnail\" alt=\"\" loading=\"lazy\" srcset=\"https:\/\/franciscanos.org.br\/noticias\/wp-content\/uploads\/2020\/11\/jubileu-22a-300x300.jpg 300w, https:\/\/franciscanos.org.br\/noticias\/wp-content\/uploads\/2020\/11\/jubileu-22a-100x100.jpg 100w\" sizes=\"(max-width: 300px) 100vw, 300px\" \/><\/a>\n\t\t\t<\/dt><\/dl><dl class='gallery-item'>\n\t\t\t<dt class='gallery-icon landscape'>\n\t\t\t\t<a href='https:\/\/franciscanos.org.br\/noticias\/wp-content\/uploads\/2020\/11\/jubileu-23.jpg'><img width=\"300\" height=\"300\" src=\"https:\/\/franciscanos.org.br\/noticias\/wp-content\/uploads\/2020\/11\/jubileu-23-300x300.jpg\" class=\"attachment-thumbnail size-thumbnail\" alt=\"\" loading=\"lazy\" srcset=\"https:\/\/franciscanos.org.br\/noticias\/wp-content\/uploads\/2020\/11\/jubileu-23-300x300.jpg 300w, https:\/\/franciscanos.org.br\/noticias\/wp-content\/uploads\/2020\/11\/jubileu-23-100x100.jpg 100w\" sizes=\"(max-width: 300px) 100vw, 300px\" \/><\/a>\n\t\t\t<\/dt><\/dl><dl class='gallery-item'>\n\t\t\t<dt class='gallery-icon portrait'>\n\t\t\t\t<a href='https:\/\/franciscanos.org.br\/noticias\/wp-content\/uploads\/2020\/11\/jubileu-24.jpg'><img width=\"300\" height=\"300\" src=\"https:\/\/franciscanos.org.br\/noticias\/wp-content\/uploads\/2020\/11\/jubileu-24-300x300.jpg\" class=\"attachment-thumbnail size-thumbnail\" alt=\"\" loading=\"lazy\" srcset=\"https:\/\/franciscanos.org.br\/noticias\/wp-content\/uploads\/2020\/11\/jubileu-24-300x300.jpg 300w, https:\/\/franciscanos.org.br\/noticias\/wp-content\/uploads\/2020\/11\/jubileu-24-100x100.jpg 100w\" sizes=\"(max-width: 300px) 100vw, 300px\" \/><\/a>\n\t\t\t<\/dt><\/dl>\n\t\t\t<br style='clear: both' \/>\n\t\t<\/div>\n\n","protected":false},"excerpt":{"rendered":"<p>Jubileu Sacerdotal de Frei C\u00e9sar K\u00fclkamp<\/p>\n","protected":false},"author":3,"featured_media":229569,"comment_status":"open","ping_status":"open","sticky":false,"template":"","format":"standard","meta":[],"categories":[1],"tags":[454,85,366],"acf":[],"yoast_head":"<!-- This site is optimized with the Yoast SEO plugin v19.2 - https:\/\/yoast.com\/wordpress\/plugins\/seo\/ -->\n<title>Frei C\u00e9sar celebra 25 anos de sacerd\u00f3cio e renova o compromisso de fazer Deus a centralidade de sua vida - Not\u00edcias - Franciscanos<\/title>\n<meta name=\"robots\" content=\"index, follow, max-snippet:-1, max-image-preview:large, max-video-preview:-1\" \/>\n<link rel=\"canonical\" href=\"https:\/\/franciscanos.org.br\/noticias\/frei-cesar-celebra-25-anos-de-sacerdocio-e-renova-o-compromisso-de-fazer-deus-a-centralidade-de-sua-vida.html\" \/>\n<meta property=\"og:locale\" content=\"pt_BR\" \/>\n<meta property=\"og:type\" content=\"article\" \/>\n<meta property=\"og:title\" content=\"Frei C\u00e9sar celebra 25 anos de sacerd\u00f3cio e renova o compromisso de fazer Deus a centralidade de sua vida - Not\u00edcias - Franciscanos\" \/>\n<meta property=\"og:description\" content=\"Jubileu Sacerdotal de Frei C\u00e9sar K\u00fclkamp\" \/>\n<meta property=\"og:url\" content=\"https:\/\/franciscanos.org.br\/noticias\/frei-cesar-celebra-25-anos-de-sacerdocio-e-renova-o-compromisso-de-fazer-deus-a-centralidade-de-sua-vida.html\" \/>\n<meta property=\"og:site_name\" content=\"Not\u00edcias - Franciscanos\" \/>\n<meta property=\"article:published_time\" content=\"2020-11-29T20:40:49+00:00\" \/>\n<meta property=\"article:modified_time\" content=\"2020-12-01T11:42:43+00:00\" \/>\n<meta property=\"og:image\" content=\"https:\/\/franciscanos.org.br\/noticias\/wp-content\/uploads\/2020\/11\/jubileu_01d.jpg\" \/>\n\t<meta property=\"og:image:width\" content=\"800\" \/>\n\t<meta property=\"og:image:height\" content=\"600\" \/>\n\t<meta property=\"og:image:type\" content=\"image\/jpeg\" \/>\n<meta name=\"author\" content=\"moacir\" \/>\n<meta name=\"twitter:card\" content=\"summary_large_image\" \/>\n<meta name=\"twitter:label1\" content=\"Escrito por\" \/>\n\t<meta name=\"twitter:data1\" content=\"moacir\" \/>\n\t<meta name=\"twitter:label2\" content=\"Est. tempo de leitura\" \/>\n\t<meta name=\"twitter:data2\" content=\"10 minutos\" \/>\n<script type=\"application\/ld+json\" class=\"yoast-schema-graph\">{\"@context\":\"https:\/\/schema.org\",\"@graph\":[{\"@type\":\"WebSite\",\"@id\":\"https:\/\/franciscanos.org.br\/noticias\/#website\",\"url\":\"https:\/\/franciscanos.org.br\/noticias\/\",\"name\":\"Not\u00edcias - Franciscanos\",\"description\":\"Prov\u00edncia Franciscana da Imaculada Concei\u00e7\u00e3o do Brasil - Ordem dos Frades Menores - OFM\",\"potentialAction\":[{\"@type\":\"SearchAction\",\"target\":{\"@type\":\"EntryPoint\",\"urlTemplate\":\"https:\/\/franciscanos.org.br\/noticias\/?s={search_term_string}\"},\"query-input\":\"required name=search_term_string\"}],\"inLanguage\":\"pt-BR\"},{\"@type\":\"ImageObject\",\"inLanguage\":\"pt-BR\",\"@id\":\"https:\/\/franciscanos.org.br\/noticias\/frei-cesar-celebra-25-anos-de-sacerdocio-e-renova-o-compromisso-de-fazer-deus-a-centralidade-de-sua-vida.html#primaryimage\",\"url\":\"https:\/\/franciscanos.org.br\/noticias\/wp-content\/uploads\/2020\/11\/jubileu_01d.jpg\",\"contentUrl\":\"https:\/\/franciscanos.org.br\/noticias\/wp-content\/uploads\/2020\/11\/jubileu_01d.jpg\",\"width\":800,\"height\":600},{\"@type\":\"WebPage\",\"@id\":\"https:\/\/franciscanos.org.br\/noticias\/frei-cesar-celebra-25-anos-de-sacerdocio-e-renova-o-compromisso-de-fazer-deus-a-centralidade-de-sua-vida.html#webpage\",\"url\":\"https:\/\/franciscanos.org.br\/noticias\/frei-cesar-celebra-25-anos-de-sacerdocio-e-renova-o-compromisso-de-fazer-deus-a-centralidade-de-sua-vida.html\",\"name\":\"Frei C\u00e9sar celebra 25 anos de sacerd\u00f3cio e renova o compromisso de fazer Deus a centralidade de sua vida - Not\u00edcias - Franciscanos\",\"isPartOf\":{\"@id\":\"https:\/\/franciscanos.org.br\/noticias\/#website\"},\"primaryImageOfPage\":{\"@id\":\"https:\/\/franciscanos.org.br\/noticias\/frei-cesar-celebra-25-anos-de-sacerdocio-e-renova-o-compromisso-de-fazer-deus-a-centralidade-de-sua-vida.html#primaryimage\"},\"datePublished\":\"2020-11-29T20:40:49+00:00\",\"dateModified\":\"2020-12-01T11:42:43+00:00\",\"author\":{\"@id\":\"https:\/\/franciscanos.org.br\/noticias\/#\/schema\/person\/b5c8cba458c330ccff548b056e95a5d4\"},\"breadcrumb\":{\"@id\":\"https:\/\/franciscanos.org.br\/noticias\/frei-cesar-celebra-25-anos-de-sacerdocio-e-renova-o-compromisso-de-fazer-deus-a-centralidade-de-sua-vida.html#breadcrumb\"},\"inLanguage\":\"pt-BR\",\"potentialAction\":[{\"@type\":\"ReadAction\",\"target\":[\"https:\/\/franciscanos.org.br\/noticias\/frei-cesar-celebra-25-anos-de-sacerdocio-e-renova-o-compromisso-de-fazer-deus-a-centralidade-de-sua-vida.html\"]}]},{\"@type\":\"BreadcrumbList\",\"@id\":\"https:\/\/franciscanos.org.br\/noticias\/frei-cesar-celebra-25-anos-de-sacerdocio-e-renova-o-compromisso-de-fazer-deus-a-centralidade-de-sua-vida.html#breadcrumb\",\"itemListElement\":[{\"@type\":\"ListItem\",\"position\":1,\"name\":\"Home\",\"item\":\"https:\/\/franciscanos.org.br\/noticias\"},{\"@type\":\"ListItem\",\"position\":2,\"name\":\"Frei C\u00e9sar celebra 25 anos de sacerd\u00f3cio e renova o compromisso de fazer Deus a centralidade de sua vida\"}]},{\"@type\":\"Person\",\"@id\":\"https:\/\/franciscanos.org.br\/noticias\/#\/schema\/person\/b5c8cba458c330ccff548b056e95a5d4\",\"name\":\"moacir\",\"image\":{\"@type\":\"ImageObject\",\"inLanguage\":\"pt-BR\",\"@id\":\"https:\/\/franciscanos.org.br\/noticias\/#\/schema\/person\/image\/\",\"url\":\"https:\/\/secure.gravatar.com\/avatar\/d08aa2ce4c8dd416d4479aa8536fcf64?s=96&d=mm&r=g\",\"contentUrl\":\"https:\/\/secure.gravatar.com\/avatar\/d08aa2ce4c8dd416d4479aa8536fcf64?s=96&d=mm&r=g\",\"caption\":\"moacir\"},\"url\":\"https:\/\/franciscanos.org.br\/noticias\/author\/moacir\"}]}<\/script>\n<!-- \/ Yoast SEO plugin. -->","yoast_head_json":{"title":"Frei C\u00e9sar celebra 25 anos de sacerd\u00f3cio e renova o compromisso de fazer Deus a centralidade de sua vida - Not\u00edcias - Franciscanos","robots":{"index":"index","follow":"follow","max-snippet":"max-snippet:-1","max-image-preview":"max-image-preview:large","max-video-preview":"max-video-preview:-1"},"canonical":"https:\/\/franciscanos.org.br\/noticias\/frei-cesar-celebra-25-anos-de-sacerdocio-e-renova-o-compromisso-de-fazer-deus-a-centralidade-de-sua-vida.html","og_locale":"pt_BR","og_type":"article","og_title":"Frei C\u00e9sar celebra 25 anos de sacerd\u00f3cio e renova o compromisso de fazer Deus a centralidade de sua vida - Not\u00edcias - Franciscanos","og_description":"Jubileu Sacerdotal de Frei C\u00e9sar K\u00fclkamp","og_url":"https:\/\/franciscanos.org.br\/noticias\/frei-cesar-celebra-25-anos-de-sacerdocio-e-renova-o-compromisso-de-fazer-deus-a-centralidade-de-sua-vida.html","og_site_name":"Not\u00edcias - Franciscanos","article_published_time":"2020-11-29T20:40:49+00:00","article_modified_time":"2020-12-01T11:42:43+00:00","og_image":[{"width":800,"height":600,"url":"https:\/\/franciscanos.org.br\/noticias\/wp-content\/uploads\/2020\/11\/jubileu_01d.jpg","type":"image\/jpeg"}],"author":"moacir","twitter_card":"summary_large_image","twitter_misc":{"Escrito por":"moacir","Est. tempo de leitura":"10 minutos"},"schema":{"@context":"https:\/\/schema.org","@graph":[{"@type":"WebSite","@id":"https:\/\/franciscanos.org.br\/noticias\/#website","url":"https:\/\/franciscanos.org.br\/noticias\/","name":"Not\u00edcias - Franciscanos","description":"Prov\u00edncia Franciscana da Imaculada Concei\u00e7\u00e3o do Brasil - Ordem dos Frades Menores - OFM","potentialAction":[{"@type":"SearchAction","target":{"@type":"EntryPoint","urlTemplate":"https:\/\/franciscanos.org.br\/noticias\/?s={search_term_string}"},"query-input":"required name=search_term_string"}],"inLanguage":"pt-BR"},{"@type":"ImageObject","inLanguage":"pt-BR","@id":"https:\/\/franciscanos.org.br\/noticias\/frei-cesar-celebra-25-anos-de-sacerdocio-e-renova-o-compromisso-de-fazer-deus-a-centralidade-de-sua-vida.html#primaryimage","url":"https:\/\/franciscanos.org.br\/noticias\/wp-content\/uploads\/2020\/11\/jubileu_01d.jpg","contentUrl":"https:\/\/franciscanos.org.br\/noticias\/wp-content\/uploads\/2020\/11\/jubileu_01d.jpg","width":800,"height":600},{"@type":"WebPage","@id":"https:\/\/franciscanos.org.br\/noticias\/frei-cesar-celebra-25-anos-de-sacerdocio-e-renova-o-compromisso-de-fazer-deus-a-centralidade-de-sua-vida.html#webpage","url":"https:\/\/franciscanos.org.br\/noticias\/frei-cesar-celebra-25-anos-de-sacerdocio-e-renova-o-compromisso-de-fazer-deus-a-centralidade-de-sua-vida.html","name":"Frei C\u00e9sar celebra 25 anos de sacerd\u00f3cio e renova o compromisso de fazer Deus a centralidade de sua vida - Not\u00edcias - Franciscanos","isPartOf":{"@id":"https:\/\/franciscanos.org.br\/noticias\/#website"},"primaryImageOfPage":{"@id":"https:\/\/franciscanos.org.br\/noticias\/frei-cesar-celebra-25-anos-de-sacerdocio-e-renova-o-compromisso-de-fazer-deus-a-centralidade-de-sua-vida.html#primaryimage"},"datePublished":"2020-11-29T20:40:49+00:00","dateModified":"2020-12-01T11:42:43+00:00","author":{"@id":"https:\/\/franciscanos.org.br\/noticias\/#\/schema\/person\/b5c8cba458c330ccff548b056e95a5d4"},"breadcrumb":{"@id":"https:\/\/franciscanos.org.br\/noticias\/frei-cesar-celebra-25-anos-de-sacerdocio-e-renova-o-compromisso-de-fazer-deus-a-centralidade-de-sua-vida.html#breadcrumb"},"inLanguage":"pt-BR","potentialAction":[{"@type":"ReadAction","target":["https:\/\/franciscanos.org.br\/noticias\/frei-cesar-celebra-25-anos-de-sacerdocio-e-renova-o-compromisso-de-fazer-deus-a-centralidade-de-sua-vida.html"]}]},{"@type":"BreadcrumbList","@id":"https:\/\/franciscanos.org.br\/noticias\/frei-cesar-celebra-25-anos-de-sacerdocio-e-renova-o-compromisso-de-fazer-deus-a-centralidade-de-sua-vida.html#breadcrumb","itemListElement":[{"@type":"ListItem","position":1,"name":"Home","item":"https:\/\/franciscanos.org.br\/noticias"},{"@type":"ListItem","position":2,"name":"Frei C\u00e9sar celebra 25 anos de sacerd\u00f3cio e renova o compromisso de fazer Deus a centralidade de sua vida"}]},{"@type":"Person","@id":"https:\/\/franciscanos.org.br\/noticias\/#\/schema\/person\/b5c8cba458c330ccff548b056e95a5d4","name":"moacir","image":{"@type":"ImageObject","inLanguage":"pt-BR","@id":"https:\/\/franciscanos.org.br\/noticias\/#\/schema\/person\/image\/","url":"https:\/\/secure.gravatar.com\/avatar\/d08aa2ce4c8dd416d4479aa8536fcf64?s=96&d=mm&r=g","contentUrl":"https:\/\/secure.gravatar.com\/avatar\/d08aa2ce4c8dd416d4479aa8536fcf64?s=96&d=mm&r=g","caption":"moacir"},"url":"https:\/\/franciscanos.org.br\/noticias\/author\/moacir"}]}},"_links":{"self":[{"href":"https:\/\/franciscanos.org.br\/noticias\/wp-json\/wp\/v2\/posts\/229537"}],"collection":[{"href":"https:\/\/franciscanos.org.br\/noticias\/wp-json\/wp\/v2\/posts"}],"about":[{"href":"https:\/\/franciscanos.org.br\/noticias\/wp-json\/wp\/v2\/types\/post"}],"author":[{"embeddable":true,"href":"https:\/\/franciscanos.org.br\/noticias\/wp-json\/wp\/v2\/users\/3"}],"replies":[{"embeddable":true,"href":"https:\/\/franciscanos.org.br\/noticias\/wp-json\/wp\/v2\/comments?post=229537"}],"version-history":[{"count":10,"href":"https:\/\/franciscanos.org.br\/noticias\/wp-json\/wp\/v2\/posts\/229537\/revisions"}],"predecessor-version":[{"id":229610,"href":"https:\/\/franciscanos.org.br\/noticias\/wp-json\/wp\/v2\/posts\/229537\/revisions\/229610"}],"wp:featuredmedia":[{"embeddable":true,"href":"https:\/\/franciscanos.org.br\/noticias\/wp-json\/wp\/v2\/media\/229569"}],"wp:attachment":[{"href":"https:\/\/franciscanos.org.br\/noticias\/wp-json\/wp\/v2\/media?parent=229537"}],"wp:term":[{"taxonomy":"category","embeddable":true,"href":"https:\/\/franciscanos.org.br\/noticias\/wp-json\/wp\/v2\/categories?post=229537"},{"taxonomy":"post_tag","embeddable":true,"href":"https:\/\/franciscanos.org.br\/noticias\/wp-json\/wp\/v2\/tags?post=229537"}],"curies":[{"name":"wp","href":"https:\/\/api.w.org\/{rel}","templated":true}]}}