{"id":229517,"date":"2020-11-27T14:31:47","date_gmt":"2020-11-27T17:31:47","guid":{"rendered":"https:\/\/franciscanos.org.br\/noticias\/?p=229517"},"modified":"2020-11-27T14:31:47","modified_gmt":"2020-11-27T17:31:47","slug":"na-semana-de-filosofia-vozes-clovis-de-barros-celebra-a-reedicao-de-a-vida-que-vale-a-pena-ser-vivida","status":"publish","type":"post","link":"https:\/\/franciscanos.org.br\/noticias\/na-semana-de-filosofia-vozes-clovis-de-barros-celebra-a-reedicao-de-a-vida-que-vale-a-pena-ser-vivida.html","title":{"rendered":"Na Semana de Filosofia Vozes, Cl\u00f3vis de Barros celebra a reedi\u00e7\u00e3o de \u201cA Vida que vale a pena ser vivida\u201d"},"content":{"rendered":"<p><img loading=\"lazy\" class=\"alignnone wp-image-229518 size-full\" src=\"https:\/\/franciscanos.org.br\/noticias\/wp-content\/uploads\/2020\/11\/vozes_quinta_01.jpg\" alt=\"\" width=\"1280\" height=\"642\" srcset=\"https:\/\/franciscanos.org.br\/noticias\/wp-content\/uploads\/2020\/11\/vozes_quinta_01.jpg 1280w, https:\/\/franciscanos.org.br\/noticias\/wp-content\/uploads\/2020\/11\/vozes_quinta_01-450x226.jpg 450w, https:\/\/franciscanos.org.br\/noticias\/wp-content\/uploads\/2020\/11\/vozes_quinta_01-1024x514.jpg 1024w, https:\/\/franciscanos.org.br\/noticias\/wp-content\/uploads\/2020\/11\/vozes_quinta_01-768x385.jpg 768w, https:\/\/franciscanos.org.br\/noticias\/wp-content\/uploads\/2020\/11\/vozes_quinta_01-150x75.jpg 150w\" sizes=\"(max-width: 1280px) 100vw, 1280px\" \/><\/p>\n<p>O convidado da Semana de Filosofia Vozes, na noite de quinta-feira (26\/11), foi o jornalista e professor da USP, Cl\u00f3vis de Barros Filho, que celebra, depois de dez anos, a reedi\u00e7\u00e3o de uma das suas principais obras, \u201cA Vida que vale a pena ser vivida\u201d, publicada na Editora Vozes.<\/p>\n<p>Esse encontro teve a dire\u00e7\u00e3o de Nat\u00e1lia Fran\u00e7a, que ganhou do autor elogios pela simpatia e compet\u00eancia no trabalho da editora. &#8220;Eu aproveito para destacar aqui a participa\u00e7\u00e3o decisiva do meu co-autor, Arthur Meucci, um acad\u00eamico destacado da Universidade Federal de Vi\u00e7osa, ocupando cargos diretivos na Escola de Educa\u00e7\u00e3o e dizer que, sem ele, a sua lucidez, a sua presen\u00e7a, o livro n\u00e3o teria sequer acontecido&#8221;, disse Cl\u00f3vis.<\/p>\n<p>Segundo o autor, a obra &#8220;A vida que vale a pena ser vivida&#8221;, \u00e9 muito fiel ao seu t\u00edtulo. &#8220;O que se pretendeu a\u00ed foi perguntar a alguns pensadores, conhecidos de todos, o que eles responderiam a esta pergunta: afinal de contas, qual \u00e9 a vida que vale a pena viver?\u00a0 Ent\u00e3o, ele \u00e9 um livro did\u00e1tico, ele n\u00e3o \u00e9 um livro que se pretenda de introdu\u00e7\u00e3o \u00e0 Filosofia, porque ele discute exclusivamente a quest\u00e3o da vida boa \u00e0 luz da sabedoria desses autores, tais como S\u00f3crates, Plat\u00e3o, Arist\u00f3teles, Epicuro, Spinoza, Nietzsche, Kant etc&#8221;, explicou Cl\u00f3vis.<\/p>\n<p>O professor fez quest\u00e3o de ressaltar que a preocupa\u00e7\u00e3o da obra foi conservar um certo rigor em rela\u00e7\u00e3o aquilo que os autores disseram, o que os pensadores puderam escrever, e ao mesmo tempo tornar essa leitura acess\u00edvel a leitores de repert\u00f3rios os mais variados, portanto os n\u00e3o iniciados na literatura filos\u00f3fica. &#8220;Eu tenho para comigo que este \u00e9 o objetivo&#8221;, disse.<\/p>\n<p>Ele lembrou tamb\u00e9m que, logo no come\u00e7o da obra, h\u00e1 uma advert\u00eancia no sentido de &#8220;marcar uma certa fronteira com uma certa ajuda&#8221;. &#8220;Em outras palavras, a certeza que o livro n\u00e3o traz nenhuma dica dessas aplic\u00e1veis para qualquer momento, felicidade, sucesso profissional ou coisa que valha. At\u00e9 porque, como eu costumo dizer, se eu tivesse dicas a dar para fazer as pessoas felizes, eu as teria aplicado na minha pr\u00f3pria vida. Claro que n\u00e3o \u00e9 o caso. O que o livro prop\u00f5e \u00e9 um tipo de resposta que os mesmos pensadores oferecem. E \u00e9 claro, todos eles t\u00eam, em rela\u00e7\u00e3o com a vida, grande humildade e a certeza que ela \u00e9 complexa o suficiente para n\u00e3o poder ser resolvida com tr\u00eas ou quatro dicas, ou cinquenta que seja. Ent\u00e3o, essa \u00e9 uma advert\u00eancia que eu fiz com muita gra\u00e7a, e disse que se voc\u00ea n\u00e3o foi at\u00e9 o caixa, devolva o livro na estante, n\u00e3o gaste o seu dinheiro, porque se a expectativa \u00e9 uma facilita\u00e7\u00e3o do sucesso, ou da felicidade, de fato o livro n\u00e3o ser\u00e1 de grande valia. Por outro lado, o livro traz, a meu ver, um certo prazer na pr\u00f3pria leitura. Num certo sentido, ele n\u00e3o \u00e9 um livro de aplica\u00e7\u00e3o posterior, mas \u00e9 um livro de deleite ao longo da pr\u00f3pria leitura, e nesse sentido ele tem um certo \u2018aparentamento\u2019 com a pr\u00f3pria literatura que tem esse mesmo escopo, essa mesma preocupa\u00e7\u00e3o, que \u00e9 de entreter o leitor enquanto leitura houver. N\u00e3o se trata de aprender uma t\u00e9cnica, ou uma f\u00f3rmula, que aplicada <em>a posteriori<\/em> permitir\u00e1 uma vida melhor. A vida melhor prometida \u00e9 durante a leitura, e n\u00e3o ap\u00f3s a leitura. E eu diria que por causa mesmo da leitura. E ainda diria mais: por causa dos pensadores que este livro apresenta ao longo dos cap\u00edtulos&#8221;, emendou.<\/p>\n<p>Segundo o autor, esse livro foi o mais procurado de sua cole\u00e7\u00e3o e isso vale at\u00e9 hoje. &#8220;Ele est\u00e1 para mim o que \u00a0&#8216;O Princ\u00edpe&#8217; est\u00e1 para Maqui\u00e1vel, ou o que o &#8216;Capital&#8217; est\u00e1 para Marx. \u00c9 claro que voc\u00ea, que est\u00e1 me ouvindo, est\u00e1 entendendo. N\u00e3o estou me comparando com nenhum desses pensadores, apenas que essa \u00e9 a obra mais relevante e eu fico muito feliz que ela seja assinada por esse grande amigo, uma das pessoas mais l\u00facidas e inteligentes que eu conheci&#8221;.<\/p>\n<p>Cl\u00f3vis de Barros Filho \u00e9 atualmente um dos mais requisitados palestrantes de todo o pa\u00eds. Suas aulas e palestras sobre \u00e9tica j\u00e1 foram ouvidas por milh\u00f5es de pessoas, em todos os estados do pa\u00eds, e tamb\u00e9m no Uruguai, na Fran\u00e7a, no M\u00e9xico, na Argentina, na Espanha, em Portugal, entre outros pa\u00edses. Doutor e Livre-Docente pela Escola de Comunica\u00e7\u00f5es e Artes da USP, \u00a0professor Cl\u00f3vis atua no mundo corporativo desde 2005. Bacharel em Direito e Jornalismo, \u00e9 doutor em Ci\u00eancias da Comunica\u00e7\u00e3o pela Universidade de S\u00e3o Paulo.<\/p>\n<p><strong>A VIDA EM QUARENTENA<\/strong><\/p>\n<p>&#8220;Eu gostaria de terminar a minha fala propondo uma abertura. Eu tenho acreditado que a quarentena \u00e9 onde a vida se encontra e \u00e9 onde os valores devem tamb\u00e9m se encontrar. Acredito que se formos esperar por uma situa\u00e7\u00e3o de vida, n\u00e3o seremos felizes nunca e que, portanto, a vida deve valer onde ela est\u00e1 e \u00e9 claro que a humanidade sabe muito bem o quanto a vida pode ser complicada, dif\u00edcil e dram\u00e1tica e devastadora&#8221;, disse Cl\u00f3vis.<\/p>\n<p>Cl\u00f3vis explicou que a express\u00e3o &#8220;vale a pena&#8221; \u00e9 uma coisa que parece \u00f3bvia mas tinha quer ser dita. &#8220;A express\u00e3o valer a pena merece uma investiga\u00e7\u00e3o. O que \u00e9 essa pena? Essa pena s\u00e3o todas as dificuldades da vida, todas as tristezas, todas as ang\u00fastias, todas as ansiedades. Ent\u00e3o, de uma certa maneira quando se diz a vida vale as penas, embora n\u00e3o seja essa a express\u00e3o, \u00e9 essa que deveria ser. Quando a vida vale todas as suas penas, quer dizer que apesar de todos os obst\u00e1culos, dores, ang\u00fastias, ainda assim h\u00e1 valores. Havendo vidas, haver\u00e1 duras penas. Mas havendo vida, haver\u00e1 auspiciosos valores e caber\u00e1 a cada um, na busca desses valores, desequilibrar a balan\u00e7a no bom sentido, que \u00e9 no sentido da vit\u00f3ria sobre a deteriora\u00e7\u00e3o, da vit\u00f3ria sobre a decad\u00eancia, da vit\u00f3ria sobre a tristeza, da vit\u00f3ria sobre a melancolia, da vit\u00f3ria sobre a devasta\u00e7\u00e3o, da vit\u00f3ria sobre a morte&#8221;, indicou.<\/p>\n<p>&#8220;Ent\u00e3o, suponho eu, na hora de apresentar cap\u00edtulo a cap\u00edtulo \u00e9 preciso que leitor entenda que cada cap\u00edtulo \u00e9 uma unidade de peso na balan\u00e7a da vida, para contrabalan\u00e7ar todas as suas penas, todas as suas dificuldades. Se o leitor est\u00e1 vivendo no mesmo mundo que eu, ele provavelmente est\u00e1 confinado, ele est\u00e1 em quarentena, ele est\u00e1 desde mar\u00e7o trancafiado em casa. Ent\u00e3o nada disso \u00e9 o melhor dos mundos, mas esta \u00e9 a realidade. Ent\u00e3o, a leitura &#8216;A vida que vale a pena ser vivida&#8217; \u00e9 a leitura dos valores da vida, ou dos pontos positivos da vida, que na balan\u00e7a contra-atacam o peso das suas penas, das suas dores. Se a quarentena \u00e9 potenciadora das penas, \u00e9 important\u00edssimo que haja do outro lado uma potencializa\u00e7\u00e3o dos seus valores positivos&#8221;, orientou.<\/p>\n<p>Para Cl\u00f3vis, quando S\u00f3crates fala que uma vida que n\u00e3o \u00e9 examinada, avaliada, pensada, refletida, ela n\u00e3o vale as suas penas. &#8220;E isso \u00e9 maravilhoso para o leitor porque ele perceber\u00e1 que muito da sua vida n\u00e3o \u00e9 pensada, avaliada, pensada, refletida. Muito da vida \u00e9 vivida no piloto autom\u00e1tico, sem a devida degusta\u00e7\u00e3o da consci\u00eancia&#8221;, observou.<\/p>\n<p>Ainda falando da quarentena, Cl\u00f3vis fez um destaque especial porque a quarentena permite entender nas suas mazelas, todas elas, o valor de servir. &#8220;Ent\u00e3o, nesse sentido, uma vida dedicada na vida boa do outro, uma vida dedicada em diminuir a dor do outro, uma vida dedicada \u00e0 excel\u00eancia do outro, \u00e0 felicidade do outro, a alegria do outro, \u00e9 uma vida de grande valor. No momento em que muitos sofrem pela mesma raz\u00e3o, o mundo esfrega na sua cara, o valor de servir. Quanta gente precisando do seu amparo, do seu discurso, do seu ombro, do seu bra\u00e7o forte, da sua ajuda, da sua cumplicidade e assim eu imagino que um momento desse \u00e9 para descoberta. E se algu\u00e9m ainda insistir e dizer que quando a gente vive para servir quem se d\u00e1 bem \u00e9 o outro a quem a gente serve, eu recomendo debru\u00e7ar-se sobre um grande pensador, chamado Jesus de Nazar\u00e9, e ele tentar\u00e1 mostrar para voc\u00ea que de fato, o outro se d\u00e1 bem como voc\u00ea disse mas voc\u00ea tamb\u00e9m passa por um processo de eleva\u00e7\u00e3o espiritual, que \u00e9 dignificante de sua vida e confere toda a sua humanidade, justamente quando voc\u00ea se destaca da animalidade no cio, voc\u00ea se destaca do ego\u00edsmo, da busca do pr\u00f3prio prazer, do conforto, ganho, gl\u00f3ria, e voc\u00ea disp\u00f5e estar a servi\u00e7o de algu\u00e9m que, por alguma raz\u00e3o, carece dessa sua iniciativa&#8221;, ensinou.<\/p>\n<p>&#8220;Ent\u00e3o, quem sabe a quarentena como um espa\u00e7o de reclus\u00e3o, como um espa\u00e7o adequado \u00e0 reflex\u00e3o, n\u00e3o permita a cada um de n\u00f3s maior lucidez a respeito das quest\u00f5es da vida, para ver se de fato estamos subindo a escada certa, a escada que nos corresponde, a escada que tem a ver com nossa natureza, com nossa ess\u00eancia, com nosso eu mais profundo, e assim possamos viver a nossa pr\u00f3pria vida com autenticidade&#8221;, acrescentou.<\/p>\n<p><strong>VIDA DIGITAL<\/strong><\/p>\n<p>&#8220;Infelizmente, na sociedade que vivemos, as cobran\u00e7as de celebridade, notoriedade, gl\u00f3ria, conhecimento, aplauso, seguidores, joinhas e tudo o que o valha, acabam nos estimulando a nos deixar escravizar pelo olhar do outro, a pautar a pr\u00f3pria vida por uma expectativa de reconhecimento. A organizar a pr\u00f3pria a\u00e7\u00e3o em fun\u00e7\u00e3o daquilo que supomos merecer\u00e1 ades\u00e3o, aplauso e constru\u00e7\u00e3o de tribos digitais&#8221;, destacou.<\/p>\n<p>&#8220;Na medida que nos deixamos escravizar pelo olhar do outro, estamos em maus len\u00e7\u00f3is. Porque o olhar do outro \u00e9 do outro e o outro, por defini\u00e7\u00e3o, escapa ao nosso controle e se converte num acaso temer\u00e1rio e, muitas vezes, avassalador. Por isso, eu sugiro a cada um de n\u00f3s uma certa autenticidade, respeito \u00e0 pr\u00f3pria natureza, respeito a si mesmo e, se por ventura voc\u00ea tiver talento de explicador, entregue-se \u00e0 vida de professor, ainda que eles apanhem na sala de aula, ainda que n\u00e3o tenham respeito da sociedade, ainda que eles n\u00e3o tenham nenhum reconhecimento social, ainda que eles, muitos, tenham que viver na indig\u00eancia econ\u00f4mica. Ainda assim, a vida aut\u00eantica, para quem tem natureza de explicador, \u00e9 explicando que voc\u00ea planta a sua semente no jardim da escola, porque a escola \u00e9 o lugar onde os explicadores devem estar, para que possam alcan\u00e7ar uma vida pujante, uma vida florescida e frutificada. S\u00e3o esses os meus votos&#8221;, completou.<\/p>\n<p>&#8220;Eu agrade\u00e7o aqui a editora por essa defer\u00eancia de publicar esse livro. Uma d\u00e9cada, nos dias de hoje, tritura o que v\u00ea pela frente; ent\u00e3o um livro que resiste a uma d\u00e9cada deve ter alguma coisa dentro dele que calou fundo no cora\u00e7\u00e3o daqueles que se dispuseram a l\u00ea-lo. Muito obrigado a todos&#8221;, concluiu.<\/p>\n<hr \/>\n<p><strong>27 de novembro<br \/>\n<\/strong>\u201cA vida para al\u00e9m de si mesma: ningu\u00e9m \u00e9 insubstitu\u00edvel?\u201d<br \/>\nCom o autor\u00a0<strong>Mario Sergio Cortella<br \/>\n<\/strong>\u00c0s 18hNo canal da Editora Vozes: youtube.com\/editoravozes<\/p>\n<p>Adquira as obras dos autores no site: www.livrariavozes.com.br<\/p>\n","protected":false},"excerpt":{"rendered":"<p>Semana de Filosofia Vozes<\/p>\n","protected":false},"author":3,"featured_media":229519,"comment_status":"open","ping_status":"open","sticky":false,"template":"","format":"standard","meta":[],"categories":[1],"tags":[238],"acf":[],"yoast_head":"<!-- This site is optimized with the Yoast SEO plugin v19.2 - https:\/\/yoast.com\/wordpress\/plugins\/seo\/ -->\n<title>Na Semana de Filosofia Vozes, Cl\u00f3vis de Barros celebra a reedi\u00e7\u00e3o de \u201cA Vida que vale a pena ser vivida\u201d - Not\u00edcias - Franciscanos<\/title>\n<meta name=\"robots\" content=\"index, follow, max-snippet:-1, max-image-preview:large, max-video-preview:-1\" \/>\n<link rel=\"canonical\" href=\"https:\/\/franciscanos.org.br\/noticias\/na-semana-de-filosofia-vozes-clovis-de-barros-celebra-a-reedicao-de-a-vida-que-vale-a-pena-ser-vivida.html\" \/>\n<meta property=\"og:locale\" content=\"pt_BR\" \/>\n<meta property=\"og:type\" content=\"article\" \/>\n<meta property=\"og:title\" content=\"Na Semana de Filosofia Vozes, Cl\u00f3vis de Barros celebra a reedi\u00e7\u00e3o de \u201cA Vida que vale a pena ser vivida\u201d - Not\u00edcias - Franciscanos\" \/>\n<meta property=\"og:description\" content=\"Semana de Filosofia Vozes\" \/>\n<meta property=\"og:url\" content=\"https:\/\/franciscanos.org.br\/noticias\/na-semana-de-filosofia-vozes-clovis-de-barros-celebra-a-reedicao-de-a-vida-que-vale-a-pena-ser-vivida.html\" \/>\n<meta property=\"og:site_name\" content=\"Not\u00edcias - Franciscanos\" \/>\n<meta property=\"article:published_time\" content=\"2020-11-27T17:31:47+00:00\" \/>\n<meta property=\"og:image\" content=\"https:\/\/franciscanos.org.br\/noticias\/wp-content\/uploads\/2020\/11\/vozes_quinta_d.jpg\" \/>\n\t<meta property=\"og:image:width\" content=\"800\" \/>\n\t<meta property=\"og:image:height\" content=\"600\" \/>\n\t<meta property=\"og:image:type\" content=\"image\/jpeg\" \/>\n<meta name=\"author\" content=\"moacir\" \/>\n<meta name=\"twitter:card\" content=\"summary_large_image\" \/>\n<meta name=\"twitter:label1\" content=\"Escrito por\" \/>\n\t<meta name=\"twitter:data1\" content=\"moacir\" \/>\n\t<meta name=\"twitter:label2\" content=\"Est. tempo de leitura\" \/>\n\t<meta name=\"twitter:data2\" content=\"10 minutos\" \/>\n<script type=\"application\/ld+json\" class=\"yoast-schema-graph\">{\"@context\":\"https:\/\/schema.org\",\"@graph\":[{\"@type\":\"WebSite\",\"@id\":\"https:\/\/franciscanos.org.br\/noticias\/#website\",\"url\":\"https:\/\/franciscanos.org.br\/noticias\/\",\"name\":\"Not\u00edcias - Franciscanos\",\"description\":\"Prov\u00edncia Franciscana da Imaculada Concei\u00e7\u00e3o do Brasil - Ordem dos Frades Menores - OFM\",\"potentialAction\":[{\"@type\":\"SearchAction\",\"target\":{\"@type\":\"EntryPoint\",\"urlTemplate\":\"https:\/\/franciscanos.org.br\/noticias\/?s={search_term_string}\"},\"query-input\":\"required name=search_term_string\"}],\"inLanguage\":\"pt-BR\"},{\"@type\":\"ImageObject\",\"inLanguage\":\"pt-BR\",\"@id\":\"https:\/\/franciscanos.org.br\/noticias\/na-semana-de-filosofia-vozes-clovis-de-barros-celebra-a-reedicao-de-a-vida-que-vale-a-pena-ser-vivida.html#primaryimage\",\"url\":\"https:\/\/franciscanos.org.br\/noticias\/wp-content\/uploads\/2020\/11\/vozes_quinta_d.jpg\",\"contentUrl\":\"https:\/\/franciscanos.org.br\/noticias\/wp-content\/uploads\/2020\/11\/vozes_quinta_d.jpg\",\"width\":800,\"height\":600},{\"@type\":\"WebPage\",\"@id\":\"https:\/\/franciscanos.org.br\/noticias\/na-semana-de-filosofia-vozes-clovis-de-barros-celebra-a-reedicao-de-a-vida-que-vale-a-pena-ser-vivida.html#webpage\",\"url\":\"https:\/\/franciscanos.org.br\/noticias\/na-semana-de-filosofia-vozes-clovis-de-barros-celebra-a-reedicao-de-a-vida-que-vale-a-pena-ser-vivida.html\",\"name\":\"Na Semana de Filosofia Vozes, Cl\u00f3vis de Barros celebra a reedi\u00e7\u00e3o de \u201cA Vida que vale a pena ser vivida\u201d - Not\u00edcias - Franciscanos\",\"isPartOf\":{\"@id\":\"https:\/\/franciscanos.org.br\/noticias\/#website\"},\"primaryImageOfPage\":{\"@id\":\"https:\/\/franciscanos.org.br\/noticias\/na-semana-de-filosofia-vozes-clovis-de-barros-celebra-a-reedicao-de-a-vida-que-vale-a-pena-ser-vivida.html#primaryimage\"},\"datePublished\":\"2020-11-27T17:31:47+00:00\",\"dateModified\":\"2020-11-27T17:31:47+00:00\",\"author\":{\"@id\":\"https:\/\/franciscanos.org.br\/noticias\/#\/schema\/person\/b5c8cba458c330ccff548b056e95a5d4\"},\"breadcrumb\":{\"@id\":\"https:\/\/franciscanos.org.br\/noticias\/na-semana-de-filosofia-vozes-clovis-de-barros-celebra-a-reedicao-de-a-vida-que-vale-a-pena-ser-vivida.html#breadcrumb\"},\"inLanguage\":\"pt-BR\",\"potentialAction\":[{\"@type\":\"ReadAction\",\"target\":[\"https:\/\/franciscanos.org.br\/noticias\/na-semana-de-filosofia-vozes-clovis-de-barros-celebra-a-reedicao-de-a-vida-que-vale-a-pena-ser-vivida.html\"]}]},{\"@type\":\"BreadcrumbList\",\"@id\":\"https:\/\/franciscanos.org.br\/noticias\/na-semana-de-filosofia-vozes-clovis-de-barros-celebra-a-reedicao-de-a-vida-que-vale-a-pena-ser-vivida.html#breadcrumb\",\"itemListElement\":[{\"@type\":\"ListItem\",\"position\":1,\"name\":\"Home\",\"item\":\"https:\/\/franciscanos.org.br\/noticias\"},{\"@type\":\"ListItem\",\"position\":2,\"name\":\"Na Semana de Filosofia Vozes, Cl\u00f3vis de Barros celebra a reedi\u00e7\u00e3o de \u201cA Vida que vale a pena ser vivida\u201d\"}]},{\"@type\":\"Person\",\"@id\":\"https:\/\/franciscanos.org.br\/noticias\/#\/schema\/person\/b5c8cba458c330ccff548b056e95a5d4\",\"name\":\"moacir\",\"image\":{\"@type\":\"ImageObject\",\"inLanguage\":\"pt-BR\",\"@id\":\"https:\/\/franciscanos.org.br\/noticias\/#\/schema\/person\/image\/\",\"url\":\"https:\/\/secure.gravatar.com\/avatar\/d08aa2ce4c8dd416d4479aa8536fcf64?s=96&d=mm&r=g\",\"contentUrl\":\"https:\/\/secure.gravatar.com\/avatar\/d08aa2ce4c8dd416d4479aa8536fcf64?s=96&d=mm&r=g\",\"caption\":\"moacir\"},\"url\":\"https:\/\/franciscanos.org.br\/noticias\/author\/moacir\"}]}<\/script>\n<!-- \/ Yoast SEO plugin. -->","yoast_head_json":{"title":"Na Semana de Filosofia Vozes, Cl\u00f3vis de Barros celebra a reedi\u00e7\u00e3o de \u201cA Vida que vale a pena ser vivida\u201d - Not\u00edcias - Franciscanos","robots":{"index":"index","follow":"follow","max-snippet":"max-snippet:-1","max-image-preview":"max-image-preview:large","max-video-preview":"max-video-preview:-1"},"canonical":"https:\/\/franciscanos.org.br\/noticias\/na-semana-de-filosofia-vozes-clovis-de-barros-celebra-a-reedicao-de-a-vida-que-vale-a-pena-ser-vivida.html","og_locale":"pt_BR","og_type":"article","og_title":"Na Semana de Filosofia Vozes, Cl\u00f3vis de Barros celebra a reedi\u00e7\u00e3o de \u201cA Vida que vale a pena ser vivida\u201d - Not\u00edcias - Franciscanos","og_description":"Semana de Filosofia Vozes","og_url":"https:\/\/franciscanos.org.br\/noticias\/na-semana-de-filosofia-vozes-clovis-de-barros-celebra-a-reedicao-de-a-vida-que-vale-a-pena-ser-vivida.html","og_site_name":"Not\u00edcias - Franciscanos","article_published_time":"2020-11-27T17:31:47+00:00","og_image":[{"width":800,"height":600,"url":"https:\/\/franciscanos.org.br\/noticias\/wp-content\/uploads\/2020\/11\/vozes_quinta_d.jpg","type":"image\/jpeg"}],"author":"moacir","twitter_card":"summary_large_image","twitter_misc":{"Escrito por":"moacir","Est. tempo de leitura":"10 minutos"},"schema":{"@context":"https:\/\/schema.org","@graph":[{"@type":"WebSite","@id":"https:\/\/franciscanos.org.br\/noticias\/#website","url":"https:\/\/franciscanos.org.br\/noticias\/","name":"Not\u00edcias - Franciscanos","description":"Prov\u00edncia Franciscana da Imaculada Concei\u00e7\u00e3o do Brasil - Ordem dos Frades Menores - OFM","potentialAction":[{"@type":"SearchAction","target":{"@type":"EntryPoint","urlTemplate":"https:\/\/franciscanos.org.br\/noticias\/?s={search_term_string}"},"query-input":"required name=search_term_string"}],"inLanguage":"pt-BR"},{"@type":"ImageObject","inLanguage":"pt-BR","@id":"https:\/\/franciscanos.org.br\/noticias\/na-semana-de-filosofia-vozes-clovis-de-barros-celebra-a-reedicao-de-a-vida-que-vale-a-pena-ser-vivida.html#primaryimage","url":"https:\/\/franciscanos.org.br\/noticias\/wp-content\/uploads\/2020\/11\/vozes_quinta_d.jpg","contentUrl":"https:\/\/franciscanos.org.br\/noticias\/wp-content\/uploads\/2020\/11\/vozes_quinta_d.jpg","width":800,"height":600},{"@type":"WebPage","@id":"https:\/\/franciscanos.org.br\/noticias\/na-semana-de-filosofia-vozes-clovis-de-barros-celebra-a-reedicao-de-a-vida-que-vale-a-pena-ser-vivida.html#webpage","url":"https:\/\/franciscanos.org.br\/noticias\/na-semana-de-filosofia-vozes-clovis-de-barros-celebra-a-reedicao-de-a-vida-que-vale-a-pena-ser-vivida.html","name":"Na Semana de Filosofia Vozes, Cl\u00f3vis de Barros celebra a reedi\u00e7\u00e3o de \u201cA Vida que vale a pena ser vivida\u201d - Not\u00edcias - Franciscanos","isPartOf":{"@id":"https:\/\/franciscanos.org.br\/noticias\/#website"},"primaryImageOfPage":{"@id":"https:\/\/franciscanos.org.br\/noticias\/na-semana-de-filosofia-vozes-clovis-de-barros-celebra-a-reedicao-de-a-vida-que-vale-a-pena-ser-vivida.html#primaryimage"},"datePublished":"2020-11-27T17:31:47+00:00","dateModified":"2020-11-27T17:31:47+00:00","author":{"@id":"https:\/\/franciscanos.org.br\/noticias\/#\/schema\/person\/b5c8cba458c330ccff548b056e95a5d4"},"breadcrumb":{"@id":"https:\/\/franciscanos.org.br\/noticias\/na-semana-de-filosofia-vozes-clovis-de-barros-celebra-a-reedicao-de-a-vida-que-vale-a-pena-ser-vivida.html#breadcrumb"},"inLanguage":"pt-BR","potentialAction":[{"@type":"ReadAction","target":["https:\/\/franciscanos.org.br\/noticias\/na-semana-de-filosofia-vozes-clovis-de-barros-celebra-a-reedicao-de-a-vida-que-vale-a-pena-ser-vivida.html"]}]},{"@type":"BreadcrumbList","@id":"https:\/\/franciscanos.org.br\/noticias\/na-semana-de-filosofia-vozes-clovis-de-barros-celebra-a-reedicao-de-a-vida-que-vale-a-pena-ser-vivida.html#breadcrumb","itemListElement":[{"@type":"ListItem","position":1,"name":"Home","item":"https:\/\/franciscanos.org.br\/noticias"},{"@type":"ListItem","position":2,"name":"Na Semana de Filosofia Vozes, Cl\u00f3vis de Barros celebra a reedi\u00e7\u00e3o de \u201cA Vida que vale a pena ser vivida\u201d"}]},{"@type":"Person","@id":"https:\/\/franciscanos.org.br\/noticias\/#\/schema\/person\/b5c8cba458c330ccff548b056e95a5d4","name":"moacir","image":{"@type":"ImageObject","inLanguage":"pt-BR","@id":"https:\/\/franciscanos.org.br\/noticias\/#\/schema\/person\/image\/","url":"https:\/\/secure.gravatar.com\/avatar\/d08aa2ce4c8dd416d4479aa8536fcf64?s=96&d=mm&r=g","contentUrl":"https:\/\/secure.gravatar.com\/avatar\/d08aa2ce4c8dd416d4479aa8536fcf64?s=96&d=mm&r=g","caption":"moacir"},"url":"https:\/\/franciscanos.org.br\/noticias\/author\/moacir"}]}},"_links":{"self":[{"href":"https:\/\/franciscanos.org.br\/noticias\/wp-json\/wp\/v2\/posts\/229517"}],"collection":[{"href":"https:\/\/franciscanos.org.br\/noticias\/wp-json\/wp\/v2\/posts"}],"about":[{"href":"https:\/\/franciscanos.org.br\/noticias\/wp-json\/wp\/v2\/types\/post"}],"author":[{"embeddable":true,"href":"https:\/\/franciscanos.org.br\/noticias\/wp-json\/wp\/v2\/users\/3"}],"replies":[{"embeddable":true,"href":"https:\/\/franciscanos.org.br\/noticias\/wp-json\/wp\/v2\/comments?post=229517"}],"version-history":[{"count":1,"href":"https:\/\/franciscanos.org.br\/noticias\/wp-json\/wp\/v2\/posts\/229517\/revisions"}],"predecessor-version":[{"id":229520,"href":"https:\/\/franciscanos.org.br\/noticias\/wp-json\/wp\/v2\/posts\/229517\/revisions\/229520"}],"wp:featuredmedia":[{"embeddable":true,"href":"https:\/\/franciscanos.org.br\/noticias\/wp-json\/wp\/v2\/media\/229519"}],"wp:attachment":[{"href":"https:\/\/franciscanos.org.br\/noticias\/wp-json\/wp\/v2\/media?parent=229517"}],"wp:term":[{"taxonomy":"category","embeddable":true,"href":"https:\/\/franciscanos.org.br\/noticias\/wp-json\/wp\/v2\/categories?post=229517"},{"taxonomy":"post_tag","embeddable":true,"href":"https:\/\/franciscanos.org.br\/noticias\/wp-json\/wp\/v2\/tags?post=229517"}],"curies":[{"name":"wp","href":"https:\/\/api.w.org\/{rel}","templated":true}]}}