{"id":229510,"date":"2020-11-27T09:04:20","date_gmt":"2020-11-27T12:04:20","guid":{"rendered":"https:\/\/franciscanos.org.br\/noticias\/?p=229510"},"modified":"2020-11-27T09:22:36","modified_gmt":"2020-11-27T12:22:36","slug":"carta-do-ministro-geral-aos-irmaos-de-toda-a-ordem","status":"publish","type":"post","link":"https:\/\/franciscanos.org.br\/noticias\/carta-do-ministro-geral-aos-irmaos-de-toda-a-ordem.html","title":{"rendered":"Carta do Ministro Geral aos irm\u00e3os de toda a Ordem"},"content":{"rendered":"<p><img loading=\"lazy\" class=\"alignnone wp-image-229511 size-full\" src=\"https:\/\/franciscanos.org.br\/noticias\/wp-content\/uploads\/2020\/11\/carta_2711.jpg\" alt=\"\" width=\"1200\" height=\"479\" srcset=\"https:\/\/franciscanos.org.br\/noticias\/wp-content\/uploads\/2020\/11\/carta_2711.jpg 1200w, https:\/\/franciscanos.org.br\/noticias\/wp-content\/uploads\/2020\/11\/carta_2711-450x180.jpg 450w, https:\/\/franciscanos.org.br\/noticias\/wp-content\/uploads\/2020\/11\/carta_2711-1024x409.jpg 1024w, https:\/\/franciscanos.org.br\/noticias\/wp-content\/uploads\/2020\/11\/carta_2711-768x307.jpg 768w, https:\/\/franciscanos.org.br\/noticias\/wp-content\/uploads\/2020\/11\/carta_2711-150x60.jpg 150w\" sizes=\"(max-width: 1200px) 100vw, 1200px\" \/><\/p>\n<h3>Encontrando esperan\u00e7a no meio da pandemia da Covid-19<\/h3>\n<p>Caros Irm\u00e3os da Ordem,<\/p>\n<p>Nas palavras de nosso Ser\u00e1fico pai, Que o Senhor lhes d\u00ea a paz!<\/p>\n<p>H\u00e1 muito tempo tinha a inten\u00e7\u00e3o de escrever-lhes uma vez mais durante este momento particularmente dif\u00edcil na vida do mundo, para informar-lhes de algumas gra\u00e7as e desafios que enfrentamos como uma fraternidade global e para encorajar a todos n\u00f3s a continuar no caminho e manter a f\u00e9. Escolhi esta data, que comemora a aprova\u00e7\u00e3o pelo Papa Hon\u00f3rio III, em 1223, da <em>Regra e Vida<\/em> definitiva (<em>Regra Bulada<\/em>), para lhes falar de assuntos urgentes que pesam sobre todos os nossos cora\u00e7\u00f5es.<\/p>\n<p>No decorrer dos \u00faltimos meses, estive em contato com v\u00e1rios Provinciais e Cust\u00f3dios para perguntar-lhes sobre seu bem-estar, meus queridos irm\u00e3os, e para lhes comunicar palavras de consolo, solidariedade e esperan\u00e7a crist\u00e3. O ano de 2020 ser\u00e1 lembrado para sempre como um ano em que toda a comunidade humana se colocou de joelhos, humilhada pelo pat\u00f3geno Sars-CoVid-2 (doravante, CoVid-19). Enquanto a pandemia segue devastando comunidades humanas, deixando em seu interior um sofrimento incalcul\u00e1vel, ela est\u00e1 deixando outras consequ\u00eancias sociais graves. Fam\u00edlias, amigos e irm\u00e3os da Ordem sentiram o impacto psicol\u00f3gico e emocional que se produz como resultado de manter o distanciamento social, usar m\u00e1scaras protetoras e abster-se de expressar formas f\u00edsicas de afeto, privando-nos de algo t\u00e3o vital e necess\u00e1rio \u00e0 vida humana e \u00e0 comunidade. A perda de empregos e meios de subsist\u00eancia tamb\u00e9m est\u00e1 tendo um impacto muito negativo na vida de bilh\u00f5es de pessoas em todas as regi\u00f5es do mundo. As pessoas s\u00e3o cada vez mais empurradas \u00e0 pobreza cr\u00f4nica. H\u00e1 uma sensa\u00e7\u00e3o crescente de medo, incerteza, desamparo e desesperan\u00e7a.<\/p>\n<p>Esta pandemia mundial e suas consequ\u00eancias colaterais tamb\u00e9m est\u00e3o afetando seriamente a vida de todos os frades da Ordem. Alguns irm\u00e3os da Ordem morreram. Outros ficaram gravemente doentes e passaram um tempo no hospital. Outros passaram o tempo em quarentena, isolados de seus irm\u00e3os da fraternidade. At\u00e9 mesmo nosso trabalho, nossos compromissos ministeriais nas par\u00f3quias, nas escolas, nos programas de servi\u00e7o social, nos retiros, no trabalho pela justi\u00e7a, paz e o cuidado de nossa Casa Comum foram seriamente prejudicados pela pandemia. Alguns irm\u00e3os compartilharam comigo suas crises de depress\u00e3o, sentimentos de solid\u00e3o, sua sensa\u00e7\u00e3o de perda de autonomia e poder sobre suas vidas e at\u00e9 mesmo seus sentimentos de raiva e uma tristeza persistente em seus cora\u00e7\u00f5es. Posso compreender esses sentimentos, j\u00e1 que tamb\u00e9m os senti de uma forma ou de outra.<\/p>\n<p>Agora, mais do que nunca, precisamos inventar novas formas de estarmos juntos, multiplicando os momentos em que podemos compartilhar as dificuldades e frustra\u00e7\u00f5es que vivemos, mesmo respeitando as normas de sa\u00fade p\u00fablica para o bem comum. S\u00e3o Francisco nos lembra na Regra e na Vida: &#8220;E onde quer que estiverem e se encontrarem os irm\u00e3os, mostrem-se af\u00e1veis entre si. E com confian\u00e7a, manifeste um ao outro as suas necessidades, porque, se uma m\u00e3e ama e nutre seu filho carnaval (cf. 1 Tes 2,7), com quanto maior dilig\u00eancia n\u00e3o deve cada um amar e nutrir a seu irm\u00e3o espiritual? (RB, cap. 6).<\/p>\n<p>A atual crise sanit\u00e1ria alterou seriamente a maneira como n\u00f3s, na C\u00faria Geral, realizamos nosso servi\u00e7o \u00e0 Fraternidade universal. N\u00e3o pude visit\u00e1-los, queridos irm\u00e3os, nem os Definidores puderam acompanhar a vida das suas entidades de uma forma que expresse a proximidade e o \u201cpersonalismo franciscano\u201d. Este personalismo valoriza muito os encontros \u201cface a face\u201d, a ora\u00e7\u00e3o compartilhada, as refei\u00e7\u00f5es e a vida em comum. Fomos obrigados a conduzir nossas reuni\u00f5es por meio do Zoom, Skype ou algum outro formato eletr\u00f4nico. Apesar dessas limita\u00e7\u00f5es, todos os esfor\u00e7os foram feitos para manter abertos os canais de comunica\u00e7\u00e3o, na esperan\u00e7a de que possamos animar-nos uns aos outros a manter os olhos fixos no Senhor Jesus, a cuidar uns dos outros e expressar nossa solidariedade com aqueles que est\u00e3o sofrendo ao nosso redor.<\/p>\n<p>Outro desafio que enfrentamos como Fraternidade tem a ver com nossa pr\u00f3pria situa\u00e7\u00e3o financeira. Os ministros me informaram que uma consequ\u00eancia profundamente perturbadora da CoVid-19 tem sido uma grave redu\u00e7\u00e3o das receitas, mesmo com as despesas continuando a aumentar. O resultado \u00e9 um efeito domin\u00f3: as fraternidades locais, que antes eram aut\u00f4nomas, agora est\u00e3o pedindo ajuda financeira; as Prov\u00edncias e as Cust\u00f3dias t\u00eam dificuldade em apoiar os irm\u00e3os, e \u00e9 ainda mais dif\u00edcil destinar \u00e0 C\u00faria Geral suas contribui\u00e7\u00f5es solid\u00e1rias. A C\u00faria depende dessas contribui\u00e7\u00f5es para ajudar a sustentar as casas dependentes da Ordem e as necessidades de forma\u00e7\u00e3o e miss\u00e3o de muitas entidades economicamente mais pobres. Al\u00e9m disso, tamb\u00e9m dependemos das receitas da <em>Fondazione Opera Antonianum<\/em>, que se encarrega de supervisionar o funcionamento do hotel <em>Il Cantico<\/em> e do <em>Audit\u00f3rio da Pontif\u00edcia Universidade Antonianum<\/em>. A pandemia causou perda de receita. A <em>Fondazione<\/em> n\u00e3o poder\u00e1 fazer qualquer contribui\u00e7\u00e3o para o or\u00e7amento da C\u00faria para os anos fiscais de 2019, 2020 e possivelmente 2021. J\u00e1 estamos sentindo a press\u00e3o econ\u00f4mica.<\/p>\n<p>Irm\u00e3os, espero que nestes tempos dif\u00edceis voc\u00eas encontrem mais tempo para concentrar-se no que \u00e9 realmente \u00e9 importante em nossas vidas. Como nos recordam as nossas Constitui\u00e7\u00f5es Gerais, somos \u201cobrigados a levar uma vida radicalmente evang\u00e9lica\u2026 em esp\u00edrito de ora\u00e7\u00e3o e devo\u00e7\u00e3o e em comunh\u00e3o fraterna\u2026 testemunhar penit\u00eancia e minoridade\u2026 na caridade para com todos\u2026 pregar a reconcilia\u00e7\u00e3o, a paz e justi\u00e7a &#8230; e mostrando respeito pela cria\u00e7\u00e3o \u201d(Art. 1 \u00a72). Esta vida evang\u00e9lica nos proporciona uma base espiritual em tempos de prova\u00e7\u00e3o e sofrimento. A fraternidade deve ser um o\u00e1sis de esperan\u00e7a, o lugar onde retiramos for\u00e7as da bondade e do cuidado que demonstramos uns com os outros. Tamb\u00e9m \u00e9 importante que nos demos o luxo de cuidar de n\u00f3s mesmos, incluindo o exerc\u00edcio, a leitura, a ora\u00e7\u00e3o e o estudo, fortalecendo nossos corpos, mentes e cora\u00e7\u00f5es para permanecermos no caminho certo. Nosso compromisso de ser irm\u00e3os de todo o mundo deve nos levar a uma reflex\u00e3o mais profunda sobre as m\u00faltiplas fraturas sociais &#8211; econ\u00f4micas, pol\u00edticas, sociais, as v\u00e1rias formas de desigualdades crescentes, o racismo e outros &#8220;ismos&#8221; &#8211; os outros &#8220;v\u00edrus&#8221; &#8211; que atentam contra o bem comum e o compromisso com a solidariedade global.<\/p>\n<p>Pe\u00e7amos uma efus\u00e3o de conhecimento e intui\u00e7\u00e3o para orientar cientistas, m\u00e9dicos e profissionais de sa\u00fade na busca por vacinas, por terapias para reduzir as consequ\u00eancias da infec\u00e7\u00e3o por CoVid-19, e no cuidado geral dos mais afetados. Recorramos \u00e0 sabedoria de Salom\u00e3o para nossos l\u00edderes pol\u00edticos, para que possam buscar o bem comum, reconhecer as frustra\u00e7\u00f5es e a ira das pessoas de quem s\u00e3o chamados a cuidar e servir e encontrar novas formas de acompanhar os mais necessitados de assist\u00eancia especial. Vamos estender nossas m\u00e3os e bra\u00e7os para abra\u00e7ar nossos irm\u00e3os e irm\u00e3s, no sentido figurado, compartilhando nosso tempo e recursos preciosos com os mais necessitados como um sinal claro de que estamos todos conectados, somos todos membros da \u00fanica fam\u00edlia de Deus, irm\u00e3os e irm\u00e3s que viajam juntos no caminho que nos leva \u00e0 plena realiza\u00e7\u00e3o do reino de Deus no agora e no al\u00e9m. Nas palavras do Papa Francisco, que a trag\u00e9dia da pandemia CoVid-19 ajude a quebrar \u201caquelas falsas e sup\u00e9rfluas seguran\u00e7as com as quais constru\u00edmos nossas agendas, nossos projetos, rotinas e prioridades &#8230; [para que possamos alcan\u00e7ar] essa bendita perten\u00e7a comum da qual n\u00e3o podemos e n\u00e3o queremos escapar; a perten\u00e7a dos irm\u00e3os \u201d(<em>Fratelli tutti<\/em>! 32).<\/p>\n<p>Ao comemorarmos todos os santos da Ordem, rezamos para que, com a ajuda de Deus, da intercess\u00e3o de S\u00e3o Francisco, de todos os nossos santos franciscanos e de Maria, Rainha da Ordem Franciscana, possamos reacender o nosso fervor inicial e renovar o nosso compromisso de viver a Regra e a Vida propostas por S\u00e3o Francisco e aprovadas pelo Papa Hon\u00f3rio III. Tiremos for\u00e7as do testemunho fiel dos nossos santos franciscanos, que tamb\u00e9m viveram muitos desafios, mas souberam manter vivo o amor e a esperan\u00e7a que receberam desde o in\u00edcio do seu caminho evang\u00e9lico. Renovemos o nosso compromisso de sermos homens de esperan\u00e7a, irm\u00e3os amorosos entre si, buscadores da justi\u00e7a aut\u00eantica, da paz, promotores do bem, da fraternidade e da solidariedade com todos os homens e com todo o universo criado. Aguardemos com ativa expectativa o Cap\u00edtulo Geral de 2021, quando nos reuniremos para refletir e abra\u00e7ar o tema do Cap\u00edtulo: Renovemos nossa vis\u00e3o, abracemos nosso futuro &#8211; \u201cAcordai &#8230; e Cristo vos iluminar\u00e1 com sua luz (Ef 5, 14)! Deus est\u00e1 aqui! A esperan\u00e7a est\u00e1 pr\u00f3xima!<\/p>\n<p>Para terminar, convido-vos a rezar comigo as seguintes palavras dos \u00abLouvores do Deus Alt\u00edssimo\u00bb, escritos por S\u00e3o Francisco, confiados a Frei Le\u00e3o no Monte Alverne em 1224:<\/p>\n<p><em>V\u00f3s sois beleza, V\u00f3s sois mansid\u00e3o,<\/em><\/p>\n<p><em>V\u00f3s sois protetor (Sl 30, 5), V\u00f3s sois guarda e defensor nosso;<\/em><\/p>\n<p><em>V\u00f3s sois fortaleza (cfr. Sl 42, 2), V\u00f3s sois refrig\u00e9rio. V\u00f3s sois nossa esperan\u00e7a,<\/em><\/p>\n<p><em>V\u00f3s sois nossa f\u00e9, V\u00f3s sois nossa caridade,<\/em><\/p>\n<p><em>V\u00f3s sois toda do\u00e7ura nossa, V\u00f3s sois nossa vida eterna:<\/em><\/p>\n<p><em>Grande e admir\u00e1vel Senhor, Deus onipotente, misericordioso Salvador. AM\u00c9M.<\/em><\/p>\n<p>&nbsp;<\/p>\n<p>Roma, 29 de novembro de 2020<br \/>\nFesta de Todos os Santos da Ordem Ser\u00e1fica<\/p>\n<p>Fraternalmente,<\/p>\n<p><strong>Pe. Michael A. Perry, OFM<br \/>\n<\/strong>Ministro Geral e Servo<\/p>\n","protected":false},"excerpt":{"rendered":"<p>Ordem dos Frades Menores<\/p>\n","protected":false},"author":3,"featured_media":229512,"comment_status":"open","ping_status":"open","sticky":false,"template":"","format":"standard","meta":[],"categories":[1],"tags":[397],"acf":[],"yoast_head":"<!-- This site is optimized with the Yoast SEO plugin v19.2 - https:\/\/yoast.com\/wordpress\/plugins\/seo\/ -->\n<title>Carta do Ministro Geral aos irm\u00e3os de toda a Ordem - Not\u00edcias - Franciscanos<\/title>\n<meta name=\"robots\" content=\"index, follow, max-snippet:-1, max-image-preview:large, max-video-preview:-1\" \/>\n<link rel=\"canonical\" href=\"https:\/\/franciscanos.org.br\/noticias\/carta-do-ministro-geral-aos-irmaos-de-toda-a-ordem.html\" \/>\n<meta property=\"og:locale\" content=\"pt_BR\" \/>\n<meta property=\"og:type\" content=\"article\" \/>\n<meta property=\"og:title\" content=\"Carta do Ministro Geral aos irm\u00e3os de toda a Ordem - Not\u00edcias - Franciscanos\" \/>\n<meta property=\"og:description\" content=\"Ordem dos Frades Menores\" \/>\n<meta property=\"og:url\" content=\"https:\/\/franciscanos.org.br\/noticias\/carta-do-ministro-geral-aos-irmaos-de-toda-a-ordem.html\" \/>\n<meta property=\"og:site_name\" content=\"Not\u00edcias - Franciscanos\" \/>\n<meta property=\"article:published_time\" content=\"2020-11-27T12:04:20+00:00\" \/>\n<meta property=\"article:modified_time\" content=\"2020-11-27T12:22:36+00:00\" \/>\n<meta property=\"og:image\" content=\"https:\/\/franciscanos.org.br\/noticias\/wp-content\/uploads\/2020\/11\/carta_2711d.jpg\" \/>\n\t<meta property=\"og:image:width\" content=\"800\" \/>\n\t<meta property=\"og:image:height\" content=\"601\" \/>\n\t<meta property=\"og:image:type\" content=\"image\/jpeg\" \/>\n<meta name=\"author\" content=\"moacir\" \/>\n<meta name=\"twitter:card\" content=\"summary_large_image\" \/>\n<meta name=\"twitter:label1\" content=\"Escrito por\" \/>\n\t<meta name=\"twitter:data1\" content=\"moacir\" \/>\n\t<meta name=\"twitter:label2\" content=\"Est. tempo de leitura\" \/>\n\t<meta name=\"twitter:data2\" content=\"8 minutos\" \/>\n<script type=\"application\/ld+json\" class=\"yoast-schema-graph\">{\"@context\":\"https:\/\/schema.org\",\"@graph\":[{\"@type\":\"WebSite\",\"@id\":\"https:\/\/franciscanos.org.br\/noticias\/#website\",\"url\":\"https:\/\/franciscanos.org.br\/noticias\/\",\"name\":\"Not\u00edcias - Franciscanos\",\"description\":\"Prov\u00edncia Franciscana da Imaculada Concei\u00e7\u00e3o do Brasil - Ordem dos Frades Menores - OFM\",\"potentialAction\":[{\"@type\":\"SearchAction\",\"target\":{\"@type\":\"EntryPoint\",\"urlTemplate\":\"https:\/\/franciscanos.org.br\/noticias\/?s={search_term_string}\"},\"query-input\":\"required name=search_term_string\"}],\"inLanguage\":\"pt-BR\"},{\"@type\":\"ImageObject\",\"inLanguage\":\"pt-BR\",\"@id\":\"https:\/\/franciscanos.org.br\/noticias\/carta-do-ministro-geral-aos-irmaos-de-toda-a-ordem.html#primaryimage\",\"url\":\"https:\/\/franciscanos.org.br\/noticias\/wp-content\/uploads\/2020\/11\/carta_2711d.jpg\",\"contentUrl\":\"https:\/\/franciscanos.org.br\/noticias\/wp-content\/uploads\/2020\/11\/carta_2711d.jpg\",\"width\":800,\"height\":601},{\"@type\":\"WebPage\",\"@id\":\"https:\/\/franciscanos.org.br\/noticias\/carta-do-ministro-geral-aos-irmaos-de-toda-a-ordem.html#webpage\",\"url\":\"https:\/\/franciscanos.org.br\/noticias\/carta-do-ministro-geral-aos-irmaos-de-toda-a-ordem.html\",\"name\":\"Carta do Ministro Geral aos irm\u00e3os de toda a Ordem - Not\u00edcias - Franciscanos\",\"isPartOf\":{\"@id\":\"https:\/\/franciscanos.org.br\/noticias\/#website\"},\"primaryImageOfPage\":{\"@id\":\"https:\/\/franciscanos.org.br\/noticias\/carta-do-ministro-geral-aos-irmaos-de-toda-a-ordem.html#primaryimage\"},\"datePublished\":\"2020-11-27T12:04:20+00:00\",\"dateModified\":\"2020-11-27T12:22:36+00:00\",\"author\":{\"@id\":\"https:\/\/franciscanos.org.br\/noticias\/#\/schema\/person\/b5c8cba458c330ccff548b056e95a5d4\"},\"breadcrumb\":{\"@id\":\"https:\/\/franciscanos.org.br\/noticias\/carta-do-ministro-geral-aos-irmaos-de-toda-a-ordem.html#breadcrumb\"},\"inLanguage\":\"pt-BR\",\"potentialAction\":[{\"@type\":\"ReadAction\",\"target\":[\"https:\/\/franciscanos.org.br\/noticias\/carta-do-ministro-geral-aos-irmaos-de-toda-a-ordem.html\"]}]},{\"@type\":\"BreadcrumbList\",\"@id\":\"https:\/\/franciscanos.org.br\/noticias\/carta-do-ministro-geral-aos-irmaos-de-toda-a-ordem.html#breadcrumb\",\"itemListElement\":[{\"@type\":\"ListItem\",\"position\":1,\"name\":\"Home\",\"item\":\"https:\/\/franciscanos.org.br\/noticias\"},{\"@type\":\"ListItem\",\"position\":2,\"name\":\"Carta do Ministro Geral aos irm\u00e3os de toda a Ordem\"}]},{\"@type\":\"Person\",\"@id\":\"https:\/\/franciscanos.org.br\/noticias\/#\/schema\/person\/b5c8cba458c330ccff548b056e95a5d4\",\"name\":\"moacir\",\"image\":{\"@type\":\"ImageObject\",\"inLanguage\":\"pt-BR\",\"@id\":\"https:\/\/franciscanos.org.br\/noticias\/#\/schema\/person\/image\/\",\"url\":\"https:\/\/secure.gravatar.com\/avatar\/d08aa2ce4c8dd416d4479aa8536fcf64?s=96&d=mm&r=g\",\"contentUrl\":\"https:\/\/secure.gravatar.com\/avatar\/d08aa2ce4c8dd416d4479aa8536fcf64?s=96&d=mm&r=g\",\"caption\":\"moacir\"},\"url\":\"https:\/\/franciscanos.org.br\/noticias\/author\/moacir\"}]}<\/script>\n<!-- \/ Yoast SEO plugin. -->","yoast_head_json":{"title":"Carta do Ministro Geral aos irm\u00e3os de toda a Ordem - Not\u00edcias - Franciscanos","robots":{"index":"index","follow":"follow","max-snippet":"max-snippet:-1","max-image-preview":"max-image-preview:large","max-video-preview":"max-video-preview:-1"},"canonical":"https:\/\/franciscanos.org.br\/noticias\/carta-do-ministro-geral-aos-irmaos-de-toda-a-ordem.html","og_locale":"pt_BR","og_type":"article","og_title":"Carta do Ministro Geral aos irm\u00e3os de toda a Ordem - Not\u00edcias - Franciscanos","og_description":"Ordem dos Frades Menores","og_url":"https:\/\/franciscanos.org.br\/noticias\/carta-do-ministro-geral-aos-irmaos-de-toda-a-ordem.html","og_site_name":"Not\u00edcias - Franciscanos","article_published_time":"2020-11-27T12:04:20+00:00","article_modified_time":"2020-11-27T12:22:36+00:00","og_image":[{"width":800,"height":601,"url":"https:\/\/franciscanos.org.br\/noticias\/wp-content\/uploads\/2020\/11\/carta_2711d.jpg","type":"image\/jpeg"}],"author":"moacir","twitter_card":"summary_large_image","twitter_misc":{"Escrito por":"moacir","Est. tempo de leitura":"8 minutos"},"schema":{"@context":"https:\/\/schema.org","@graph":[{"@type":"WebSite","@id":"https:\/\/franciscanos.org.br\/noticias\/#website","url":"https:\/\/franciscanos.org.br\/noticias\/","name":"Not\u00edcias - Franciscanos","description":"Prov\u00edncia Franciscana da Imaculada Concei\u00e7\u00e3o do Brasil - Ordem dos Frades Menores - OFM","potentialAction":[{"@type":"SearchAction","target":{"@type":"EntryPoint","urlTemplate":"https:\/\/franciscanos.org.br\/noticias\/?s={search_term_string}"},"query-input":"required name=search_term_string"}],"inLanguage":"pt-BR"},{"@type":"ImageObject","inLanguage":"pt-BR","@id":"https:\/\/franciscanos.org.br\/noticias\/carta-do-ministro-geral-aos-irmaos-de-toda-a-ordem.html#primaryimage","url":"https:\/\/franciscanos.org.br\/noticias\/wp-content\/uploads\/2020\/11\/carta_2711d.jpg","contentUrl":"https:\/\/franciscanos.org.br\/noticias\/wp-content\/uploads\/2020\/11\/carta_2711d.jpg","width":800,"height":601},{"@type":"WebPage","@id":"https:\/\/franciscanos.org.br\/noticias\/carta-do-ministro-geral-aos-irmaos-de-toda-a-ordem.html#webpage","url":"https:\/\/franciscanos.org.br\/noticias\/carta-do-ministro-geral-aos-irmaos-de-toda-a-ordem.html","name":"Carta do Ministro Geral aos irm\u00e3os de toda a Ordem - Not\u00edcias - Franciscanos","isPartOf":{"@id":"https:\/\/franciscanos.org.br\/noticias\/#website"},"primaryImageOfPage":{"@id":"https:\/\/franciscanos.org.br\/noticias\/carta-do-ministro-geral-aos-irmaos-de-toda-a-ordem.html#primaryimage"},"datePublished":"2020-11-27T12:04:20+00:00","dateModified":"2020-11-27T12:22:36+00:00","author":{"@id":"https:\/\/franciscanos.org.br\/noticias\/#\/schema\/person\/b5c8cba458c330ccff548b056e95a5d4"},"breadcrumb":{"@id":"https:\/\/franciscanos.org.br\/noticias\/carta-do-ministro-geral-aos-irmaos-de-toda-a-ordem.html#breadcrumb"},"inLanguage":"pt-BR","potentialAction":[{"@type":"ReadAction","target":["https:\/\/franciscanos.org.br\/noticias\/carta-do-ministro-geral-aos-irmaos-de-toda-a-ordem.html"]}]},{"@type":"BreadcrumbList","@id":"https:\/\/franciscanos.org.br\/noticias\/carta-do-ministro-geral-aos-irmaos-de-toda-a-ordem.html#breadcrumb","itemListElement":[{"@type":"ListItem","position":1,"name":"Home","item":"https:\/\/franciscanos.org.br\/noticias"},{"@type":"ListItem","position":2,"name":"Carta do Ministro Geral aos irm\u00e3os de toda a Ordem"}]},{"@type":"Person","@id":"https:\/\/franciscanos.org.br\/noticias\/#\/schema\/person\/b5c8cba458c330ccff548b056e95a5d4","name":"moacir","image":{"@type":"ImageObject","inLanguage":"pt-BR","@id":"https:\/\/franciscanos.org.br\/noticias\/#\/schema\/person\/image\/","url":"https:\/\/secure.gravatar.com\/avatar\/d08aa2ce4c8dd416d4479aa8536fcf64?s=96&d=mm&r=g","contentUrl":"https:\/\/secure.gravatar.com\/avatar\/d08aa2ce4c8dd416d4479aa8536fcf64?s=96&d=mm&r=g","caption":"moacir"},"url":"https:\/\/franciscanos.org.br\/noticias\/author\/moacir"}]}},"_links":{"self":[{"href":"https:\/\/franciscanos.org.br\/noticias\/wp-json\/wp\/v2\/posts\/229510"}],"collection":[{"href":"https:\/\/franciscanos.org.br\/noticias\/wp-json\/wp\/v2\/posts"}],"about":[{"href":"https:\/\/franciscanos.org.br\/noticias\/wp-json\/wp\/v2\/types\/post"}],"author":[{"embeddable":true,"href":"https:\/\/franciscanos.org.br\/noticias\/wp-json\/wp\/v2\/users\/3"}],"replies":[{"embeddable":true,"href":"https:\/\/franciscanos.org.br\/noticias\/wp-json\/wp\/v2\/comments?post=229510"}],"version-history":[{"count":4,"href":"https:\/\/franciscanos.org.br\/noticias\/wp-json\/wp\/v2\/posts\/229510\/revisions"}],"predecessor-version":[{"id":229516,"href":"https:\/\/franciscanos.org.br\/noticias\/wp-json\/wp\/v2\/posts\/229510\/revisions\/229516"}],"wp:featuredmedia":[{"embeddable":true,"href":"https:\/\/franciscanos.org.br\/noticias\/wp-json\/wp\/v2\/media\/229512"}],"wp:attachment":[{"href":"https:\/\/franciscanos.org.br\/noticias\/wp-json\/wp\/v2\/media?parent=229510"}],"wp:term":[{"taxonomy":"category","embeddable":true,"href":"https:\/\/franciscanos.org.br\/noticias\/wp-json\/wp\/v2\/categories?post=229510"},{"taxonomy":"post_tag","embeddable":true,"href":"https:\/\/franciscanos.org.br\/noticias\/wp-json\/wp\/v2\/tags?post=229510"}],"curies":[{"name":"wp","href":"https:\/\/api.w.org\/{rel}","templated":true}]}}