{"id":229503,"date":"2020-11-25T17:35:50","date_gmt":"2020-11-25T20:35:50","guid":{"rendered":"https:\/\/franciscanos.org.br\/noticias\/?p=229503"},"modified":"2020-11-25T17:43:05","modified_gmt":"2020-11-25T20:43:05","slug":"temos-que-construir-uma-civilizacao-que-abrace-a-vida-diz-mose-na-semana-de-filosofia-vozes","status":"publish","type":"post","link":"https:\/\/franciscanos.org.br\/noticias\/temos-que-construir-uma-civilizacao-que-abrace-a-vida-diz-mose-na-semana-de-filosofia-vozes.html","title":{"rendered":"&#8220;Temos que construir uma civiliza\u00e7\u00e3o que abrace a vida&#8221;, diz Mos\u00e9 na Semana de Filosofia Vozes"},"content":{"rendered":"<p><img loading=\"lazy\" class=\"alignnone wp-image-229505 size-full\" src=\"https:\/\/franciscanos.org.br\/noticias\/wp-content\/uploads\/2020\/11\/mose_01.jpg\" alt=\"\" width=\"1280\" height=\"720\" srcset=\"https:\/\/franciscanos.org.br\/noticias\/wp-content\/uploads\/2020\/11\/mose_01.jpg 1280w, https:\/\/franciscanos.org.br\/noticias\/wp-content\/uploads\/2020\/11\/mose_01-450x253.jpg 450w, https:\/\/franciscanos.org.br\/noticias\/wp-content\/uploads\/2020\/11\/mose_01-1024x576.jpg 1024w, https:\/\/franciscanos.org.br\/noticias\/wp-content\/uploads\/2020\/11\/mose_01-768x432.jpg 768w, https:\/\/franciscanos.org.br\/noticias\/wp-content\/uploads\/2020\/11\/mose_01-150x84.jpg 150w\" sizes=\"(max-width: 1280px) 100vw, 1280px\" \/><\/p>\n<p>A mestre e doutora em Filosofia, Viviane Mos\u00e9, foi a segunda convidada, nesta ter\u00e7a-feira (24\/11), da Semana de Filosofia Vozes, que vai at\u00e9 sexta-feira (27), no canal YouTube da Editora Vozes. Nat\u00e1lia Fran\u00e7a conduziu o encontro \u00e0s 18 horas.<\/p>\n<p>Uma das principais autoras da Vozes falou sobre o tema \u201cNietzsche e as grandes quest\u00f5es da atualidade\u201d. Segundo ela, Nietzsche \u00e9 o autor mais pr\u00f3ximo dos desafios que vivemos.<\/p>\n<p>Entre os temas abordados pela autora, dois delas est\u00e3o no topo dos assuntos dessa atualidade: as <em>fake news <\/em>e a pandemia provocada pelo novo coronav\u00edrus.<\/p>\n<p>Segundo Mos\u00e9, a manipula\u00e7\u00e3o do conhecimento hoje \u00e9 expl\u00edcita num fen\u00f4meno chamado <em>fake news<\/em>. &#8220;Mas ela sempre existiu. A manipula\u00e7\u00e3o do conhecimento \u00e9 que marca a nossa hist\u00f3ria. O conhecimento \u00e9 um fator de liberta\u00e7\u00e3o e um fator social de submiss\u00e3o. Ent\u00e3o, n\u00f3s vivemos a crise do saber em si. O que significa isso? A crise da verdade, a p\u00f3s-verdade. Voc\u00ea v\u00ea coisas absurdas sendo compartilhadas e algu\u00e9m como eu, aos 56 anos, fica chocada. Pra mim \u00e9 chocante ver as coisas que vejo em pessoas ditas cultas. Vivemos o caos. A verdade era uma coisa inventada, mas apesar da verdade ser sempre uma manipula\u00e7\u00e3o, existia um tecido social controlado por algumas for\u00e7as que mantinha uma certa coer\u00eancia&#8221;, explicou.<\/p>\n<p>Mos\u00e9 lembra que as universidades, as editoras, tudo isso era muito fixo. &#8220;Publicar na Vozes, na Civiliza\u00e7\u00e3o, em editoras antigas, voc\u00ea tem seguran\u00e7a. Hoje, n\u00e3o tem mais isso. Publica-se em qualquer lugar, infelizmente.\u00a0 Mas ao mesmo tempo, felizmente, porque apesar de todo o sofrimento que temos, acredito que isso possa gerar uma sociedade menos polarizada, porque \u00e9 a polaridade que marca a verdade. Quando eu digo que existe verdade, eu estou criando a sua posi\u00e7\u00e3o e a\u00ed estou criando uma polaridade que hoje nos destr\u00f3i. A polaridade que, no Brasil, levou-nos a essa situa\u00e7\u00e3o pol\u00edtica absurda que vivemos hoje. Um retrocesso de 50 anos no nosso pensamento, na nossa cultura, na nossa sociedade. As coisas que s\u00e3o ditas em rede nacional, por pol\u00edticos eleitos, s\u00e3o absurdas. Voc\u00eas sabem disso. Por qu\u00ea? Porque a verdade nunca existiu. Ela sempre foi um acordo de cavalheiros&#8221;, observou.<\/p>\n<p>Segundo Mos\u00e9, como lembra no seu livro &#8220;Nietzsche hoje&#8221;, vivemos uma guerra antiga, mas com novas armas, novas estrat\u00e9gias: a guerra da informa\u00e7\u00e3o se alimenta da guerra de n\u00f3s contra n\u00f3s mesmos. &#8220;Se o poder repressivo lhe oprime, a pol\u00edcia, o ex\u00e9rcito, as armas, a coa\u00e7\u00e3o f\u00edsica, no poder disciplinar voc\u00ea se oprime, se fere, luta contra si mesmo, mata a si mesmo, se autodestr\u00f3i&#8221;.<\/p>\n<p>&#8220;Nietzsche percebe isso, que a verdade \u00e9 provis\u00f3ria. Leiam sobre &#8216;Verdade e mentira no sentido extra-moral&#8217;, o artigo mais importante de Nietzsche para mim. Dali que eu tiro o que h\u00e1 de mais fundamental. Ele percebe que a hist\u00f3ria da humanidade \u00e9 a hist\u00f3ria de um erro. Qual \u00e9 o erro? A ideia de verdade. Foi a ideia de verdade que criou a intoler\u00e2ncia. Por que n\u00e3o podemos conviver com a diferen\u00e7a?&#8221;, acrescentou.<\/p>\n<p>&#8220;O ser humano tem necessidade da ilus\u00e3o, por isso cria a verdade. \u00c9 sempre tendo em vista a utilidade que alguma afirma\u00e7\u00e3o \u00e9 elevada \u00e0 categoria de verdade. A civiliza\u00e7\u00e3o se sustentou em uma ideia de verdade que hoje desaba. O mundo digital colocou a verdade como mais uma imagem, que \u00e9 o que sempre foi, uma fic\u00e7\u00e3o entre as outras, um exerc\u00edcio de poder. Esse erro grosseiro de utilizar as fic\u00e7\u00f5es da raz\u00e3o, que se sustenta na ideia de verdade, \u00e9 que vai, segundo Nietzsche, provocar convuls\u00f5es no futuro&#8221;, avalia Mos\u00e9.<\/p>\n<p>Para Nietzsche, a realidade n\u00e3o \u00e9 est\u00e1tica, por\u00e9m mut\u00e1vel e complexa, a verdade n\u00e3o pode ser outra coisa que uma intui\u00e7\u00e3o, um tipo de acordo social, intuitivo, que realizamos a partir da necessidade que cria la\u00e7os com outros humanos, evitando assim a perigosa vastid\u00e3o que nos rodeia. Mas essa verdade tamb\u00e9m n\u00e3o \u00e9 est\u00e1tica, ela muda, se transforma, porque a realidade muda, nosso olhar muda junto. O fato da gente j\u00e1 n\u00e3o acreditar que a terra \u00e9 plana como acontecia na Idade M\u00e9dia (e em alguns casos \u201cpeculiares\u201d do presente), ilustra perfeitamente o que foi dito anteriormente.<\/p>\n<p>&#8220;A gente usa o pensamento e conhecimento como uma bolha para nos proteger de uma dor existencial, mas \u00e9 afirmando a dor existencial que voc\u00ea cresce. Voc\u00ea fica maior e potente quando voc\u00ea lida com a finitude. N\u00e3o adianta voc\u00ea criar uma vida em cima de roupa, sapato, nem de fama e nem de luta ecol\u00f3gica&#8221;, diz Mos\u00e9, acrescentando que isso n\u00e3o vai resolver. &#8220;N\u00e3o, \u00e9 mais um lugar que voc\u00ea est\u00e1 se escondendo. Porque, o mundo em si, ele acontece e desacontece. N\u00f3s nascemos e morremos. Mas nosso problema n\u00e3o \u00e9 o mundo, n\u00e3o. O mundo \u00e9 um jogo que acontece. O problema somos n\u00f3s. \u00c9 o nosso lugar no mundo. Essa consci\u00eancia de si. Cada um traz um brilho, uma coisa, algo e existir d\u00e1 conta disso. Mas a gente n\u00e3o quer dar conta disso. A gente quer ser rico, famoso, ter dinheiro, at\u00e9 se tornar uma pessoa como Gisele B\u00fcndchen, que \u00e9 uma mulher exemplo de beleza, riqueza, casamento e filhos. E essa mulher est\u00e1 ganhando mais dinheiro ainda lan\u00e7ando um livro sobre depress\u00e3o e sobre s\u00edndrome do p\u00e2nico. Ent\u00e3o, se ela tem s\u00edndrome do p\u00e2nico, tudo que ela representa deveria n\u00e3o ter valor para a gente. Ent\u00e3o, n\u00f3s precisamos de algo que n\u00e3o estamos buscando. N\u00f3s precisamos de vida&#8221;.<\/p>\n<p><strong>A CIVILIZA\u00c7\u00c3O EM RISCO<\/strong><\/p>\n<p>Segundo Mos\u00e9, n\u00f3s vivemos um momento de absoluta desintegra\u00e7\u00e3o da civiliza\u00e7\u00e3o. &#8220;O coronav\u00edrus \u00e9 apenas algo que pode eliminar a pr\u00f3pria civiliza\u00e7\u00e3o. N\u00f3s tomamos rumos tortos. Ent\u00e3o, \u00e9 hora de a gente olhar para o mundo com outro olhar.<\/p>\n<p>O que o coronav\u00edrus est\u00e1 dizendo \u00e9 que a civiliza\u00e7\u00e3o \u00e9 uma bolha e ela precisa ser desfeita como bolha. Ou a gente constr\u00f3i uma civiliza\u00e7\u00e3o pr\u00f3xima \u00e0 natureza, abra\u00e7ada a ela, ou n\u00e3o teremos civiliza\u00e7\u00e3o. E n\u00f3s sabemos que nossa civiliza\u00e7\u00e3o odeia natureza. Eu n\u00e3o gosto do meu nariz, do meu cabelo, da minha roupa e a\u00ed vai num grau que a gente n\u00e3o suporta&#8221;.<\/p>\n<p>&#8220;O v\u00edrus sem hospedeiros, sem a mata, hospeda-se no homem. Essa \u00e9 a quest\u00e3o. N\u00f3s estamos sendo invadidos por for\u00e7as que n\u00e3o t\u00eam mais espa\u00e7os na natureza. Essa crise que estamos vivendo hoje, essa grav\u00edssima crise, ela nos mostra literalmente que temos que construir uma civiliza\u00e7\u00e3o que abrace a vida&#8221;.<\/p>\n<p>Esse \u00e9 o nosso desafio: viver em rede, afirmar a diferen\u00e7a, julgar menos outros, entender e valorizar a diferen\u00e7a. Somos um campo de for\u00e7as. N\u00f3s, a identidade do sujeito n\u00e3o existe, isso est\u00e1 no meu livro &#8220;Nietzsche, a grande pol\u00edtica da linguagem&#8221;. O sujeito, cada um de n\u00f3s, \u00e9 campo. Tem muitos lados em mim. Todos operam em mim. Inclusive um lado muito obscuro e tenebroso. \u00c9 ele que tento todos os dias guardar, processar, elaborar, para que eu seja uma pessoa melhor com os outros. Ent\u00e3o, ningu\u00e9m \u00e9 bom. N\u00f3s temos coisas dentro de n\u00f3s extremamente obscuras. Tenha consci\u00eancia disso e elabore o seu obscuro para se tornar uma pessoa melhor.<\/p>\n<hr \/>\n<p>VIVIANE MOS\u00c9 \u00e9 capixaba e vive no Rio desde 1992. Psic\u00f3loga e psicanalista, mestra e doutora em Filosofia, especialista em Elabora\u00e7\u00e3o e Implementa\u00e7\u00e3o de Pol\u00edticas P\u00fablicas, tem 11 livros publicados e foi duas vezes indicada ao Pr\u00eamio Jabuti, pelos livros Stela do Patroc\u00ednio e A escola e os desafios contempor\u00e2neos. Escreveu e apresentou o quadro Ser ou N\u00e3o Ser no Fant\u00e1stico da TV Globo, em 2005 e 2006. Fez coment\u00e1rios di\u00e1rios na R\u00e1dio CBN durante 6 anos. \u00c9 s\u00f3cia da Usina<\/p>\n<hr \/>\n<p><strong>PROGRAME-SE<\/strong><\/p>\n<p><strong>25 de novembro<\/strong><br \/>\n\u201cA sociedade do cansa\u00e7o em Byung-Chul Han\u201d<br \/>\nCom o fil\u00f3sofo\u00a0<strong>Lucas Machado<\/strong><br \/>\n\u00c0s 18h<br \/>\nNo canal da Editora Vozes: youtube.com\/editoravozes<\/p>\n<p><strong>26 de novembro<\/strong><br \/>\n\u201cA Vida que Vale a Pena Ser Vivida\u201d<br \/>\nCom o autor\u00a0<strong>Cl\u00f3vis de Barros Filho<\/strong><br \/>\n\u00c0s 18hNo canal da Editora Vozes: youtube.com\/editoravozes<\/p>\n<p><strong>27 de novembro<\/strong><br \/>\n\u201cA vida para al\u00e9m de si mesma: ningu\u00e9m \u00e9 insubstitu\u00edvel?\u201d<br \/>\nCom o autor\u00a0<strong>Mario Sergio Cortella<\/strong><br \/>\n\u00c0s 18hNo canal da Editora Vozes: youtube.com\/editoravozes<\/p>\n<p>A<em>dquira as obras dos autores no site: www.livrariavozes.com.br<\/em><\/p>\n","protected":false},"excerpt":{"rendered":"<p>Semana de Filosofia Vozes<\/p>\n","protected":false},"author":3,"featured_media":229504,"comment_status":"open","ping_status":"open","sticky":false,"template":"","format":"standard","meta":[],"categories":[1],"tags":[238],"acf":[],"yoast_head":"<!-- This site is optimized with the Yoast SEO plugin v19.2 - https:\/\/yoast.com\/wordpress\/plugins\/seo\/ -->\n<title>&quot;Temos que construir uma civiliza\u00e7\u00e3o que abrace a vida&quot;, diz Mos\u00e9 na Semana de Filosofia Vozes - Not\u00edcias - Franciscanos<\/title>\n<meta name=\"robots\" content=\"index, follow, max-snippet:-1, max-image-preview:large, max-video-preview:-1\" \/>\n<link rel=\"canonical\" href=\"https:\/\/franciscanos.org.br\/noticias\/temos-que-construir-uma-civilizacao-que-abrace-a-vida-diz-mose-na-semana-de-filosofia-vozes.html\" \/>\n<meta property=\"og:locale\" content=\"pt_BR\" \/>\n<meta property=\"og:type\" content=\"article\" \/>\n<meta property=\"og:title\" content=\"&quot;Temos que construir uma civiliza\u00e7\u00e3o que abrace a vida&quot;, diz Mos\u00e9 na Semana de Filosofia Vozes - Not\u00edcias - Franciscanos\" \/>\n<meta property=\"og:description\" content=\"Semana de Filosofia Vozes\" \/>\n<meta property=\"og:url\" content=\"https:\/\/franciscanos.org.br\/noticias\/temos-que-construir-uma-civilizacao-que-abrace-a-vida-diz-mose-na-semana-de-filosofia-vozes.html\" \/>\n<meta property=\"og:site_name\" content=\"Not\u00edcias - Franciscanos\" \/>\n<meta property=\"article:published_time\" content=\"2020-11-25T20:35:50+00:00\" \/>\n<meta property=\"article:modified_time\" content=\"2020-11-25T20:43:05+00:00\" \/>\n<meta property=\"og:image\" content=\"https:\/\/franciscanos.org.br\/noticias\/wp-content\/uploads\/2020\/11\/mose_d.jpg\" \/>\n\t<meta property=\"og:image:width\" content=\"800\" \/>\n\t<meta property=\"og:image:height\" content=\"600\" \/>\n\t<meta property=\"og:image:type\" content=\"image\/jpeg\" \/>\n<meta name=\"author\" content=\"moacir\" \/>\n<meta name=\"twitter:card\" content=\"summary_large_image\" \/>\n<meta name=\"twitter:label1\" content=\"Escrito por\" \/>\n\t<meta name=\"twitter:data1\" content=\"moacir\" \/>\n\t<meta name=\"twitter:label2\" content=\"Est. tempo de leitura\" \/>\n\t<meta name=\"twitter:data2\" content=\"7 minutos\" \/>\n<script type=\"application\/ld+json\" class=\"yoast-schema-graph\">{\"@context\":\"https:\/\/schema.org\",\"@graph\":[{\"@type\":\"WebSite\",\"@id\":\"https:\/\/franciscanos.org.br\/noticias\/#website\",\"url\":\"https:\/\/franciscanos.org.br\/noticias\/\",\"name\":\"Not\u00edcias - Franciscanos\",\"description\":\"Prov\u00edncia Franciscana da Imaculada Concei\u00e7\u00e3o do Brasil - Ordem dos Frades Menores - OFM\",\"potentialAction\":[{\"@type\":\"SearchAction\",\"target\":{\"@type\":\"EntryPoint\",\"urlTemplate\":\"https:\/\/franciscanos.org.br\/noticias\/?s={search_term_string}\"},\"query-input\":\"required name=search_term_string\"}],\"inLanguage\":\"pt-BR\"},{\"@type\":\"ImageObject\",\"inLanguage\":\"pt-BR\",\"@id\":\"https:\/\/franciscanos.org.br\/noticias\/temos-que-construir-uma-civilizacao-que-abrace-a-vida-diz-mose-na-semana-de-filosofia-vozes.html#primaryimage\",\"url\":\"https:\/\/franciscanos.org.br\/noticias\/wp-content\/uploads\/2020\/11\/mose_d.jpg\",\"contentUrl\":\"https:\/\/franciscanos.org.br\/noticias\/wp-content\/uploads\/2020\/11\/mose_d.jpg\",\"width\":800,\"height\":600},{\"@type\":\"WebPage\",\"@id\":\"https:\/\/franciscanos.org.br\/noticias\/temos-que-construir-uma-civilizacao-que-abrace-a-vida-diz-mose-na-semana-de-filosofia-vozes.html#webpage\",\"url\":\"https:\/\/franciscanos.org.br\/noticias\/temos-que-construir-uma-civilizacao-que-abrace-a-vida-diz-mose-na-semana-de-filosofia-vozes.html\",\"name\":\"\\\"Temos que construir uma civiliza\u00e7\u00e3o que abrace a vida\\\", diz Mos\u00e9 na Semana de Filosofia Vozes - Not\u00edcias - Franciscanos\",\"isPartOf\":{\"@id\":\"https:\/\/franciscanos.org.br\/noticias\/#website\"},\"primaryImageOfPage\":{\"@id\":\"https:\/\/franciscanos.org.br\/noticias\/temos-que-construir-uma-civilizacao-que-abrace-a-vida-diz-mose-na-semana-de-filosofia-vozes.html#primaryimage\"},\"datePublished\":\"2020-11-25T20:35:50+00:00\",\"dateModified\":\"2020-11-25T20:43:05+00:00\",\"author\":{\"@id\":\"https:\/\/franciscanos.org.br\/noticias\/#\/schema\/person\/b5c8cba458c330ccff548b056e95a5d4\"},\"breadcrumb\":{\"@id\":\"https:\/\/franciscanos.org.br\/noticias\/temos-que-construir-uma-civilizacao-que-abrace-a-vida-diz-mose-na-semana-de-filosofia-vozes.html#breadcrumb\"},\"inLanguage\":\"pt-BR\",\"potentialAction\":[{\"@type\":\"ReadAction\",\"target\":[\"https:\/\/franciscanos.org.br\/noticias\/temos-que-construir-uma-civilizacao-que-abrace-a-vida-diz-mose-na-semana-de-filosofia-vozes.html\"]}]},{\"@type\":\"BreadcrumbList\",\"@id\":\"https:\/\/franciscanos.org.br\/noticias\/temos-que-construir-uma-civilizacao-que-abrace-a-vida-diz-mose-na-semana-de-filosofia-vozes.html#breadcrumb\",\"itemListElement\":[{\"@type\":\"ListItem\",\"position\":1,\"name\":\"Home\",\"item\":\"https:\/\/franciscanos.org.br\/noticias\"},{\"@type\":\"ListItem\",\"position\":2,\"name\":\"&#8220;Temos que construir uma civiliza\u00e7\u00e3o que abrace a vida&#8221;, diz Mos\u00e9 na Semana de Filosofia Vozes\"}]},{\"@type\":\"Person\",\"@id\":\"https:\/\/franciscanos.org.br\/noticias\/#\/schema\/person\/b5c8cba458c330ccff548b056e95a5d4\",\"name\":\"moacir\",\"image\":{\"@type\":\"ImageObject\",\"inLanguage\":\"pt-BR\",\"@id\":\"https:\/\/franciscanos.org.br\/noticias\/#\/schema\/person\/image\/\",\"url\":\"https:\/\/secure.gravatar.com\/avatar\/d08aa2ce4c8dd416d4479aa8536fcf64?s=96&d=mm&r=g\",\"contentUrl\":\"https:\/\/secure.gravatar.com\/avatar\/d08aa2ce4c8dd416d4479aa8536fcf64?s=96&d=mm&r=g\",\"caption\":\"moacir\"},\"url\":\"https:\/\/franciscanos.org.br\/noticias\/author\/moacir\"}]}<\/script>\n<!-- \/ Yoast SEO plugin. -->","yoast_head_json":{"title":"\"Temos que construir uma civiliza\u00e7\u00e3o que abrace a vida\", diz Mos\u00e9 na Semana de Filosofia Vozes - Not\u00edcias - Franciscanos","robots":{"index":"index","follow":"follow","max-snippet":"max-snippet:-1","max-image-preview":"max-image-preview:large","max-video-preview":"max-video-preview:-1"},"canonical":"https:\/\/franciscanos.org.br\/noticias\/temos-que-construir-uma-civilizacao-que-abrace-a-vida-diz-mose-na-semana-de-filosofia-vozes.html","og_locale":"pt_BR","og_type":"article","og_title":"\"Temos que construir uma civiliza\u00e7\u00e3o que abrace a vida\", diz Mos\u00e9 na Semana de Filosofia Vozes - Not\u00edcias - Franciscanos","og_description":"Semana de Filosofia Vozes","og_url":"https:\/\/franciscanos.org.br\/noticias\/temos-que-construir-uma-civilizacao-que-abrace-a-vida-diz-mose-na-semana-de-filosofia-vozes.html","og_site_name":"Not\u00edcias - Franciscanos","article_published_time":"2020-11-25T20:35:50+00:00","article_modified_time":"2020-11-25T20:43:05+00:00","og_image":[{"width":800,"height":600,"url":"https:\/\/franciscanos.org.br\/noticias\/wp-content\/uploads\/2020\/11\/mose_d.jpg","type":"image\/jpeg"}],"author":"moacir","twitter_card":"summary_large_image","twitter_misc":{"Escrito por":"moacir","Est. tempo de leitura":"7 minutos"},"schema":{"@context":"https:\/\/schema.org","@graph":[{"@type":"WebSite","@id":"https:\/\/franciscanos.org.br\/noticias\/#website","url":"https:\/\/franciscanos.org.br\/noticias\/","name":"Not\u00edcias - Franciscanos","description":"Prov\u00edncia Franciscana da Imaculada Concei\u00e7\u00e3o do Brasil - Ordem dos Frades Menores - OFM","potentialAction":[{"@type":"SearchAction","target":{"@type":"EntryPoint","urlTemplate":"https:\/\/franciscanos.org.br\/noticias\/?s={search_term_string}"},"query-input":"required name=search_term_string"}],"inLanguage":"pt-BR"},{"@type":"ImageObject","inLanguage":"pt-BR","@id":"https:\/\/franciscanos.org.br\/noticias\/temos-que-construir-uma-civilizacao-que-abrace-a-vida-diz-mose-na-semana-de-filosofia-vozes.html#primaryimage","url":"https:\/\/franciscanos.org.br\/noticias\/wp-content\/uploads\/2020\/11\/mose_d.jpg","contentUrl":"https:\/\/franciscanos.org.br\/noticias\/wp-content\/uploads\/2020\/11\/mose_d.jpg","width":800,"height":600},{"@type":"WebPage","@id":"https:\/\/franciscanos.org.br\/noticias\/temos-que-construir-uma-civilizacao-que-abrace-a-vida-diz-mose-na-semana-de-filosofia-vozes.html#webpage","url":"https:\/\/franciscanos.org.br\/noticias\/temos-que-construir-uma-civilizacao-que-abrace-a-vida-diz-mose-na-semana-de-filosofia-vozes.html","name":"\"Temos que construir uma civiliza\u00e7\u00e3o que abrace a vida\", diz Mos\u00e9 na Semana de Filosofia Vozes - Not\u00edcias - Franciscanos","isPartOf":{"@id":"https:\/\/franciscanos.org.br\/noticias\/#website"},"primaryImageOfPage":{"@id":"https:\/\/franciscanos.org.br\/noticias\/temos-que-construir-uma-civilizacao-que-abrace-a-vida-diz-mose-na-semana-de-filosofia-vozes.html#primaryimage"},"datePublished":"2020-11-25T20:35:50+00:00","dateModified":"2020-11-25T20:43:05+00:00","author":{"@id":"https:\/\/franciscanos.org.br\/noticias\/#\/schema\/person\/b5c8cba458c330ccff548b056e95a5d4"},"breadcrumb":{"@id":"https:\/\/franciscanos.org.br\/noticias\/temos-que-construir-uma-civilizacao-que-abrace-a-vida-diz-mose-na-semana-de-filosofia-vozes.html#breadcrumb"},"inLanguage":"pt-BR","potentialAction":[{"@type":"ReadAction","target":["https:\/\/franciscanos.org.br\/noticias\/temos-que-construir-uma-civilizacao-que-abrace-a-vida-diz-mose-na-semana-de-filosofia-vozes.html"]}]},{"@type":"BreadcrumbList","@id":"https:\/\/franciscanos.org.br\/noticias\/temos-que-construir-uma-civilizacao-que-abrace-a-vida-diz-mose-na-semana-de-filosofia-vozes.html#breadcrumb","itemListElement":[{"@type":"ListItem","position":1,"name":"Home","item":"https:\/\/franciscanos.org.br\/noticias"},{"@type":"ListItem","position":2,"name":"&#8220;Temos que construir uma civiliza\u00e7\u00e3o que abrace a vida&#8221;, diz Mos\u00e9 na Semana de Filosofia Vozes"}]},{"@type":"Person","@id":"https:\/\/franciscanos.org.br\/noticias\/#\/schema\/person\/b5c8cba458c330ccff548b056e95a5d4","name":"moacir","image":{"@type":"ImageObject","inLanguage":"pt-BR","@id":"https:\/\/franciscanos.org.br\/noticias\/#\/schema\/person\/image\/","url":"https:\/\/secure.gravatar.com\/avatar\/d08aa2ce4c8dd416d4479aa8536fcf64?s=96&d=mm&r=g","contentUrl":"https:\/\/secure.gravatar.com\/avatar\/d08aa2ce4c8dd416d4479aa8536fcf64?s=96&d=mm&r=g","caption":"moacir"},"url":"https:\/\/franciscanos.org.br\/noticias\/author\/moacir"}]}},"_links":{"self":[{"href":"https:\/\/franciscanos.org.br\/noticias\/wp-json\/wp\/v2\/posts\/229503"}],"collection":[{"href":"https:\/\/franciscanos.org.br\/noticias\/wp-json\/wp\/v2\/posts"}],"about":[{"href":"https:\/\/franciscanos.org.br\/noticias\/wp-json\/wp\/v2\/types\/post"}],"author":[{"embeddable":true,"href":"https:\/\/franciscanos.org.br\/noticias\/wp-json\/wp\/v2\/users\/3"}],"replies":[{"embeddable":true,"href":"https:\/\/franciscanos.org.br\/noticias\/wp-json\/wp\/v2\/comments?post=229503"}],"version-history":[{"count":4,"href":"https:\/\/franciscanos.org.br\/noticias\/wp-json\/wp\/v2\/posts\/229503\/revisions"}],"predecessor-version":[{"id":229509,"href":"https:\/\/franciscanos.org.br\/noticias\/wp-json\/wp\/v2\/posts\/229503\/revisions\/229509"}],"wp:featuredmedia":[{"embeddable":true,"href":"https:\/\/franciscanos.org.br\/noticias\/wp-json\/wp\/v2\/media\/229504"}],"wp:attachment":[{"href":"https:\/\/franciscanos.org.br\/noticias\/wp-json\/wp\/v2\/media?parent=229503"}],"wp:term":[{"taxonomy":"category","embeddable":true,"href":"https:\/\/franciscanos.org.br\/noticias\/wp-json\/wp\/v2\/categories?post=229503"},{"taxonomy":"post_tag","embeddable":true,"href":"https:\/\/franciscanos.org.br\/noticias\/wp-json\/wp\/v2\/tags?post=229503"}],"curies":[{"name":"wp","href":"https:\/\/api.w.org\/{rel}","templated":true}]}}