{"id":229492,"date":"2020-11-24T15:56:02","date_gmt":"2020-11-24T18:56:02","guid":{"rendered":"https:\/\/franciscanos.org.br\/noticias\/?p=229492"},"modified":"2020-11-24T16:04:35","modified_gmt":"2020-11-24T19:04:35","slug":"acolher-antes-de-exigir-a-licao-do-primeiro-dia-da-semana-de-filosofia-vozes","status":"publish","type":"post","link":"https:\/\/franciscanos.org.br\/noticias\/acolher-antes-de-exigir-a-licao-do-primeiro-dia-da-semana-de-filosofia-vozes.html","title":{"rendered":"&#8220;Acolher antes de exigir&#8221;, a li\u00e7\u00e3o do primeiro dia da Semana de Filosofia Vozes"},"content":{"rendered":"<p><img loading=\"lazy\" class=\"alignnone size-full wp-image-229493\" src=\"https:\/\/franciscanos.org.br\/noticias\/wp-content\/uploads\/2020\/11\/vozes_24.jpg\" alt=\"\" width=\"1280\" height=\"720\" srcset=\"https:\/\/franciscanos.org.br\/noticias\/wp-content\/uploads\/2020\/11\/vozes_24.jpg 1280w, https:\/\/franciscanos.org.br\/noticias\/wp-content\/uploads\/2020\/11\/vozes_24-450x253.jpg 450w, https:\/\/franciscanos.org.br\/noticias\/wp-content\/uploads\/2020\/11\/vozes_24-1024x576.jpg 1024w, https:\/\/franciscanos.org.br\/noticias\/wp-content\/uploads\/2020\/11\/vozes_24-768x432.jpg 768w, https:\/\/franciscanos.org.br\/noticias\/wp-content\/uploads\/2020\/11\/vozes_24-150x84.jpg 150w\" sizes=\"(max-width: 1280px) 100vw, 1280px\" \/><\/p>\n<p>Os professores Lu\u00eds Mauro S\u00e1 Martino (C\u00e1sper L\u00edbero) e \u00c2ngela Cristina Salgueiro Marques (Universidade Federal de Minas Gerais \u2013 UFMG), abriram nesta segunda-feira, \u00e0s 18 horas, a Semana de Filosofia Vozes, que vai at\u00e9 sexta-feira (27), no canal Youtube da Editora.<\/p>\n<p>Dessa parceria, com lugar de destaque no cat\u00e1logo de Filosofia Contempor\u00e2nea da Vozes,\u00a0\u00a0 nasceu &#8220;No Caos Da Conviv\u00eancia &#8211; ideias pr\u00e1ticas sobre a arte de lidar com os outros&#8221;, um livro que traz provoca\u00e7\u00f5es para pensarmos em como podemos melhorar a conviv\u00eancia com os outros em sociedade.<\/p>\n<p>Lu\u00eds Mauro, que \u00e9 doutor em Ci\u00eancias Sociais pela PUC-SP e professor do programa de P\u00f3s-gradua\u00e7\u00e3o em Comunica\u00e7\u00e3o da Faculdade C\u00e1sper L\u00edbero, contou que j\u00e1 se v\u00e3o 10 anos de produ\u00e7\u00e3o conjunta com Angela e que acabou virando uma amizade de as fam\u00edlias deles se conhecerem. Angela \u00e9 doutora em Comunica\u00e7\u00e3o pela Universidade Federal de Minas Gerais, onde leciona no Programa de P\u00f3s-gradua\u00e7\u00e3o em Comunica\u00e7\u00e3o. &#8220;Trabalhamos juntos na Faculdade C\u00e1sper L\u00edbero, em 2010, come\u00e7amos a desenvolver pesquisas sobre comunica\u00e7\u00e3o e rela\u00e7\u00f5es sociais&#8221;, contou.<\/p>\n<p>Segundo o professor, esse livro nasceu de um convite de Aline dos Santos Carneiro, da Editora Vozes, que sugeriu escrever sobre os v\u00e1rios aspectos das rela\u00e7\u00f5es entre as pessoas, mas numa linguagem que n\u00e3o fosse acad\u00eamica, mas aberta. &#8220;Ent\u00e3o, foi um desafio para Angela e para mim &#8211; n\u00f3s que somos professores &#8211; fazer um livro tratando de um tema do cotidiano da conviv\u00eancia&#8221;, disse.<\/p>\n<p>Nat\u00e1lia Fran\u00e7a conduziu esse momento especial. Na sua primeira coloca\u00e7\u00e3o, pediu aos autores que falassem do tema do primeiro cap\u00edtulo: &#8220;Acolher antes de exigir&#8221;.<\/p>\n<p>Para Lu\u00eds, parece ser parte da cultura humana classificar o outro de acordo com nossas categorias. &#8220;N\u00f3s, muitas vezes no dia a dia, exigimos que o outro se torne aquilo que a gente quer; a gente exige que o outro seja aquilo que n\u00f3s queremos e o contr\u00e1rio tamb\u00e9m acontece. \u00c0s vezes a gente vive num relacionamento onde n\u00e3o somos n\u00f3s. A gente vive apenas aquilo que o outro quer que a gente seja. Isso a m\u00e9dio prazo \u00e9 terr\u00edvel. Porque a gente n\u00e3o vive uma vida aut\u00eantica, n\u00e3o vive uma vida nossa. A gente acaba vivendo para o outro ou fazendo com que o outro viva para n\u00f3s&#8221;, explicou o professor.<\/p>\n<p>Para Angela, &#8220;viver achando que outro vai preencher todas as lacunas, ter todas as respostas, ser aquilo que espero&#8221;, \u00e9 carregar demais as expectativas. &#8220;E essas expectativas s\u00e3o moldadas de fora. S\u00e3o impostas para n\u00f3s. Por isso \u00e9 importante nos conhecermos: as condi\u00e7\u00f5es em que vivemos, o que esperamos, quem somos e n\u00e3o a imposi\u00e7\u00e3o feita de fora. Grande fonte de sofrimento hoje \u00e9 a pessoa se adequar a um modelo pr\u00e9-fabricado&#8221;, observou.<\/p>\n<p>Outro tema de um cap\u00edtulo do livro foi a empatia. &#8220;A gente fala empatia como &#8216;se colocar no lugar do outro&#8217;. Mas isso cria um problema fundamental. Como se colocar no lugar do outro se voc\u00ea n\u00e3o \u00e9, nem poder ser, o outro?&#8221;, questionou o professor.<\/p>\n<p>Segundo ele, Edith Stein entende a empatia como uma atitude, uma a\u00e7\u00e3o &#8211; ela chega a transformar o substantivo no verbo &#8220;empatizar&#8221;. \u00c9 o fundamento da rela\u00e7\u00e3o com outras pessoas. &#8220;Para saber o que o outro est\u00e1 sentindo \u00e9 necess\u00e1rio em primeiro lugar que eu tenha meu pr\u00f3prio conhecimento da experi\u00eancia do outro&#8221;, disse.<\/p>\n<p>Para ele, nada impede de sentir com o outro. &#8220;Estou ao lado, mas n\u00e3o &#8216;no lugar&#8217; de algu\u00e9m que n\u00e3o sou eu. Eu n\u00e3o fico feliz no lugar dele. Isso seria inaut\u00eantico. Eu fico feliz junto&#8221;, explicou.<\/p>\n<p>Falando desses temas de conviv\u00eancia na internet, Lu\u00eds lembrou que a intoler\u00e2ncia n\u00e3o est\u00e1 na internet, ela est\u00e1 na sociedade; o \u00f3dio n\u00e3o est\u00e1 na internet, ele est\u00e1 na sociedade.<\/p>\n<p>Sobre a &#8220;comunica\u00e7\u00e3o como encontro&#8221;, Angela disse que primeira condi\u00e7\u00e3o para o encontro \u00e9 a abertura. &#8220;Eu costumo dizer que h\u00e1 uma s\u00e9rie de palavrinhas para isso que come\u00e7am com a letra a: abertura, acolhimento, aproxima\u00e7\u00e3o e avizinhamento. Elas se entrela\u00e7am mas n\u00e3o se confundem uma com a outra. Eu posso estar aberto a recepcionar o diferente, mas eu posso me fechar no momento em que eu tenho que acolher e me aproximar. Ent\u00e3o, \u00e9 uma s\u00e9rie de exerc\u00edcios de chegar perto e distanciar. Ent\u00e3o, o encontro, muitas vezes n\u00e3o \u00e9 agrad\u00e1vel ou prazeroso.\u00a0 \u00c0s vezes, conflitivo e violento. O importante \u00e9 como n\u00f3s vamos modelar essas aproxima\u00e7\u00f5es e distanciamentos. Eu n\u00e3o posso confundir o outro e nem me confundir com ele. Mas eu tamb\u00e9m n\u00e3o posso deixar de construir um terreno que n\u00f3s possamos nos encontrar e depois nos despedir, porque cada um vai vivenciar sua trajet\u00f3ria, seu universo de uma maneira. Mas \u00e9 preciso construir esse lugar em comum&#8221;, disse a professora.<\/p>\n<p>A comunica\u00e7\u00e3o, segundo os autores, s\u00f3 \u00e9 poss\u00edvel quando h\u00e1 algo novo, de diferente, a ser dito. Quando n\u00e3o h\u00e1 diferen\u00e7a, n\u00e3o h\u00e1 novidade, apenas repeti\u00e7\u00e3o: a comunica\u00e7\u00e3o, perde seu interesse, sua din\u00e2mica, reduzida a um \u00fanico tom &#8211; fica mon\u00f3tona.<\/p>\n<p>&#8220;A comunica\u00e7\u00e3o \u00e9 um processo bonito, que leva tempo. \u00c9 um processo que exige duas coisas que a gente n\u00e3o tem quase hoje em dia: aten\u00e7\u00e3o e escuta. Aten\u00e7\u00e3o \u00e9 o bem mais precioso que a gente tenha, porque, vamos combinar, que nas redes sociais a gente fala muito e escuta pouco. A gente posta muito e n\u00e3o presta aten\u00e7\u00e3o no outro&#8221;, explicou Lu\u00eds.<\/p>\n<p>A comunica\u00e7\u00e3o tem outro aspecto. Como o pr\u00f3prio nome diz, &#8220;communicare&#8221;, criar algo em comum. Esse algo em comum precisa de uma abertura m\u00fatua. O outro \u00e0s vezes n\u00e3o est\u00e1 a fim, n\u00e3o vai rolar. N\u00e3o d\u00e1 para voc\u00ea for\u00e7ar uma comunica\u00e7\u00e3o.<\/p>\n<p>Outro aspecto, segundo Lu\u00eds, \u00e9 que a comunica\u00e7\u00e3o trabalha que voc\u00ea veja o outro, o jeito que ele \u00e9. A comunica\u00e7\u00e3o n\u00e3o \u00e9 um meio, \u00e9 um fim. Por qu\u00ea? Por duas raz\u00f5es: Eu tenho que viver com os outros. Mas no mundo de hoje, a gente esquece que essa rela\u00e7\u00e3o \u00e9 um dos pontos que nos torna humanos. Se o outro n\u00e3o corresponde ao que quero, troco.<\/p>\n<p>&#8220;N\u00f3s, enquanto professores e pesquisadores, a gente nunca se coloca na posi\u00e7\u00e3o de sabe tudo. A quest\u00e3o \u00e9 que a gente est\u00e1 sempre aprendendo. Com nossos alunos, com quem caminha conosco, ao longo da vida, no dia a dia&#8221;, disse Angela.<\/p>\n<p>&#8220;O conhecimento nasce do n\u00e3o saber&#8221;, lembrou o professor.<\/p>\n<hr \/>\n<p><strong>PROGRAME-SE<\/strong><\/p>\n<p><strong>23 de novembro<\/strong><br \/>\n\u201cNo caos da conviv\u00eancia: a filosofia e a arte de viver com os outros\u201d<br \/>\nCom os autores\u00a0<strong>\u00c2ngela Salgueiro Marques<\/strong>\u00a0e\u00a0<strong>Lu\u00eds Mauro S\u00e1 Martino<\/strong><br \/>\n\u00c0s 18h<br \/>\nNo canal da Editora Vozes: youtube.com\/editoravozes<\/p>\n<p><strong>24 de novembro<\/strong><br \/>\n\u201cNietzsche e as grandes quest\u00f5es da atualidade\u201d<br \/>\nCom a autora\u00a0<strong>Viviane Mos\u00e9<\/strong><br \/>\n\u00c0s 18h<br \/>\nNo canal da Editora Vozes: youtube.com\/editoravozes<\/p>\n<p><strong>25 de novembro<\/strong><br \/>\n\u201cA sociedade do cansa\u00e7o em Byung-Chul Han\u201d<br \/>\nCom o fil\u00f3sofo\u00a0<strong>Lucas Machado<\/strong><br \/>\n\u00c0s 18h<br \/>\nNo canal da Editora Vozes: youtube.com\/editoravozes<\/p>\n<p><strong>26 de novembro<\/strong><br \/>\n\u201cA Vida que Vale a Pena Ser Vivida\u201d<br \/>\nCom o autor\u00a0<strong>Cl\u00f3vis de Barros Filho<\/strong><br \/>\n\u00c0s 18hNo canal da Editora Vozes: youtube.com\/editoravozes<\/p>\n<p><strong>27 de novembro<\/strong><br \/>\n\u201cA vida para al\u00e9m de si mesma: ningu\u00e9m \u00e9 insubstitu\u00edvel?\u201d<br \/>\nCom o autor\u00a0<strong>Mario Sergio Cortella<\/strong><br \/>\n\u00c0s 18hNo canal da Editora Vozes: youtube.com\/editoravozes<\/p>\n<p>A<em>dquira as obras dos autores no site: www.livrariavozes.com.br<\/em><\/p>\n<p>&nbsp;<\/p>\n","protected":false},"excerpt":{"rendered":"<p>Semana de Filosofia Vozes<\/p>\n","protected":false},"author":3,"featured_media":229494,"comment_status":"open","ping_status":"open","sticky":false,"template":"","format":"standard","meta":[],"categories":[1],"tags":[238],"acf":[],"yoast_head":"<!-- This site is optimized with the Yoast SEO plugin v19.2 - https:\/\/yoast.com\/wordpress\/plugins\/seo\/ -->\n<title>&quot;Acolher antes de exigir&quot;, a li\u00e7\u00e3o do primeiro dia da Semana de Filosofia Vozes - Not\u00edcias - Franciscanos<\/title>\n<meta name=\"robots\" content=\"index, follow, max-snippet:-1, max-image-preview:large, max-video-preview:-1\" \/>\n<link rel=\"canonical\" href=\"https:\/\/franciscanos.org.br\/noticias\/acolher-antes-de-exigir-a-licao-do-primeiro-dia-da-semana-de-filosofia-vozes.html\" \/>\n<meta property=\"og:locale\" content=\"pt_BR\" \/>\n<meta property=\"og:type\" content=\"article\" \/>\n<meta property=\"og:title\" content=\"&quot;Acolher antes de exigir&quot;, a li\u00e7\u00e3o do primeiro dia da Semana de Filosofia Vozes - Not\u00edcias - Franciscanos\" \/>\n<meta property=\"og:description\" content=\"Semana de Filosofia Vozes\" \/>\n<meta property=\"og:url\" content=\"https:\/\/franciscanos.org.br\/noticias\/acolher-antes-de-exigir-a-licao-do-primeiro-dia-da-semana-de-filosofia-vozes.html\" \/>\n<meta property=\"og:site_name\" content=\"Not\u00edcias - Franciscanos\" \/>\n<meta property=\"article:published_time\" content=\"2020-11-24T18:56:02+00:00\" \/>\n<meta property=\"article:modified_time\" content=\"2020-11-24T19:04:35+00:00\" \/>\n<meta property=\"og:image\" content=\"https:\/\/franciscanos.org.br\/noticias\/wp-content\/uploads\/2020\/11\/vozes_24d.jpg\" \/>\n\t<meta property=\"og:image:width\" content=\"800\" \/>\n\t<meta property=\"og:image:height\" content=\"600\" \/>\n\t<meta property=\"og:image:type\" content=\"image\/jpeg\" \/>\n<meta name=\"author\" content=\"moacir\" \/>\n<meta name=\"twitter:card\" content=\"summary_large_image\" \/>\n<meta name=\"twitter:label1\" content=\"Escrito por\" \/>\n\t<meta name=\"twitter:data1\" content=\"moacir\" \/>\n\t<meta name=\"twitter:label2\" content=\"Est. tempo de leitura\" \/>\n\t<meta name=\"twitter:data2\" content=\"7 minutos\" \/>\n<script type=\"application\/ld+json\" class=\"yoast-schema-graph\">{\"@context\":\"https:\/\/schema.org\",\"@graph\":[{\"@type\":\"WebSite\",\"@id\":\"https:\/\/franciscanos.org.br\/noticias\/#website\",\"url\":\"https:\/\/franciscanos.org.br\/noticias\/\",\"name\":\"Not\u00edcias - Franciscanos\",\"description\":\"Prov\u00edncia Franciscana da Imaculada Concei\u00e7\u00e3o do Brasil - Ordem dos Frades Menores - OFM\",\"potentialAction\":[{\"@type\":\"SearchAction\",\"target\":{\"@type\":\"EntryPoint\",\"urlTemplate\":\"https:\/\/franciscanos.org.br\/noticias\/?s={search_term_string}\"},\"query-input\":\"required name=search_term_string\"}],\"inLanguage\":\"pt-BR\"},{\"@type\":\"ImageObject\",\"inLanguage\":\"pt-BR\",\"@id\":\"https:\/\/franciscanos.org.br\/noticias\/acolher-antes-de-exigir-a-licao-do-primeiro-dia-da-semana-de-filosofia-vozes.html#primaryimage\",\"url\":\"https:\/\/franciscanos.org.br\/noticias\/wp-content\/uploads\/2020\/11\/vozes_24d.jpg\",\"contentUrl\":\"https:\/\/franciscanos.org.br\/noticias\/wp-content\/uploads\/2020\/11\/vozes_24d.jpg\",\"width\":800,\"height\":600},{\"@type\":\"WebPage\",\"@id\":\"https:\/\/franciscanos.org.br\/noticias\/acolher-antes-de-exigir-a-licao-do-primeiro-dia-da-semana-de-filosofia-vozes.html#webpage\",\"url\":\"https:\/\/franciscanos.org.br\/noticias\/acolher-antes-de-exigir-a-licao-do-primeiro-dia-da-semana-de-filosofia-vozes.html\",\"name\":\"\\\"Acolher antes de exigir\\\", a li\u00e7\u00e3o do primeiro dia da Semana de Filosofia Vozes - Not\u00edcias - Franciscanos\",\"isPartOf\":{\"@id\":\"https:\/\/franciscanos.org.br\/noticias\/#website\"},\"primaryImageOfPage\":{\"@id\":\"https:\/\/franciscanos.org.br\/noticias\/acolher-antes-de-exigir-a-licao-do-primeiro-dia-da-semana-de-filosofia-vozes.html#primaryimage\"},\"datePublished\":\"2020-11-24T18:56:02+00:00\",\"dateModified\":\"2020-11-24T19:04:35+00:00\",\"author\":{\"@id\":\"https:\/\/franciscanos.org.br\/noticias\/#\/schema\/person\/b5c8cba458c330ccff548b056e95a5d4\"},\"breadcrumb\":{\"@id\":\"https:\/\/franciscanos.org.br\/noticias\/acolher-antes-de-exigir-a-licao-do-primeiro-dia-da-semana-de-filosofia-vozes.html#breadcrumb\"},\"inLanguage\":\"pt-BR\",\"potentialAction\":[{\"@type\":\"ReadAction\",\"target\":[\"https:\/\/franciscanos.org.br\/noticias\/acolher-antes-de-exigir-a-licao-do-primeiro-dia-da-semana-de-filosofia-vozes.html\"]}]},{\"@type\":\"BreadcrumbList\",\"@id\":\"https:\/\/franciscanos.org.br\/noticias\/acolher-antes-de-exigir-a-licao-do-primeiro-dia-da-semana-de-filosofia-vozes.html#breadcrumb\",\"itemListElement\":[{\"@type\":\"ListItem\",\"position\":1,\"name\":\"Home\",\"item\":\"https:\/\/franciscanos.org.br\/noticias\"},{\"@type\":\"ListItem\",\"position\":2,\"name\":\"&#8220;Acolher antes de exigir&#8221;, a li\u00e7\u00e3o do primeiro dia da Semana de Filosofia Vozes\"}]},{\"@type\":\"Person\",\"@id\":\"https:\/\/franciscanos.org.br\/noticias\/#\/schema\/person\/b5c8cba458c330ccff548b056e95a5d4\",\"name\":\"moacir\",\"image\":{\"@type\":\"ImageObject\",\"inLanguage\":\"pt-BR\",\"@id\":\"https:\/\/franciscanos.org.br\/noticias\/#\/schema\/person\/image\/\",\"url\":\"https:\/\/secure.gravatar.com\/avatar\/d08aa2ce4c8dd416d4479aa8536fcf64?s=96&d=mm&r=g\",\"contentUrl\":\"https:\/\/secure.gravatar.com\/avatar\/d08aa2ce4c8dd416d4479aa8536fcf64?s=96&d=mm&r=g\",\"caption\":\"moacir\"},\"url\":\"https:\/\/franciscanos.org.br\/noticias\/author\/moacir\"}]}<\/script>\n<!-- \/ Yoast SEO plugin. -->","yoast_head_json":{"title":"\"Acolher antes de exigir\", a li\u00e7\u00e3o do primeiro dia da Semana de Filosofia Vozes - Not\u00edcias - Franciscanos","robots":{"index":"index","follow":"follow","max-snippet":"max-snippet:-1","max-image-preview":"max-image-preview:large","max-video-preview":"max-video-preview:-1"},"canonical":"https:\/\/franciscanos.org.br\/noticias\/acolher-antes-de-exigir-a-licao-do-primeiro-dia-da-semana-de-filosofia-vozes.html","og_locale":"pt_BR","og_type":"article","og_title":"\"Acolher antes de exigir\", a li\u00e7\u00e3o do primeiro dia da Semana de Filosofia Vozes - Not\u00edcias - Franciscanos","og_description":"Semana de Filosofia Vozes","og_url":"https:\/\/franciscanos.org.br\/noticias\/acolher-antes-de-exigir-a-licao-do-primeiro-dia-da-semana-de-filosofia-vozes.html","og_site_name":"Not\u00edcias - Franciscanos","article_published_time":"2020-11-24T18:56:02+00:00","article_modified_time":"2020-11-24T19:04:35+00:00","og_image":[{"width":800,"height":600,"url":"https:\/\/franciscanos.org.br\/noticias\/wp-content\/uploads\/2020\/11\/vozes_24d.jpg","type":"image\/jpeg"}],"author":"moacir","twitter_card":"summary_large_image","twitter_misc":{"Escrito por":"moacir","Est. tempo de leitura":"7 minutos"},"schema":{"@context":"https:\/\/schema.org","@graph":[{"@type":"WebSite","@id":"https:\/\/franciscanos.org.br\/noticias\/#website","url":"https:\/\/franciscanos.org.br\/noticias\/","name":"Not\u00edcias - Franciscanos","description":"Prov\u00edncia Franciscana da Imaculada Concei\u00e7\u00e3o do Brasil - Ordem dos Frades Menores - OFM","potentialAction":[{"@type":"SearchAction","target":{"@type":"EntryPoint","urlTemplate":"https:\/\/franciscanos.org.br\/noticias\/?s={search_term_string}"},"query-input":"required name=search_term_string"}],"inLanguage":"pt-BR"},{"@type":"ImageObject","inLanguage":"pt-BR","@id":"https:\/\/franciscanos.org.br\/noticias\/acolher-antes-de-exigir-a-licao-do-primeiro-dia-da-semana-de-filosofia-vozes.html#primaryimage","url":"https:\/\/franciscanos.org.br\/noticias\/wp-content\/uploads\/2020\/11\/vozes_24d.jpg","contentUrl":"https:\/\/franciscanos.org.br\/noticias\/wp-content\/uploads\/2020\/11\/vozes_24d.jpg","width":800,"height":600},{"@type":"WebPage","@id":"https:\/\/franciscanos.org.br\/noticias\/acolher-antes-de-exigir-a-licao-do-primeiro-dia-da-semana-de-filosofia-vozes.html#webpage","url":"https:\/\/franciscanos.org.br\/noticias\/acolher-antes-de-exigir-a-licao-do-primeiro-dia-da-semana-de-filosofia-vozes.html","name":"\"Acolher antes de exigir\", a li\u00e7\u00e3o do primeiro dia da Semana de Filosofia Vozes - Not\u00edcias - Franciscanos","isPartOf":{"@id":"https:\/\/franciscanos.org.br\/noticias\/#website"},"primaryImageOfPage":{"@id":"https:\/\/franciscanos.org.br\/noticias\/acolher-antes-de-exigir-a-licao-do-primeiro-dia-da-semana-de-filosofia-vozes.html#primaryimage"},"datePublished":"2020-11-24T18:56:02+00:00","dateModified":"2020-11-24T19:04:35+00:00","author":{"@id":"https:\/\/franciscanos.org.br\/noticias\/#\/schema\/person\/b5c8cba458c330ccff548b056e95a5d4"},"breadcrumb":{"@id":"https:\/\/franciscanos.org.br\/noticias\/acolher-antes-de-exigir-a-licao-do-primeiro-dia-da-semana-de-filosofia-vozes.html#breadcrumb"},"inLanguage":"pt-BR","potentialAction":[{"@type":"ReadAction","target":["https:\/\/franciscanos.org.br\/noticias\/acolher-antes-de-exigir-a-licao-do-primeiro-dia-da-semana-de-filosofia-vozes.html"]}]},{"@type":"BreadcrumbList","@id":"https:\/\/franciscanos.org.br\/noticias\/acolher-antes-de-exigir-a-licao-do-primeiro-dia-da-semana-de-filosofia-vozes.html#breadcrumb","itemListElement":[{"@type":"ListItem","position":1,"name":"Home","item":"https:\/\/franciscanos.org.br\/noticias"},{"@type":"ListItem","position":2,"name":"&#8220;Acolher antes de exigir&#8221;, a li\u00e7\u00e3o do primeiro dia da Semana de Filosofia Vozes"}]},{"@type":"Person","@id":"https:\/\/franciscanos.org.br\/noticias\/#\/schema\/person\/b5c8cba458c330ccff548b056e95a5d4","name":"moacir","image":{"@type":"ImageObject","inLanguage":"pt-BR","@id":"https:\/\/franciscanos.org.br\/noticias\/#\/schema\/person\/image\/","url":"https:\/\/secure.gravatar.com\/avatar\/d08aa2ce4c8dd416d4479aa8536fcf64?s=96&d=mm&r=g","contentUrl":"https:\/\/secure.gravatar.com\/avatar\/d08aa2ce4c8dd416d4479aa8536fcf64?s=96&d=mm&r=g","caption":"moacir"},"url":"https:\/\/franciscanos.org.br\/noticias\/author\/moacir"}]}},"_links":{"self":[{"href":"https:\/\/franciscanos.org.br\/noticias\/wp-json\/wp\/v2\/posts\/229492"}],"collection":[{"href":"https:\/\/franciscanos.org.br\/noticias\/wp-json\/wp\/v2\/posts"}],"about":[{"href":"https:\/\/franciscanos.org.br\/noticias\/wp-json\/wp\/v2\/types\/post"}],"author":[{"embeddable":true,"href":"https:\/\/franciscanos.org.br\/noticias\/wp-json\/wp\/v2\/users\/3"}],"replies":[{"embeddable":true,"href":"https:\/\/franciscanos.org.br\/noticias\/wp-json\/wp\/v2\/comments?post=229492"}],"version-history":[{"count":3,"href":"https:\/\/franciscanos.org.br\/noticias\/wp-json\/wp\/v2\/posts\/229492\/revisions"}],"predecessor-version":[{"id":229497,"href":"https:\/\/franciscanos.org.br\/noticias\/wp-json\/wp\/v2\/posts\/229492\/revisions\/229497"}],"wp:featuredmedia":[{"embeddable":true,"href":"https:\/\/franciscanos.org.br\/noticias\/wp-json\/wp\/v2\/media\/229494"}],"wp:attachment":[{"href":"https:\/\/franciscanos.org.br\/noticias\/wp-json\/wp\/v2\/media?parent=229492"}],"wp:term":[{"taxonomy":"category","embeddable":true,"href":"https:\/\/franciscanos.org.br\/noticias\/wp-json\/wp\/v2\/categories?post=229492"},{"taxonomy":"post_tag","embeddable":true,"href":"https:\/\/franciscanos.org.br\/noticias\/wp-json\/wp\/v2\/tags?post=229492"}],"curies":[{"name":"wp","href":"https:\/\/api.w.org\/{rel}","templated":true}]}}