{"id":229485,"date":"2020-11-23T08:01:25","date_gmt":"2020-11-23T11:01:25","guid":{"rendered":"https:\/\/franciscanos.org.br\/noticias\/?p=229485"},"modified":"2020-11-23T08:03:30","modified_gmt":"2020-11-23T11:03:30","slug":"juventude-franciscana-do-brasil-realiza-jornada-nacional-pelos-direitos-humanos","status":"publish","type":"post","link":"https:\/\/franciscanos.org.br\/noticias\/juventude-franciscana-do-brasil-realiza-jornada-nacional-pelos-direitos-humanos.html","title":{"rendered":"Juventude Franciscana do Brasil realiza Jornada Nacional pelos Direitos Humanos"},"content":{"rendered":"<p><img loading=\"lazy\" class=\"size-full wp-image-229486 alignright\" src=\"https:\/\/franciscanos.org.br\/noticias\/wp-content\/uploads\/2020\/11\/jornada_01.png\" alt=\"\" width=\"450\" height=\"637\" srcset=\"https:\/\/franciscanos.org.br\/noticias\/wp-content\/uploads\/2020\/11\/jornada_01.png 450w, https:\/\/franciscanos.org.br\/noticias\/wp-content\/uploads\/2020\/11\/jornada_01-318x450.png 318w, https:\/\/franciscanos.org.br\/noticias\/wp-content\/uploads\/2020\/11\/jornada_01-150x212.png 150w\" sizes=\"(max-width: 450px) 100vw, 450px\" \/>A Juventude Franciscana do Brasil, atrav\u00e9s da Secretaria Nacional de Direitos Humanos, Justi\u00e7a, Paz e Integridade da Cria\u00e7\u00e3o (DHJUPIC), realiza a 11\u00aa Jornada Franciscana Nacional pelos Direitos Humanos, de 1\u00ba a 10 de dezembro de 2020. Neste ano, por causa da pandemia, os encontros ser\u00e3o <em>on-line<\/em> pelo canal <em>Youtube<\/em> da Jufra.<\/p>\n<p>O tema deste ano \u00e9: &#8220;Mutir\u00e3o pela Vida: por terra, teto e trabalho&#8221;, o mesmo da 6\u00aa Semana Social Brasileira (SSB), tendo como lema: &#8220;Quero ver o direito brotar como fonte e correr a justi\u00e7a qual riacho que n\u00e3o seca&#8221; (Am\u00f3s 5,24). &#8220;Essa tem\u00e1tica \u00e9 comum a todas (os), dada \u00e0 realidade da pandemia da Covid-19 e as consequ\u00eancias p\u00f3s-pandemia, com o aumento da desigualdade, da pobreza e da mis\u00e9ria, ainda mais num contexto conturbado e sombrio como est\u00e1 o Brasil atualmente&#8221;, avaliam Magno Rob\u00e9rio Gon\u00e7alves Almeida, secret\u00e1rio nacional de DHJUPIC e Jos\u00e9 Douglas Soares Cordeiro de Souza, secret\u00e1rio nacional da JUFRA do Brasil.<\/p>\n<p>Segundo comunicado da Jufra, como jovens sentem a mesma inquieta\u00e7\u00e3o de Clara e Francisco de Assis, diante de realidades &#8220;que nos angustiam ao perceber as (os) mais empobrecidas (os), marginalizadas (os), exclu\u00eddas (os) de nosso tempo, a retirada de direitos e desmonte de pol\u00edticas p\u00fablicas&#8221;.<\/p>\n<hr \/>\n<p>\ud83d\udccc <strong>Confira mais informa\u00e7\u00f5es no site<\/strong>: www.jufrabrasil.org<\/p>\n<p>\ud83d\udcda <strong>Acesse a Cartilha completa<\/strong>: <a href=\"https:\/\/cutt.ly\/Xg4Ie29\">https:\/\/cutt.ly\/Xg4Ie29<\/a><\/p>\n","protected":false},"excerpt":{"rendered":"<p>Juventude Franciscana do Brasil<\/p>\n","protected":false},"author":3,"featured_media":229487,"comment_status":"open","ping_status":"open","sticky":false,"template":"","format":"standard","meta":[],"categories":[1],"tags":[187],"acf":[],"yoast_head":"<!-- This site is optimized with the Yoast SEO plugin v19.2 - https:\/\/yoast.com\/wordpress\/plugins\/seo\/ -->\n<title>Juventude Franciscana do Brasil realiza Jornada Nacional pelos Direitos Humanos - Not\u00edcias - Franciscanos<\/title>\n<meta name=\"robots\" content=\"index, follow, max-snippet:-1, max-image-preview:large, max-video-preview:-1\" \/>\n<link rel=\"canonical\" href=\"https:\/\/franciscanos.org.br\/noticias\/juventude-franciscana-do-brasil-realiza-jornada-nacional-pelos-direitos-humanos.html\" \/>\n<meta property=\"og:locale\" content=\"pt_BR\" \/>\n<meta property=\"og:type\" content=\"article\" \/>\n<meta property=\"og:title\" content=\"Juventude Franciscana do Brasil realiza Jornada Nacional pelos Direitos Humanos - Not\u00edcias - Franciscanos\" \/>\n<meta property=\"og:description\" content=\"Juventude Franciscana do Brasil\" \/>\n<meta property=\"og:url\" content=\"https:\/\/franciscanos.org.br\/noticias\/juventude-franciscana-do-brasil-realiza-jornada-nacional-pelos-direitos-humanos.html\" \/>\n<meta property=\"og:site_name\" content=\"Not\u00edcias - Franciscanos\" \/>\n<meta property=\"article:published_time\" content=\"2020-11-23T11:01:25+00:00\" \/>\n<meta property=\"article:modified_time\" content=\"2020-11-23T11:03:30+00:00\" \/>\n<meta property=\"og:image\" content=\"https:\/\/franciscanos.org.br\/noticias\/wp-content\/uploads\/2020\/11\/jornada_01d.png\" \/>\n\t<meta property=\"og:image:width\" content=\"800\" \/>\n\t<meta property=\"og:image:height\" content=\"599\" \/>\n\t<meta property=\"og:image:type\" content=\"image\/png\" \/>\n<meta name=\"author\" content=\"moacir\" \/>\n<meta name=\"twitter:card\" content=\"summary_large_image\" \/>\n<meta name=\"twitter:label1\" content=\"Escrito por\" \/>\n\t<meta name=\"twitter:data1\" content=\"moacir\" \/>\n\t<meta name=\"twitter:label2\" content=\"Est. tempo de leitura\" \/>\n\t<meta name=\"twitter:data2\" content=\"1 minuto\" \/>\n<script type=\"application\/ld+json\" class=\"yoast-schema-graph\">{\"@context\":\"https:\/\/schema.org\",\"@graph\":[{\"@type\":\"WebSite\",\"@id\":\"https:\/\/franciscanos.org.br\/noticias\/#website\",\"url\":\"https:\/\/franciscanos.org.br\/noticias\/\",\"name\":\"Not\u00edcias - Franciscanos\",\"description\":\"Prov\u00edncia Franciscana da Imaculada Concei\u00e7\u00e3o do Brasil - Ordem dos Frades Menores - OFM\",\"potentialAction\":[{\"@type\":\"SearchAction\",\"target\":{\"@type\":\"EntryPoint\",\"urlTemplate\":\"https:\/\/franciscanos.org.br\/noticias\/?s={search_term_string}\"},\"query-input\":\"required name=search_term_string\"}],\"inLanguage\":\"pt-BR\"},{\"@type\":\"ImageObject\",\"inLanguage\":\"pt-BR\",\"@id\":\"https:\/\/franciscanos.org.br\/noticias\/juventude-franciscana-do-brasil-realiza-jornada-nacional-pelos-direitos-humanos.html#primaryimage\",\"url\":\"https:\/\/franciscanos.org.br\/noticias\/wp-content\/uploads\/2020\/11\/jornada_01d.png\",\"contentUrl\":\"https:\/\/franciscanos.org.br\/noticias\/wp-content\/uploads\/2020\/11\/jornada_01d.png\",\"width\":800,\"height\":599},{\"@type\":\"WebPage\",\"@id\":\"https:\/\/franciscanos.org.br\/noticias\/juventude-franciscana-do-brasil-realiza-jornada-nacional-pelos-direitos-humanos.html#webpage\",\"url\":\"https:\/\/franciscanos.org.br\/noticias\/juventude-franciscana-do-brasil-realiza-jornada-nacional-pelos-direitos-humanos.html\",\"name\":\"Juventude Franciscana do Brasil realiza Jornada Nacional pelos Direitos Humanos - Not\u00edcias - Franciscanos\",\"isPartOf\":{\"@id\":\"https:\/\/franciscanos.org.br\/noticias\/#website\"},\"primaryImageOfPage\":{\"@id\":\"https:\/\/franciscanos.org.br\/noticias\/juventude-franciscana-do-brasil-realiza-jornada-nacional-pelos-direitos-humanos.html#primaryimage\"},\"datePublished\":\"2020-11-23T11:01:25+00:00\",\"dateModified\":\"2020-11-23T11:03:30+00:00\",\"author\":{\"@id\":\"https:\/\/franciscanos.org.br\/noticias\/#\/schema\/person\/b5c8cba458c330ccff548b056e95a5d4\"},\"breadcrumb\":{\"@id\":\"https:\/\/franciscanos.org.br\/noticias\/juventude-franciscana-do-brasil-realiza-jornada-nacional-pelos-direitos-humanos.html#breadcrumb\"},\"inLanguage\":\"pt-BR\",\"potentialAction\":[{\"@type\":\"ReadAction\",\"target\":[\"https:\/\/franciscanos.org.br\/noticias\/juventude-franciscana-do-brasil-realiza-jornada-nacional-pelos-direitos-humanos.html\"]}]},{\"@type\":\"BreadcrumbList\",\"@id\":\"https:\/\/franciscanos.org.br\/noticias\/juventude-franciscana-do-brasil-realiza-jornada-nacional-pelos-direitos-humanos.html#breadcrumb\",\"itemListElement\":[{\"@type\":\"ListItem\",\"position\":1,\"name\":\"Home\",\"item\":\"https:\/\/franciscanos.org.br\/noticias\"},{\"@type\":\"ListItem\",\"position\":2,\"name\":\"Juventude Franciscana do Brasil realiza Jornada Nacional pelos Direitos Humanos\"}]},{\"@type\":\"Person\",\"@id\":\"https:\/\/franciscanos.org.br\/noticias\/#\/schema\/person\/b5c8cba458c330ccff548b056e95a5d4\",\"name\":\"moacir\",\"image\":{\"@type\":\"ImageObject\",\"inLanguage\":\"pt-BR\",\"@id\":\"https:\/\/franciscanos.org.br\/noticias\/#\/schema\/person\/image\/\",\"url\":\"https:\/\/secure.gravatar.com\/avatar\/d08aa2ce4c8dd416d4479aa8536fcf64?s=96&d=mm&r=g\",\"contentUrl\":\"https:\/\/secure.gravatar.com\/avatar\/d08aa2ce4c8dd416d4479aa8536fcf64?s=96&d=mm&r=g\",\"caption\":\"moacir\"},\"url\":\"https:\/\/franciscanos.org.br\/noticias\/author\/moacir\"}]}<\/script>\n<!-- \/ Yoast SEO plugin. -->","yoast_head_json":{"title":"Juventude Franciscana do Brasil realiza Jornada Nacional pelos Direitos Humanos - Not\u00edcias - Franciscanos","robots":{"index":"index","follow":"follow","max-snippet":"max-snippet:-1","max-image-preview":"max-image-preview:large","max-video-preview":"max-video-preview:-1"},"canonical":"https:\/\/franciscanos.org.br\/noticias\/juventude-franciscana-do-brasil-realiza-jornada-nacional-pelos-direitos-humanos.html","og_locale":"pt_BR","og_type":"article","og_title":"Juventude Franciscana do Brasil realiza Jornada Nacional pelos Direitos Humanos - Not\u00edcias - Franciscanos","og_description":"Juventude Franciscana do Brasil","og_url":"https:\/\/franciscanos.org.br\/noticias\/juventude-franciscana-do-brasil-realiza-jornada-nacional-pelos-direitos-humanos.html","og_site_name":"Not\u00edcias - Franciscanos","article_published_time":"2020-11-23T11:01:25+00:00","article_modified_time":"2020-11-23T11:03:30+00:00","og_image":[{"width":800,"height":599,"url":"https:\/\/franciscanos.org.br\/noticias\/wp-content\/uploads\/2020\/11\/jornada_01d.png","type":"image\/png"}],"author":"moacir","twitter_card":"summary_large_image","twitter_misc":{"Escrito por":"moacir","Est. tempo de leitura":"1 minuto"},"schema":{"@context":"https:\/\/schema.org","@graph":[{"@type":"WebSite","@id":"https:\/\/franciscanos.org.br\/noticias\/#website","url":"https:\/\/franciscanos.org.br\/noticias\/","name":"Not\u00edcias - Franciscanos","description":"Prov\u00edncia Franciscana da Imaculada Concei\u00e7\u00e3o do Brasil - Ordem dos Frades Menores - OFM","potentialAction":[{"@type":"SearchAction","target":{"@type":"EntryPoint","urlTemplate":"https:\/\/franciscanos.org.br\/noticias\/?s={search_term_string}"},"query-input":"required name=search_term_string"}],"inLanguage":"pt-BR"},{"@type":"ImageObject","inLanguage":"pt-BR","@id":"https:\/\/franciscanos.org.br\/noticias\/juventude-franciscana-do-brasil-realiza-jornada-nacional-pelos-direitos-humanos.html#primaryimage","url":"https:\/\/franciscanos.org.br\/noticias\/wp-content\/uploads\/2020\/11\/jornada_01d.png","contentUrl":"https:\/\/franciscanos.org.br\/noticias\/wp-content\/uploads\/2020\/11\/jornada_01d.png","width":800,"height":599},{"@type":"WebPage","@id":"https:\/\/franciscanos.org.br\/noticias\/juventude-franciscana-do-brasil-realiza-jornada-nacional-pelos-direitos-humanos.html#webpage","url":"https:\/\/franciscanos.org.br\/noticias\/juventude-franciscana-do-brasil-realiza-jornada-nacional-pelos-direitos-humanos.html","name":"Juventude Franciscana do Brasil realiza Jornada Nacional pelos Direitos Humanos - Not\u00edcias - Franciscanos","isPartOf":{"@id":"https:\/\/franciscanos.org.br\/noticias\/#website"},"primaryImageOfPage":{"@id":"https:\/\/franciscanos.org.br\/noticias\/juventude-franciscana-do-brasil-realiza-jornada-nacional-pelos-direitos-humanos.html#primaryimage"},"datePublished":"2020-11-23T11:01:25+00:00","dateModified":"2020-11-23T11:03:30+00:00","author":{"@id":"https:\/\/franciscanos.org.br\/noticias\/#\/schema\/person\/b5c8cba458c330ccff548b056e95a5d4"},"breadcrumb":{"@id":"https:\/\/franciscanos.org.br\/noticias\/juventude-franciscana-do-brasil-realiza-jornada-nacional-pelos-direitos-humanos.html#breadcrumb"},"inLanguage":"pt-BR","potentialAction":[{"@type":"ReadAction","target":["https:\/\/franciscanos.org.br\/noticias\/juventude-franciscana-do-brasil-realiza-jornada-nacional-pelos-direitos-humanos.html"]}]},{"@type":"BreadcrumbList","@id":"https:\/\/franciscanos.org.br\/noticias\/juventude-franciscana-do-brasil-realiza-jornada-nacional-pelos-direitos-humanos.html#breadcrumb","itemListElement":[{"@type":"ListItem","position":1,"name":"Home","item":"https:\/\/franciscanos.org.br\/noticias"},{"@type":"ListItem","position":2,"name":"Juventude Franciscana do Brasil realiza Jornada Nacional pelos Direitos Humanos"}]},{"@type":"Person","@id":"https:\/\/franciscanos.org.br\/noticias\/#\/schema\/person\/b5c8cba458c330ccff548b056e95a5d4","name":"moacir","image":{"@type":"ImageObject","inLanguage":"pt-BR","@id":"https:\/\/franciscanos.org.br\/noticias\/#\/schema\/person\/image\/","url":"https:\/\/secure.gravatar.com\/avatar\/d08aa2ce4c8dd416d4479aa8536fcf64?s=96&d=mm&r=g","contentUrl":"https:\/\/secure.gravatar.com\/avatar\/d08aa2ce4c8dd416d4479aa8536fcf64?s=96&d=mm&r=g","caption":"moacir"},"url":"https:\/\/franciscanos.org.br\/noticias\/author\/moacir"}]}},"_links":{"self":[{"href":"https:\/\/franciscanos.org.br\/noticias\/wp-json\/wp\/v2\/posts\/229485"}],"collection":[{"href":"https:\/\/franciscanos.org.br\/noticias\/wp-json\/wp\/v2\/posts"}],"about":[{"href":"https:\/\/franciscanos.org.br\/noticias\/wp-json\/wp\/v2\/types\/post"}],"author":[{"embeddable":true,"href":"https:\/\/franciscanos.org.br\/noticias\/wp-json\/wp\/v2\/users\/3"}],"replies":[{"embeddable":true,"href":"https:\/\/franciscanos.org.br\/noticias\/wp-json\/wp\/v2\/comments?post=229485"}],"version-history":[{"count":4,"href":"https:\/\/franciscanos.org.br\/noticias\/wp-json\/wp\/v2\/posts\/229485\/revisions"}],"predecessor-version":[{"id":229491,"href":"https:\/\/franciscanos.org.br\/noticias\/wp-json\/wp\/v2\/posts\/229485\/revisions\/229491"}],"wp:featuredmedia":[{"embeddable":true,"href":"https:\/\/franciscanos.org.br\/noticias\/wp-json\/wp\/v2\/media\/229487"}],"wp:attachment":[{"href":"https:\/\/franciscanos.org.br\/noticias\/wp-json\/wp\/v2\/media?parent=229485"}],"wp:term":[{"taxonomy":"category","embeddable":true,"href":"https:\/\/franciscanos.org.br\/noticias\/wp-json\/wp\/v2\/categories?post=229485"},{"taxonomy":"post_tag","embeddable":true,"href":"https:\/\/franciscanos.org.br\/noticias\/wp-json\/wp\/v2\/tags?post=229485"}],"curies":[{"name":"wp","href":"https:\/\/api.w.org\/{rel}","templated":true}]}}