{"id":229461,"date":"2020-11-19T08:19:37","date_gmt":"2020-11-19T11:19:37","guid":{"rendered":"https:\/\/franciscanos.org.br\/noticias\/?p=229461"},"modified":"2020-11-19T08:20:50","modified_gmt":"2020-11-19T11:20:50","slug":"papa-aos-passionistas-ajudem-os-crucificados-da-historia","status":"publish","type":"post","link":"https:\/\/franciscanos.org.br\/noticias\/papa-aos-passionistas-ajudem-os-crucificados-da-historia.html","title":{"rendered":"Papa aos Passionistas: \u201cAjudem os crucificados da hist\u00f3ria\u201d"},"content":{"rendered":"<div class=\"article__text \">\n<p><img loading=\"lazy\" class=\"alignnone size-full wp-image-229462\" src=\"https:\/\/franciscanos.org.br\/noticias\/wp-content\/uploads\/2020\/11\/passionista.jpg\" alt=\"\" width=\"1280\" height=\"720\" srcset=\"https:\/\/franciscanos.org.br\/noticias\/wp-content\/uploads\/2020\/11\/passionista.jpg 1280w, https:\/\/franciscanos.org.br\/noticias\/wp-content\/uploads\/2020\/11\/passionista-450x253.jpg 450w, https:\/\/franciscanos.org.br\/noticias\/wp-content\/uploads\/2020\/11\/passionista-1024x576.jpg 1024w, https:\/\/franciscanos.org.br\/noticias\/wp-content\/uploads\/2020\/11\/passionista-768x432.jpg 768w, https:\/\/franciscanos.org.br\/noticias\/wp-content\/uploads\/2020\/11\/passionista-150x84.jpg 150w\" sizes=\"(max-width: 1280px) 100vw, 1280px\" \/><\/p>\n<p>O Papa Francisco enviou uma mensagem por ocasi\u00e3o do III Centen\u00e1rio da Funda\u00e7\u00e3o da Congrega\u00e7\u00e3o da Paix\u00e3o de Jesus Cristo, os Passionistas. A mensagem foi endere\u00e7ada ao Superior Geral o Reverendo Padre Joachim Rego e o Santo Padre inicia recordando que as celebra\u00e7\u00f5es jubilares \u201coferecem a oportunidade de unir-me espiritualmente com sua alegria pelo dom da voca\u00e7\u00e3o recebida para viver e proclamar a mem\u00f3ria da Paix\u00e3o de Cristo, tornando o Mist\u00e9rio Pascal o centro de sua vida\u201d. Em seguida pondera que \u201cpara que o carisma dure \u00e9 necess\u00e1rio faz\u00ea-lo aderir \u00e0s novas exig\u00eancias, mantendo vivo o poder criativo inicial\u201d da Congrega\u00e7\u00e3o.<\/p>\n<p>\u201cEste significativo jubileu \u2013 continua o Papa &#8211; representa uma oportunidade providencial para se lan\u00e7ar em novas metas apost\u00f3licas, sem ceder \u00e0 tenta\u00e7\u00e3o de \u2018deixar as coisas como est\u00e3o\u2019. \u00a0O contato com a Palavra de Deus em ora\u00e7\u00e3o e a leitura dos sinais dos tempos em eventos cotidianos, far\u00e1 com que voc\u00eas possam perceber o sopro criativo do Esp\u00edrito\u201d. \u201cTodos sabemos que vivemos hoje em um mundo onde nada \u00e9 como era antes\u201d, afirma o Papa exortando os Passionistas a \u201cidentificar novos estilos de vida e novas formas de linguagem para anunciar o amor do Crucificado, testemunhando assim o cora\u00e7\u00e3o de sua identidade\u201d.<\/p>\n<h3><b>Gratid\u00e3o, profecia e esperan\u00e7a<\/b><\/h3>\n<p>Francisco recordou que as recentes reflex\u00f5es capitulares da Congrega\u00e7\u00e3o levaram a um compromisso para a \u201crenova\u00e7\u00e3o da miss\u00e3o\u201d focalizando \u201ctr\u00eas percursos: a gratid\u00e3o, a profecia e a esperan\u00e7a\u201d.<\/p>\n<p>Depois de recordar que a gratid\u00e3o dos religiosos \u201c\u00e9 fruto da\u00a0<i>memoria passionais<\/i>\u201d e a profecia \u00e9 \u201cpensar e falar no Esp\u00edrito\u201d aprofunda o tema da esperan\u00e7a que \u00e9 \u201cver na semente que morre a espiga que produz trinta, sessenta, cem por cento. Trata-se de perceber \u2013 continua o Papa &#8211; que em suas comunidades religiosas e paroquiais, cada vez menores, a a\u00e7\u00e3o generativa do Esp\u00edrito continua, o que nos torna certos da miseric\u00f3rdia do Pai que n\u00e3o nos abandona\u201d.<\/p>\n<div>\n<div class=\"article__embed article__embed--border embed_style\">\n<blockquote><p>\u201cA esperan\u00e7a \u00e9 rejubilar pelo que existe, em vez de reclamar do que est\u00e1 faltando. Em qualquer caso, \u2018n\u00e3o se deixem roubar a alegria da evangeliza\u00e7\u00e3o\u2019\u201d<\/p><\/blockquote>\n<\/div>\n<\/div>\n<p>&#8220;Desejo que os membros de seu Instituto possam se sentir &#8220;marcados pelo fogo&#8221; da miss\u00e3o enraizada na\u00a0<i>memoria passionis,\u00a0<\/i>como seu\u00a0Fundador, S\u00e3o Paulo da Cruz, que define a Paix\u00e3o de Jesus como &#8220;a maior e mais bela obra do amor de Deus&#8221;.<\/p>\n<h3><b>Compromisso com os crucificados do nosso tempo<\/b><\/h3>\n<p>E convida os religiosos: \u201cN\u00e3o deixem de focalizar o compromisso de voc\u00eas com as necessidades da humanidade. Que este pedido mission\u00e1rio seja dirigido sobretudo para os crucificados do nosso tempo: os pobres, os fracos, os oprimidos e os rejeitados pelas muitas formas de injusti\u00e7a. A implementa\u00e7\u00e3o desta tarefa exigir\u00e1 de sua parte um esfor\u00e7o sincero de renova\u00e7\u00e3o interior que vem da rela\u00e7\u00e3o pessoal com o Crucificado Ressuscitado. S\u00f3 os crucificados pelo amor, como o foi Jesus na Cruz, s\u00e3o capazes de ajudar os crucificados da hist\u00f3ria com palavras e a\u00e7\u00f5es eficazes\u201d.<\/p>\n<p>E Francisco explica:<\/p>\n<p>\u201cN\u00e3o \u00e9 poss\u00edvel convencer os outros do amor de Deus somente atrav\u00e9s de um an\u00fancio verbal e informativo. Precisamos de gestos concretos que nos fa\u00e7am experimentar esse amor em nosso pr\u00f3prio amor que se doa, compartilhando situa\u00e7\u00f5es crucificadas, mesmo gastando nossas vidas at\u00e9 o fim, deixando claro que entre o an\u00fancio e sua aceita\u00e7\u00e3o na f\u00e9 corre a a\u00e7\u00e3o do Esp\u00edrito Santo\u201d.<\/p>\n<p>Por fim o Papa envia sua b\u00ean\u00e7\u00e3o:<\/p>\n<p>\u201cConfio voc\u00eas \u00e0 M\u00e3e do Crucificado-Ressuscitado, figura da Igreja, e invocando a intercess\u00e3o do seu Fundador, S\u00e3o Paulo da Cruz, e dos Santos e Beatos Passionistas, concedo cordialmente a B\u00ean\u00e7\u00e3o Apost\u00f3lica a toda a fam\u00edlia Passionista\u201d.<\/p>\n<hr \/>\n<p><em>Fonte: Vatican News (texto de Jane Nogara)<\/em><\/p>\n<\/div>\n","protected":false},"excerpt":{"rendered":"<p>III Centen\u00e1rio da Funda\u00e7\u00e3o da Congrega\u00e7\u00e3o da Paix\u00e3o de Jesus Cristo<\/p>\n","protected":false},"author":3,"featured_media":229463,"comment_status":"open","ping_status":"open","sticky":false,"template":"","format":"standard","meta":[],"categories":[1428],"tags":[55,1778],"acf":[],"yoast_head":"<!-- This site is optimized with the Yoast SEO plugin v19.2 - https:\/\/yoast.com\/wordpress\/plugins\/seo\/ -->\n<title>Papa aos Passionistas: \u201cAjudem os crucificados da hist\u00f3ria\u201d - Not\u00edcias - Franciscanos<\/title>\n<meta name=\"robots\" content=\"index, follow, max-snippet:-1, max-image-preview:large, max-video-preview:-1\" \/>\n<link rel=\"canonical\" href=\"https:\/\/franciscanos.org.br\/noticias\/papa-aos-passionistas-ajudem-os-crucificados-da-historia.html\" \/>\n<meta property=\"og:locale\" content=\"pt_BR\" \/>\n<meta property=\"og:type\" content=\"article\" \/>\n<meta property=\"og:title\" content=\"Papa aos Passionistas: \u201cAjudem os crucificados da hist\u00f3ria\u201d - Not\u00edcias - Franciscanos\" \/>\n<meta property=\"og:description\" content=\"III Centen\u00e1rio da Funda\u00e7\u00e3o da Congrega\u00e7\u00e3o da Paix\u00e3o de Jesus Cristo\" \/>\n<meta property=\"og:url\" content=\"https:\/\/franciscanos.org.br\/noticias\/papa-aos-passionistas-ajudem-os-crucificados-da-historia.html\" \/>\n<meta property=\"og:site_name\" content=\"Not\u00edcias - Franciscanos\" \/>\n<meta property=\"article:published_time\" content=\"2020-11-19T11:19:37+00:00\" \/>\n<meta property=\"article:modified_time\" content=\"2020-11-19T11:20:50+00:00\" \/>\n<meta property=\"og:image\" content=\"https:\/\/franciscanos.org.br\/noticias\/wp-content\/uploads\/2020\/11\/passionista_d.jpg\" \/>\n\t<meta property=\"og:image:width\" content=\"800\" \/>\n\t<meta property=\"og:image:height\" content=\"600\" \/>\n\t<meta property=\"og:image:type\" content=\"image\/jpeg\" \/>\n<meta name=\"author\" content=\"moacir\" \/>\n<meta name=\"twitter:card\" content=\"summary_large_image\" \/>\n<meta name=\"twitter:label1\" content=\"Escrito por\" \/>\n\t<meta name=\"twitter:data1\" content=\"moacir\" \/>\n\t<meta name=\"twitter:label2\" content=\"Est. tempo de leitura\" \/>\n\t<meta name=\"twitter:data2\" content=\"3 minutos\" \/>\n<script type=\"application\/ld+json\" class=\"yoast-schema-graph\">{\"@context\":\"https:\/\/schema.org\",\"@graph\":[{\"@type\":\"WebSite\",\"@id\":\"https:\/\/franciscanos.org.br\/noticias\/#website\",\"url\":\"https:\/\/franciscanos.org.br\/noticias\/\",\"name\":\"Not\u00edcias - Franciscanos\",\"description\":\"Prov\u00edncia Franciscana da Imaculada Concei\u00e7\u00e3o do Brasil - Ordem dos Frades Menores - OFM\",\"potentialAction\":[{\"@type\":\"SearchAction\",\"target\":{\"@type\":\"EntryPoint\",\"urlTemplate\":\"https:\/\/franciscanos.org.br\/noticias\/?s={search_term_string}\"},\"query-input\":\"required name=search_term_string\"}],\"inLanguage\":\"pt-BR\"},{\"@type\":\"ImageObject\",\"inLanguage\":\"pt-BR\",\"@id\":\"https:\/\/franciscanos.org.br\/noticias\/papa-aos-passionistas-ajudem-os-crucificados-da-historia.html#primaryimage\",\"url\":\"https:\/\/franciscanos.org.br\/noticias\/wp-content\/uploads\/2020\/11\/passionista_d.jpg\",\"contentUrl\":\"https:\/\/franciscanos.org.br\/noticias\/wp-content\/uploads\/2020\/11\/passionista_d.jpg\",\"width\":800,\"height\":600},{\"@type\":\"WebPage\",\"@id\":\"https:\/\/franciscanos.org.br\/noticias\/papa-aos-passionistas-ajudem-os-crucificados-da-historia.html#webpage\",\"url\":\"https:\/\/franciscanos.org.br\/noticias\/papa-aos-passionistas-ajudem-os-crucificados-da-historia.html\",\"name\":\"Papa aos Passionistas: \u201cAjudem os crucificados da hist\u00f3ria\u201d - Not\u00edcias - Franciscanos\",\"isPartOf\":{\"@id\":\"https:\/\/franciscanos.org.br\/noticias\/#website\"},\"primaryImageOfPage\":{\"@id\":\"https:\/\/franciscanos.org.br\/noticias\/papa-aos-passionistas-ajudem-os-crucificados-da-historia.html#primaryimage\"},\"datePublished\":\"2020-11-19T11:19:37+00:00\",\"dateModified\":\"2020-11-19T11:20:50+00:00\",\"author\":{\"@id\":\"https:\/\/franciscanos.org.br\/noticias\/#\/schema\/person\/b5c8cba458c330ccff548b056e95a5d4\"},\"breadcrumb\":{\"@id\":\"https:\/\/franciscanos.org.br\/noticias\/papa-aos-passionistas-ajudem-os-crucificados-da-historia.html#breadcrumb\"},\"inLanguage\":\"pt-BR\",\"potentialAction\":[{\"@type\":\"ReadAction\",\"target\":[\"https:\/\/franciscanos.org.br\/noticias\/papa-aos-passionistas-ajudem-os-crucificados-da-historia.html\"]}]},{\"@type\":\"BreadcrumbList\",\"@id\":\"https:\/\/franciscanos.org.br\/noticias\/papa-aos-passionistas-ajudem-os-crucificados-da-historia.html#breadcrumb\",\"itemListElement\":[{\"@type\":\"ListItem\",\"position\":1,\"name\":\"Home\",\"item\":\"https:\/\/franciscanos.org.br\/noticias\"},{\"@type\":\"ListItem\",\"position\":2,\"name\":\"Papa aos Passionistas: \u201cAjudem os crucificados da hist\u00f3ria\u201d\"}]},{\"@type\":\"Person\",\"@id\":\"https:\/\/franciscanos.org.br\/noticias\/#\/schema\/person\/b5c8cba458c330ccff548b056e95a5d4\",\"name\":\"moacir\",\"image\":{\"@type\":\"ImageObject\",\"inLanguage\":\"pt-BR\",\"@id\":\"https:\/\/franciscanos.org.br\/noticias\/#\/schema\/person\/image\/\",\"url\":\"https:\/\/secure.gravatar.com\/avatar\/d08aa2ce4c8dd416d4479aa8536fcf64?s=96&d=mm&r=g\",\"contentUrl\":\"https:\/\/secure.gravatar.com\/avatar\/d08aa2ce4c8dd416d4479aa8536fcf64?s=96&d=mm&r=g\",\"caption\":\"moacir\"},\"url\":\"https:\/\/franciscanos.org.br\/noticias\/author\/moacir\"}]}<\/script>\n<!-- \/ Yoast SEO plugin. -->","yoast_head_json":{"title":"Papa aos Passionistas: \u201cAjudem os crucificados da hist\u00f3ria\u201d - Not\u00edcias - Franciscanos","robots":{"index":"index","follow":"follow","max-snippet":"max-snippet:-1","max-image-preview":"max-image-preview:large","max-video-preview":"max-video-preview:-1"},"canonical":"https:\/\/franciscanos.org.br\/noticias\/papa-aos-passionistas-ajudem-os-crucificados-da-historia.html","og_locale":"pt_BR","og_type":"article","og_title":"Papa aos Passionistas: \u201cAjudem os crucificados da hist\u00f3ria\u201d - Not\u00edcias - Franciscanos","og_description":"III Centen\u00e1rio da Funda\u00e7\u00e3o da Congrega\u00e7\u00e3o da Paix\u00e3o de Jesus Cristo","og_url":"https:\/\/franciscanos.org.br\/noticias\/papa-aos-passionistas-ajudem-os-crucificados-da-historia.html","og_site_name":"Not\u00edcias - Franciscanos","article_published_time":"2020-11-19T11:19:37+00:00","article_modified_time":"2020-11-19T11:20:50+00:00","og_image":[{"width":800,"height":600,"url":"https:\/\/franciscanos.org.br\/noticias\/wp-content\/uploads\/2020\/11\/passionista_d.jpg","type":"image\/jpeg"}],"author":"moacir","twitter_card":"summary_large_image","twitter_misc":{"Escrito por":"moacir","Est. tempo de leitura":"3 minutos"},"schema":{"@context":"https:\/\/schema.org","@graph":[{"@type":"WebSite","@id":"https:\/\/franciscanos.org.br\/noticias\/#website","url":"https:\/\/franciscanos.org.br\/noticias\/","name":"Not\u00edcias - Franciscanos","description":"Prov\u00edncia Franciscana da Imaculada Concei\u00e7\u00e3o do Brasil - Ordem dos Frades Menores - OFM","potentialAction":[{"@type":"SearchAction","target":{"@type":"EntryPoint","urlTemplate":"https:\/\/franciscanos.org.br\/noticias\/?s={search_term_string}"},"query-input":"required name=search_term_string"}],"inLanguage":"pt-BR"},{"@type":"ImageObject","inLanguage":"pt-BR","@id":"https:\/\/franciscanos.org.br\/noticias\/papa-aos-passionistas-ajudem-os-crucificados-da-historia.html#primaryimage","url":"https:\/\/franciscanos.org.br\/noticias\/wp-content\/uploads\/2020\/11\/passionista_d.jpg","contentUrl":"https:\/\/franciscanos.org.br\/noticias\/wp-content\/uploads\/2020\/11\/passionista_d.jpg","width":800,"height":600},{"@type":"WebPage","@id":"https:\/\/franciscanos.org.br\/noticias\/papa-aos-passionistas-ajudem-os-crucificados-da-historia.html#webpage","url":"https:\/\/franciscanos.org.br\/noticias\/papa-aos-passionistas-ajudem-os-crucificados-da-historia.html","name":"Papa aos Passionistas: \u201cAjudem os crucificados da hist\u00f3ria\u201d - Not\u00edcias - Franciscanos","isPartOf":{"@id":"https:\/\/franciscanos.org.br\/noticias\/#website"},"primaryImageOfPage":{"@id":"https:\/\/franciscanos.org.br\/noticias\/papa-aos-passionistas-ajudem-os-crucificados-da-historia.html#primaryimage"},"datePublished":"2020-11-19T11:19:37+00:00","dateModified":"2020-11-19T11:20:50+00:00","author":{"@id":"https:\/\/franciscanos.org.br\/noticias\/#\/schema\/person\/b5c8cba458c330ccff548b056e95a5d4"},"breadcrumb":{"@id":"https:\/\/franciscanos.org.br\/noticias\/papa-aos-passionistas-ajudem-os-crucificados-da-historia.html#breadcrumb"},"inLanguage":"pt-BR","potentialAction":[{"@type":"ReadAction","target":["https:\/\/franciscanos.org.br\/noticias\/papa-aos-passionistas-ajudem-os-crucificados-da-historia.html"]}]},{"@type":"BreadcrumbList","@id":"https:\/\/franciscanos.org.br\/noticias\/papa-aos-passionistas-ajudem-os-crucificados-da-historia.html#breadcrumb","itemListElement":[{"@type":"ListItem","position":1,"name":"Home","item":"https:\/\/franciscanos.org.br\/noticias"},{"@type":"ListItem","position":2,"name":"Papa aos Passionistas: \u201cAjudem os crucificados da hist\u00f3ria\u201d"}]},{"@type":"Person","@id":"https:\/\/franciscanos.org.br\/noticias\/#\/schema\/person\/b5c8cba458c330ccff548b056e95a5d4","name":"moacir","image":{"@type":"ImageObject","inLanguage":"pt-BR","@id":"https:\/\/franciscanos.org.br\/noticias\/#\/schema\/person\/image\/","url":"https:\/\/secure.gravatar.com\/avatar\/d08aa2ce4c8dd416d4479aa8536fcf64?s=96&d=mm&r=g","contentUrl":"https:\/\/secure.gravatar.com\/avatar\/d08aa2ce4c8dd416d4479aa8536fcf64?s=96&d=mm&r=g","caption":"moacir"},"url":"https:\/\/franciscanos.org.br\/noticias\/author\/moacir"}]}},"_links":{"self":[{"href":"https:\/\/franciscanos.org.br\/noticias\/wp-json\/wp\/v2\/posts\/229461"}],"collection":[{"href":"https:\/\/franciscanos.org.br\/noticias\/wp-json\/wp\/v2\/posts"}],"about":[{"href":"https:\/\/franciscanos.org.br\/noticias\/wp-json\/wp\/v2\/types\/post"}],"author":[{"embeddable":true,"href":"https:\/\/franciscanos.org.br\/noticias\/wp-json\/wp\/v2\/users\/3"}],"replies":[{"embeddable":true,"href":"https:\/\/franciscanos.org.br\/noticias\/wp-json\/wp\/v2\/comments?post=229461"}],"version-history":[{"count":2,"href":"https:\/\/franciscanos.org.br\/noticias\/wp-json\/wp\/v2\/posts\/229461\/revisions"}],"predecessor-version":[{"id":229465,"href":"https:\/\/franciscanos.org.br\/noticias\/wp-json\/wp\/v2\/posts\/229461\/revisions\/229465"}],"wp:featuredmedia":[{"embeddable":true,"href":"https:\/\/franciscanos.org.br\/noticias\/wp-json\/wp\/v2\/media\/229463"}],"wp:attachment":[{"href":"https:\/\/franciscanos.org.br\/noticias\/wp-json\/wp\/v2\/media?parent=229461"}],"wp:term":[{"taxonomy":"category","embeddable":true,"href":"https:\/\/franciscanos.org.br\/noticias\/wp-json\/wp\/v2\/categories?post=229461"},{"taxonomy":"post_tag","embeddable":true,"href":"https:\/\/franciscanos.org.br\/noticias\/wp-json\/wp\/v2\/tags?post=229461"}],"curies":[{"name":"wp","href":"https:\/\/api.w.org\/{rel}","templated":true}]}}