{"id":229446,"date":"2020-11-18T09:55:22","date_gmt":"2020-11-18T12:55:22","guid":{"rendered":"https:\/\/franciscanos.org.br\/noticias\/?p=229446"},"modified":"2020-11-18T09:56:35","modified_gmt":"2020-11-18T12:56:35","slug":"estagios-vocacionais-reunem-34-jovens","status":"publish","type":"post","link":"https:\/\/franciscanos.org.br\/noticias\/estagios-vocacionais-reunem-34-jovens.html","title":{"rendered":"Est\u00e1gios vocacionais re\u00fanem 34 jovens"},"content":{"rendered":"<div id=\"attachment_229447\" style=\"width: 1210px\" class=\"wp-caption alignnone\"><img aria-describedby=\"caption-attachment-229447\" loading=\"lazy\" class=\"wp-image-229447 size-full\" src=\"https:\/\/franciscanos.org.br\/noticias\/wp-content\/uploads\/2020\/11\/estagio_1.jpg\" alt=\"\" width=\"1200\" height=\"754\" srcset=\"https:\/\/franciscanos.org.br\/noticias\/wp-content\/uploads\/2020\/11\/estagio_1.jpg 1200w, https:\/\/franciscanos.org.br\/noticias\/wp-content\/uploads\/2020\/11\/estagio_1-450x283.jpg 450w, https:\/\/franciscanos.org.br\/noticias\/wp-content\/uploads\/2020\/11\/estagio_1-1024x643.jpg 1024w, https:\/\/franciscanos.org.br\/noticias\/wp-content\/uploads\/2020\/11\/estagio_1-768x483.jpg 768w, https:\/\/franciscanos.org.br\/noticias\/wp-content\/uploads\/2020\/11\/estagio_1-150x94.jpg 150w\" sizes=\"(max-width: 1200px) 100vw, 1200px\" \/><p id=\"caption-attachment-229447\" class=\"wp-caption-text\"><em>Encontro Vocacional na Fraternidade Santo Ant\u00f4nio do Pari em S\u00e3o Paulo<\/em><\/p><\/div>\n<p>Mesmo em tempos de pandemia e isolamento social, o chamado Vocacional e para a vida Franciscana em fraternidade continuou sendo uma op\u00e7\u00e3o para tantos jovens.<\/p>\n<p>Como de costume, a Prov\u00edncia Franciscana da Imaculada Concei\u00e7\u00e3o realizou seus est\u00e1gios vocacionais para ajudar nossos jovens a discernirem melhor a sua voca\u00e7\u00e3o.<\/p>\n<p>Com o objetivo de evitar viagens, aglomera\u00e7\u00e3o e grandes deslocamentos dos jovens vocacionados, o Servi\u00e7o de Anima\u00e7\u00e3o Vocacional da Prov\u00edncia realizou 4 est\u00e1gios vocacionais pelo territ\u00f3rio provincial entre os meses de outubro e novembro.<\/p>\n<div id=\"attachment_229448\" style=\"width: 1290px\" class=\"wp-caption alignnone\"><img aria-describedby=\"caption-attachment-229448\" loading=\"lazy\" class=\"wp-image-229448 size-full\" src=\"https:\/\/franciscanos.org.br\/noticias\/wp-content\/uploads\/2020\/11\/estagios_3.jpg\" alt=\"\" width=\"1280\" height=\"960\" srcset=\"https:\/\/franciscanos.org.br\/noticias\/wp-content\/uploads\/2020\/11\/estagios_3.jpg 1280w, https:\/\/franciscanos.org.br\/noticias\/wp-content\/uploads\/2020\/11\/estagios_3-450x338.jpg 450w, https:\/\/franciscanos.org.br\/noticias\/wp-content\/uploads\/2020\/11\/estagios_3-1024x768.jpg 1024w, https:\/\/franciscanos.org.br\/noticias\/wp-content\/uploads\/2020\/11\/estagios_3-768x576.jpg 768w, https:\/\/franciscanos.org.br\/noticias\/wp-content\/uploads\/2020\/11\/estagios_3-150x113.jpg 150w, https:\/\/franciscanos.org.br\/noticias\/wp-content\/uploads\/2020\/11\/estagios_3-600x450.jpg 600w\" sizes=\"(max-width: 1280px) 100vw, 1280px\" \/><p id=\"caption-attachment-229448\" class=\"wp-caption-text\"><em>Encontro Vocacional no Semin\u00e1rio S\u00e3o Francisco de Assis em Ituporanga<\/em><\/p><\/div>\n<p>Come\u00e7amos pelo Rio de Janeiro, quando 6 vocacionados foram acolhidos no Convento Santo Ant\u00f4nio, no Largo da Carioca, para conhecerem melhor nossa proposta de vida e tamb\u00e9m o trabalho volunt\u00e1rio na Tenda Franciscana.<\/p>\n<div id=\"attachment_229450\" style=\"width: 419px\" class=\"wp-caption alignright\"><img aria-describedby=\"caption-attachment-229450\" loading=\"lazy\" class=\"wp-image-229450\" src=\"https:\/\/franciscanos.org.br\/noticias\/wp-content\/uploads\/2020\/11\/estagios_4.jpg\" alt=\"\" width=\"409\" height=\"307\" srcset=\"https:\/\/franciscanos.org.br\/noticias\/wp-content\/uploads\/2020\/11\/estagios_4.jpg 800w, https:\/\/franciscanos.org.br\/noticias\/wp-content\/uploads\/2020\/11\/estagios_4-450x338.jpg 450w, https:\/\/franciscanos.org.br\/noticias\/wp-content\/uploads\/2020\/11\/estagios_4-768x576.jpg 768w, https:\/\/franciscanos.org.br\/noticias\/wp-content\/uploads\/2020\/11\/estagios_4-150x113.jpg 150w, https:\/\/franciscanos.org.br\/noticias\/wp-content\/uploads\/2020\/11\/estagios_4-600x450.jpg 600w\" sizes=\"(max-width: 409px) 100vw, 409px\" \/><p id=\"caption-attachment-229450\" class=\"wp-caption-text\"><em>Encontro Vocacional em Bauru<\/em><\/p><\/div>\n<p>Ainda em outubro, tamb\u00e9m houve a acolhida de mais 6 jovens para um encontro em Bauru, junto \u00e0 Par\u00f3quia de Santo Ant\u00f4nio.<\/p>\n<p>No in\u00edcio de novembro, foi a vez dos 15 vocacionados da Grande S\u00e3o Paulo, Sorocaba e do Vale do Paraiba se reunirem na Fraternidade Santo Ant\u00f4nio do Pari, quando tamb\u00e9m tiveram a possibilidade de conhecer melhor o Sefras e o trabalho junto \u00e0 popula\u00e7\u00e3o em situa\u00e7\u00e3o de rua.<\/p>\n<p>Por fim, de 13 a 15 de novembro, estiveram presentes 7 vocacionados de Santa Catarina e Paran\u00e1 no semin\u00e1rio S\u00e3o Francisco, em Ituporanga &#8211; SC. Foram dias de conviv\u00eancia, partilha e conhecimento m\u00fatuo.<\/p>\n<p>Ao todo foram 34 jovens que, depois de um tempo de acompanhamento Vocacional local, realizado principalmente atrav\u00e9s de encontros on-line e \u00e0 dist\u00e2ncia, realizaram o seu est\u00e1gio para ingressarem em nossas casas de forma\u00e7\u00e3o no pr\u00f3ximo ano.<\/p>\n<p>Rezemos pela perseveran\u00e7a Vocacional de todos!<\/p>\n<p><strong>Frei Diego Atalino de Melo<\/strong><\/p>\n<div id=\"attachment_229449\" style=\"width: 1290px\" class=\"wp-caption alignnone\"><img aria-describedby=\"caption-attachment-229449\" loading=\"lazy\" class=\"wp-image-229449 size-full\" src=\"https:\/\/franciscanos.org.br\/noticias\/wp-content\/uploads\/2020\/11\/estagios_5.jpg\" alt=\"\" width=\"1280\" height=\"960\" srcset=\"https:\/\/franciscanos.org.br\/noticias\/wp-content\/uploads\/2020\/11\/estagios_5.jpg 1280w, https:\/\/franciscanos.org.br\/noticias\/wp-content\/uploads\/2020\/11\/estagios_5-450x338.jpg 450w, https:\/\/franciscanos.org.br\/noticias\/wp-content\/uploads\/2020\/11\/estagios_5-1024x768.jpg 1024w, https:\/\/franciscanos.org.br\/noticias\/wp-content\/uploads\/2020\/11\/estagios_5-768x576.jpg 768w, https:\/\/franciscanos.org.br\/noticias\/wp-content\/uploads\/2020\/11\/estagios_5-150x113.jpg 150w, https:\/\/franciscanos.org.br\/noticias\/wp-content\/uploads\/2020\/11\/estagios_5-600x450.jpg 600w\" sizes=\"(max-width: 1280px) 100vw, 1280px\" \/><p id=\"caption-attachment-229449\" class=\"wp-caption-text\"><em>Encontro Vocacional no Convento Santo Ant\u00f4nio do Rio de Janeiro<\/em><\/p><\/div>\n","protected":false},"excerpt":{"rendered":"<p>Servi\u00e7o de Anima\u00e7\u00e3o Vocacional (SAV)<\/p>\n","protected":false},"author":3,"featured_media":229452,"comment_status":"open","ping_status":"open","sticky":false,"template":"","format":"standard","meta":[],"categories":[1],"tags":[552],"acf":[],"yoast_head":"<!-- This site is optimized with the Yoast SEO plugin v19.2 - https:\/\/yoast.com\/wordpress\/plugins\/seo\/ -->\n<title>Est\u00e1gios vocacionais re\u00fanem 34 jovens - Not\u00edcias - Franciscanos<\/title>\n<meta name=\"robots\" content=\"index, follow, max-snippet:-1, max-image-preview:large, max-video-preview:-1\" \/>\n<link rel=\"canonical\" href=\"https:\/\/franciscanos.org.br\/noticias\/estagios-vocacionais-reunem-34-jovens.html\" \/>\n<meta property=\"og:locale\" content=\"pt_BR\" \/>\n<meta property=\"og:type\" content=\"article\" \/>\n<meta property=\"og:title\" content=\"Est\u00e1gios vocacionais re\u00fanem 34 jovens - Not\u00edcias - Franciscanos\" \/>\n<meta property=\"og:description\" content=\"Servi\u00e7o de Anima\u00e7\u00e3o Vocacional (SAV)\" \/>\n<meta property=\"og:url\" content=\"https:\/\/franciscanos.org.br\/noticias\/estagios-vocacionais-reunem-34-jovens.html\" \/>\n<meta property=\"og:site_name\" content=\"Not\u00edcias - Franciscanos\" \/>\n<meta property=\"article:published_time\" content=\"2020-11-18T12:55:22+00:00\" \/>\n<meta property=\"article:modified_time\" content=\"2020-11-18T12:56:35+00:00\" \/>\n<meta property=\"og:image\" content=\"https:\/\/franciscanos.org.br\/noticias\/wp-content\/uploads\/2020\/11\/estagios_2.jpg\" \/>\n\t<meta property=\"og:image:width\" content=\"800\" \/>\n\t<meta property=\"og:image:height\" content=\"600\" \/>\n\t<meta property=\"og:image:type\" content=\"image\/jpeg\" \/>\n<meta name=\"author\" content=\"moacir\" \/>\n<meta name=\"twitter:card\" content=\"summary_large_image\" \/>\n<meta name=\"twitter:label1\" content=\"Escrito por\" \/>\n\t<meta name=\"twitter:data1\" content=\"moacir\" \/>\n\t<meta name=\"twitter:label2\" content=\"Est. tempo de leitura\" \/>\n\t<meta name=\"twitter:data2\" content=\"2 minutos\" \/>\n<script type=\"application\/ld+json\" class=\"yoast-schema-graph\">{\"@context\":\"https:\/\/schema.org\",\"@graph\":[{\"@type\":\"WebSite\",\"@id\":\"https:\/\/franciscanos.org.br\/noticias\/#website\",\"url\":\"https:\/\/franciscanos.org.br\/noticias\/\",\"name\":\"Not\u00edcias - Franciscanos\",\"description\":\"Prov\u00edncia Franciscana da Imaculada Concei\u00e7\u00e3o do Brasil - Ordem dos Frades Menores - OFM\",\"potentialAction\":[{\"@type\":\"SearchAction\",\"target\":{\"@type\":\"EntryPoint\",\"urlTemplate\":\"https:\/\/franciscanos.org.br\/noticias\/?s={search_term_string}\"},\"query-input\":\"required name=search_term_string\"}],\"inLanguage\":\"pt-BR\"},{\"@type\":\"ImageObject\",\"inLanguage\":\"pt-BR\",\"@id\":\"https:\/\/franciscanos.org.br\/noticias\/estagios-vocacionais-reunem-34-jovens.html#primaryimage\",\"url\":\"https:\/\/franciscanos.org.br\/noticias\/wp-content\/uploads\/2020\/11\/estagios_2.jpg\",\"contentUrl\":\"https:\/\/franciscanos.org.br\/noticias\/wp-content\/uploads\/2020\/11\/estagios_2.jpg\",\"width\":800,\"height\":600},{\"@type\":\"WebPage\",\"@id\":\"https:\/\/franciscanos.org.br\/noticias\/estagios-vocacionais-reunem-34-jovens.html#webpage\",\"url\":\"https:\/\/franciscanos.org.br\/noticias\/estagios-vocacionais-reunem-34-jovens.html\",\"name\":\"Est\u00e1gios vocacionais re\u00fanem 34 jovens - Not\u00edcias - Franciscanos\",\"isPartOf\":{\"@id\":\"https:\/\/franciscanos.org.br\/noticias\/#website\"},\"primaryImageOfPage\":{\"@id\":\"https:\/\/franciscanos.org.br\/noticias\/estagios-vocacionais-reunem-34-jovens.html#primaryimage\"},\"datePublished\":\"2020-11-18T12:55:22+00:00\",\"dateModified\":\"2020-11-18T12:56:35+00:00\",\"author\":{\"@id\":\"https:\/\/franciscanos.org.br\/noticias\/#\/schema\/person\/b5c8cba458c330ccff548b056e95a5d4\"},\"breadcrumb\":{\"@id\":\"https:\/\/franciscanos.org.br\/noticias\/estagios-vocacionais-reunem-34-jovens.html#breadcrumb\"},\"inLanguage\":\"pt-BR\",\"potentialAction\":[{\"@type\":\"ReadAction\",\"target\":[\"https:\/\/franciscanos.org.br\/noticias\/estagios-vocacionais-reunem-34-jovens.html\"]}]},{\"@type\":\"BreadcrumbList\",\"@id\":\"https:\/\/franciscanos.org.br\/noticias\/estagios-vocacionais-reunem-34-jovens.html#breadcrumb\",\"itemListElement\":[{\"@type\":\"ListItem\",\"position\":1,\"name\":\"Home\",\"item\":\"https:\/\/franciscanos.org.br\/noticias\"},{\"@type\":\"ListItem\",\"position\":2,\"name\":\"Est\u00e1gios vocacionais re\u00fanem 34 jovens\"}]},{\"@type\":\"Person\",\"@id\":\"https:\/\/franciscanos.org.br\/noticias\/#\/schema\/person\/b5c8cba458c330ccff548b056e95a5d4\",\"name\":\"moacir\",\"image\":{\"@type\":\"ImageObject\",\"inLanguage\":\"pt-BR\",\"@id\":\"https:\/\/franciscanos.org.br\/noticias\/#\/schema\/person\/image\/\",\"url\":\"https:\/\/secure.gravatar.com\/avatar\/d08aa2ce4c8dd416d4479aa8536fcf64?s=96&d=mm&r=g\",\"contentUrl\":\"https:\/\/secure.gravatar.com\/avatar\/d08aa2ce4c8dd416d4479aa8536fcf64?s=96&d=mm&r=g\",\"caption\":\"moacir\"},\"url\":\"https:\/\/franciscanos.org.br\/noticias\/author\/moacir\"}]}<\/script>\n<!-- \/ Yoast SEO plugin. -->","yoast_head_json":{"title":"Est\u00e1gios vocacionais re\u00fanem 34 jovens - Not\u00edcias - Franciscanos","robots":{"index":"index","follow":"follow","max-snippet":"max-snippet:-1","max-image-preview":"max-image-preview:large","max-video-preview":"max-video-preview:-1"},"canonical":"https:\/\/franciscanos.org.br\/noticias\/estagios-vocacionais-reunem-34-jovens.html","og_locale":"pt_BR","og_type":"article","og_title":"Est\u00e1gios vocacionais re\u00fanem 34 jovens - Not\u00edcias - Franciscanos","og_description":"Servi\u00e7o de Anima\u00e7\u00e3o Vocacional (SAV)","og_url":"https:\/\/franciscanos.org.br\/noticias\/estagios-vocacionais-reunem-34-jovens.html","og_site_name":"Not\u00edcias - Franciscanos","article_published_time":"2020-11-18T12:55:22+00:00","article_modified_time":"2020-11-18T12:56:35+00:00","og_image":[{"width":800,"height":600,"url":"https:\/\/franciscanos.org.br\/noticias\/wp-content\/uploads\/2020\/11\/estagios_2.jpg","type":"image\/jpeg"}],"author":"moacir","twitter_card":"summary_large_image","twitter_misc":{"Escrito por":"moacir","Est. tempo de leitura":"2 minutos"},"schema":{"@context":"https:\/\/schema.org","@graph":[{"@type":"WebSite","@id":"https:\/\/franciscanos.org.br\/noticias\/#website","url":"https:\/\/franciscanos.org.br\/noticias\/","name":"Not\u00edcias - Franciscanos","description":"Prov\u00edncia Franciscana da Imaculada Concei\u00e7\u00e3o do Brasil - Ordem dos Frades Menores - OFM","potentialAction":[{"@type":"SearchAction","target":{"@type":"EntryPoint","urlTemplate":"https:\/\/franciscanos.org.br\/noticias\/?s={search_term_string}"},"query-input":"required name=search_term_string"}],"inLanguage":"pt-BR"},{"@type":"ImageObject","inLanguage":"pt-BR","@id":"https:\/\/franciscanos.org.br\/noticias\/estagios-vocacionais-reunem-34-jovens.html#primaryimage","url":"https:\/\/franciscanos.org.br\/noticias\/wp-content\/uploads\/2020\/11\/estagios_2.jpg","contentUrl":"https:\/\/franciscanos.org.br\/noticias\/wp-content\/uploads\/2020\/11\/estagios_2.jpg","width":800,"height":600},{"@type":"WebPage","@id":"https:\/\/franciscanos.org.br\/noticias\/estagios-vocacionais-reunem-34-jovens.html#webpage","url":"https:\/\/franciscanos.org.br\/noticias\/estagios-vocacionais-reunem-34-jovens.html","name":"Est\u00e1gios vocacionais re\u00fanem 34 jovens - Not\u00edcias - Franciscanos","isPartOf":{"@id":"https:\/\/franciscanos.org.br\/noticias\/#website"},"primaryImageOfPage":{"@id":"https:\/\/franciscanos.org.br\/noticias\/estagios-vocacionais-reunem-34-jovens.html#primaryimage"},"datePublished":"2020-11-18T12:55:22+00:00","dateModified":"2020-11-18T12:56:35+00:00","author":{"@id":"https:\/\/franciscanos.org.br\/noticias\/#\/schema\/person\/b5c8cba458c330ccff548b056e95a5d4"},"breadcrumb":{"@id":"https:\/\/franciscanos.org.br\/noticias\/estagios-vocacionais-reunem-34-jovens.html#breadcrumb"},"inLanguage":"pt-BR","potentialAction":[{"@type":"ReadAction","target":["https:\/\/franciscanos.org.br\/noticias\/estagios-vocacionais-reunem-34-jovens.html"]}]},{"@type":"BreadcrumbList","@id":"https:\/\/franciscanos.org.br\/noticias\/estagios-vocacionais-reunem-34-jovens.html#breadcrumb","itemListElement":[{"@type":"ListItem","position":1,"name":"Home","item":"https:\/\/franciscanos.org.br\/noticias"},{"@type":"ListItem","position":2,"name":"Est\u00e1gios vocacionais re\u00fanem 34 jovens"}]},{"@type":"Person","@id":"https:\/\/franciscanos.org.br\/noticias\/#\/schema\/person\/b5c8cba458c330ccff548b056e95a5d4","name":"moacir","image":{"@type":"ImageObject","inLanguage":"pt-BR","@id":"https:\/\/franciscanos.org.br\/noticias\/#\/schema\/person\/image\/","url":"https:\/\/secure.gravatar.com\/avatar\/d08aa2ce4c8dd416d4479aa8536fcf64?s=96&d=mm&r=g","contentUrl":"https:\/\/secure.gravatar.com\/avatar\/d08aa2ce4c8dd416d4479aa8536fcf64?s=96&d=mm&r=g","caption":"moacir"},"url":"https:\/\/franciscanos.org.br\/noticias\/author\/moacir"}]}},"_links":{"self":[{"href":"https:\/\/franciscanos.org.br\/noticias\/wp-json\/wp\/v2\/posts\/229446"}],"collection":[{"href":"https:\/\/franciscanos.org.br\/noticias\/wp-json\/wp\/v2\/posts"}],"about":[{"href":"https:\/\/franciscanos.org.br\/noticias\/wp-json\/wp\/v2\/types\/post"}],"author":[{"embeddable":true,"href":"https:\/\/franciscanos.org.br\/noticias\/wp-json\/wp\/v2\/users\/3"}],"replies":[{"embeddable":true,"href":"https:\/\/franciscanos.org.br\/noticias\/wp-json\/wp\/v2\/comments?post=229446"}],"version-history":[{"count":2,"href":"https:\/\/franciscanos.org.br\/noticias\/wp-json\/wp\/v2\/posts\/229446\/revisions"}],"predecessor-version":[{"id":229453,"href":"https:\/\/franciscanos.org.br\/noticias\/wp-json\/wp\/v2\/posts\/229446\/revisions\/229453"}],"wp:featuredmedia":[{"embeddable":true,"href":"https:\/\/franciscanos.org.br\/noticias\/wp-json\/wp\/v2\/media\/229452"}],"wp:attachment":[{"href":"https:\/\/franciscanos.org.br\/noticias\/wp-json\/wp\/v2\/media?parent=229446"}],"wp:term":[{"taxonomy":"category","embeddable":true,"href":"https:\/\/franciscanos.org.br\/noticias\/wp-json\/wp\/v2\/categories?post=229446"},{"taxonomy":"post_tag","embeddable":true,"href":"https:\/\/franciscanos.org.br\/noticias\/wp-json\/wp\/v2\/tags?post=229446"}],"curies":[{"name":"wp","href":"https:\/\/api.w.org\/{rel}","templated":true}]}}