{"id":229441,"date":"2020-11-18T06:40:34","date_gmt":"2020-11-18T09:40:34","guid":{"rendered":"https:\/\/franciscanos.org.br\/noticias\/?p=229441"},"modified":"2020-11-18T06:41:07","modified_gmt":"2020-11-18T09:41:07","slug":"papa-a-oracao-acalma-as-nossas-inquietudes","status":"publish","type":"post","link":"https:\/\/franciscanos.org.br\/noticias\/papa-a-oracao-acalma-as-nossas-inquietudes.html","title":{"rendered":"Papa: A ora\u00e7\u00e3o acalma as nossas inquietudes"},"content":{"rendered":"<div id=\"attachment_229442\" style=\"width: 900px\" class=\"wp-caption alignnone\"><img aria-describedby=\"caption-attachment-229442\" loading=\"lazy\" class=\"wp-image-229442 size-full\" src=\"https:\/\/franciscanos.org.br\/noticias\/wp-content\/uploads\/2020\/11\/audiencia_1811.jpg\" alt=\"\" width=\"890\" height=\"518\" srcset=\"https:\/\/franciscanos.org.br\/noticias\/wp-content\/uploads\/2020\/11\/audiencia_1811.jpg 890w, https:\/\/franciscanos.org.br\/noticias\/wp-content\/uploads\/2020\/11\/audiencia_1811-450x262.jpg 450w, https:\/\/franciscanos.org.br\/noticias\/wp-content\/uploads\/2020\/11\/audiencia_1811-768x447.jpg 768w, https:\/\/franciscanos.org.br\/noticias\/wp-content\/uploads\/2020\/11\/audiencia_1811-150x87.jpg 150w\" sizes=\"(max-width: 890px) 100vw, 890px\" \/><p id=\"caption-attachment-229442\" class=\"wp-caption-text\"><em>\u00a0 \u00a0 \u00a0 \u00a0 \u00a0 \u00a0 \u00a0 \u00a0 \u00a0 \u00a0 \u00a0 \u00a0 \u00a0 \u00a0 \u00a0 \u00a0 \u00a0 \u00a0 \u00a0 \u00a0 \u00a0 \u00a0 \u00a0 \u00a0 \u00a0 \u00a0 \u00a0 \u00a0 \u00a0 \u00a0 \u00a0 \u00a0 \u00a0 \u00a0 \u00a0 \u00a0 \u00a0 \u00a0 \u00a0 \u00a0 \u00a0 \u00a0 \u00a0 \u00a0 \u00a0 \u00a0 \u00a0 \u00a0 \u00a0 \u00a0 \u00a0 \u00a0 \u00a0 \u00a0 \u00a0 \u00a0 \u00a0 \u00a0 \u00a0 \u00a0 \u00a0 \u00a0 \u00a0 \u00a0 \u00a0 \u00a0 \u00a0 \u00a0 \u00a0 \u00a0 \u00a0 \u00a0 \u00a0 \u00a0 \u00a0 \u00a0 \u00a0 \u00a0 \u00a0 \u00a0 Imagem: Vatican Media<\/em><\/p><\/div>\n<p>\u201cNo caminho destes nossos encontros sobre a ora\u00e7\u00e3o, hoje nos deparamos com a figura da Virgem Maria como mulher orante\u201d, disse o Papa Francisco no in\u00edcio de sua catequese na Audi\u00eancia Geral, desta quarta-feira (18\/11), realizada na Biblioteca do Pal\u00e1cio Apost\u00f3lico.<\/p>\n<p>Quando o mundo ignora Maria, \u201cquando ela \u00e9 uma simples jovem futura esposa de um homem da casa de Davi, Maria reza. Podemos imaginar a jovem de Nazar\u00e9 recolhida em sil\u00eancio, em cont\u00ednuo di\u00e1logo com Deus, que logo lhe confiaria a sua miss\u00e3o. Ela j\u00e1 est\u00e1 cheia de gra\u00e7a e imaculada desde a concep\u00e7\u00e3o, mas ainda n\u00e3o sabe nada de sua surpreendente e extraordin\u00e1ria voca\u00e7\u00e3o e do mar tempestuoso que ter\u00e1 de enfrentar. Uma coisa \u00e9 certa: Maria pertence \u00e0 grande multid\u00e3o daqueles humildes de cora\u00e7\u00e3o que os historiadores oficiais n\u00e3o inserem em seus livros, mas com quem Deus preparou a vinda de seu Filho.\u201d<\/p>\n<p>\u201cMaria espera que Deus tome as r\u00e9deas de seu caminho e a guie para onde Ele quiser. Est\u00e1 em ora\u00e7\u00e3o quando o arcanjo Gabriel vem trazer-lhe o an\u00fancio em Nazar\u00e9. N\u00e3o h\u00e1 melhor modo de rezar do que colocar-se como Maria em atitude de abertura, cora\u00e7\u00e3o aberto a Deus: \u201cSenhor, aquilo que quiser, quando quiser, e como quiser!\u201d O cora\u00e7\u00e3o aberto \u00e0 vontade de Deus e Deus responde sempre. Quantos fi\u00e9is vivem deste modo a sua ora\u00e7\u00e3o! Aqueles que s\u00e3o humildes de cora\u00e7\u00e3o rezam assim, com humildade essencial, com humildade simples. \u201cSenhor, aquilo que quiser, quando quiser, e como quiser!\u201d Eles rezam assim n\u00e3o irritando-se porque os dias s\u00e3o cheios de problemas, mas indo ao encontro da realidade e sabendo que no amor humilde, oferecido em cada situa\u00e7\u00e3o, nos tornamos instrumentos da gra\u00e7a de Deus. \u201cSenhor, aquilo que quiser, quando quiser, e como quiser!\u201d. Uma ora\u00e7\u00e3o simples. \u00c9 colocar a nossa vida nas m\u00e3os do Senhor. Que seja ele a nos guiar. Todos n\u00f3s podemos rezar assim, quase sem palavras, simples. Deus. \u201cSenhor, aquilo que quiser, quando quiser, e como quiser!\u201d. A seguir, o Papa acrescentou:<\/p>\n<p>A ora\u00e7\u00e3o acalma as nossas inquietudes, mas n\u00f3s somos inquietos, queremos as coisas antes de pedirmos, queremos r\u00e1pido, r\u00e1pido. A vida n\u00e3o \u00e9 assim. Essa inquietude nos faz mal. A ora\u00e7\u00e3o acalma a inquietude, sabe transform\u00e1-la em disponibilidade. Estou inquieto, rezo e a ora\u00e7\u00e3o me abre o cora\u00e7\u00e3o e me torna dispon\u00edvel \u00e0 vontade de Deus. A Virgem Maria, naqueles poucos instantes da Anuncia\u00e7\u00e3o, soube rejeitar o medo, apesar de ter previsto que o seu \u201csim\u201d lhe teria dado prova\u00e7\u00f5es muito duras. Se na ora\u00e7\u00e3o entendemos que cada dia doado por Deus \u00e9 um chamado, ent\u00e3o alargamos os nossos cora\u00e7\u00f5es e acolhemos tudo. Aprende-se a dizer: \u201cAquilo que quiser, Senhor\u201d. Prometa-me apenas que estar\u00e1 comigo a cada passo do meu caminho. Isso \u00e9 importante, pedir ao Senhor a sua presen\u00e7a a cada passo do nosso caminho. Que n\u00e3o nos deixe sozinho, que n\u00e3o nos abandone na tenta\u00e7\u00e3o, que n\u00e3o nos abandone nos momentos dif\u00edceis. O final do Pai-Nosso \u00e9 assim, a gra\u00e7a que Jesus nos ensinou a pedir ao Senhor.<\/p>\n<p>Segundo o Papa, \u201cMaria acompanha em ora\u00e7\u00e3o toda a vida de Jesus, at\u00e9 sua morte e ressurrei\u00e7\u00e3o; e no final acompanha os primeiros passos da Igreja nascente. Maria reza com os disc\u00edpulos que passaram pelo esc\u00e2ndalo da Cruz. Reza com Pedro, que cedeu ao medo e chorou de remorso. Maria est\u00e1 l\u00e1, com os disc\u00edpulos, entre os homens e mulheres a quem seu Filho chamou para formar sua Comunidade. Maria n\u00e3o se comporta como um sacerdote entre eles, \u00e9 a m\u00e3e de Jesus que reza com eles, em comunidade, como uma da comunidade. Reza com eles e por eles. E, mais uma vez, a sua ora\u00e7\u00e3o precede o futuro que est\u00e1 prestes a acontecer: por obra do Esp\u00edrito Santo tornou-se M\u00e3e de Deus e, por obra do mesmo Esp\u00edrito, torna-se M\u00e3e da Igreja.\u201d<\/p>\n<p>Rezando com a Igreja nascente, torna-se m\u00e3e da Igreja, acompanha os disc\u00edpulos nos primeiros passos da Igreja. Na ora\u00e7\u00e3o esperando o Esp\u00edrito Santo e depois nos primeiros passos, em sil\u00eancio, sempre em sil\u00eancio. A ora\u00e7\u00e3o de Maria \u00e9 silenciosa. O Evangelho nos conta uma ora\u00e7\u00e3o de Maria, em Can\u00e1, quando pede a seu filho por aquelas pessoas que est\u00e3o fazer uma gafe na festa. Imaginamos fazer uma festa de casamento servindo no final ch\u00e1 e leite porque acabou o vinho. Mas que gafe! E ela reza e deixa o filho resolver o problema. A sua presen\u00e7a \u00e9 uma ora\u00e7\u00e3o e a sua presen\u00e7a no Cen\u00e1culo em ora\u00e7\u00e3o com os disc\u00edpulos deu \u00e0 luz a Igreja.<\/p>\n<p>\u201cNa Virgem Maria, a intui\u00e7\u00e3o feminina natural \u00e9 exaltada por sua uni\u00e3o singular com Deus na ora\u00e7\u00e3o. Por isso, lendo o Evangelho, notamos que \u00e0s vezes ela parece desaparecer, para depois ressurgir nos momentos cruciais: Maria est\u00e1 aberta \u00e0 voz de Deus que guia o seu cora\u00e7\u00e3o e seus passos onde sua presen\u00e7a \u00e9 necess\u00e1ria. Presen\u00e7a silenciosa de m\u00e3e e disc\u00edpula. Maria est\u00e1 presente porque \u00e9 m\u00e3e, mas tamb\u00e9m porque \u00e9 a primeira disc\u00edpula, porque aprendeu por primeiro as coisas de Jesus. Maria nunca diz, \u201cvem que eu vou resolver as coisas\u201d. Fa\u00e7am o que eles lhes disser. Ela sempre indica Jesus. O disc\u00edpulo faz assim e ela \u00e9 uma disc\u00edpula. Reza como m\u00e3e e como disc\u00edpula. Como seria belo se nossa vida de ora\u00e7\u00e3o fosse mais semelhante \u00e0 de nossa M\u00e3e! Com o cora\u00e7\u00e3o aberto \u00e0 palavra de Deus, com o cora\u00e7\u00e3o silencioso, com o cora\u00e7\u00e3o obediente, com o cora\u00e7\u00e3o que sabe receber a palavra de Deus e a deixa crescer como uma semente para ao bem da Igreja\u201d, concluiu o Papa.<\/p>\n<hr \/>\n<p><em>Fonte: Vatican News (texto de Mariangela Jaguraba)<\/em><\/p>\n","protected":false},"excerpt":{"rendered":"<p>Audi\u00eancia Geral<\/p>\n","protected":false},"author":3,"featured_media":229443,"comment_status":"open","ping_status":"open","sticky":false,"template":"","format":"standard","meta":[],"categories":[1428],"tags":[487],"acf":[],"yoast_head":"<!-- This site is optimized with the Yoast SEO plugin v19.2 - https:\/\/yoast.com\/wordpress\/plugins\/seo\/ -->\n<title>Papa: A ora\u00e7\u00e3o acalma as nossas inquietudes - Not\u00edcias - Franciscanos<\/title>\n<meta name=\"robots\" content=\"index, follow, max-snippet:-1, max-image-preview:large, max-video-preview:-1\" \/>\n<link rel=\"canonical\" href=\"https:\/\/franciscanos.org.br\/noticias\/papa-a-oracao-acalma-as-nossas-inquietudes.html\" \/>\n<meta property=\"og:locale\" content=\"pt_BR\" \/>\n<meta property=\"og:type\" content=\"article\" \/>\n<meta property=\"og:title\" content=\"Papa: A ora\u00e7\u00e3o acalma as nossas inquietudes - Not\u00edcias - Franciscanos\" \/>\n<meta property=\"og:description\" content=\"Audi\u00eancia Geral\" \/>\n<meta property=\"og:url\" content=\"https:\/\/franciscanos.org.br\/noticias\/papa-a-oracao-acalma-as-nossas-inquietudes.html\" \/>\n<meta property=\"og:site_name\" content=\"Not\u00edcias - Franciscanos\" \/>\n<meta property=\"article:published_time\" content=\"2020-11-18T09:40:34+00:00\" \/>\n<meta property=\"article:modified_time\" content=\"2020-11-18T09:41:07+00:00\" \/>\n<meta property=\"og:image\" content=\"https:\/\/franciscanos.org.br\/noticias\/wp-content\/uploads\/2020\/11\/audiencia_1811d.jpg\" \/>\n\t<meta property=\"og:image:width\" content=\"800\" \/>\n\t<meta property=\"og:image:height\" content=\"599\" \/>\n\t<meta property=\"og:image:type\" content=\"image\/jpeg\" \/>\n<meta name=\"author\" content=\"moacir\" \/>\n<meta name=\"twitter:card\" content=\"summary_large_image\" \/>\n<meta name=\"twitter:label1\" content=\"Escrito por\" \/>\n\t<meta name=\"twitter:data1\" content=\"moacir\" \/>\n\t<meta name=\"twitter:label2\" content=\"Est. tempo de leitura\" \/>\n\t<meta name=\"twitter:data2\" content=\"5 minutos\" \/>\n<script type=\"application\/ld+json\" class=\"yoast-schema-graph\">{\"@context\":\"https:\/\/schema.org\",\"@graph\":[{\"@type\":\"WebSite\",\"@id\":\"https:\/\/franciscanos.org.br\/noticias\/#website\",\"url\":\"https:\/\/franciscanos.org.br\/noticias\/\",\"name\":\"Not\u00edcias - Franciscanos\",\"description\":\"Prov\u00edncia Franciscana da Imaculada Concei\u00e7\u00e3o do Brasil - Ordem dos Frades Menores - OFM\",\"potentialAction\":[{\"@type\":\"SearchAction\",\"target\":{\"@type\":\"EntryPoint\",\"urlTemplate\":\"https:\/\/franciscanos.org.br\/noticias\/?s={search_term_string}\"},\"query-input\":\"required name=search_term_string\"}],\"inLanguage\":\"pt-BR\"},{\"@type\":\"ImageObject\",\"inLanguage\":\"pt-BR\",\"@id\":\"https:\/\/franciscanos.org.br\/noticias\/papa-a-oracao-acalma-as-nossas-inquietudes.html#primaryimage\",\"url\":\"https:\/\/franciscanos.org.br\/noticias\/wp-content\/uploads\/2020\/11\/audiencia_1811d.jpg\",\"contentUrl\":\"https:\/\/franciscanos.org.br\/noticias\/wp-content\/uploads\/2020\/11\/audiencia_1811d.jpg\",\"width\":800,\"height\":599},{\"@type\":\"WebPage\",\"@id\":\"https:\/\/franciscanos.org.br\/noticias\/papa-a-oracao-acalma-as-nossas-inquietudes.html#webpage\",\"url\":\"https:\/\/franciscanos.org.br\/noticias\/papa-a-oracao-acalma-as-nossas-inquietudes.html\",\"name\":\"Papa: A ora\u00e7\u00e3o acalma as nossas inquietudes - Not\u00edcias - Franciscanos\",\"isPartOf\":{\"@id\":\"https:\/\/franciscanos.org.br\/noticias\/#website\"},\"primaryImageOfPage\":{\"@id\":\"https:\/\/franciscanos.org.br\/noticias\/papa-a-oracao-acalma-as-nossas-inquietudes.html#primaryimage\"},\"datePublished\":\"2020-11-18T09:40:34+00:00\",\"dateModified\":\"2020-11-18T09:41:07+00:00\",\"author\":{\"@id\":\"https:\/\/franciscanos.org.br\/noticias\/#\/schema\/person\/b5c8cba458c330ccff548b056e95a5d4\"},\"breadcrumb\":{\"@id\":\"https:\/\/franciscanos.org.br\/noticias\/papa-a-oracao-acalma-as-nossas-inquietudes.html#breadcrumb\"},\"inLanguage\":\"pt-BR\",\"potentialAction\":[{\"@type\":\"ReadAction\",\"target\":[\"https:\/\/franciscanos.org.br\/noticias\/papa-a-oracao-acalma-as-nossas-inquietudes.html\"]}]},{\"@type\":\"BreadcrumbList\",\"@id\":\"https:\/\/franciscanos.org.br\/noticias\/papa-a-oracao-acalma-as-nossas-inquietudes.html#breadcrumb\",\"itemListElement\":[{\"@type\":\"ListItem\",\"position\":1,\"name\":\"Home\",\"item\":\"https:\/\/franciscanos.org.br\/noticias\"},{\"@type\":\"ListItem\",\"position\":2,\"name\":\"Papa: A ora\u00e7\u00e3o acalma as nossas inquietudes\"}]},{\"@type\":\"Person\",\"@id\":\"https:\/\/franciscanos.org.br\/noticias\/#\/schema\/person\/b5c8cba458c330ccff548b056e95a5d4\",\"name\":\"moacir\",\"image\":{\"@type\":\"ImageObject\",\"inLanguage\":\"pt-BR\",\"@id\":\"https:\/\/franciscanos.org.br\/noticias\/#\/schema\/person\/image\/\",\"url\":\"https:\/\/secure.gravatar.com\/avatar\/d08aa2ce4c8dd416d4479aa8536fcf64?s=96&d=mm&r=g\",\"contentUrl\":\"https:\/\/secure.gravatar.com\/avatar\/d08aa2ce4c8dd416d4479aa8536fcf64?s=96&d=mm&r=g\",\"caption\":\"moacir\"},\"url\":\"https:\/\/franciscanos.org.br\/noticias\/author\/moacir\"}]}<\/script>\n<!-- \/ Yoast SEO plugin. -->","yoast_head_json":{"title":"Papa: A ora\u00e7\u00e3o acalma as nossas inquietudes - Not\u00edcias - Franciscanos","robots":{"index":"index","follow":"follow","max-snippet":"max-snippet:-1","max-image-preview":"max-image-preview:large","max-video-preview":"max-video-preview:-1"},"canonical":"https:\/\/franciscanos.org.br\/noticias\/papa-a-oracao-acalma-as-nossas-inquietudes.html","og_locale":"pt_BR","og_type":"article","og_title":"Papa: A ora\u00e7\u00e3o acalma as nossas inquietudes - Not\u00edcias - Franciscanos","og_description":"Audi\u00eancia Geral","og_url":"https:\/\/franciscanos.org.br\/noticias\/papa-a-oracao-acalma-as-nossas-inquietudes.html","og_site_name":"Not\u00edcias - Franciscanos","article_published_time":"2020-11-18T09:40:34+00:00","article_modified_time":"2020-11-18T09:41:07+00:00","og_image":[{"width":800,"height":599,"url":"https:\/\/franciscanos.org.br\/noticias\/wp-content\/uploads\/2020\/11\/audiencia_1811d.jpg","type":"image\/jpeg"}],"author":"moacir","twitter_card":"summary_large_image","twitter_misc":{"Escrito por":"moacir","Est. tempo de leitura":"5 minutos"},"schema":{"@context":"https:\/\/schema.org","@graph":[{"@type":"WebSite","@id":"https:\/\/franciscanos.org.br\/noticias\/#website","url":"https:\/\/franciscanos.org.br\/noticias\/","name":"Not\u00edcias - Franciscanos","description":"Prov\u00edncia Franciscana da Imaculada Concei\u00e7\u00e3o do Brasil - Ordem dos Frades Menores - OFM","potentialAction":[{"@type":"SearchAction","target":{"@type":"EntryPoint","urlTemplate":"https:\/\/franciscanos.org.br\/noticias\/?s={search_term_string}"},"query-input":"required name=search_term_string"}],"inLanguage":"pt-BR"},{"@type":"ImageObject","inLanguage":"pt-BR","@id":"https:\/\/franciscanos.org.br\/noticias\/papa-a-oracao-acalma-as-nossas-inquietudes.html#primaryimage","url":"https:\/\/franciscanos.org.br\/noticias\/wp-content\/uploads\/2020\/11\/audiencia_1811d.jpg","contentUrl":"https:\/\/franciscanos.org.br\/noticias\/wp-content\/uploads\/2020\/11\/audiencia_1811d.jpg","width":800,"height":599},{"@type":"WebPage","@id":"https:\/\/franciscanos.org.br\/noticias\/papa-a-oracao-acalma-as-nossas-inquietudes.html#webpage","url":"https:\/\/franciscanos.org.br\/noticias\/papa-a-oracao-acalma-as-nossas-inquietudes.html","name":"Papa: A ora\u00e7\u00e3o acalma as nossas inquietudes - Not\u00edcias - Franciscanos","isPartOf":{"@id":"https:\/\/franciscanos.org.br\/noticias\/#website"},"primaryImageOfPage":{"@id":"https:\/\/franciscanos.org.br\/noticias\/papa-a-oracao-acalma-as-nossas-inquietudes.html#primaryimage"},"datePublished":"2020-11-18T09:40:34+00:00","dateModified":"2020-11-18T09:41:07+00:00","author":{"@id":"https:\/\/franciscanos.org.br\/noticias\/#\/schema\/person\/b5c8cba458c330ccff548b056e95a5d4"},"breadcrumb":{"@id":"https:\/\/franciscanos.org.br\/noticias\/papa-a-oracao-acalma-as-nossas-inquietudes.html#breadcrumb"},"inLanguage":"pt-BR","potentialAction":[{"@type":"ReadAction","target":["https:\/\/franciscanos.org.br\/noticias\/papa-a-oracao-acalma-as-nossas-inquietudes.html"]}]},{"@type":"BreadcrumbList","@id":"https:\/\/franciscanos.org.br\/noticias\/papa-a-oracao-acalma-as-nossas-inquietudes.html#breadcrumb","itemListElement":[{"@type":"ListItem","position":1,"name":"Home","item":"https:\/\/franciscanos.org.br\/noticias"},{"@type":"ListItem","position":2,"name":"Papa: A ora\u00e7\u00e3o acalma as nossas inquietudes"}]},{"@type":"Person","@id":"https:\/\/franciscanos.org.br\/noticias\/#\/schema\/person\/b5c8cba458c330ccff548b056e95a5d4","name":"moacir","image":{"@type":"ImageObject","inLanguage":"pt-BR","@id":"https:\/\/franciscanos.org.br\/noticias\/#\/schema\/person\/image\/","url":"https:\/\/secure.gravatar.com\/avatar\/d08aa2ce4c8dd416d4479aa8536fcf64?s=96&d=mm&r=g","contentUrl":"https:\/\/secure.gravatar.com\/avatar\/d08aa2ce4c8dd416d4479aa8536fcf64?s=96&d=mm&r=g","caption":"moacir"},"url":"https:\/\/franciscanos.org.br\/noticias\/author\/moacir"}]}},"_links":{"self":[{"href":"https:\/\/franciscanos.org.br\/noticias\/wp-json\/wp\/v2\/posts\/229441"}],"collection":[{"href":"https:\/\/franciscanos.org.br\/noticias\/wp-json\/wp\/v2\/posts"}],"about":[{"href":"https:\/\/franciscanos.org.br\/noticias\/wp-json\/wp\/v2\/types\/post"}],"author":[{"embeddable":true,"href":"https:\/\/franciscanos.org.br\/noticias\/wp-json\/wp\/v2\/users\/3"}],"replies":[{"embeddable":true,"href":"https:\/\/franciscanos.org.br\/noticias\/wp-json\/wp\/v2\/comments?post=229441"}],"version-history":[{"count":2,"href":"https:\/\/franciscanos.org.br\/noticias\/wp-json\/wp\/v2\/posts\/229441\/revisions"}],"predecessor-version":[{"id":229445,"href":"https:\/\/franciscanos.org.br\/noticias\/wp-json\/wp\/v2\/posts\/229441\/revisions\/229445"}],"wp:featuredmedia":[{"embeddable":true,"href":"https:\/\/franciscanos.org.br\/noticias\/wp-json\/wp\/v2\/media\/229443"}],"wp:attachment":[{"href":"https:\/\/franciscanos.org.br\/noticias\/wp-json\/wp\/v2\/media?parent=229441"}],"wp:term":[{"taxonomy":"category","embeddable":true,"href":"https:\/\/franciscanos.org.br\/noticias\/wp-json\/wp\/v2\/categories?post=229441"},{"taxonomy":"post_tag","embeddable":true,"href":"https:\/\/franciscanos.org.br\/noticias\/wp-json\/wp\/v2\/tags?post=229441"}],"curies":[{"name":"wp","href":"https:\/\/api.w.org\/{rel}","templated":true}]}}