{"id":229435,"date":"2020-11-17T06:56:57","date_gmt":"2020-11-17T09:56:57","guid":{"rendered":"https:\/\/franciscanos.org.br\/noticias\/?p=229435"},"modified":"2020-11-17T06:59:30","modified_gmt":"2020-11-17T09:59:30","slug":"semana-de-filosofia-vozes-promove-cinco-debates-sobre-a-arte-de-viver-a-vida","status":"publish","type":"post","link":"https:\/\/franciscanos.org.br\/noticias\/semana-de-filosofia-vozes-promove-cinco-debates-sobre-a-arte-de-viver-a-vida.html","title":{"rendered":"Semana de Filosofia Vozes promove cinco debates sobre a arte de viver a vida"},"content":{"rendered":"<p><img loading=\"lazy\" class=\"alignnone size-full wp-image-229436\" src=\"https:\/\/franciscanos.org.br\/noticias\/wp-content\/uploads\/2020\/11\/vozes_1.jpg\" alt=\"\" width=\"1450\" height=\"560\" srcset=\"https:\/\/franciscanos.org.br\/noticias\/wp-content\/uploads\/2020\/11\/vozes_1.jpg 1450w, https:\/\/franciscanos.org.br\/noticias\/wp-content\/uploads\/2020\/11\/vozes_1-450x174.jpg 450w, https:\/\/franciscanos.org.br\/noticias\/wp-content\/uploads\/2020\/11\/vozes_1-1024x395.jpg 1024w, https:\/\/franciscanos.org.br\/noticias\/wp-content\/uploads\/2020\/11\/vozes_1-768x297.jpg 768w, https:\/\/franciscanos.org.br\/noticias\/wp-content\/uploads\/2020\/11\/vozes_1-150x58.jpg 150w\" sizes=\"(max-width: 1450px) 100vw, 1450px\" \/><\/p>\n<p><em>Encontros abordam temas da filosofia contempor\u00e2nea, com os principais autores da \u00e1rea<\/em><\/p>\n<p>Cinco palestras para refletir sobre a arte de viver a vida e seus desafios, principalmente, no momento adverso que a sociedade se encontra. Essa \u00e9 a proposta da Semana de Filosofia Vozes, que ser\u00e1 realizada entre os dias 23 e 27 de novembro, sempre \u00e0s 18h, no canal da Editora Vozes no YouTube.<\/p>\n<p>Entre os convidados, uma reuni\u00e3o dos principais autores do cat\u00e1logo: Lu\u00eds Mauro S\u00e1 Martino e \u00c2ngela Salgueiro Marques, Viviane Mos\u00e9, Cl\u00f3vis de Barros Filho e Mario Sergio Cortella, que encerrar\u00e1 o evento. O pensamento de Byung-Chul Han ser\u00e1 apresentado pelo tradutor e fil\u00f3sofo Lucas Machado.<\/p>\n<p>Desde a d\u00e9cada de 90, a Editora faz grandes apostas no cat\u00e1logo de Filosofia Contempor\u00e2nea. O pioneiro foi o livro <em>A \u00e1guia e a galinha<\/em>, de Leonardo Boff, que incentiva os leitores a crescerem humanamente. Outro grande marco na hist\u00f3ria das publica\u00e7\u00f5es da \u00e1rea foi <em>Qual \u00e9 a tua obra?<\/em>, do professor Cortella, que, por anos, figurou nas principais listas de mais vendidos pelo pa\u00eds.<\/p>\n<p>As atualiza\u00e7\u00f5es no cat\u00e1logo fizeram-se necess\u00e1rias ao longo dos anos e novos nomes surgiram, e firmaram-se, no mercado nacional e internacional, todos com o objetivo de pensar a filosofia hoje, provocando reflex\u00f5es instigantes e fomentando o entusiasmo e conhecimento na busca da identidade e entendimento da sociedade. Nasceu da\u00ed a proposta da Semana de Filosofia Vozes, que juntou os seis palestrantes com o mesmo prop\u00f3sito: levar ao p\u00fablico conte\u00fado gratuito, de qualidade e que provoque e possibilite essa reflex\u00e3o.<\/p>\n<p>S\u00e1 Martino e \u00c2ngela, rec\u00e9m lan\u00e7ados no universo da filosofia, abordar\u00e3o o tema da conviv\u00eancia em sua fala, com o t\u00edtulo \u201cNo caos da conviv\u00eancia: a filosofia e a arte de viver com os outros\u201d, hom\u00f4nimo ao \u00faltimo lan\u00e7amento de ambos pela Vozes.<\/p>\n<p>No segundo dia, Viviane Mos\u00e9 trar\u00e1 Nietzsche para a conversa. Em \u201cNietzsche e as grandes quest\u00f5es da atualidade\u201d, Mos\u00e9 trar\u00e1 os seus pensamentos e os do fil\u00f3sofo &#8211; que mesmo depois de mais de 100 anos de sua morte, mant\u00e9m-se t\u00e3o atual.<\/p>\n<p>A principal obra de Byung-Chul Han publicada pela Editora ser\u00e1 contemplada no terceiro encontro. Para apresentar o tema &#8220;A sociedade do cansa\u00e7o em Byung-Chul Han&#8221;, o convidado \u00e9 o fil\u00f3sofo e tradutor Lucas Machado, que apresentar\u00e1 as principais ideias do fil\u00f3sofo sul-coreano aplicadas \u00e0 atualidade.<\/p>\n<p>Completando dez anos de sua primeira publica\u00e7\u00e3o, a obra <em>A vida que vale a pena ser vivida<\/em>, de Cl\u00f3vis de Barros Filho e Arthur Meucci, ganha uma nova edi\u00e7\u00e3o. Para celebrar o marco, Cl\u00f3vis participar\u00e1 do bate-papo com o mesmo tema.<\/p>\n<p>O encerramento ficar\u00e1 por conta de Mario Sergio Cortella, que lan\u00e7a mais uma obra pela Editora Vozes. Em <em>Sabedorias para partilhar<\/em>, o autor convida o leitor para uma reflex\u00e3o filos\u00f3fica a respeito das multiplicidades da vida. Essa tamb\u00e9m \u00e9 a proposta do encontro &#8220;A vida para al\u00e9m de si mesma: ningu\u00e9m \u00e9 insubstitu\u00edvel?&#8221;, que termina a semana com uma importante provoca\u00e7\u00e3o.<\/p>\n<hr \/>\n<h3><strong>Servi\u00e7o:<\/strong><\/h3>\n<p><strong>\u00a0<\/strong><strong><em>Semana de Filosofia Vozes<\/em><\/strong><\/p>\n<p>Seis palestrantes, cinco temas sobre a arte de viver a vida e horas de conhecimento e reflex\u00e3o.<br \/>\nDe 23 a 27 de novembro<br \/>\nSempre \u00e0s 18h<br \/>\nAo vivo em youtube.com\/editoravozes.<\/p>\n<p><strong>23 de novembro<br \/>\n<\/strong>&#8220;No caos da conviv\u00eancia: a filosofia e a arte de viver com os outros&#8221;<br \/>\nCom os autores <strong>\u00c2ngela Salgueiro Marques<\/strong> e <strong>Lu\u00eds Mauro S\u00e1 Martino<br \/>\n<\/strong>\u00c0s 18h<br \/>\nNo canal da Editora Vozes: youtube.com\/editoravozes<\/p>\n<p><strong>24 de novembro<br \/>\n<\/strong>&#8220;Nietzsche e as grandes quest\u00f5es da atualidade&#8221;<br \/>\nCom a autora <strong>Viviane Mos\u00e9<br \/>\n<\/strong>\u00c0s 18h<br \/>\nNo canal da Editora Vozes: youtube.com\/editoravozes<\/p>\n<p><strong>25 de novembro<br \/>\n<\/strong>&#8220;A sociedade do cansa\u00e7o em Byung-Chul Han&#8221;<br \/>\nCom o fil\u00f3sofo <strong>Lucas Machado<br \/>\n<\/strong>\u00c0s 18h<br \/>\nNo canal da Editora Vozes: youtube.com\/editoravozes<\/p>\n<p><strong>26 de novembro<br \/>\n<\/strong>&#8220;A Vida que Vale a Pena Ser Vivida&#8221;<br \/>\nCom o autor <strong>Cl\u00f3vis de Barros Filho<br \/>\n<\/strong>\u00c0s 18hNo canal da Editora Vozes: youtube.com\/editoravozes<\/p>\n<p><strong>27 de novembro<br \/>\n<\/strong>&#8220;A vida para al\u00e9m de si mesma: ningu\u00e9m \u00e9 insubstitu\u00edvel?&#8221;<br \/>\nCom o autor <strong>Mario Sergio Cortella<br \/>\n<\/strong>\u00c0s 18hNo canal da Editora Vozes: youtube.com\/editoravozes<\/p>\n<p>Adquira as obras dos autores no site: www.livrariavozes.com.br<\/p>\n","protected":false},"excerpt":{"rendered":"<p>Editora Vozes<\/p>\n","protected":false},"author":3,"featured_media":229437,"comment_status":"open","ping_status":"open","sticky":false,"template":"","format":"standard","meta":[],"categories":[1],"tags":[238],"acf":[],"yoast_head":"<!-- This site is optimized with the Yoast SEO plugin v19.2 - https:\/\/yoast.com\/wordpress\/plugins\/seo\/ -->\n<title>Semana de Filosofia Vozes promove cinco debates sobre a arte de viver a vida - Not\u00edcias - Franciscanos<\/title>\n<meta name=\"robots\" content=\"index, follow, max-snippet:-1, max-image-preview:large, max-video-preview:-1\" \/>\n<link rel=\"canonical\" href=\"https:\/\/franciscanos.org.br\/noticias\/semana-de-filosofia-vozes-promove-cinco-debates-sobre-a-arte-de-viver-a-vida.html\" \/>\n<meta property=\"og:locale\" content=\"pt_BR\" \/>\n<meta property=\"og:type\" content=\"article\" \/>\n<meta property=\"og:title\" content=\"Semana de Filosofia Vozes promove cinco debates sobre a arte de viver a vida - Not\u00edcias - Franciscanos\" \/>\n<meta property=\"og:description\" content=\"Editora Vozes\" \/>\n<meta property=\"og:url\" content=\"https:\/\/franciscanos.org.br\/noticias\/semana-de-filosofia-vozes-promove-cinco-debates-sobre-a-arte-de-viver-a-vida.html\" \/>\n<meta property=\"og:site_name\" content=\"Not\u00edcias - Franciscanos\" \/>\n<meta property=\"article:published_time\" content=\"2020-11-17T09:56:57+00:00\" \/>\n<meta property=\"article:modified_time\" content=\"2020-11-17T09:59:30+00:00\" \/>\n<meta property=\"og:image\" content=\"https:\/\/franciscanos.org.br\/noticias\/wp-content\/uploads\/2020\/11\/vozes_d.jpg\" \/>\n\t<meta property=\"og:image:width\" content=\"747\" \/>\n\t<meta property=\"og:image:height\" content=\"560\" \/>\n\t<meta property=\"og:image:type\" content=\"image\/jpeg\" \/>\n<meta name=\"author\" content=\"moacir\" \/>\n<meta name=\"twitter:card\" content=\"summary_large_image\" \/>\n<meta name=\"twitter:label1\" content=\"Escrito por\" \/>\n\t<meta name=\"twitter:data1\" content=\"moacir\" \/>\n\t<meta name=\"twitter:label2\" content=\"Est. tempo de leitura\" \/>\n\t<meta name=\"twitter:data2\" content=\"4 minutos\" \/>\n<script type=\"application\/ld+json\" class=\"yoast-schema-graph\">{\"@context\":\"https:\/\/schema.org\",\"@graph\":[{\"@type\":\"WebSite\",\"@id\":\"https:\/\/franciscanos.org.br\/noticias\/#website\",\"url\":\"https:\/\/franciscanos.org.br\/noticias\/\",\"name\":\"Not\u00edcias - Franciscanos\",\"description\":\"Prov\u00edncia Franciscana da Imaculada Concei\u00e7\u00e3o do Brasil - Ordem dos Frades Menores - OFM\",\"potentialAction\":[{\"@type\":\"SearchAction\",\"target\":{\"@type\":\"EntryPoint\",\"urlTemplate\":\"https:\/\/franciscanos.org.br\/noticias\/?s={search_term_string}\"},\"query-input\":\"required name=search_term_string\"}],\"inLanguage\":\"pt-BR\"},{\"@type\":\"ImageObject\",\"inLanguage\":\"pt-BR\",\"@id\":\"https:\/\/franciscanos.org.br\/noticias\/semana-de-filosofia-vozes-promove-cinco-debates-sobre-a-arte-de-viver-a-vida.html#primaryimage\",\"url\":\"https:\/\/franciscanos.org.br\/noticias\/wp-content\/uploads\/2020\/11\/vozes_d.jpg\",\"contentUrl\":\"https:\/\/franciscanos.org.br\/noticias\/wp-content\/uploads\/2020\/11\/vozes_d.jpg\",\"width\":747,\"height\":560},{\"@type\":\"WebPage\",\"@id\":\"https:\/\/franciscanos.org.br\/noticias\/semana-de-filosofia-vozes-promove-cinco-debates-sobre-a-arte-de-viver-a-vida.html#webpage\",\"url\":\"https:\/\/franciscanos.org.br\/noticias\/semana-de-filosofia-vozes-promove-cinco-debates-sobre-a-arte-de-viver-a-vida.html\",\"name\":\"Semana de Filosofia Vozes promove cinco debates sobre a arte de viver a vida - Not\u00edcias - Franciscanos\",\"isPartOf\":{\"@id\":\"https:\/\/franciscanos.org.br\/noticias\/#website\"},\"primaryImageOfPage\":{\"@id\":\"https:\/\/franciscanos.org.br\/noticias\/semana-de-filosofia-vozes-promove-cinco-debates-sobre-a-arte-de-viver-a-vida.html#primaryimage\"},\"datePublished\":\"2020-11-17T09:56:57+00:00\",\"dateModified\":\"2020-11-17T09:59:30+00:00\",\"author\":{\"@id\":\"https:\/\/franciscanos.org.br\/noticias\/#\/schema\/person\/b5c8cba458c330ccff548b056e95a5d4\"},\"breadcrumb\":{\"@id\":\"https:\/\/franciscanos.org.br\/noticias\/semana-de-filosofia-vozes-promove-cinco-debates-sobre-a-arte-de-viver-a-vida.html#breadcrumb\"},\"inLanguage\":\"pt-BR\",\"potentialAction\":[{\"@type\":\"ReadAction\",\"target\":[\"https:\/\/franciscanos.org.br\/noticias\/semana-de-filosofia-vozes-promove-cinco-debates-sobre-a-arte-de-viver-a-vida.html\"]}]},{\"@type\":\"BreadcrumbList\",\"@id\":\"https:\/\/franciscanos.org.br\/noticias\/semana-de-filosofia-vozes-promove-cinco-debates-sobre-a-arte-de-viver-a-vida.html#breadcrumb\",\"itemListElement\":[{\"@type\":\"ListItem\",\"position\":1,\"name\":\"Home\",\"item\":\"https:\/\/franciscanos.org.br\/noticias\"},{\"@type\":\"ListItem\",\"position\":2,\"name\":\"Semana de Filosofia Vozes promove cinco debates sobre a arte de viver a vida\"}]},{\"@type\":\"Person\",\"@id\":\"https:\/\/franciscanos.org.br\/noticias\/#\/schema\/person\/b5c8cba458c330ccff548b056e95a5d4\",\"name\":\"moacir\",\"image\":{\"@type\":\"ImageObject\",\"inLanguage\":\"pt-BR\",\"@id\":\"https:\/\/franciscanos.org.br\/noticias\/#\/schema\/person\/image\/\",\"url\":\"https:\/\/secure.gravatar.com\/avatar\/d08aa2ce4c8dd416d4479aa8536fcf64?s=96&d=mm&r=g\",\"contentUrl\":\"https:\/\/secure.gravatar.com\/avatar\/d08aa2ce4c8dd416d4479aa8536fcf64?s=96&d=mm&r=g\",\"caption\":\"moacir\"},\"url\":\"https:\/\/franciscanos.org.br\/noticias\/author\/moacir\"}]}<\/script>\n<!-- \/ Yoast SEO plugin. -->","yoast_head_json":{"title":"Semana de Filosofia Vozes promove cinco debates sobre a arte de viver a vida - Not\u00edcias - Franciscanos","robots":{"index":"index","follow":"follow","max-snippet":"max-snippet:-1","max-image-preview":"max-image-preview:large","max-video-preview":"max-video-preview:-1"},"canonical":"https:\/\/franciscanos.org.br\/noticias\/semana-de-filosofia-vozes-promove-cinco-debates-sobre-a-arte-de-viver-a-vida.html","og_locale":"pt_BR","og_type":"article","og_title":"Semana de Filosofia Vozes promove cinco debates sobre a arte de viver a vida - Not\u00edcias - Franciscanos","og_description":"Editora Vozes","og_url":"https:\/\/franciscanos.org.br\/noticias\/semana-de-filosofia-vozes-promove-cinco-debates-sobre-a-arte-de-viver-a-vida.html","og_site_name":"Not\u00edcias - Franciscanos","article_published_time":"2020-11-17T09:56:57+00:00","article_modified_time":"2020-11-17T09:59:30+00:00","og_image":[{"width":747,"height":560,"url":"https:\/\/franciscanos.org.br\/noticias\/wp-content\/uploads\/2020\/11\/vozes_d.jpg","type":"image\/jpeg"}],"author":"moacir","twitter_card":"summary_large_image","twitter_misc":{"Escrito por":"moacir","Est. tempo de leitura":"4 minutos"},"schema":{"@context":"https:\/\/schema.org","@graph":[{"@type":"WebSite","@id":"https:\/\/franciscanos.org.br\/noticias\/#website","url":"https:\/\/franciscanos.org.br\/noticias\/","name":"Not\u00edcias - Franciscanos","description":"Prov\u00edncia Franciscana da Imaculada Concei\u00e7\u00e3o do Brasil - Ordem dos Frades Menores - OFM","potentialAction":[{"@type":"SearchAction","target":{"@type":"EntryPoint","urlTemplate":"https:\/\/franciscanos.org.br\/noticias\/?s={search_term_string}"},"query-input":"required name=search_term_string"}],"inLanguage":"pt-BR"},{"@type":"ImageObject","inLanguage":"pt-BR","@id":"https:\/\/franciscanos.org.br\/noticias\/semana-de-filosofia-vozes-promove-cinco-debates-sobre-a-arte-de-viver-a-vida.html#primaryimage","url":"https:\/\/franciscanos.org.br\/noticias\/wp-content\/uploads\/2020\/11\/vozes_d.jpg","contentUrl":"https:\/\/franciscanos.org.br\/noticias\/wp-content\/uploads\/2020\/11\/vozes_d.jpg","width":747,"height":560},{"@type":"WebPage","@id":"https:\/\/franciscanos.org.br\/noticias\/semana-de-filosofia-vozes-promove-cinco-debates-sobre-a-arte-de-viver-a-vida.html#webpage","url":"https:\/\/franciscanos.org.br\/noticias\/semana-de-filosofia-vozes-promove-cinco-debates-sobre-a-arte-de-viver-a-vida.html","name":"Semana de Filosofia Vozes promove cinco debates sobre a arte de viver a vida - Not\u00edcias - Franciscanos","isPartOf":{"@id":"https:\/\/franciscanos.org.br\/noticias\/#website"},"primaryImageOfPage":{"@id":"https:\/\/franciscanos.org.br\/noticias\/semana-de-filosofia-vozes-promove-cinco-debates-sobre-a-arte-de-viver-a-vida.html#primaryimage"},"datePublished":"2020-11-17T09:56:57+00:00","dateModified":"2020-11-17T09:59:30+00:00","author":{"@id":"https:\/\/franciscanos.org.br\/noticias\/#\/schema\/person\/b5c8cba458c330ccff548b056e95a5d4"},"breadcrumb":{"@id":"https:\/\/franciscanos.org.br\/noticias\/semana-de-filosofia-vozes-promove-cinco-debates-sobre-a-arte-de-viver-a-vida.html#breadcrumb"},"inLanguage":"pt-BR","potentialAction":[{"@type":"ReadAction","target":["https:\/\/franciscanos.org.br\/noticias\/semana-de-filosofia-vozes-promove-cinco-debates-sobre-a-arte-de-viver-a-vida.html"]}]},{"@type":"BreadcrumbList","@id":"https:\/\/franciscanos.org.br\/noticias\/semana-de-filosofia-vozes-promove-cinco-debates-sobre-a-arte-de-viver-a-vida.html#breadcrumb","itemListElement":[{"@type":"ListItem","position":1,"name":"Home","item":"https:\/\/franciscanos.org.br\/noticias"},{"@type":"ListItem","position":2,"name":"Semana de Filosofia Vozes promove cinco debates sobre a arte de viver a vida"}]},{"@type":"Person","@id":"https:\/\/franciscanos.org.br\/noticias\/#\/schema\/person\/b5c8cba458c330ccff548b056e95a5d4","name":"moacir","image":{"@type":"ImageObject","inLanguage":"pt-BR","@id":"https:\/\/franciscanos.org.br\/noticias\/#\/schema\/person\/image\/","url":"https:\/\/secure.gravatar.com\/avatar\/d08aa2ce4c8dd416d4479aa8536fcf64?s=96&d=mm&r=g","contentUrl":"https:\/\/secure.gravatar.com\/avatar\/d08aa2ce4c8dd416d4479aa8536fcf64?s=96&d=mm&r=g","caption":"moacir"},"url":"https:\/\/franciscanos.org.br\/noticias\/author\/moacir"}]}},"_links":{"self":[{"href":"https:\/\/franciscanos.org.br\/noticias\/wp-json\/wp\/v2\/posts\/229435"}],"collection":[{"href":"https:\/\/franciscanos.org.br\/noticias\/wp-json\/wp\/v2\/posts"}],"about":[{"href":"https:\/\/franciscanos.org.br\/noticias\/wp-json\/wp\/v2\/types\/post"}],"author":[{"embeddable":true,"href":"https:\/\/franciscanos.org.br\/noticias\/wp-json\/wp\/v2\/users\/3"}],"replies":[{"embeddable":true,"href":"https:\/\/franciscanos.org.br\/noticias\/wp-json\/wp\/v2\/comments?post=229435"}],"version-history":[{"count":3,"href":"https:\/\/franciscanos.org.br\/noticias\/wp-json\/wp\/v2\/posts\/229435\/revisions"}],"predecessor-version":[{"id":229440,"href":"https:\/\/franciscanos.org.br\/noticias\/wp-json\/wp\/v2\/posts\/229435\/revisions\/229440"}],"wp:featuredmedia":[{"embeddable":true,"href":"https:\/\/franciscanos.org.br\/noticias\/wp-json\/wp\/v2\/media\/229437"}],"wp:attachment":[{"href":"https:\/\/franciscanos.org.br\/noticias\/wp-json\/wp\/v2\/media?parent=229435"}],"wp:term":[{"taxonomy":"category","embeddable":true,"href":"https:\/\/franciscanos.org.br\/noticias\/wp-json\/wp\/v2\/categories?post=229435"},{"taxonomy":"post_tag","embeddable":true,"href":"https:\/\/franciscanos.org.br\/noticias\/wp-json\/wp\/v2\/tags?post=229435"}],"curies":[{"name":"wp","href":"https:\/\/api.w.org\/{rel}","templated":true}]}}