{"id":229423,"date":"2020-11-16T07:46:29","date_gmt":"2020-11-16T10:46:29","guid":{"rendered":"https:\/\/franciscanos.org.br\/noticias\/?p=229423"},"modified":"2020-11-16T07:46:29","modified_gmt":"2020-11-16T10:46:29","slug":"a-economia-de-francisco-comeca-quinta","status":"publish","type":"post","link":"https:\/\/franciscanos.org.br\/noticias\/a-economia-de-francisco-comeca-quinta.html","title":{"rendered":"&#8220;A economia de Francisco&#8221; come\u00e7a quinta"},"content":{"rendered":"<div id=\"attachment_229424\" style=\"width: 1290px\" class=\"wp-caption alignnone\"><img aria-describedby=\"caption-attachment-229424\" loading=\"lazy\" class=\"wp-image-229424 size-full\" src=\"https:\/\/franciscanos.org.br\/noticias\/wp-content\/uploads\/2020\/11\/economia_1611.jpg\" alt=\"\" width=\"1280\" height=\"720\" srcset=\"https:\/\/franciscanos.org.br\/noticias\/wp-content\/uploads\/2020\/11\/economia_1611.jpg 1280w, https:\/\/franciscanos.org.br\/noticias\/wp-content\/uploads\/2020\/11\/economia_1611-450x253.jpg 450w, https:\/\/franciscanos.org.br\/noticias\/wp-content\/uploads\/2020\/11\/economia_1611-1024x576.jpg 1024w, https:\/\/franciscanos.org.br\/noticias\/wp-content\/uploads\/2020\/11\/economia_1611-768x432.jpg 768w, https:\/\/franciscanos.org.br\/noticias\/wp-content\/uploads\/2020\/11\/economia_1611-150x84.jpg 150w\" sizes=\"(max-width: 1280px) 100vw, 1280px\" \/><p id=\"caption-attachment-229424\" class=\"wp-caption-text\">\u00a0 \u00a0 \u00a0 \u00a0 \u00a0 \u00a0 \u00a0 \u00a0 \u00a0 \u00a0 \u00a0 \u00a0 \u00a0 \u00a0 \u00a0 \u00a0 \u00a0 \u00a0 \u00a0 \u00a0 \u00a0 \u00a0 \u00a0 \u00a0 \u00a0 \u00a0 \u00a0 \u00a0 \u00a0 \u00a0 \u00a0 \u00a0 \u00a0 \u00a0 \u00a0 \u00a0 \u00a0 \u00a0 \u00a0 \u00a0 \u00a0 \u00a0 \u00a0 \u00a0 \u00a0 \u00a0 \u00a0 \u00a0 \u00a0 \u00a0 \u00a0 \u00a0 \u00a0 \u00a0 \u00a0 \u00a0 \u00a0 \u00a0 \u00a0 \u00a0 \u00a0 \u00a0 \u00a0 \u00a0 \u00a0 \u00a0 \u00a0 \u00a0 \u00a0 \u00a0 \u00a0 \u00a0 \u00a0 \u00a0 \u00a0 \u00a0 \u00a0 \u00a0 \u00a0 \u00a0 \u00a0 \u00a0 \u00a0 \u00a0 \u00a0 \u00a0 \u00a0 \u00a0 \u00a0 \u00a0 \u00a0 \u00a0 \u00a0 \u00a0 \u00a0 \u00a0 <em>\u00a0 \u00a0 \u00a0Imagem Wikimedia Commons<\/em><\/p><\/div>\n<p>Uma nova maneira de entender a economia de acordo com o esp\u00edrito de S\u00e3o Francisco de Assis e da enc\u00edclica Laudato si\u2019. Criar um movimento de jovens economistas para traduzir na vida cotidiana a enc\u00edclica Fratelli tutti. Estes s\u00e3o os objetivos da &#8220;Economia de Francisco&#8221;, o encontro com os jovens economistas desejado pelo Santo Padre, agendado para os dias 19, 20 e 21 de novembro pr\u00f3ximo. No centro deste evento internacional, temas cruciais, como trabalho, finan\u00e7as, educa\u00e7\u00e3o, intelig\u00eancia artificial. Devido \u00e0 emerg\u00eancia sanit\u00e1ria causada pela Covid-19, ser\u00e1 realizado online ao vivo e em streaming. Foi confirmada a participa\u00e7\u00e3o &#8220;virtual&#8221; do Papa Francisco. Entre os palestrantes em di\u00e1logo com esta comunidade especial est\u00e3o Muhammad Yunus, economista e Pr\u00eamio Nobel da Paz 2006, Vabdana Shiva, membro do F\u00f3rum Internacional sobre Globaliza\u00e7\u00e3o, e Stefano Zamagni, presidente da Pontif\u00edcia Academia de Ci\u00eancias Sociais. O pr\u00f3ximo encontro, que ser\u00e1 presencial, ser\u00e1 no final de 2021 em Assis, onde S\u00e3o Francisco se despojou de toda a mundaniza\u00e7\u00e3o e escolheu Deus como a estrela polar de sua exist\u00eancia.<\/p>\n<p><strong>Dar uma alma \u00e0 economia de amanh\u00e3<\/strong><br \/>\nJovens, economistas, empres\u00e1rios e ativistas de todo o mundo s\u00e3o convidados a refletir juntos para assinar um pacto intergeracional que visa mudar a economia atual e dar uma alma \u00e0 economia do amanh\u00e3, para que esta seja mais justa, inclusiva e sustent\u00e1vel. Como o Papa Francisco tem repetidamente destacado, &#8220;tudo est\u00e1 intimamente ligado e a prote\u00e7\u00e3o ambiental n\u00e3o pode ser separada da justi\u00e7a aos pobres, da solu\u00e7\u00e3o dos problemas estruturais da economia mundial&#8221;. Portanto, \u00e9 necess\u00e1rio corrigir modelos de crescimento que n\u00e3o respeitem o homem, o meio ambiente, a dignidade da pessoa. Na carta dirigida aos jovens economistas, empres\u00e1rios e empres\u00e1rias de todo o mundo por ocasi\u00e3o da &#8220;Economia de Francisco&#8221;, o Pont\u00edfice indica o caminho do modelo econ\u00f4mico a ser constru\u00eddo, o de &#8220;uma economia diferente, que fa\u00e7a as pessoas viverem e n\u00e3o mate, inclua e n\u00e3o exclua, humanize e n\u00e3o desumanize, cuide da cria\u00e7\u00e3o e n\u00e3o a deprede&#8221;. Um novo modelo econ\u00f4mico, portanto, &#8220;fruto de uma cultura de comunh\u00e3o, baseada na fraternidade e na equidade&#8221;. S\u00e3o em particular os jovens, artes\u00e3os do futuro, os chamados a tecer a economia de Francisco.<\/p>\n<p><strong>A resposta dos jovens ao apelo do Papa<\/strong><br \/>\nA secretaria do evento recebeu mais de 3.000 inscri\u00e7\u00f5es de jovens de 120 pa\u00edses dos cinco continentes. Ligados \u00e0 economia, gest\u00e3o, filosofia, sociologia, teologia, prote\u00e7\u00e3o ambiental, recursos naturais, consumo respons\u00e1vel e estilos de vida, produ\u00e7\u00e3o, inova\u00e7\u00e3o, trabalho, finan\u00e7as, investimento para o desenvolvimento, pobreza, igualdade e dignidade humana, educa\u00e7\u00e3o e novas gera\u00e7\u00f5es, intelig\u00eancia artificial, novas tecnologias.<\/p>\n<p>H\u00e1 muitos que responderam com entusiasmo ao apelo do Papa Francisco. \u00c9 o que aponta Domenico Rossignoli, pesquisador da Universidade Cat\u00f3lica do Sagrado Cora\u00e7\u00e3o de Mil\u00e3o, na Faculdade de Ci\u00eancias Pol\u00edticas. &#8220;Devemos ter a coragem&#8221;, disse ele ao Vatican News, &#8220;de redescobrir a ess\u00eancia mais importante da economia&#8221;: a de nos dizer como viver juntos, todos n\u00f3s, da melhor maneira poss\u00edvel&#8221;. &#8220;E fazer desta economia algo que nos impulsione a construir um mundo onde os recursos possam ser utilizados para o bem de todos e n\u00e3o apenas de alguns&#8221;.<\/p>\n<hr \/>\n<p><em>Fonte: Vatican News (texto de Amedeo Lomonaco )<\/em><\/p>\n","protected":false},"excerpt":{"rendered":"<p>Evento recebeu mais de 3.000 inscri\u00e7\u00f5es de jovens de 120 pa\u00edses dos cinco continentes.<\/p>\n","protected":false},"author":3,"featured_media":229425,"comment_status":"open","ping_status":"open","sticky":false,"template":"","format":"standard","meta":[],"categories":[1428],"tags":[1775],"acf":[],"yoast_head":"<!-- This site is optimized with the Yoast SEO plugin v19.2 - https:\/\/yoast.com\/wordpress\/plugins\/seo\/ -->\n<title>&quot;A economia de Francisco&quot; come\u00e7a quinta - Not\u00edcias - Franciscanos<\/title>\n<meta name=\"robots\" content=\"index, follow, max-snippet:-1, max-image-preview:large, max-video-preview:-1\" \/>\n<link rel=\"canonical\" href=\"https:\/\/franciscanos.org.br\/noticias\/a-economia-de-francisco-comeca-quinta.html\" \/>\n<meta property=\"og:locale\" content=\"pt_BR\" \/>\n<meta property=\"og:type\" content=\"article\" \/>\n<meta property=\"og:title\" content=\"&quot;A economia de Francisco&quot; come\u00e7a quinta - Not\u00edcias - Franciscanos\" \/>\n<meta property=\"og:description\" content=\"Evento recebeu mais de 3.000 inscri\u00e7\u00f5es de jovens de 120 pa\u00edses dos cinco continentes.\" \/>\n<meta property=\"og:url\" content=\"https:\/\/franciscanos.org.br\/noticias\/a-economia-de-francisco-comeca-quinta.html\" \/>\n<meta property=\"og:site_name\" content=\"Not\u00edcias - Franciscanos\" \/>\n<meta property=\"article:published_time\" content=\"2020-11-16T10:46:29+00:00\" \/>\n<meta property=\"og:image\" content=\"https:\/\/franciscanos.org.br\/noticias\/wp-content\/uploads\/2020\/11\/economia_1611d.jpg\" \/>\n\t<meta property=\"og:image:width\" content=\"800\" \/>\n\t<meta property=\"og:image:height\" content=\"600\" \/>\n\t<meta property=\"og:image:type\" content=\"image\/jpeg\" \/>\n<meta name=\"author\" content=\"moacir\" \/>\n<meta name=\"twitter:card\" content=\"summary_large_image\" \/>\n<meta name=\"twitter:label1\" content=\"Escrito por\" \/>\n\t<meta name=\"twitter:data1\" content=\"moacir\" \/>\n\t<meta name=\"twitter:label2\" content=\"Est. tempo de leitura\" \/>\n\t<meta name=\"twitter:data2\" content=\"3 minutos\" \/>\n<script type=\"application\/ld+json\" class=\"yoast-schema-graph\">{\"@context\":\"https:\/\/schema.org\",\"@graph\":[{\"@type\":\"WebSite\",\"@id\":\"https:\/\/franciscanos.org.br\/noticias\/#website\",\"url\":\"https:\/\/franciscanos.org.br\/noticias\/\",\"name\":\"Not\u00edcias - Franciscanos\",\"description\":\"Prov\u00edncia Franciscana da Imaculada Concei\u00e7\u00e3o do Brasil - Ordem dos Frades Menores - OFM\",\"potentialAction\":[{\"@type\":\"SearchAction\",\"target\":{\"@type\":\"EntryPoint\",\"urlTemplate\":\"https:\/\/franciscanos.org.br\/noticias\/?s={search_term_string}\"},\"query-input\":\"required name=search_term_string\"}],\"inLanguage\":\"pt-BR\"},{\"@type\":\"ImageObject\",\"inLanguage\":\"pt-BR\",\"@id\":\"https:\/\/franciscanos.org.br\/noticias\/a-economia-de-francisco-comeca-quinta.html#primaryimage\",\"url\":\"https:\/\/franciscanos.org.br\/noticias\/wp-content\/uploads\/2020\/11\/economia_1611d.jpg\",\"contentUrl\":\"https:\/\/franciscanos.org.br\/noticias\/wp-content\/uploads\/2020\/11\/economia_1611d.jpg\",\"width\":800,\"height\":600},{\"@type\":\"WebPage\",\"@id\":\"https:\/\/franciscanos.org.br\/noticias\/a-economia-de-francisco-comeca-quinta.html#webpage\",\"url\":\"https:\/\/franciscanos.org.br\/noticias\/a-economia-de-francisco-comeca-quinta.html\",\"name\":\"\\\"A economia de Francisco\\\" come\u00e7a quinta - Not\u00edcias - Franciscanos\",\"isPartOf\":{\"@id\":\"https:\/\/franciscanos.org.br\/noticias\/#website\"},\"primaryImageOfPage\":{\"@id\":\"https:\/\/franciscanos.org.br\/noticias\/a-economia-de-francisco-comeca-quinta.html#primaryimage\"},\"datePublished\":\"2020-11-16T10:46:29+00:00\",\"dateModified\":\"2020-11-16T10:46:29+00:00\",\"author\":{\"@id\":\"https:\/\/franciscanos.org.br\/noticias\/#\/schema\/person\/b5c8cba458c330ccff548b056e95a5d4\"},\"breadcrumb\":{\"@id\":\"https:\/\/franciscanos.org.br\/noticias\/a-economia-de-francisco-comeca-quinta.html#breadcrumb\"},\"inLanguage\":\"pt-BR\",\"potentialAction\":[{\"@type\":\"ReadAction\",\"target\":[\"https:\/\/franciscanos.org.br\/noticias\/a-economia-de-francisco-comeca-quinta.html\"]}]},{\"@type\":\"BreadcrumbList\",\"@id\":\"https:\/\/franciscanos.org.br\/noticias\/a-economia-de-francisco-comeca-quinta.html#breadcrumb\",\"itemListElement\":[{\"@type\":\"ListItem\",\"position\":1,\"name\":\"Home\",\"item\":\"https:\/\/franciscanos.org.br\/noticias\"},{\"@type\":\"ListItem\",\"position\":2,\"name\":\"&#8220;A economia de Francisco&#8221; come\u00e7a quinta\"}]},{\"@type\":\"Person\",\"@id\":\"https:\/\/franciscanos.org.br\/noticias\/#\/schema\/person\/b5c8cba458c330ccff548b056e95a5d4\",\"name\":\"moacir\",\"image\":{\"@type\":\"ImageObject\",\"inLanguage\":\"pt-BR\",\"@id\":\"https:\/\/franciscanos.org.br\/noticias\/#\/schema\/person\/image\/\",\"url\":\"https:\/\/secure.gravatar.com\/avatar\/d08aa2ce4c8dd416d4479aa8536fcf64?s=96&d=mm&r=g\",\"contentUrl\":\"https:\/\/secure.gravatar.com\/avatar\/d08aa2ce4c8dd416d4479aa8536fcf64?s=96&d=mm&r=g\",\"caption\":\"moacir\"},\"url\":\"https:\/\/franciscanos.org.br\/noticias\/author\/moacir\"}]}<\/script>\n<!-- \/ Yoast SEO plugin. -->","yoast_head_json":{"title":"\"A economia de Francisco\" come\u00e7a quinta - Not\u00edcias - Franciscanos","robots":{"index":"index","follow":"follow","max-snippet":"max-snippet:-1","max-image-preview":"max-image-preview:large","max-video-preview":"max-video-preview:-1"},"canonical":"https:\/\/franciscanos.org.br\/noticias\/a-economia-de-francisco-comeca-quinta.html","og_locale":"pt_BR","og_type":"article","og_title":"\"A economia de Francisco\" come\u00e7a quinta - Not\u00edcias - Franciscanos","og_description":"Evento recebeu mais de 3.000 inscri\u00e7\u00f5es de jovens de 120 pa\u00edses dos cinco continentes.","og_url":"https:\/\/franciscanos.org.br\/noticias\/a-economia-de-francisco-comeca-quinta.html","og_site_name":"Not\u00edcias - Franciscanos","article_published_time":"2020-11-16T10:46:29+00:00","og_image":[{"width":800,"height":600,"url":"https:\/\/franciscanos.org.br\/noticias\/wp-content\/uploads\/2020\/11\/economia_1611d.jpg","type":"image\/jpeg"}],"author":"moacir","twitter_card":"summary_large_image","twitter_misc":{"Escrito por":"moacir","Est. tempo de leitura":"3 minutos"},"schema":{"@context":"https:\/\/schema.org","@graph":[{"@type":"WebSite","@id":"https:\/\/franciscanos.org.br\/noticias\/#website","url":"https:\/\/franciscanos.org.br\/noticias\/","name":"Not\u00edcias - Franciscanos","description":"Prov\u00edncia Franciscana da Imaculada Concei\u00e7\u00e3o do Brasil - Ordem dos Frades Menores - OFM","potentialAction":[{"@type":"SearchAction","target":{"@type":"EntryPoint","urlTemplate":"https:\/\/franciscanos.org.br\/noticias\/?s={search_term_string}"},"query-input":"required name=search_term_string"}],"inLanguage":"pt-BR"},{"@type":"ImageObject","inLanguage":"pt-BR","@id":"https:\/\/franciscanos.org.br\/noticias\/a-economia-de-francisco-comeca-quinta.html#primaryimage","url":"https:\/\/franciscanos.org.br\/noticias\/wp-content\/uploads\/2020\/11\/economia_1611d.jpg","contentUrl":"https:\/\/franciscanos.org.br\/noticias\/wp-content\/uploads\/2020\/11\/economia_1611d.jpg","width":800,"height":600},{"@type":"WebPage","@id":"https:\/\/franciscanos.org.br\/noticias\/a-economia-de-francisco-comeca-quinta.html#webpage","url":"https:\/\/franciscanos.org.br\/noticias\/a-economia-de-francisco-comeca-quinta.html","name":"\"A economia de Francisco\" come\u00e7a quinta - Not\u00edcias - Franciscanos","isPartOf":{"@id":"https:\/\/franciscanos.org.br\/noticias\/#website"},"primaryImageOfPage":{"@id":"https:\/\/franciscanos.org.br\/noticias\/a-economia-de-francisco-comeca-quinta.html#primaryimage"},"datePublished":"2020-11-16T10:46:29+00:00","dateModified":"2020-11-16T10:46:29+00:00","author":{"@id":"https:\/\/franciscanos.org.br\/noticias\/#\/schema\/person\/b5c8cba458c330ccff548b056e95a5d4"},"breadcrumb":{"@id":"https:\/\/franciscanos.org.br\/noticias\/a-economia-de-francisco-comeca-quinta.html#breadcrumb"},"inLanguage":"pt-BR","potentialAction":[{"@type":"ReadAction","target":["https:\/\/franciscanos.org.br\/noticias\/a-economia-de-francisco-comeca-quinta.html"]}]},{"@type":"BreadcrumbList","@id":"https:\/\/franciscanos.org.br\/noticias\/a-economia-de-francisco-comeca-quinta.html#breadcrumb","itemListElement":[{"@type":"ListItem","position":1,"name":"Home","item":"https:\/\/franciscanos.org.br\/noticias"},{"@type":"ListItem","position":2,"name":"&#8220;A economia de Francisco&#8221; come\u00e7a quinta"}]},{"@type":"Person","@id":"https:\/\/franciscanos.org.br\/noticias\/#\/schema\/person\/b5c8cba458c330ccff548b056e95a5d4","name":"moacir","image":{"@type":"ImageObject","inLanguage":"pt-BR","@id":"https:\/\/franciscanos.org.br\/noticias\/#\/schema\/person\/image\/","url":"https:\/\/secure.gravatar.com\/avatar\/d08aa2ce4c8dd416d4479aa8536fcf64?s=96&d=mm&r=g","contentUrl":"https:\/\/secure.gravatar.com\/avatar\/d08aa2ce4c8dd416d4479aa8536fcf64?s=96&d=mm&r=g","caption":"moacir"},"url":"https:\/\/franciscanos.org.br\/noticias\/author\/moacir"}]}},"_links":{"self":[{"href":"https:\/\/franciscanos.org.br\/noticias\/wp-json\/wp\/v2\/posts\/229423"}],"collection":[{"href":"https:\/\/franciscanos.org.br\/noticias\/wp-json\/wp\/v2\/posts"}],"about":[{"href":"https:\/\/franciscanos.org.br\/noticias\/wp-json\/wp\/v2\/types\/post"}],"author":[{"embeddable":true,"href":"https:\/\/franciscanos.org.br\/noticias\/wp-json\/wp\/v2\/users\/3"}],"replies":[{"embeddable":true,"href":"https:\/\/franciscanos.org.br\/noticias\/wp-json\/wp\/v2\/comments?post=229423"}],"version-history":[{"count":1,"href":"https:\/\/franciscanos.org.br\/noticias\/wp-json\/wp\/v2\/posts\/229423\/revisions"}],"predecessor-version":[{"id":229426,"href":"https:\/\/franciscanos.org.br\/noticias\/wp-json\/wp\/v2\/posts\/229423\/revisions\/229426"}],"wp:featuredmedia":[{"embeddable":true,"href":"https:\/\/franciscanos.org.br\/noticias\/wp-json\/wp\/v2\/media\/229425"}],"wp:attachment":[{"href":"https:\/\/franciscanos.org.br\/noticias\/wp-json\/wp\/v2\/media?parent=229423"}],"wp:term":[{"taxonomy":"category","embeddable":true,"href":"https:\/\/franciscanos.org.br\/noticias\/wp-json\/wp\/v2\/categories?post=229423"},{"taxonomy":"post_tag","embeddable":true,"href":"https:\/\/franciscanos.org.br\/noticias\/wp-json\/wp\/v2\/tags?post=229423"}],"curies":[{"name":"wp","href":"https:\/\/api.w.org\/{rel}","templated":true}]}}