{"id":229416,"date":"2020-11-15T09:23:15","date_gmt":"2020-11-15T12:23:15","guid":{"rendered":"https:\/\/franciscanos.org.br\/noticias\/?p=229416"},"modified":"2020-11-15T09:29:33","modified_gmt":"2020-11-15T12:29:33","slug":"papa-no-dia-mundial-dos-pobres-vamos-estender-a-mao-e-ver-jesus-nos-pobres","status":"publish","type":"post","link":"https:\/\/franciscanos.org.br\/noticias\/papa-no-dia-mundial-dos-pobres-vamos-estender-a-mao-e-ver-jesus-nos-pobres.html","title":{"rendered":"Papa no Dia Mundial dos Pobres: vamos estender a m\u00e3o e ver Jesus nos pobres"},"content":{"rendered":"<div id=\"attachment_229417\" style=\"width: 1290px\" class=\"wp-caption alignnone\"><img aria-describedby=\"caption-attachment-229417\" loading=\"lazy\" class=\"wp-image-229417 size-full\" src=\"https:\/\/franciscanos.org.br\/noticias\/wp-content\/uploads\/2020\/11\/pobres_1511.jpg\" alt=\"\" width=\"1280\" height=\"720\" srcset=\"https:\/\/franciscanos.org.br\/noticias\/wp-content\/uploads\/2020\/11\/pobres_1511.jpg 1280w, https:\/\/franciscanos.org.br\/noticias\/wp-content\/uploads\/2020\/11\/pobres_1511-450x253.jpg 450w, https:\/\/franciscanos.org.br\/noticias\/wp-content\/uploads\/2020\/11\/pobres_1511-1024x576.jpg 1024w, https:\/\/franciscanos.org.br\/noticias\/wp-content\/uploads\/2020\/11\/pobres_1511-768x432.jpg 768w, https:\/\/franciscanos.org.br\/noticias\/wp-content\/uploads\/2020\/11\/pobres_1511-150x84.jpg 150w\" sizes=\"(max-width: 1280px) 100vw, 1280px\" \/><p id=\"caption-attachment-229417\" class=\"wp-caption-text\"><em> \u00a0Imagens: Vatican Media<\/em><\/p><\/div>\n<p>O Dia Mundial dos Pobres deste ano est\u00e1 sendo vivido em contextos desafiadores sobretudo porque a pandemia, segundo dados do Banco Mundial, j\u00e1 fez mais de 100 milh\u00f5es de novos pobres. No Vaticano, neste domingo (15), o tradicional almo\u00e7o comunit\u00e1rio com o Papa foi cancelado, mas Francisco presidiu uma missa especial pela data na Bas\u00edlica de S\u00e3o Pedro, respeitando as medidas sanit\u00e1rias para prevenir a Covid-19. Cem pessoas carentes participaram da celebra\u00e7\u00e3o ao representar os pobres do mundo inteiro.<\/p>\n<p><strong>A par\u00e1bola dos talentos<\/strong><br \/>\nNa homilia, ao comentar a par\u00e1bola dos talentos (Mt 25, 14-30) do Evangelho do dia, o Pont\u00edfice refletiu sobre o in\u00edcio, o centro e o fim da vida. O in\u00edcio, quando o patr\u00e3o confiou os talentos, ou seja, as riquezas monet\u00e1rias aos servos, tamb\u00e9m Deus o fez conosco:<\/p>\n<p>\u201cSomos portadores de uma grande riqueza que n\u00e3o depende da quantidade de coisas que temos, mas daquilo que somos: a vida recebida, o bem que h\u00e1 em n\u00f3s, a beleza intang\u00edvel com que Deus nos dotou. Feitos \u00e0 imagem d\u2019Ele, cada um de n\u00f3s \u00e9 precioso a seus olhos, \u00e9 \u00fanico e insubstitu\u00edvel na hist\u00f3ria!\u201d<\/p>\n<p>O Papa destacou a import\u00e2ncia de sempre lembrar dessa gra\u00e7a recebida, ao inv\u00e9s de olhar para a nossa vida e ceder \u00e0 tenta\u00e7\u00e3o que, o pr\u00f3prio Pont\u00edfice define como \u201cquem dera\u2026\u201d: quem dera se eu tivesse aquele emprego, aquela casa, dinheiro e sucesso, se n\u00e3o tivesse tal problema, quem dera que eu tivesse pessoas melhores ao meu redor. Essa \u00e9 a \u201cilus\u00e3o do \u2018quem dera\u2019\u201d, enalteceu Francisco, que nos impede \u201cde ver o bem e nos faz esquecer os talentos que possu\u00edmos\u201d.<\/p>\n<p><img loading=\"lazy\" class=\"alignnone wp-image-229419 size-full\" src=\"https:\/\/franciscanos.org.br\/noticias\/wp-content\/uploads\/2020\/11\/pobres_1511_1.jpg\" alt=\"\" width=\"1280\" height=\"720\" srcset=\"https:\/\/franciscanos.org.br\/noticias\/wp-content\/uploads\/2020\/11\/pobres_1511_1.jpg 1280w, https:\/\/franciscanos.org.br\/noticias\/wp-content\/uploads\/2020\/11\/pobres_1511_1-450x253.jpg 450w, https:\/\/franciscanos.org.br\/noticias\/wp-content\/uploads\/2020\/11\/pobres_1511_1-1024x576.jpg 1024w, https:\/\/franciscanos.org.br\/noticias\/wp-content\/uploads\/2020\/11\/pobres_1511_1-768x432.jpg 768w, https:\/\/franciscanos.org.br\/noticias\/wp-content\/uploads\/2020\/11\/pobres_1511_1-150x84.jpg 150w\" sizes=\"(max-width: 1280px) 100vw, 1280px\" \/><\/p>\n<p><strong>A fidelidade a Deus \u00e9 servir aos pobres<\/strong><br \/>\nO Pont\u00edfice ent\u00e3o abordou o centro da par\u00e1bola: a atividade dos servos, isto \u00e9, o servi\u00e7o, que representa a nossa atividade, que faz frutificar os talentos e d\u00e1 sentido \u00e0 vida. Um estilo de servi\u00e7o identificado pelos servos bons que, no Evangelho, \u201cs\u00e3o aqueles que arriscam\u201d, disse Francisco. Por exemplo, se n\u00e3o se investir e n\u00e3o se fazer o bem, ele acaba se perdendo:<\/p>\n<p>\u201cQuantas pessoas passam a vida s\u00f3 a acumular, pensando mais em estar bem do que em fazer bem! Como \u00e9 vazia, por\u00e9m, uma vida que se preocupa das pr\u00f3prias necessidades, sem olhar para quem tem necessidade! Se temos dons, \u00e9 para ser dons.\u201d<\/p>\n<p>Segundo o Evangelho, recordou o Papa, \u201cn\u00e3o h\u00e1 fidelidade sem risco\u201d: \u201c\u00e9 triste quando um crist\u00e3o se coloca \u00e0 defesa, prendendo-se apenas \u00e0 observ\u00e2ncia das regras e ao respeito dos mandamentos. Isso n\u00e3o basta!\u201d, disse Francisco, pois s\u00e3o crist\u00e3os que sempre t\u00eam medo do risco, s\u00e3o \u201cmumificados\u201d. O servo pregui\u00e7oso da par\u00e1bola, por exemplo, escondido atr\u00e1s de um medo in\u00fatil, foi classificado de mau:<\/p>\n<p>\u201cE, contudo, n\u00e3o fez nada de mal\u2026 \u00c9 verdade! Mas, de bom, tamb\u00e9m n\u00e3o fez nada. Preferiu pecar por omiss\u00e3o do que correr o risco de errar. N\u00e3o foi fiel a Deus, que gosta de Se dar; e fez-Lhe a ofensa pior: devolver-Lhe o dom recebido. Ao contr\u00e1rio, o Senhor convida a envolver-nos generosamente e a vencer o temor com a coragem do amor, a superar a passividade que se torna cumplicidade. Nestes tempos de incerteza e fragilidade que correm, n\u00e3o desperdicemos a vida pensando s\u00f3 em n\u00f3s mesmos, com aquela postura da indiferen\u00e7a.\u201d<\/p>\n<p>A fidelidade a Deus \u00e9 servir aos pobres, que est\u00e3o ao centro do Evangelho, que nos enriquecem no amor, salientou o Papa, sobretudo se pensamos a quem devemos servir durante o Natal:<\/p>\n<p>\u201cA maior pobreza que devemos combater \u00e9 a nossa pobreza de amor. O livro dos Prov\u00e9rbios elogia uma mulher diligente e caritativa, cujo valor \u00e9 superior ao das p\u00e9rolas: devemos imitar esta mulher que, como diz o texto, \u2018abre a m\u00e3o ao indigente\u2019 (Prv 31, 20). Em vez de exigir o que te falta, estende a m\u00e3o a quem passa necessidade: assim multiplicar\u00e1s os talentos que recebeste.\u201d<\/p>\n<p><strong>A gra\u00e7a de ver Jesus nos pobres<\/strong><br \/>\nAo final da par\u00e1bola ou no fim da vida e \u201cdo espet\u00e1culo\u201d, como disse o Papa citando S\u00e3o Jo\u00e3o Cris\u00f3stomo, ser\u00e1 retirada \u201ca m\u00e1scara da riqueza e da pobreza\u201d, ser\u00e1 desvendada a realidade do poder e do dinheiro ou das obras do amor e da doa\u00e7\u00e3o. \u201cSe n\u00e3o queremos viver pobremente, pe\u00e7amos a gra\u00e7a de ver Jesus nos pobres, servi-Lo nos pobres\u201d, comentou Francisco, que finalizou a homilia trazendo o exemplo de servos fi\u00e9is de Deus que n\u00e3o se falam, como no Padre Roberto Malgesini:<\/p>\n<p>\u201cEste padre n\u00e3o fazia teorias; simplesmente, via Jesus no pobre; e o sentido da vida, em servir. Enxugava l\u00e1grimas com mansid\u00e3o, em nome de Deus que consola. O in\u00edcio do seu dia era a ora\u00e7\u00e3o, para acolher o dom de Deus; o centro do dia, a caridade para fazer frutificar o amor recebido; o final, um claro testemunho do Evangelho. Esse homem compreendera que devia estender a sua m\u00e3o aos in\u00fameros pobres que encontrava diariamente, porque em cada um deles via Jesus. Irm\u00e3os e irm\u00e3s, pe\u00e7amos a gra\u00e7a de ser crist\u00e3os n\u00e3o em palavras, mas em obras&#8230; para dar fruto, como Jesus deseja.\u201d<\/p>\n<hr \/>\n<h1 class=\"article__title\">Papa no Angelus: repetir sempre ao cora\u00e7\u00e3o que &#8220;o pobre sou eu&#8221;<\/h1>\n<div class=\"article__text \">\n<p>No\u00a0<b>Angelus\u00a0<\/b>deste pen\u00faltimo domingo do ano lit\u00fargico, o Papa Francisco voltou a comentar a famosa par\u00e1bola dos talentos (cf. Mt 25,14-30), do Evangelho de hoje, \u201cque vale para todos, mas, como sempre, especialmente aos crist\u00e3os\u201d. Ela faz parte do discurso de Jesus sobre os \u00faltimos tempos, que precede imediatamente a sua Paix\u00e3o, Morte e Ressurrei\u00e7\u00e3o.<\/p>\n<p>A par\u00e1bola fala de um senhor rico que deve partir e confia os bens a tr\u00eas servos, distribu\u00eddos de acordo com as habilidades de cada um. Como faz Deus conosco, disse Francisco, que nos conhece bem, \u201csabe que n\u00e3o somos iguais e n\u00e3o quer privilegiar ningu\u00e9m em detrimento dos outros\u201d, mas confia a cada um segundo as suas capacidades.<\/p>\n<p>O Papa fez refer\u00eancia ao pr\u00f3prio Dia Mundial dos Pobres, celebrado neste domingo (15), e falou do perigo da l\u00f3gica da indiferen\u00e7a, convidando os crist\u00e3os a estender a m\u00e3o aos pobres:<\/p>\n<p><i><b>\u201cVoc\u00ea n\u00e3o est\u00e1 sozinho na vida: h\u00e1 pessoas que precisam de voc\u00ea. N\u00e3o seja ego\u00edsta: estenda a sua m\u00e3o aos pobres.<\/b>\u00a0Todos n\u00f3s recebemos de Deus um \u2018patrim\u00f4nio\u2019 como seres humanos, uma riqueza humana, seja ela qual for. E, como disc\u00edpulos de Cristo, tamb\u00e9m recebemos a f\u00e9, o Evangelho, o Esp\u00edrito Santo, os Sacramentos e muitas outras coisas&#8230; Esses dons devem ser usados para fazer o bem, para fazer o bem nesta vida, como servi\u00e7o a Deus e aos irm\u00e3os.\u201d<\/i><\/p>\n<p>Especialmente hoje a Igreja motiva a usar os dons de Deus e colocar a servi\u00e7o dos mais necessitados, insistiu Francisco, alertando que \u00e9 preciso olhar para os pobres que s\u00e3o em muitos nas nossas cidades:<\/p>\n<div>\n<div class=\"article__embed article__embed--border embed_style\">\n<blockquote><p>\u201cDevemos fazer o bem, sair de n\u00f3s mesmos e olhar, olhar para aqueles que mais precisam. H\u00e1 tanta fome, mesmo no cora\u00e7\u00e3o das nossas cidades, e muitas vezes entramos naquela l\u00f3gica da indiferen\u00e7a: o pobre est\u00e1 ali e n\u00f3s olhamos para o outro lado. Estenda a sua m\u00e3o ao pobre: \u00e9 Cristo. Sim, alguns dizem: \u2018Mas, esses padres, esses bispos que falam dos pobres, dos pobres&#8230; n\u00f3s queremos que falem da vida eterna!\u2019 Olha, irm\u00e3o e irm\u00e3, os pobres est\u00e3o no centro do Evangelho: foi Jesus quem nos ensinou a falar aos pobres, foi Jesus quem veio pelos pobres. Estenda a sua m\u00e3o aos pobres. Voc\u00ea recebeu tantas coisas e deixa o seu irm\u00e3o e a sua irm\u00e3 morrer de fome?\u201d<\/p><\/blockquote>\n<\/div>\n<\/div>\n<p>O Papa ent\u00e3o convidou todos os crist\u00e3os a repetir ao cora\u00e7\u00e3o duas coisas:\u00a0<b>estender a m\u00e3o ao pobre e que \u201co pobre sou eu\u201d.<\/b><\/p>\n<p>Francisco tamb\u00e9m trouxe o exemplo de Maria, de quem devemos aprender a receber os dons para fazer o bem: ela recebeu Jesus de Deus e \u201cn\u00e3o o guardou para si mesma, ela o entregou ao mundo, ao seu povo\u201d.<\/p>\n<\/div>\n<hr \/>\n<p><em>Fonte: Vatican News (texto de Andressa Collet )<\/em><\/p>\n","protected":false},"excerpt":{"rendered":"<p>Celebra\u00e7\u00e3o Eucar\u00edstica na Bas\u00edlica de S\u00e3o Pedro<\/p>\n","protected":false},"author":3,"featured_media":229418,"comment_status":"open","ping_status":"open","sticky":false,"template":"","format":"standard","meta":[],"categories":[1428],"tags":[1114],"acf":[],"yoast_head":"<!-- This site is optimized with the Yoast SEO plugin v19.2 - https:\/\/yoast.com\/wordpress\/plugins\/seo\/ -->\n<title>Papa no Dia Mundial dos Pobres: vamos estender a m\u00e3o e ver Jesus nos pobres - Not\u00edcias - Franciscanos<\/title>\n<meta name=\"robots\" content=\"index, follow, max-snippet:-1, max-image-preview:large, max-video-preview:-1\" \/>\n<link rel=\"canonical\" href=\"https:\/\/franciscanos.org.br\/noticias\/papa-no-dia-mundial-dos-pobres-vamos-estender-a-mao-e-ver-jesus-nos-pobres.html\" \/>\n<meta property=\"og:locale\" content=\"pt_BR\" \/>\n<meta property=\"og:type\" content=\"article\" \/>\n<meta property=\"og:title\" content=\"Papa no Dia Mundial dos Pobres: vamos estender a m\u00e3o e ver Jesus nos pobres - Not\u00edcias - Franciscanos\" \/>\n<meta property=\"og:description\" content=\"Celebra\u00e7\u00e3o Eucar\u00edstica na Bas\u00edlica de S\u00e3o Pedro\" \/>\n<meta property=\"og:url\" content=\"https:\/\/franciscanos.org.br\/noticias\/papa-no-dia-mundial-dos-pobres-vamos-estender-a-mao-e-ver-jesus-nos-pobres.html\" \/>\n<meta property=\"og:site_name\" content=\"Not\u00edcias - Franciscanos\" \/>\n<meta property=\"article:published_time\" content=\"2020-11-15T12:23:15+00:00\" \/>\n<meta property=\"article:modified_time\" content=\"2020-11-15T12:29:33+00:00\" \/>\n<meta property=\"og:image\" content=\"https:\/\/franciscanos.org.br\/noticias\/wp-content\/uploads\/2020\/11\/pobres_d.jpg\" \/>\n\t<meta property=\"og:image:width\" content=\"800\" \/>\n\t<meta property=\"og:image:height\" content=\"600\" \/>\n\t<meta property=\"og:image:type\" content=\"image\/jpeg\" \/>\n<meta name=\"author\" content=\"moacir\" \/>\n<meta name=\"twitter:card\" content=\"summary_large_image\" \/>\n<meta name=\"twitter:label1\" content=\"Escrito por\" \/>\n\t<meta name=\"twitter:data1\" content=\"moacir\" \/>\n\t<meta name=\"twitter:label2\" content=\"Est. tempo de leitura\" \/>\n\t<meta name=\"twitter:data2\" content=\"7 minutos\" \/>\n<script type=\"application\/ld+json\" class=\"yoast-schema-graph\">{\"@context\":\"https:\/\/schema.org\",\"@graph\":[{\"@type\":\"WebSite\",\"@id\":\"https:\/\/franciscanos.org.br\/noticias\/#website\",\"url\":\"https:\/\/franciscanos.org.br\/noticias\/\",\"name\":\"Not\u00edcias - Franciscanos\",\"description\":\"Prov\u00edncia Franciscana da Imaculada Concei\u00e7\u00e3o do Brasil - Ordem dos Frades Menores - OFM\",\"potentialAction\":[{\"@type\":\"SearchAction\",\"target\":{\"@type\":\"EntryPoint\",\"urlTemplate\":\"https:\/\/franciscanos.org.br\/noticias\/?s={search_term_string}\"},\"query-input\":\"required name=search_term_string\"}],\"inLanguage\":\"pt-BR\"},{\"@type\":\"ImageObject\",\"inLanguage\":\"pt-BR\",\"@id\":\"https:\/\/franciscanos.org.br\/noticias\/papa-no-dia-mundial-dos-pobres-vamos-estender-a-mao-e-ver-jesus-nos-pobres.html#primaryimage\",\"url\":\"https:\/\/franciscanos.org.br\/noticias\/wp-content\/uploads\/2020\/11\/pobres_d.jpg\",\"contentUrl\":\"https:\/\/franciscanos.org.br\/noticias\/wp-content\/uploads\/2020\/11\/pobres_d.jpg\",\"width\":800,\"height\":600},{\"@type\":\"WebPage\",\"@id\":\"https:\/\/franciscanos.org.br\/noticias\/papa-no-dia-mundial-dos-pobres-vamos-estender-a-mao-e-ver-jesus-nos-pobres.html#webpage\",\"url\":\"https:\/\/franciscanos.org.br\/noticias\/papa-no-dia-mundial-dos-pobres-vamos-estender-a-mao-e-ver-jesus-nos-pobres.html\",\"name\":\"Papa no Dia Mundial dos Pobres: vamos estender a m\u00e3o e ver Jesus nos pobres - Not\u00edcias - Franciscanos\",\"isPartOf\":{\"@id\":\"https:\/\/franciscanos.org.br\/noticias\/#website\"},\"primaryImageOfPage\":{\"@id\":\"https:\/\/franciscanos.org.br\/noticias\/papa-no-dia-mundial-dos-pobres-vamos-estender-a-mao-e-ver-jesus-nos-pobres.html#primaryimage\"},\"datePublished\":\"2020-11-15T12:23:15+00:00\",\"dateModified\":\"2020-11-15T12:29:33+00:00\",\"author\":{\"@id\":\"https:\/\/franciscanos.org.br\/noticias\/#\/schema\/person\/b5c8cba458c330ccff548b056e95a5d4\"},\"breadcrumb\":{\"@id\":\"https:\/\/franciscanos.org.br\/noticias\/papa-no-dia-mundial-dos-pobres-vamos-estender-a-mao-e-ver-jesus-nos-pobres.html#breadcrumb\"},\"inLanguage\":\"pt-BR\",\"potentialAction\":[{\"@type\":\"ReadAction\",\"target\":[\"https:\/\/franciscanos.org.br\/noticias\/papa-no-dia-mundial-dos-pobres-vamos-estender-a-mao-e-ver-jesus-nos-pobres.html\"]}]},{\"@type\":\"BreadcrumbList\",\"@id\":\"https:\/\/franciscanos.org.br\/noticias\/papa-no-dia-mundial-dos-pobres-vamos-estender-a-mao-e-ver-jesus-nos-pobres.html#breadcrumb\",\"itemListElement\":[{\"@type\":\"ListItem\",\"position\":1,\"name\":\"Home\",\"item\":\"https:\/\/franciscanos.org.br\/noticias\"},{\"@type\":\"ListItem\",\"position\":2,\"name\":\"Papa no Dia Mundial dos Pobres: vamos estender a m\u00e3o e ver Jesus nos pobres\"}]},{\"@type\":\"Person\",\"@id\":\"https:\/\/franciscanos.org.br\/noticias\/#\/schema\/person\/b5c8cba458c330ccff548b056e95a5d4\",\"name\":\"moacir\",\"image\":{\"@type\":\"ImageObject\",\"inLanguage\":\"pt-BR\",\"@id\":\"https:\/\/franciscanos.org.br\/noticias\/#\/schema\/person\/image\/\",\"url\":\"https:\/\/secure.gravatar.com\/avatar\/d08aa2ce4c8dd416d4479aa8536fcf64?s=96&d=mm&r=g\",\"contentUrl\":\"https:\/\/secure.gravatar.com\/avatar\/d08aa2ce4c8dd416d4479aa8536fcf64?s=96&d=mm&r=g\",\"caption\":\"moacir\"},\"url\":\"https:\/\/franciscanos.org.br\/noticias\/author\/moacir\"}]}<\/script>\n<!-- \/ Yoast SEO plugin. -->","yoast_head_json":{"title":"Papa no Dia Mundial dos Pobres: vamos estender a m\u00e3o e ver Jesus nos pobres - Not\u00edcias - Franciscanos","robots":{"index":"index","follow":"follow","max-snippet":"max-snippet:-1","max-image-preview":"max-image-preview:large","max-video-preview":"max-video-preview:-1"},"canonical":"https:\/\/franciscanos.org.br\/noticias\/papa-no-dia-mundial-dos-pobres-vamos-estender-a-mao-e-ver-jesus-nos-pobres.html","og_locale":"pt_BR","og_type":"article","og_title":"Papa no Dia Mundial dos Pobres: vamos estender a m\u00e3o e ver Jesus nos pobres - Not\u00edcias - Franciscanos","og_description":"Celebra\u00e7\u00e3o Eucar\u00edstica na Bas\u00edlica de S\u00e3o Pedro","og_url":"https:\/\/franciscanos.org.br\/noticias\/papa-no-dia-mundial-dos-pobres-vamos-estender-a-mao-e-ver-jesus-nos-pobres.html","og_site_name":"Not\u00edcias - Franciscanos","article_published_time":"2020-11-15T12:23:15+00:00","article_modified_time":"2020-11-15T12:29:33+00:00","og_image":[{"width":800,"height":600,"url":"https:\/\/franciscanos.org.br\/noticias\/wp-content\/uploads\/2020\/11\/pobres_d.jpg","type":"image\/jpeg"}],"author":"moacir","twitter_card":"summary_large_image","twitter_misc":{"Escrito por":"moacir","Est. tempo de leitura":"7 minutos"},"schema":{"@context":"https:\/\/schema.org","@graph":[{"@type":"WebSite","@id":"https:\/\/franciscanos.org.br\/noticias\/#website","url":"https:\/\/franciscanos.org.br\/noticias\/","name":"Not\u00edcias - Franciscanos","description":"Prov\u00edncia Franciscana da Imaculada Concei\u00e7\u00e3o do Brasil - Ordem dos Frades Menores - OFM","potentialAction":[{"@type":"SearchAction","target":{"@type":"EntryPoint","urlTemplate":"https:\/\/franciscanos.org.br\/noticias\/?s={search_term_string}"},"query-input":"required name=search_term_string"}],"inLanguage":"pt-BR"},{"@type":"ImageObject","inLanguage":"pt-BR","@id":"https:\/\/franciscanos.org.br\/noticias\/papa-no-dia-mundial-dos-pobres-vamos-estender-a-mao-e-ver-jesus-nos-pobres.html#primaryimage","url":"https:\/\/franciscanos.org.br\/noticias\/wp-content\/uploads\/2020\/11\/pobres_d.jpg","contentUrl":"https:\/\/franciscanos.org.br\/noticias\/wp-content\/uploads\/2020\/11\/pobres_d.jpg","width":800,"height":600},{"@type":"WebPage","@id":"https:\/\/franciscanos.org.br\/noticias\/papa-no-dia-mundial-dos-pobres-vamos-estender-a-mao-e-ver-jesus-nos-pobres.html#webpage","url":"https:\/\/franciscanos.org.br\/noticias\/papa-no-dia-mundial-dos-pobres-vamos-estender-a-mao-e-ver-jesus-nos-pobres.html","name":"Papa no Dia Mundial dos Pobres: vamos estender a m\u00e3o e ver Jesus nos pobres - Not\u00edcias - Franciscanos","isPartOf":{"@id":"https:\/\/franciscanos.org.br\/noticias\/#website"},"primaryImageOfPage":{"@id":"https:\/\/franciscanos.org.br\/noticias\/papa-no-dia-mundial-dos-pobres-vamos-estender-a-mao-e-ver-jesus-nos-pobres.html#primaryimage"},"datePublished":"2020-11-15T12:23:15+00:00","dateModified":"2020-11-15T12:29:33+00:00","author":{"@id":"https:\/\/franciscanos.org.br\/noticias\/#\/schema\/person\/b5c8cba458c330ccff548b056e95a5d4"},"breadcrumb":{"@id":"https:\/\/franciscanos.org.br\/noticias\/papa-no-dia-mundial-dos-pobres-vamos-estender-a-mao-e-ver-jesus-nos-pobres.html#breadcrumb"},"inLanguage":"pt-BR","potentialAction":[{"@type":"ReadAction","target":["https:\/\/franciscanos.org.br\/noticias\/papa-no-dia-mundial-dos-pobres-vamos-estender-a-mao-e-ver-jesus-nos-pobres.html"]}]},{"@type":"BreadcrumbList","@id":"https:\/\/franciscanos.org.br\/noticias\/papa-no-dia-mundial-dos-pobres-vamos-estender-a-mao-e-ver-jesus-nos-pobres.html#breadcrumb","itemListElement":[{"@type":"ListItem","position":1,"name":"Home","item":"https:\/\/franciscanos.org.br\/noticias"},{"@type":"ListItem","position":2,"name":"Papa no Dia Mundial dos Pobres: vamos estender a m\u00e3o e ver Jesus nos pobres"}]},{"@type":"Person","@id":"https:\/\/franciscanos.org.br\/noticias\/#\/schema\/person\/b5c8cba458c330ccff548b056e95a5d4","name":"moacir","image":{"@type":"ImageObject","inLanguage":"pt-BR","@id":"https:\/\/franciscanos.org.br\/noticias\/#\/schema\/person\/image\/","url":"https:\/\/secure.gravatar.com\/avatar\/d08aa2ce4c8dd416d4479aa8536fcf64?s=96&d=mm&r=g","contentUrl":"https:\/\/secure.gravatar.com\/avatar\/d08aa2ce4c8dd416d4479aa8536fcf64?s=96&d=mm&r=g","caption":"moacir"},"url":"https:\/\/franciscanos.org.br\/noticias\/author\/moacir"}]}},"_links":{"self":[{"href":"https:\/\/franciscanos.org.br\/noticias\/wp-json\/wp\/v2\/posts\/229416"}],"collection":[{"href":"https:\/\/franciscanos.org.br\/noticias\/wp-json\/wp\/v2\/posts"}],"about":[{"href":"https:\/\/franciscanos.org.br\/noticias\/wp-json\/wp\/v2\/types\/post"}],"author":[{"embeddable":true,"href":"https:\/\/franciscanos.org.br\/noticias\/wp-json\/wp\/v2\/users\/3"}],"replies":[{"embeddable":true,"href":"https:\/\/franciscanos.org.br\/noticias\/wp-json\/wp\/v2\/comments?post=229416"}],"version-history":[{"count":3,"href":"https:\/\/franciscanos.org.br\/noticias\/wp-json\/wp\/v2\/posts\/229416\/revisions"}],"predecessor-version":[{"id":229422,"href":"https:\/\/franciscanos.org.br\/noticias\/wp-json\/wp\/v2\/posts\/229416\/revisions\/229422"}],"wp:featuredmedia":[{"embeddable":true,"href":"https:\/\/franciscanos.org.br\/noticias\/wp-json\/wp\/v2\/media\/229418"}],"wp:attachment":[{"href":"https:\/\/franciscanos.org.br\/noticias\/wp-json\/wp\/v2\/media?parent=229416"}],"wp:term":[{"taxonomy":"category","embeddable":true,"href":"https:\/\/franciscanos.org.br\/noticias\/wp-json\/wp\/v2\/categories?post=229416"},{"taxonomy":"post_tag","embeddable":true,"href":"https:\/\/franciscanos.org.br\/noticias\/wp-json\/wp\/v2\/tags?post=229416"}],"curies":[{"name":"wp","href":"https:\/\/api.w.org\/{rel}","templated":true}]}}