{"id":229412,"date":"2020-11-13T08:14:58","date_gmt":"2020-11-13T11:14:58","guid":{"rendered":"https:\/\/franciscanos.org.br\/noticias\/?p=229412"},"modified":"2020-11-13T08:14:58","modified_gmt":"2020-11-13T11:14:58","slug":"cnbb-anuncia-nova-data-para-o-18o-congresso-eucaristico-nacional","status":"publish","type":"post","link":"https:\/\/franciscanos.org.br\/noticias\/cnbb-anuncia-nova-data-para-o-18o-congresso-eucaristico-nacional.html","title":{"rendered":"CNBB anuncia nova data para o 18\u00ba Congresso Eucar\u00edstico Nacional"},"content":{"rendered":"<p><img loading=\"lazy\" class=\"alignnone wp-image-229414 size-full\" src=\"https:\/\/franciscanos.org.br\/noticias\/wp-content\/uploads\/2020\/11\/congresso_01_1.jpg\" alt=\"\" width=\"1280\" height=\"720\" srcset=\"https:\/\/franciscanos.org.br\/noticias\/wp-content\/uploads\/2020\/11\/congresso_01_1.jpg 1280w, https:\/\/franciscanos.org.br\/noticias\/wp-content\/uploads\/2020\/11\/congresso_01_1-450x253.jpg 450w, https:\/\/franciscanos.org.br\/noticias\/wp-content\/uploads\/2020\/11\/congresso_01_1-1024x576.jpg 1024w, https:\/\/franciscanos.org.br\/noticias\/wp-content\/uploads\/2020\/11\/congresso_01_1-768x432.jpg 768w, https:\/\/franciscanos.org.br\/noticias\/wp-content\/uploads\/2020\/11\/congresso_01_1-150x84.jpg 150w\" sizes=\"(max-width: 1280px) 100vw, 1280px\" \/><\/p>\n<p>Inicialmente previsto para este ano, o 18\u00ba Congresso Eucar\u00edstico Nacional (CEN) vai se realizar em novembro de 2022. O secret\u00e1rio geral da CNBB, dom Joel Portella Amado, enviou of\u00edcio a todas as dioceses informando sobre o adiamento do encontro, que ser\u00e1 sediado pela Arquidiocese de Olinda e Recife e tem como tema &#8220;P\u00e3o em todas as mesas&#8221;<\/p>\n<p>O 18\u00ba Congresso Eucar\u00edstico Nacional (CEN) ser\u00e1 realizado em 2022. A nova data foi divulgada nesta quarta-feira pelo bispo auxiliar do Rio de Janeiro e secret\u00e1rio geral da Confer\u00eancia Nacional dos Bispos do Brasil (CNBB), dom Joel Portella Amado. Em of\u00edcio encaminhado a todas as dioceses do pa\u00eds, o prelado informa que est\u00e1 mantido o per\u00edodo e o local do encontro: de 12 a 15 de novembro, na Arquidiocese de Olinda e Recife.<\/p>\n<p>O documento explica que o segundo adiamento do CEN foi decidido ap\u00f3s escuta do Conselho Permanente e, de modo especial, da Comiss\u00e3o Episcopal Pastoral para a Anima\u00e7\u00e3o Mission\u00e1ria e Coopera\u00e7\u00e3o Intereclesial. \u201cExatamente para o mesmo per\u00edodo, estava previsto tamb\u00e9m o Congresso Mission\u00e1rio Nacional, cujos os organizadores optaram por buscar uma nova data\u201d, afirmou dom Joel.<\/p>\n<p>Inicialmente a 18\u00aa edi\u00e7\u00e3o do CEN estava marcada para acontecer neste ano, inclusive seria nesta semana de novembro, por\u00e9m precisou ser adiada devido \u00e0 pandemia de Sars-CoV-2. \u201cTrata-se de atitude de profundo bom senso diante de um quadro imprevis\u00edvel, n\u00e3o apenas quanto ao tempo de dura\u00e7\u00e3o da pandemia causada pelo coronav\u00edrus quanto em rela\u00e7\u00e3o \u00e0s sequelas econ\u00f4micas que poder\u00e3o advir\u201d, disse dom Joel, em mar\u00e7o.<\/p>\n<p>O evento<br \/>\nO 18\u00ba Congresso Eucar\u00edstico Nacional j\u00e1 iniciou algumas atividades desde 2019, como o Ano Eucar\u00edstico na arquidiocese de Olinda e Recife, sede do evento, e trabalha o tema \u201cP\u00e3o em Todas as Mesas\u201d e o lema \u201cRepartiam o P\u00e3o com alegria e n\u00e3o havia necessitados entre eles\u201d. O prop\u00f3sito, de acordo com dom Fernando Saburido, \u00e9 \u201cpromover a comunh\u00e3o das Igrejas em torno da Eucaristia, no desejo de que esse evento, que re\u00fane o Brasil em terras do Nordeste, nos leve a entender que o \u2018P\u00e3o da Vida\u2019 move a Igreja a sair de si, das zonas de conforto, para alcan\u00e7ar as periferias existenciais bem lembradas pelo Papa Francisco\u201d.<\/p>\n<p>Al\u00e9m do Recife, os munic\u00edpios de Olinda e S\u00e3o Louren\u00e7o da Mata, Regi\u00e3o Metropolitana da capital pernambucana, tamb\u00e9m sediar\u00e3o alguns eventos do Congresso. A realiza\u00e7\u00e3o do 18\u00ba CEN acontece com a participa\u00e7\u00e3o das prov\u00edncias eclesi\u00e1sticas de Alagoas, da Para\u00edba, de Pernambuco e do Rio Grande do Norte, pertencentes ao Regional Nordeste 2 da CNBB.<\/p>\n<p>Os Congressos Eucar\u00edsticos Nacionais s\u00e3o realizados em todo o mundo, e aqui no Brasil acontece normalmente a cada quatro anos. O evento visa reunir os fi\u00e9is cat\u00f3licos em torno da Eucaristia, que \u00e9 o centro da f\u00e9 cat\u00f3lica: Corpo e Sangue de Jesus Eucar\u00edstico.<\/p>\n<hr \/>\n<p><em>Fonte: CNBB<\/em><\/p>\n","protected":false},"excerpt":{"rendered":"<p>Confer\u00eancia Nacional dos Bispos do Brasil<\/p>\n","protected":false},"author":3,"featured_media":229413,"comment_status":"open","ping_status":"open","sticky":false,"template":"","format":"standard","meta":[],"categories":[1],"tags":[29],"acf":[],"yoast_head":"<!-- This site is optimized with the Yoast SEO plugin v19.2 - https:\/\/yoast.com\/wordpress\/plugins\/seo\/ -->\n<title>CNBB anuncia nova data para o 18\u00ba Congresso Eucar\u00edstico Nacional - Not\u00edcias - Franciscanos<\/title>\n<meta name=\"robots\" content=\"index, follow, max-snippet:-1, max-image-preview:large, max-video-preview:-1\" \/>\n<link rel=\"canonical\" href=\"https:\/\/franciscanos.org.br\/noticias\/cnbb-anuncia-nova-data-para-o-18o-congresso-eucaristico-nacional.html\" \/>\n<meta property=\"og:locale\" content=\"pt_BR\" \/>\n<meta property=\"og:type\" content=\"article\" \/>\n<meta property=\"og:title\" content=\"CNBB anuncia nova data para o 18\u00ba Congresso Eucar\u00edstico Nacional - Not\u00edcias - Franciscanos\" \/>\n<meta property=\"og:description\" content=\"Confer\u00eancia Nacional dos Bispos do Brasil\" \/>\n<meta property=\"og:url\" content=\"https:\/\/franciscanos.org.br\/noticias\/cnbb-anuncia-nova-data-para-o-18o-congresso-eucaristico-nacional.html\" \/>\n<meta property=\"og:site_name\" content=\"Not\u00edcias - Franciscanos\" \/>\n<meta property=\"article:published_time\" content=\"2020-11-13T11:14:58+00:00\" \/>\n<meta property=\"og:image\" content=\"https:\/\/franciscanos.org.br\/noticias\/wp-content\/uploads\/2020\/11\/congresso_1d.jpg\" \/>\n\t<meta property=\"og:image:width\" content=\"736\" \/>\n\t<meta property=\"og:image:height\" content=\"552\" \/>\n\t<meta property=\"og:image:type\" content=\"image\/jpeg\" \/>\n<meta name=\"author\" content=\"moacir\" \/>\n<meta name=\"twitter:card\" content=\"summary_large_image\" \/>\n<meta name=\"twitter:label1\" content=\"Escrito por\" \/>\n\t<meta name=\"twitter:data1\" content=\"moacir\" \/>\n\t<meta name=\"twitter:label2\" content=\"Est. tempo de leitura\" \/>\n\t<meta name=\"twitter:data2\" content=\"3 minutos\" \/>\n<script type=\"application\/ld+json\" class=\"yoast-schema-graph\">{\"@context\":\"https:\/\/schema.org\",\"@graph\":[{\"@type\":\"WebSite\",\"@id\":\"https:\/\/franciscanos.org.br\/noticias\/#website\",\"url\":\"https:\/\/franciscanos.org.br\/noticias\/\",\"name\":\"Not\u00edcias - Franciscanos\",\"description\":\"Prov\u00edncia Franciscana da Imaculada Concei\u00e7\u00e3o do Brasil - Ordem dos Frades Menores - OFM\",\"potentialAction\":[{\"@type\":\"SearchAction\",\"target\":{\"@type\":\"EntryPoint\",\"urlTemplate\":\"https:\/\/franciscanos.org.br\/noticias\/?s={search_term_string}\"},\"query-input\":\"required name=search_term_string\"}],\"inLanguage\":\"pt-BR\"},{\"@type\":\"ImageObject\",\"inLanguage\":\"pt-BR\",\"@id\":\"https:\/\/franciscanos.org.br\/noticias\/cnbb-anuncia-nova-data-para-o-18o-congresso-eucaristico-nacional.html#primaryimage\",\"url\":\"https:\/\/franciscanos.org.br\/noticias\/wp-content\/uploads\/2020\/11\/congresso_1d.jpg\",\"contentUrl\":\"https:\/\/franciscanos.org.br\/noticias\/wp-content\/uploads\/2020\/11\/congresso_1d.jpg\",\"width\":736,\"height\":552},{\"@type\":\"WebPage\",\"@id\":\"https:\/\/franciscanos.org.br\/noticias\/cnbb-anuncia-nova-data-para-o-18o-congresso-eucaristico-nacional.html#webpage\",\"url\":\"https:\/\/franciscanos.org.br\/noticias\/cnbb-anuncia-nova-data-para-o-18o-congresso-eucaristico-nacional.html\",\"name\":\"CNBB anuncia nova data para o 18\u00ba Congresso Eucar\u00edstico Nacional - Not\u00edcias - Franciscanos\",\"isPartOf\":{\"@id\":\"https:\/\/franciscanos.org.br\/noticias\/#website\"},\"primaryImageOfPage\":{\"@id\":\"https:\/\/franciscanos.org.br\/noticias\/cnbb-anuncia-nova-data-para-o-18o-congresso-eucaristico-nacional.html#primaryimage\"},\"datePublished\":\"2020-11-13T11:14:58+00:00\",\"dateModified\":\"2020-11-13T11:14:58+00:00\",\"author\":{\"@id\":\"https:\/\/franciscanos.org.br\/noticias\/#\/schema\/person\/b5c8cba458c330ccff548b056e95a5d4\"},\"breadcrumb\":{\"@id\":\"https:\/\/franciscanos.org.br\/noticias\/cnbb-anuncia-nova-data-para-o-18o-congresso-eucaristico-nacional.html#breadcrumb\"},\"inLanguage\":\"pt-BR\",\"potentialAction\":[{\"@type\":\"ReadAction\",\"target\":[\"https:\/\/franciscanos.org.br\/noticias\/cnbb-anuncia-nova-data-para-o-18o-congresso-eucaristico-nacional.html\"]}]},{\"@type\":\"BreadcrumbList\",\"@id\":\"https:\/\/franciscanos.org.br\/noticias\/cnbb-anuncia-nova-data-para-o-18o-congresso-eucaristico-nacional.html#breadcrumb\",\"itemListElement\":[{\"@type\":\"ListItem\",\"position\":1,\"name\":\"Home\",\"item\":\"https:\/\/franciscanos.org.br\/noticias\"},{\"@type\":\"ListItem\",\"position\":2,\"name\":\"CNBB anuncia nova data para o 18\u00ba Congresso Eucar\u00edstico Nacional\"}]},{\"@type\":\"Person\",\"@id\":\"https:\/\/franciscanos.org.br\/noticias\/#\/schema\/person\/b5c8cba458c330ccff548b056e95a5d4\",\"name\":\"moacir\",\"image\":{\"@type\":\"ImageObject\",\"inLanguage\":\"pt-BR\",\"@id\":\"https:\/\/franciscanos.org.br\/noticias\/#\/schema\/person\/image\/\",\"url\":\"https:\/\/secure.gravatar.com\/avatar\/d08aa2ce4c8dd416d4479aa8536fcf64?s=96&d=mm&r=g\",\"contentUrl\":\"https:\/\/secure.gravatar.com\/avatar\/d08aa2ce4c8dd416d4479aa8536fcf64?s=96&d=mm&r=g\",\"caption\":\"moacir\"},\"url\":\"https:\/\/franciscanos.org.br\/noticias\/author\/moacir\"}]}<\/script>\n<!-- \/ Yoast SEO plugin. -->","yoast_head_json":{"title":"CNBB anuncia nova data para o 18\u00ba Congresso Eucar\u00edstico Nacional - Not\u00edcias - Franciscanos","robots":{"index":"index","follow":"follow","max-snippet":"max-snippet:-1","max-image-preview":"max-image-preview:large","max-video-preview":"max-video-preview:-1"},"canonical":"https:\/\/franciscanos.org.br\/noticias\/cnbb-anuncia-nova-data-para-o-18o-congresso-eucaristico-nacional.html","og_locale":"pt_BR","og_type":"article","og_title":"CNBB anuncia nova data para o 18\u00ba Congresso Eucar\u00edstico Nacional - Not\u00edcias - Franciscanos","og_description":"Confer\u00eancia Nacional dos Bispos do Brasil","og_url":"https:\/\/franciscanos.org.br\/noticias\/cnbb-anuncia-nova-data-para-o-18o-congresso-eucaristico-nacional.html","og_site_name":"Not\u00edcias - Franciscanos","article_published_time":"2020-11-13T11:14:58+00:00","og_image":[{"width":736,"height":552,"url":"https:\/\/franciscanos.org.br\/noticias\/wp-content\/uploads\/2020\/11\/congresso_1d.jpg","type":"image\/jpeg"}],"author":"moacir","twitter_card":"summary_large_image","twitter_misc":{"Escrito por":"moacir","Est. tempo de leitura":"3 minutos"},"schema":{"@context":"https:\/\/schema.org","@graph":[{"@type":"WebSite","@id":"https:\/\/franciscanos.org.br\/noticias\/#website","url":"https:\/\/franciscanos.org.br\/noticias\/","name":"Not\u00edcias - Franciscanos","description":"Prov\u00edncia Franciscana da Imaculada Concei\u00e7\u00e3o do Brasil - Ordem dos Frades Menores - OFM","potentialAction":[{"@type":"SearchAction","target":{"@type":"EntryPoint","urlTemplate":"https:\/\/franciscanos.org.br\/noticias\/?s={search_term_string}"},"query-input":"required name=search_term_string"}],"inLanguage":"pt-BR"},{"@type":"ImageObject","inLanguage":"pt-BR","@id":"https:\/\/franciscanos.org.br\/noticias\/cnbb-anuncia-nova-data-para-o-18o-congresso-eucaristico-nacional.html#primaryimage","url":"https:\/\/franciscanos.org.br\/noticias\/wp-content\/uploads\/2020\/11\/congresso_1d.jpg","contentUrl":"https:\/\/franciscanos.org.br\/noticias\/wp-content\/uploads\/2020\/11\/congresso_1d.jpg","width":736,"height":552},{"@type":"WebPage","@id":"https:\/\/franciscanos.org.br\/noticias\/cnbb-anuncia-nova-data-para-o-18o-congresso-eucaristico-nacional.html#webpage","url":"https:\/\/franciscanos.org.br\/noticias\/cnbb-anuncia-nova-data-para-o-18o-congresso-eucaristico-nacional.html","name":"CNBB anuncia nova data para o 18\u00ba Congresso Eucar\u00edstico Nacional - Not\u00edcias - Franciscanos","isPartOf":{"@id":"https:\/\/franciscanos.org.br\/noticias\/#website"},"primaryImageOfPage":{"@id":"https:\/\/franciscanos.org.br\/noticias\/cnbb-anuncia-nova-data-para-o-18o-congresso-eucaristico-nacional.html#primaryimage"},"datePublished":"2020-11-13T11:14:58+00:00","dateModified":"2020-11-13T11:14:58+00:00","author":{"@id":"https:\/\/franciscanos.org.br\/noticias\/#\/schema\/person\/b5c8cba458c330ccff548b056e95a5d4"},"breadcrumb":{"@id":"https:\/\/franciscanos.org.br\/noticias\/cnbb-anuncia-nova-data-para-o-18o-congresso-eucaristico-nacional.html#breadcrumb"},"inLanguage":"pt-BR","potentialAction":[{"@type":"ReadAction","target":["https:\/\/franciscanos.org.br\/noticias\/cnbb-anuncia-nova-data-para-o-18o-congresso-eucaristico-nacional.html"]}]},{"@type":"BreadcrumbList","@id":"https:\/\/franciscanos.org.br\/noticias\/cnbb-anuncia-nova-data-para-o-18o-congresso-eucaristico-nacional.html#breadcrumb","itemListElement":[{"@type":"ListItem","position":1,"name":"Home","item":"https:\/\/franciscanos.org.br\/noticias"},{"@type":"ListItem","position":2,"name":"CNBB anuncia nova data para o 18\u00ba Congresso Eucar\u00edstico Nacional"}]},{"@type":"Person","@id":"https:\/\/franciscanos.org.br\/noticias\/#\/schema\/person\/b5c8cba458c330ccff548b056e95a5d4","name":"moacir","image":{"@type":"ImageObject","inLanguage":"pt-BR","@id":"https:\/\/franciscanos.org.br\/noticias\/#\/schema\/person\/image\/","url":"https:\/\/secure.gravatar.com\/avatar\/d08aa2ce4c8dd416d4479aa8536fcf64?s=96&d=mm&r=g","contentUrl":"https:\/\/secure.gravatar.com\/avatar\/d08aa2ce4c8dd416d4479aa8536fcf64?s=96&d=mm&r=g","caption":"moacir"},"url":"https:\/\/franciscanos.org.br\/noticias\/author\/moacir"}]}},"_links":{"self":[{"href":"https:\/\/franciscanos.org.br\/noticias\/wp-json\/wp\/v2\/posts\/229412"}],"collection":[{"href":"https:\/\/franciscanos.org.br\/noticias\/wp-json\/wp\/v2\/posts"}],"about":[{"href":"https:\/\/franciscanos.org.br\/noticias\/wp-json\/wp\/v2\/types\/post"}],"author":[{"embeddable":true,"href":"https:\/\/franciscanos.org.br\/noticias\/wp-json\/wp\/v2\/users\/3"}],"replies":[{"embeddable":true,"href":"https:\/\/franciscanos.org.br\/noticias\/wp-json\/wp\/v2\/comments?post=229412"}],"version-history":[{"count":1,"href":"https:\/\/franciscanos.org.br\/noticias\/wp-json\/wp\/v2\/posts\/229412\/revisions"}],"predecessor-version":[{"id":229415,"href":"https:\/\/franciscanos.org.br\/noticias\/wp-json\/wp\/v2\/posts\/229412\/revisions\/229415"}],"wp:featuredmedia":[{"embeddable":true,"href":"https:\/\/franciscanos.org.br\/noticias\/wp-json\/wp\/v2\/media\/229413"}],"wp:attachment":[{"href":"https:\/\/franciscanos.org.br\/noticias\/wp-json\/wp\/v2\/media?parent=229412"}],"wp:term":[{"taxonomy":"category","embeddable":true,"href":"https:\/\/franciscanos.org.br\/noticias\/wp-json\/wp\/v2\/categories?post=229412"},{"taxonomy":"post_tag","embeddable":true,"href":"https:\/\/franciscanos.org.br\/noticias\/wp-json\/wp\/v2\/tags?post=229412"}],"curies":[{"name":"wp","href":"https:\/\/api.w.org\/{rel}","templated":true}]}}