{"id":22941,"date":"2012-08-28T07:16:45","date_gmt":"2012-08-28T10:16:45","guid":{"rendered":"http:\/\/new.franciscanos.org.br\/?p=22941"},"modified":"2020-06-11T18:00:43","modified_gmt":"2020-06-11T21:00:43","slug":"novo-conselho-da-ofs-e-eleito-em-brasilia","status":"publish","type":"post","link":"https:\/\/franciscanos.org.br\/noticias\/novo-conselho-da-ofs-e-eleito-em-brasilia.html","title":{"rendered":"Novo Conselho da OFS \u00e9 eleito em Bras\u00edlia"},"content":{"rendered":"<p><img loading=\"lazy\" class=\"alignright size-full wp-image-22944\" title=\"3102_280812\" src=\"http:\/\/franciscanos.org.br\/wp-content\/uploads\/2012\/08\/3102_280812.jpg\" alt=\"\" width=\"400\" height=\"299\" \/>A Ordem Franciscana Secular do Brasil realizou de24 a26 de agosto de 2012 &#8211; em Bras\u00edlia (DF), o seu 34\u00ba Cap\u00edtulo Nacional Ordin\u00e1rio e o 12\u00ba Eletivo. Durante a realiza\u00e7\u00e3o do Cap\u00edtulo estiveram presentes, a delegada da Ministra Geral, Conselheira da Presid\u00eancia do CIOFS para os pa\u00edses de L\u00edngua Espanhola, Maria Consuelo Queremel de Nu\u00f1es (Chelito); Assistente Internacional para os CIOFS, Fr. Amando Trujillo Cano, TOR; Presidente da Confer\u00eancia Nacional dos Assistentes Espirituais, Frei Manuel Jos\u00e9 Farias Lopes, TOR; Secret\u00e1rio Fraterno Nacional da JUFRA, Alex Sandro Bastos Ferreira; Representantes da FFB (Fam\u00edlia Franciscana do Brasil), Ir. Renata Lopes de Farias, da Congrega\u00e7\u00e3o das Irm\u00e3s Franciscanas de Dillingen; Ministro do Regional Centro, anfitri\u00e3o, Nivaldo Moreira da Silva e a Assistente Espiritual do Regional Centro, Ir. Sandra Regina Ferreira, da Congrega\u00e7\u00e3o franciscana da Divina Miseric\u00f3rdia.<\/p>\n<p>Na abertura do Cap\u00edtulo, o Ministro Nacional da OFS, Ant\u00f4nio Benedito Bitencourt, saudou os presentes, em especial o Regional Centro pela acolhida e empenho para receber todos os capitulares. No decorrer das atividades, foram escolhidos os secret\u00e1rios, escrutinadores e membros da Comiss\u00e3o de Reda\u00e7\u00e3o do Cap\u00edtulo.<\/p>\n<p>A representante da Presid\u00eancia do CIOFS saudou os capitulares e leu a mensagem especialmente enviada pela Ministra Geral, Encarnaci\u00f3n del Pozo, que trata sobre o servi\u00e7o aos irm\u00e3os, tendo como palavra-chave a convers\u00e3o. A Moderadora Joana D\u2019Arc leu outra mensagem enviada pela Conselheira da Presid\u00eancia do CIOFS para os pa\u00edses de L\u00edngua Portuguesa, Maria Aparecida Crepaldi.<\/p>\n<p>O ministro anfitri\u00e3o do Regional Centro, Nivaldo Moreira da Silva, desejou boas vindas a todos e ressaltou que tudo foi preparado com muito carinho e com o apoio das fraternidades locais. O ministro nacional apresentou o relat\u00f3rio do tri\u00eanio e os representantes dos regionais se reuniram para avaliar as prioridades definidas no \u00faltimo Cap\u00edtulo para que novas propostas fossem apresentadas para definir as prioridades do pr\u00f3ximo tri\u00eanio.<\/p>\n<div id=\"attachment_22952\" style=\"width: 370px\" class=\"wp-caption alignleft\"><img aria-describedby=\"caption-attachment-22952\" loading=\"lazy\" class=\"size-full wp-image-22952\" title=\"Minsitro_Nacional_Reeleito\" src=\"http:\/\/franciscanos.org.br\/wp-content\/uploads\/2012\/08\/Minsitro_Nacional_Reeleito.jpg\" alt=\"\" width=\"360\" height=\"480\" \/><p id=\"caption-attachment-22952\" class=\"wp-caption-text\">Ant\u00f4nio Benedito Bitencourt (PA), Ministro Nacional<\/p><\/div>\n<p>A novidade do Cap\u00edtulo ficou por conta da utiliza\u00e7\u00e3o do sistema de vota\u00e7\u00e3o eletr\u00f4nica que, inclusive, foi utilizado em Congressos da Juventude Franciscana (JUFRA). Os primeiros capitulares que votaram dessa nova forma foram, pela lista em ordem alfab\u00e9tica, Alex Sandro Ferreira (SP), Anderson Moura (RJ), Ant\u00f4nio Benedito Bitencourt (PA) e Arion Silva (RJ).<br \/>\nA elei\u00e7\u00e3o foi presidida pela Conselheira da Presid\u00eancia do CIOFS, Maria Consuelo (Chelito) Nu\u00f1ez, da Venezuela, delegada da Ministra Geral da OFS, acompanhada do Assistente Geral, Frei Amando Trujillo Cano, TOR, do M\u00e9xico. Conforme estabelecido, os cargos para o novo tri\u00eanio foram votados um a um pelos quarenta e quatro capitulares que elegeram o novo Conselho Nacional que passa a ter a seguinte composi\u00e7\u00e3o:<\/p>\n<p>&#8211; Ant\u00f4nio Benedito Bitencourt (PA) foi reeleito <strong>Ministro Nacional<\/strong>.<br \/>\n&#8211; Vanderlei Su\u00e9lio (GO) foi reeleito <strong>vice-ministro<\/strong>.<br \/>\n&#8211; Maria Bernadette Mesquita (SP) foi eleita <strong>Coordenadora de Forma\u00e7\u00e3o<br \/>\n<\/strong>&#8211; Wigna de Lira (RN) foi eleita <strong>Secret\u00e1ria<\/strong>.<br \/>\n&#8211; Aluisio Victal (SP) foi eleito Tesoureiro.<br \/>\n&#8211; Mar\u00facia Concei\u00e7\u00e3o Conte (PA) foi eleita <strong>Conselheira Nacional para a \u00c1rea Norte<\/strong>.<br \/>\n&#8211; Zilmar Uch\u00f4a (MA) foi reeleita Conselheira Nacional para a <strong>\u00c1rea Nordeste A<\/strong>.<br \/>\n&#8211; Edmilson Brito (SE) foi eleito Conselheiro Nacional para a <strong>\u00c1rea Nordeste B<\/strong>.<br \/>\n&#8211; Edvaldo Dias (MS) foi reeleito Conselheiro Nacional para a <strong>\u00c1rea Centro-Oeste<\/strong>.<br \/>\n&#8211; Helio Gouv\u00eaa (RJ) foi eleito Conselheiro Nacional para a <strong>\u00c1rea Sudeste<\/strong>.<br \/>\n&#8211; Izabel Teixeira (RS) foi eleita Conselheira Nacional para a <strong>\u00c1rea Sul<\/strong>.<br \/>\n&#8211; Paulo Machado (RJ) foi eleito <strong>Assessor Jur\u00eddico<\/strong>.<\/p>\n<p>Tamb\u00e9m foram eleitos como <strong>conselheiros fiscais<\/strong> <strong>efetivos<\/strong> os irm\u00e3os Edivaldo Rog\u00e9rio de Oliveira (RJ), Maria Jos\u00e9 Coelho (MS) e Nivaldo Moreira (GO); e como <strong>suplentes do Conselho Fiscal<\/strong> os irm\u00e3os Paulo Gomes (CE), Ubiraci Nascimento (PE) e Cl\u00e1udio Luiz Lima (RJ).<\/p>\n<p>Que o Senhor sempre ilumine esses irm\u00e3os e irm\u00e3s que no tri\u00eanio que se inaugura assumiram com disponibilidade e responsabilidade esse nobre servi\u00e7o em favor de toda a fraternidade nacional e do carisma franciscano secular.<\/p>\n<h4 style=\"text-align: left;\" align=\"right\"><strong style=\"text-align: left;\">Reflex\u00f5es como prepara\u00e7\u00e3o ao Cap\u00edtulo da Fraternidade<br \/>\n<\/strong><strong>Mensagem da delegada da Ministra Geral lida na abertura do Cap\u00edtulo<\/strong><\/h4>\n<p style=\"text-align: left;\" align=\"right\"><strong>Chelito N\u00fa\u00f1ez, ofs<\/strong><\/p>\n<p><img loading=\"lazy\" class=\"size-full wp-image-22950 alignright\" title=\"3104_280812\" src=\"http:\/\/franciscanos.org.br\/wp-content\/uploads\/2012\/08\/3104_280812.jpg\" alt=\"\" width=\"300\" height=\"304\" \/>Ao preparar-nos para celebrar seriamente um Cap\u00edtulo Eletivo, devemos refletir sobre o que significa um Cap\u00edtulo, e como cada um de n\u00f3s \u00e9 respons\u00e1vel para lev\u00e1-lo a feliz t\u00e9rmino.<\/p>\n<p>Antes de tudo devemos recordar que para Francisco de Assis o Cap\u00edtulo como Assembl\u00e9ia era a ocasi\u00e3o onde todos os irm\u00e3os tinham direito de participar, opinar e deliberar, constituindo-o assim como uma experi\u00eancia de democracia muito adiantada para sua \u00e9poca. Desta maneira, tendo como seu maior guia o Esp\u00edrito Santo, punha nas m\u00e3os de todos os seus frades o futuro da Ordem.<\/p>\n<p>\u00c9 assim que nossas Constitui\u00e7\u00f5es nos referem (Art.49) no Cap\u00edtulo que trata dos assuntos que interessam \u00e0 vida e \u00e0 organiza\u00e7\u00e3o da fraternidade. Palavra chave INTERESSAM, que poder\u00edamos dizer que estes assuntos que se tratam no Cap\u00edtulo, os tratam irm\u00e3os que AMAM a sua fraternidade e, portanto buscam o MELHOR para sua vida e organiza\u00e7\u00e3o. Portanto, n\u00e3o \u00e9 uma assembl\u00e9ia qualquer.<br \/>\nPoder\u00edamos come\u00e7ar dizendo o que todos sabemos, que confiamos ao Esp\u00edrito Santo as decis\u00f5es, as elei\u00e7\u00f5es e os resultados de nosso Cap\u00edtulo. Mas, ser\u00e1 que por acaso a a\u00e7\u00e3o do Esp\u00edrito se faz evidente e eficaz APESAR de nossa disposi\u00e7\u00e3o? Poder\u00edamos dizer que sim, que o Senhor nos manifestou sua grandeza e sua gloria, e nos concede sua gra\u00e7a que se faz tang\u00edvelem nosso Batismo, nos sacramentos e com renovado compromisso de nossa parte na Profiss\u00e3o que fazemos na OFS, mais al\u00e9m de nossos m\u00e9ritos.<\/p>\n<p>MAS, sucede que nem sempre temos a disposi\u00e7\u00e3o pessoal que necessitamos para que esta a\u00e7\u00e3o do Esp\u00edrito se fa\u00e7a vida em cada um de n\u00f3s, porque pomos barreiras e obst\u00e1culos ao Esp\u00edrito Santo; como s\u00e3o os interesses pessoais, os interesses ocultos, os ego\u00edsmos, a inveja, \u201cos cargos\u201d que se assumem na fraternidade, vistos mais como s\u00edmbolo de poder em lugar de um modo de servi\u00e7o aos irm\u00e3os\u201d.<\/p>\n<p>Ou seja, a partir do ponto de vista de Deus, Ele est\u00e1 disposto e temos a garantia de sua gra\u00e7a, o que est\u00e1 por se ver \u00e9 \u201cnossa disposi\u00e7\u00e3o pessoal\u201d.<\/p>\n<p>Assim entramos no terreno individual do compromisso assumido, pelo que devemos deter-nos a pensar, como estamos assumindo em nossa vida o compromisso de nossa profiss\u00e3o na OFS, se \u00e9 que estamos verdadeiramente abertos \u00e0 a\u00e7\u00e3o do Esp\u00edrito? Ou se \u00e9 que de nossa parte estamos paralisados, ainda examinando o que \u00e9 que o Senhor quer de n\u00f3s. E perguntar-nos que estamos fazendo cada um de n\u00f3s com os dons que recebemos. O Senhor SIM far\u00e1 seu trabalho, SIM nos dar\u00e1 sua gra\u00e7a. Nosso trabalho, nossa postura, \u00e9 ser os melhores instrumentos de sua vontade.<br \/>\nNeste caminho de convers\u00e3o pessoal, n\u00e3o estamos s\u00f3s, porque esta profiss\u00e3o na Ordem nos insere numa Fraternidade, a qual devemos amar como a nossa pr\u00f3pria fam\u00edlia, com todas as consequ\u00eancias que isto implica.<br \/>\nAssim que sentindo-nos comprometidos com nossa Fraternidade, nossa disposi\u00e7\u00e3o pessoal influi diretamente em nossa fraternidade, de forma positiva ou de forma negativa. Alcan\u00e7amos logo que cada um de n\u00f3s vive um aut\u00eantico compromisso. Para isto, \u00e9 fundamental a pureza de inten\u00e7\u00e3o que tenhamos em nossos cora\u00e7\u00f5es, (\u201cAmem e vivam a pureza de cora\u00e7\u00e3o, fonte da verdadeira fraternidade\u201d, Regra Art.15,4).<\/p>\n<p>E n\u00e3o somente devemos ter a melhor disposi\u00e7\u00e3o pessoal sen\u00e3o saber-nos unidos a nossa fraternidade e como tal obrigados a realizar um \u201cdiscernimento comunitario\u201d que nos obriga todos juntos a encontrar-nos espiritualmente abertos \u00e0 a\u00e7\u00e3o do Esp\u00edrito.<\/p>\n<p>\u00c9 por isto que um local privilegiado \u00e9 o que encontramos ao reunir-nos em Cap\u00edtulo, porque ali todos discernimos juntos e podemos sair ao encontro de Deus, com respostas corajosas, criativas, em atitude de convers\u00e3o e abertura. Isto tamb\u00e9m forma parte do processo de convers\u00e3o que deve invadir o \u00e2mbito de nossa fraternidade. Porque \u00e9 \u00f3bvio que quando estamos num processo de \u201cdiscernimento comunit\u00e1rio\u201d, mas n\u00e3o h\u00e1 consci\u00eancia de fraternidade, sen\u00e3o de nossa parte pessoas com interesses particulares, com uma paralisia em sua pr\u00f3pria convers\u00e3o, com um ego\u00edsmo exagerado, com uma grande falta de sinceridade, sem o devido INTERESSE pela fraternidade, e por isto sem um verdadeiro AMOR pela mesma, assim \u00e9 imposs\u00edvel que se tenha a disposi\u00e7\u00e3o devida para que a a\u00e7\u00e3o do Esp\u00edrito atue.<br \/>\n\u00c9 importante que ao encontrar-nos estejamos dispostos a realizar um discernimento como fraternidade, para avaliar nossas realidades, com a devida liberdade interior e abertura, com uma clara consci\u00eancia do conceito de irm\u00e3os.<br \/>\nNossa fraternidade \u00e9 onde celebramos o Mist\u00e9rio da Salva\u00e7\u00e3o e onde nos encontramos unidos espiritualmente com todo o povo de Deus, segundo o confirma o nosso Ritual. \u00c9 vital para isto o \u201csentido de perten\u00e7a\u201d que \u00e9 a base fundamental de nosso itiner\u00e1rio como franciscanos seculares.<\/p>\n<p align=\"center\"><em>Senhor, ilumina as trevas de nosso cora\u00e7\u00e3o,<\/em><br \/>\n<em> D\u00e1-nos f\u00e9 reta<\/em><br \/>\n<em> Caridade perfeita<\/em><br \/>\n<em> Sentido e conhecimento Senhor<\/em><br \/>\n<em> Para cumprir teu santo e veraz mandamento.<\/em><\/p>\n<p style=\"text-align: left;\" align=\"right\">\n","protected":false},"excerpt":{"rendered":"<p>OFS <\/p>\n","protected":false},"author":1,"featured_media":210734,"comment_status":"closed","ping_status":"closed","sticky":false,"template":"","format":"standard","meta":[],"categories":[1],"tags":[60],"acf":[],"yoast_head":"<!-- This site is optimized with the Yoast SEO plugin v19.2 - https:\/\/yoast.com\/wordpress\/plugins\/seo\/ -->\n<title>Novo Conselho da OFS \u00e9 eleito em Bras\u00edlia - Not\u00edcias - Franciscanos<\/title>\n<meta name=\"robots\" content=\"index, follow, max-snippet:-1, max-image-preview:large, max-video-preview:-1\" \/>\n<link rel=\"canonical\" href=\"https:\/\/franciscanos.org.br\/noticias\/novo-conselho-da-ofs-e-eleito-em-brasilia.html\" \/>\n<meta property=\"og:locale\" content=\"pt_BR\" \/>\n<meta property=\"og:type\" content=\"article\" \/>\n<meta property=\"og:title\" content=\"Novo Conselho da OFS \u00e9 eleito em Bras\u00edlia - Not\u00edcias - Franciscanos\" \/>\n<meta property=\"og:description\" content=\"OFS\" \/>\n<meta property=\"og:url\" content=\"https:\/\/franciscanos.org.br\/noticias\/novo-conselho-da-ofs-e-eleito-em-brasilia.html\" \/>\n<meta property=\"og:site_name\" content=\"Not\u00edcias - Franciscanos\" \/>\n<meta property=\"article:published_time\" content=\"2012-08-28T10:16:45+00:00\" \/>\n<meta property=\"article:modified_time\" content=\"2020-06-11T21:00:43+00:00\" \/>\n<meta property=\"og:image\" content=\"https:\/\/franciscanos.org.br\/noticias\/wp-content\/uploads\/2012\/08\/3102_280812-1.jpg\" \/>\n\t<meta property=\"og:image:width\" content=\"273\" \/>\n\t<meta property=\"og:image:height\" content=\"181\" \/>\n\t<meta property=\"og:image:type\" content=\"image\/jpeg\" \/>\n<meta name=\"author\" content=\"admin\" \/>\n<meta name=\"twitter:card\" content=\"summary_large_image\" \/>\n<meta name=\"twitter:label1\" content=\"Escrito por\" \/>\n\t<meta name=\"twitter:data1\" content=\"admin\" \/>\n\t<meta name=\"twitter:label2\" content=\"Est. tempo de leitura\" \/>\n\t<meta name=\"twitter:data2\" content=\"8 minutos\" \/>\n<script type=\"application\/ld+json\" class=\"yoast-schema-graph\">{\"@context\":\"https:\/\/schema.org\",\"@graph\":[{\"@type\":\"WebSite\",\"@id\":\"https:\/\/franciscanos.org.br\/noticias\/#website\",\"url\":\"https:\/\/franciscanos.org.br\/noticias\/\",\"name\":\"Not\u00edcias - Franciscanos\",\"description\":\"Prov\u00edncia Franciscana da Imaculada Concei\u00e7\u00e3o do Brasil - Ordem dos Frades Menores - OFM\",\"potentialAction\":[{\"@type\":\"SearchAction\",\"target\":{\"@type\":\"EntryPoint\",\"urlTemplate\":\"https:\/\/franciscanos.org.br\/noticias\/?s={search_term_string}\"},\"query-input\":\"required name=search_term_string\"}],\"inLanguage\":\"pt-BR\"},{\"@type\":\"ImageObject\",\"inLanguage\":\"pt-BR\",\"@id\":\"https:\/\/franciscanos.org.br\/noticias\/novo-conselho-da-ofs-e-eleito-em-brasilia.html#primaryimage\",\"url\":\"https:\/\/franciscanos.org.br\/noticias\/wp-content\/uploads\/2012\/08\/3102_280812-1.jpg\",\"contentUrl\":\"https:\/\/franciscanos.org.br\/noticias\/wp-content\/uploads\/2012\/08\/3102_280812-1.jpg\",\"width\":273,\"height\":181},{\"@type\":\"WebPage\",\"@id\":\"https:\/\/franciscanos.org.br\/noticias\/novo-conselho-da-ofs-e-eleito-em-brasilia.html#webpage\",\"url\":\"https:\/\/franciscanos.org.br\/noticias\/novo-conselho-da-ofs-e-eleito-em-brasilia.html\",\"name\":\"Novo Conselho da OFS \u00e9 eleito em Bras\u00edlia - Not\u00edcias - Franciscanos\",\"isPartOf\":{\"@id\":\"https:\/\/franciscanos.org.br\/noticias\/#website\"},\"primaryImageOfPage\":{\"@id\":\"https:\/\/franciscanos.org.br\/noticias\/novo-conselho-da-ofs-e-eleito-em-brasilia.html#primaryimage\"},\"datePublished\":\"2012-08-28T10:16:45+00:00\",\"dateModified\":\"2020-06-11T21:00:43+00:00\",\"author\":{\"@id\":\"https:\/\/franciscanos.org.br\/noticias\/#\/schema\/person\/b38fbf43118f02820bd932f2e4b14ad3\"},\"breadcrumb\":{\"@id\":\"https:\/\/franciscanos.org.br\/noticias\/novo-conselho-da-ofs-e-eleito-em-brasilia.html#breadcrumb\"},\"inLanguage\":\"pt-BR\",\"potentialAction\":[{\"@type\":\"ReadAction\",\"target\":[\"https:\/\/franciscanos.org.br\/noticias\/novo-conselho-da-ofs-e-eleito-em-brasilia.html\"]}]},{\"@type\":\"BreadcrumbList\",\"@id\":\"https:\/\/franciscanos.org.br\/noticias\/novo-conselho-da-ofs-e-eleito-em-brasilia.html#breadcrumb\",\"itemListElement\":[{\"@type\":\"ListItem\",\"position\":1,\"name\":\"Home\",\"item\":\"https:\/\/franciscanos.org.br\/noticias\"},{\"@type\":\"ListItem\",\"position\":2,\"name\":\"Novo Conselho da OFS \u00e9 eleito em Bras\u00edlia\"}]},{\"@type\":\"Person\",\"@id\":\"https:\/\/franciscanos.org.br\/noticias\/#\/schema\/person\/b38fbf43118f02820bd932f2e4b14ad3\",\"name\":\"admin\",\"image\":{\"@type\":\"ImageObject\",\"inLanguage\":\"pt-BR\",\"@id\":\"https:\/\/franciscanos.org.br\/noticias\/#\/schema\/person\/image\/\",\"url\":\"https:\/\/secure.gravatar.com\/avatar\/e8495742d34d0ba6448ea1c628263b3e?s=96&d=mm&r=g\",\"contentUrl\":\"https:\/\/secure.gravatar.com\/avatar\/e8495742d34d0ba6448ea1c628263b3e?s=96&d=mm&r=g\",\"caption\":\"admin\"},\"url\":\"https:\/\/franciscanos.org.br\/noticias\/author\/admin\"}]}<\/script>\n<!-- \/ Yoast SEO plugin. -->","yoast_head_json":{"title":"Novo Conselho da OFS \u00e9 eleito em Bras\u00edlia - Not\u00edcias - Franciscanos","robots":{"index":"index","follow":"follow","max-snippet":"max-snippet:-1","max-image-preview":"max-image-preview:large","max-video-preview":"max-video-preview:-1"},"canonical":"https:\/\/franciscanos.org.br\/noticias\/novo-conselho-da-ofs-e-eleito-em-brasilia.html","og_locale":"pt_BR","og_type":"article","og_title":"Novo Conselho da OFS \u00e9 eleito em Bras\u00edlia - Not\u00edcias - Franciscanos","og_description":"OFS","og_url":"https:\/\/franciscanos.org.br\/noticias\/novo-conselho-da-ofs-e-eleito-em-brasilia.html","og_site_name":"Not\u00edcias - Franciscanos","article_published_time":"2012-08-28T10:16:45+00:00","article_modified_time":"2020-06-11T21:00:43+00:00","og_image":[{"width":273,"height":181,"url":"https:\/\/franciscanos.org.br\/noticias\/wp-content\/uploads\/2012\/08\/3102_280812-1.jpg","type":"image\/jpeg"}],"author":"admin","twitter_card":"summary_large_image","twitter_misc":{"Escrito por":"admin","Est. tempo de leitura":"8 minutos"},"schema":{"@context":"https:\/\/schema.org","@graph":[{"@type":"WebSite","@id":"https:\/\/franciscanos.org.br\/noticias\/#website","url":"https:\/\/franciscanos.org.br\/noticias\/","name":"Not\u00edcias - Franciscanos","description":"Prov\u00edncia Franciscana da Imaculada Concei\u00e7\u00e3o do Brasil - Ordem dos Frades Menores - OFM","potentialAction":[{"@type":"SearchAction","target":{"@type":"EntryPoint","urlTemplate":"https:\/\/franciscanos.org.br\/noticias\/?s={search_term_string}"},"query-input":"required name=search_term_string"}],"inLanguage":"pt-BR"},{"@type":"ImageObject","inLanguage":"pt-BR","@id":"https:\/\/franciscanos.org.br\/noticias\/novo-conselho-da-ofs-e-eleito-em-brasilia.html#primaryimage","url":"https:\/\/franciscanos.org.br\/noticias\/wp-content\/uploads\/2012\/08\/3102_280812-1.jpg","contentUrl":"https:\/\/franciscanos.org.br\/noticias\/wp-content\/uploads\/2012\/08\/3102_280812-1.jpg","width":273,"height":181},{"@type":"WebPage","@id":"https:\/\/franciscanos.org.br\/noticias\/novo-conselho-da-ofs-e-eleito-em-brasilia.html#webpage","url":"https:\/\/franciscanos.org.br\/noticias\/novo-conselho-da-ofs-e-eleito-em-brasilia.html","name":"Novo Conselho da OFS \u00e9 eleito em Bras\u00edlia - Not\u00edcias - Franciscanos","isPartOf":{"@id":"https:\/\/franciscanos.org.br\/noticias\/#website"},"primaryImageOfPage":{"@id":"https:\/\/franciscanos.org.br\/noticias\/novo-conselho-da-ofs-e-eleito-em-brasilia.html#primaryimage"},"datePublished":"2012-08-28T10:16:45+00:00","dateModified":"2020-06-11T21:00:43+00:00","author":{"@id":"https:\/\/franciscanos.org.br\/noticias\/#\/schema\/person\/b38fbf43118f02820bd932f2e4b14ad3"},"breadcrumb":{"@id":"https:\/\/franciscanos.org.br\/noticias\/novo-conselho-da-ofs-e-eleito-em-brasilia.html#breadcrumb"},"inLanguage":"pt-BR","potentialAction":[{"@type":"ReadAction","target":["https:\/\/franciscanos.org.br\/noticias\/novo-conselho-da-ofs-e-eleito-em-brasilia.html"]}]},{"@type":"BreadcrumbList","@id":"https:\/\/franciscanos.org.br\/noticias\/novo-conselho-da-ofs-e-eleito-em-brasilia.html#breadcrumb","itemListElement":[{"@type":"ListItem","position":1,"name":"Home","item":"https:\/\/franciscanos.org.br\/noticias"},{"@type":"ListItem","position":2,"name":"Novo Conselho da OFS \u00e9 eleito em Bras\u00edlia"}]},{"@type":"Person","@id":"https:\/\/franciscanos.org.br\/noticias\/#\/schema\/person\/b38fbf43118f02820bd932f2e4b14ad3","name":"admin","image":{"@type":"ImageObject","inLanguage":"pt-BR","@id":"https:\/\/franciscanos.org.br\/noticias\/#\/schema\/person\/image\/","url":"https:\/\/secure.gravatar.com\/avatar\/e8495742d34d0ba6448ea1c628263b3e?s=96&d=mm&r=g","contentUrl":"https:\/\/secure.gravatar.com\/avatar\/e8495742d34d0ba6448ea1c628263b3e?s=96&d=mm&r=g","caption":"admin"},"url":"https:\/\/franciscanos.org.br\/noticias\/author\/admin"}]}},"_links":{"self":[{"href":"https:\/\/franciscanos.org.br\/noticias\/wp-json\/wp\/v2\/posts\/22941"}],"collection":[{"href":"https:\/\/franciscanos.org.br\/noticias\/wp-json\/wp\/v2\/posts"}],"about":[{"href":"https:\/\/franciscanos.org.br\/noticias\/wp-json\/wp\/v2\/types\/post"}],"author":[{"embeddable":true,"href":"https:\/\/franciscanos.org.br\/noticias\/wp-json\/wp\/v2\/users\/1"}],"replies":[{"embeddable":true,"href":"https:\/\/franciscanos.org.br\/noticias\/wp-json\/wp\/v2\/comments?post=22941"}],"version-history":[{"count":2,"href":"https:\/\/franciscanos.org.br\/noticias\/wp-json\/wp\/v2\/posts\/22941\/revisions"}],"predecessor-version":[{"id":226437,"href":"https:\/\/franciscanos.org.br\/noticias\/wp-json\/wp\/v2\/posts\/22941\/revisions\/226437"}],"wp:featuredmedia":[{"embeddable":true,"href":"https:\/\/franciscanos.org.br\/noticias\/wp-json\/wp\/v2\/media\/210734"}],"wp:attachment":[{"href":"https:\/\/franciscanos.org.br\/noticias\/wp-json\/wp\/v2\/media?parent=22941"}],"wp:term":[{"taxonomy":"category","embeddable":true,"href":"https:\/\/franciscanos.org.br\/noticias\/wp-json\/wp\/v2\/categories?post=22941"},{"taxonomy":"post_tag","embeddable":true,"href":"https:\/\/franciscanos.org.br\/noticias\/wp-json\/wp\/v2\/tags?post=22941"}],"curies":[{"name":"wp","href":"https:\/\/api.w.org\/{rel}","templated":true}]}}