{"id":229088,"date":"2020-11-09T07:03:34","date_gmt":"2020-11-09T10:03:34","guid":{"rendered":"https:\/\/franciscanos.org.br\/noticias\/?p=229088"},"modified":"2020-11-09T07:13:36","modified_gmt":"2020-11-09T10:13:36","slug":"cortella-e-foucauld-entre-os-lancamentos-da-vozes","status":"publish","type":"post","link":"https:\/\/franciscanos.org.br\/noticias\/cortella-e-foucauld-entre-os-lancamentos-da-vozes.html","title":{"rendered":"Cortella e Foucauld entre os lan\u00e7amentos da Vozes"},"content":{"rendered":"<p><img loading=\"lazy\" class=\"alignnone wp-image-229089 size-full\" src=\"https:\/\/franciscanos.org.br\/noticias\/wp-content\/uploads\/2020\/11\/livros.jpg\" alt=\"\" width=\"1280\" height=\"473\" srcset=\"https:\/\/franciscanos.org.br\/noticias\/wp-content\/uploads\/2020\/11\/livros.jpg 1280w, https:\/\/franciscanos.org.br\/noticias\/wp-content\/uploads\/2020\/11\/livros-450x166.jpg 450w, https:\/\/franciscanos.org.br\/noticias\/wp-content\/uploads\/2020\/11\/livros-1024x378.jpg 1024w, https:\/\/franciscanos.org.br\/noticias\/wp-content\/uploads\/2020\/11\/livros-768x284.jpg 768w, https:\/\/franciscanos.org.br\/noticias\/wp-content\/uploads\/2020\/11\/livros-150x55.jpg 150w\" sizes=\"(max-width: 1280px) 100vw, 1280px\" \/><\/p>\n<p><strong>AOS MEUS IRMAOZINHOS<\/strong><\/p>\n<p>Charles de Foucauld \u00e9 um dos maiores m\u00edsticos de todos os tempos e possui grande conhecimento do evangelho. Ap\u00f3s um per\u00edodo no ex\u00e9rcito e morar em diversos pa\u00edses se estabeleceu em Nazar\u00e9, se tornando um religioso trapista, dando in\u00edcio a sua orienta\u00e7\u00e3o com Padre Huevlin.<\/p>\n<p>Publicado originalmente em 1973 a obra prov\u00e9m de um per\u00edodo em que o autor morou no Mosteiro de Santa Clara onde prestava servi\u00e7os como jardineiro em troca de moradia.<\/p>\n<p>Nazar\u00e9 \u00e9 o local do Deus onipotente, am\u00e1vel e confi\u00e1vel. Por causa da viv\u00eancia que experimentou em Nazar\u00e9, Charles de Foucald foi para o deserto onde viveu at\u00e9 ser assassinado em 1916 por um grupo de saqueadores. Suas obras s\u00e3o baseadas no per\u00edodo em que viveu como eremit\u00e9rio, tendo a maioria da sua obra como uma esp\u00e9cie de di\u00e1rio, com coment\u00e1rios sobre a b\u00edblia.<\/p>\n<p>A obra <em>Aos meus irm\u00e3zinhos <\/em>tem como inspira\u00e7\u00e3o o per\u00edodo em que o autor viveu em Nazar\u00e9, uma obra que trata da caridade e do Evangelho. Para ele Nazar\u00e9 n\u00e3o \u00e9 um lugar, mas sim uma viv\u00eancia.<\/p>\n<hr \/>\n<p><strong><img loading=\"lazy\" class=\"alignleft size-full wp-image-229090\" src=\"https:\/\/franciscanos.org.br\/noticias\/wp-content\/uploads\/2020\/11\/cortela.png\" alt=\"\" width=\"320\" height=\"450\" srcset=\"https:\/\/franciscanos.org.br\/noticias\/wp-content\/uploads\/2020\/11\/cortela.png 320w, https:\/\/franciscanos.org.br\/noticias\/wp-content\/uploads\/2020\/11\/cortela-150x211.png 150w\" sizes=\"(max-width: 320px) 100vw, 320px\" \/>SABEDORIAS PARA PARTILHAR<\/strong><\/p>\n<p>Em sua nova obra, o professor Cortella convida o leitor a sair do autom\u00e1tico, parar um minuto e se permitir uma reflex\u00e3o filos\u00f3fica a respeito das multiplicidades da vida. Nas mensagens, o fil\u00f3sofo n\u00e3o pretende oferecer uma receita ou um caminho j\u00e1 tra\u00e7ado, mas provocar aqueles que buscam o saber e t\u00eam o desejo de ir adiante, de ter uma vida que n\u00e3o se apequena, a refletir sobre temas atuais, como conviv\u00eancia, poder, mudan\u00e7a, virtudes e v\u00edcios&#8230; Esta \u00e9 uma obra sobre vida, e vida em abund\u00e2ncia!<\/p>\n<hr \/>\n<p>&nbsp;<\/p>\n<p><strong>DA ALMA &#8211; (ED. BOLSO)<\/strong><\/p>\n<p>Arist\u00f3teles investiga neste volume o que vem ser a alma. Descrevendo conceitos para entender a alma, para ele esta \u00e9 inerente a vida. Ele se questiona \u201cA alma \u00e9 uma subst\u00e2ncia?\u201d, \u201cQual a ess\u00eancia da alma?\u201d e \u201dQuis s\u00e3o as qualidades da alma?\u201d<\/p>\n<p>O autor se questiona se a alma vive fora do corpo ou somente dentro dele. No decorrer do livro, ele mostra que mesmo ap\u00f3s a morte ele acredita que sim, h\u00e1 vida. Para ele o corpo d\u00e1 certas qualidades a alma. \u00a0E, a alma por outro lado completa o corpo.<\/p>\n<p>Arist\u00f3teles divide a alma em tr\u00eas: a alma sensitiva, intelectiva e vegetativa. Tudo e todos t\u00eam alma. A alma humana, intelectiva, \u00e9 a \u00fanica capaz, de mudar o ambiente, enquanto as outras vivem de acordo com a natureza.<\/p>\n<p>Uma preocupa\u00e7\u00e3o de Arist\u00f3teles debatida neste volume \u00e9 a com as afei\u00e7\u00f5es da alma. Se ficamos felizes porque estamos felizes, ou se ficamos felizes porque nossa alma est\u00e1 feliz, ou ainda, se est\u00e1 ligada ao corpo.<\/p>\n<p>Outra quest\u00e3o neste volume, levantada por Arist\u00f3teles \u00e9 sobre a mat\u00e9ria (corpo). Ser\u00e1 que esta dar\u00e1 forma a alma? O autor questiona: \u201cQuem d\u00e1 forma ao corpo?\u201d \u00c9 assim, levantando essas quest\u00f5es que Arist\u00f3teles tenta entender a alma.<\/p>\n<hr \/>\n<p><strong>A S\u00cdNDROME DE BABEL E A DISPUTA DO PODER GLOBAL<\/strong><\/p>\n<p><strong>\u00a0<\/strong>\u00a0\u00a0\u00a0\u00a0\u00a0\u00a0\u00a0\u00a0\u00a0\u00a0\u00a0 Neste livro Jos\u00e9 Lu\u00eds Fiori re\u00fane artigos e ensaios publicados por 5 anos, entre os anos de 2014 e 2019 em diferentes jornais, tanto nacionais quanto internacionais. Como objetivo o autor buscou entender o presente para ter um futuro em que todos sejam tratados como iguais.<\/p>\n<p>Os artigos v\u00eam em diferentes formatos, dentre eles, jornal\u00edsticos e acad\u00eamicos. Os textos foram publicados durante o governo do ex presidente dos Estados Unidos, Barack Obama, no qual o pa\u00eds passava por per\u00edodos conturbados, assim como no Brasil.<\/p>\n<p>A obra cont\u00e9m uma \u00f3ptica te\u00f3rica de \u2018poder\u2019 do \u2018capital\u2019 e da economia pol\u00edtica internacional. Fiori dividiu o livro em dois momentos: as transforma\u00e7\u00f5es mundiais contempor\u00e2neas e mudan\u00e7as que ocorreram na Am\u00e9rica Latina.<\/p>\n<p>Ao final do livro, Jos\u00e9 Lu\u00eds apresenta propostas para debates de uma nova estrat\u00e9gia de desenvolvimento para a Am\u00e9rica Latina.<\/p>\n<hr \/>\n<p><strong>CADERNO DE EXERC\u00cdCIOS DE COMUNICA\u00c7\u00c3O N\u00c3O VIOLENTA<\/strong><\/p>\n<p>As neuroci\u00eancias afetiva e social confirmam as intui\u00e7\u00f5es de Marshall Rosenberg, o criador da Comunica\u00e7\u00e3o N\u00e3o Violenta\u00ae (CNV). Elas mostram que uma rela\u00e7\u00e3o emp\u00e1tica e benevolente com uma crian\u00e7a se revela a condi\u00e7\u00e3o fundamental para permitir que seu c\u00e9rebro evolua em \u00f3timas condi\u00e7\u00f5es.<\/p>\n<p>Todo ser humano sonha em ser compreendido e em poder expressar seus sentimentos, emo\u00e7\u00f5es e desejos profundos. Esse sonho, gra\u00e7as \u00e0 CNV\u00ae, pode ser oferecido \u00e0s nossas crian\u00e7as.<\/p>\n<p>Quando um dos pais pratica a CNV\u00ae ele compreende melhor seus pr\u00f3prios sentimentos e os do outro. Ele n\u00e3o critica mais e sabe regular os conflitos ao ajudar cada crian\u00e7a a expressar sua experi\u00eancia, por meio de uma escuta afetuosa. Sabe dizer <em>n\u00e3o<\/em> diante de um comportamento inadequado, mesmo compreendendo aquilo que estimula a crian\u00e7a.<\/p>\n<p>Quando uma crian\u00e7a aprende a CNV\u00ae ela se desenvolve, expressa sua experi\u00eancia, compreende-se melhor e tamb\u00e9m os outros. Sabe dizer n\u00e3o \u00e0 viol\u00eancia, n\u00e3o precisa mais mostrar que \u00e9 a mais forte ou desvalorizar o outro. Pelo contr\u00e1rio, ela sente prazer em cooperar e at\u00e9 se torna a protetora daquela que sofre humilha\u00e7\u00f5es. Uma crian\u00e7a feliz, n\u00e3o estressada, \u00e9 motivada, tem vontade de aprender, de compreender, de empreender e de criar.<\/p>\n<hr \/>\n<p><strong>SEM MORRER, SEM TEMER &#8211; SABEDORIA CONFORTANTE<\/strong><\/p>\n<p><strong>\u00a0<\/strong>\u00a0\u00a0\u00a0\u00a0\u00a0\u00a0\u00a0\u00a0\u00a0\u00a0\u00a0\u00a0\u00a0 Esta obra escrita pelo poeta, mestre Zen e ativista da paz Tchich Nhat Hanh trata um dos assuntos mais debatidos em toda a hist\u00f3ria, tentando responder a uma \u00fanica pergunta \u201cO que \u00e9 a morte?\u201d. Neste livro o autor explora os conceitos da morte, o medo e a pr\u00f3pria exist\u00eancia.<\/p>\n<p>Tchich Nhat Hanh tem o objetivo de ir al\u00e9m do conhecimento cient\u00edfico, mas ele vai atr\u00e1s da busca pela liberta\u00e7\u00e3o e sabedoria pessoal. Para o autor \u2018nascimento e morte s\u00e3o apenas portas pelas quais passamos\u2019.<\/p>\n<p>Na busca por respostas, o autor nos convida a uma jornada de auto conhecimento e auto avalia\u00e7\u00e3o. Com a perspectiva de um poeta, o autor nos demonstra que nossos medos s\u00e3o frutos de nossas percep\u00e7\u00f5es e mal-entendidos.<\/p>\n<p>Este livro tr\u00e1s a calma necess\u00e1ria para lidarmos com uma quest\u00e3o que aflige a todos, independente da classe social, idade e origem. Todos debatem a quest\u00e3o mais antiga da humanidade.<\/p>\n<hr \/>\n<h3>VEJA MAIS INFORMA\u00c7\u00d5ES NO SITE <a href=\"http:\/\/vozes.com.br\/\"><strong>http:\/\/vozes.com.br<\/strong>\/<\/a><\/h3>\n","protected":false},"excerpt":{"rendered":"<p>Editora Vozes<\/p>\n","protected":false},"author":3,"featured_media":229091,"comment_status":"open","ping_status":"open","sticky":false,"template":"","format":"standard","meta":[],"categories":[1],"tags":[238],"acf":[],"yoast_head":"<!-- This site is optimized with the Yoast SEO plugin v19.2 - https:\/\/yoast.com\/wordpress\/plugins\/seo\/ -->\n<title>Cortella e Foucauld entre os lan\u00e7amentos da Vozes - Not\u00edcias - Franciscanos<\/title>\n<meta name=\"robots\" content=\"index, follow, max-snippet:-1, max-image-preview:large, max-video-preview:-1\" \/>\n<link rel=\"canonical\" href=\"https:\/\/franciscanos.org.br\/noticias\/cortella-e-foucauld-entre-os-lancamentos-da-vozes.html\" \/>\n<meta property=\"og:locale\" content=\"pt_BR\" \/>\n<meta property=\"og:type\" content=\"article\" \/>\n<meta property=\"og:title\" content=\"Cortella e Foucauld entre os lan\u00e7amentos da Vozes - Not\u00edcias - Franciscanos\" \/>\n<meta property=\"og:description\" content=\"Editora Vozes\" \/>\n<meta property=\"og:url\" content=\"https:\/\/franciscanos.org.br\/noticias\/cortella-e-foucauld-entre-os-lancamentos-da-vozes.html\" \/>\n<meta property=\"og:site_name\" content=\"Not\u00edcias - Franciscanos\" \/>\n<meta property=\"article:published_time\" content=\"2020-11-09T10:03:34+00:00\" \/>\n<meta property=\"article:modified_time\" content=\"2020-11-09T10:13:36+00:00\" \/>\n<meta property=\"og:image\" content=\"https:\/\/franciscanos.org.br\/noticias\/wp-content\/uploads\/2020\/11\/livros_d.jpg\" \/>\n\t<meta property=\"og:image:width\" content=\"650\" \/>\n\t<meta property=\"og:image:height\" content=\"487\" \/>\n\t<meta property=\"og:image:type\" content=\"image\/jpeg\" \/>\n<meta name=\"author\" content=\"moacir\" \/>\n<meta name=\"twitter:card\" content=\"summary_large_image\" \/>\n<meta name=\"twitter:label1\" content=\"Escrito por\" \/>\n\t<meta name=\"twitter:data1\" content=\"moacir\" \/>\n\t<meta name=\"twitter:label2\" content=\"Est. tempo de leitura\" \/>\n\t<meta name=\"twitter:data2\" content=\"5 minutos\" \/>\n<script type=\"application\/ld+json\" class=\"yoast-schema-graph\">{\"@context\":\"https:\/\/schema.org\",\"@graph\":[{\"@type\":\"WebSite\",\"@id\":\"https:\/\/franciscanos.org.br\/noticias\/#website\",\"url\":\"https:\/\/franciscanos.org.br\/noticias\/\",\"name\":\"Not\u00edcias - Franciscanos\",\"description\":\"Prov\u00edncia Franciscana da Imaculada Concei\u00e7\u00e3o do Brasil - Ordem dos Frades Menores - OFM\",\"potentialAction\":[{\"@type\":\"SearchAction\",\"target\":{\"@type\":\"EntryPoint\",\"urlTemplate\":\"https:\/\/franciscanos.org.br\/noticias\/?s={search_term_string}\"},\"query-input\":\"required name=search_term_string\"}],\"inLanguage\":\"pt-BR\"},{\"@type\":\"ImageObject\",\"inLanguage\":\"pt-BR\",\"@id\":\"https:\/\/franciscanos.org.br\/noticias\/cortella-e-foucauld-entre-os-lancamentos-da-vozes.html#primaryimage\",\"url\":\"https:\/\/franciscanos.org.br\/noticias\/wp-content\/uploads\/2020\/11\/livros_d.jpg\",\"contentUrl\":\"https:\/\/franciscanos.org.br\/noticias\/wp-content\/uploads\/2020\/11\/livros_d.jpg\",\"width\":650,\"height\":487},{\"@type\":\"WebPage\",\"@id\":\"https:\/\/franciscanos.org.br\/noticias\/cortella-e-foucauld-entre-os-lancamentos-da-vozes.html#webpage\",\"url\":\"https:\/\/franciscanos.org.br\/noticias\/cortella-e-foucauld-entre-os-lancamentos-da-vozes.html\",\"name\":\"Cortella e Foucauld entre os lan\u00e7amentos da Vozes - Not\u00edcias - Franciscanos\",\"isPartOf\":{\"@id\":\"https:\/\/franciscanos.org.br\/noticias\/#website\"},\"primaryImageOfPage\":{\"@id\":\"https:\/\/franciscanos.org.br\/noticias\/cortella-e-foucauld-entre-os-lancamentos-da-vozes.html#primaryimage\"},\"datePublished\":\"2020-11-09T10:03:34+00:00\",\"dateModified\":\"2020-11-09T10:13:36+00:00\",\"author\":{\"@id\":\"https:\/\/franciscanos.org.br\/noticias\/#\/schema\/person\/b5c8cba458c330ccff548b056e95a5d4\"},\"breadcrumb\":{\"@id\":\"https:\/\/franciscanos.org.br\/noticias\/cortella-e-foucauld-entre-os-lancamentos-da-vozes.html#breadcrumb\"},\"inLanguage\":\"pt-BR\",\"potentialAction\":[{\"@type\":\"ReadAction\",\"target\":[\"https:\/\/franciscanos.org.br\/noticias\/cortella-e-foucauld-entre-os-lancamentos-da-vozes.html\"]}]},{\"@type\":\"BreadcrumbList\",\"@id\":\"https:\/\/franciscanos.org.br\/noticias\/cortella-e-foucauld-entre-os-lancamentos-da-vozes.html#breadcrumb\",\"itemListElement\":[{\"@type\":\"ListItem\",\"position\":1,\"name\":\"Home\",\"item\":\"https:\/\/franciscanos.org.br\/noticias\"},{\"@type\":\"ListItem\",\"position\":2,\"name\":\"Cortella e Foucauld entre os lan\u00e7amentos da Vozes\"}]},{\"@type\":\"Person\",\"@id\":\"https:\/\/franciscanos.org.br\/noticias\/#\/schema\/person\/b5c8cba458c330ccff548b056e95a5d4\",\"name\":\"moacir\",\"image\":{\"@type\":\"ImageObject\",\"inLanguage\":\"pt-BR\",\"@id\":\"https:\/\/franciscanos.org.br\/noticias\/#\/schema\/person\/image\/\",\"url\":\"https:\/\/secure.gravatar.com\/avatar\/d08aa2ce4c8dd416d4479aa8536fcf64?s=96&d=mm&r=g\",\"contentUrl\":\"https:\/\/secure.gravatar.com\/avatar\/d08aa2ce4c8dd416d4479aa8536fcf64?s=96&d=mm&r=g\",\"caption\":\"moacir\"},\"url\":\"https:\/\/franciscanos.org.br\/noticias\/author\/moacir\"}]}<\/script>\n<!-- \/ Yoast SEO plugin. -->","yoast_head_json":{"title":"Cortella e Foucauld entre os lan\u00e7amentos da Vozes - Not\u00edcias - Franciscanos","robots":{"index":"index","follow":"follow","max-snippet":"max-snippet:-1","max-image-preview":"max-image-preview:large","max-video-preview":"max-video-preview:-1"},"canonical":"https:\/\/franciscanos.org.br\/noticias\/cortella-e-foucauld-entre-os-lancamentos-da-vozes.html","og_locale":"pt_BR","og_type":"article","og_title":"Cortella e Foucauld entre os lan\u00e7amentos da Vozes - Not\u00edcias - Franciscanos","og_description":"Editora Vozes","og_url":"https:\/\/franciscanos.org.br\/noticias\/cortella-e-foucauld-entre-os-lancamentos-da-vozes.html","og_site_name":"Not\u00edcias - Franciscanos","article_published_time":"2020-11-09T10:03:34+00:00","article_modified_time":"2020-11-09T10:13:36+00:00","og_image":[{"width":650,"height":487,"url":"https:\/\/franciscanos.org.br\/noticias\/wp-content\/uploads\/2020\/11\/livros_d.jpg","type":"image\/jpeg"}],"author":"moacir","twitter_card":"summary_large_image","twitter_misc":{"Escrito por":"moacir","Est. tempo de leitura":"5 minutos"},"schema":{"@context":"https:\/\/schema.org","@graph":[{"@type":"WebSite","@id":"https:\/\/franciscanos.org.br\/noticias\/#website","url":"https:\/\/franciscanos.org.br\/noticias\/","name":"Not\u00edcias - Franciscanos","description":"Prov\u00edncia Franciscana da Imaculada Concei\u00e7\u00e3o do Brasil - Ordem dos Frades Menores - OFM","potentialAction":[{"@type":"SearchAction","target":{"@type":"EntryPoint","urlTemplate":"https:\/\/franciscanos.org.br\/noticias\/?s={search_term_string}"},"query-input":"required name=search_term_string"}],"inLanguage":"pt-BR"},{"@type":"ImageObject","inLanguage":"pt-BR","@id":"https:\/\/franciscanos.org.br\/noticias\/cortella-e-foucauld-entre-os-lancamentos-da-vozes.html#primaryimage","url":"https:\/\/franciscanos.org.br\/noticias\/wp-content\/uploads\/2020\/11\/livros_d.jpg","contentUrl":"https:\/\/franciscanos.org.br\/noticias\/wp-content\/uploads\/2020\/11\/livros_d.jpg","width":650,"height":487},{"@type":"WebPage","@id":"https:\/\/franciscanos.org.br\/noticias\/cortella-e-foucauld-entre-os-lancamentos-da-vozes.html#webpage","url":"https:\/\/franciscanos.org.br\/noticias\/cortella-e-foucauld-entre-os-lancamentos-da-vozes.html","name":"Cortella e Foucauld entre os lan\u00e7amentos da Vozes - Not\u00edcias - Franciscanos","isPartOf":{"@id":"https:\/\/franciscanos.org.br\/noticias\/#website"},"primaryImageOfPage":{"@id":"https:\/\/franciscanos.org.br\/noticias\/cortella-e-foucauld-entre-os-lancamentos-da-vozes.html#primaryimage"},"datePublished":"2020-11-09T10:03:34+00:00","dateModified":"2020-11-09T10:13:36+00:00","author":{"@id":"https:\/\/franciscanos.org.br\/noticias\/#\/schema\/person\/b5c8cba458c330ccff548b056e95a5d4"},"breadcrumb":{"@id":"https:\/\/franciscanos.org.br\/noticias\/cortella-e-foucauld-entre-os-lancamentos-da-vozes.html#breadcrumb"},"inLanguage":"pt-BR","potentialAction":[{"@type":"ReadAction","target":["https:\/\/franciscanos.org.br\/noticias\/cortella-e-foucauld-entre-os-lancamentos-da-vozes.html"]}]},{"@type":"BreadcrumbList","@id":"https:\/\/franciscanos.org.br\/noticias\/cortella-e-foucauld-entre-os-lancamentos-da-vozes.html#breadcrumb","itemListElement":[{"@type":"ListItem","position":1,"name":"Home","item":"https:\/\/franciscanos.org.br\/noticias"},{"@type":"ListItem","position":2,"name":"Cortella e Foucauld entre os lan\u00e7amentos da Vozes"}]},{"@type":"Person","@id":"https:\/\/franciscanos.org.br\/noticias\/#\/schema\/person\/b5c8cba458c330ccff548b056e95a5d4","name":"moacir","image":{"@type":"ImageObject","inLanguage":"pt-BR","@id":"https:\/\/franciscanos.org.br\/noticias\/#\/schema\/person\/image\/","url":"https:\/\/secure.gravatar.com\/avatar\/d08aa2ce4c8dd416d4479aa8536fcf64?s=96&d=mm&r=g","contentUrl":"https:\/\/secure.gravatar.com\/avatar\/d08aa2ce4c8dd416d4479aa8536fcf64?s=96&d=mm&r=g","caption":"moacir"},"url":"https:\/\/franciscanos.org.br\/noticias\/author\/moacir"}]}},"_links":{"self":[{"href":"https:\/\/franciscanos.org.br\/noticias\/wp-json\/wp\/v2\/posts\/229088"}],"collection":[{"href":"https:\/\/franciscanos.org.br\/noticias\/wp-json\/wp\/v2\/posts"}],"about":[{"href":"https:\/\/franciscanos.org.br\/noticias\/wp-json\/wp\/v2\/types\/post"}],"author":[{"embeddable":true,"href":"https:\/\/franciscanos.org.br\/noticias\/wp-json\/wp\/v2\/users\/3"}],"replies":[{"embeddable":true,"href":"https:\/\/franciscanos.org.br\/noticias\/wp-json\/wp\/v2\/comments?post=229088"}],"version-history":[{"count":3,"href":"https:\/\/franciscanos.org.br\/noticias\/wp-json\/wp\/v2\/posts\/229088\/revisions"}],"predecessor-version":[{"id":229094,"href":"https:\/\/franciscanos.org.br\/noticias\/wp-json\/wp\/v2\/posts\/229088\/revisions\/229094"}],"wp:featuredmedia":[{"embeddable":true,"href":"https:\/\/franciscanos.org.br\/noticias\/wp-json\/wp\/v2\/media\/229091"}],"wp:attachment":[{"href":"https:\/\/franciscanos.org.br\/noticias\/wp-json\/wp\/v2\/media?parent=229088"}],"wp:term":[{"taxonomy":"category","embeddable":true,"href":"https:\/\/franciscanos.org.br\/noticias\/wp-json\/wp\/v2\/categories?post=229088"},{"taxonomy":"post_tag","embeddable":true,"href":"https:\/\/franciscanos.org.br\/noticias\/wp-json\/wp\/v2\/tags?post=229088"}],"curies":[{"name":"wp","href":"https:\/\/api.w.org\/{rel}","templated":true}]}}