{"id":229081,"date":"2020-11-08T08:46:53","date_gmt":"2020-11-08T11:46:53","guid":{"rendered":"https:\/\/franciscanos.org.br\/noticias\/?p=229081"},"modified":"2020-11-08T08:48:50","modified_gmt":"2020-11-08T11:48:50","slug":"feecaridade","status":"publish","type":"post","link":"https:\/\/franciscanos.org.br\/noticias\/feecaridade.html","title":{"rendered":"Papa: &#8220;N\u00e3o \u00e9 suficiente a l\u00e2mpada da f\u00e9, mas \u00e9 necess\u00e1rio tamb\u00e9m o \u00f3leo da caridade e das boas obras&#8221;."},"content":{"rendered":"<div id=\"attachment_229082\" style=\"width: 900px\" class=\"wp-caption alignnone\"><img aria-describedby=\"caption-attachment-229082\" loading=\"lazy\" class=\"wp-image-229082 size-full\" src=\"https:\/\/franciscanos.org.br\/noticias\/wp-content\/uploads\/2020\/11\/angelus_08_1.jpg\" alt=\"\" width=\"890\" height=\"593\" srcset=\"https:\/\/franciscanos.org.br\/noticias\/wp-content\/uploads\/2020\/11\/angelus_08_1.jpg 890w, https:\/\/franciscanos.org.br\/noticias\/wp-content\/uploads\/2020\/11\/angelus_08_1-450x300.jpg 450w, https:\/\/franciscanos.org.br\/noticias\/wp-content\/uploads\/2020\/11\/angelus_08_1-768x512.jpg 768w, https:\/\/franciscanos.org.br\/noticias\/wp-content\/uploads\/2020\/11\/angelus_08_1-150x100.jpg 150w\" sizes=\"(max-width: 890px) 100vw, 890px\" \/><p id=\"caption-attachment-229082\" class=\"wp-caption-text\"><em>\u00a0 \u00a0 \u00a0 \u00a0 \u00a0 \u00a0 \u00a0 \u00a0 \u00a0 \u00a0 \u00a0 \u00a0 \u00a0 \u00a0 \u00a0 \u00a0 \u00a0 \u00a0 \u00a0 \u00a0 \u00a0 \u00a0 \u00a0 \u00a0 \u00a0 \u00a0 \u00a0 \u00a0 \u00a0 \u00a0 \u00a0 \u00a0 \u00a0 \u00a0 \u00a0 \u00a0 \u00a0 \u00a0 \u00a0 \u00a0 \u00a0 \u00a0 \u00a0 \u00a0 \u00a0 \u00a0 \u00a0 \u00a0 \u00a0 \u00a0 \u00a0 \u00a0 \u00a0 \u00a0 \u00a0 \u00a0 \u00a0 \u00a0 \u00a0 \u00a0 \u00a0 \u00a0 \u00a0 \u00a0 \u00a0 \u00a0 \u00a0 \u00a0 \u00a0 Imagem: Vatican Media<\/em><\/p><\/div>\n<p>O trecho do Evangelho deste domingo (Mt 25,1-13) nos convida a prolongar a reflex\u00e3o sobre a vida eterna, iniciada por ocasi\u00e3o da Festa de Todos os Santos e da Comemora\u00e7\u00e3o de Finados. Jesus narra a par\u00e1bola das 10 virgens convidadas a uma festa nupcial, s\u00edmbolo do Reino dos c\u00e9us.<\/p>\n<p>No tempo de Jesus, havia o h\u00e1bito de celebrar as n\u00fapcias \u00e0 noite, portanto o cortejo dos convidados deveria se realizar com as l\u00e2mpadas acesas.<\/p>\n<p>Algumas jovens s\u00e3o imprevidentes: pegam as l\u00e2mpadas, mas n\u00e3o pegam o \u00f3leo; as s\u00e1bias, ao inv\u00e9s, pegam os dois. O esposo demora para chegar e todos acabam cochilando. Quando \u00e9 anunciado, as imprevidentes v\u00e3o comprar o \u00f3leo e o esposo chega neste momento. As jovens s\u00e1bias entram com ele para a festa do casamento; outras chegaram demasiado tarde e s\u00e3o recusadas.<\/p>\n<p><strong>F\u00e9 e caridade<\/strong><br \/>\nCom esta par\u00e1bola, explicou o Papa, Jesus quer nos dizer que devemos estar preparados para o encontro com Ele. \u201cN\u00e3o somente para o encontro final, mas tamb\u00e9m para os pequenos e grandes encontros de todos os dias.\u201d<\/p>\n<p>N\u00e3o \u00e9 suficiente a l\u00e2mpada da f\u00e9, mas \u00e9 necess\u00e1rio tamb\u00e9m o \u00f3leo da caridade e das boas obras. Ser s\u00e1bios e prudentes significa n\u00e3o esperar o \u00faltimo momento para corresponder \u00e0 gra\u00e7a de Deus, mas faz\u00ea-lo ativamente desde j\u00e1, come\u00e7ar agora:<\/p>\n<p>\u201cSim, mais para frente me converto. Converta-se agora! Mude hoje de vida! \u2013 \u201cSim, sim: amanh\u00e3\u201d. Para dizer o mesmo amanh\u00e3, que jamais chegar\u00e1. Hoje!\u201d<\/p>\n<p><strong>Viver o hoje repleto de esperan\u00e7a<\/strong><br \/>\nSe quisermos estar prontos para o \u00faltimo encontro com o Senhor, devemos desde j\u00e1 cooperar com Ele e realizar boas a\u00e7\u00f5es inspiradas no seu amor.<\/p>\n<p>Mas infelizmente, lamenta Francisco, se esquece que a meta da nossa vida \u00e9 o encontro definitivo com Deus, perdendo assim o sentido da espera e absolutizando o presente.<\/p>\n<p>\u201cQuando algu\u00e9m absolutiza o presente, olha somente para o presente, perde o sentido da espera, que \u00e9 t\u00e3o bonito. Esperar o Senhor \u00e9 t\u00e3o necess\u00e1rio e nos tira das contradi\u00e7\u00f5es do momento.\u201d<\/p>\n<p>E ent\u00e3o a preocupa\u00e7\u00e3o \u00e9 somente possuir, emergir, estabilizar-se. &#8220;Sempre mais.&#8221;<\/p>\n<p>Se deixarmos guiar por aquilo que parece mais atraente, pela busca dos nossos interesses, a nossa vida se torna est\u00e9ril, disse ainda Francisco; n\u00e3o acumularemos nenhuma reserva de \u00f3leo para a nossa l\u00e2mpada, e esta se apagar\u00e1 antes do encontro com o Senhor.<\/p>\n<p>\u201cDevemos viver o hoje, mas o hoje que vai em dire\u00e7\u00e3o ao amanh\u00e3, em dire\u00e7\u00e3o \u00e0quele encontro, o hoje repleto de esperan\u00e7a.\u201d<\/p>\n<p>Ao inv\u00e9s, se formos vigilantes e fizermos o bem correspondendo \u00e0 gra\u00e7a de Deus, podermos aguardar com serenidade a chegado do esposo, mesmo dormindo, porque temos a reserva de \u00f3leo acumulada com as boas obras de todos os dias, \u201cacumulada com a espera do Senhor, que Ele venha o mais r\u00e1pido poss\u00edvel e que venha para me levar com Ele\u201d.<\/p>\n<p>Invoquemos a intercess\u00e3o de Maria Sant\u00edssima, concluiu o Papa, \u201cpara que nos ajude a viver, como Ela fez, uma f\u00e9 atuante: essa \u00e9 a l\u00e2mpada luminosa com a qual podemos atravessar a noite al\u00e9m da morte e alcan\u00e7ar a grande festa da vida\u201d.<\/p>\n<hr \/>\n<p><em>Fonte: Vatican News (texto de Bianca Fraccalvieri )<\/em><\/p>\n","protected":false},"excerpt":{"rendered":"<p>Angelus<\/p>\n","protected":false},"author":3,"featured_media":229083,"comment_status":"open","ping_status":"open","sticky":false,"template":"","format":"standard","meta":[],"categories":[1428],"tags":[403],"acf":[],"yoast_head":"<!-- This site is optimized with the Yoast SEO plugin v19.2 - https:\/\/yoast.com\/wordpress\/plugins\/seo\/ -->\n<title>Papa: &quot;N\u00e3o \u00e9 suficiente a l\u00e2mpada da f\u00e9, mas \u00e9 necess\u00e1rio tamb\u00e9m o \u00f3leo da caridade e das boas obras&quot;. - Not\u00edcias - Franciscanos<\/title>\n<meta name=\"robots\" content=\"index, follow, max-snippet:-1, max-image-preview:large, max-video-preview:-1\" \/>\n<link rel=\"canonical\" href=\"https:\/\/franciscanos.org.br\/noticias\/feecaridade.html\" \/>\n<meta property=\"og:locale\" content=\"pt_BR\" \/>\n<meta property=\"og:type\" content=\"article\" \/>\n<meta property=\"og:title\" content=\"Papa: &quot;N\u00e3o \u00e9 suficiente a l\u00e2mpada da f\u00e9, mas \u00e9 necess\u00e1rio tamb\u00e9m o \u00f3leo da caridade e das boas obras&quot;. - Not\u00edcias - Franciscanos\" \/>\n<meta property=\"og:description\" content=\"Angelus\" \/>\n<meta property=\"og:url\" content=\"https:\/\/franciscanos.org.br\/noticias\/feecaridade.html\" \/>\n<meta property=\"og:site_name\" content=\"Not\u00edcias - Franciscanos\" \/>\n<meta property=\"article:published_time\" content=\"2020-11-08T11:46:53+00:00\" \/>\n<meta property=\"article:modified_time\" content=\"2020-11-08T11:48:50+00:00\" \/>\n<meta property=\"og:image\" content=\"https:\/\/franciscanos.org.br\/noticias\/wp-content\/uploads\/2020\/11\/angelus_08dd.jpg\" \/>\n\t<meta property=\"og:image:width\" content=\"710\" \/>\n\t<meta property=\"og:image:height\" content=\"533\" \/>\n\t<meta property=\"og:image:type\" content=\"image\/jpeg\" \/>\n<meta name=\"author\" content=\"moacir\" \/>\n<meta name=\"twitter:card\" content=\"summary_large_image\" \/>\n<meta name=\"twitter:label1\" content=\"Escrito por\" \/>\n\t<meta name=\"twitter:data1\" content=\"moacir\" \/>\n\t<meta name=\"twitter:label2\" content=\"Est. tempo de leitura\" \/>\n\t<meta name=\"twitter:data2\" content=\"3 minutos\" \/>\n<script type=\"application\/ld+json\" class=\"yoast-schema-graph\">{\"@context\":\"https:\/\/schema.org\",\"@graph\":[{\"@type\":\"WebSite\",\"@id\":\"https:\/\/franciscanos.org.br\/noticias\/#website\",\"url\":\"https:\/\/franciscanos.org.br\/noticias\/\",\"name\":\"Not\u00edcias - Franciscanos\",\"description\":\"Prov\u00edncia Franciscana da Imaculada Concei\u00e7\u00e3o do Brasil - Ordem dos Frades Menores - OFM\",\"potentialAction\":[{\"@type\":\"SearchAction\",\"target\":{\"@type\":\"EntryPoint\",\"urlTemplate\":\"https:\/\/franciscanos.org.br\/noticias\/?s={search_term_string}\"},\"query-input\":\"required name=search_term_string\"}],\"inLanguage\":\"pt-BR\"},{\"@type\":\"ImageObject\",\"inLanguage\":\"pt-BR\",\"@id\":\"https:\/\/franciscanos.org.br\/noticias\/feecaridade.html#primaryimage\",\"url\":\"https:\/\/franciscanos.org.br\/noticias\/wp-content\/uploads\/2020\/11\/angelus_08dd.jpg\",\"contentUrl\":\"https:\/\/franciscanos.org.br\/noticias\/wp-content\/uploads\/2020\/11\/angelus_08dd.jpg\",\"width\":710,\"height\":533},{\"@type\":\"WebPage\",\"@id\":\"https:\/\/franciscanos.org.br\/noticias\/feecaridade.html#webpage\",\"url\":\"https:\/\/franciscanos.org.br\/noticias\/feecaridade.html\",\"name\":\"Papa: \\\"N\u00e3o \u00e9 suficiente a l\u00e2mpada da f\u00e9, mas \u00e9 necess\u00e1rio tamb\u00e9m o \u00f3leo da caridade e das boas obras\\\". - Not\u00edcias - Franciscanos\",\"isPartOf\":{\"@id\":\"https:\/\/franciscanos.org.br\/noticias\/#website\"},\"primaryImageOfPage\":{\"@id\":\"https:\/\/franciscanos.org.br\/noticias\/feecaridade.html#primaryimage\"},\"datePublished\":\"2020-11-08T11:46:53+00:00\",\"dateModified\":\"2020-11-08T11:48:50+00:00\",\"author\":{\"@id\":\"https:\/\/franciscanos.org.br\/noticias\/#\/schema\/person\/b5c8cba458c330ccff548b056e95a5d4\"},\"breadcrumb\":{\"@id\":\"https:\/\/franciscanos.org.br\/noticias\/feecaridade.html#breadcrumb\"},\"inLanguage\":\"pt-BR\",\"potentialAction\":[{\"@type\":\"ReadAction\",\"target\":[\"https:\/\/franciscanos.org.br\/noticias\/feecaridade.html\"]}]},{\"@type\":\"BreadcrumbList\",\"@id\":\"https:\/\/franciscanos.org.br\/noticias\/feecaridade.html#breadcrumb\",\"itemListElement\":[{\"@type\":\"ListItem\",\"position\":1,\"name\":\"Home\",\"item\":\"https:\/\/franciscanos.org.br\/noticias\"},{\"@type\":\"ListItem\",\"position\":2,\"name\":\"Papa: &#8220;N\u00e3o \u00e9 suficiente a l\u00e2mpada da f\u00e9, mas \u00e9 necess\u00e1rio tamb\u00e9m o \u00f3leo da caridade e das boas obras&#8221;.\"}]},{\"@type\":\"Person\",\"@id\":\"https:\/\/franciscanos.org.br\/noticias\/#\/schema\/person\/b5c8cba458c330ccff548b056e95a5d4\",\"name\":\"moacir\",\"image\":{\"@type\":\"ImageObject\",\"inLanguage\":\"pt-BR\",\"@id\":\"https:\/\/franciscanos.org.br\/noticias\/#\/schema\/person\/image\/\",\"url\":\"https:\/\/secure.gravatar.com\/avatar\/d08aa2ce4c8dd416d4479aa8536fcf64?s=96&d=mm&r=g\",\"contentUrl\":\"https:\/\/secure.gravatar.com\/avatar\/d08aa2ce4c8dd416d4479aa8536fcf64?s=96&d=mm&r=g\",\"caption\":\"moacir\"},\"url\":\"https:\/\/franciscanos.org.br\/noticias\/author\/moacir\"}]}<\/script>\n<!-- \/ Yoast SEO plugin. -->","yoast_head_json":{"title":"Papa: \"N\u00e3o \u00e9 suficiente a l\u00e2mpada da f\u00e9, mas \u00e9 necess\u00e1rio tamb\u00e9m o \u00f3leo da caridade e das boas obras\". - Not\u00edcias - Franciscanos","robots":{"index":"index","follow":"follow","max-snippet":"max-snippet:-1","max-image-preview":"max-image-preview:large","max-video-preview":"max-video-preview:-1"},"canonical":"https:\/\/franciscanos.org.br\/noticias\/feecaridade.html","og_locale":"pt_BR","og_type":"article","og_title":"Papa: \"N\u00e3o \u00e9 suficiente a l\u00e2mpada da f\u00e9, mas \u00e9 necess\u00e1rio tamb\u00e9m o \u00f3leo da caridade e das boas obras\". - Not\u00edcias - Franciscanos","og_description":"Angelus","og_url":"https:\/\/franciscanos.org.br\/noticias\/feecaridade.html","og_site_name":"Not\u00edcias - Franciscanos","article_published_time":"2020-11-08T11:46:53+00:00","article_modified_time":"2020-11-08T11:48:50+00:00","og_image":[{"width":710,"height":533,"url":"https:\/\/franciscanos.org.br\/noticias\/wp-content\/uploads\/2020\/11\/angelus_08dd.jpg","type":"image\/jpeg"}],"author":"moacir","twitter_card":"summary_large_image","twitter_misc":{"Escrito por":"moacir","Est. tempo de leitura":"3 minutos"},"schema":{"@context":"https:\/\/schema.org","@graph":[{"@type":"WebSite","@id":"https:\/\/franciscanos.org.br\/noticias\/#website","url":"https:\/\/franciscanos.org.br\/noticias\/","name":"Not\u00edcias - Franciscanos","description":"Prov\u00edncia Franciscana da Imaculada Concei\u00e7\u00e3o do Brasil - Ordem dos Frades Menores - OFM","potentialAction":[{"@type":"SearchAction","target":{"@type":"EntryPoint","urlTemplate":"https:\/\/franciscanos.org.br\/noticias\/?s={search_term_string}"},"query-input":"required name=search_term_string"}],"inLanguage":"pt-BR"},{"@type":"ImageObject","inLanguage":"pt-BR","@id":"https:\/\/franciscanos.org.br\/noticias\/feecaridade.html#primaryimage","url":"https:\/\/franciscanos.org.br\/noticias\/wp-content\/uploads\/2020\/11\/angelus_08dd.jpg","contentUrl":"https:\/\/franciscanos.org.br\/noticias\/wp-content\/uploads\/2020\/11\/angelus_08dd.jpg","width":710,"height":533},{"@type":"WebPage","@id":"https:\/\/franciscanos.org.br\/noticias\/feecaridade.html#webpage","url":"https:\/\/franciscanos.org.br\/noticias\/feecaridade.html","name":"Papa: \"N\u00e3o \u00e9 suficiente a l\u00e2mpada da f\u00e9, mas \u00e9 necess\u00e1rio tamb\u00e9m o \u00f3leo da caridade e das boas obras\". - Not\u00edcias - Franciscanos","isPartOf":{"@id":"https:\/\/franciscanos.org.br\/noticias\/#website"},"primaryImageOfPage":{"@id":"https:\/\/franciscanos.org.br\/noticias\/feecaridade.html#primaryimage"},"datePublished":"2020-11-08T11:46:53+00:00","dateModified":"2020-11-08T11:48:50+00:00","author":{"@id":"https:\/\/franciscanos.org.br\/noticias\/#\/schema\/person\/b5c8cba458c330ccff548b056e95a5d4"},"breadcrumb":{"@id":"https:\/\/franciscanos.org.br\/noticias\/feecaridade.html#breadcrumb"},"inLanguage":"pt-BR","potentialAction":[{"@type":"ReadAction","target":["https:\/\/franciscanos.org.br\/noticias\/feecaridade.html"]}]},{"@type":"BreadcrumbList","@id":"https:\/\/franciscanos.org.br\/noticias\/feecaridade.html#breadcrumb","itemListElement":[{"@type":"ListItem","position":1,"name":"Home","item":"https:\/\/franciscanos.org.br\/noticias"},{"@type":"ListItem","position":2,"name":"Papa: &#8220;N\u00e3o \u00e9 suficiente a l\u00e2mpada da f\u00e9, mas \u00e9 necess\u00e1rio tamb\u00e9m o \u00f3leo da caridade e das boas obras&#8221;."}]},{"@type":"Person","@id":"https:\/\/franciscanos.org.br\/noticias\/#\/schema\/person\/b5c8cba458c330ccff548b056e95a5d4","name":"moacir","image":{"@type":"ImageObject","inLanguage":"pt-BR","@id":"https:\/\/franciscanos.org.br\/noticias\/#\/schema\/person\/image\/","url":"https:\/\/secure.gravatar.com\/avatar\/d08aa2ce4c8dd416d4479aa8536fcf64?s=96&d=mm&r=g","contentUrl":"https:\/\/secure.gravatar.com\/avatar\/d08aa2ce4c8dd416d4479aa8536fcf64?s=96&d=mm&r=g","caption":"moacir"},"url":"https:\/\/franciscanos.org.br\/noticias\/author\/moacir"}]}},"_links":{"self":[{"href":"https:\/\/franciscanos.org.br\/noticias\/wp-json\/wp\/v2\/posts\/229081"}],"collection":[{"href":"https:\/\/franciscanos.org.br\/noticias\/wp-json\/wp\/v2\/posts"}],"about":[{"href":"https:\/\/franciscanos.org.br\/noticias\/wp-json\/wp\/v2\/types\/post"}],"author":[{"embeddable":true,"href":"https:\/\/franciscanos.org.br\/noticias\/wp-json\/wp\/v2\/users\/3"}],"replies":[{"embeddable":true,"href":"https:\/\/franciscanos.org.br\/noticias\/wp-json\/wp\/v2\/comments?post=229081"}],"version-history":[{"count":4,"href":"https:\/\/franciscanos.org.br\/noticias\/wp-json\/wp\/v2\/posts\/229081\/revisions"}],"predecessor-version":[{"id":229087,"href":"https:\/\/franciscanos.org.br\/noticias\/wp-json\/wp\/v2\/posts\/229081\/revisions\/229087"}],"wp:featuredmedia":[{"embeddable":true,"href":"https:\/\/franciscanos.org.br\/noticias\/wp-json\/wp\/v2\/media\/229083"}],"wp:attachment":[{"href":"https:\/\/franciscanos.org.br\/noticias\/wp-json\/wp\/v2\/media?parent=229081"}],"wp:term":[{"taxonomy":"category","embeddable":true,"href":"https:\/\/franciscanos.org.br\/noticias\/wp-json\/wp\/v2\/categories?post=229081"},{"taxonomy":"post_tag","embeddable":true,"href":"https:\/\/franciscanos.org.br\/noticias\/wp-json\/wp\/v2\/tags?post=229081"}],"curies":[{"name":"wp","href":"https:\/\/api.w.org\/{rel}","templated":true}]}}