{"id":229065,"date":"2020-11-07T12:03:10","date_gmt":"2020-11-07T15:03:10","guid":{"rendered":"https:\/\/franciscanos.org.br\/noticias\/?p=229065"},"modified":"2020-11-07T13:16:09","modified_gmt":"2020-11-07T16:16:09","slug":"renovacao-dos-votos-de-frei-andrei-e-frei-fabio-no-convento-do-sagrado-de-petropolis-rj","status":"publish","type":"post","link":"https:\/\/franciscanos.org.br\/noticias\/renovacao-dos-votos-de-frei-andrei-e-frei-fabio-no-convento-do-sagrado-de-petropolis-rj.html","title":{"rendered":"Renova\u00e7\u00e3o dos votos de Frei Andrei e Frei F\u00e1bio no Convento do Sagrado de Petr\u00f3polis (RJ)"},"content":{"rendered":"<p><img loading=\"lazy\" class=\"alignnone wp-image-229068 size-full\" src=\"https:\/\/franciscanos.org.br\/noticias\/wp-content\/uploads\/2020\/11\/renova\u00e7\u00e3o_071120_2.jpg\" alt=\"\" width=\"1200\" height=\"700\" srcset=\"https:\/\/franciscanos.org.br\/noticias\/wp-content\/uploads\/2020\/11\/renova\u00e7\u00e3o_071120_2.jpg 1200w, https:\/\/franciscanos.org.br\/noticias\/wp-content\/uploads\/2020\/11\/renova\u00e7\u00e3o_071120_2-450x263.jpg 450w, https:\/\/franciscanos.org.br\/noticias\/wp-content\/uploads\/2020\/11\/renova\u00e7\u00e3o_071120_2-1024x597.jpg 1024w, https:\/\/franciscanos.org.br\/noticias\/wp-content\/uploads\/2020\/11\/renova\u00e7\u00e3o_071120_2-768x448.jpg 768w, https:\/\/franciscanos.org.br\/noticias\/wp-content\/uploads\/2020\/11\/renova\u00e7\u00e3o_071120_2-150x88.jpg 150w\" sizes=\"(max-width: 1200px) 100vw, 1200px\" \/><\/p>\n<p><strong>Frei Augusto Luiz Gabriel<\/strong><\/p>\n<p><strong>Petr\u00f3polis (RJ) \u2013<\/strong> \u00c0s 8 horas deste s\u00e1bado, 07 de novembro, Frei Andrei Nascimento dos Anjos e Frei F\u00e1bio Melo Vasconcelos, da Cust\u00f3dia Franciscana S\u00e3o Benedito da Amaz\u00f4nia, renovaram os votos de obedi\u00eancia, sem nada de pr\u00f3prio e em castidade na centen\u00e1ria Igreja do Sagrado Cora\u00e7\u00e3o de Jesus de Petr\u00f3polis (RJ). O Guardi\u00e3o, Frei Jorge Paulo Schiavini, delegado do Cust\u00f3dio, Frei Edilson Rocha da Silva, acolheu a renova\u00e7\u00e3o dos frades do Tempo da Teologia e rendeu gra\u00e7as a Deus pela voca\u00e7\u00e3o \u00e0 vida religiosa franciscana.<\/p>\n<p>Aos s\u00e1bados, por tradi\u00e7\u00e3o franciscana, os frades menores recordam Maria com especial devo\u00e7\u00e3o. Por isso, depois de saudar e acolher seus confrades e aqueles que acompanharam a celebra\u00e7\u00e3o pelas plataformas digitais, o mestre, Frei Marcos Ant\u00f4nio de Andrade, explicou que a ora\u00e7\u00e3o da manh\u00e3 fazia mem\u00f3ria a Maria, e convidou a todos para iniciar a ora\u00e7\u00e3o das Laudes do Comum de Nossa Senhora, com a recita\u00e7\u00e3o dos salmos da 1\u00aa semana do salt\u00e9rio.<\/p>\n<p>Ap\u00f3s a leitura breve do livro do profeta Isa\u00edas (61,10), o presidente fez uma pequena reflex\u00e3o, tendo como inspira\u00e7\u00e3o um vers\u00edculo do c\u00e2ntico da salva\u00e7\u00e3o e tamb\u00e9m um texto sobre a vida de S\u00e3o Francisco, de seu bi\u00f3grafo Tom\u00e1s de Celano (Vida I &#8211; 29), que ilustra alguns aspectos da espiritualidade franciscana. Para Frei Jorge, nada mais \u00e9 do que uma resposta daquilo que n\u00f3s celebramos sempre, e de modo especial hoje, ao ouvirmos a leitura, onde a profecia se cumpre: \u201cExulto de alegria no Senhor e minh&#8217;alma regozija-se em meu Deus; ele me vestiu com as vestes da salva\u00e7\u00e3o, envolveu-me com o manto da justi\u00e7a e adornou-me qual noiva com sua joias\u201d.<\/p>\n<p>Segundo ele, a vida em fraternidade \u00e9 uma tentativa de resposta ao chamado de Deus que um dia cada um sentiu. \u201cFazemos essa experi\u00eancia na comunidade de f\u00e9 e na Ordem dos Frades Menores\u201d, explicou.<\/p>\n<p>\u201cVoc\u00eas, Frei F\u00e1bio e Frei Andrei, j\u00e1 h\u00e1 algum tempo na Ordem, s\u00e3o chamados ao seguimento de Jesus Cristo para viver aquilo que escutamos ao longo desses anos: viver a penit\u00eancia na humildade e anunciar a paz&#8221;, acrescentou.<\/p>\n<p><img loading=\"lazy\" class=\"alignnone wp-image-229067 size-full\" src=\"https:\/\/franciscanos.org.br\/noticias\/wp-content\/uploads\/2020\/11\/renova\u00e7\u00e3o_071120_1.jpg\" alt=\"\" width=\"1200\" height=\"700\" srcset=\"https:\/\/franciscanos.org.br\/noticias\/wp-content\/uploads\/2020\/11\/renova\u00e7\u00e3o_071120_1.jpg 1200w, https:\/\/franciscanos.org.br\/noticias\/wp-content\/uploads\/2020\/11\/renova\u00e7\u00e3o_071120_1-450x263.jpg 450w, https:\/\/franciscanos.org.br\/noticias\/wp-content\/uploads\/2020\/11\/renova\u00e7\u00e3o_071120_1-1024x597.jpg 1024w, https:\/\/franciscanos.org.br\/noticias\/wp-content\/uploads\/2020\/11\/renova\u00e7\u00e3o_071120_1-768x448.jpg 768w, https:\/\/franciscanos.org.br\/noticias\/wp-content\/uploads\/2020\/11\/renova\u00e7\u00e3o_071120_1-150x88.jpg 150w\" sizes=\"(max-width: 1200px) 100vw, 1200px\" \/><\/p>\n<p>Lembrou que os jovens frades t\u00eam suas ra\u00edzes na regi\u00e3o Norte do Brasil, em terras amaz\u00f4nicas, mas que agora residem na Fraternidade do Sagrado para aprofundar a f\u00e9 por meio do estudo da Teologia. Segundo Frei Jorge, ambos continuam sendo mission\u00e1rios, anunciando o Evangelho com humildade, alegria e em fraternidade, atrav\u00e9s dos servi\u00e7os, seja na portaria, liturgia ou atrav\u00e9s da arte.<\/p>\n<p>\u201cQue Deus vos aben\u00e7oe e vos fortale\u00e7a em vossa voca\u00e7\u00e3o. E aqui repito mais uma vez aquelas palavras: \u2018P\u00f5e o teu cuidado no Senhor e ele cuidar\u00e1 de ti\u2019. Que a consagra\u00e7\u00e3o destes dois jovens a Jesus Cristo possa inspirar-nos para correspondermos a gra\u00e7a do Senhor, derramada constantemente em nossos cora\u00e7\u00f5es. Que Maria interceda por todos n\u00f3s e, de modo especial, por aqueles que mais sofrem, para que sejam sustentados pela gra\u00e7a de Deus\u201d, pediu.<\/p>\n<p>Em seguida, deu-se in\u00edcio ao rito de renova\u00e7\u00e3o dos votos tempor\u00e1rios. Chamados pelo nome e pelo mestre Frei Marcos, os religiosos aproximaram-se do altar e manifestaram o desejo de viver por mais um ano os votos religiosos. O celebrante, ent\u00e3o, os convidou para renovarem os votos de obedi\u00eancia, castidade e sem nada de pr\u00f3prio. Toda fraternidade do Sagrado esteve presente e testemunhou este momento.<\/p>\n<div id=\"attachment_229066\" style=\"width: 1210px\" class=\"wp-caption alignnone\"><img aria-describedby=\"caption-attachment-229066\" loading=\"lazy\" class=\"wp-image-229066 size-full\" src=\"https:\/\/franciscanos.org.br\/noticias\/wp-content\/uploads\/2020\/11\/renova\u00e7\u00e3o_071120.jpg\" alt=\"\" width=\"1200\" height=\"700\" srcset=\"https:\/\/franciscanos.org.br\/noticias\/wp-content\/uploads\/2020\/11\/renova\u00e7\u00e3o_071120.jpg 1200w, https:\/\/franciscanos.org.br\/noticias\/wp-content\/uploads\/2020\/11\/renova\u00e7\u00e3o_071120-450x263.jpg 450w, https:\/\/franciscanos.org.br\/noticias\/wp-content\/uploads\/2020\/11\/renova\u00e7\u00e3o_071120-1024x597.jpg 1024w, https:\/\/franciscanos.org.br\/noticias\/wp-content\/uploads\/2020\/11\/renova\u00e7\u00e3o_071120-768x448.jpg 768w, https:\/\/franciscanos.org.br\/noticias\/wp-content\/uploads\/2020\/11\/renova\u00e7\u00e3o_071120-150x88.jpg 150w\" sizes=\"(max-width: 1200px) 100vw, 1200px\" \/><p id=\"caption-attachment-229066\" class=\"wp-caption-text\"><em><strong>Da esq. para dir: Frei Marcos, Frei F\u00e1bio, Frei Andrei e Frei Jorge<\/strong><\/em><\/p><\/div>\n<p><strong>Frei Andrei Nascimento dos Anjos<\/strong> \u00e9 natural de Monte Alegre (PA). Nasceu no dia 23 de julho de 1993. Ingressou no postulantado dia 11 de julho de 2013 em Santar\u00e9m (PA). Vestiu o h\u00e1bito em mar\u00e7o de 2015 e fez sua primeira profiss\u00e3o no dia 15 de novembro de 2015 em Montes Claros (MG). Concluiu a Filosofia em 2018 e fez o ano Mission\u00e1rio na Aldeia Miss\u00e3o S\u00e3o Francisco do Rio Cururu, junto aos ind\u00edgenas Munduruku, interior do Par\u00e1, divisa com os estados do Amazonas e Mato Grosso.<\/p>\n<p><strong>F\u00e1bio Assun\u00e7\u00e3o Melo Vasconcelos<\/strong> \u00e9 natural de Santar\u00e9m (PA). Nasceu no dia 16 de mar\u00e7o de 1995. Ingressou no postulantado dia 11 de julho de 2013 em Santar\u00e9m (PA). Vestiu o h\u00e1bito em mar\u00e7o de 2015 e fez sua primeira profiss\u00e3o no dia 15 de novembro de 2015 em Montes Claros (MG). Concluiu a Filosofia em 2018 e tamb\u00e9m fez o ano Mission\u00e1rio na Aldeia Miss\u00e3o S\u00e3o Francisco do Rio Cururu, junto aos ind\u00edgenas Munduruku.<\/p>\n","protected":false},"excerpt":{"rendered":"<p>Renova\u00e7\u00e3o dos votos em Petr\u00f3polis<\/p>\n","protected":false},"author":5,"featured_media":229069,"comment_status":"open","ping_status":"open","sticky":false,"template":"","format":"standard","meta":[],"categories":[1],"tags":[190,1152,604],"acf":[],"yoast_head":"<!-- This site is optimized with the Yoast SEO plugin v19.2 - https:\/\/yoast.com\/wordpress\/plugins\/seo\/ -->\n<title>Renova\u00e7\u00e3o dos votos de Frei Andrei e Frei F\u00e1bio no Convento do Sagrado de Petr\u00f3polis (RJ) - Not\u00edcias - Franciscanos<\/title>\n<meta name=\"robots\" content=\"index, follow, max-snippet:-1, max-image-preview:large, max-video-preview:-1\" \/>\n<link rel=\"canonical\" href=\"https:\/\/franciscanos.org.br\/noticias\/renovacao-dos-votos-de-frei-andrei-e-frei-fabio-no-convento-do-sagrado-de-petropolis-rj.html\" \/>\n<meta property=\"og:locale\" content=\"pt_BR\" \/>\n<meta property=\"og:type\" content=\"article\" \/>\n<meta property=\"og:title\" content=\"Renova\u00e7\u00e3o dos votos de Frei Andrei e Frei F\u00e1bio no Convento do Sagrado de Petr\u00f3polis (RJ) - Not\u00edcias - Franciscanos\" \/>\n<meta property=\"og:description\" content=\"Renova\u00e7\u00e3o dos votos em Petr\u00f3polis\" \/>\n<meta property=\"og:url\" content=\"https:\/\/franciscanos.org.br\/noticias\/renovacao-dos-votos-de-frei-andrei-e-frei-fabio-no-convento-do-sagrado-de-petropolis-rj.html\" \/>\n<meta property=\"og:site_name\" content=\"Not\u00edcias - Franciscanos\" \/>\n<meta property=\"article:published_time\" content=\"2020-11-07T15:03:10+00:00\" \/>\n<meta property=\"article:modified_time\" content=\"2020-11-07T16:16:09+00:00\" \/>\n<meta property=\"og:image\" content=\"https:\/\/franciscanos.org.br\/noticias\/wp-content\/uploads\/2020\/11\/renova\u00e7\u00e3o_071120_3.jpg\" \/>\n\t<meta property=\"og:image:width\" content=\"800\" \/>\n\t<meta property=\"og:image:height\" content=\"600\" \/>\n\t<meta property=\"og:image:type\" content=\"image\/jpeg\" \/>\n<meta name=\"author\" content=\"freiaugusto\" \/>\n<meta name=\"twitter:card\" content=\"summary_large_image\" \/>\n<meta name=\"twitter:label1\" content=\"Escrito por\" \/>\n\t<meta name=\"twitter:data1\" content=\"freiaugusto\" \/>\n\t<meta name=\"twitter:label2\" content=\"Est. tempo de leitura\" \/>\n\t<meta name=\"twitter:data2\" content=\"4 minutos\" \/>\n<script type=\"application\/ld+json\" class=\"yoast-schema-graph\">{\"@context\":\"https:\/\/schema.org\",\"@graph\":[{\"@type\":\"WebSite\",\"@id\":\"https:\/\/franciscanos.org.br\/noticias\/#website\",\"url\":\"https:\/\/franciscanos.org.br\/noticias\/\",\"name\":\"Not\u00edcias - Franciscanos\",\"description\":\"Prov\u00edncia Franciscana da Imaculada Concei\u00e7\u00e3o do Brasil - Ordem dos Frades Menores - OFM\",\"potentialAction\":[{\"@type\":\"SearchAction\",\"target\":{\"@type\":\"EntryPoint\",\"urlTemplate\":\"https:\/\/franciscanos.org.br\/noticias\/?s={search_term_string}\"},\"query-input\":\"required name=search_term_string\"}],\"inLanguage\":\"pt-BR\"},{\"@type\":\"ImageObject\",\"inLanguage\":\"pt-BR\",\"@id\":\"https:\/\/franciscanos.org.br\/noticias\/renovacao-dos-votos-de-frei-andrei-e-frei-fabio-no-convento-do-sagrado-de-petropolis-rj.html#primaryimage\",\"url\":\"https:\/\/franciscanos.org.br\/noticias\/wp-content\/uploads\/2020\/11\/renova\u00e7\u00e3o_071120_3.jpg\",\"contentUrl\":\"https:\/\/franciscanos.org.br\/noticias\/wp-content\/uploads\/2020\/11\/renova\u00e7\u00e3o_071120_3.jpg\",\"width\":800,\"height\":600},{\"@type\":\"WebPage\",\"@id\":\"https:\/\/franciscanos.org.br\/noticias\/renovacao-dos-votos-de-frei-andrei-e-frei-fabio-no-convento-do-sagrado-de-petropolis-rj.html#webpage\",\"url\":\"https:\/\/franciscanos.org.br\/noticias\/renovacao-dos-votos-de-frei-andrei-e-frei-fabio-no-convento-do-sagrado-de-petropolis-rj.html\",\"name\":\"Renova\u00e7\u00e3o dos votos de Frei Andrei e Frei F\u00e1bio no Convento do Sagrado de Petr\u00f3polis (RJ) - Not\u00edcias - Franciscanos\",\"isPartOf\":{\"@id\":\"https:\/\/franciscanos.org.br\/noticias\/#website\"},\"primaryImageOfPage\":{\"@id\":\"https:\/\/franciscanos.org.br\/noticias\/renovacao-dos-votos-de-frei-andrei-e-frei-fabio-no-convento-do-sagrado-de-petropolis-rj.html#primaryimage\"},\"datePublished\":\"2020-11-07T15:03:10+00:00\",\"dateModified\":\"2020-11-07T16:16:09+00:00\",\"author\":{\"@id\":\"https:\/\/franciscanos.org.br\/noticias\/#\/schema\/person\/37f88f0d111cd5358b12a6556a99eb91\"},\"breadcrumb\":{\"@id\":\"https:\/\/franciscanos.org.br\/noticias\/renovacao-dos-votos-de-frei-andrei-e-frei-fabio-no-convento-do-sagrado-de-petropolis-rj.html#breadcrumb\"},\"inLanguage\":\"pt-BR\",\"potentialAction\":[{\"@type\":\"ReadAction\",\"target\":[\"https:\/\/franciscanos.org.br\/noticias\/renovacao-dos-votos-de-frei-andrei-e-frei-fabio-no-convento-do-sagrado-de-petropolis-rj.html\"]}]},{\"@type\":\"BreadcrumbList\",\"@id\":\"https:\/\/franciscanos.org.br\/noticias\/renovacao-dos-votos-de-frei-andrei-e-frei-fabio-no-convento-do-sagrado-de-petropolis-rj.html#breadcrumb\",\"itemListElement\":[{\"@type\":\"ListItem\",\"position\":1,\"name\":\"Home\",\"item\":\"https:\/\/franciscanos.org.br\/noticias\"},{\"@type\":\"ListItem\",\"position\":2,\"name\":\"Renova\u00e7\u00e3o dos votos de Frei Andrei e Frei F\u00e1bio no Convento do Sagrado de Petr\u00f3polis (RJ)\"}]},{\"@type\":\"Person\",\"@id\":\"https:\/\/franciscanos.org.br\/noticias\/#\/schema\/person\/37f88f0d111cd5358b12a6556a99eb91\",\"name\":\"freiaugusto\",\"image\":{\"@type\":\"ImageObject\",\"inLanguage\":\"pt-BR\",\"@id\":\"https:\/\/franciscanos.org.br\/noticias\/#\/schema\/person\/image\/\",\"url\":\"https:\/\/secure.gravatar.com\/avatar\/9840b940e621801b24f3e6b059efb4b7?s=96&d=mm&r=g\",\"contentUrl\":\"https:\/\/secure.gravatar.com\/avatar\/9840b940e621801b24f3e6b059efb4b7?s=96&d=mm&r=g\",\"caption\":\"freiaugusto\"},\"url\":\"https:\/\/franciscanos.org.br\/noticias\/author\/freiaugusto\"}]}<\/script>\n<!-- \/ Yoast SEO plugin. -->","yoast_head_json":{"title":"Renova\u00e7\u00e3o dos votos de Frei Andrei e Frei F\u00e1bio no Convento do Sagrado de Petr\u00f3polis (RJ) - Not\u00edcias - Franciscanos","robots":{"index":"index","follow":"follow","max-snippet":"max-snippet:-1","max-image-preview":"max-image-preview:large","max-video-preview":"max-video-preview:-1"},"canonical":"https:\/\/franciscanos.org.br\/noticias\/renovacao-dos-votos-de-frei-andrei-e-frei-fabio-no-convento-do-sagrado-de-petropolis-rj.html","og_locale":"pt_BR","og_type":"article","og_title":"Renova\u00e7\u00e3o dos votos de Frei Andrei e Frei F\u00e1bio no Convento do Sagrado de Petr\u00f3polis (RJ) - Not\u00edcias - Franciscanos","og_description":"Renova\u00e7\u00e3o dos votos em Petr\u00f3polis","og_url":"https:\/\/franciscanos.org.br\/noticias\/renovacao-dos-votos-de-frei-andrei-e-frei-fabio-no-convento-do-sagrado-de-petropolis-rj.html","og_site_name":"Not\u00edcias - Franciscanos","article_published_time":"2020-11-07T15:03:10+00:00","article_modified_time":"2020-11-07T16:16:09+00:00","og_image":[{"width":800,"height":600,"url":"https:\/\/franciscanos.org.br\/noticias\/wp-content\/uploads\/2020\/11\/renova\u00e7\u00e3o_071120_3.jpg","type":"image\/jpeg"}],"author":"freiaugusto","twitter_card":"summary_large_image","twitter_misc":{"Escrito por":"freiaugusto","Est. tempo de leitura":"4 minutos"},"schema":{"@context":"https:\/\/schema.org","@graph":[{"@type":"WebSite","@id":"https:\/\/franciscanos.org.br\/noticias\/#website","url":"https:\/\/franciscanos.org.br\/noticias\/","name":"Not\u00edcias - Franciscanos","description":"Prov\u00edncia Franciscana da Imaculada Concei\u00e7\u00e3o do Brasil - Ordem dos Frades Menores - OFM","potentialAction":[{"@type":"SearchAction","target":{"@type":"EntryPoint","urlTemplate":"https:\/\/franciscanos.org.br\/noticias\/?s={search_term_string}"},"query-input":"required name=search_term_string"}],"inLanguage":"pt-BR"},{"@type":"ImageObject","inLanguage":"pt-BR","@id":"https:\/\/franciscanos.org.br\/noticias\/renovacao-dos-votos-de-frei-andrei-e-frei-fabio-no-convento-do-sagrado-de-petropolis-rj.html#primaryimage","url":"https:\/\/franciscanos.org.br\/noticias\/wp-content\/uploads\/2020\/11\/renova\u00e7\u00e3o_071120_3.jpg","contentUrl":"https:\/\/franciscanos.org.br\/noticias\/wp-content\/uploads\/2020\/11\/renova\u00e7\u00e3o_071120_3.jpg","width":800,"height":600},{"@type":"WebPage","@id":"https:\/\/franciscanos.org.br\/noticias\/renovacao-dos-votos-de-frei-andrei-e-frei-fabio-no-convento-do-sagrado-de-petropolis-rj.html#webpage","url":"https:\/\/franciscanos.org.br\/noticias\/renovacao-dos-votos-de-frei-andrei-e-frei-fabio-no-convento-do-sagrado-de-petropolis-rj.html","name":"Renova\u00e7\u00e3o dos votos de Frei Andrei e Frei F\u00e1bio no Convento do Sagrado de Petr\u00f3polis (RJ) - Not\u00edcias - Franciscanos","isPartOf":{"@id":"https:\/\/franciscanos.org.br\/noticias\/#website"},"primaryImageOfPage":{"@id":"https:\/\/franciscanos.org.br\/noticias\/renovacao-dos-votos-de-frei-andrei-e-frei-fabio-no-convento-do-sagrado-de-petropolis-rj.html#primaryimage"},"datePublished":"2020-11-07T15:03:10+00:00","dateModified":"2020-11-07T16:16:09+00:00","author":{"@id":"https:\/\/franciscanos.org.br\/noticias\/#\/schema\/person\/37f88f0d111cd5358b12a6556a99eb91"},"breadcrumb":{"@id":"https:\/\/franciscanos.org.br\/noticias\/renovacao-dos-votos-de-frei-andrei-e-frei-fabio-no-convento-do-sagrado-de-petropolis-rj.html#breadcrumb"},"inLanguage":"pt-BR","potentialAction":[{"@type":"ReadAction","target":["https:\/\/franciscanos.org.br\/noticias\/renovacao-dos-votos-de-frei-andrei-e-frei-fabio-no-convento-do-sagrado-de-petropolis-rj.html"]}]},{"@type":"BreadcrumbList","@id":"https:\/\/franciscanos.org.br\/noticias\/renovacao-dos-votos-de-frei-andrei-e-frei-fabio-no-convento-do-sagrado-de-petropolis-rj.html#breadcrumb","itemListElement":[{"@type":"ListItem","position":1,"name":"Home","item":"https:\/\/franciscanos.org.br\/noticias"},{"@type":"ListItem","position":2,"name":"Renova\u00e7\u00e3o dos votos de Frei Andrei e Frei F\u00e1bio no Convento do Sagrado de Petr\u00f3polis (RJ)"}]},{"@type":"Person","@id":"https:\/\/franciscanos.org.br\/noticias\/#\/schema\/person\/37f88f0d111cd5358b12a6556a99eb91","name":"freiaugusto","image":{"@type":"ImageObject","inLanguage":"pt-BR","@id":"https:\/\/franciscanos.org.br\/noticias\/#\/schema\/person\/image\/","url":"https:\/\/secure.gravatar.com\/avatar\/9840b940e621801b24f3e6b059efb4b7?s=96&d=mm&r=g","contentUrl":"https:\/\/secure.gravatar.com\/avatar\/9840b940e621801b24f3e6b059efb4b7?s=96&d=mm&r=g","caption":"freiaugusto"},"url":"https:\/\/franciscanos.org.br\/noticias\/author\/freiaugusto"}]}},"_links":{"self":[{"href":"https:\/\/franciscanos.org.br\/noticias\/wp-json\/wp\/v2\/posts\/229065"}],"collection":[{"href":"https:\/\/franciscanos.org.br\/noticias\/wp-json\/wp\/v2\/posts"}],"about":[{"href":"https:\/\/franciscanos.org.br\/noticias\/wp-json\/wp\/v2\/types\/post"}],"author":[{"embeddable":true,"href":"https:\/\/franciscanos.org.br\/noticias\/wp-json\/wp\/v2\/users\/5"}],"replies":[{"embeddable":true,"href":"https:\/\/franciscanos.org.br\/noticias\/wp-json\/wp\/v2\/comments?post=229065"}],"version-history":[{"count":11,"href":"https:\/\/franciscanos.org.br\/noticias\/wp-json\/wp\/v2\/posts\/229065\/revisions"}],"predecessor-version":[{"id":229080,"href":"https:\/\/franciscanos.org.br\/noticias\/wp-json\/wp\/v2\/posts\/229065\/revisions\/229080"}],"wp:featuredmedia":[{"embeddable":true,"href":"https:\/\/franciscanos.org.br\/noticias\/wp-json\/wp\/v2\/media\/229069"}],"wp:attachment":[{"href":"https:\/\/franciscanos.org.br\/noticias\/wp-json\/wp\/v2\/media?parent=229065"}],"wp:term":[{"taxonomy":"category","embeddable":true,"href":"https:\/\/franciscanos.org.br\/noticias\/wp-json\/wp\/v2\/categories?post=229065"},{"taxonomy":"post_tag","embeddable":true,"href":"https:\/\/franciscanos.org.br\/noticias\/wp-json\/wp\/v2\/tags?post=229065"}],"curies":[{"name":"wp","href":"https:\/\/api.w.org\/{rel}","templated":true}]}}