{"id":229051,"date":"2020-11-04T07:18:04","date_gmt":"2020-11-04T10:18:04","guid":{"rendered":"https:\/\/franciscanos.org.br\/noticias\/?p=229051"},"modified":"2020-11-04T07:19:30","modified_gmt":"2020-11-04T10:19:30","slug":"novo-normal-provocacoes-sobre-tempo-lideranca-relacionamentos-e-o-si-mesmo","status":"publish","type":"post","link":"https:\/\/franciscanos.org.br\/noticias\/novo-normal-provocacoes-sobre-tempo-lideranca-relacionamentos-e-o-si-mesmo.html","title":{"rendered":"Lan\u00e7amento: &#8220;Novo Normal? Provoca\u00e7\u00f5es sobre tempo, lideran\u00e7a, relacionamentos e o si-mesmo&#8221;"},"content":{"rendered":"<p><img loading=\"lazy\" class=\"alignnone wp-image-229052 size-full\" src=\"https:\/\/franciscanos.org.br\/noticias\/wp-content\/uploads\/2020\/11\/novonormal.jpg\" alt=\"\" width=\"1280\" height=\"720\" srcset=\"https:\/\/franciscanos.org.br\/noticias\/wp-content\/uploads\/2020\/11\/novonormal.jpg 1280w, https:\/\/franciscanos.org.br\/noticias\/wp-content\/uploads\/2020\/11\/novonormal-450x253.jpg 450w, https:\/\/franciscanos.org.br\/noticias\/wp-content\/uploads\/2020\/11\/novonormal-1024x576.jpg 1024w, https:\/\/franciscanos.org.br\/noticias\/wp-content\/uploads\/2020\/11\/novonormal-768x432.jpg 768w, https:\/\/franciscanos.org.br\/noticias\/wp-content\/uploads\/2020\/11\/novonormal-150x84.jpg 150w\" sizes=\"(max-width: 1280px) 100vw, 1280px\" \/><\/p>\n<p>Fala-se muito que este per\u00edodo longo de pandemia est\u00e1 gerando um \u201cNovo Normal\u201d. Outros est\u00e3o esperando que \u201ctudo volte ao normal\u201d. Mas o que seria algo normal? Esta quest\u00e3o reuniu os autores da obra, para provoca\u00e7\u00f5es e reflex\u00f5es sobre quatro temas que nos ocupam e preocupam nesta \u00e9poca. Gustavo Barcellos (psic\u00f3logo) reflete sobre a tem\u00e1tica do si-mesmo no impacto desta \u00e9poca; Luciano A. Meira (desenvolvimento humano e corporativo) apresenta a quest\u00e3o da lideran\u00e7a no contexto da pandemia; Lu\u00eds Mauro S. Martino (comunica\u00e7\u00e3o e ci\u00eancias sociais) coloca-se a pergunta sobre os relacionamentos sociais neste momento que estamos vivendo e Volney J. Berkenbrock (te\u00f3logo) reflete sobre este momento relacionado \u00e0s cinco formas de sentir o tempo.<\/p>\n<p><img loading=\"lazy\" class=\"size-medium wp-image-229054 alignleft\" src=\"https:\/\/franciscanos.org.br\/noticias\/wp-content\/uploads\/2020\/11\/novonormal_1-311x450.jpg\" alt=\"\" width=\"311\" height=\"450\" srcset=\"https:\/\/franciscanos.org.br\/noticias\/wp-content\/uploads\/2020\/11\/novonormal_1-311x450.jpg 311w, https:\/\/franciscanos.org.br\/noticias\/wp-content\/uploads\/2020\/11\/novonormal_1-150x217.jpg 150w, https:\/\/franciscanos.org.br\/noticias\/wp-content\/uploads\/2020\/11\/novonormal_1.jpg 346w\" sizes=\"(max-width: 311px) 100vw, 311px\" \/>Desde o m\u00eas de mar\u00e7o de 2020 vivemos uma situa\u00e7\u00e3o nunca dantes por n\u00f3s experimentada \u2013 nem pessoal e socialmente. As medidas impostas pela pandemia mudaram as rotinas de praticamente toda a popula\u00e7\u00e3o e um dos elementos-chave nesta mudan\u00e7a foi a rela\u00e7\u00e3o com o tempo. Todos tivemos que nos adaptar (n\u00e3o sem problemas) a novas formas de viver nosso tempo. Esta constata\u00e7\u00e3o levou a refletir sobre as cinco formas que temos de experimentar o tempo. Todas s\u00e3o simult\u00e2neas, mas geram em n\u00f3s experi\u00eancias, necessidades e rea\u00e7\u00f5es diferentes.<\/p>\n<p>H\u00e1 o tempo cronol\u00f3gico, aquele contado pelo calend\u00e1rio e pelo rel\u00f3gio, que no mais das vezes \u00e9 experimentado como implac\u00e1vel e que n\u00e3o nos d\u00e1 tr\u00e9gua. \u00c0 luz do mito grego do deus Crono, explora-se no livro detalhes diversos desta forma de sentir o tempo. H\u00e1 tamb\u00e9m o tempo kairol\u00f3gico, o tempo das oportunidades, daquelas que v\u00eam e passam rapidamente. Diz o mito grego de Kair\u00f3s, que ele tem uma mecha de cabelo na testa, mas \u00e9 careca na parte de tr\u00e1s da cabe\u00e7a: a oportunidade precisa ser agarrada quando aparece; depois que ela passa, n\u00e3o h\u00e1 sentido querer agarrar pela careca. O tempo da pandemia tamb\u00e9m est\u00e1 sendo experimentado como Kair\u00f3s: oportunidades que apareceram, oportunidades que n\u00e3o foram aproveitadas. A outra forma de experimentar o tempo, \u00e9 a ai\u00f4nica. A\u00edon seria na mitologia grega o filho mais novo de Zeus, um jovem que fica girando a roda do tempo e assim vai ficando velho e ao continuar a girar o tempo, rejuvenesce novamente. O tempo ai\u00f4nico \u00e9 a experi\u00eancia do tempo como espa\u00e7o de renova\u00e7\u00e3o, que assume o passado, sem renega-lo, nem esquec\u00ea-lo, mas integrando-o dentro do momento presente e em vista do futuro. Concomitantemente, n\u00e3o vivemos sozinhos em nosso tempo. Mas, de quem somos contempor\u00e2neos? H\u00e1 tamb\u00e9m uma forma cultural de experimentar o tempo: sentimos que somos contempor\u00e2neos de muitos, mas tamb\u00e9m sentimos n\u00e3o sermos contempor\u00e2neos de muitos outros. Estes nos parecem viver e defender ideias de outro tempo. Esta \u00e9 a maneira sint\u00f3pica ou dist\u00f3pica de percep\u00e7\u00e3o do tempo. Esta experi\u00eancia de tempo nos tem trazido inclusive muito dissabores sociais, pol\u00edticos, religiosos. E h\u00e1 ideais e convic\u00e7\u00f5es que n\u00e3o est\u00e3o sujeitos ao passar do tempo, sobre os quais entendemos e sentimos serem atemporais, v\u00e1lidos em todos os tempos, que surgiram <em>in illo tempore<\/em> e ir\u00e3o perdurar <em>per saecula saeculorum<\/em>. \u00c9 a experi\u00eancia do tempo m\u00edtico.<\/p>\n<p>O cap\u00edtulo sobre o tempo, na obra \u201cNovo Normal?\u201d reflete sobre estas cinco percep\u00e7\u00f5es de tempo, atualizando-as para este per\u00edodo de pandemia e sugerindo uma sabedoria espec\u00edfica para lidar com cada forma de sentir o tempo. Assim, para o tempo cronol\u00f3gico, a sabedoria racional; para o tempo kairol\u00f3gico, a sabedoria da sensibilidade; para o tempo ai\u00f4nico, a sabedoria reflexiva; para o tempo sint\u00f3pico\/dist\u00f3pico, a sabedoria cultural; e para o tempo m\u00edtico, a sabedoria ancestral.<\/p>\n<hr \/>\n<p>Frei Volney J. Berkenbrock<\/p>\n<hr \/>\n<p>O lan\u00e7amento, com a participa\u00e7\u00e3o dos autores, ser\u00e1 no dia 13 de novembro, \u00e0s 19 horas, pelo youtube.com\/editoravozes<\/p>\n","protected":false},"excerpt":{"rendered":"<p>Editora Vozes<\/p>\n","protected":false},"author":3,"featured_media":229053,"comment_status":"open","ping_status":"open","sticky":false,"template":"","format":"standard","meta":[],"categories":[1],"tags":[238],"acf":[],"yoast_head":"<!-- This site is optimized with the Yoast SEO plugin v19.2 - https:\/\/yoast.com\/wordpress\/plugins\/seo\/ -->\n<title>Lan\u00e7amento: &quot;Novo Normal? Provoca\u00e7\u00f5es sobre tempo, lideran\u00e7a, relacionamentos e o si-mesmo&quot; - Not\u00edcias - Franciscanos<\/title>\n<meta name=\"robots\" content=\"index, follow, max-snippet:-1, max-image-preview:large, max-video-preview:-1\" \/>\n<link rel=\"canonical\" href=\"https:\/\/franciscanos.org.br\/noticias\/novo-normal-provocacoes-sobre-tempo-lideranca-relacionamentos-e-o-si-mesmo.html\" \/>\n<meta property=\"og:locale\" content=\"pt_BR\" \/>\n<meta property=\"og:type\" content=\"article\" \/>\n<meta property=\"og:title\" content=\"Lan\u00e7amento: &quot;Novo Normal? Provoca\u00e7\u00f5es sobre tempo, lideran\u00e7a, relacionamentos e o si-mesmo&quot; - Not\u00edcias - Franciscanos\" \/>\n<meta property=\"og:description\" content=\"Editora Vozes\" \/>\n<meta property=\"og:url\" content=\"https:\/\/franciscanos.org.br\/noticias\/novo-normal-provocacoes-sobre-tempo-lideranca-relacionamentos-e-o-si-mesmo.html\" \/>\n<meta property=\"og:site_name\" content=\"Not\u00edcias - Franciscanos\" \/>\n<meta property=\"article:published_time\" content=\"2020-11-04T10:18:04+00:00\" \/>\n<meta property=\"article:modified_time\" content=\"2020-11-04T10:19:30+00:00\" \/>\n<meta property=\"og:image\" content=\"https:\/\/franciscanos.org.br\/noticias\/wp-content\/uploads\/2020\/11\/novonormal_d.jpg\" \/>\n\t<meta property=\"og:image:width\" content=\"800\" \/>\n\t<meta property=\"og:image:height\" content=\"600\" \/>\n\t<meta property=\"og:image:type\" content=\"image\/jpeg\" \/>\n<meta name=\"author\" content=\"moacir\" \/>\n<meta name=\"twitter:card\" content=\"summary_large_image\" \/>\n<meta name=\"twitter:label1\" content=\"Escrito por\" \/>\n\t<meta name=\"twitter:data1\" content=\"moacir\" \/>\n\t<meta name=\"twitter:label2\" content=\"Est. tempo de leitura\" \/>\n\t<meta name=\"twitter:data2\" content=\"3 minutos\" \/>\n<script type=\"application\/ld+json\" class=\"yoast-schema-graph\">{\"@context\":\"https:\/\/schema.org\",\"@graph\":[{\"@type\":\"WebSite\",\"@id\":\"https:\/\/franciscanos.org.br\/noticias\/#website\",\"url\":\"https:\/\/franciscanos.org.br\/noticias\/\",\"name\":\"Not\u00edcias - Franciscanos\",\"description\":\"Prov\u00edncia Franciscana da Imaculada Concei\u00e7\u00e3o do Brasil - Ordem dos Frades Menores - OFM\",\"potentialAction\":[{\"@type\":\"SearchAction\",\"target\":{\"@type\":\"EntryPoint\",\"urlTemplate\":\"https:\/\/franciscanos.org.br\/noticias\/?s={search_term_string}\"},\"query-input\":\"required name=search_term_string\"}],\"inLanguage\":\"pt-BR\"},{\"@type\":\"ImageObject\",\"inLanguage\":\"pt-BR\",\"@id\":\"https:\/\/franciscanos.org.br\/noticias\/novo-normal-provocacoes-sobre-tempo-lideranca-relacionamentos-e-o-si-mesmo.html#primaryimage\",\"url\":\"https:\/\/franciscanos.org.br\/noticias\/wp-content\/uploads\/2020\/11\/novonormal_d.jpg\",\"contentUrl\":\"https:\/\/franciscanos.org.br\/noticias\/wp-content\/uploads\/2020\/11\/novonormal_d.jpg\",\"width\":800,\"height\":600},{\"@type\":\"WebPage\",\"@id\":\"https:\/\/franciscanos.org.br\/noticias\/novo-normal-provocacoes-sobre-tempo-lideranca-relacionamentos-e-o-si-mesmo.html#webpage\",\"url\":\"https:\/\/franciscanos.org.br\/noticias\/novo-normal-provocacoes-sobre-tempo-lideranca-relacionamentos-e-o-si-mesmo.html\",\"name\":\"Lan\u00e7amento: \\\"Novo Normal? Provoca\u00e7\u00f5es sobre tempo, lideran\u00e7a, relacionamentos e o si-mesmo\\\" - Not\u00edcias - Franciscanos\",\"isPartOf\":{\"@id\":\"https:\/\/franciscanos.org.br\/noticias\/#website\"},\"primaryImageOfPage\":{\"@id\":\"https:\/\/franciscanos.org.br\/noticias\/novo-normal-provocacoes-sobre-tempo-lideranca-relacionamentos-e-o-si-mesmo.html#primaryimage\"},\"datePublished\":\"2020-11-04T10:18:04+00:00\",\"dateModified\":\"2020-11-04T10:19:30+00:00\",\"author\":{\"@id\":\"https:\/\/franciscanos.org.br\/noticias\/#\/schema\/person\/b5c8cba458c330ccff548b056e95a5d4\"},\"breadcrumb\":{\"@id\":\"https:\/\/franciscanos.org.br\/noticias\/novo-normal-provocacoes-sobre-tempo-lideranca-relacionamentos-e-o-si-mesmo.html#breadcrumb\"},\"inLanguage\":\"pt-BR\",\"potentialAction\":[{\"@type\":\"ReadAction\",\"target\":[\"https:\/\/franciscanos.org.br\/noticias\/novo-normal-provocacoes-sobre-tempo-lideranca-relacionamentos-e-o-si-mesmo.html\"]}]},{\"@type\":\"BreadcrumbList\",\"@id\":\"https:\/\/franciscanos.org.br\/noticias\/novo-normal-provocacoes-sobre-tempo-lideranca-relacionamentos-e-o-si-mesmo.html#breadcrumb\",\"itemListElement\":[{\"@type\":\"ListItem\",\"position\":1,\"name\":\"Home\",\"item\":\"https:\/\/franciscanos.org.br\/noticias\"},{\"@type\":\"ListItem\",\"position\":2,\"name\":\"Lan\u00e7amento: &#8220;Novo Normal? Provoca\u00e7\u00f5es sobre tempo, lideran\u00e7a, relacionamentos e o si-mesmo&#8221;\"}]},{\"@type\":\"Person\",\"@id\":\"https:\/\/franciscanos.org.br\/noticias\/#\/schema\/person\/b5c8cba458c330ccff548b056e95a5d4\",\"name\":\"moacir\",\"image\":{\"@type\":\"ImageObject\",\"inLanguage\":\"pt-BR\",\"@id\":\"https:\/\/franciscanos.org.br\/noticias\/#\/schema\/person\/image\/\",\"url\":\"https:\/\/secure.gravatar.com\/avatar\/d08aa2ce4c8dd416d4479aa8536fcf64?s=96&d=mm&r=g\",\"contentUrl\":\"https:\/\/secure.gravatar.com\/avatar\/d08aa2ce4c8dd416d4479aa8536fcf64?s=96&d=mm&r=g\",\"caption\":\"moacir\"},\"url\":\"https:\/\/franciscanos.org.br\/noticias\/author\/moacir\"}]}<\/script>\n<!-- \/ Yoast SEO plugin. -->","yoast_head_json":{"title":"Lan\u00e7amento: \"Novo Normal? Provoca\u00e7\u00f5es sobre tempo, lideran\u00e7a, relacionamentos e o si-mesmo\" - Not\u00edcias - Franciscanos","robots":{"index":"index","follow":"follow","max-snippet":"max-snippet:-1","max-image-preview":"max-image-preview:large","max-video-preview":"max-video-preview:-1"},"canonical":"https:\/\/franciscanos.org.br\/noticias\/novo-normal-provocacoes-sobre-tempo-lideranca-relacionamentos-e-o-si-mesmo.html","og_locale":"pt_BR","og_type":"article","og_title":"Lan\u00e7amento: \"Novo Normal? Provoca\u00e7\u00f5es sobre tempo, lideran\u00e7a, relacionamentos e o si-mesmo\" - Not\u00edcias - Franciscanos","og_description":"Editora Vozes","og_url":"https:\/\/franciscanos.org.br\/noticias\/novo-normal-provocacoes-sobre-tempo-lideranca-relacionamentos-e-o-si-mesmo.html","og_site_name":"Not\u00edcias - Franciscanos","article_published_time":"2020-11-04T10:18:04+00:00","article_modified_time":"2020-11-04T10:19:30+00:00","og_image":[{"width":800,"height":600,"url":"https:\/\/franciscanos.org.br\/noticias\/wp-content\/uploads\/2020\/11\/novonormal_d.jpg","type":"image\/jpeg"}],"author":"moacir","twitter_card":"summary_large_image","twitter_misc":{"Escrito por":"moacir","Est. tempo de leitura":"3 minutos"},"schema":{"@context":"https:\/\/schema.org","@graph":[{"@type":"WebSite","@id":"https:\/\/franciscanos.org.br\/noticias\/#website","url":"https:\/\/franciscanos.org.br\/noticias\/","name":"Not\u00edcias - Franciscanos","description":"Prov\u00edncia Franciscana da Imaculada Concei\u00e7\u00e3o do Brasil - Ordem dos Frades Menores - OFM","potentialAction":[{"@type":"SearchAction","target":{"@type":"EntryPoint","urlTemplate":"https:\/\/franciscanos.org.br\/noticias\/?s={search_term_string}"},"query-input":"required name=search_term_string"}],"inLanguage":"pt-BR"},{"@type":"ImageObject","inLanguage":"pt-BR","@id":"https:\/\/franciscanos.org.br\/noticias\/novo-normal-provocacoes-sobre-tempo-lideranca-relacionamentos-e-o-si-mesmo.html#primaryimage","url":"https:\/\/franciscanos.org.br\/noticias\/wp-content\/uploads\/2020\/11\/novonormal_d.jpg","contentUrl":"https:\/\/franciscanos.org.br\/noticias\/wp-content\/uploads\/2020\/11\/novonormal_d.jpg","width":800,"height":600},{"@type":"WebPage","@id":"https:\/\/franciscanos.org.br\/noticias\/novo-normal-provocacoes-sobre-tempo-lideranca-relacionamentos-e-o-si-mesmo.html#webpage","url":"https:\/\/franciscanos.org.br\/noticias\/novo-normal-provocacoes-sobre-tempo-lideranca-relacionamentos-e-o-si-mesmo.html","name":"Lan\u00e7amento: \"Novo Normal? Provoca\u00e7\u00f5es sobre tempo, lideran\u00e7a, relacionamentos e o si-mesmo\" - Not\u00edcias - Franciscanos","isPartOf":{"@id":"https:\/\/franciscanos.org.br\/noticias\/#website"},"primaryImageOfPage":{"@id":"https:\/\/franciscanos.org.br\/noticias\/novo-normal-provocacoes-sobre-tempo-lideranca-relacionamentos-e-o-si-mesmo.html#primaryimage"},"datePublished":"2020-11-04T10:18:04+00:00","dateModified":"2020-11-04T10:19:30+00:00","author":{"@id":"https:\/\/franciscanos.org.br\/noticias\/#\/schema\/person\/b5c8cba458c330ccff548b056e95a5d4"},"breadcrumb":{"@id":"https:\/\/franciscanos.org.br\/noticias\/novo-normal-provocacoes-sobre-tempo-lideranca-relacionamentos-e-o-si-mesmo.html#breadcrumb"},"inLanguage":"pt-BR","potentialAction":[{"@type":"ReadAction","target":["https:\/\/franciscanos.org.br\/noticias\/novo-normal-provocacoes-sobre-tempo-lideranca-relacionamentos-e-o-si-mesmo.html"]}]},{"@type":"BreadcrumbList","@id":"https:\/\/franciscanos.org.br\/noticias\/novo-normal-provocacoes-sobre-tempo-lideranca-relacionamentos-e-o-si-mesmo.html#breadcrumb","itemListElement":[{"@type":"ListItem","position":1,"name":"Home","item":"https:\/\/franciscanos.org.br\/noticias"},{"@type":"ListItem","position":2,"name":"Lan\u00e7amento: &#8220;Novo Normal? Provoca\u00e7\u00f5es sobre tempo, lideran\u00e7a, relacionamentos e o si-mesmo&#8221;"}]},{"@type":"Person","@id":"https:\/\/franciscanos.org.br\/noticias\/#\/schema\/person\/b5c8cba458c330ccff548b056e95a5d4","name":"moacir","image":{"@type":"ImageObject","inLanguage":"pt-BR","@id":"https:\/\/franciscanos.org.br\/noticias\/#\/schema\/person\/image\/","url":"https:\/\/secure.gravatar.com\/avatar\/d08aa2ce4c8dd416d4479aa8536fcf64?s=96&d=mm&r=g","contentUrl":"https:\/\/secure.gravatar.com\/avatar\/d08aa2ce4c8dd416d4479aa8536fcf64?s=96&d=mm&r=g","caption":"moacir"},"url":"https:\/\/franciscanos.org.br\/noticias\/author\/moacir"}]}},"_links":{"self":[{"href":"https:\/\/franciscanos.org.br\/noticias\/wp-json\/wp\/v2\/posts\/229051"}],"collection":[{"href":"https:\/\/franciscanos.org.br\/noticias\/wp-json\/wp\/v2\/posts"}],"about":[{"href":"https:\/\/franciscanos.org.br\/noticias\/wp-json\/wp\/v2\/types\/post"}],"author":[{"embeddable":true,"href":"https:\/\/franciscanos.org.br\/noticias\/wp-json\/wp\/v2\/users\/3"}],"replies":[{"embeddable":true,"href":"https:\/\/franciscanos.org.br\/noticias\/wp-json\/wp\/v2\/comments?post=229051"}],"version-history":[{"count":2,"href":"https:\/\/franciscanos.org.br\/noticias\/wp-json\/wp\/v2\/posts\/229051\/revisions"}],"predecessor-version":[{"id":229056,"href":"https:\/\/franciscanos.org.br\/noticias\/wp-json\/wp\/v2\/posts\/229051\/revisions\/229056"}],"wp:featuredmedia":[{"embeddable":true,"href":"https:\/\/franciscanos.org.br\/noticias\/wp-json\/wp\/v2\/media\/229053"}],"wp:attachment":[{"href":"https:\/\/franciscanos.org.br\/noticias\/wp-json\/wp\/v2\/media?parent=229051"}],"wp:term":[{"taxonomy":"category","embeddable":true,"href":"https:\/\/franciscanos.org.br\/noticias\/wp-json\/wp\/v2\/categories?post=229051"},{"taxonomy":"post_tag","embeddable":true,"href":"https:\/\/franciscanos.org.br\/noticias\/wp-json\/wp\/v2\/tags?post=229051"}],"curies":[{"name":"wp","href":"https:\/\/api.w.org\/{rel}","templated":true}]}}