{"id":229047,"date":"2020-11-04T06:57:21","date_gmt":"2020-11-04T09:57:21","guid":{"rendered":"https:\/\/franciscanos.org.br\/noticias\/?p=229047"},"modified":"2020-11-04T06:57:21","modified_gmt":"2020-11-04T09:57:21","slug":"papa-um-dia-vivido-sem-oracao-corre-o-risco-de-se-transformar-numa-experiencia-aborrecida","status":"publish","type":"post","link":"https:\/\/franciscanos.org.br\/noticias\/papa-um-dia-vivido-sem-oracao-corre-o-risco-de-se-transformar-numa-experiencia-aborrecida.html","title":{"rendered":"Papa: &#8220;Um dia vivido sem ora\u00e7\u00e3o corre o risco de se transformar numa experi\u00eancia aborrecida&#8221;"},"content":{"rendered":"<div id=\"attachment_229048\" style=\"width: 1290px\" class=\"wp-caption alignnone\"><img aria-describedby=\"caption-attachment-229048\" loading=\"lazy\" class=\"wp-image-229048 size-full\" src=\"https:\/\/franciscanos.org.br\/noticias\/wp-content\/uploads\/2020\/11\/audiencia_0411.jpg\" alt=\"\" width=\"1280\" height=\"720\" srcset=\"https:\/\/franciscanos.org.br\/noticias\/wp-content\/uploads\/2020\/11\/audiencia_0411.jpg 1280w, https:\/\/franciscanos.org.br\/noticias\/wp-content\/uploads\/2020\/11\/audiencia_0411-450x253.jpg 450w, https:\/\/franciscanos.org.br\/noticias\/wp-content\/uploads\/2020\/11\/audiencia_0411-1024x576.jpg 1024w, https:\/\/franciscanos.org.br\/noticias\/wp-content\/uploads\/2020\/11\/audiencia_0411-768x432.jpg 768w, https:\/\/franciscanos.org.br\/noticias\/wp-content\/uploads\/2020\/11\/audiencia_0411-150x84.jpg 150w\" sizes=\"(max-width: 1280px) 100vw, 1280px\" \/><p id=\"caption-attachment-229048\" class=\"wp-caption-text\">\u00a0 \u00a0 \u00a0 \u00a0 \u00a0 \u00a0 \u00a0 \u00a0 \u00a0 \u00a0 \u00a0 \u00a0 \u00a0 \u00a0 \u00a0 \u00a0 \u00a0 \u00a0 \u00a0 \u00a0 \u00a0 \u00a0 \u00a0 \u00a0 \u00a0 \u00a0 \u00a0 \u00a0 \u00a0 \u00a0 \u00a0 \u00a0 \u00a0 \u00a0 \u00a0 \u00a0 \u00a0 \u00a0 \u00a0 \u00a0 \u00a0 \u00a0 \u00a0 \u00a0 \u00a0 \u00a0 \u00a0 \u00a0 \u00a0 \u00a0 \u00a0 \u00a0 \u00a0 \u00a0 \u00a0 \u00a0 \u00a0 \u00a0 \u00a0 \u00a0 \u00a0 \u00a0 \u00a0 \u00a0 \u00a0 \u00a0 \u00a0 \u00a0 \u00a0 \u00a0 \u00a0 \u00a0 \u00a0 \u00a0 \u00a0 \u00a0 \u00a0 \u00a0 \u00a0 \u00a0 \u00a0 \u00a0 \u00a0 \u00a0 \u00a0 \u00a0 \u00a0 \u00a0 \u00a0 \u00a0 \u00a0 \u00a0 \u00a0 \u00a0 \u00a0<em> \u00a0 \u00a0 \u00a0Imagem: Vatican Media<\/em><\/p><\/div>\n<p>\u201cJesus, mestre de ora\u00e7\u00e3o\u201d foi o tema da catequese do Papa Francisco na Audi\u00eancia Geral desta quarta-feira (04\/11), realizada na Biblioteca do Pal\u00e1cio Apost\u00f3lico. Francisco retomou as audi\u00eancias gerais em sua biblioteca, depois da sinaliza\u00e7\u00e3o de um caso positivo de coronav\u00edrus durante a Audi\u00eancia Geral de 21 de outubro, e para evitar qualquer risco para a sa\u00fade dos participantes.<\/p>\n<p>\u201cInfelizmente, voltamos a fazer a audi\u00eancia na biblioteca, para nos defender do cont\u00e1gio da Covid. Isto nos ensina que devemos estar atentos \u00e0s prescri\u00e7\u00f5es das autoridades, sejam as autoridades pol\u00edticas e sejam as autoridades de sa\u00fade a fim de nos defender dessa epidemia. Ofere\u00e7amos ao Senhor esta dist\u00e2ncia entre n\u00f3s para o bem de todos. Pensemos nos doentes, naqueles que entram como descartados. Pensemos nos m\u00e9dicos, enfermeiros, enfermeiras, volunt\u00e1rios, a todos aqueles que trabalham com os doentes nesse momento, que arriscam a vida e o fazem por amor \u00e0 sua voca\u00e7\u00e3o, por amor ao pr\u00f3ximo. Rezemos por eles. Obrigado.<\/p>\n<p>\u201cDurante a sua vida p\u00fablica, Jesus recorre constantemente ao poder da ora\u00e7\u00e3o. Mesmo em momentos de maior dedica\u00e7\u00e3o aos pobres e aos doentes, Jesus nunca negligenciava o seu di\u00e1logo \u00edntimo com o Pai. Quanto mais estava imerso nas necessidades do povo, tanto mais sentia a necessidade de descansar na Comunh\u00e3o trinit\u00e1ria\u201d, frisou o Pont\u00edfice.<\/p>\n<p>Segundo Francisco, \u201cna vida de Jesus existe um segredo, escondido aos olhos humanos, que representa o ponto fulcral de tudo. A ora\u00e7\u00e3o de Jesus \u00e9 uma realidade misteriosa, da qual s\u00f3 intu\u00edmos algo, mas que permite ler toda a sua miss\u00e3o na justa perspectiva. Naquelas horas solit\u00e1rias, antes do amanhecer ou de madrugada, Jesus mergulha na sua intimidade com o Pai, ou seja, no Amor do qual toda a alma tem sede. \u00c9 isto que sobressai dos primeiros dias do seu minist\u00e9rio p\u00fablico. Jesus vai sempre al\u00e9m, vai al\u00e9m na ora\u00e7\u00e3o com o Pai, vai al\u00e9m nos povoados, a outros horizontes a fim de pregar a outros povos\u201d.<\/p>\n<p>A ora\u00e7\u00e3o \u00e9 o leme que guia a rota de Jesus. N\u00e3o \u00e9 o sucesso, n\u00e3o \u00e9 o consentimento, n\u00e3o \u00e9 aquela frase sedutora \u201ctodos te procuram\u201d, que ditam as etapas da sua miss\u00e3o. \u00c9 o modo menos confort\u00e1vel que tra\u00e7a o caminho de Jesus, mas que obedece \u00e0 inspira\u00e7\u00e3o do Pai, que Jesus ouve e acolhe na sua prece solit\u00e1ria.<\/p>\n<p>A partir do exemplo de Jesus, podemos obter algumas carater\u00edsticas da ora\u00e7\u00e3o crist\u00e3. A primeira, \u00e9 que a ora\u00e7\u00e3o \u00e9 o primeiro desejo do dia, algo que se pratica ao amanhecer, antes que o mundo desperte.<\/p>\n<p>Segundo o Papa, \u201cum dia vivido sem ora\u00e7\u00e3o corre o risco de se transformar numa experi\u00eancia aborrecida ou tediosa: tudo o que nos acontece poderia se transformar-se para n\u00f3s num destino mal suportado e cego. Jesus, ao contr\u00e1rio, educa a obedi\u00eancia \u00e0 realidade e, portanto, \u00e0 escuta\u201d. A seguir, Francisco acrescentou:<\/p>\n<p>A ora\u00e7\u00e3o \u00e9, antes de mais nada, escuta e encontro com Deus. Os problemas da vida quotidiana n\u00e3o se tornam obst\u00e1culos, mas apelos do pr\u00f3prio Deus a ouvir e encontrar quantos est\u00e3o \u00e0 nossa frente. Assim, as prova\u00e7\u00f5es da vida transformam-se em ocasi\u00f5es para crescer na f\u00e9 e na caridade. O caminho di\u00e1rio, incluindo as dificuldades, adquire a perspectiva de uma \u201cvoca\u00e7\u00e3o\u201d. A ora\u00e7\u00e3o tem o poder de transformar em bem o que de outra forma seria uma condena\u00e7\u00e3o na vida; tem o poder de abrir um grande horizonte para a mente e de alargar o cora\u00e7\u00e3o.<\/p>\n<p>A segunda caracter\u00edstica \u00e9 que \u201ca ora\u00e7\u00e3o \u00e9 uma arte a praticar com insist\u00eancia. Todos somos capazes de ora\u00e7\u00f5es epis\u00f3dicas, que nascem da emo\u00e7\u00e3o de um momento; mas Jesus nos educa a outro tipo de ora\u00e7\u00e3o: aquela que conhece uma disciplina, um exerc\u00edcio e \u00e9 assumida no \u00e2mbito de uma regra de vida. A ora\u00e7\u00e3o perseverante produz uma transforma\u00e7\u00e3o progressiva, fortalece em tempos de tribula\u00e7\u00e3o, concede a gra\u00e7a de ser amparados por Aquele que nos ama e nos protege sempre\u201d.<\/p>\n<p>A terceira \u201ccarater\u00edstica da ora\u00e7\u00e3o de Jesus \u00e9 a solid\u00e3o\u201d, disse o Papa. \u201cQuem reza n\u00e3o foge do mundo, mas prefere lugares desertos. Ali, no sil\u00eancio, podem surgir muitas vozes que escondemos no \u00edntimo: os desejos mais afastados, as verdades que nos obstinamos a sufocar. E, acima de tudo, Deus fala no sil\u00eancio. Cada pessoa precisa de um espa\u00e7o para si, onde cultivar a sua vida interior, onde as a\u00e7\u00f5es t\u00eam sentido. Sem vida interior tornamo-nos superficiais, agitados, ansiosos; a ansiedade nos faz mal. Devemos buscar a ora\u00e7\u00e3o. Sem vida interior fugimos da realidade e tamb\u00e9m fugimos de n\u00f3s mesmos. Somos homens e mulheres em fuga sempre\u201d.<\/p>\n<p>A quarta caracter\u00edstica da ora\u00e7\u00e3o de Jesus \u00e9 que ela \u201c\u00e9 o lugar onde percebemos que tudo vem de Deus e para Ele retorna. Por vezes, n\u00f3s seres humanos acreditamos que somos senhores de tudo ou, caso contr\u00e1rio, perdemos toda a autoestima. Vamos de um lugar para outro. A ora\u00e7\u00e3o nos ajuda a encontrar a correta dimens\u00e3o na rela\u00e7\u00e3o com Deus, nosso Pai, e com toda a cria\u00e7\u00e3o\u201d.<\/p>\n<p>Por fim, \u201ca ora\u00e7\u00e3o de Jesus \u00e9 abandonar-se nas m\u00e3os do Pai. Como Jesus no Horto das Oliveiras, naquela ang\u00fastia: \u201cPai, se \u00e9 poss\u00edvel que isso passe. Mas seja feita a tua vontade\u201d. \u201cO abandono nas m\u00e3os do Pai. \u00c9 bonito quando estamos agitados e buscamos a ora\u00e7\u00e3o e o Esp\u00edrito Santo nos transforma por dentro e nos faz abandonar nas m\u00e3os do Pai. Pai, que seja feita a tua vontade\u201d, concluiu Francisco.<\/p>\n<hr \/>\n<p><em>Fonte: Vatican News (texto Mariangela Jaguraba)<\/em><\/p>\n","protected":false},"excerpt":{"rendered":"<p>Audi\u00eancia Geral<\/p>\n","protected":false},"author":3,"featured_media":229049,"comment_status":"open","ping_status":"open","sticky":false,"template":"","format":"standard","meta":[],"categories":[1428],"tags":[487],"acf":[],"yoast_head":"<!-- This site is optimized with the Yoast SEO plugin v19.2 - https:\/\/yoast.com\/wordpress\/plugins\/seo\/ -->\n<title>Papa: &quot;Um dia vivido sem ora\u00e7\u00e3o corre o risco de se transformar numa experi\u00eancia aborrecida&quot; - Not\u00edcias - Franciscanos<\/title>\n<meta name=\"robots\" content=\"index, follow, max-snippet:-1, max-image-preview:large, max-video-preview:-1\" \/>\n<link rel=\"canonical\" href=\"https:\/\/franciscanos.org.br\/noticias\/papa-um-dia-vivido-sem-oracao-corre-o-risco-de-se-transformar-numa-experiencia-aborrecida.html\" \/>\n<meta property=\"og:locale\" content=\"pt_BR\" \/>\n<meta property=\"og:type\" content=\"article\" \/>\n<meta property=\"og:title\" content=\"Papa: &quot;Um dia vivido sem ora\u00e7\u00e3o corre o risco de se transformar numa experi\u00eancia aborrecida&quot; - Not\u00edcias - Franciscanos\" \/>\n<meta property=\"og:description\" content=\"Audi\u00eancia Geral\" \/>\n<meta property=\"og:url\" content=\"https:\/\/franciscanos.org.br\/noticias\/papa-um-dia-vivido-sem-oracao-corre-o-risco-de-se-transformar-numa-experiencia-aborrecida.html\" \/>\n<meta property=\"og:site_name\" content=\"Not\u00edcias - Franciscanos\" \/>\n<meta property=\"article:published_time\" content=\"2020-11-04T09:57:21+00:00\" \/>\n<meta property=\"og:image\" content=\"https:\/\/franciscanos.org.br\/noticias\/wp-content\/uploads\/2020\/11\/audiencia_0411d.jpg\" \/>\n\t<meta property=\"og:image:width\" content=\"800\" \/>\n\t<meta property=\"og:image:height\" content=\"600\" \/>\n\t<meta property=\"og:image:type\" content=\"image\/jpeg\" \/>\n<meta name=\"author\" content=\"moacir\" \/>\n<meta name=\"twitter:card\" content=\"summary_large_image\" \/>\n<meta name=\"twitter:label1\" content=\"Escrito por\" \/>\n\t<meta name=\"twitter:data1\" content=\"moacir\" \/>\n\t<meta name=\"twitter:label2\" content=\"Est. tempo de leitura\" \/>\n\t<meta name=\"twitter:data2\" content=\"5 minutos\" \/>\n<script type=\"application\/ld+json\" class=\"yoast-schema-graph\">{\"@context\":\"https:\/\/schema.org\",\"@graph\":[{\"@type\":\"WebSite\",\"@id\":\"https:\/\/franciscanos.org.br\/noticias\/#website\",\"url\":\"https:\/\/franciscanos.org.br\/noticias\/\",\"name\":\"Not\u00edcias - Franciscanos\",\"description\":\"Prov\u00edncia Franciscana da Imaculada Concei\u00e7\u00e3o do Brasil - Ordem dos Frades Menores - OFM\",\"potentialAction\":[{\"@type\":\"SearchAction\",\"target\":{\"@type\":\"EntryPoint\",\"urlTemplate\":\"https:\/\/franciscanos.org.br\/noticias\/?s={search_term_string}\"},\"query-input\":\"required name=search_term_string\"}],\"inLanguage\":\"pt-BR\"},{\"@type\":\"ImageObject\",\"inLanguage\":\"pt-BR\",\"@id\":\"https:\/\/franciscanos.org.br\/noticias\/papa-um-dia-vivido-sem-oracao-corre-o-risco-de-se-transformar-numa-experiencia-aborrecida.html#primaryimage\",\"url\":\"https:\/\/franciscanos.org.br\/noticias\/wp-content\/uploads\/2020\/11\/audiencia_0411d.jpg\",\"contentUrl\":\"https:\/\/franciscanos.org.br\/noticias\/wp-content\/uploads\/2020\/11\/audiencia_0411d.jpg\",\"width\":800,\"height\":600},{\"@type\":\"WebPage\",\"@id\":\"https:\/\/franciscanos.org.br\/noticias\/papa-um-dia-vivido-sem-oracao-corre-o-risco-de-se-transformar-numa-experiencia-aborrecida.html#webpage\",\"url\":\"https:\/\/franciscanos.org.br\/noticias\/papa-um-dia-vivido-sem-oracao-corre-o-risco-de-se-transformar-numa-experiencia-aborrecida.html\",\"name\":\"Papa: \\\"Um dia vivido sem ora\u00e7\u00e3o corre o risco de se transformar numa experi\u00eancia aborrecida\\\" - Not\u00edcias - Franciscanos\",\"isPartOf\":{\"@id\":\"https:\/\/franciscanos.org.br\/noticias\/#website\"},\"primaryImageOfPage\":{\"@id\":\"https:\/\/franciscanos.org.br\/noticias\/papa-um-dia-vivido-sem-oracao-corre-o-risco-de-se-transformar-numa-experiencia-aborrecida.html#primaryimage\"},\"datePublished\":\"2020-11-04T09:57:21+00:00\",\"dateModified\":\"2020-11-04T09:57:21+00:00\",\"author\":{\"@id\":\"https:\/\/franciscanos.org.br\/noticias\/#\/schema\/person\/b5c8cba458c330ccff548b056e95a5d4\"},\"breadcrumb\":{\"@id\":\"https:\/\/franciscanos.org.br\/noticias\/papa-um-dia-vivido-sem-oracao-corre-o-risco-de-se-transformar-numa-experiencia-aborrecida.html#breadcrumb\"},\"inLanguage\":\"pt-BR\",\"potentialAction\":[{\"@type\":\"ReadAction\",\"target\":[\"https:\/\/franciscanos.org.br\/noticias\/papa-um-dia-vivido-sem-oracao-corre-o-risco-de-se-transformar-numa-experiencia-aborrecida.html\"]}]},{\"@type\":\"BreadcrumbList\",\"@id\":\"https:\/\/franciscanos.org.br\/noticias\/papa-um-dia-vivido-sem-oracao-corre-o-risco-de-se-transformar-numa-experiencia-aborrecida.html#breadcrumb\",\"itemListElement\":[{\"@type\":\"ListItem\",\"position\":1,\"name\":\"Home\",\"item\":\"https:\/\/franciscanos.org.br\/noticias\"},{\"@type\":\"ListItem\",\"position\":2,\"name\":\"Papa: &#8220;Um dia vivido sem ora\u00e7\u00e3o corre o risco de se transformar numa experi\u00eancia aborrecida&#8221;\"}]},{\"@type\":\"Person\",\"@id\":\"https:\/\/franciscanos.org.br\/noticias\/#\/schema\/person\/b5c8cba458c330ccff548b056e95a5d4\",\"name\":\"moacir\",\"image\":{\"@type\":\"ImageObject\",\"inLanguage\":\"pt-BR\",\"@id\":\"https:\/\/franciscanos.org.br\/noticias\/#\/schema\/person\/image\/\",\"url\":\"https:\/\/secure.gravatar.com\/avatar\/d08aa2ce4c8dd416d4479aa8536fcf64?s=96&d=mm&r=g\",\"contentUrl\":\"https:\/\/secure.gravatar.com\/avatar\/d08aa2ce4c8dd416d4479aa8536fcf64?s=96&d=mm&r=g\",\"caption\":\"moacir\"},\"url\":\"https:\/\/franciscanos.org.br\/noticias\/author\/moacir\"}]}<\/script>\n<!-- \/ Yoast SEO plugin. -->","yoast_head_json":{"title":"Papa: \"Um dia vivido sem ora\u00e7\u00e3o corre o risco de se transformar numa experi\u00eancia aborrecida\" - Not\u00edcias - Franciscanos","robots":{"index":"index","follow":"follow","max-snippet":"max-snippet:-1","max-image-preview":"max-image-preview:large","max-video-preview":"max-video-preview:-1"},"canonical":"https:\/\/franciscanos.org.br\/noticias\/papa-um-dia-vivido-sem-oracao-corre-o-risco-de-se-transformar-numa-experiencia-aborrecida.html","og_locale":"pt_BR","og_type":"article","og_title":"Papa: \"Um dia vivido sem ora\u00e7\u00e3o corre o risco de se transformar numa experi\u00eancia aborrecida\" - Not\u00edcias - Franciscanos","og_description":"Audi\u00eancia Geral","og_url":"https:\/\/franciscanos.org.br\/noticias\/papa-um-dia-vivido-sem-oracao-corre-o-risco-de-se-transformar-numa-experiencia-aborrecida.html","og_site_name":"Not\u00edcias - Franciscanos","article_published_time":"2020-11-04T09:57:21+00:00","og_image":[{"width":800,"height":600,"url":"https:\/\/franciscanos.org.br\/noticias\/wp-content\/uploads\/2020\/11\/audiencia_0411d.jpg","type":"image\/jpeg"}],"author":"moacir","twitter_card":"summary_large_image","twitter_misc":{"Escrito por":"moacir","Est. tempo de leitura":"5 minutos"},"schema":{"@context":"https:\/\/schema.org","@graph":[{"@type":"WebSite","@id":"https:\/\/franciscanos.org.br\/noticias\/#website","url":"https:\/\/franciscanos.org.br\/noticias\/","name":"Not\u00edcias - Franciscanos","description":"Prov\u00edncia Franciscana da Imaculada Concei\u00e7\u00e3o do Brasil - Ordem dos Frades Menores - OFM","potentialAction":[{"@type":"SearchAction","target":{"@type":"EntryPoint","urlTemplate":"https:\/\/franciscanos.org.br\/noticias\/?s={search_term_string}"},"query-input":"required name=search_term_string"}],"inLanguage":"pt-BR"},{"@type":"ImageObject","inLanguage":"pt-BR","@id":"https:\/\/franciscanos.org.br\/noticias\/papa-um-dia-vivido-sem-oracao-corre-o-risco-de-se-transformar-numa-experiencia-aborrecida.html#primaryimage","url":"https:\/\/franciscanos.org.br\/noticias\/wp-content\/uploads\/2020\/11\/audiencia_0411d.jpg","contentUrl":"https:\/\/franciscanos.org.br\/noticias\/wp-content\/uploads\/2020\/11\/audiencia_0411d.jpg","width":800,"height":600},{"@type":"WebPage","@id":"https:\/\/franciscanos.org.br\/noticias\/papa-um-dia-vivido-sem-oracao-corre-o-risco-de-se-transformar-numa-experiencia-aborrecida.html#webpage","url":"https:\/\/franciscanos.org.br\/noticias\/papa-um-dia-vivido-sem-oracao-corre-o-risco-de-se-transformar-numa-experiencia-aborrecida.html","name":"Papa: \"Um dia vivido sem ora\u00e7\u00e3o corre o risco de se transformar numa experi\u00eancia aborrecida\" - Not\u00edcias - Franciscanos","isPartOf":{"@id":"https:\/\/franciscanos.org.br\/noticias\/#website"},"primaryImageOfPage":{"@id":"https:\/\/franciscanos.org.br\/noticias\/papa-um-dia-vivido-sem-oracao-corre-o-risco-de-se-transformar-numa-experiencia-aborrecida.html#primaryimage"},"datePublished":"2020-11-04T09:57:21+00:00","dateModified":"2020-11-04T09:57:21+00:00","author":{"@id":"https:\/\/franciscanos.org.br\/noticias\/#\/schema\/person\/b5c8cba458c330ccff548b056e95a5d4"},"breadcrumb":{"@id":"https:\/\/franciscanos.org.br\/noticias\/papa-um-dia-vivido-sem-oracao-corre-o-risco-de-se-transformar-numa-experiencia-aborrecida.html#breadcrumb"},"inLanguage":"pt-BR","potentialAction":[{"@type":"ReadAction","target":["https:\/\/franciscanos.org.br\/noticias\/papa-um-dia-vivido-sem-oracao-corre-o-risco-de-se-transformar-numa-experiencia-aborrecida.html"]}]},{"@type":"BreadcrumbList","@id":"https:\/\/franciscanos.org.br\/noticias\/papa-um-dia-vivido-sem-oracao-corre-o-risco-de-se-transformar-numa-experiencia-aborrecida.html#breadcrumb","itemListElement":[{"@type":"ListItem","position":1,"name":"Home","item":"https:\/\/franciscanos.org.br\/noticias"},{"@type":"ListItem","position":2,"name":"Papa: &#8220;Um dia vivido sem ora\u00e7\u00e3o corre o risco de se transformar numa experi\u00eancia aborrecida&#8221;"}]},{"@type":"Person","@id":"https:\/\/franciscanos.org.br\/noticias\/#\/schema\/person\/b5c8cba458c330ccff548b056e95a5d4","name":"moacir","image":{"@type":"ImageObject","inLanguage":"pt-BR","@id":"https:\/\/franciscanos.org.br\/noticias\/#\/schema\/person\/image\/","url":"https:\/\/secure.gravatar.com\/avatar\/d08aa2ce4c8dd416d4479aa8536fcf64?s=96&d=mm&r=g","contentUrl":"https:\/\/secure.gravatar.com\/avatar\/d08aa2ce4c8dd416d4479aa8536fcf64?s=96&d=mm&r=g","caption":"moacir"},"url":"https:\/\/franciscanos.org.br\/noticias\/author\/moacir"}]}},"_links":{"self":[{"href":"https:\/\/franciscanos.org.br\/noticias\/wp-json\/wp\/v2\/posts\/229047"}],"collection":[{"href":"https:\/\/franciscanos.org.br\/noticias\/wp-json\/wp\/v2\/posts"}],"about":[{"href":"https:\/\/franciscanos.org.br\/noticias\/wp-json\/wp\/v2\/types\/post"}],"author":[{"embeddable":true,"href":"https:\/\/franciscanos.org.br\/noticias\/wp-json\/wp\/v2\/users\/3"}],"replies":[{"embeddable":true,"href":"https:\/\/franciscanos.org.br\/noticias\/wp-json\/wp\/v2\/comments?post=229047"}],"version-history":[{"count":1,"href":"https:\/\/franciscanos.org.br\/noticias\/wp-json\/wp\/v2\/posts\/229047\/revisions"}],"predecessor-version":[{"id":229050,"href":"https:\/\/franciscanos.org.br\/noticias\/wp-json\/wp\/v2\/posts\/229047\/revisions\/229050"}],"wp:featuredmedia":[{"embeddable":true,"href":"https:\/\/franciscanos.org.br\/noticias\/wp-json\/wp\/v2\/media\/229049"}],"wp:attachment":[{"href":"https:\/\/franciscanos.org.br\/noticias\/wp-json\/wp\/v2\/media?parent=229047"}],"wp:term":[{"taxonomy":"category","embeddable":true,"href":"https:\/\/franciscanos.org.br\/noticias\/wp-json\/wp\/v2\/categories?post=229047"},{"taxonomy":"post_tag","embeddable":true,"href":"https:\/\/franciscanos.org.br\/noticias\/wp-json\/wp\/v2\/tags?post=229047"}],"curies":[{"name":"wp","href":"https:\/\/api.w.org\/{rel}","templated":true}]}}