{"id":229026,"date":"2020-11-03T06:47:19","date_gmt":"2020-11-03T09:47:19","guid":{"rendered":"https:\/\/franciscanos.org.br\/noticias\/?p=229026"},"modified":"2020-11-03T06:54:45","modified_gmt":"2020-11-03T09:54:45","slug":"a-enfermidade-na-vida-de-sao-francisco-e-nos-escritos-franciscanos-por-frei-francesco-patton","status":"publish","type":"post","link":"https:\/\/franciscanos.org.br\/noticias\/a-enfermidade-na-vida-de-sao-francisco-e-nos-escritos-franciscanos-por-frei-francesco-patton.html","title":{"rendered":"&#8220;A enfermidade na vida de S\u00e3o Francisco e nos escritos franciscanos&#8221;, por Frei Francesco Patton"},"content":{"rendered":"<div>\n<div id=\"attachment_229027\" style=\"width: 900px\" class=\"wp-caption alignnone\"><img aria-describedby=\"caption-attachment-229027\" loading=\"lazy\" class=\"wp-image-229027 size-full\" src=\"https:\/\/franciscanos.org.br\/noticias\/wp-content\/uploads\/2020\/11\/patton_01.jpg\" alt=\"\" width=\"890\" height=\"494\" srcset=\"https:\/\/franciscanos.org.br\/noticias\/wp-content\/uploads\/2020\/11\/patton_01.jpg 890w, https:\/\/franciscanos.org.br\/noticias\/wp-content\/uploads\/2020\/11\/patton_01-450x250.jpg 450w, https:\/\/franciscanos.org.br\/noticias\/wp-content\/uploads\/2020\/11\/patton_01-768x426.jpg 768w, https:\/\/franciscanos.org.br\/noticias\/wp-content\/uploads\/2020\/11\/patton_01-150x83.jpg 150w\" sizes=\"(max-width: 890px) 100vw, 890px\" \/><p id=\"caption-attachment-229027\" class=\"wp-caption-text\"><em>\u00a0 \u00a0 \u00a0 \u00a0 \u00a0 \u00a0 \u00a0 \u00a0 \u00a0 \u00a0 \u00a0 \u00a0 \u00a0 \u00a0 \u00a0 \u00a0 \u00a0 \u00a0 \u00a0 \u00a0 \u00a0 \u00a0 \u00a0 \u00a0 \u00a0 \u00a0 \u00a0 \u00a0 \u00a0 \u00a0 \u00a0 \u00a0 \u00a0 \u00a0 \u00a0 \u00a0 \u00a0 \u00a0 \u00a0 \u00a0 \u00a0 \u00a0 \u00a0 \u00a0 \u00a0 \u00a0 \u00a0 \u00a0 \u00a0 \u00a0 \u00a0 \u00a0 \u00a0 \u00a0 \u00a0 \u00a0 \u00a0 \u00a0 \u00a0 \u00a0 \u00a0 \u00a0 \u00a0 \u00a0 \u00a0 \u00a0 \u00a0 \u00a0 \u00a0 \u00a0 \u00a0 \u00a0 \u00a0 \u00a0 \u00a0 Imagem: Christian Media Center<\/em><\/p><\/div>\n<\/div>\n<div class=\"simple-image\"><img class=\"lazyautosizes lazyloaded\" src=\"https:\/\/www.custodia.org\/sites\/default\/files\/2020-10\/schermata_2020-10-05_alle_12.13.18.png\" sizes=\"425px\" srcset=\"\/sites\/default\/files\/styles\/xs\/public\/2020-10\/schermata_2020-10-05_alle_12.13.18.png?itok=VgyiEtwk 400w, \/sites\/default\/files\/styles\/sm\/public\/2020-10\/schermata_2020-10-05_alle_12.13.18.png?itok=zGJGxy1l 800w, \/sites\/default\/files\/styles\/md\/public\/2020-10\/schermata_2020-10-05_alle_12.13.18.png?itok=rrmrvrFO 1024w, \/sites\/default\/files\/styles\/xl\/public\/2020-10\/schermata_2020-10-05_alle_12.13.18.png?itok=JK4s_0yH 1279w\" alt=\"\" width=\"1279\" data-sizes=\"auto\" data-srcset=\"\/sites\/default\/files\/styles\/xs\/public\/2020-10\/schermata_2020-10-05_alle_12.13.18.png?itok=VgyiEtwk 400w, \/sites\/default\/files\/styles\/sm\/public\/2020-10\/schermata_2020-10-05_alle_12.13.18.png?itok=zGJGxy1l 800w, \/sites\/default\/files\/styles\/md\/public\/2020-10\/schermata_2020-10-05_alle_12.13.18.png?itok=rrmrvrFO 1024w, \/sites\/default\/files\/styles\/xl\/public\/2020-10\/schermata_2020-10-05_alle_12.13.18.png?itok=JK4s_0yH 1279w\" data-src=\"\/sites\/default\/files\/2020-10\/schermata_2020-10-05_alle_12.13.18.png\" \/>Quando falamos sobre S\u00e3o Francisco, muito provavelmente o que vem \u00e0 mente \u00e9 o C\u00e2ntico das Criaturas&#8230; A m\u00e1xima express\u00e3o de louvor e gratid\u00e3o ao criador. Mas a vida do santo de Assis, conhecido e amado em todo o mundo, tamb\u00e9m foi marcada pelo sofrimento no pr\u00f3prio corpo.<\/div>\n<div class=\"simple-text\">\n<div class=\"tinytext\">\n<p>Na reflex\u00e3o de Frei Francesco Patton, Cust\u00f3dio da Terra Santa, um tema muito atual:<strong> \u201cA enfermidade na vida de S\u00e3o Francisco e nos Escritos Franciscanos\u201d.<\/strong><\/p>\n<p>&#8220;Em 1202, quando Assis decide lutar contra Perugia, Francisco \u00e9 capturado ap\u00f3s sua primeira e \u00fanica batalha e por um ano permanece nas pris\u00f5es perugianas. Durante aquele ano, Francisco contraiu algumas doen\u00e7as que o acompanharam por toda a vida. Provavelmente \u00e9 durante aquele per\u00edodo, que ele contraiu uma esp\u00e9cie de mal\u00e1ria que para ele se tornaria cr\u00f4nica. Tamb\u00e9m sabemos que, quando partiu para a segunda tentativa de se tornar cavaleiro, precisou fazer uma parada em Spoleto devido \u00e0 febre muito alta. Tamb\u00e9m \u00e9 prov\u00e1vel que o retorno da febre estivesse relacionada com a mal\u00e1ria. Foi neste momento que ele ouviu a voz do Senhor, que lhe disse para regressar a Assis, e esta \u00e9 a voz que lhe questiona: \u201cA quem \u00e9 melhor servir? ao servo ou ao senhor? e ele retorna. (3Comp 6: FF 1401).&#8221;<\/p>\n<p><strong>Foi precisamente, durante esta enfermidade, que uma mudan\u00e7a interior come\u00e7ou a se manifestar em Francisco. A tradi\u00e7\u00e3o das <em>Fontes Franciscanas<\/em> coloca como ponto de refer\u00eancia da sua convers\u00e3o definitiva, o seu encontro com o leproso.<\/strong><\/p>\n<p><strong>Fr. FRANCESCO PATTON:<\/strong> &#8220;E, mais tarde, nos anos seguintes, mais ou menos 1206, d\u00e1-se esse encontro com o leproso, que \u00e9 o encontro que o marca, e n\u00e3o \u00e9 s\u00f3 o encontro com o leproso, mas \u00e9 o encontro com os leprosos: no testamento ele recorda, \u201cquando ainda estava nos v\u00edcios e pecados, me parecia muito amargo at\u00e9 mesmo ver os leprosos, mas o Senhor me conduziu para o meio deles, e eu os tratei com miseric\u00f3rdia e ent\u00e3o o que era doce tornou-se amargo, e o que era amargo tornou-se doce&#8230;\u201d<\/p>\n<\/div>\n<\/div>\n<div style=\"width: 640px;\" class=\"wp-video\"><!--[if lt IE 9]><script>document.createElement('video');<\/script><![endif]-->\n<video class=\"wp-video-shortcode\" id=\"video-229026-1\" width=\"640\" height=\"360\" preload=\"metadata\" controls=\"controls\"><source type=\"video\/mp4\" src=\"https:\/\/cmcterrasanta-eu.s3.amazonaws.com\/2020\/fdd0bb13-18ab-4fe7-9f5f-73d1af332ba2.m4v?_=1\" \/><a href=\"https:\/\/cmcterrasanta-eu.s3.amazonaws.com\/2020\/fdd0bb13-18ab-4fe7-9f5f-73d1af332ba2.m4v\">https:\/\/cmcterrasanta-eu.s3.amazonaws.com\/2020\/fdd0bb13-18ab-4fe7-9f5f-73d1af332ba2.m4v<\/a><\/video><\/div>\n<div class=\"simple-text\">\n<div class=\"tinytext\">\n<p><strong>Fr. FRANCESCO PATTON<\/strong>: &#8220;A experi\u00eancia do encontro com o leproso, para Francisco, torna-se a experi\u00eancia de supera\u00e7\u00e3o dos pr\u00f3prios medos, que por um lado, era o medo do cont\u00e1gio, um pouco como o que acontece hoje por causa do v\u00edrus, em que as pessoas est\u00e3o afastadas umas das outras. De fato, naquele momento Francisco ouve essa voz interior que lhe diz: \u201cat\u00e9 que voc\u00ea supere o seu ego\u00edsmo, e viver para si mesmo, voc\u00ea n\u00e3o ser\u00e1 capaz de entender o sentido da sua vida&#8230;\u201d Podemos dizer que, por meio desse encontro inicial com os enfermos, Francisco descobre uma nova dimens\u00e3o de vida e de fato descobre a sua voca\u00e7\u00e3o.&#8221;<\/p>\n<p><strong>Os bi\u00f3grafos de S\u00e3o Francisco falam explicitamente de suas enfermidades.<\/strong><\/p>\n<p><strong>Fr. FRANCESCO PATTON:<\/strong> Dizem que ele tinha doen\u00e7as de est\u00f4mago, f\u00edgado e ba\u00e7o. E eram doen\u00e7as provavelmente tamb\u00e9m ligadas a essa mal\u00e1ria cr\u00f4nica que ele tinha e provavelmente estivessem ligadas \u00e0 vida de penit\u00eancia , aos muitos jejuns que ele fazia, no final da vida provavelmente a doen\u00e7a de est\u00f4mago, de uma \u00falcera, tamb\u00e9m se tornaria um tumor.<\/p>\n<p><strong>As fontes franciscanas falam tamb\u00e9m de uma outra doen\u00e7a que \u00e9 aquela que S\u00e3o Francisco contraiu ao vir aqui para a Terra Santa: entre 1219-1220.<\/strong><\/p>\n<p><strong>Fr. FRANCESCO PATTON:<\/strong> &#8220;\u00c9 um tipo de doen\u00e7a ocular que praticamente o impedia de manter os olhos abertos (em alguns momentos). Uma esp\u00e9cie de conjuntivite t\u00edpica no Oriente M\u00e9dio naquela \u00e9poca, e essa conjuntivite em Francisco causa duas coisas: uma lacrima\u00e7\u00e3o cont\u00ednua e depois uma intoler\u00e2ncia \u00e0 luz, at\u00e9 a quase incapacidade de enxergar, ao ponto de, segundo as biografias, foi preparado para ele um capuz com uma esp\u00e9cie de m\u00e1scara que cobre os olhos, para evitar o contato com a luz. Precisamos pensar no que isso significou para Francisco, que amava ver a beleza da cria\u00e7\u00e3o , e atrav\u00e9s da beleza das criaturas e da cria\u00e7\u00e3o voltava-se para a beleza e a bondade de Deus; deve ter sido um grande sofrimento para ele; e esta doen\u00e7a, certamente o acompanhou nos \u00faltimos 6 anos de sua vida e a pedido tanto do Papa como de Frei Elias, ele tenta v\u00e1rias solu\u00e7\u00f5es m\u00e9dicas, v\u00e1rias opera\u00e7\u00f5es, uma das mais fascinantes \u00e9 uma opera\u00e7\u00e3o que ele deve fazer em Rieti, provavelmente por um cirurgi\u00e3o da corte papal, que tenta cauterizar, queimar os dutos lacrimais e uma parte do nervo.&#8221;<\/p>\n<p><strong>Fr. FRANCESCO PATTON:<\/strong> &#8220;E \u00e9 comovente a conversa entre S\u00e3o Francisco e o fogo. Francisco fala com o fogo considerando-o n\u00e3o uma criatura inanimada e lhe diz: irm\u00e3o fogo, eu sempre tive um grande respeito por ti, sempre te amei, por favor, n\u00e3o me fa\u00e7as muito mal durante esta opera\u00e7\u00e3o.&#8221;<\/p>\n<p><strong>Fr. FRANCESCO PATTON:<\/strong> &#8220;De fato, por um per\u00edodo, provavelmente ele tenha recuperado a capacidade de ver e depois, obviamente, as doen\u00e7as voltaram, nos \u00faltimos dois anos de vida. Ao sofrimento das enfermidades f\u00edsicas, acrescenta-se o sofrimento relacionado aos estigmas, ao carregar na pr\u00f3pria carne os sinais da crucifica\u00e7\u00e3o do Senhor Jesus, como feridas que se formaram nas m\u00e3os e nos p\u00e9s e no lado direito, que sangravam, que constantemente. A terceira considera\u00e7\u00e3o sobre os estigmas que s\u00e3o relatadas \u00e9 uma ora\u00e7\u00e3o muito bonita, do pr\u00f3prio Francisco, que \u00e9 considerada a ora\u00e7\u00e3o que ele fez na mesma noite em que recebeu o dom dos estigmas, pr\u00f3ximo \u00e0 festa da exalta\u00e7\u00e3o da Santa Cruz. Nesta ora\u00e7\u00e3o ele pede para experimentar na pr\u00f3pria carne, tanto quanto humanamente poss\u00edvel, o terr\u00edvel sofrimento que Cristo experimentou na hora da paix\u00e3o, mas depois acrescenta, o desejo de experimentar o amor excessivo, tanto quanto poss\u00edvel \u2013 que pode ser interpretado como \u2013 aquele amor extremamente exagerado, extraordin\u00e1rio &#8211; que levou Cristo a suportar todo sofrimento para a nossa salva\u00e7\u00e3o; portanto, Francisco n\u00e3o busca e n\u00e3o pede o sofrimento pelo sofrimento, mas busca e pede o AMOR.&#8221;<\/p>\n<p><strong>Fr. FRANCESCO PATTON:<\/strong> &#8220;No final, Francisco entrega a sua alma a Deus, em um contexto em que o seu corpo havia sido extremamente provado, tanto que chegar\u00e1 a pedir desculpas para o seu pr\u00f3prio corpo, dizendo: irm\u00e3o asno, te pe\u00e7o perd\u00e3o se eu te maltratei. Ele chamava o corpo de asno e ent\u00e3o se reconcilia consigo mesmo, com a sua pr\u00f3pria corporeidade, antes de voltar para Deus, n\u00fa sobre a terra nua; n\u00fa como nasceu, para ir ao encontro deste novo nascimento que \u00e9 o encontro com Deus, para entrar na vida eterna.&#8221;<\/p>\n<p><strong>Fr. FRANCESCO PATTON:<\/strong> &#8220;S\u00e3o Francisco tem palavras muito belas na sua regra, onde tamb\u00e9m dedica um cap\u00edtulo aos frades enfermos. Neste cap\u00edtulo, ele diz algumas coisas que tamb\u00e9m valem a pena serem lidas: \u201cse algum dos frades adoecer, onde quer que se encontre, os outros frades n\u00e3o o deixem sem antes terem nomeado um ou mais se necess\u00e1rio, para que o sirvam como gostariam de ser servidos a si mesmos&#8230;\u201d<\/p>\n<p><strong>E da Terra Santa a ora\u00e7\u00e3o da comunidade franciscana<\/strong><\/p>\n<p><strong>Fr. FRANCESCO PATTON<\/strong>: N\u00f3s rezamos diariamente pelo fim da pandemia, pelos enfermos, rezamos por aqueles que cuidam dos enfermos e tamb\u00e9m rezamos pelas autoridades, civis e religiosas, que sempre precisam fazer escolhas dif\u00edceis. Al\u00e9m da ora\u00e7\u00e3o que nos \u00e9 inspirada por S\u00e3o Francisco, o convite aos enfermos \u00e9 o de viver a pr\u00f3pria doen\u00e7a sempre com confian\u00e7a; mesmo que essa doen\u00e7a tenha um desfecho terminal, coloquemos nossa vida nas m\u00e3os do pai.<\/p>\n<p><strong>Fr. FRANCESCO PATTON<\/strong>: Seguramente a nossa ora\u00e7\u00e3o \u00e9 di\u00e1ria por todos: pelos enfermos, pelos profissionais da sa\u00fade, por aqueles que t\u00eam responsabilidades de decis\u00e3o e eu penso que, a b\u00ean\u00e7\u00e3o mais bela, seja aquela tirada do Livro dos N\u00fameros e da b\u00ean\u00e7\u00e3o que S\u00e3o Francisco usava: \u201cO Senhor vos aben\u00e7oe, vos guarde, vos mostre a sua face e tenha miseric\u00f3rdia de v\u00f3s; volte sobre v\u00f3s o seu olhar e vos d\u00ea a paz.\u201d<\/p>\n<hr \/>\n<p><em>Pelos trabalhos utilizados no v\u00eddeo agradecemos:<\/em><br \/>\n<em>Piero Casentini, Clarisses do Mosteiro da Sant\u00edssima Anuncia\u00e7\u00e3o de Terni, Frades Menores Franciscanos da Prov\u00edncia de S\u00e3o Boaventura &#8211; Greccio (Rieti) e Frascati (Roma), Frades Menores da Prov\u00edncia Ser\u00e1fica de S\u00e3o Francisco da \u00dambria \u2013 Sardenha, Assis (Per\u00fagia), Fr. Bruno Bartolini ofm, Arquivo Fotogr\u00e1fico do Sacro Convento de S\u00e3o Francisco em Assis, Confraternidade da Imacula Concei\u00e7\u00e3o de Anacapri (Napoli), Prov\u00edncia Ser\u00e1fica de S\u00e3o Francisco dos Frades Menores da \u00dambria &#8211; Sardenha, Assis (Per\u00fagia), Doni Ferrari.<\/em><\/p>\n<p><a href=\"https:\/\/www.cmc-terrasanta.com\/pt\/media\/terra-santa-news\/21149\/di%C3%A1logo-com-fr-francesco-patton-----a-enfermidade-na-vida-de-s%C3%A3o-francisco-e-nos-escritos-franciscanos\">Christian Media Center<\/a><\/p>\n<\/div>\n<\/div>\n","protected":false},"excerpt":{"rendered":"<p>Cust\u00f3dia da Terra Santa<\/p>\n","protected":false},"author":3,"featured_media":229028,"comment_status":"open","ping_status":"open","sticky":false,"template":"","format":"standard","meta":[],"categories":[1],"tags":[1429],"acf":[],"yoast_head":"<!-- This site is optimized with the Yoast SEO plugin v19.2 - https:\/\/yoast.com\/wordpress\/plugins\/seo\/ -->\n<title>&quot;A enfermidade na vida de S\u00e3o Francisco e nos escritos franciscanos&quot;, por Frei Francesco Patton - Not\u00edcias - Franciscanos<\/title>\n<meta name=\"robots\" content=\"index, follow, max-snippet:-1, max-image-preview:large, max-video-preview:-1\" \/>\n<link rel=\"canonical\" href=\"https:\/\/franciscanos.org.br\/noticias\/a-enfermidade-na-vida-de-sao-francisco-e-nos-escritos-franciscanos-por-frei-francesco-patton.html\" \/>\n<meta property=\"og:locale\" content=\"pt_BR\" \/>\n<meta property=\"og:type\" content=\"article\" \/>\n<meta property=\"og:title\" content=\"&quot;A enfermidade na vida de S\u00e3o Francisco e nos escritos franciscanos&quot;, por Frei Francesco Patton - Not\u00edcias - Franciscanos\" \/>\n<meta property=\"og:description\" content=\"Cust\u00f3dia da Terra Santa\" \/>\n<meta property=\"og:url\" content=\"https:\/\/franciscanos.org.br\/noticias\/a-enfermidade-na-vida-de-sao-francisco-e-nos-escritos-franciscanos-por-frei-francesco-patton.html\" \/>\n<meta property=\"og:site_name\" content=\"Not\u00edcias - Franciscanos\" \/>\n<meta property=\"article:published_time\" content=\"2020-11-03T09:47:19+00:00\" \/>\n<meta property=\"article:modified_time\" content=\"2020-11-03T09:54:45+00:00\" \/>\n<meta property=\"og:image\" content=\"https:\/\/franciscanos.org.br\/noticias\/wp-content\/uploads\/2020\/11\/patton_d.gif\" \/>\n\t<meta property=\"og:image:width\" content=\"800\" \/>\n\t<meta property=\"og:image:height\" content=\"601\" \/>\n\t<meta property=\"og:image:type\" content=\"image\/gif\" \/>\n<meta name=\"author\" content=\"moacir\" \/>\n<meta name=\"twitter:card\" content=\"summary_large_image\" \/>\n<meta name=\"twitter:label1\" content=\"Escrito por\" \/>\n\t<meta name=\"twitter:data1\" content=\"moacir\" \/>\n\t<meta name=\"twitter:label2\" content=\"Est. tempo de leitura\" \/>\n\t<meta name=\"twitter:data2\" content=\"8 minutos\" \/>\n<script type=\"application\/ld+json\" class=\"yoast-schema-graph\">{\"@context\":\"https:\/\/schema.org\",\"@graph\":[{\"@type\":\"WebSite\",\"@id\":\"https:\/\/franciscanos.org.br\/noticias\/#website\",\"url\":\"https:\/\/franciscanos.org.br\/noticias\/\",\"name\":\"Not\u00edcias - Franciscanos\",\"description\":\"Prov\u00edncia Franciscana da Imaculada Concei\u00e7\u00e3o do Brasil - Ordem dos Frades Menores - OFM\",\"potentialAction\":[{\"@type\":\"SearchAction\",\"target\":{\"@type\":\"EntryPoint\",\"urlTemplate\":\"https:\/\/franciscanos.org.br\/noticias\/?s={search_term_string}\"},\"query-input\":\"required name=search_term_string\"}],\"inLanguage\":\"pt-BR\"},{\"@type\":\"ImageObject\",\"inLanguage\":\"pt-BR\",\"@id\":\"https:\/\/franciscanos.org.br\/noticias\/a-enfermidade-na-vida-de-sao-francisco-e-nos-escritos-franciscanos-por-frei-francesco-patton.html#primaryimage\",\"url\":\"https:\/\/franciscanos.org.br\/noticias\/wp-content\/uploads\/2020\/11\/patton_d.gif\",\"contentUrl\":\"https:\/\/franciscanos.org.br\/noticias\/wp-content\/uploads\/2020\/11\/patton_d.gif\",\"width\":800,\"height\":601},{\"@type\":\"WebPage\",\"@id\":\"https:\/\/franciscanos.org.br\/noticias\/a-enfermidade-na-vida-de-sao-francisco-e-nos-escritos-franciscanos-por-frei-francesco-patton.html#webpage\",\"url\":\"https:\/\/franciscanos.org.br\/noticias\/a-enfermidade-na-vida-de-sao-francisco-e-nos-escritos-franciscanos-por-frei-francesco-patton.html\",\"name\":\"\\\"A enfermidade na vida de S\u00e3o Francisco e nos escritos franciscanos\\\", por Frei Francesco Patton - Not\u00edcias - Franciscanos\",\"isPartOf\":{\"@id\":\"https:\/\/franciscanos.org.br\/noticias\/#website\"},\"primaryImageOfPage\":{\"@id\":\"https:\/\/franciscanos.org.br\/noticias\/a-enfermidade-na-vida-de-sao-francisco-e-nos-escritos-franciscanos-por-frei-francesco-patton.html#primaryimage\"},\"datePublished\":\"2020-11-03T09:47:19+00:00\",\"dateModified\":\"2020-11-03T09:54:45+00:00\",\"author\":{\"@id\":\"https:\/\/franciscanos.org.br\/noticias\/#\/schema\/person\/b5c8cba458c330ccff548b056e95a5d4\"},\"breadcrumb\":{\"@id\":\"https:\/\/franciscanos.org.br\/noticias\/a-enfermidade-na-vida-de-sao-francisco-e-nos-escritos-franciscanos-por-frei-francesco-patton.html#breadcrumb\"},\"inLanguage\":\"pt-BR\",\"potentialAction\":[{\"@type\":\"ReadAction\",\"target\":[\"https:\/\/franciscanos.org.br\/noticias\/a-enfermidade-na-vida-de-sao-francisco-e-nos-escritos-franciscanos-por-frei-francesco-patton.html\"]}]},{\"@type\":\"BreadcrumbList\",\"@id\":\"https:\/\/franciscanos.org.br\/noticias\/a-enfermidade-na-vida-de-sao-francisco-e-nos-escritos-franciscanos-por-frei-francesco-patton.html#breadcrumb\",\"itemListElement\":[{\"@type\":\"ListItem\",\"position\":1,\"name\":\"Home\",\"item\":\"https:\/\/franciscanos.org.br\/noticias\"},{\"@type\":\"ListItem\",\"position\":2,\"name\":\"&#8220;A enfermidade na vida de S\u00e3o Francisco e nos escritos franciscanos&#8221;, por Frei Francesco Patton\"}]},{\"@type\":\"Person\",\"@id\":\"https:\/\/franciscanos.org.br\/noticias\/#\/schema\/person\/b5c8cba458c330ccff548b056e95a5d4\",\"name\":\"moacir\",\"image\":{\"@type\":\"ImageObject\",\"inLanguage\":\"pt-BR\",\"@id\":\"https:\/\/franciscanos.org.br\/noticias\/#\/schema\/person\/image\/\",\"url\":\"https:\/\/secure.gravatar.com\/avatar\/d08aa2ce4c8dd416d4479aa8536fcf64?s=96&d=mm&r=g\",\"contentUrl\":\"https:\/\/secure.gravatar.com\/avatar\/d08aa2ce4c8dd416d4479aa8536fcf64?s=96&d=mm&r=g\",\"caption\":\"moacir\"},\"url\":\"https:\/\/franciscanos.org.br\/noticias\/author\/moacir\"}]}<\/script>\n<!-- \/ Yoast SEO plugin. -->","yoast_head_json":{"title":"\"A enfermidade na vida de S\u00e3o Francisco e nos escritos franciscanos\", por Frei Francesco Patton - Not\u00edcias - Franciscanos","robots":{"index":"index","follow":"follow","max-snippet":"max-snippet:-1","max-image-preview":"max-image-preview:large","max-video-preview":"max-video-preview:-1"},"canonical":"https:\/\/franciscanos.org.br\/noticias\/a-enfermidade-na-vida-de-sao-francisco-e-nos-escritos-franciscanos-por-frei-francesco-patton.html","og_locale":"pt_BR","og_type":"article","og_title":"\"A enfermidade na vida de S\u00e3o Francisco e nos escritos franciscanos\", por Frei Francesco Patton - Not\u00edcias - Franciscanos","og_description":"Cust\u00f3dia da Terra Santa","og_url":"https:\/\/franciscanos.org.br\/noticias\/a-enfermidade-na-vida-de-sao-francisco-e-nos-escritos-franciscanos-por-frei-francesco-patton.html","og_site_name":"Not\u00edcias - Franciscanos","article_published_time":"2020-11-03T09:47:19+00:00","article_modified_time":"2020-11-03T09:54:45+00:00","og_image":[{"width":800,"height":601,"url":"https:\/\/franciscanos.org.br\/noticias\/wp-content\/uploads\/2020\/11\/patton_d.gif","type":"image\/gif"}],"author":"moacir","twitter_card":"summary_large_image","twitter_misc":{"Escrito por":"moacir","Est. tempo de leitura":"8 minutos"},"schema":{"@context":"https:\/\/schema.org","@graph":[{"@type":"WebSite","@id":"https:\/\/franciscanos.org.br\/noticias\/#website","url":"https:\/\/franciscanos.org.br\/noticias\/","name":"Not\u00edcias - Franciscanos","description":"Prov\u00edncia Franciscana da Imaculada Concei\u00e7\u00e3o do Brasil - Ordem dos Frades Menores - OFM","potentialAction":[{"@type":"SearchAction","target":{"@type":"EntryPoint","urlTemplate":"https:\/\/franciscanos.org.br\/noticias\/?s={search_term_string}"},"query-input":"required name=search_term_string"}],"inLanguage":"pt-BR"},{"@type":"ImageObject","inLanguage":"pt-BR","@id":"https:\/\/franciscanos.org.br\/noticias\/a-enfermidade-na-vida-de-sao-francisco-e-nos-escritos-franciscanos-por-frei-francesco-patton.html#primaryimage","url":"https:\/\/franciscanos.org.br\/noticias\/wp-content\/uploads\/2020\/11\/patton_d.gif","contentUrl":"https:\/\/franciscanos.org.br\/noticias\/wp-content\/uploads\/2020\/11\/patton_d.gif","width":800,"height":601},{"@type":"WebPage","@id":"https:\/\/franciscanos.org.br\/noticias\/a-enfermidade-na-vida-de-sao-francisco-e-nos-escritos-franciscanos-por-frei-francesco-patton.html#webpage","url":"https:\/\/franciscanos.org.br\/noticias\/a-enfermidade-na-vida-de-sao-francisco-e-nos-escritos-franciscanos-por-frei-francesco-patton.html","name":"\"A enfermidade na vida de S\u00e3o Francisco e nos escritos franciscanos\", por Frei Francesco Patton - Not\u00edcias - Franciscanos","isPartOf":{"@id":"https:\/\/franciscanos.org.br\/noticias\/#website"},"primaryImageOfPage":{"@id":"https:\/\/franciscanos.org.br\/noticias\/a-enfermidade-na-vida-de-sao-francisco-e-nos-escritos-franciscanos-por-frei-francesco-patton.html#primaryimage"},"datePublished":"2020-11-03T09:47:19+00:00","dateModified":"2020-11-03T09:54:45+00:00","author":{"@id":"https:\/\/franciscanos.org.br\/noticias\/#\/schema\/person\/b5c8cba458c330ccff548b056e95a5d4"},"breadcrumb":{"@id":"https:\/\/franciscanos.org.br\/noticias\/a-enfermidade-na-vida-de-sao-francisco-e-nos-escritos-franciscanos-por-frei-francesco-patton.html#breadcrumb"},"inLanguage":"pt-BR","potentialAction":[{"@type":"ReadAction","target":["https:\/\/franciscanos.org.br\/noticias\/a-enfermidade-na-vida-de-sao-francisco-e-nos-escritos-franciscanos-por-frei-francesco-patton.html"]}]},{"@type":"BreadcrumbList","@id":"https:\/\/franciscanos.org.br\/noticias\/a-enfermidade-na-vida-de-sao-francisco-e-nos-escritos-franciscanos-por-frei-francesco-patton.html#breadcrumb","itemListElement":[{"@type":"ListItem","position":1,"name":"Home","item":"https:\/\/franciscanos.org.br\/noticias"},{"@type":"ListItem","position":2,"name":"&#8220;A enfermidade na vida de S\u00e3o Francisco e nos escritos franciscanos&#8221;, por Frei Francesco Patton"}]},{"@type":"Person","@id":"https:\/\/franciscanos.org.br\/noticias\/#\/schema\/person\/b5c8cba458c330ccff548b056e95a5d4","name":"moacir","image":{"@type":"ImageObject","inLanguage":"pt-BR","@id":"https:\/\/franciscanos.org.br\/noticias\/#\/schema\/person\/image\/","url":"https:\/\/secure.gravatar.com\/avatar\/d08aa2ce4c8dd416d4479aa8536fcf64?s=96&d=mm&r=g","contentUrl":"https:\/\/secure.gravatar.com\/avatar\/d08aa2ce4c8dd416d4479aa8536fcf64?s=96&d=mm&r=g","caption":"moacir"},"url":"https:\/\/franciscanos.org.br\/noticias\/author\/moacir"}]}},"_links":{"self":[{"href":"https:\/\/franciscanos.org.br\/noticias\/wp-json\/wp\/v2\/posts\/229026"}],"collection":[{"href":"https:\/\/franciscanos.org.br\/noticias\/wp-json\/wp\/v2\/posts"}],"about":[{"href":"https:\/\/franciscanos.org.br\/noticias\/wp-json\/wp\/v2\/types\/post"}],"author":[{"embeddable":true,"href":"https:\/\/franciscanos.org.br\/noticias\/wp-json\/wp\/v2\/users\/3"}],"replies":[{"embeddable":true,"href":"https:\/\/franciscanos.org.br\/noticias\/wp-json\/wp\/v2\/comments?post=229026"}],"version-history":[{"count":4,"href":"https:\/\/franciscanos.org.br\/noticias\/wp-json\/wp\/v2\/posts\/229026\/revisions"}],"predecessor-version":[{"id":229032,"href":"https:\/\/franciscanos.org.br\/noticias\/wp-json\/wp\/v2\/posts\/229026\/revisions\/229032"}],"wp:featuredmedia":[{"embeddable":true,"href":"https:\/\/franciscanos.org.br\/noticias\/wp-json\/wp\/v2\/media\/229028"}],"wp:attachment":[{"href":"https:\/\/franciscanos.org.br\/noticias\/wp-json\/wp\/v2\/media?parent=229026"}],"wp:term":[{"taxonomy":"category","embeddable":true,"href":"https:\/\/franciscanos.org.br\/noticias\/wp-json\/wp\/v2\/categories?post=229026"},{"taxonomy":"post_tag","embeddable":true,"href":"https:\/\/franciscanos.org.br\/noticias\/wp-json\/wp\/v2\/tags?post=229026"}],"curies":[{"name":"wp","href":"https:\/\/api.w.org\/{rel}","templated":true}]}}