{"id":229002,"date":"2020-11-02T15:19:58","date_gmt":"2020-11-02T18:19:58","guid":{"rendered":"https:\/\/franciscanos.org.br\/noticias\/?p=229002"},"modified":"2020-11-08T11:22:56","modified_gmt":"2020-11-08T14:22:56","slug":"dom-gregorio-exorta-sejamos-capazes-de-amar-nao-apenas-aqueles-que-partiram-mas-aqueles-que-estao-aqui","status":"publish","type":"post","link":"https:\/\/franciscanos.org.br\/noticias\/dom-gregorio-exorta-sejamos-capazes-de-amar-nao-apenas-aqueles-que-partiram-mas-aqueles-que-estao-aqui.html","title":{"rendered":"D. Greg\u00f3rio: \u201cSejamos capazes de amar n\u00e3o apenas aqueles que partiram, mas aqueles que est\u00e3o aqui\u201d"},"content":{"rendered":"<p><img loading=\"lazy\" class=\"alignnone wp-image-229003 size-full\" src=\"https:\/\/franciscanos.org.br\/noticias\/wp-content\/uploads\/2020\/11\/petropolis_0211.jpg\" alt=\"\" width=\"1280\" height=\"720\" srcset=\"https:\/\/franciscanos.org.br\/noticias\/wp-content\/uploads\/2020\/11\/petropolis_0211.jpg 1280w, https:\/\/franciscanos.org.br\/noticias\/wp-content\/uploads\/2020\/11\/petropolis_0211-450x253.jpg 450w, https:\/\/franciscanos.org.br\/noticias\/wp-content\/uploads\/2020\/11\/petropolis_0211-1024x576.jpg 1024w, https:\/\/franciscanos.org.br\/noticias\/wp-content\/uploads\/2020\/11\/petropolis_0211-768x432.jpg 768w, https:\/\/franciscanos.org.br\/noticias\/wp-content\/uploads\/2020\/11\/petropolis_0211-150x84.jpg 150w\" sizes=\"(max-width: 1280px) 100vw, 1280px\" \/><\/p>\n<p><strong>Frei Augusto Luiz Gabriel<\/strong><\/p>\n<p><strong>Petr\u00f3polis (RJ) &#8211;<\/strong> Os frades da Fraternidade Franciscana do Sagrado Cora\u00e7\u00e3o de Jesus de Petr\u00f3polis (RJ) aderiram ao pedido da Igreja do Brasil e plantaram uma \u00e1rvore neste dia 2 de novembro em mem\u00f3ria das mais de 160 mil v\u00edtimas da Covid-19 e em prol do cuidado pela Casa Comum.<\/p>\n<p>Reunidos em frente ao mausol\u00e9u interno do convento, o dia come\u00e7ou \u00e0s 8 horas com a ora\u00e7\u00e3o do of\u00edcio das <em>Laudes<\/em>. Com velas acesas, os frades fizeram mem\u00f3ria e rezaram por in\u00fameros frades, familiares e conhecidos que faleceram nestes \u00faltimos tempos. Al\u00e9m disso, a celebra\u00e7\u00e3o recordou os frades que na Fraternidade do Sagrado residiram e est\u00e3o sepultados no cemit\u00e9rio interno da casa, como o Frei Constantino Koser, Frei F\u00e1bio Panini, Frei Ant\u00f4nio Moser, Frei Alberto Beckh\u00e4user, Frei Joel Sgarbossa, Frei Lu\u00eds Reinke e muitos outros. J\u00e1 h\u00e1 muito tempo uma das miss\u00f5es dos religiosos na Par\u00f3quia do Sagrado \u00e9 fazer a celebra\u00e7\u00e3o di\u00e1ria das ex\u00e9quias.<\/p>\n<p><img loading=\"lazy\" class=\"alignnone wp-image-229004 size-full\" src=\"https:\/\/franciscanos.org.br\/noticias\/wp-content\/uploads\/2020\/11\/petropolis_0211_1.jpg\" alt=\"\" width=\"1280\" height=\"853\" srcset=\"https:\/\/franciscanos.org.br\/noticias\/wp-content\/uploads\/2020\/11\/petropolis_0211_1.jpg 1280w, https:\/\/franciscanos.org.br\/noticias\/wp-content\/uploads\/2020\/11\/petropolis_0211_1-450x300.jpg 450w, https:\/\/franciscanos.org.br\/noticias\/wp-content\/uploads\/2020\/11\/petropolis_0211_1-1024x682.jpg 1024w, https:\/\/franciscanos.org.br\/noticias\/wp-content\/uploads\/2020\/11\/petropolis_0211_1-768x512.jpg 768w, https:\/\/franciscanos.org.br\/noticias\/wp-content\/uploads\/2020\/11\/petropolis_0211_1-150x100.jpg 150w\" sizes=\"(max-width: 1280px) 100vw, 1280px\" \/><\/p>\n<p>J\u00e1 no morro do convento, ao lado da quadra de esportes, os religiosos plantaram um ip\u00ea amarelo, planta caracter\u00edstica da regi\u00e3o. Frei Ivo M\u00fcller, Vig\u00e1rio Paroquial, conduziu este momento e ressaltou a import\u00e2ncia do gesto e do cuidado da Cria\u00e7\u00e3o. Segundo ele, este ip\u00ea representa o compromisso com a Casa Comum e a f\u00e9 manifestada no Deus da vida. Outras duas mudas de ip\u00ea rosa e ip\u00ea roxo foram plantadas no terreno do convento.<\/p>\n<p><strong>SEJAMOS CAPAZES DE AMAR<\/strong><\/p>\n<p>O Bispo da Diocese de Petr\u00f3polis (RJ), Dom Greg\u00f3rio Paix\u00e3o, OSB, escolheu a Igreja do Sagrado Cora\u00e7\u00e3o de Jesus para celebrar o Dia de Finados. A Santa Missa, \u00e0s 10 horas, contou com os fi\u00e9is obedecendo as normas sanit\u00e1rias e o coral dos frades estudantes, sob reg\u00eancia do mestre do Tempo da Teologia, Frei Marcos Ant\u00f4nio de Andrade. O p\u00e1roco Frei Jorge Paulo Schiavini concelebrou a Santa Missa. Tradicionalmente, esta celebra\u00e7\u00e3o se realiza no Cemit\u00e9rio Municipal, mas neste ano foi cancelada para evitar aglomera\u00e7\u00f5es.<\/p>\n<p>\u201cHoje nosso cora\u00e7\u00e3o se recorda daqueles irm\u00e3os e irm\u00e3s que partiram para a eternidade. Desejamos nos colocar diante do Senhor agradecendo por tantos irm\u00e3os e irm\u00e3s que caminharam conosco. Ao mesmo tempo, queremos colocar ao altar do Senhor as 160 mil v\u00edtimas do coronav\u00edrus no Brasil, como tamb\u00e9m do mundo inteiro. Fazemos mem\u00f3ria nesta manh\u00e3 das inten\u00e7\u00f5es que cada um traz no seu cora\u00e7\u00e3o, de modo especial, nossos parentes, amigos e benfeitores\u201d, disse Dom Greg\u00f3rio no in\u00edcio da celebra\u00e7\u00e3o.<\/p>\n<p><img loading=\"lazy\" class=\"alignnone wp-image-229005 size-full\" src=\"https:\/\/franciscanos.org.br\/noticias\/wp-content\/uploads\/2020\/11\/petropolis_0211_2.jpg\" alt=\"\" width=\"1280\" height=\"853\" srcset=\"https:\/\/franciscanos.org.br\/noticias\/wp-content\/uploads\/2020\/11\/petropolis_0211_2.jpg 1280w, https:\/\/franciscanos.org.br\/noticias\/wp-content\/uploads\/2020\/11\/petropolis_0211_2-450x300.jpg 450w, https:\/\/franciscanos.org.br\/noticias\/wp-content\/uploads\/2020\/11\/petropolis_0211_2-1024x682.jpg 1024w, https:\/\/franciscanos.org.br\/noticias\/wp-content\/uploads\/2020\/11\/petropolis_0211_2-768x512.jpg 768w, https:\/\/franciscanos.org.br\/noticias\/wp-content\/uploads\/2020\/11\/petropolis_0211_2-150x100.jpg 150w\" sizes=\"(max-width: 1280px) 100vw, 1280px\" \/><\/p>\n<p>Em sua reflex\u00e3o, o bispo diocesano dirigiu palavras de esperan\u00e7a aos presentes. Para ele, quem j\u00e1 experimentou a partida de um ente querido, sabe que cada despedida gera sentimentos distintos. Explicou que a partida de uma m\u00e3e \u00e9 diferente da partida de um amigo ou de um conhecido, e que s\u00e3o as experi\u00eancias de luto que preparam para um dia todos fazerem a passagem para a vida eterna.<\/p>\n<p>\u201cOra, a experi\u00eancia da morte n\u00e3o \u00e9 apenas uma experi\u00eancia vivida por n\u00f3s. Ela foi vivida tamb\u00e9m por Jesus Cristo. E Ele chorou porque sabia que iria para o Pai, mas tamb\u00e9m chorou pela saudade daqueles homens e mulheres que Ele amou de cora\u00e7\u00e3o e paix\u00e3o\u201d, disse, acrescentando: \u201cQuem \u00e9 capaz de amar de verdade \u00e9 capaz tamb\u00e9m de chorar de verdade\u201d.<\/p>\n<p>Segundo Dom Greg\u00f3rio, quando experimentamos a morte na vida do outro, estamos aprendendo a sabedoria da vida. Para ele, tudo \u00e9 passageiro e a vida \u00e9 curta em compara\u00e7\u00e3o com a outra vida \u201cque n\u00f3s denominamos de eternidade\u201d.<\/p>\n<p><img loading=\"lazy\" class=\"alignnone wp-image-229007 size-full\" src=\"https:\/\/franciscanos.org.br\/noticias\/wp-content\/uploads\/2020\/11\/finados_0211_3.jpg\" alt=\"\" width=\"1280\" height=\"853\" srcset=\"https:\/\/franciscanos.org.br\/noticias\/wp-content\/uploads\/2020\/11\/finados_0211_3.jpg 1280w, https:\/\/franciscanos.org.br\/noticias\/wp-content\/uploads\/2020\/11\/finados_0211_3-450x300.jpg 450w, https:\/\/franciscanos.org.br\/noticias\/wp-content\/uploads\/2020\/11\/finados_0211_3-1024x682.jpg 1024w, https:\/\/franciscanos.org.br\/noticias\/wp-content\/uploads\/2020\/11\/finados_0211_3-768x512.jpg 768w, https:\/\/franciscanos.org.br\/noticias\/wp-content\/uploads\/2020\/11\/finados_0211_3-150x100.jpg 150w\" sizes=\"(max-width: 1280px) 100vw, 1280px\" \/><\/p>\n<p>Refletindo sobre o Evangelho do dia (Jo 12, 23-28), Dom Greg\u00f3rio disse que Jesus apresenta uma proposta nova. Segundo ele, Cristo nos prepara para a beleza da exist\u00eancia futura, transformado esta realidade em vista da outra, sabendo que nada nos separar\u00e1 do amor de Cristo. \u201cDeus sempre espera de n\u00f3s uma resposta nova dentro desta vida t\u00e3o limitada\u201d, lembrou.<\/p>\n<p>\u201cCaros irm\u00e3os e irm\u00e3s, n\u00f3s dever\u00edamos celebrar o dia de hoje com uma profunda alegria, com uma profunda esperan\u00e7a, embora com um cora\u00e7\u00e3o saudoso, porque Deus nos deu o pr\u00eamio da eternidade. A esperan\u00e7a deve ser sempre a \u00faltima resposta dada \u00e0 humanidade e foi essa resposta que Jesus Cristo nos deu! Assim, recordemos dos irm\u00e3os que partiram, daqueles que amaram a cada um de n\u00f3s, daqueles que fizeram o bem, ou daqueles que n\u00e3o conseguiram compreender o projeto de Deus para a sua exist\u00eancia. Cabe ao Senhor o julgamento, cabe a Deus a \u00faltima resposta e inegavelmente cabe a n\u00f3s perceber o qu\u00e3o fr\u00e1gil somos e qu\u00e3o limitada \u00e9 a nossa vida, mas qu\u00e3o grandiosa \u00e9 a hist\u00f3ria de Deus na nossa pr\u00f3pria exist\u00eancia, nos abrindo as portas do para\u00edso para que, com Ele, vivamos definitivamente\u201d, acentuou.<\/p>\n<p>Por fim, o celebrante lembrou que a vida \u00e9 passagem. \u201c\u00c9 um eterno caminhar e uma alegria perene para aqueles que foram capazes de entender Deus na sua exist\u00eancia terrena, para poder decifrar, na eternidade, o enigma que eternamente se abrir\u00e1 para n\u00f3s numa alegria definitiva\u201d, garantiu. \u201cVivamos com profunda f\u00e9 nossa vida. Olhemos para Jesus como uma porta para o caminho de felicidade definitiva. E enquanto n\u00e3o estamos l\u00e1, transformemos a nossa realidade que est\u00e1 em nosso entorno\u201d, pediu. Ele lembrou a recente Carta Enc\u00edclica do Papa Francisco que tem como t\u00edtulo \u201cSomos todos irm\u00e3os\u201d. \u201cO que Deus nos pede \u00e9 isso: sejamos capazes de amar n\u00e3o apenas aqueles que partiram, mas aqueles que est\u00e3o aqui\u201d.<\/p>\n<p><img loading=\"lazy\" class=\"alignnone wp-image-229006 size-full\" src=\"https:\/\/franciscanos.org.br\/noticias\/wp-content\/uploads\/2020\/11\/petropolis_0211_4.jpg\" alt=\"\" width=\"1280\" height=\"853\" srcset=\"https:\/\/franciscanos.org.br\/noticias\/wp-content\/uploads\/2020\/11\/petropolis_0211_4.jpg 1280w, https:\/\/franciscanos.org.br\/noticias\/wp-content\/uploads\/2020\/11\/petropolis_0211_4-450x300.jpg 450w, https:\/\/franciscanos.org.br\/noticias\/wp-content\/uploads\/2020\/11\/petropolis_0211_4-1024x682.jpg 1024w, https:\/\/franciscanos.org.br\/noticias\/wp-content\/uploads\/2020\/11\/petropolis_0211_4-768x512.jpg 768w, https:\/\/franciscanos.org.br\/noticias\/wp-content\/uploads\/2020\/11\/petropolis_0211_4-150x100.jpg 150w\" sizes=\"(max-width: 1280px) 100vw, 1280px\" \/><\/p>\n<p>\u201cOlhar para os que partiram \u00e9 olhar para n\u00f3s! A nossa vida \u00e9 fr\u00e1gil, por\u00e9m, n\u00f3s n\u00e3o podemos nos limitar a essa fragilidade, mas, na possibilidade de anteciparmos aqui na terra o para\u00edso que Deus nos deu e que nos pertence. E n\u00f3s devemos realiz\u00e1-lo desde j\u00e1, enquanto caminhamos para o outro lado. Que a esperan\u00e7a seja a pedra de toque de nossa vida e de toda exist\u00eancia humana e que n\u00f3s continuemos a nossa jornada, n\u00e3o mais com a limita\u00e7\u00e3o, mas com a vida que \u00e9 definitiva para aqueles que buscaram e agora se encontram plenamente no Deus da vida\u201d, concluiu.<\/p>\n<p>Ap\u00f3s a comunh\u00e3o, Frei Jorge agradeceu a presen\u00e7a de todos, especialmente de Dom Greg\u00f3rio. \u201cO senhor nos ajudou a vivermos com profundidade o dia de hoje\u201d, frisou. Dom Greg\u00f3rio tamb\u00e9m agradeceu. \u201cA voc\u00eas franciscanos o meu muito obrigado, principalmente pelo \u2018Apostolado da Esperan\u00e7a\u2019, que diariamente realizam junto aos que partem para a vida eterna.\u00a0 Ao falar da vida e ressurrei\u00e7\u00e3o voc\u00eas geram no cora\u00e7\u00e3o daqueles que choram a saudade de seus entes queridos a esperan\u00e7a\u201d, disse, encerrando a Celebra\u00e7\u00e3o Eucar\u00edstica com a solene b\u00ean\u00e7\u00e3o final.<\/p>\n<hr \/>\n<p style=\"text-align: center;\"><strong>VEJA MAIS IMAGENS DA CELEBRA\u00c7\u00c3O<\/strong><\/p>\n\n\t\t<style type=\"text\/css\">\n\t\t\t#gallery-1 {\n\t\t\t\tmargin: auto;\n\t\t\t}\n\t\t\t#gallery-1 .gallery-item {\n\t\t\t\tfloat: left;\n\t\t\t\tmargin-top: 10px;\n\t\t\t\ttext-align: center;\n\t\t\t\twidth: 20%;\n\t\t\t}\n\t\t\t#gallery-1 img {\n\t\t\t\tborder: 2px solid #cfcfcf;\n\t\t\t}\n\t\t\t#gallery-1 .gallery-caption {\n\t\t\t\tmargin-left: 0;\n\t\t\t}\n\t\t\t\/* see gallery_shortcode() in wp-includes\/media.php *\/\n\t\t<\/style>\n\t\t<div id='gallery-1' class='gallery galleryid-229002 gallery-columns-5 gallery-size-thumbnail'><dl class='gallery-item'>\n\t\t\t<dt class='gallery-icon landscape'>\n\t\t\t\t<a href='https:\/\/franciscanos.org.br\/noticias\/wp-content\/uploads\/2020\/11\/finados-1.jpg'><img width=\"300\" height=\"300\" src=\"https:\/\/franciscanos.org.br\/noticias\/wp-content\/uploads\/2020\/11\/finados-1-300x300.jpg\" class=\"attachment-thumbnail size-thumbnail\" alt=\"\" loading=\"lazy\" srcset=\"https:\/\/franciscanos.org.br\/noticias\/wp-content\/uploads\/2020\/11\/finados-1-300x300.jpg 300w, https:\/\/franciscanos.org.br\/noticias\/wp-content\/uploads\/2020\/11\/finados-1-100x100.jpg 100w\" sizes=\"(max-width: 300px) 100vw, 300px\" \/><\/a>\n\t\t\t<\/dt><\/dl><dl class='gallery-item'>\n\t\t\t<dt class='gallery-icon landscape'>\n\t\t\t\t<a href='https:\/\/franciscanos.org.br\/noticias\/wp-content\/uploads\/2020\/11\/finados-2.jpg'><img width=\"300\" height=\"300\" src=\"https:\/\/franciscanos.org.br\/noticias\/wp-content\/uploads\/2020\/11\/finados-2-300x300.jpg\" class=\"attachment-thumbnail size-thumbnail\" alt=\"\" loading=\"lazy\" srcset=\"https:\/\/franciscanos.org.br\/noticias\/wp-content\/uploads\/2020\/11\/finados-2-300x300.jpg 300w, https:\/\/franciscanos.org.br\/noticias\/wp-content\/uploads\/2020\/11\/finados-2-100x100.jpg 100w\" sizes=\"(max-width: 300px) 100vw, 300px\" \/><\/a>\n\t\t\t<\/dt><\/dl><dl class='gallery-item'>\n\t\t\t<dt class='gallery-icon landscape'>\n\t\t\t\t<a href='https:\/\/franciscanos.org.br\/noticias\/wp-content\/uploads\/2020\/11\/finados-3.jpg'><img width=\"300\" height=\"300\" src=\"https:\/\/franciscanos.org.br\/noticias\/wp-content\/uploads\/2020\/11\/finados-3-300x300.jpg\" class=\"attachment-thumbnail size-thumbnail\" alt=\"\" loading=\"lazy\" srcset=\"https:\/\/franciscanos.org.br\/noticias\/wp-content\/uploads\/2020\/11\/finados-3-300x300.jpg 300w, https:\/\/franciscanos.org.br\/noticias\/wp-content\/uploads\/2020\/11\/finados-3-100x100.jpg 100w\" sizes=\"(max-width: 300px) 100vw, 300px\" \/><\/a>\n\t\t\t<\/dt><\/dl><dl class='gallery-item'>\n\t\t\t<dt class='gallery-icon landscape'>\n\t\t\t\t<a href='https:\/\/franciscanos.org.br\/noticias\/wp-content\/uploads\/2020\/11\/finados-4.jpg'><img width=\"300\" height=\"300\" src=\"https:\/\/franciscanos.org.br\/noticias\/wp-content\/uploads\/2020\/11\/finados-4-300x300.jpg\" class=\"attachment-thumbnail size-thumbnail\" alt=\"\" loading=\"lazy\" srcset=\"https:\/\/franciscanos.org.br\/noticias\/wp-content\/uploads\/2020\/11\/finados-4-300x300.jpg 300w, https:\/\/franciscanos.org.br\/noticias\/wp-content\/uploads\/2020\/11\/finados-4-100x100.jpg 100w\" sizes=\"(max-width: 300px) 100vw, 300px\" \/><\/a>\n\t\t\t<\/dt><\/dl><dl class='gallery-item'>\n\t\t\t<dt class='gallery-icon landscape'>\n\t\t\t\t<a href='https:\/\/franciscanos.org.br\/noticias\/wp-content\/uploads\/2020\/11\/finados-5.jpg'><img width=\"300\" height=\"300\" src=\"https:\/\/franciscanos.org.br\/noticias\/wp-content\/uploads\/2020\/11\/finados-5-300x300.jpg\" class=\"attachment-thumbnail size-thumbnail\" alt=\"\" loading=\"lazy\" srcset=\"https:\/\/franciscanos.org.br\/noticias\/wp-content\/uploads\/2020\/11\/finados-5-300x300.jpg 300w, https:\/\/franciscanos.org.br\/noticias\/wp-content\/uploads\/2020\/11\/finados-5-100x100.jpg 100w\" sizes=\"(max-width: 300px) 100vw, 300px\" \/><\/a>\n\t\t\t<\/dt><\/dl><br style=\"clear: both\" \/><dl class='gallery-item'>\n\t\t\t<dt class='gallery-icon landscape'>\n\t\t\t\t<a href='https:\/\/franciscanos.org.br\/noticias\/wp-content\/uploads\/2020\/11\/finados-6.jpg'><img width=\"300\" height=\"300\" src=\"https:\/\/franciscanos.org.br\/noticias\/wp-content\/uploads\/2020\/11\/finados-6-300x300.jpg\" class=\"attachment-thumbnail size-thumbnail\" alt=\"\" loading=\"lazy\" srcset=\"https:\/\/franciscanos.org.br\/noticias\/wp-content\/uploads\/2020\/11\/finados-6-300x300.jpg 300w, https:\/\/franciscanos.org.br\/noticias\/wp-content\/uploads\/2020\/11\/finados-6-100x100.jpg 100w\" sizes=\"(max-width: 300px) 100vw, 300px\" \/><\/a>\n\t\t\t<\/dt><\/dl><dl class='gallery-item'>\n\t\t\t<dt class='gallery-icon landscape'>\n\t\t\t\t<a href='https:\/\/franciscanos.org.br\/noticias\/wp-content\/uploads\/2020\/11\/finados-7.jpg'><img width=\"300\" height=\"300\" src=\"https:\/\/franciscanos.org.br\/noticias\/wp-content\/uploads\/2020\/11\/finados-7-300x300.jpg\" class=\"attachment-thumbnail size-thumbnail\" alt=\"\" loading=\"lazy\" srcset=\"https:\/\/franciscanos.org.br\/noticias\/wp-content\/uploads\/2020\/11\/finados-7-300x300.jpg 300w, https:\/\/franciscanos.org.br\/noticias\/wp-content\/uploads\/2020\/11\/finados-7-100x100.jpg 100w\" sizes=\"(max-width: 300px) 100vw, 300px\" \/><\/a>\n\t\t\t<\/dt><\/dl><dl class='gallery-item'>\n\t\t\t<dt class='gallery-icon landscape'>\n\t\t\t\t<a href='https:\/\/franciscanos.org.br\/noticias\/wp-content\/uploads\/2020\/11\/finados-8.jpg'><img width=\"300\" height=\"300\" src=\"https:\/\/franciscanos.org.br\/noticias\/wp-content\/uploads\/2020\/11\/finados-8-300x300.jpg\" class=\"attachment-thumbnail size-thumbnail\" alt=\"\" loading=\"lazy\" srcset=\"https:\/\/franciscanos.org.br\/noticias\/wp-content\/uploads\/2020\/11\/finados-8-300x300.jpg 300w, https:\/\/franciscanos.org.br\/noticias\/wp-content\/uploads\/2020\/11\/finados-8-100x100.jpg 100w\" sizes=\"(max-width: 300px) 100vw, 300px\" \/><\/a>\n\t\t\t<\/dt><\/dl><dl class='gallery-item'>\n\t\t\t<dt class='gallery-icon landscape'>\n\t\t\t\t<a href='https:\/\/franciscanos.org.br\/noticias\/wp-content\/uploads\/2020\/11\/finados-10.jpg'><img width=\"300\" height=\"300\" src=\"https:\/\/franciscanos.org.br\/noticias\/wp-content\/uploads\/2020\/11\/finados-10-300x300.jpg\" class=\"attachment-thumbnail size-thumbnail\" alt=\"\" loading=\"lazy\" srcset=\"https:\/\/franciscanos.org.br\/noticias\/wp-content\/uploads\/2020\/11\/finados-10-300x300.jpg 300w, https:\/\/franciscanos.org.br\/noticias\/wp-content\/uploads\/2020\/11\/finados-10-100x100.jpg 100w\" sizes=\"(max-width: 300px) 100vw, 300px\" \/><\/a>\n\t\t\t<\/dt><\/dl><dl class='gallery-item'>\n\t\t\t<dt class='gallery-icon landscape'>\n\t\t\t\t<a href='https:\/\/franciscanos.org.br\/noticias\/wp-content\/uploads\/2020\/11\/finados-11.jpg'><img width=\"300\" height=\"300\" src=\"https:\/\/franciscanos.org.br\/noticias\/wp-content\/uploads\/2020\/11\/finados-11-300x300.jpg\" class=\"attachment-thumbnail size-thumbnail\" alt=\"\" loading=\"lazy\" srcset=\"https:\/\/franciscanos.org.br\/noticias\/wp-content\/uploads\/2020\/11\/finados-11-300x300.jpg 300w, https:\/\/franciscanos.org.br\/noticias\/wp-content\/uploads\/2020\/11\/finados-11-100x100.jpg 100w\" sizes=\"(max-width: 300px) 100vw, 300px\" \/><\/a>\n\t\t\t<\/dt><\/dl><br style=\"clear: both\" \/>\n\t\t<\/div>\n\n","protected":false},"excerpt":{"rendered":"<p>Par\u00f3quia do Sagrado Cora\u00e7\u00e3o de Jesus de Petr\u00f3polis<\/p>\n","protected":false},"author":5,"featured_media":229019,"comment_status":"open","ping_status":"open","sticky":false,"template":"","format":"standard","meta":[],"categories":[1],"tags":[489,1766,190],"acf":[],"yoast_head":"<!-- This site is optimized with the Yoast SEO plugin v19.2 - https:\/\/yoast.com\/wordpress\/plugins\/seo\/ -->\n<title>D. Greg\u00f3rio: \u201cSejamos capazes de amar n\u00e3o apenas aqueles que partiram, mas aqueles que est\u00e3o aqui\u201d - Not\u00edcias - Franciscanos<\/title>\n<meta name=\"robots\" content=\"index, follow, max-snippet:-1, max-image-preview:large, max-video-preview:-1\" \/>\n<link rel=\"canonical\" href=\"https:\/\/franciscanos.org.br\/noticias\/dom-gregorio-exorta-sejamos-capazes-de-amar-nao-apenas-aqueles-que-partiram-mas-aqueles-que-estao-aqui.html\" \/>\n<meta property=\"og:locale\" content=\"pt_BR\" \/>\n<meta property=\"og:type\" content=\"article\" \/>\n<meta property=\"og:title\" content=\"D. Greg\u00f3rio: \u201cSejamos capazes de amar n\u00e3o apenas aqueles que partiram, mas aqueles que est\u00e3o aqui\u201d - Not\u00edcias - Franciscanos\" \/>\n<meta property=\"og:description\" content=\"Par\u00f3quia do Sagrado Cora\u00e7\u00e3o de Jesus de Petr\u00f3polis\" \/>\n<meta property=\"og:url\" content=\"https:\/\/franciscanos.org.br\/noticias\/dom-gregorio-exorta-sejamos-capazes-de-amar-nao-apenas-aqueles-que-partiram-mas-aqueles-que-estao-aqui.html\" \/>\n<meta property=\"og:site_name\" content=\"Not\u00edcias - Franciscanos\" \/>\n<meta property=\"article:published_time\" content=\"2020-11-02T18:19:58+00:00\" \/>\n<meta property=\"article:modified_time\" content=\"2020-11-08T14:22:56+00:00\" \/>\n<meta property=\"og:image\" content=\"https:\/\/franciscanos.org.br\/noticias\/wp-content\/uploads\/2020\/11\/petropolis_0211d.jpg\" \/>\n\t<meta property=\"og:image:width\" content=\"800\" \/>\n\t<meta property=\"og:image:height\" content=\"600\" \/>\n\t<meta property=\"og:image:type\" content=\"image\/jpeg\" \/>\n<meta name=\"author\" content=\"freiaugusto\" \/>\n<meta name=\"twitter:card\" content=\"summary_large_image\" \/>\n<meta name=\"twitter:label1\" content=\"Escrito por\" \/>\n\t<meta name=\"twitter:data1\" content=\"freiaugusto\" \/>\n\t<meta name=\"twitter:label2\" content=\"Est. tempo de leitura\" \/>\n\t<meta name=\"twitter:data2\" content=\"6 minutos\" \/>\n<script type=\"application\/ld+json\" class=\"yoast-schema-graph\">{\"@context\":\"https:\/\/schema.org\",\"@graph\":[{\"@type\":\"WebSite\",\"@id\":\"https:\/\/franciscanos.org.br\/noticias\/#website\",\"url\":\"https:\/\/franciscanos.org.br\/noticias\/\",\"name\":\"Not\u00edcias - Franciscanos\",\"description\":\"Prov\u00edncia Franciscana da Imaculada Concei\u00e7\u00e3o do Brasil - Ordem dos Frades Menores - OFM\",\"potentialAction\":[{\"@type\":\"SearchAction\",\"target\":{\"@type\":\"EntryPoint\",\"urlTemplate\":\"https:\/\/franciscanos.org.br\/noticias\/?s={search_term_string}\"},\"query-input\":\"required name=search_term_string\"}],\"inLanguage\":\"pt-BR\"},{\"@type\":\"ImageObject\",\"inLanguage\":\"pt-BR\",\"@id\":\"https:\/\/franciscanos.org.br\/noticias\/dom-gregorio-exorta-sejamos-capazes-de-amar-nao-apenas-aqueles-que-partiram-mas-aqueles-que-estao-aqui.html#primaryimage\",\"url\":\"https:\/\/franciscanos.org.br\/noticias\/wp-content\/uploads\/2020\/11\/petropolis_0211d.jpg\",\"contentUrl\":\"https:\/\/franciscanos.org.br\/noticias\/wp-content\/uploads\/2020\/11\/petropolis_0211d.jpg\",\"width\":800,\"height\":600},{\"@type\":\"WebPage\",\"@id\":\"https:\/\/franciscanos.org.br\/noticias\/dom-gregorio-exorta-sejamos-capazes-de-amar-nao-apenas-aqueles-que-partiram-mas-aqueles-que-estao-aqui.html#webpage\",\"url\":\"https:\/\/franciscanos.org.br\/noticias\/dom-gregorio-exorta-sejamos-capazes-de-amar-nao-apenas-aqueles-que-partiram-mas-aqueles-que-estao-aqui.html\",\"name\":\"D. Greg\u00f3rio: \u201cSejamos capazes de amar n\u00e3o apenas aqueles que partiram, mas aqueles que est\u00e3o aqui\u201d - Not\u00edcias - Franciscanos\",\"isPartOf\":{\"@id\":\"https:\/\/franciscanos.org.br\/noticias\/#website\"},\"primaryImageOfPage\":{\"@id\":\"https:\/\/franciscanos.org.br\/noticias\/dom-gregorio-exorta-sejamos-capazes-de-amar-nao-apenas-aqueles-que-partiram-mas-aqueles-que-estao-aqui.html#primaryimage\"},\"datePublished\":\"2020-11-02T18:19:58+00:00\",\"dateModified\":\"2020-11-08T14:22:56+00:00\",\"author\":{\"@id\":\"https:\/\/franciscanos.org.br\/noticias\/#\/schema\/person\/37f88f0d111cd5358b12a6556a99eb91\"},\"breadcrumb\":{\"@id\":\"https:\/\/franciscanos.org.br\/noticias\/dom-gregorio-exorta-sejamos-capazes-de-amar-nao-apenas-aqueles-que-partiram-mas-aqueles-que-estao-aqui.html#breadcrumb\"},\"inLanguage\":\"pt-BR\",\"potentialAction\":[{\"@type\":\"ReadAction\",\"target\":[\"https:\/\/franciscanos.org.br\/noticias\/dom-gregorio-exorta-sejamos-capazes-de-amar-nao-apenas-aqueles-que-partiram-mas-aqueles-que-estao-aqui.html\"]}]},{\"@type\":\"BreadcrumbList\",\"@id\":\"https:\/\/franciscanos.org.br\/noticias\/dom-gregorio-exorta-sejamos-capazes-de-amar-nao-apenas-aqueles-que-partiram-mas-aqueles-que-estao-aqui.html#breadcrumb\",\"itemListElement\":[{\"@type\":\"ListItem\",\"position\":1,\"name\":\"Home\",\"item\":\"https:\/\/franciscanos.org.br\/noticias\"},{\"@type\":\"ListItem\",\"position\":2,\"name\":\"D. Greg\u00f3rio: \u201cSejamos capazes de amar n\u00e3o apenas aqueles que partiram, mas aqueles que est\u00e3o aqui\u201d\"}]},{\"@type\":\"Person\",\"@id\":\"https:\/\/franciscanos.org.br\/noticias\/#\/schema\/person\/37f88f0d111cd5358b12a6556a99eb91\",\"name\":\"freiaugusto\",\"image\":{\"@type\":\"ImageObject\",\"inLanguage\":\"pt-BR\",\"@id\":\"https:\/\/franciscanos.org.br\/noticias\/#\/schema\/person\/image\/\",\"url\":\"https:\/\/secure.gravatar.com\/avatar\/9840b940e621801b24f3e6b059efb4b7?s=96&d=mm&r=g\",\"contentUrl\":\"https:\/\/secure.gravatar.com\/avatar\/9840b940e621801b24f3e6b059efb4b7?s=96&d=mm&r=g\",\"caption\":\"freiaugusto\"},\"url\":\"https:\/\/franciscanos.org.br\/noticias\/author\/freiaugusto\"}]}<\/script>\n<!-- \/ Yoast SEO plugin. -->","yoast_head_json":{"title":"D. Greg\u00f3rio: \u201cSejamos capazes de amar n\u00e3o apenas aqueles que partiram, mas aqueles que est\u00e3o aqui\u201d - Not\u00edcias - Franciscanos","robots":{"index":"index","follow":"follow","max-snippet":"max-snippet:-1","max-image-preview":"max-image-preview:large","max-video-preview":"max-video-preview:-1"},"canonical":"https:\/\/franciscanos.org.br\/noticias\/dom-gregorio-exorta-sejamos-capazes-de-amar-nao-apenas-aqueles-que-partiram-mas-aqueles-que-estao-aqui.html","og_locale":"pt_BR","og_type":"article","og_title":"D. Greg\u00f3rio: \u201cSejamos capazes de amar n\u00e3o apenas aqueles que partiram, mas aqueles que est\u00e3o aqui\u201d - Not\u00edcias - Franciscanos","og_description":"Par\u00f3quia do Sagrado Cora\u00e7\u00e3o de Jesus de Petr\u00f3polis","og_url":"https:\/\/franciscanos.org.br\/noticias\/dom-gregorio-exorta-sejamos-capazes-de-amar-nao-apenas-aqueles-que-partiram-mas-aqueles-que-estao-aqui.html","og_site_name":"Not\u00edcias - Franciscanos","article_published_time":"2020-11-02T18:19:58+00:00","article_modified_time":"2020-11-08T14:22:56+00:00","og_image":[{"width":800,"height":600,"url":"https:\/\/franciscanos.org.br\/noticias\/wp-content\/uploads\/2020\/11\/petropolis_0211d.jpg","type":"image\/jpeg"}],"author":"freiaugusto","twitter_card":"summary_large_image","twitter_misc":{"Escrito por":"freiaugusto","Est. tempo de leitura":"6 minutos"},"schema":{"@context":"https:\/\/schema.org","@graph":[{"@type":"WebSite","@id":"https:\/\/franciscanos.org.br\/noticias\/#website","url":"https:\/\/franciscanos.org.br\/noticias\/","name":"Not\u00edcias - Franciscanos","description":"Prov\u00edncia Franciscana da Imaculada Concei\u00e7\u00e3o do Brasil - Ordem dos Frades Menores - OFM","potentialAction":[{"@type":"SearchAction","target":{"@type":"EntryPoint","urlTemplate":"https:\/\/franciscanos.org.br\/noticias\/?s={search_term_string}"},"query-input":"required name=search_term_string"}],"inLanguage":"pt-BR"},{"@type":"ImageObject","inLanguage":"pt-BR","@id":"https:\/\/franciscanos.org.br\/noticias\/dom-gregorio-exorta-sejamos-capazes-de-amar-nao-apenas-aqueles-que-partiram-mas-aqueles-que-estao-aqui.html#primaryimage","url":"https:\/\/franciscanos.org.br\/noticias\/wp-content\/uploads\/2020\/11\/petropolis_0211d.jpg","contentUrl":"https:\/\/franciscanos.org.br\/noticias\/wp-content\/uploads\/2020\/11\/petropolis_0211d.jpg","width":800,"height":600},{"@type":"WebPage","@id":"https:\/\/franciscanos.org.br\/noticias\/dom-gregorio-exorta-sejamos-capazes-de-amar-nao-apenas-aqueles-que-partiram-mas-aqueles-que-estao-aqui.html#webpage","url":"https:\/\/franciscanos.org.br\/noticias\/dom-gregorio-exorta-sejamos-capazes-de-amar-nao-apenas-aqueles-que-partiram-mas-aqueles-que-estao-aqui.html","name":"D. Greg\u00f3rio: \u201cSejamos capazes de amar n\u00e3o apenas aqueles que partiram, mas aqueles que est\u00e3o aqui\u201d - Not\u00edcias - Franciscanos","isPartOf":{"@id":"https:\/\/franciscanos.org.br\/noticias\/#website"},"primaryImageOfPage":{"@id":"https:\/\/franciscanos.org.br\/noticias\/dom-gregorio-exorta-sejamos-capazes-de-amar-nao-apenas-aqueles-que-partiram-mas-aqueles-que-estao-aqui.html#primaryimage"},"datePublished":"2020-11-02T18:19:58+00:00","dateModified":"2020-11-08T14:22:56+00:00","author":{"@id":"https:\/\/franciscanos.org.br\/noticias\/#\/schema\/person\/37f88f0d111cd5358b12a6556a99eb91"},"breadcrumb":{"@id":"https:\/\/franciscanos.org.br\/noticias\/dom-gregorio-exorta-sejamos-capazes-de-amar-nao-apenas-aqueles-que-partiram-mas-aqueles-que-estao-aqui.html#breadcrumb"},"inLanguage":"pt-BR","potentialAction":[{"@type":"ReadAction","target":["https:\/\/franciscanos.org.br\/noticias\/dom-gregorio-exorta-sejamos-capazes-de-amar-nao-apenas-aqueles-que-partiram-mas-aqueles-que-estao-aqui.html"]}]},{"@type":"BreadcrumbList","@id":"https:\/\/franciscanos.org.br\/noticias\/dom-gregorio-exorta-sejamos-capazes-de-amar-nao-apenas-aqueles-que-partiram-mas-aqueles-que-estao-aqui.html#breadcrumb","itemListElement":[{"@type":"ListItem","position":1,"name":"Home","item":"https:\/\/franciscanos.org.br\/noticias"},{"@type":"ListItem","position":2,"name":"D. Greg\u00f3rio: \u201cSejamos capazes de amar n\u00e3o apenas aqueles que partiram, mas aqueles que est\u00e3o aqui\u201d"}]},{"@type":"Person","@id":"https:\/\/franciscanos.org.br\/noticias\/#\/schema\/person\/37f88f0d111cd5358b12a6556a99eb91","name":"freiaugusto","image":{"@type":"ImageObject","inLanguage":"pt-BR","@id":"https:\/\/franciscanos.org.br\/noticias\/#\/schema\/person\/image\/","url":"https:\/\/secure.gravatar.com\/avatar\/9840b940e621801b24f3e6b059efb4b7?s=96&d=mm&r=g","contentUrl":"https:\/\/secure.gravatar.com\/avatar\/9840b940e621801b24f3e6b059efb4b7?s=96&d=mm&r=g","caption":"freiaugusto"},"url":"https:\/\/franciscanos.org.br\/noticias\/author\/freiaugusto"}]}},"_links":{"self":[{"href":"https:\/\/franciscanos.org.br\/noticias\/wp-json\/wp\/v2\/posts\/229002"}],"collection":[{"href":"https:\/\/franciscanos.org.br\/noticias\/wp-json\/wp\/v2\/posts"}],"about":[{"href":"https:\/\/franciscanos.org.br\/noticias\/wp-json\/wp\/v2\/types\/post"}],"author":[{"embeddable":true,"href":"https:\/\/franciscanos.org.br\/noticias\/wp-json\/wp\/v2\/users\/5"}],"replies":[{"embeddable":true,"href":"https:\/\/franciscanos.org.br\/noticias\/wp-json\/wp\/v2\/comments?post=229002"}],"version-history":[{"count":4,"href":"https:\/\/franciscanos.org.br\/noticias\/wp-json\/wp\/v2\/posts\/229002\/revisions"}],"predecessor-version":[{"id":229023,"href":"https:\/\/franciscanos.org.br\/noticias\/wp-json\/wp\/v2\/posts\/229002\/revisions\/229023"}],"wp:featuredmedia":[{"embeddable":true,"href":"https:\/\/franciscanos.org.br\/noticias\/wp-json\/wp\/v2\/media\/229019"}],"wp:attachment":[{"href":"https:\/\/franciscanos.org.br\/noticias\/wp-json\/wp\/v2\/media?parent=229002"}],"wp:term":[{"taxonomy":"category","embeddable":true,"href":"https:\/\/franciscanos.org.br\/noticias\/wp-json\/wp\/v2\/categories?post=229002"},{"taxonomy":"post_tag","embeddable":true,"href":"https:\/\/franciscanos.org.br\/noticias\/wp-json\/wp\/v2\/tags?post=229002"}],"curies":[{"name":"wp","href":"https:\/\/api.w.org\/{rel}","templated":true}]}}