{"id":228997,"date":"2020-11-02T14:18:36","date_gmt":"2020-11-02T17:18:36","guid":{"rendered":"https:\/\/franciscanos.org.br\/noticias\/?p=228997"},"modified":"2021-07-05T20:13:23","modified_gmt":"2021-07-05T23:13:23","slug":"canarinhos-concerto-espiritual-de-finados-on-line","status":"publish","type":"post","link":"https:\/\/franciscanos.org.br\/noticias\/canarinhos-concerto-espiritual-de-finados-on-line.html","title":{"rendered":"Canarinhos: Concerto Espiritual de Finados &#8216;on-line&#8217;"},"content":{"rendered":"<p style=\"font-weight: 400;\"><img loading=\"lazy\" class=\"alignnone size-full wp-image-228998\" src=\"https:\/\/franciscanos.org.br\/noticias\/wp-content\/uploads\/2020\/11\/canarinhos.jpg\" alt=\"\" width=\"1280\" height=\"853\" srcset=\"https:\/\/franciscanos.org.br\/noticias\/wp-content\/uploads\/2020\/11\/canarinhos.jpg 1280w, https:\/\/franciscanos.org.br\/noticias\/wp-content\/uploads\/2020\/11\/canarinhos-450x300.jpg 450w, https:\/\/franciscanos.org.br\/noticias\/wp-content\/uploads\/2020\/11\/canarinhos-1024x682.jpg 1024w, https:\/\/franciscanos.org.br\/noticias\/wp-content\/uploads\/2020\/11\/canarinhos-768x512.jpg 768w, https:\/\/franciscanos.org.br\/noticias\/wp-content\/uploads\/2020\/11\/canarinhos-150x100.jpg 150w\" sizes=\"(max-width: 1280px) 100vw, 1280px\" \/><\/p>\n<p style=\"font-weight: 400;\">A tradi\u00e7\u00e3o do Instituto dos Meninos Cantores de Petr\u00f3polis e da Igreja do Sagrado Cora\u00e7\u00e3o de Jesus de homenagear os mortos por meio do Concerto Espiritual de Finados ser\u00e1 mantido mesmo diante da pandemia. A apresenta\u00e7\u00e3o deste ano ganhou um palco diferente e mais acess\u00edvel: a internet. O R\u00e9quiem de Faur\u00e9 apresentado em 2019 pelos corais dos Canarinhos de Petr\u00f3polis e das Meninas dos Canarinhos de Petr\u00f3polis e pela Orquestra Filarm\u00f4nica de Petr\u00f3polis foi reeditado e ser\u00e1 reapresentado nesta segunda-feira, dia 2, \u00e0s 19h, na p\u00e1gina dos Canarinhos no Facebook e na TV Franciscanos no YouTube.<\/p>\n<p><iframe loading=\"lazy\" src=\"https:\/\/www.youtube.com\/embed\/_rS97PL2Ohs\" width=\"100%\" height=\"480\" frameborder=\"0\" allowfullscreen=\"allowfullscreen\"><\/iframe><\/p>\n<p style=\"font-weight: 400;\">\u201cN\u00e3o pod\u00edamos perder a tradi\u00e7\u00e3o de realizar este momento de reflex\u00e3o que j\u00e1 acontece h\u00e1 cinco anos em parceria entre o IMCP e a par\u00f3quia do Sagrado. Al\u00e9m de recordarmos os parentes e amigos falecidos e nos solidarizar com a dor das fam\u00edlias, queremos levar, atrav\u00e9s da m\u00fasica, esperan\u00e7a e f\u00e9 nestes tempos t\u00e3o dif\u00edceis que o mundo est\u00e1 vivendo. Esta esperan\u00e7a \u00e9 o Cristo que est\u00e1 sempre ao nosso lado, apesar de todos os problemas\u201d, declarou o presidente do Instituto, frei Marcos.<\/p>\n<p style=\"font-weight: 400;\">Gabriel Faur\u00e9 comp\u00f4s seu Requiem no fim do s\u00e9culo XVIII e foi uma de suas maiores obras. Formada por sete movimentos, a obra foi feita para ser cantada por dois solistas (soprano e bar\u00edtono), coro misto acompanhado por orquestra e \u00f3rg\u00e3o. Segundo o pr\u00f3prio compositor, a obra seria dominada por um sentimento muito humano de f\u00e9 no descanso eterno.<\/p>\n<p style=\"font-weight: 400;\">\u201cEste \u00e9 o quinto ano consecutivo de apresenta\u00e7\u00e3o, mas com a diferen\u00e7a de estarmos na condi\u00e7\u00e3o de isolamento social. Ser\u00e1 uma transmiss\u00e3o do R\u00e9quiem de Faur\u00e9 que apresentamos em 2019 e esperamos levar mais uma vez essa mensagem de paz e esperan\u00e7a para todas as pessoas que ir\u00e3o nos assistir. Esperamos que em 2021 possamos estar ao vivo na igreja do Sagrado Cora\u00e7\u00e3o de Jesus para mais um Concerto Espiritual de Finados\u201d, comentou o diretor art\u00edstico do IMCP, o maestro Marco Aur\u00e9lio Lischt.<\/p>\n<p style=\"font-weight: 400;\">Mais informa\u00e7\u00f5es sobre o Instituto dos Meninos Cantores de Petr\u00f3polis podem ser consultadas pelos telefones\u00a0(24)981245356 e (24)99926-1820\u00a0ou no site\u00a0<a href=\"http:\/\/www.canarinhos.com.br\/\" data-saferedirecturl=\"https:\/\/www.google.com\/url?q=http:\/\/www.canarinhos.com.br\/&amp;source=gmail&amp;ust=1604423586165000&amp;usg=AFQjCNFl1FlJIV1vPwJ-1WF9G-EOB7r--w\">www.canarinhos.com.br<\/a>\u00a0.<\/p>\n<p style=\"font-weight: 400;\">\n","protected":false},"excerpt":{"rendered":"<p>Instituto dos Meninos Cantores de Petr\u00f3polis<\/p>\n","protected":false},"author":3,"featured_media":228999,"comment_status":"open","ping_status":"open","sticky":false,"template":"","format":"standard","meta":[],"categories":[1],"tags":[1378,1531,190],"acf":[],"yoast_head":"<!-- This site is optimized with the Yoast SEO plugin v19.2 - https:\/\/yoast.com\/wordpress\/plugins\/seo\/ -->\n<title>Canarinhos: Concerto Espiritual de Finados &#039;on-line&#039; - Not\u00edcias - Franciscanos<\/title>\n<meta name=\"robots\" content=\"index, follow, max-snippet:-1, max-image-preview:large, max-video-preview:-1\" \/>\n<link rel=\"canonical\" href=\"https:\/\/franciscanos.org.br\/noticias\/canarinhos-concerto-espiritual-de-finados-on-line.html\" \/>\n<meta property=\"og:locale\" content=\"pt_BR\" \/>\n<meta property=\"og:type\" content=\"article\" \/>\n<meta property=\"og:title\" content=\"Canarinhos: Concerto Espiritual de Finados &#039;on-line&#039; - Not\u00edcias - Franciscanos\" \/>\n<meta property=\"og:description\" content=\"Instituto dos Meninos Cantores de Petr\u00f3polis\" \/>\n<meta property=\"og:url\" content=\"https:\/\/franciscanos.org.br\/noticias\/canarinhos-concerto-espiritual-de-finados-on-line.html\" \/>\n<meta property=\"og:site_name\" content=\"Not\u00edcias - Franciscanos\" \/>\n<meta property=\"article:published_time\" content=\"2020-11-02T17:18:36+00:00\" \/>\n<meta property=\"article:modified_time\" content=\"2021-07-05T23:13:23+00:00\" \/>\n<meta property=\"og:image\" content=\"https:\/\/franciscanos.org.br\/noticias\/wp-content\/uploads\/2020\/11\/canarinhos_d.jpg\" \/>\n\t<meta property=\"og:image:width\" content=\"800\" \/>\n\t<meta property=\"og:image:height\" content=\"600\" \/>\n\t<meta property=\"og:image:type\" content=\"image\/jpeg\" \/>\n<meta name=\"author\" content=\"moacir\" \/>\n<meta name=\"twitter:card\" content=\"summary_large_image\" \/>\n<meta name=\"twitter:label1\" content=\"Escrito por\" \/>\n\t<meta name=\"twitter:data1\" content=\"moacir\" \/>\n\t<meta name=\"twitter:label2\" content=\"Est. tempo de leitura\" \/>\n\t<meta name=\"twitter:data2\" content=\"2 minutos\" \/>\n<script type=\"application\/ld+json\" class=\"yoast-schema-graph\">{\"@context\":\"https:\/\/schema.org\",\"@graph\":[{\"@type\":\"WebSite\",\"@id\":\"https:\/\/franciscanos.org.br\/noticias\/#website\",\"url\":\"https:\/\/franciscanos.org.br\/noticias\/\",\"name\":\"Not\u00edcias - Franciscanos\",\"description\":\"Prov\u00edncia Franciscana da Imaculada Concei\u00e7\u00e3o do Brasil - Ordem dos Frades Menores - OFM\",\"potentialAction\":[{\"@type\":\"SearchAction\",\"target\":{\"@type\":\"EntryPoint\",\"urlTemplate\":\"https:\/\/franciscanos.org.br\/noticias\/?s={search_term_string}\"},\"query-input\":\"required name=search_term_string\"}],\"inLanguage\":\"pt-BR\"},{\"@type\":\"ImageObject\",\"inLanguage\":\"pt-BR\",\"@id\":\"https:\/\/franciscanos.org.br\/noticias\/canarinhos-concerto-espiritual-de-finados-on-line.html#primaryimage\",\"url\":\"https:\/\/franciscanos.org.br\/noticias\/wp-content\/uploads\/2020\/11\/canarinhos_d.jpg\",\"contentUrl\":\"https:\/\/franciscanos.org.br\/noticias\/wp-content\/uploads\/2020\/11\/canarinhos_d.jpg\",\"width\":800,\"height\":600},{\"@type\":\"WebPage\",\"@id\":\"https:\/\/franciscanos.org.br\/noticias\/canarinhos-concerto-espiritual-de-finados-on-line.html#webpage\",\"url\":\"https:\/\/franciscanos.org.br\/noticias\/canarinhos-concerto-espiritual-de-finados-on-line.html\",\"name\":\"Canarinhos: Concerto Espiritual de Finados 'on-line' - Not\u00edcias - Franciscanos\",\"isPartOf\":{\"@id\":\"https:\/\/franciscanos.org.br\/noticias\/#website\"},\"primaryImageOfPage\":{\"@id\":\"https:\/\/franciscanos.org.br\/noticias\/canarinhos-concerto-espiritual-de-finados-on-line.html#primaryimage\"},\"datePublished\":\"2020-11-02T17:18:36+00:00\",\"dateModified\":\"2021-07-05T23:13:23+00:00\",\"author\":{\"@id\":\"https:\/\/franciscanos.org.br\/noticias\/#\/schema\/person\/b5c8cba458c330ccff548b056e95a5d4\"},\"breadcrumb\":{\"@id\":\"https:\/\/franciscanos.org.br\/noticias\/canarinhos-concerto-espiritual-de-finados-on-line.html#breadcrumb\"},\"inLanguage\":\"pt-BR\",\"potentialAction\":[{\"@type\":\"ReadAction\",\"target\":[\"https:\/\/franciscanos.org.br\/noticias\/canarinhos-concerto-espiritual-de-finados-on-line.html\"]}]},{\"@type\":\"BreadcrumbList\",\"@id\":\"https:\/\/franciscanos.org.br\/noticias\/canarinhos-concerto-espiritual-de-finados-on-line.html#breadcrumb\",\"itemListElement\":[{\"@type\":\"ListItem\",\"position\":1,\"name\":\"Home\",\"item\":\"https:\/\/franciscanos.org.br\/noticias\"},{\"@type\":\"ListItem\",\"position\":2,\"name\":\"Canarinhos: Concerto Espiritual de Finados &#8216;on-line&#8217;\"}]},{\"@type\":\"Person\",\"@id\":\"https:\/\/franciscanos.org.br\/noticias\/#\/schema\/person\/b5c8cba458c330ccff548b056e95a5d4\",\"name\":\"moacir\",\"image\":{\"@type\":\"ImageObject\",\"inLanguage\":\"pt-BR\",\"@id\":\"https:\/\/franciscanos.org.br\/noticias\/#\/schema\/person\/image\/\",\"url\":\"https:\/\/secure.gravatar.com\/avatar\/d08aa2ce4c8dd416d4479aa8536fcf64?s=96&d=mm&r=g\",\"contentUrl\":\"https:\/\/secure.gravatar.com\/avatar\/d08aa2ce4c8dd416d4479aa8536fcf64?s=96&d=mm&r=g\",\"caption\":\"moacir\"},\"url\":\"https:\/\/franciscanos.org.br\/noticias\/author\/moacir\"}]}<\/script>\n<!-- \/ Yoast SEO plugin. -->","yoast_head_json":{"title":"Canarinhos: Concerto Espiritual de Finados 'on-line' - Not\u00edcias - Franciscanos","robots":{"index":"index","follow":"follow","max-snippet":"max-snippet:-1","max-image-preview":"max-image-preview:large","max-video-preview":"max-video-preview:-1"},"canonical":"https:\/\/franciscanos.org.br\/noticias\/canarinhos-concerto-espiritual-de-finados-on-line.html","og_locale":"pt_BR","og_type":"article","og_title":"Canarinhos: Concerto Espiritual de Finados 'on-line' - Not\u00edcias - Franciscanos","og_description":"Instituto dos Meninos Cantores de Petr\u00f3polis","og_url":"https:\/\/franciscanos.org.br\/noticias\/canarinhos-concerto-espiritual-de-finados-on-line.html","og_site_name":"Not\u00edcias - Franciscanos","article_published_time":"2020-11-02T17:18:36+00:00","article_modified_time":"2021-07-05T23:13:23+00:00","og_image":[{"width":800,"height":600,"url":"https:\/\/franciscanos.org.br\/noticias\/wp-content\/uploads\/2020\/11\/canarinhos_d.jpg","type":"image\/jpeg"}],"author":"moacir","twitter_card":"summary_large_image","twitter_misc":{"Escrito por":"moacir","Est. tempo de leitura":"2 minutos"},"schema":{"@context":"https:\/\/schema.org","@graph":[{"@type":"WebSite","@id":"https:\/\/franciscanos.org.br\/noticias\/#website","url":"https:\/\/franciscanos.org.br\/noticias\/","name":"Not\u00edcias - Franciscanos","description":"Prov\u00edncia Franciscana da Imaculada Concei\u00e7\u00e3o do Brasil - Ordem dos Frades Menores - OFM","potentialAction":[{"@type":"SearchAction","target":{"@type":"EntryPoint","urlTemplate":"https:\/\/franciscanos.org.br\/noticias\/?s={search_term_string}"},"query-input":"required name=search_term_string"}],"inLanguage":"pt-BR"},{"@type":"ImageObject","inLanguage":"pt-BR","@id":"https:\/\/franciscanos.org.br\/noticias\/canarinhos-concerto-espiritual-de-finados-on-line.html#primaryimage","url":"https:\/\/franciscanos.org.br\/noticias\/wp-content\/uploads\/2020\/11\/canarinhos_d.jpg","contentUrl":"https:\/\/franciscanos.org.br\/noticias\/wp-content\/uploads\/2020\/11\/canarinhos_d.jpg","width":800,"height":600},{"@type":"WebPage","@id":"https:\/\/franciscanos.org.br\/noticias\/canarinhos-concerto-espiritual-de-finados-on-line.html#webpage","url":"https:\/\/franciscanos.org.br\/noticias\/canarinhos-concerto-espiritual-de-finados-on-line.html","name":"Canarinhos: Concerto Espiritual de Finados 'on-line' - Not\u00edcias - Franciscanos","isPartOf":{"@id":"https:\/\/franciscanos.org.br\/noticias\/#website"},"primaryImageOfPage":{"@id":"https:\/\/franciscanos.org.br\/noticias\/canarinhos-concerto-espiritual-de-finados-on-line.html#primaryimage"},"datePublished":"2020-11-02T17:18:36+00:00","dateModified":"2021-07-05T23:13:23+00:00","author":{"@id":"https:\/\/franciscanos.org.br\/noticias\/#\/schema\/person\/b5c8cba458c330ccff548b056e95a5d4"},"breadcrumb":{"@id":"https:\/\/franciscanos.org.br\/noticias\/canarinhos-concerto-espiritual-de-finados-on-line.html#breadcrumb"},"inLanguage":"pt-BR","potentialAction":[{"@type":"ReadAction","target":["https:\/\/franciscanos.org.br\/noticias\/canarinhos-concerto-espiritual-de-finados-on-line.html"]}]},{"@type":"BreadcrumbList","@id":"https:\/\/franciscanos.org.br\/noticias\/canarinhos-concerto-espiritual-de-finados-on-line.html#breadcrumb","itemListElement":[{"@type":"ListItem","position":1,"name":"Home","item":"https:\/\/franciscanos.org.br\/noticias"},{"@type":"ListItem","position":2,"name":"Canarinhos: Concerto Espiritual de Finados &#8216;on-line&#8217;"}]},{"@type":"Person","@id":"https:\/\/franciscanos.org.br\/noticias\/#\/schema\/person\/b5c8cba458c330ccff548b056e95a5d4","name":"moacir","image":{"@type":"ImageObject","inLanguage":"pt-BR","@id":"https:\/\/franciscanos.org.br\/noticias\/#\/schema\/person\/image\/","url":"https:\/\/secure.gravatar.com\/avatar\/d08aa2ce4c8dd416d4479aa8536fcf64?s=96&d=mm&r=g","contentUrl":"https:\/\/secure.gravatar.com\/avatar\/d08aa2ce4c8dd416d4479aa8536fcf64?s=96&d=mm&r=g","caption":"moacir"},"url":"https:\/\/franciscanos.org.br\/noticias\/author\/moacir"}]}},"_links":{"self":[{"href":"https:\/\/franciscanos.org.br\/noticias\/wp-json\/wp\/v2\/posts\/228997"}],"collection":[{"href":"https:\/\/franciscanos.org.br\/noticias\/wp-json\/wp\/v2\/posts"}],"about":[{"href":"https:\/\/franciscanos.org.br\/noticias\/wp-json\/wp\/v2\/types\/post"}],"author":[{"embeddable":true,"href":"https:\/\/franciscanos.org.br\/noticias\/wp-json\/wp\/v2\/users\/3"}],"replies":[{"embeddable":true,"href":"https:\/\/franciscanos.org.br\/noticias\/wp-json\/wp\/v2\/comments?post=228997"}],"version-history":[{"count":2,"href":"https:\/\/franciscanos.org.br\/noticias\/wp-json\/wp\/v2\/posts\/228997\/revisions"}],"predecessor-version":[{"id":229001,"href":"https:\/\/franciscanos.org.br\/noticias\/wp-json\/wp\/v2\/posts\/228997\/revisions\/229001"}],"wp:featuredmedia":[{"embeddable":true,"href":"https:\/\/franciscanos.org.br\/noticias\/wp-json\/wp\/v2\/media\/228999"}],"wp:attachment":[{"href":"https:\/\/franciscanos.org.br\/noticias\/wp-json\/wp\/v2\/media?parent=228997"}],"wp:term":[{"taxonomy":"category","embeddable":true,"href":"https:\/\/franciscanos.org.br\/noticias\/wp-json\/wp\/v2\/categories?post=228997"},{"taxonomy":"post_tag","embeddable":true,"href":"https:\/\/franciscanos.org.br\/noticias\/wp-json\/wp\/v2\/tags?post=228997"}],"curies":[{"name":"wp","href":"https:\/\/api.w.org\/{rel}","templated":true}]}}