{"id":228992,"date":"2020-11-02T14:11:37","date_gmt":"2020-11-02T17:11:37","guid":{"rendered":"https:\/\/franciscanos.org.br\/noticias\/?p=228992"},"modified":"2020-11-03T06:35:21","modified_gmt":"2020-11-03T09:35:21","slug":"papa-rezemos-pelos-mortos-especialmente-pelas-vitimas-do-coronavirus","status":"publish","type":"post","link":"https:\/\/franciscanos.org.br\/noticias\/papa-rezemos-pelos-mortos-especialmente-pelas-vitimas-do-coronavirus.html","title":{"rendered":"Papa: rezemos pelos mortos, especialmente pelas v\u00edtimas do coronav\u00edrus"},"content":{"rendered":"<div id=\"attachment_228993\" style=\"width: 900px\" class=\"wp-caption alignnone\"><img aria-describedby=\"caption-attachment-228993\" loading=\"lazy\" class=\"wp-image-228993 size-full\" src=\"https:\/\/franciscanos.org.br\/noticias\/wp-content\/uploads\/2020\/11\/finados_0211_1.jpg\" alt=\"\" width=\"890\" height=\"531\" srcset=\"https:\/\/franciscanos.org.br\/noticias\/wp-content\/uploads\/2020\/11\/finados_0211_1.jpg 890w, https:\/\/franciscanos.org.br\/noticias\/wp-content\/uploads\/2020\/11\/finados_0211_1-450x268.jpg 450w, https:\/\/franciscanos.org.br\/noticias\/wp-content\/uploads\/2020\/11\/finados_0211_1-768x458.jpg 768w, https:\/\/franciscanos.org.br\/noticias\/wp-content\/uploads\/2020\/11\/finados_0211_1-150x89.jpg 150w\" sizes=\"(max-width: 890px) 100vw, 890px\" \/><p id=\"caption-attachment-228993\" class=\"wp-caption-text\"><em> \u00a0 \u00a0Imagem: Vatican Media<\/em><\/p><\/div>\n<p>O convite para rezar pelos fi\u00e9is falecidos foi dirigido esta manh\u00e3 pelo Papa Francisco num tu\u00edte com uma refer\u00eancia especial ao contexto em que o mundo est\u00e1 vivendo, marcado pela pandemia.<\/p>\n<p>\u201cHoje rezamos por todos os #Fi\u00e9isDefuntos e especialmente pelas v\u00edtimas do #coronav\u00edrus: por aqueles que morreram sozinhos, sem o carinho de seus entes queridos; e por todas as pessoas que deram a vida a servi\u00e7o dos enfermos\u201d.<\/p>\n<p>A primeira leitura, extra\u00edda do Livro de J\u00f3, inspirou a homilia do Papa Francisco neste Dia de Finados. A missa foi presidida na capela do cemit\u00e9rio Campo Santo Teut\u00f4nico, dentro do Estado da Cidade do Vaticano.\u00a0Na presen\u00e7a de pouco mais de uma dezena de pessoas, entre sacerdotes, consagradas e leigos, o Pont\u00edfice ressaltou a virtude da esperan\u00e7a crist\u00e3, \u201cdom e gra\u00e7a a ser pedida\u201d.<\/p>\n<p><strong>Meu Redentor est\u00e1 vivo<\/strong><br \/>\nDerrotado, ou melhor, acabado na sua exist\u00eancia pela doen\u00e7a, quase sem pele, no ponto de morte, quase sem carne, J\u00f3 tem uma certeza e diz: \u201cEu sei que o meu redentor est\u00e1 vivo e que, por \u00faltimo, se levantar\u00e1 sobre o p\u00f3\u201d.<\/p>\n<p>No momento em que J\u00f3 est\u00e1 mais abatido, disse o Papa, h\u00e1 aquele abra\u00e7o de luz e calor que o consola: \u201cEu verei o Redentor\u201d. Esta certeza no momento quase finito da vida, afirmou, \u00e9 a esperan\u00e7a crist\u00e3.\u00a0\u201cUma esperan\u00e7a que \u00e9 um dom: n\u00f3s n\u00e3o podemos ter; \u00e9 um dom que devemos pedir: \u2018Senhor, d\u00ea-me a esperan\u00e7a\u2019. H\u00e1 tantas coisas ruins que nos levam a desesperar, a acreditar que tudo ser\u00e1 uma derrota final, que depois da morte n\u00e3o haver\u00e1 nada\u2026 E voz de J\u00f3 ressoa: \u2018Eu sei que o meu redentor est\u00e1 vivo e que, por \u00faltimo, se levantar\u00e1 sobre o p\u00f3 e eu o verei, eu mesmo, com estes olhos\u2019.\u201d<\/p>\n<p>A esperan\u00e7a n\u00e3o desilude, acrescentou o Pont\u00edfice.\u00a0\u201cA esperan\u00e7a nos atrai e nos d\u00e1 um sentido \u00e0 vida. Eu n\u00e3o vejo o al\u00e9m, mas a esperan\u00e7a \u00e9 o dom de Deus que nos atrai rumo \u00e0 vida, \u00e0 alegria eterna. A esperan\u00e7a \u00e9 uma \u00e2ncora que n\u00f3s temos do outro lado: n\u00f3s, agarrados \u00e0 corda, nos sustentamos.\u201d<\/p>\n<p><strong>Dado, doado, gra\u00e7a<\/strong><br \/>\nFrancisco repetiu mais uma vez que a esperan\u00e7a \u00e9 um dom de Deus, que jamais podemos t\u00ea-lo com nossas for\u00e7as, \u201c\u00e9 dom gratuito que jamais merecemos: \u00e9 dado, doado. \u00c9 gra\u00e7a\u201d.<\/p>\n<p>\u201cA vida na esperan\u00e7a \u00e9 viver assim: agarrados, com a corda nas m\u00e3os, sabendo que a \u00e2ncora est\u00e1 l\u00e1 embaixo. E esta \u00e2ncora n\u00e3o desilude.\u201d<\/p>\n<p>O Papa concluiu recomendando a olhar para os cemit\u00e9rios no dia de hoje e repetir as palavras de J\u00f3: &#8220;Eu sei que o meu redentor est\u00e1 vivo e que, por \u00faltimo, se levantar\u00e1 sobre o p\u00f3. Eu mesmo o verei, meus olhos o contemplar\u00e3o&#8221;.<\/p>\n<p>\u201cE esta \u00e9 a for\u00e7a que nos d\u00e1 a esperan\u00e7a, este dom gratuito que \u00e9 a virtude da esperan\u00e7a. Que o Senhor a conceda a todos n\u00f3s.\u201d<\/p>\n<p><strong>Cripta Vaticana<\/strong><br \/>\nAp\u00f3s a celebra\u00e7\u00e3o, como \u00e9 costume no Dia de Finados, o Papa Francisco foi at\u00e9 a cripta vaticana para um momento de ora\u00e7\u00e3o junto ao t\u00famulo dos Papas ali sepultados.<\/p>\n<p><img loading=\"lazy\" class=\"alignnone size-full wp-image-228994\" src=\"https:\/\/franciscanos.org.br\/noticias\/wp-content\/uploads\/2020\/11\/finados_0211.jpg\" alt=\"\" width=\"890\" height=\"488\" srcset=\"https:\/\/franciscanos.org.br\/noticias\/wp-content\/uploads\/2020\/11\/finados_0211.jpg 890w, https:\/\/franciscanos.org.br\/noticias\/wp-content\/uploads\/2020\/11\/finados_0211-450x247.jpg 450w, https:\/\/franciscanos.org.br\/noticias\/wp-content\/uploads\/2020\/11\/finados_0211-768x421.jpg 768w, https:\/\/franciscanos.org.br\/noticias\/wp-content\/uploads\/2020\/11\/finados_0211-150x82.jpg 150w\" sizes=\"(max-width: 890px) 100vw, 890px\" \/><\/p>\n<hr \/>\n<p><em>Fonte: Vatican News<\/em><\/p>\n","protected":false},"excerpt":{"rendered":"<p>Celebra\u00e7\u00e3o dos Fi\u00e9is Falecidos<\/p>\n","protected":false},"author":3,"featured_media":228995,"comment_status":"open","ping_status":"open","sticky":false,"template":"","format":"standard","meta":[],"categories":[1428],"tags":[489],"acf":[],"yoast_head":"<!-- This site is optimized with the Yoast SEO plugin v19.2 - https:\/\/yoast.com\/wordpress\/plugins\/seo\/ -->\n<title>Papa: rezemos pelos mortos, especialmente pelas v\u00edtimas do coronav\u00edrus - Not\u00edcias - Franciscanos<\/title>\n<meta name=\"robots\" content=\"index, follow, max-snippet:-1, max-image-preview:large, max-video-preview:-1\" \/>\n<link rel=\"canonical\" href=\"https:\/\/franciscanos.org.br\/noticias\/papa-rezemos-pelos-mortos-especialmente-pelas-vitimas-do-coronavirus.html\" \/>\n<meta property=\"og:locale\" content=\"pt_BR\" \/>\n<meta property=\"og:type\" content=\"article\" \/>\n<meta property=\"og:title\" content=\"Papa: rezemos pelos mortos, especialmente pelas v\u00edtimas do coronav\u00edrus - Not\u00edcias - Franciscanos\" \/>\n<meta property=\"og:description\" content=\"Celebra\u00e7\u00e3o dos Fi\u00e9is Falecidos\" \/>\n<meta property=\"og:url\" content=\"https:\/\/franciscanos.org.br\/noticias\/papa-rezemos-pelos-mortos-especialmente-pelas-vitimas-do-coronavirus.html\" \/>\n<meta property=\"og:site_name\" content=\"Not\u00edcias - Franciscanos\" \/>\n<meta property=\"article:published_time\" content=\"2020-11-02T17:11:37+00:00\" \/>\n<meta property=\"article:modified_time\" content=\"2020-11-03T09:35:21+00:00\" \/>\n<meta property=\"og:image\" content=\"https:\/\/franciscanos.org.br\/noticias\/wp-content\/uploads\/2020\/11\/finados_0211d.jpg\" \/>\n\t<meta property=\"og:image:width\" content=\"800\" \/>\n\t<meta property=\"og:image:height\" content=\"601\" \/>\n\t<meta property=\"og:image:type\" content=\"image\/jpeg\" \/>\n<meta name=\"author\" content=\"moacir\" \/>\n<meta name=\"twitter:card\" content=\"summary_large_image\" \/>\n<meta name=\"twitter:label1\" content=\"Escrito por\" \/>\n\t<meta name=\"twitter:data1\" content=\"moacir\" \/>\n\t<meta name=\"twitter:label2\" content=\"Est. tempo de leitura\" \/>\n\t<meta name=\"twitter:data2\" content=\"3 minutos\" \/>\n<script type=\"application\/ld+json\" class=\"yoast-schema-graph\">{\"@context\":\"https:\/\/schema.org\",\"@graph\":[{\"@type\":\"WebSite\",\"@id\":\"https:\/\/franciscanos.org.br\/noticias\/#website\",\"url\":\"https:\/\/franciscanos.org.br\/noticias\/\",\"name\":\"Not\u00edcias - Franciscanos\",\"description\":\"Prov\u00edncia Franciscana da Imaculada Concei\u00e7\u00e3o do Brasil - Ordem dos Frades Menores - OFM\",\"potentialAction\":[{\"@type\":\"SearchAction\",\"target\":{\"@type\":\"EntryPoint\",\"urlTemplate\":\"https:\/\/franciscanos.org.br\/noticias\/?s={search_term_string}\"},\"query-input\":\"required name=search_term_string\"}],\"inLanguage\":\"pt-BR\"},{\"@type\":\"ImageObject\",\"inLanguage\":\"pt-BR\",\"@id\":\"https:\/\/franciscanos.org.br\/noticias\/papa-rezemos-pelos-mortos-especialmente-pelas-vitimas-do-coronavirus.html#primaryimage\",\"url\":\"https:\/\/franciscanos.org.br\/noticias\/wp-content\/uploads\/2020\/11\/finados_0211d.jpg\",\"contentUrl\":\"https:\/\/franciscanos.org.br\/noticias\/wp-content\/uploads\/2020\/11\/finados_0211d.jpg\",\"width\":800,\"height\":601},{\"@type\":\"WebPage\",\"@id\":\"https:\/\/franciscanos.org.br\/noticias\/papa-rezemos-pelos-mortos-especialmente-pelas-vitimas-do-coronavirus.html#webpage\",\"url\":\"https:\/\/franciscanos.org.br\/noticias\/papa-rezemos-pelos-mortos-especialmente-pelas-vitimas-do-coronavirus.html\",\"name\":\"Papa: rezemos pelos mortos, especialmente pelas v\u00edtimas do coronav\u00edrus - Not\u00edcias - Franciscanos\",\"isPartOf\":{\"@id\":\"https:\/\/franciscanos.org.br\/noticias\/#website\"},\"primaryImageOfPage\":{\"@id\":\"https:\/\/franciscanos.org.br\/noticias\/papa-rezemos-pelos-mortos-especialmente-pelas-vitimas-do-coronavirus.html#primaryimage\"},\"datePublished\":\"2020-11-02T17:11:37+00:00\",\"dateModified\":\"2020-11-03T09:35:21+00:00\",\"author\":{\"@id\":\"https:\/\/franciscanos.org.br\/noticias\/#\/schema\/person\/b5c8cba458c330ccff548b056e95a5d4\"},\"breadcrumb\":{\"@id\":\"https:\/\/franciscanos.org.br\/noticias\/papa-rezemos-pelos-mortos-especialmente-pelas-vitimas-do-coronavirus.html#breadcrumb\"},\"inLanguage\":\"pt-BR\",\"potentialAction\":[{\"@type\":\"ReadAction\",\"target\":[\"https:\/\/franciscanos.org.br\/noticias\/papa-rezemos-pelos-mortos-especialmente-pelas-vitimas-do-coronavirus.html\"]}]},{\"@type\":\"BreadcrumbList\",\"@id\":\"https:\/\/franciscanos.org.br\/noticias\/papa-rezemos-pelos-mortos-especialmente-pelas-vitimas-do-coronavirus.html#breadcrumb\",\"itemListElement\":[{\"@type\":\"ListItem\",\"position\":1,\"name\":\"Home\",\"item\":\"https:\/\/franciscanos.org.br\/noticias\"},{\"@type\":\"ListItem\",\"position\":2,\"name\":\"Papa: rezemos pelos mortos, especialmente pelas v\u00edtimas do coronav\u00edrus\"}]},{\"@type\":\"Person\",\"@id\":\"https:\/\/franciscanos.org.br\/noticias\/#\/schema\/person\/b5c8cba458c330ccff548b056e95a5d4\",\"name\":\"moacir\",\"image\":{\"@type\":\"ImageObject\",\"inLanguage\":\"pt-BR\",\"@id\":\"https:\/\/franciscanos.org.br\/noticias\/#\/schema\/person\/image\/\",\"url\":\"https:\/\/secure.gravatar.com\/avatar\/d08aa2ce4c8dd416d4479aa8536fcf64?s=96&d=mm&r=g\",\"contentUrl\":\"https:\/\/secure.gravatar.com\/avatar\/d08aa2ce4c8dd416d4479aa8536fcf64?s=96&d=mm&r=g\",\"caption\":\"moacir\"},\"url\":\"https:\/\/franciscanos.org.br\/noticias\/author\/moacir\"}]}<\/script>\n<!-- \/ Yoast SEO plugin. -->","yoast_head_json":{"title":"Papa: rezemos pelos mortos, especialmente pelas v\u00edtimas do coronav\u00edrus - Not\u00edcias - Franciscanos","robots":{"index":"index","follow":"follow","max-snippet":"max-snippet:-1","max-image-preview":"max-image-preview:large","max-video-preview":"max-video-preview:-1"},"canonical":"https:\/\/franciscanos.org.br\/noticias\/papa-rezemos-pelos-mortos-especialmente-pelas-vitimas-do-coronavirus.html","og_locale":"pt_BR","og_type":"article","og_title":"Papa: rezemos pelos mortos, especialmente pelas v\u00edtimas do coronav\u00edrus - Not\u00edcias - Franciscanos","og_description":"Celebra\u00e7\u00e3o dos Fi\u00e9is Falecidos","og_url":"https:\/\/franciscanos.org.br\/noticias\/papa-rezemos-pelos-mortos-especialmente-pelas-vitimas-do-coronavirus.html","og_site_name":"Not\u00edcias - Franciscanos","article_published_time":"2020-11-02T17:11:37+00:00","article_modified_time":"2020-11-03T09:35:21+00:00","og_image":[{"width":800,"height":601,"url":"https:\/\/franciscanos.org.br\/noticias\/wp-content\/uploads\/2020\/11\/finados_0211d.jpg","type":"image\/jpeg"}],"author":"moacir","twitter_card":"summary_large_image","twitter_misc":{"Escrito por":"moacir","Est. tempo de leitura":"3 minutos"},"schema":{"@context":"https:\/\/schema.org","@graph":[{"@type":"WebSite","@id":"https:\/\/franciscanos.org.br\/noticias\/#website","url":"https:\/\/franciscanos.org.br\/noticias\/","name":"Not\u00edcias - Franciscanos","description":"Prov\u00edncia Franciscana da Imaculada Concei\u00e7\u00e3o do Brasil - Ordem dos Frades Menores - OFM","potentialAction":[{"@type":"SearchAction","target":{"@type":"EntryPoint","urlTemplate":"https:\/\/franciscanos.org.br\/noticias\/?s={search_term_string}"},"query-input":"required name=search_term_string"}],"inLanguage":"pt-BR"},{"@type":"ImageObject","inLanguage":"pt-BR","@id":"https:\/\/franciscanos.org.br\/noticias\/papa-rezemos-pelos-mortos-especialmente-pelas-vitimas-do-coronavirus.html#primaryimage","url":"https:\/\/franciscanos.org.br\/noticias\/wp-content\/uploads\/2020\/11\/finados_0211d.jpg","contentUrl":"https:\/\/franciscanos.org.br\/noticias\/wp-content\/uploads\/2020\/11\/finados_0211d.jpg","width":800,"height":601},{"@type":"WebPage","@id":"https:\/\/franciscanos.org.br\/noticias\/papa-rezemos-pelos-mortos-especialmente-pelas-vitimas-do-coronavirus.html#webpage","url":"https:\/\/franciscanos.org.br\/noticias\/papa-rezemos-pelos-mortos-especialmente-pelas-vitimas-do-coronavirus.html","name":"Papa: rezemos pelos mortos, especialmente pelas v\u00edtimas do coronav\u00edrus - Not\u00edcias - Franciscanos","isPartOf":{"@id":"https:\/\/franciscanos.org.br\/noticias\/#website"},"primaryImageOfPage":{"@id":"https:\/\/franciscanos.org.br\/noticias\/papa-rezemos-pelos-mortos-especialmente-pelas-vitimas-do-coronavirus.html#primaryimage"},"datePublished":"2020-11-02T17:11:37+00:00","dateModified":"2020-11-03T09:35:21+00:00","author":{"@id":"https:\/\/franciscanos.org.br\/noticias\/#\/schema\/person\/b5c8cba458c330ccff548b056e95a5d4"},"breadcrumb":{"@id":"https:\/\/franciscanos.org.br\/noticias\/papa-rezemos-pelos-mortos-especialmente-pelas-vitimas-do-coronavirus.html#breadcrumb"},"inLanguage":"pt-BR","potentialAction":[{"@type":"ReadAction","target":["https:\/\/franciscanos.org.br\/noticias\/papa-rezemos-pelos-mortos-especialmente-pelas-vitimas-do-coronavirus.html"]}]},{"@type":"BreadcrumbList","@id":"https:\/\/franciscanos.org.br\/noticias\/papa-rezemos-pelos-mortos-especialmente-pelas-vitimas-do-coronavirus.html#breadcrumb","itemListElement":[{"@type":"ListItem","position":1,"name":"Home","item":"https:\/\/franciscanos.org.br\/noticias"},{"@type":"ListItem","position":2,"name":"Papa: rezemos pelos mortos, especialmente pelas v\u00edtimas do coronav\u00edrus"}]},{"@type":"Person","@id":"https:\/\/franciscanos.org.br\/noticias\/#\/schema\/person\/b5c8cba458c330ccff548b056e95a5d4","name":"moacir","image":{"@type":"ImageObject","inLanguage":"pt-BR","@id":"https:\/\/franciscanos.org.br\/noticias\/#\/schema\/person\/image\/","url":"https:\/\/secure.gravatar.com\/avatar\/d08aa2ce4c8dd416d4479aa8536fcf64?s=96&d=mm&r=g","contentUrl":"https:\/\/secure.gravatar.com\/avatar\/d08aa2ce4c8dd416d4479aa8536fcf64?s=96&d=mm&r=g","caption":"moacir"},"url":"https:\/\/franciscanos.org.br\/noticias\/author\/moacir"}]}},"_links":{"self":[{"href":"https:\/\/franciscanos.org.br\/noticias\/wp-json\/wp\/v2\/posts\/228992"}],"collection":[{"href":"https:\/\/franciscanos.org.br\/noticias\/wp-json\/wp\/v2\/posts"}],"about":[{"href":"https:\/\/franciscanos.org.br\/noticias\/wp-json\/wp\/v2\/types\/post"}],"author":[{"embeddable":true,"href":"https:\/\/franciscanos.org.br\/noticias\/wp-json\/wp\/v2\/users\/3"}],"replies":[{"embeddable":true,"href":"https:\/\/franciscanos.org.br\/noticias\/wp-json\/wp\/v2\/comments?post=228992"}],"version-history":[{"count":3,"href":"https:\/\/franciscanos.org.br\/noticias\/wp-json\/wp\/v2\/posts\/228992\/revisions"}],"predecessor-version":[{"id":229025,"href":"https:\/\/franciscanos.org.br\/noticias\/wp-json\/wp\/v2\/posts\/228992\/revisions\/229025"}],"wp:featuredmedia":[{"embeddable":true,"href":"https:\/\/franciscanos.org.br\/noticias\/wp-json\/wp\/v2\/media\/228995"}],"wp:attachment":[{"href":"https:\/\/franciscanos.org.br\/noticias\/wp-json\/wp\/v2\/media?parent=228992"}],"wp:term":[{"taxonomy":"category","embeddable":true,"href":"https:\/\/franciscanos.org.br\/noticias\/wp-json\/wp\/v2\/categories?post=228992"},{"taxonomy":"post_tag","embeddable":true,"href":"https:\/\/franciscanos.org.br\/noticias\/wp-json\/wp\/v2\/tags?post=228992"}],"curies":[{"name":"wp","href":"https:\/\/api.w.org\/{rel}","templated":true}]}}