{"id":228988,"date":"2020-11-01T09:34:00","date_gmt":"2020-11-01T12:34:00","guid":{"rendered":"https:\/\/franciscanos.org.br\/noticias\/?p=228988"},"modified":"2020-11-01T09:34:00","modified_gmt":"2020-11-01T12:34:00","slug":"papa-a-solenidade-de-hoje-nos-propoe-modelos-seguros-para-santidade","status":"publish","type":"post","link":"https:\/\/franciscanos.org.br\/noticias\/papa-a-solenidade-de-hoje-nos-propoe-modelos-seguros-para-santidade.html","title":{"rendered":"Papa: \u201cA solenidade de hoje nos prop\u00f5e modelos seguros para santidade&#8221;"},"content":{"rendered":"<div id=\"attachment_228989\" style=\"width: 1290px\" class=\"wp-caption alignnone\"><img aria-describedby=\"caption-attachment-228989\" loading=\"lazy\" class=\"wp-image-228989 size-full\" src=\"https:\/\/franciscanos.org.br\/noticias\/wp-content\/uploads\/2020\/11\/angelus_0111.jpg\" alt=\"\" width=\"1280\" height=\"720\" srcset=\"https:\/\/franciscanos.org.br\/noticias\/wp-content\/uploads\/2020\/11\/angelus_0111.jpg 1280w, https:\/\/franciscanos.org.br\/noticias\/wp-content\/uploads\/2020\/11\/angelus_0111-450x253.jpg 450w, https:\/\/franciscanos.org.br\/noticias\/wp-content\/uploads\/2020\/11\/angelus_0111-1024x576.jpg 1024w, https:\/\/franciscanos.org.br\/noticias\/wp-content\/uploads\/2020\/11\/angelus_0111-768x432.jpg 768w, https:\/\/franciscanos.org.br\/noticias\/wp-content\/uploads\/2020\/11\/angelus_0111-150x84.jpg 150w\" sizes=\"(max-width: 1280px) 100vw, 1280px\" \/><p id=\"caption-attachment-228989\" class=\"wp-caption-text\">\u00a0 \u00a0 \u00a0 \u00a0 \u00a0 \u00a0 \u00a0 \u00a0 \u00a0 \u00a0 \u00a0 \u00a0 \u00a0 \u00a0 \u00a0 \u00a0 \u00a0 \u00a0 \u00a0 \u00a0 \u00a0 \u00a0 \u00a0 \u00a0 \u00a0 \u00a0 \u00a0 \u00a0 \u00a0 \u00a0 \u00a0 \u00a0 \u00a0 \u00a0 \u00a0 \u00a0 \u00a0 \u00a0 \u00a0 \u00a0 \u00a0 \u00a0 \u00a0 \u00a0 \u00a0 \u00a0 \u00a0 \u00a0 \u00a0 \u00a0 \u00a0 \u00a0 \u00a0 \u00a0 \u00a0 \u00a0 \u00a0 \u00a0 \u00a0 \u00a0 \u00a0 \u00a0 \u00a0 \u00a0 \u00a0 \u00a0 \u00a0 \u00a0 \u00a0 \u00a0 \u00a0 \u00a0 \u00a0 \u00a0<em> \u00a0 \u00a0 \u00a0Imagem: Vatican Media<\/em><\/p><\/div>\n<p>\u201cNesta solene festa de Todos os Santos, a Igreja nos convida a refletir sobre a grande esperan\u00e7a, que se fundamenta na ressurrei\u00e7\u00e3o de Cristo. Os Santos e os Beatos s\u00e3o as testemunhas mais cr\u00edveis da esperan\u00e7a crist\u00e3, porque a viveram plenamente em suas vidas, em meio a alegrias e sofrimentos, pondo em pr\u00e1tica as Bem-aventuran\u00e7as que Jesus pregou e que hoje ressoam na Liturgia (cf. Mt 5,1-12a).<\/p>\n<p>Foi o que disse o Papa na ora\u00e7\u00e3o do Angelus ao meio-dia deste domingo, 1\u00ba de novembro, festa de Todos os Santos, falando aos fi\u00e9is e peregrinos reunidos na Pra\u00e7a S\u00e3o Pedro para a ora\u00e7\u00e3o mariana com o Santo Padre.<\/p>\n<p><strong>\u201cBem-aventurados os que choram, porque ser\u00e3o consolados\u201d<\/strong><br \/>\nDe fato, as bem-aventuran\u00e7as evang\u00e9licas s\u00e3o o caminho para a santidade, disse Francisco, detendo-se em seguida sobre duas Bem-aventuran\u00e7as, a segunda e a terceira.<\/p>\n<p>A segunda \u00e9 esta: \u201cBem-aventurados os que choram, porque ser\u00e3o consolados\u201d. O Pont\u00edfice explicou: \u201cParecem palavras contradit\u00f3rias, porque o choro n\u00e3o \u00e9 sinal de alegria e felicidade. Motivos de choro e de sofrimento s\u00e3o a morte, a doen\u00e7a, as adversidades morais, o pecado e os erros: simplesmente a vida cotidiana, fr\u00e1gil, fraca e marcada por dificuldades. Uma vida que \u00e0s vezes \u00e9 ferida e passa pela prova\u00e7\u00e3o de ingratid\u00f5es e incompreens\u00f5es.\u201d<\/p>\n<p>\u201cJesus \u2013 continuou o Papa \u2013 proclama beatos aqueles que choram por estas realidades e, apesar de tudo, confiam no Senhor e se colocam sob sua sombra. N\u00e3o s\u00e3o indiferentes, nem endurecem seus cora\u00e7\u00f5es na dor, mas esperam pacientemente a consola\u00e7\u00e3o de Deus. E esta consola\u00e7\u00e3o a experimentam j\u00e1 nesta vida\u201d.<\/p>\n<p><strong>\u201cBem-aventurados os mansos, porque herdar\u00e3o a terra\u201d<\/strong><br \/>\nNa terceira Bem-aventuran\u00e7a Jesus afirma: \u201cBem-aventurados os mansos, porque herdar\u00e3o a terra\u201d. Tamb\u00e9m aqui Francisco explicou: \u201cA mansid\u00e3o \u00e9 caracter\u00edstica de Jesus, que diz de si mesmo: \u201cAprendei de mim que sou manso e humilde de cora\u00e7\u00e3o\u201d (Mt 11,29). Mansos s\u00e3o aqueles que sabem dominar a si mesmos, que d\u00e3o espa\u00e7o ao outro, que o escutam e o respeitam em seu modo de viver, em suas necessidades e em suas exig\u00eancias. N\u00e3o pretendem subjug\u00e1-lo ou diminu\u00ed-lo, n\u00e3o querem prevalecer e dominar tudo, nem impor suas pr\u00f3prias ideias e pr\u00f3prios interesses em detrimento de outros.\u201d<\/p>\n<p>\u201cEstas pessoas que a mentalidade mundana n\u00e3o aprecia \u2013 prosseguiu o Pont\u00edfice \u2013, s\u00e3o, ao inv\u00e9s, preciosas aos olhos de Deus, que lhes d\u00e1 em heran\u00e7a a terra prometida, ou seja, a vida eterna. Tamb\u00e9m esta bem-aventuran\u00e7a come\u00e7a aqui em baixo e ser\u00e1 cumprida no C\u00e9u.\u201d<\/p>\n<p><strong>Todos os Santos: a voca\u00e7\u00e3o pessoal e universal \u00e0 santidade<\/strong><br \/>\nFrancisco ressaltou que \u201cescolher a pureza, a mansid\u00e3o e a miseric\u00f3rdia; escolher confiar-se ao Senhor na pobreza de esp\u00edrito e na afli\u00e7\u00e3o; empenhar-se pela justi\u00e7a e pela paz, significa caminhar contracorrente em rela\u00e7\u00e3o \u00e0 mentalidade deste mundo, em rela\u00e7\u00e3o \u00e0 cultura da posse, da divers\u00e3o sem sentido, da arrog\u00e2ncia para com os mais fracos. Este caminho evang\u00e9lico foi percorrido pelos Santos e pelos beatos\u201d.<\/p>\n<p>Dito isso, o Santo Padre acrescentou: \u201cA solenidade de hoje, que celebra Todos os Santos, nos lembra a voca\u00e7\u00e3o pessoal e universal \u00e0 santidade, e nos prop\u00f5e os modelos seguros para este caminho, que cada um percorre de forma \u00fanica e irrepet\u00edvel, segundo a &#8216;fantasia&#8217; do Esp\u00edrito Santo. Basta pensar na inesgot\u00e1vel variedade de dons e hist\u00f3rias concretas que existem entre os santos e as santos, que a Igreja reconheceu ao longo dos s\u00e9culos e que continuamente prop\u00f5e como testemunhas do \u00fanico Evangelho.\u201d<\/p>\n<p>Concluindo a alocu\u00e7\u00e3o que precedeu a ora\u00e7\u00e3o mariana, o Papa frisou que \u201cesta imensa fam\u00edlia de fi\u00e9is disc\u00edpulos de Cristo tem uma M\u00e3e, a Virgem Maria. N\u00f3s a veneramos com o t\u00edtulo de Rainha de todos os Santos, mas \u00e9, acima de tudo, a M\u00e3e que ensina cada um a acolher e seguir seu Filho. Que ela nos ajude a alimentar o desejo de santidade, percorrendo o caminho das Bem-aventuran\u00e7as&#8221;.<\/p>\n<hr \/>\n<p><em>Fonte: Vatican News (texto de Raimundo de Lima )<\/em><\/p>\n","protected":false},"excerpt":{"rendered":"<p>Angelus<\/p>\n","protected":false},"author":3,"featured_media":228990,"comment_status":"open","ping_status":"open","sticky":false,"template":"","format":"standard","meta":[],"categories":[1428],"tags":[403],"acf":[],"yoast_head":"<!-- This site is optimized with the Yoast SEO plugin v19.2 - https:\/\/yoast.com\/wordpress\/plugins\/seo\/ -->\n<title>Papa: \u201cA solenidade de hoje nos prop\u00f5e modelos seguros para santidade&quot; - Not\u00edcias - Franciscanos<\/title>\n<meta name=\"robots\" content=\"index, follow, max-snippet:-1, max-image-preview:large, max-video-preview:-1\" \/>\n<link rel=\"canonical\" href=\"https:\/\/franciscanos.org.br\/noticias\/papa-a-solenidade-de-hoje-nos-propoe-modelos-seguros-para-santidade.html\" \/>\n<meta property=\"og:locale\" content=\"pt_BR\" \/>\n<meta property=\"og:type\" content=\"article\" \/>\n<meta property=\"og:title\" content=\"Papa: \u201cA solenidade de hoje nos prop\u00f5e modelos seguros para santidade&quot; - Not\u00edcias - Franciscanos\" \/>\n<meta property=\"og:description\" content=\"Angelus\" \/>\n<meta property=\"og:url\" content=\"https:\/\/franciscanos.org.br\/noticias\/papa-a-solenidade-de-hoje-nos-propoe-modelos-seguros-para-santidade.html\" \/>\n<meta property=\"og:site_name\" content=\"Not\u00edcias - Franciscanos\" \/>\n<meta property=\"article:published_time\" content=\"2020-11-01T12:34:00+00:00\" \/>\n<meta property=\"og:image\" content=\"https:\/\/franciscanos.org.br\/noticias\/wp-content\/uploads\/2020\/11\/angelus_0111d.jpg\" \/>\n\t<meta property=\"og:image:width\" content=\"800\" \/>\n\t<meta property=\"og:image:height\" content=\"600\" \/>\n\t<meta property=\"og:image:type\" content=\"image\/jpeg\" \/>\n<meta name=\"author\" content=\"moacir\" \/>\n<meta name=\"twitter:card\" content=\"summary_large_image\" \/>\n<meta name=\"twitter:label1\" content=\"Escrito por\" \/>\n\t<meta name=\"twitter:data1\" content=\"moacir\" \/>\n\t<meta name=\"twitter:label2\" content=\"Est. tempo de leitura\" \/>\n\t<meta name=\"twitter:data2\" content=\"4 minutos\" \/>\n<script type=\"application\/ld+json\" class=\"yoast-schema-graph\">{\"@context\":\"https:\/\/schema.org\",\"@graph\":[{\"@type\":\"WebSite\",\"@id\":\"https:\/\/franciscanos.org.br\/noticias\/#website\",\"url\":\"https:\/\/franciscanos.org.br\/noticias\/\",\"name\":\"Not\u00edcias - Franciscanos\",\"description\":\"Prov\u00edncia Franciscana da Imaculada Concei\u00e7\u00e3o do Brasil - Ordem dos Frades Menores - OFM\",\"potentialAction\":[{\"@type\":\"SearchAction\",\"target\":{\"@type\":\"EntryPoint\",\"urlTemplate\":\"https:\/\/franciscanos.org.br\/noticias\/?s={search_term_string}\"},\"query-input\":\"required name=search_term_string\"}],\"inLanguage\":\"pt-BR\"},{\"@type\":\"ImageObject\",\"inLanguage\":\"pt-BR\",\"@id\":\"https:\/\/franciscanos.org.br\/noticias\/papa-a-solenidade-de-hoje-nos-propoe-modelos-seguros-para-santidade.html#primaryimage\",\"url\":\"https:\/\/franciscanos.org.br\/noticias\/wp-content\/uploads\/2020\/11\/angelus_0111d.jpg\",\"contentUrl\":\"https:\/\/franciscanos.org.br\/noticias\/wp-content\/uploads\/2020\/11\/angelus_0111d.jpg\",\"width\":800,\"height\":600},{\"@type\":\"WebPage\",\"@id\":\"https:\/\/franciscanos.org.br\/noticias\/papa-a-solenidade-de-hoje-nos-propoe-modelos-seguros-para-santidade.html#webpage\",\"url\":\"https:\/\/franciscanos.org.br\/noticias\/papa-a-solenidade-de-hoje-nos-propoe-modelos-seguros-para-santidade.html\",\"name\":\"Papa: \u201cA solenidade de hoje nos prop\u00f5e modelos seguros para santidade\\\" - Not\u00edcias - Franciscanos\",\"isPartOf\":{\"@id\":\"https:\/\/franciscanos.org.br\/noticias\/#website\"},\"primaryImageOfPage\":{\"@id\":\"https:\/\/franciscanos.org.br\/noticias\/papa-a-solenidade-de-hoje-nos-propoe-modelos-seguros-para-santidade.html#primaryimage\"},\"datePublished\":\"2020-11-01T12:34:00+00:00\",\"dateModified\":\"2020-11-01T12:34:00+00:00\",\"author\":{\"@id\":\"https:\/\/franciscanos.org.br\/noticias\/#\/schema\/person\/b5c8cba458c330ccff548b056e95a5d4\"},\"breadcrumb\":{\"@id\":\"https:\/\/franciscanos.org.br\/noticias\/papa-a-solenidade-de-hoje-nos-propoe-modelos-seguros-para-santidade.html#breadcrumb\"},\"inLanguage\":\"pt-BR\",\"potentialAction\":[{\"@type\":\"ReadAction\",\"target\":[\"https:\/\/franciscanos.org.br\/noticias\/papa-a-solenidade-de-hoje-nos-propoe-modelos-seguros-para-santidade.html\"]}]},{\"@type\":\"BreadcrumbList\",\"@id\":\"https:\/\/franciscanos.org.br\/noticias\/papa-a-solenidade-de-hoje-nos-propoe-modelos-seguros-para-santidade.html#breadcrumb\",\"itemListElement\":[{\"@type\":\"ListItem\",\"position\":1,\"name\":\"Home\",\"item\":\"https:\/\/franciscanos.org.br\/noticias\"},{\"@type\":\"ListItem\",\"position\":2,\"name\":\"Papa: \u201cA solenidade de hoje nos prop\u00f5e modelos seguros para santidade&#8221;\"}]},{\"@type\":\"Person\",\"@id\":\"https:\/\/franciscanos.org.br\/noticias\/#\/schema\/person\/b5c8cba458c330ccff548b056e95a5d4\",\"name\":\"moacir\",\"image\":{\"@type\":\"ImageObject\",\"inLanguage\":\"pt-BR\",\"@id\":\"https:\/\/franciscanos.org.br\/noticias\/#\/schema\/person\/image\/\",\"url\":\"https:\/\/secure.gravatar.com\/avatar\/d08aa2ce4c8dd416d4479aa8536fcf64?s=96&d=mm&r=g\",\"contentUrl\":\"https:\/\/secure.gravatar.com\/avatar\/d08aa2ce4c8dd416d4479aa8536fcf64?s=96&d=mm&r=g\",\"caption\":\"moacir\"},\"url\":\"https:\/\/franciscanos.org.br\/noticias\/author\/moacir\"}]}<\/script>\n<!-- \/ Yoast SEO plugin. -->","yoast_head_json":{"title":"Papa: \u201cA solenidade de hoje nos prop\u00f5e modelos seguros para santidade\" - Not\u00edcias - Franciscanos","robots":{"index":"index","follow":"follow","max-snippet":"max-snippet:-1","max-image-preview":"max-image-preview:large","max-video-preview":"max-video-preview:-1"},"canonical":"https:\/\/franciscanos.org.br\/noticias\/papa-a-solenidade-de-hoje-nos-propoe-modelos-seguros-para-santidade.html","og_locale":"pt_BR","og_type":"article","og_title":"Papa: \u201cA solenidade de hoje nos prop\u00f5e modelos seguros para santidade\" - Not\u00edcias - Franciscanos","og_description":"Angelus","og_url":"https:\/\/franciscanos.org.br\/noticias\/papa-a-solenidade-de-hoje-nos-propoe-modelos-seguros-para-santidade.html","og_site_name":"Not\u00edcias - Franciscanos","article_published_time":"2020-11-01T12:34:00+00:00","og_image":[{"width":800,"height":600,"url":"https:\/\/franciscanos.org.br\/noticias\/wp-content\/uploads\/2020\/11\/angelus_0111d.jpg","type":"image\/jpeg"}],"author":"moacir","twitter_card":"summary_large_image","twitter_misc":{"Escrito por":"moacir","Est. tempo de leitura":"4 minutos"},"schema":{"@context":"https:\/\/schema.org","@graph":[{"@type":"WebSite","@id":"https:\/\/franciscanos.org.br\/noticias\/#website","url":"https:\/\/franciscanos.org.br\/noticias\/","name":"Not\u00edcias - Franciscanos","description":"Prov\u00edncia Franciscana da Imaculada Concei\u00e7\u00e3o do Brasil - Ordem dos Frades Menores - OFM","potentialAction":[{"@type":"SearchAction","target":{"@type":"EntryPoint","urlTemplate":"https:\/\/franciscanos.org.br\/noticias\/?s={search_term_string}"},"query-input":"required name=search_term_string"}],"inLanguage":"pt-BR"},{"@type":"ImageObject","inLanguage":"pt-BR","@id":"https:\/\/franciscanos.org.br\/noticias\/papa-a-solenidade-de-hoje-nos-propoe-modelos-seguros-para-santidade.html#primaryimage","url":"https:\/\/franciscanos.org.br\/noticias\/wp-content\/uploads\/2020\/11\/angelus_0111d.jpg","contentUrl":"https:\/\/franciscanos.org.br\/noticias\/wp-content\/uploads\/2020\/11\/angelus_0111d.jpg","width":800,"height":600},{"@type":"WebPage","@id":"https:\/\/franciscanos.org.br\/noticias\/papa-a-solenidade-de-hoje-nos-propoe-modelos-seguros-para-santidade.html#webpage","url":"https:\/\/franciscanos.org.br\/noticias\/papa-a-solenidade-de-hoje-nos-propoe-modelos-seguros-para-santidade.html","name":"Papa: \u201cA solenidade de hoje nos prop\u00f5e modelos seguros para santidade\" - Not\u00edcias - Franciscanos","isPartOf":{"@id":"https:\/\/franciscanos.org.br\/noticias\/#website"},"primaryImageOfPage":{"@id":"https:\/\/franciscanos.org.br\/noticias\/papa-a-solenidade-de-hoje-nos-propoe-modelos-seguros-para-santidade.html#primaryimage"},"datePublished":"2020-11-01T12:34:00+00:00","dateModified":"2020-11-01T12:34:00+00:00","author":{"@id":"https:\/\/franciscanos.org.br\/noticias\/#\/schema\/person\/b5c8cba458c330ccff548b056e95a5d4"},"breadcrumb":{"@id":"https:\/\/franciscanos.org.br\/noticias\/papa-a-solenidade-de-hoje-nos-propoe-modelos-seguros-para-santidade.html#breadcrumb"},"inLanguage":"pt-BR","potentialAction":[{"@type":"ReadAction","target":["https:\/\/franciscanos.org.br\/noticias\/papa-a-solenidade-de-hoje-nos-propoe-modelos-seguros-para-santidade.html"]}]},{"@type":"BreadcrumbList","@id":"https:\/\/franciscanos.org.br\/noticias\/papa-a-solenidade-de-hoje-nos-propoe-modelos-seguros-para-santidade.html#breadcrumb","itemListElement":[{"@type":"ListItem","position":1,"name":"Home","item":"https:\/\/franciscanos.org.br\/noticias"},{"@type":"ListItem","position":2,"name":"Papa: \u201cA solenidade de hoje nos prop\u00f5e modelos seguros para santidade&#8221;"}]},{"@type":"Person","@id":"https:\/\/franciscanos.org.br\/noticias\/#\/schema\/person\/b5c8cba458c330ccff548b056e95a5d4","name":"moacir","image":{"@type":"ImageObject","inLanguage":"pt-BR","@id":"https:\/\/franciscanos.org.br\/noticias\/#\/schema\/person\/image\/","url":"https:\/\/secure.gravatar.com\/avatar\/d08aa2ce4c8dd416d4479aa8536fcf64?s=96&d=mm&r=g","contentUrl":"https:\/\/secure.gravatar.com\/avatar\/d08aa2ce4c8dd416d4479aa8536fcf64?s=96&d=mm&r=g","caption":"moacir"},"url":"https:\/\/franciscanos.org.br\/noticias\/author\/moacir"}]}},"_links":{"self":[{"href":"https:\/\/franciscanos.org.br\/noticias\/wp-json\/wp\/v2\/posts\/228988"}],"collection":[{"href":"https:\/\/franciscanos.org.br\/noticias\/wp-json\/wp\/v2\/posts"}],"about":[{"href":"https:\/\/franciscanos.org.br\/noticias\/wp-json\/wp\/v2\/types\/post"}],"author":[{"embeddable":true,"href":"https:\/\/franciscanos.org.br\/noticias\/wp-json\/wp\/v2\/users\/3"}],"replies":[{"embeddable":true,"href":"https:\/\/franciscanos.org.br\/noticias\/wp-json\/wp\/v2\/comments?post=228988"}],"version-history":[{"count":1,"href":"https:\/\/franciscanos.org.br\/noticias\/wp-json\/wp\/v2\/posts\/228988\/revisions"}],"predecessor-version":[{"id":228991,"href":"https:\/\/franciscanos.org.br\/noticias\/wp-json\/wp\/v2\/posts\/228988\/revisions\/228991"}],"wp:featuredmedia":[{"embeddable":true,"href":"https:\/\/franciscanos.org.br\/noticias\/wp-json\/wp\/v2\/media\/228990"}],"wp:attachment":[{"href":"https:\/\/franciscanos.org.br\/noticias\/wp-json\/wp\/v2\/media?parent=228988"}],"wp:term":[{"taxonomy":"category","embeddable":true,"href":"https:\/\/franciscanos.org.br\/noticias\/wp-json\/wp\/v2\/categories?post=228988"},{"taxonomy":"post_tag","embeddable":true,"href":"https:\/\/franciscanos.org.br\/noticias\/wp-json\/wp\/v2\/tags?post=228988"}],"curies":[{"name":"wp","href":"https:\/\/api.w.org\/{rel}","templated":true}]}}