{"id":228979,"date":"2020-10-31T09:23:35","date_gmt":"2020-10-31T12:23:35","guid":{"rendered":"https:\/\/franciscanos.org.br\/noticias\/?p=228979"},"modified":"2020-10-31T09:28:24","modified_gmt":"2020-10-31T12:28:24","slug":"plante-uma-arvore-no-dia-de-finados-pelas-vitimas-da-covid-19-e-pela-casa-comum","status":"publish","type":"post","link":"https:\/\/franciscanos.org.br\/noticias\/plante-uma-arvore-no-dia-de-finados-pelas-vitimas-da-covid-19-e-pela-casa-comum.html","title":{"rendered":"Plante uma \u00e1rvore no Dia de Finados pelas v\u00edtimas da Covid-19 e pela Casa Comum"},"content":{"rendered":"<p>&nbsp;<\/p>\n<p><img loading=\"lazy\" class=\"alignnone size-full wp-image-228984\" src=\"https:\/\/franciscanos.org.br\/noticias\/wp-content\/uploads\/2020\/10\/cuidar_3110.jpg\" alt=\"\" width=\"1280\" height=\"523\" srcset=\"https:\/\/franciscanos.org.br\/noticias\/wp-content\/uploads\/2020\/10\/cuidar_3110.jpg 1280w, https:\/\/franciscanos.org.br\/noticias\/wp-content\/uploads\/2020\/10\/cuidar_3110-450x184.jpg 450w, https:\/\/franciscanos.org.br\/noticias\/wp-content\/uploads\/2020\/10\/cuidar_3110-1024x418.jpg 1024w, https:\/\/franciscanos.org.br\/noticias\/wp-content\/uploads\/2020\/10\/cuidar_3110-768x314.jpg 768w, https:\/\/franciscanos.org.br\/noticias\/wp-content\/uploads\/2020\/10\/cuidar_3110-150x61.jpg 150w\" sizes=\"(max-width: 1280px) 100vw, 1280px\" \/><\/p>\n<p>\u201cMais um Dia de Finados em que a saudade bate forte no cora\u00e7\u00e3o, como ela se faz presente a cada dia do ano, a cada momento, a cada hora. Neste ano, por\u00e9m, al\u00e9m da mem\u00f3ria dos que se foram, n\u00f3s nos lembramos das in\u00fameras v\u00edtimas da Covid-19. Um ano que nos impede de fazer o que usualmente n\u00f3s fazemos no Dia de Finados. Como, neste ano, temos a dificuldade da aglomera\u00e7\u00e3o, apresentamos a voc\u00ea uma forma de, junto com a ora\u00e7\u00e3o, junto com tudo aquilo que voc\u00ea j\u00e1 faz &#8211; sem se colocar em risco e colocar outras pessoas em risco, n\u00f3s propomos a voc\u00ea uma maneira de manifestar a f\u00e9 e homenagear as vidas que se foram.\u201d<\/p>\n<p>A nova proposta apresentada pela Confer\u00eancia Nacional dos Bispos do Brasil (CNBB), parte atrav\u00e9s do secret\u00e1rio-geral, dom Joel Portella Amado. Em mensagem em v\u00eddeo, o bispo auxiliar do Rio de Janeiro exorta os fi\u00e9is a, junto \u00e0 ora\u00e7\u00e3o pelos falecidos, realizar uma pequena a\u00e7\u00e3o que pode fazer a diferen\u00e7a pelo bem da Casa Comum:<\/p>\n<p>\u201cNo tempo em que n\u00f3s n\u00e3o podemos nos reunir fisicamente e num tempo tamb\u00e9m que, atrav\u00e9s das queimadas, o meio ambiente vem se mostrando cada vez mais agredido, destru\u00eddo, propomos a voc\u00ea uma atitude pequena, simples, que se une \u00e0 ora\u00e7\u00e3o, que se une a tudo que \u00e9 feito, manifestando o nosso compromisso pela Casa Comum que o Criador nos deu. Uma muda de \u00e1rvore, uma \u00e1rvore nativa, uma \u00e1rvore pr\u00f3pria da sua regi\u00e3o portanto, se poss\u00edvel, uma \u00e1rvore aliment\u00edcia: plante uma \u00e1rvore! Esse \u00e9 um convite feito a todos n\u00f3s num tempo em que a aglomera\u00e7\u00e3o, estar fisicamente juntos, compartilhando abra\u00e7o, compartilhando a saudade, nada disso \u00e9 poss\u00edvel ainda, n\u00e9? A pandemia n\u00e3o deixa.&#8221;<\/p>\n<p><iframe loading=\"lazy\" title=\"Dom Joel Portella Amado comenta a campanha #CuidarDaSaudade\" width=\"500\" height=\"281\" src=\"https:\/\/www.youtube.com\/embed\/LHgQY6skXXg?feature=oembed\" frameborder=\"0\" allow=\"accelerometer; autoplay; clipboard-write; encrypted-media; gyroscope; picture-in-picture\" allowfullscreen><\/iframe><\/p>\n<p>\u201cNeste ano, junto com as ora\u00e7\u00f5es, junto com tudo aquilo que faz mexer a saudade no cora\u00e7\u00e3o da gente, fica o convite para que, atrav\u00e9s de um compromisso com a Casa Comum, voc\u00ea possa manifestar a f\u00e9 no Deus da vida.\u201d<\/p>\n<p>Cuidar da Saudade e da Casa Comum<br \/>\nAo plantar uma \u00e1rvore, de prefer\u00eancia a partir de mudas nativas ou frut\u00edferas, enaltece ainda dom Joel, quem puder, tamb\u00e9m pode fazer uma foto e compartilhar nas redes sociais com a #CuidarDaSaudade, junto \u00e0 hist\u00f3ria de quem vai receber a homenagem. Essa \u00e9 mais uma iniciativa que faz parte da A\u00e7\u00e3o Solid\u00e1ria Emergencial da Igreja no Brasil \u201c\u00c9 Tempo de Cuidar\u201d para, no Dia de Finados, \u201ctestemunhar a esperan\u00e7a na ressurrei\u00e7\u00e3o\u201d, afirma o bispo auxiliar, que complementa:<\/p>\n<p>\u201cAssim como quem se foi, deixou muito nesta vida para todos n\u00f3s; n\u00f3s, tamb\u00e9m, ao plantar as \u00e1rvores queremos expressar tudo aquilo que, de cora\u00e7\u00e3o e motivados pela f\u00e9, n\u00f3s queremos deixar para as pr\u00f3ximas gera\u00e7\u00f5es.\u201d<\/p>\n<hr \/>\n<p><em>Fonte: CNBB<\/em><\/p>\n","protected":false},"excerpt":{"rendered":"<p>CNBB<\/p>\n","protected":false},"author":3,"featured_media":228985,"comment_status":"open","ping_status":"open","sticky":false,"template":"","format":"standard","meta":[],"categories":[1],"tags":[29,489],"acf":[],"yoast_head":"<!-- This site is optimized with the Yoast SEO plugin v19.2 - https:\/\/yoast.com\/wordpress\/plugins\/seo\/ -->\n<title>Plante uma \u00e1rvore no Dia de Finados pelas v\u00edtimas da Covid-19 e pela Casa Comum - Not\u00edcias - Franciscanos<\/title>\n<meta name=\"robots\" content=\"index, follow, max-snippet:-1, max-image-preview:large, max-video-preview:-1\" \/>\n<link rel=\"canonical\" href=\"https:\/\/franciscanos.org.br\/noticias\/plante-uma-arvore-no-dia-de-finados-pelas-vitimas-da-covid-19-e-pela-casa-comum.html\" \/>\n<meta property=\"og:locale\" content=\"pt_BR\" \/>\n<meta property=\"og:type\" content=\"article\" \/>\n<meta property=\"og:title\" content=\"Plante uma \u00e1rvore no Dia de Finados pelas v\u00edtimas da Covid-19 e pela Casa Comum - Not\u00edcias - Franciscanos\" \/>\n<meta property=\"og:description\" content=\"CNBB\" \/>\n<meta property=\"og:url\" content=\"https:\/\/franciscanos.org.br\/noticias\/plante-uma-arvore-no-dia-de-finados-pelas-vitimas-da-covid-19-e-pela-casa-comum.html\" \/>\n<meta property=\"og:site_name\" content=\"Not\u00edcias - Franciscanos\" \/>\n<meta property=\"article:published_time\" content=\"2020-10-31T12:23:35+00:00\" \/>\n<meta property=\"article:modified_time\" content=\"2020-10-31T12:28:24+00:00\" \/>\n<meta property=\"og:image\" content=\"https:\/\/franciscanos.org.br\/noticias\/wp-content\/uploads\/2020\/10\/cuidar_d10.jpg\" \/>\n\t<meta property=\"og:image:width\" content=\"800\" \/>\n\t<meta property=\"og:image:height\" content=\"599\" \/>\n\t<meta property=\"og:image:type\" content=\"image\/jpeg\" \/>\n<meta name=\"author\" content=\"moacir\" \/>\n<meta name=\"twitter:card\" content=\"summary_large_image\" \/>\n<meta name=\"twitter:label1\" content=\"Escrito por\" \/>\n\t<meta name=\"twitter:data1\" content=\"moacir\" \/>\n\t<meta name=\"twitter:label2\" content=\"Est. tempo de leitura\" \/>\n\t<meta name=\"twitter:data2\" content=\"3 minutos\" \/>\n<script type=\"application\/ld+json\" class=\"yoast-schema-graph\">{\"@context\":\"https:\/\/schema.org\",\"@graph\":[{\"@type\":\"WebSite\",\"@id\":\"https:\/\/franciscanos.org.br\/noticias\/#website\",\"url\":\"https:\/\/franciscanos.org.br\/noticias\/\",\"name\":\"Not\u00edcias - Franciscanos\",\"description\":\"Prov\u00edncia Franciscana da Imaculada Concei\u00e7\u00e3o do Brasil - Ordem dos Frades Menores - OFM\",\"potentialAction\":[{\"@type\":\"SearchAction\",\"target\":{\"@type\":\"EntryPoint\",\"urlTemplate\":\"https:\/\/franciscanos.org.br\/noticias\/?s={search_term_string}\"},\"query-input\":\"required name=search_term_string\"}],\"inLanguage\":\"pt-BR\"},{\"@type\":\"ImageObject\",\"inLanguage\":\"pt-BR\",\"@id\":\"https:\/\/franciscanos.org.br\/noticias\/plante-uma-arvore-no-dia-de-finados-pelas-vitimas-da-covid-19-e-pela-casa-comum.html#primaryimage\",\"url\":\"https:\/\/franciscanos.org.br\/noticias\/wp-content\/uploads\/2020\/10\/cuidar_d10.jpg\",\"contentUrl\":\"https:\/\/franciscanos.org.br\/noticias\/wp-content\/uploads\/2020\/10\/cuidar_d10.jpg\",\"width\":800,\"height\":599},{\"@type\":\"WebPage\",\"@id\":\"https:\/\/franciscanos.org.br\/noticias\/plante-uma-arvore-no-dia-de-finados-pelas-vitimas-da-covid-19-e-pela-casa-comum.html#webpage\",\"url\":\"https:\/\/franciscanos.org.br\/noticias\/plante-uma-arvore-no-dia-de-finados-pelas-vitimas-da-covid-19-e-pela-casa-comum.html\",\"name\":\"Plante uma \u00e1rvore no Dia de Finados pelas v\u00edtimas da Covid-19 e pela Casa Comum - Not\u00edcias - Franciscanos\",\"isPartOf\":{\"@id\":\"https:\/\/franciscanos.org.br\/noticias\/#website\"},\"primaryImageOfPage\":{\"@id\":\"https:\/\/franciscanos.org.br\/noticias\/plante-uma-arvore-no-dia-de-finados-pelas-vitimas-da-covid-19-e-pela-casa-comum.html#primaryimage\"},\"datePublished\":\"2020-10-31T12:23:35+00:00\",\"dateModified\":\"2020-10-31T12:28:24+00:00\",\"author\":{\"@id\":\"https:\/\/franciscanos.org.br\/noticias\/#\/schema\/person\/b5c8cba458c330ccff548b056e95a5d4\"},\"breadcrumb\":{\"@id\":\"https:\/\/franciscanos.org.br\/noticias\/plante-uma-arvore-no-dia-de-finados-pelas-vitimas-da-covid-19-e-pela-casa-comum.html#breadcrumb\"},\"inLanguage\":\"pt-BR\",\"potentialAction\":[{\"@type\":\"ReadAction\",\"target\":[\"https:\/\/franciscanos.org.br\/noticias\/plante-uma-arvore-no-dia-de-finados-pelas-vitimas-da-covid-19-e-pela-casa-comum.html\"]}]},{\"@type\":\"BreadcrumbList\",\"@id\":\"https:\/\/franciscanos.org.br\/noticias\/plante-uma-arvore-no-dia-de-finados-pelas-vitimas-da-covid-19-e-pela-casa-comum.html#breadcrumb\",\"itemListElement\":[{\"@type\":\"ListItem\",\"position\":1,\"name\":\"Home\",\"item\":\"https:\/\/franciscanos.org.br\/noticias\"},{\"@type\":\"ListItem\",\"position\":2,\"name\":\"Plante uma \u00e1rvore no Dia de Finados pelas v\u00edtimas da Covid-19 e pela Casa Comum\"}]},{\"@type\":\"Person\",\"@id\":\"https:\/\/franciscanos.org.br\/noticias\/#\/schema\/person\/b5c8cba458c330ccff548b056e95a5d4\",\"name\":\"moacir\",\"image\":{\"@type\":\"ImageObject\",\"inLanguage\":\"pt-BR\",\"@id\":\"https:\/\/franciscanos.org.br\/noticias\/#\/schema\/person\/image\/\",\"url\":\"https:\/\/secure.gravatar.com\/avatar\/d08aa2ce4c8dd416d4479aa8536fcf64?s=96&d=mm&r=g\",\"contentUrl\":\"https:\/\/secure.gravatar.com\/avatar\/d08aa2ce4c8dd416d4479aa8536fcf64?s=96&d=mm&r=g\",\"caption\":\"moacir\"},\"url\":\"https:\/\/franciscanos.org.br\/noticias\/author\/moacir\"}]}<\/script>\n<!-- \/ Yoast SEO plugin. -->","yoast_head_json":{"title":"Plante uma \u00e1rvore no Dia de Finados pelas v\u00edtimas da Covid-19 e pela Casa Comum - Not\u00edcias - Franciscanos","robots":{"index":"index","follow":"follow","max-snippet":"max-snippet:-1","max-image-preview":"max-image-preview:large","max-video-preview":"max-video-preview:-1"},"canonical":"https:\/\/franciscanos.org.br\/noticias\/plante-uma-arvore-no-dia-de-finados-pelas-vitimas-da-covid-19-e-pela-casa-comum.html","og_locale":"pt_BR","og_type":"article","og_title":"Plante uma \u00e1rvore no Dia de Finados pelas v\u00edtimas da Covid-19 e pela Casa Comum - Not\u00edcias - Franciscanos","og_description":"CNBB","og_url":"https:\/\/franciscanos.org.br\/noticias\/plante-uma-arvore-no-dia-de-finados-pelas-vitimas-da-covid-19-e-pela-casa-comum.html","og_site_name":"Not\u00edcias - Franciscanos","article_published_time":"2020-10-31T12:23:35+00:00","article_modified_time":"2020-10-31T12:28:24+00:00","og_image":[{"width":800,"height":599,"url":"https:\/\/franciscanos.org.br\/noticias\/wp-content\/uploads\/2020\/10\/cuidar_d10.jpg","type":"image\/jpeg"}],"author":"moacir","twitter_card":"summary_large_image","twitter_misc":{"Escrito por":"moacir","Est. tempo de leitura":"3 minutos"},"schema":{"@context":"https:\/\/schema.org","@graph":[{"@type":"WebSite","@id":"https:\/\/franciscanos.org.br\/noticias\/#website","url":"https:\/\/franciscanos.org.br\/noticias\/","name":"Not\u00edcias - Franciscanos","description":"Prov\u00edncia Franciscana da Imaculada Concei\u00e7\u00e3o do Brasil - Ordem dos Frades Menores - OFM","potentialAction":[{"@type":"SearchAction","target":{"@type":"EntryPoint","urlTemplate":"https:\/\/franciscanos.org.br\/noticias\/?s={search_term_string}"},"query-input":"required name=search_term_string"}],"inLanguage":"pt-BR"},{"@type":"ImageObject","inLanguage":"pt-BR","@id":"https:\/\/franciscanos.org.br\/noticias\/plante-uma-arvore-no-dia-de-finados-pelas-vitimas-da-covid-19-e-pela-casa-comum.html#primaryimage","url":"https:\/\/franciscanos.org.br\/noticias\/wp-content\/uploads\/2020\/10\/cuidar_d10.jpg","contentUrl":"https:\/\/franciscanos.org.br\/noticias\/wp-content\/uploads\/2020\/10\/cuidar_d10.jpg","width":800,"height":599},{"@type":"WebPage","@id":"https:\/\/franciscanos.org.br\/noticias\/plante-uma-arvore-no-dia-de-finados-pelas-vitimas-da-covid-19-e-pela-casa-comum.html#webpage","url":"https:\/\/franciscanos.org.br\/noticias\/plante-uma-arvore-no-dia-de-finados-pelas-vitimas-da-covid-19-e-pela-casa-comum.html","name":"Plante uma \u00e1rvore no Dia de Finados pelas v\u00edtimas da Covid-19 e pela Casa Comum - Not\u00edcias - Franciscanos","isPartOf":{"@id":"https:\/\/franciscanos.org.br\/noticias\/#website"},"primaryImageOfPage":{"@id":"https:\/\/franciscanos.org.br\/noticias\/plante-uma-arvore-no-dia-de-finados-pelas-vitimas-da-covid-19-e-pela-casa-comum.html#primaryimage"},"datePublished":"2020-10-31T12:23:35+00:00","dateModified":"2020-10-31T12:28:24+00:00","author":{"@id":"https:\/\/franciscanos.org.br\/noticias\/#\/schema\/person\/b5c8cba458c330ccff548b056e95a5d4"},"breadcrumb":{"@id":"https:\/\/franciscanos.org.br\/noticias\/plante-uma-arvore-no-dia-de-finados-pelas-vitimas-da-covid-19-e-pela-casa-comum.html#breadcrumb"},"inLanguage":"pt-BR","potentialAction":[{"@type":"ReadAction","target":["https:\/\/franciscanos.org.br\/noticias\/plante-uma-arvore-no-dia-de-finados-pelas-vitimas-da-covid-19-e-pela-casa-comum.html"]}]},{"@type":"BreadcrumbList","@id":"https:\/\/franciscanos.org.br\/noticias\/plante-uma-arvore-no-dia-de-finados-pelas-vitimas-da-covid-19-e-pela-casa-comum.html#breadcrumb","itemListElement":[{"@type":"ListItem","position":1,"name":"Home","item":"https:\/\/franciscanos.org.br\/noticias"},{"@type":"ListItem","position":2,"name":"Plante uma \u00e1rvore no Dia de Finados pelas v\u00edtimas da Covid-19 e pela Casa Comum"}]},{"@type":"Person","@id":"https:\/\/franciscanos.org.br\/noticias\/#\/schema\/person\/b5c8cba458c330ccff548b056e95a5d4","name":"moacir","image":{"@type":"ImageObject","inLanguage":"pt-BR","@id":"https:\/\/franciscanos.org.br\/noticias\/#\/schema\/person\/image\/","url":"https:\/\/secure.gravatar.com\/avatar\/d08aa2ce4c8dd416d4479aa8536fcf64?s=96&d=mm&r=g","contentUrl":"https:\/\/secure.gravatar.com\/avatar\/d08aa2ce4c8dd416d4479aa8536fcf64?s=96&d=mm&r=g","caption":"moacir"},"url":"https:\/\/franciscanos.org.br\/noticias\/author\/moacir"}]}},"_links":{"self":[{"href":"https:\/\/franciscanos.org.br\/noticias\/wp-json\/wp\/v2\/posts\/228979"}],"collection":[{"href":"https:\/\/franciscanos.org.br\/noticias\/wp-json\/wp\/v2\/posts"}],"about":[{"href":"https:\/\/franciscanos.org.br\/noticias\/wp-json\/wp\/v2\/types\/post"}],"author":[{"embeddable":true,"href":"https:\/\/franciscanos.org.br\/noticias\/wp-json\/wp\/v2\/users\/3"}],"replies":[{"embeddable":true,"href":"https:\/\/franciscanos.org.br\/noticias\/wp-json\/wp\/v2\/comments?post=228979"}],"version-history":[{"count":4,"href":"https:\/\/franciscanos.org.br\/noticias\/wp-json\/wp\/v2\/posts\/228979\/revisions"}],"predecessor-version":[{"id":228987,"href":"https:\/\/franciscanos.org.br\/noticias\/wp-json\/wp\/v2\/posts\/228979\/revisions\/228987"}],"wp:featuredmedia":[{"embeddable":true,"href":"https:\/\/franciscanos.org.br\/noticias\/wp-json\/wp\/v2\/media\/228985"}],"wp:attachment":[{"href":"https:\/\/franciscanos.org.br\/noticias\/wp-json\/wp\/v2\/media?parent=228979"}],"wp:term":[{"taxonomy":"category","embeddable":true,"href":"https:\/\/franciscanos.org.br\/noticias\/wp-json\/wp\/v2\/categories?post=228979"},{"taxonomy":"post_tag","embeddable":true,"href":"https:\/\/franciscanos.org.br\/noticias\/wp-json\/wp\/v2\/tags?post=228979"}],"curies":[{"name":"wp","href":"https:\/\/api.w.org\/{rel}","templated":true}]}}