{"id":228968,"date":"2020-10-29T07:25:48","date_gmt":"2020-10-29T10:25:48","guid":{"rendered":"https:\/\/franciscanos.org.br\/noticias\/?p=228968"},"modified":"2020-10-29T07:33:01","modified_gmt":"2020-10-29T10:33:01","slug":"espirito-de-assis-e-celebrado-na-paroquia-santa-clara-de-imbarie","status":"publish","type":"post","link":"https:\/\/franciscanos.org.br\/noticias\/espirito-de-assis-e-celebrado-na-paroquia-santa-clara-de-imbarie.html","title":{"rendered":"Esp\u00edrito de Assis \u00e9 celebrado na Par\u00f3quia Santa Clara de Imbari\u00ea"},"content":{"rendered":"<p><img loading=\"lazy\" class=\"alignnone size-full wp-image-228969\" src=\"https:\/\/franciscanos.org.br\/noticias\/wp-content\/uploads\/2020\/10\/espirito_01.jpg\" alt=\"\" width=\"1280\" height=\"667\" srcset=\"https:\/\/franciscanos.org.br\/noticias\/wp-content\/uploads\/2020\/10\/espirito_01.jpg 1280w, https:\/\/franciscanos.org.br\/noticias\/wp-content\/uploads\/2020\/10\/espirito_01-450x234.jpg 450w, https:\/\/franciscanos.org.br\/noticias\/wp-content\/uploads\/2020\/10\/espirito_01-1024x534.jpg 1024w, https:\/\/franciscanos.org.br\/noticias\/wp-content\/uploads\/2020\/10\/espirito_01-768x400.jpg 768w, https:\/\/franciscanos.org.br\/noticias\/wp-content\/uploads\/2020\/10\/espirito_01-150x78.jpg 150w\" sizes=\"(max-width: 1280px) 100vw, 1280px\" \/><\/p>\n<p><strong>Frei Gabriel Dellandrea<\/strong><\/p>\n<p><strong>Duque de Caxias (RJ)\u00a0<\/strong> &#8211; A beleza na execu\u00e7\u00e3o de uma m\u00fasica depende de v\u00e1rios fatores: harmonia, cad\u00eancia correta, instrumentos adequados, boa prepara\u00e7\u00e3o, afina\u00e7\u00e3o&#8230; Por isso, pode-se dizer que o Encontro sobre o Di\u00e1logo Inter-religioso \u201cEsp\u00edrito de Assis\u201d, ocorrido no centro paroquial da Par\u00f3quia Santa Clara de Imbari\u00ea, na \u00faltima ter\u00e7a-feira (27\/10), \u00e0s 19h30, pode ser comparado a uma bela m\u00fasica! Tudo esteve \u201cafinado\u201d, \u201cnuma s\u00f3 voz\u201d, mas n\u00e3o sendo um mon\u00f3logo, mas a execu\u00e7\u00e3o da arte da capacidade do di\u00e1logo, da partilha e do sonho de um mundo que viva em paz. Por isso, para que o encontro com o outro pudesse acontecer, l\u00edderes de presen\u00e7as religiosas no territ\u00f3rio da par\u00f3quia foram convidados. Este evento possui por inspira\u00e7\u00e3o o encontro realizado por Jo\u00e3o Paulo II, em Assis, no ano de 1986, onde foram reunidos l\u00edderes de diversas religi\u00f5es para buscar um esp\u00edrito de comunh\u00e3o e paz.<\/p>\n<p>Um dos atributos que ajudou a tornar o encontro uma &#8220;bela can\u00e7\u00e3o\u201d, entoada pelos acordes da paz, tamb\u00e9m foi o ensejo de preparar cada detalhe com carinho e simplicidade. Flores, velas, palavras coladas nas paredes indicavam que o encontro seria um momento de singular significado, onde a ornamenta\u00e7\u00e3o simples deixava evidente o principal: a beleza dos cora\u00e7\u00f5es generosos que queriam se abrir ao di\u00e1logo. Uma das notas mais afinadas da melodia que perpassou o encontro tamb\u00e9m foi a iniciativa, logo na chegada, onde cada pessoa recebia um bombom, representando a do\u00e7ura do abra\u00e7o que a Par\u00f3quia gostaria de dar a todos, mas que no momento fica guardado para o futuro por causa da pandemia da Covid-19.<\/p>\n<p><img loading=\"lazy\" class=\"alignright size-full wp-image-228976\" src=\"https:\/\/franciscanos.org.br\/noticias\/wp-content\/uploads\/2020\/10\/espirito_04-1.jpg\" alt=\"\" width=\"400\" height=\"379\" srcset=\"https:\/\/franciscanos.org.br\/noticias\/wp-content\/uploads\/2020\/10\/espirito_04-1.jpg 400w, https:\/\/franciscanos.org.br\/noticias\/wp-content\/uploads\/2020\/10\/espirito_04-1-150x142.jpg 150w\" sizes=\"(max-width: 400px) 100vw, 400px\" \/>A celebra\u00e7\u00e3o iniciou com uma animada acolhida de cada l\u00edder religioso, com cantorias e palmas, bem animadas, como \u00e9 pr\u00f3prio do modo de vivenciar a f\u00e9 na Baixada Fluminense. Depois, a leitura de um trecho do Evangelho e do par\u00e1grafo 203 da Enc\u00edclica Fratelli Tutti do Papa Francisco ajudaram a dar um fundamento, uma base para o sentido do di\u00e1logo inter-religioso que se queria tratar. O ponto alto da celebra\u00e7\u00e3o foi a partilha breve de cada l\u00edder religioso presente. Confira abaixo um pouco do que cada um falou.<\/p>\n<p><strong>Regina C\u00e9lia Martins Costa<\/strong>, representando o Centro Esp\u00edrita Lar de Jos\u00e9, da Ilha do Governador, que fez a leitura do Evangelho de Mt 5, 43-48, iniciou as reflex\u00f5es dizendo: \u201cA nossa vaidade, o nosso orgulho, ainda nos fazem pequenos neste mundo. N\u00f3s amamos aqueles que nos amam, mas o dif\u00edcil e o mais importante \u00e9 amar aqueles que n\u00e3o nos amam. Aqueles que se dizem nossos inimigos. A\u00ed est\u00e1 a grande proposta de Jesus\u201d. Ela ainda admoestou a todos com as seguintes palavras de encorajamento, explicando o mandamento de Jesus no que se refere ao amor ao pr\u00f3ximo: \u201cEste \u00e9 o caminho que vai nos levar adiante. \u00c9 para isso que ele [Jesus] veio aqui, \u00e9 para isso que ele trouxe a sua palavra: \u00e9 para que n\u00f3s possamos entender que amar o nosso pr\u00f3ximo \u00e9 a amar a humanidade como um todo!\u201d.<\/p>\n<p><strong>Padre Gabriel (Jos\u00e9 Luiz)<\/strong> da Par\u00f3quia Ortodoxa Antioquina S\u00e3o Cosme e S\u00e3o Dami\u00e3o, do Parque Paulista, em Duque de Caxias (RJ), continuou o momento do di\u00e1logo fraterno iniciando o seu momento de fala com uma m\u00fasica que, segundo ele, esteve em seu pensamento quando come\u00e7ou a pensar esta ocasi\u00e3o: \u201cPalavra n\u00e3o foi feita para dividir ningu\u00e9m, Palavra \u00e9 a ponte onde o amor vai e vem\u201d. Na sua reflex\u00e3o ele ressaltou que \u00e9 muito salutar trazer \u00e0 tona hoje o esp\u00edrito franciscano de compreender o outro, levantando uma mensagem de eternidade. Falando sobre a integra\u00e7\u00e3o das religi\u00f5es em prol do bem comum, ele lembrou que muitas pessoas recebem mensagens com m\u00fasicas que s\u00e3o capazes de trazerem bons sentimentos por causa de sua melodia, da letra, mas que nem sempre s\u00e3o do mesmo seguimento religioso que a pessoa professa sua f\u00e9: \u201cAs letras s\u00e3o cada vez mais interessantes, com uma certa alto-estima que \u00e9 muito boa, e aquela pessoa que est\u00e1 numa certa depress\u00e3o, passando por algum problema em casa, de desemprego ou doente, recebe aquele \u2018zap\u2019 e fica escutando com certo carinho\u201d. Ele finalizou lembrando do grande legado franciscano sobre esse di\u00e1logo entre as diferen\u00e7as dizendo: \u201cS\u00e3o Francisco de Assis: seja eterna a sua mem\u00f3ria!\u201d.<\/p>\n<p><strong>Roberto Almeida da Cruz,<\/strong> mais conhecido como Pai Roberto, representando as religi\u00f5es afro-brasileiras, ressaltou que era um prazer estar novamente participando deste encontro, dizendo com que tal iniciativa ajuda na renova\u00e7\u00e3o no di\u00e1logo entre as religi\u00f5es, constantemente necess\u00e1ria. Fazendo uma pequena retrospectiva hist\u00f3rica ele fez perceber que h\u00e1 movimentos que j\u00e1 fizeram crescer a capacidade do di\u00e1logo, por\u00e9m, mesmo dentro da religi\u00e3o em que ele professa, acaba encontrando divis\u00f5es e desencontros que ainda impedem um movimento maior de renova\u00e7\u00e3o e compreens\u00e3o do outro. Mas animou a todos dizendo que: \u201cEu acredito muito na transforma\u00e7\u00e3o. Deus \u00e9 o maior de tudo. A gente n\u00e3o pode colocar nada acima de Dele!\u201d.<\/p>\n<p><img loading=\"lazy\" class=\"alignnone size-full wp-image-228971\" src=\"https:\/\/franciscanos.org.br\/noticias\/wp-content\/uploads\/2020\/10\/espirito_02-1.jpg\" alt=\"\" width=\"1280\" height=\"651\" srcset=\"https:\/\/franciscanos.org.br\/noticias\/wp-content\/uploads\/2020\/10\/espirito_02-1.jpg 1280w, https:\/\/franciscanos.org.br\/noticias\/wp-content\/uploads\/2020\/10\/espirito_02-1-450x229.jpg 450w, https:\/\/franciscanos.org.br\/noticias\/wp-content\/uploads\/2020\/10\/espirito_02-1-1024x521.jpg 1024w, https:\/\/franciscanos.org.br\/noticias\/wp-content\/uploads\/2020\/10\/espirito_02-1-768x391.jpg 768w, https:\/\/franciscanos.org.br\/noticias\/wp-content\/uploads\/2020\/10\/espirito_02-1-150x76.jpg 150w\" sizes=\"(max-width: 1280px) 100vw, 1280px\" \/><\/p>\n<p>Finalizando a bonita \u201ccan\u00e7\u00e3o\u201d que foi esse di\u00e1logo fraterno dos l\u00edderes religiosos, <strong>Frei Jo\u00e3o Reinert,<\/strong> da Par\u00f3quia Santa Clara de Imbari\u00ea, ressaltou que no di\u00e1logo inter-religioso \u00e9 preciso valorizar e respeitar a experi\u00eancia religiosa do outro: \u201cO di\u00e1logo religioso, o Esp\u00edrito de Assis \u00e9 um momento de aprendizado\u201d. Para ilustrar, ele apresentou diante da assembleia um objeto e recordou que cada pessoa, do lugar onde est\u00e1, v\u00ea o objeto de um modo. \u00c9 assim que cada um v\u00ea o mist\u00e9rio de Deus: a partir de cada ponto de vista \u00e9 poss\u00edvel ver o mist\u00e9rio. E assim, no di\u00e1logo inter-religioso, o ser humano se abre na valoriza\u00e7\u00e3o da religi\u00e3o e da manifesta\u00e7\u00e3o divina que o outro vivencia. Por isso, momentos como a celebra\u00e7\u00e3o em quest\u00e3o, para o frade, se tornam uma oportunidade onde: \u201ceu vou aprender a ver o mist\u00e9rio de outra forma que eu n\u00e3o vejo do meu ponto de vista\u201d.<\/p>\n<p>Depois do di\u00e1logo fraterno, a celebra\u00e7\u00e3o continuou sendo uma can\u00e7\u00e3o bela e harmoniosa, reunindo a for\u00e7a da ora\u00e7\u00e3o comunit\u00e1ria com a ora\u00e7\u00e3o do Pai-Nosso na vers\u00e3o ecum\u00eanica. A b\u00ean\u00e7\u00e3o final foi um gesto de profunda espiritualidade: no sil\u00eancio, todos foram convidados a rezarem uns pelos outros, fazendo da aus\u00eancia de sons a oportunidade de escutar a can\u00e7\u00e3o da voz de Deus que com certeza ressoou no cora\u00e7\u00e3o de cada um com um sentimento: gratid\u00e3o por este momento oportuno de partilha de vida. Por fim, Frei Jo\u00e3o agradeceu a presen\u00e7a de todos e os l\u00edderes religiosos foram presenteados com flores, numa forma de gratid\u00e3o pela presen\u00e7a. Durante a celebra\u00e7\u00e3o buscou-se realizar todos os protocolos de distanciamento e as exig\u00eancias sanit\u00e1rias por causa do tempo de pandemia que se est\u00e1 vivendo. Por isso, o centro paroquial contou apenas com alguns representantes das comunidades da par\u00f3quia e das religi\u00f5es convidadas. Para que mais pessoas pudessem contemplar o momento, o mesmo foi transmitido pela p\u00e1gina do Facebook da par\u00f3quia e, numa parceria franciscana, tamb\u00e9m a p\u00e1gina do Facebook da Par\u00f3quia Sagrado Cora\u00e7\u00e3o de Jesus de Petr\u00f3polis compartilhou a live, levando para ainda mais longe esta can\u00e7\u00e3o do di\u00e1logo e da paz que foi este momento t\u00e3o importante!<\/p>\n","protected":false},"excerpt":{"rendered":"<p>Celebra\u00e7\u00e3o na Par\u00f3quia Santa Clara de Assis<\/p>\n","protected":false},"author":3,"featured_media":228970,"comment_status":"open","ping_status":"open","sticky":false,"template":"","format":"standard","meta":[],"categories":[1],"tags":[1772],"acf":[],"yoast_head":"<!-- This site is optimized with the Yoast SEO plugin v19.2 - https:\/\/yoast.com\/wordpress\/plugins\/seo\/ -->\n<title>Esp\u00edrito de Assis \u00e9 celebrado na Par\u00f3quia Santa Clara de Imbari\u00ea - Not\u00edcias - Franciscanos<\/title>\n<meta name=\"robots\" content=\"index, follow, max-snippet:-1, max-image-preview:large, max-video-preview:-1\" \/>\n<link rel=\"canonical\" href=\"https:\/\/franciscanos.org.br\/noticias\/espirito-de-assis-e-celebrado-na-paroquia-santa-clara-de-imbarie.html\" \/>\n<meta property=\"og:locale\" content=\"pt_BR\" \/>\n<meta property=\"og:type\" content=\"article\" \/>\n<meta property=\"og:title\" content=\"Esp\u00edrito de Assis \u00e9 celebrado na Par\u00f3quia Santa Clara de Imbari\u00ea - Not\u00edcias - Franciscanos\" \/>\n<meta property=\"og:description\" content=\"Celebra\u00e7\u00e3o na Par\u00f3quia Santa Clara de Assis\" \/>\n<meta property=\"og:url\" content=\"https:\/\/franciscanos.org.br\/noticias\/espirito-de-assis-e-celebrado-na-paroquia-santa-clara-de-imbarie.html\" \/>\n<meta property=\"og:site_name\" content=\"Not\u00edcias - Franciscanos\" \/>\n<meta property=\"article:published_time\" content=\"2020-10-29T10:25:48+00:00\" \/>\n<meta property=\"article:modified_time\" content=\"2020-10-29T10:33:01+00:00\" \/>\n<meta property=\"og:image\" content=\"https:\/\/franciscanos.org.br\/noticias\/wp-content\/uploads\/2020\/10\/espirito_01d.jpg\" \/>\n\t<meta property=\"og:image:width\" content=\"800\" \/>\n\t<meta property=\"og:image:height\" content=\"600\" \/>\n\t<meta property=\"og:image:type\" content=\"image\/jpeg\" \/>\n<meta name=\"author\" content=\"moacir\" \/>\n<meta name=\"twitter:card\" content=\"summary_large_image\" \/>\n<meta name=\"twitter:label1\" content=\"Escrito por\" \/>\n\t<meta name=\"twitter:data1\" content=\"moacir\" \/>\n\t<meta name=\"twitter:label2\" content=\"Est. tempo de leitura\" \/>\n\t<meta name=\"twitter:data2\" content=\"6 minutos\" \/>\n<script type=\"application\/ld+json\" class=\"yoast-schema-graph\">{\"@context\":\"https:\/\/schema.org\",\"@graph\":[{\"@type\":\"WebSite\",\"@id\":\"https:\/\/franciscanos.org.br\/noticias\/#website\",\"url\":\"https:\/\/franciscanos.org.br\/noticias\/\",\"name\":\"Not\u00edcias - Franciscanos\",\"description\":\"Prov\u00edncia Franciscana da Imaculada Concei\u00e7\u00e3o do Brasil - Ordem dos Frades Menores - OFM\",\"potentialAction\":[{\"@type\":\"SearchAction\",\"target\":{\"@type\":\"EntryPoint\",\"urlTemplate\":\"https:\/\/franciscanos.org.br\/noticias\/?s={search_term_string}\"},\"query-input\":\"required name=search_term_string\"}],\"inLanguage\":\"pt-BR\"},{\"@type\":\"ImageObject\",\"inLanguage\":\"pt-BR\",\"@id\":\"https:\/\/franciscanos.org.br\/noticias\/espirito-de-assis-e-celebrado-na-paroquia-santa-clara-de-imbarie.html#primaryimage\",\"url\":\"https:\/\/franciscanos.org.br\/noticias\/wp-content\/uploads\/2020\/10\/espirito_01d.jpg\",\"contentUrl\":\"https:\/\/franciscanos.org.br\/noticias\/wp-content\/uploads\/2020\/10\/espirito_01d.jpg\",\"width\":800,\"height\":600},{\"@type\":\"WebPage\",\"@id\":\"https:\/\/franciscanos.org.br\/noticias\/espirito-de-assis-e-celebrado-na-paroquia-santa-clara-de-imbarie.html#webpage\",\"url\":\"https:\/\/franciscanos.org.br\/noticias\/espirito-de-assis-e-celebrado-na-paroquia-santa-clara-de-imbarie.html\",\"name\":\"Esp\u00edrito de Assis \u00e9 celebrado na Par\u00f3quia Santa Clara de Imbari\u00ea - Not\u00edcias - Franciscanos\",\"isPartOf\":{\"@id\":\"https:\/\/franciscanos.org.br\/noticias\/#website\"},\"primaryImageOfPage\":{\"@id\":\"https:\/\/franciscanos.org.br\/noticias\/espirito-de-assis-e-celebrado-na-paroquia-santa-clara-de-imbarie.html#primaryimage\"},\"datePublished\":\"2020-10-29T10:25:48+00:00\",\"dateModified\":\"2020-10-29T10:33:01+00:00\",\"author\":{\"@id\":\"https:\/\/franciscanos.org.br\/noticias\/#\/schema\/person\/b5c8cba458c330ccff548b056e95a5d4\"},\"breadcrumb\":{\"@id\":\"https:\/\/franciscanos.org.br\/noticias\/espirito-de-assis-e-celebrado-na-paroquia-santa-clara-de-imbarie.html#breadcrumb\"},\"inLanguage\":\"pt-BR\",\"potentialAction\":[{\"@type\":\"ReadAction\",\"target\":[\"https:\/\/franciscanos.org.br\/noticias\/espirito-de-assis-e-celebrado-na-paroquia-santa-clara-de-imbarie.html\"]}]},{\"@type\":\"BreadcrumbList\",\"@id\":\"https:\/\/franciscanos.org.br\/noticias\/espirito-de-assis-e-celebrado-na-paroquia-santa-clara-de-imbarie.html#breadcrumb\",\"itemListElement\":[{\"@type\":\"ListItem\",\"position\":1,\"name\":\"Home\",\"item\":\"https:\/\/franciscanos.org.br\/noticias\"},{\"@type\":\"ListItem\",\"position\":2,\"name\":\"Esp\u00edrito de Assis \u00e9 celebrado na Par\u00f3quia Santa Clara de Imbari\u00ea\"}]},{\"@type\":\"Person\",\"@id\":\"https:\/\/franciscanos.org.br\/noticias\/#\/schema\/person\/b5c8cba458c330ccff548b056e95a5d4\",\"name\":\"moacir\",\"image\":{\"@type\":\"ImageObject\",\"inLanguage\":\"pt-BR\",\"@id\":\"https:\/\/franciscanos.org.br\/noticias\/#\/schema\/person\/image\/\",\"url\":\"https:\/\/secure.gravatar.com\/avatar\/d08aa2ce4c8dd416d4479aa8536fcf64?s=96&d=mm&r=g\",\"contentUrl\":\"https:\/\/secure.gravatar.com\/avatar\/d08aa2ce4c8dd416d4479aa8536fcf64?s=96&d=mm&r=g\",\"caption\":\"moacir\"},\"url\":\"https:\/\/franciscanos.org.br\/noticias\/author\/moacir\"}]}<\/script>\n<!-- \/ Yoast SEO plugin. -->","yoast_head_json":{"title":"Esp\u00edrito de Assis \u00e9 celebrado na Par\u00f3quia Santa Clara de Imbari\u00ea - Not\u00edcias - Franciscanos","robots":{"index":"index","follow":"follow","max-snippet":"max-snippet:-1","max-image-preview":"max-image-preview:large","max-video-preview":"max-video-preview:-1"},"canonical":"https:\/\/franciscanos.org.br\/noticias\/espirito-de-assis-e-celebrado-na-paroquia-santa-clara-de-imbarie.html","og_locale":"pt_BR","og_type":"article","og_title":"Esp\u00edrito de Assis \u00e9 celebrado na Par\u00f3quia Santa Clara de Imbari\u00ea - Not\u00edcias - Franciscanos","og_description":"Celebra\u00e7\u00e3o na Par\u00f3quia Santa Clara de Assis","og_url":"https:\/\/franciscanos.org.br\/noticias\/espirito-de-assis-e-celebrado-na-paroquia-santa-clara-de-imbarie.html","og_site_name":"Not\u00edcias - Franciscanos","article_published_time":"2020-10-29T10:25:48+00:00","article_modified_time":"2020-10-29T10:33:01+00:00","og_image":[{"width":800,"height":600,"url":"https:\/\/franciscanos.org.br\/noticias\/wp-content\/uploads\/2020\/10\/espirito_01d.jpg","type":"image\/jpeg"}],"author":"moacir","twitter_card":"summary_large_image","twitter_misc":{"Escrito por":"moacir","Est. tempo de leitura":"6 minutos"},"schema":{"@context":"https:\/\/schema.org","@graph":[{"@type":"WebSite","@id":"https:\/\/franciscanos.org.br\/noticias\/#website","url":"https:\/\/franciscanos.org.br\/noticias\/","name":"Not\u00edcias - Franciscanos","description":"Prov\u00edncia Franciscana da Imaculada Concei\u00e7\u00e3o do Brasil - Ordem dos Frades Menores - OFM","potentialAction":[{"@type":"SearchAction","target":{"@type":"EntryPoint","urlTemplate":"https:\/\/franciscanos.org.br\/noticias\/?s={search_term_string}"},"query-input":"required name=search_term_string"}],"inLanguage":"pt-BR"},{"@type":"ImageObject","inLanguage":"pt-BR","@id":"https:\/\/franciscanos.org.br\/noticias\/espirito-de-assis-e-celebrado-na-paroquia-santa-clara-de-imbarie.html#primaryimage","url":"https:\/\/franciscanos.org.br\/noticias\/wp-content\/uploads\/2020\/10\/espirito_01d.jpg","contentUrl":"https:\/\/franciscanos.org.br\/noticias\/wp-content\/uploads\/2020\/10\/espirito_01d.jpg","width":800,"height":600},{"@type":"WebPage","@id":"https:\/\/franciscanos.org.br\/noticias\/espirito-de-assis-e-celebrado-na-paroquia-santa-clara-de-imbarie.html#webpage","url":"https:\/\/franciscanos.org.br\/noticias\/espirito-de-assis-e-celebrado-na-paroquia-santa-clara-de-imbarie.html","name":"Esp\u00edrito de Assis \u00e9 celebrado na Par\u00f3quia Santa Clara de Imbari\u00ea - Not\u00edcias - Franciscanos","isPartOf":{"@id":"https:\/\/franciscanos.org.br\/noticias\/#website"},"primaryImageOfPage":{"@id":"https:\/\/franciscanos.org.br\/noticias\/espirito-de-assis-e-celebrado-na-paroquia-santa-clara-de-imbarie.html#primaryimage"},"datePublished":"2020-10-29T10:25:48+00:00","dateModified":"2020-10-29T10:33:01+00:00","author":{"@id":"https:\/\/franciscanos.org.br\/noticias\/#\/schema\/person\/b5c8cba458c330ccff548b056e95a5d4"},"breadcrumb":{"@id":"https:\/\/franciscanos.org.br\/noticias\/espirito-de-assis-e-celebrado-na-paroquia-santa-clara-de-imbarie.html#breadcrumb"},"inLanguage":"pt-BR","potentialAction":[{"@type":"ReadAction","target":["https:\/\/franciscanos.org.br\/noticias\/espirito-de-assis-e-celebrado-na-paroquia-santa-clara-de-imbarie.html"]}]},{"@type":"BreadcrumbList","@id":"https:\/\/franciscanos.org.br\/noticias\/espirito-de-assis-e-celebrado-na-paroquia-santa-clara-de-imbarie.html#breadcrumb","itemListElement":[{"@type":"ListItem","position":1,"name":"Home","item":"https:\/\/franciscanos.org.br\/noticias"},{"@type":"ListItem","position":2,"name":"Esp\u00edrito de Assis \u00e9 celebrado na Par\u00f3quia Santa Clara de Imbari\u00ea"}]},{"@type":"Person","@id":"https:\/\/franciscanos.org.br\/noticias\/#\/schema\/person\/b5c8cba458c330ccff548b056e95a5d4","name":"moacir","image":{"@type":"ImageObject","inLanguage":"pt-BR","@id":"https:\/\/franciscanos.org.br\/noticias\/#\/schema\/person\/image\/","url":"https:\/\/secure.gravatar.com\/avatar\/d08aa2ce4c8dd416d4479aa8536fcf64?s=96&d=mm&r=g","contentUrl":"https:\/\/secure.gravatar.com\/avatar\/d08aa2ce4c8dd416d4479aa8536fcf64?s=96&d=mm&r=g","caption":"moacir"},"url":"https:\/\/franciscanos.org.br\/noticias\/author\/moacir"}]}},"_links":{"self":[{"href":"https:\/\/franciscanos.org.br\/noticias\/wp-json\/wp\/v2\/posts\/228968"}],"collection":[{"href":"https:\/\/franciscanos.org.br\/noticias\/wp-json\/wp\/v2\/posts"}],"about":[{"href":"https:\/\/franciscanos.org.br\/noticias\/wp-json\/wp\/v2\/types\/post"}],"author":[{"embeddable":true,"href":"https:\/\/franciscanos.org.br\/noticias\/wp-json\/wp\/v2\/users\/3"}],"replies":[{"embeddable":true,"href":"https:\/\/franciscanos.org.br\/noticias\/wp-json\/wp\/v2\/comments?post=228968"}],"version-history":[{"count":6,"href":"https:\/\/franciscanos.org.br\/noticias\/wp-json\/wp\/v2\/posts\/228968\/revisions"}],"predecessor-version":[{"id":228978,"href":"https:\/\/franciscanos.org.br\/noticias\/wp-json\/wp\/v2\/posts\/228968\/revisions\/228978"}],"wp:featuredmedia":[{"embeddable":true,"href":"https:\/\/franciscanos.org.br\/noticias\/wp-json\/wp\/v2\/media\/228970"}],"wp:attachment":[{"href":"https:\/\/franciscanos.org.br\/noticias\/wp-json\/wp\/v2\/media?parent=228968"}],"wp:term":[{"taxonomy":"category","embeddable":true,"href":"https:\/\/franciscanos.org.br\/noticias\/wp-json\/wp\/v2\/categories?post=228968"},{"taxonomy":"post_tag","embeddable":true,"href":"https:\/\/franciscanos.org.br\/noticias\/wp-json\/wp\/v2\/tags?post=228968"}],"curies":[{"name":"wp","href":"https:\/\/api.w.org\/{rel}","templated":true}]}}