{"id":228964,"date":"2020-10-29T07:08:06","date_gmt":"2020-10-29T10:08:06","guid":{"rendered":"https:\/\/franciscanos.org.br\/noticias\/?p=228964"},"modified":"2020-10-29T07:08:06","modified_gmt":"2020-10-29T10:08:06","slug":"escola-de-musica-dos-canarinhos-faz-segundo-recital-on-line","status":"publish","type":"post","link":"https:\/\/franciscanos.org.br\/noticias\/escola-de-musica-dos-canarinhos-faz-segundo-recital-on-line.html","title":{"rendered":"Escola de M\u00fasica dos Canarinhos faz segundo recital &#8216;on-line&#8217;"},"content":{"rendered":"<p><img loading=\"lazy\" class=\"alignnone wp-image-228965 size-full\" src=\"https:\/\/franciscanos.org.br\/noticias\/wp-content\/uploads\/2020\/10\/canarinhos_29.jpg\" alt=\"\" width=\"1280\" height=\"720\" srcset=\"https:\/\/franciscanos.org.br\/noticias\/wp-content\/uploads\/2020\/10\/canarinhos_29.jpg 1280w, https:\/\/franciscanos.org.br\/noticias\/wp-content\/uploads\/2020\/10\/canarinhos_29-450x253.jpg 450w, https:\/\/franciscanos.org.br\/noticias\/wp-content\/uploads\/2020\/10\/canarinhos_29-1024x576.jpg 1024w, https:\/\/franciscanos.org.br\/noticias\/wp-content\/uploads\/2020\/10\/canarinhos_29-768x432.jpg 768w, https:\/\/franciscanos.org.br\/noticias\/wp-content\/uploads\/2020\/10\/canarinhos_29-150x84.jpg 150w\" sizes=\"(max-width: 1280px) 100vw, 1280px\" \/><\/p>\n<p>A Escola de M\u00fasica do Instituto dos Meninos Cantores de Petr\u00f3polis (IMCP) far\u00e1 o segundo recital on-line do ano. Ao todo, 34 alunos v\u00e3o apresentar tudo o que aprenderam durante o semestre nos dias 29 e 30 de outubro. As apresenta\u00e7\u00f5es ser\u00e3o transmitidas pela na p\u00e1gina do Coral dos Canarinhos no Facebook, sempre \u00e0s 19h.<\/p>\n<p>\u201cEstamos notando que os alunos est\u00e3o bastante desinibidos, o que mostra que o formato da grava\u00e7\u00e3o feita em casa, por causa da pandemia, tem sido positivo para os alunos. A maioria dos alunos tamb\u00e9m tem estudado muito, o que se reflete no desenvolvimento musical deles\u201d, avaliou o diretor art\u00edstico do IMCP, o maestro Marco Aur\u00e9lio Lischt <strong>(foto acima)<\/strong>, adiantando que as apresenta\u00e7\u00f5es ser\u00e3o individuais e contar\u00e3o com a participa\u00e7\u00e3o dos alunos dos cursos de piano, violino, viol\u00e3o e canto.<\/p>\n<p>A Escola de M\u00fasica do IMCP \u00e9 aberta para pessoas de todas as idades. Durante a pandemia, as aulas que podem ser de 30 minutos ou 1 hora, est\u00e3o sendo realizadas pela internet. Mais informa\u00e7\u00f5es sobre as atividades do Instituto podem ser consultadas pelo site http:\/\/canarinhos.com.br, pelo Facebook http:\/\/fb.com\/canarinhosdepetropolis ou pelos telefones (24)981245356 e (24)99926-1820. O Instituto dos Corais dos Canarinhos de Petr\u00f3polis fica Rua Santos Dumont, 355, no Centro Hist\u00f3rico.<\/p>\n<hr \/>\n<p><em>Texto: Divulga\u00e7\u00e3o do IMCP<\/em><\/p>\n","protected":false},"excerpt":{"rendered":"<p>Instituto dos Meninos Cantores de Petr\u00f3polis<\/p>\n","protected":false},"author":3,"featured_media":228966,"comment_status":"open","ping_status":"open","sticky":false,"template":"","format":"standard","meta":[],"categories":[1],"tags":[1378],"acf":[],"yoast_head":"<!-- This site is optimized with the Yoast SEO plugin v19.2 - https:\/\/yoast.com\/wordpress\/plugins\/seo\/ -->\n<title>Escola de M\u00fasica dos Canarinhos faz segundo recital &#039;on-line&#039; - Not\u00edcias - Franciscanos<\/title>\n<meta name=\"robots\" content=\"index, follow, max-snippet:-1, max-image-preview:large, max-video-preview:-1\" \/>\n<link rel=\"canonical\" href=\"https:\/\/franciscanos.org.br\/noticias\/escola-de-musica-dos-canarinhos-faz-segundo-recital-on-line.html\" \/>\n<meta property=\"og:locale\" content=\"pt_BR\" \/>\n<meta property=\"og:type\" content=\"article\" \/>\n<meta property=\"og:title\" content=\"Escola de M\u00fasica dos Canarinhos faz segundo recital &#039;on-line&#039; - Not\u00edcias - Franciscanos\" \/>\n<meta property=\"og:description\" content=\"Instituto dos Meninos Cantores de Petr\u00f3polis\" \/>\n<meta property=\"og:url\" content=\"https:\/\/franciscanos.org.br\/noticias\/escola-de-musica-dos-canarinhos-faz-segundo-recital-on-line.html\" \/>\n<meta property=\"og:site_name\" content=\"Not\u00edcias - Franciscanos\" \/>\n<meta property=\"article:published_time\" content=\"2020-10-29T10:08:06+00:00\" \/>\n<meta property=\"og:image\" content=\"https:\/\/franciscanos.org.br\/noticias\/wp-content\/uploads\/2020\/10\/canarinhos_29d.gif\" \/>\n\t<meta property=\"og:image:width\" content=\"800\" \/>\n\t<meta property=\"og:image:height\" content=\"600\" \/>\n\t<meta property=\"og:image:type\" content=\"image\/gif\" \/>\n<meta name=\"author\" content=\"moacir\" \/>\n<meta name=\"twitter:card\" content=\"summary_large_image\" \/>\n<meta name=\"twitter:label1\" content=\"Escrito por\" \/>\n\t<meta name=\"twitter:data1\" content=\"moacir\" \/>\n\t<meta name=\"twitter:label2\" content=\"Est. tempo de leitura\" \/>\n\t<meta name=\"twitter:data2\" content=\"1 minuto\" \/>\n<script type=\"application\/ld+json\" class=\"yoast-schema-graph\">{\"@context\":\"https:\/\/schema.org\",\"@graph\":[{\"@type\":\"WebSite\",\"@id\":\"https:\/\/franciscanos.org.br\/noticias\/#website\",\"url\":\"https:\/\/franciscanos.org.br\/noticias\/\",\"name\":\"Not\u00edcias - Franciscanos\",\"description\":\"Prov\u00edncia Franciscana da Imaculada Concei\u00e7\u00e3o do Brasil - Ordem dos Frades Menores - OFM\",\"potentialAction\":[{\"@type\":\"SearchAction\",\"target\":{\"@type\":\"EntryPoint\",\"urlTemplate\":\"https:\/\/franciscanos.org.br\/noticias\/?s={search_term_string}\"},\"query-input\":\"required name=search_term_string\"}],\"inLanguage\":\"pt-BR\"},{\"@type\":\"ImageObject\",\"inLanguage\":\"pt-BR\",\"@id\":\"https:\/\/franciscanos.org.br\/noticias\/escola-de-musica-dos-canarinhos-faz-segundo-recital-on-line.html#primaryimage\",\"url\":\"https:\/\/franciscanos.org.br\/noticias\/wp-content\/uploads\/2020\/10\/canarinhos_29d.gif\",\"contentUrl\":\"https:\/\/franciscanos.org.br\/noticias\/wp-content\/uploads\/2020\/10\/canarinhos_29d.gif\",\"width\":800,\"height\":600},{\"@type\":\"WebPage\",\"@id\":\"https:\/\/franciscanos.org.br\/noticias\/escola-de-musica-dos-canarinhos-faz-segundo-recital-on-line.html#webpage\",\"url\":\"https:\/\/franciscanos.org.br\/noticias\/escola-de-musica-dos-canarinhos-faz-segundo-recital-on-line.html\",\"name\":\"Escola de M\u00fasica dos Canarinhos faz segundo recital 'on-line' - Not\u00edcias - Franciscanos\",\"isPartOf\":{\"@id\":\"https:\/\/franciscanos.org.br\/noticias\/#website\"},\"primaryImageOfPage\":{\"@id\":\"https:\/\/franciscanos.org.br\/noticias\/escola-de-musica-dos-canarinhos-faz-segundo-recital-on-line.html#primaryimage\"},\"datePublished\":\"2020-10-29T10:08:06+00:00\",\"dateModified\":\"2020-10-29T10:08:06+00:00\",\"author\":{\"@id\":\"https:\/\/franciscanos.org.br\/noticias\/#\/schema\/person\/b5c8cba458c330ccff548b056e95a5d4\"},\"breadcrumb\":{\"@id\":\"https:\/\/franciscanos.org.br\/noticias\/escola-de-musica-dos-canarinhos-faz-segundo-recital-on-line.html#breadcrumb\"},\"inLanguage\":\"pt-BR\",\"potentialAction\":[{\"@type\":\"ReadAction\",\"target\":[\"https:\/\/franciscanos.org.br\/noticias\/escola-de-musica-dos-canarinhos-faz-segundo-recital-on-line.html\"]}]},{\"@type\":\"BreadcrumbList\",\"@id\":\"https:\/\/franciscanos.org.br\/noticias\/escola-de-musica-dos-canarinhos-faz-segundo-recital-on-line.html#breadcrumb\",\"itemListElement\":[{\"@type\":\"ListItem\",\"position\":1,\"name\":\"Home\",\"item\":\"https:\/\/franciscanos.org.br\/noticias\"},{\"@type\":\"ListItem\",\"position\":2,\"name\":\"Escola de M\u00fasica dos Canarinhos faz segundo recital &#8216;on-line&#8217;\"}]},{\"@type\":\"Person\",\"@id\":\"https:\/\/franciscanos.org.br\/noticias\/#\/schema\/person\/b5c8cba458c330ccff548b056e95a5d4\",\"name\":\"moacir\",\"image\":{\"@type\":\"ImageObject\",\"inLanguage\":\"pt-BR\",\"@id\":\"https:\/\/franciscanos.org.br\/noticias\/#\/schema\/person\/image\/\",\"url\":\"https:\/\/secure.gravatar.com\/avatar\/d08aa2ce4c8dd416d4479aa8536fcf64?s=96&d=mm&r=g\",\"contentUrl\":\"https:\/\/secure.gravatar.com\/avatar\/d08aa2ce4c8dd416d4479aa8536fcf64?s=96&d=mm&r=g\",\"caption\":\"moacir\"},\"url\":\"https:\/\/franciscanos.org.br\/noticias\/author\/moacir\"}]}<\/script>\n<!-- \/ Yoast SEO plugin. -->","yoast_head_json":{"title":"Escola de M\u00fasica dos Canarinhos faz segundo recital 'on-line' - Not\u00edcias - Franciscanos","robots":{"index":"index","follow":"follow","max-snippet":"max-snippet:-1","max-image-preview":"max-image-preview:large","max-video-preview":"max-video-preview:-1"},"canonical":"https:\/\/franciscanos.org.br\/noticias\/escola-de-musica-dos-canarinhos-faz-segundo-recital-on-line.html","og_locale":"pt_BR","og_type":"article","og_title":"Escola de M\u00fasica dos Canarinhos faz segundo recital 'on-line' - Not\u00edcias - Franciscanos","og_description":"Instituto dos Meninos Cantores de Petr\u00f3polis","og_url":"https:\/\/franciscanos.org.br\/noticias\/escola-de-musica-dos-canarinhos-faz-segundo-recital-on-line.html","og_site_name":"Not\u00edcias - Franciscanos","article_published_time":"2020-10-29T10:08:06+00:00","og_image":[{"width":800,"height":600,"url":"https:\/\/franciscanos.org.br\/noticias\/wp-content\/uploads\/2020\/10\/canarinhos_29d.gif","type":"image\/gif"}],"author":"moacir","twitter_card":"summary_large_image","twitter_misc":{"Escrito por":"moacir","Est. tempo de leitura":"1 minuto"},"schema":{"@context":"https:\/\/schema.org","@graph":[{"@type":"WebSite","@id":"https:\/\/franciscanos.org.br\/noticias\/#website","url":"https:\/\/franciscanos.org.br\/noticias\/","name":"Not\u00edcias - Franciscanos","description":"Prov\u00edncia Franciscana da Imaculada Concei\u00e7\u00e3o do Brasil - Ordem dos Frades Menores - OFM","potentialAction":[{"@type":"SearchAction","target":{"@type":"EntryPoint","urlTemplate":"https:\/\/franciscanos.org.br\/noticias\/?s={search_term_string}"},"query-input":"required name=search_term_string"}],"inLanguage":"pt-BR"},{"@type":"ImageObject","inLanguage":"pt-BR","@id":"https:\/\/franciscanos.org.br\/noticias\/escola-de-musica-dos-canarinhos-faz-segundo-recital-on-line.html#primaryimage","url":"https:\/\/franciscanos.org.br\/noticias\/wp-content\/uploads\/2020\/10\/canarinhos_29d.gif","contentUrl":"https:\/\/franciscanos.org.br\/noticias\/wp-content\/uploads\/2020\/10\/canarinhos_29d.gif","width":800,"height":600},{"@type":"WebPage","@id":"https:\/\/franciscanos.org.br\/noticias\/escola-de-musica-dos-canarinhos-faz-segundo-recital-on-line.html#webpage","url":"https:\/\/franciscanos.org.br\/noticias\/escola-de-musica-dos-canarinhos-faz-segundo-recital-on-line.html","name":"Escola de M\u00fasica dos Canarinhos faz segundo recital 'on-line' - Not\u00edcias - Franciscanos","isPartOf":{"@id":"https:\/\/franciscanos.org.br\/noticias\/#website"},"primaryImageOfPage":{"@id":"https:\/\/franciscanos.org.br\/noticias\/escola-de-musica-dos-canarinhos-faz-segundo-recital-on-line.html#primaryimage"},"datePublished":"2020-10-29T10:08:06+00:00","dateModified":"2020-10-29T10:08:06+00:00","author":{"@id":"https:\/\/franciscanos.org.br\/noticias\/#\/schema\/person\/b5c8cba458c330ccff548b056e95a5d4"},"breadcrumb":{"@id":"https:\/\/franciscanos.org.br\/noticias\/escola-de-musica-dos-canarinhos-faz-segundo-recital-on-line.html#breadcrumb"},"inLanguage":"pt-BR","potentialAction":[{"@type":"ReadAction","target":["https:\/\/franciscanos.org.br\/noticias\/escola-de-musica-dos-canarinhos-faz-segundo-recital-on-line.html"]}]},{"@type":"BreadcrumbList","@id":"https:\/\/franciscanos.org.br\/noticias\/escola-de-musica-dos-canarinhos-faz-segundo-recital-on-line.html#breadcrumb","itemListElement":[{"@type":"ListItem","position":1,"name":"Home","item":"https:\/\/franciscanos.org.br\/noticias"},{"@type":"ListItem","position":2,"name":"Escola de M\u00fasica dos Canarinhos faz segundo recital &#8216;on-line&#8217;"}]},{"@type":"Person","@id":"https:\/\/franciscanos.org.br\/noticias\/#\/schema\/person\/b5c8cba458c330ccff548b056e95a5d4","name":"moacir","image":{"@type":"ImageObject","inLanguage":"pt-BR","@id":"https:\/\/franciscanos.org.br\/noticias\/#\/schema\/person\/image\/","url":"https:\/\/secure.gravatar.com\/avatar\/d08aa2ce4c8dd416d4479aa8536fcf64?s=96&d=mm&r=g","contentUrl":"https:\/\/secure.gravatar.com\/avatar\/d08aa2ce4c8dd416d4479aa8536fcf64?s=96&d=mm&r=g","caption":"moacir"},"url":"https:\/\/franciscanos.org.br\/noticias\/author\/moacir"}]}},"_links":{"self":[{"href":"https:\/\/franciscanos.org.br\/noticias\/wp-json\/wp\/v2\/posts\/228964"}],"collection":[{"href":"https:\/\/franciscanos.org.br\/noticias\/wp-json\/wp\/v2\/posts"}],"about":[{"href":"https:\/\/franciscanos.org.br\/noticias\/wp-json\/wp\/v2\/types\/post"}],"author":[{"embeddable":true,"href":"https:\/\/franciscanos.org.br\/noticias\/wp-json\/wp\/v2\/users\/3"}],"replies":[{"embeddable":true,"href":"https:\/\/franciscanos.org.br\/noticias\/wp-json\/wp\/v2\/comments?post=228964"}],"version-history":[{"count":1,"href":"https:\/\/franciscanos.org.br\/noticias\/wp-json\/wp\/v2\/posts\/228964\/revisions"}],"predecessor-version":[{"id":228967,"href":"https:\/\/franciscanos.org.br\/noticias\/wp-json\/wp\/v2\/posts\/228964\/revisions\/228967"}],"wp:featuredmedia":[{"embeddable":true,"href":"https:\/\/franciscanos.org.br\/noticias\/wp-json\/wp\/v2\/media\/228966"}],"wp:attachment":[{"href":"https:\/\/franciscanos.org.br\/noticias\/wp-json\/wp\/v2\/media?parent=228964"}],"wp:term":[{"taxonomy":"category","embeddable":true,"href":"https:\/\/franciscanos.org.br\/noticias\/wp-json\/wp\/v2\/categories?post=228964"},{"taxonomy":"post_tag","embeddable":true,"href":"https:\/\/franciscanos.org.br\/noticias\/wp-json\/wp\/v2\/tags?post=228964"}],"curies":[{"name":"wp","href":"https:\/\/api.w.org\/{rel}","templated":true}]}}