{"id":228960,"date":"2020-10-29T06:46:04","date_gmt":"2020-10-29T09:46:04","guid":{"rendered":"https:\/\/franciscanos.org.br\/noticias\/?p=228960"},"modified":"2020-10-29T06:46:32","modified_gmt":"2020-10-29T09:46:32","slug":"economia-de-francisco-sera-on-line-de-19-a-21-de-novembro","status":"publish","type":"post","link":"https:\/\/franciscanos.org.br\/noticias\/economia-de-francisco-sera-on-line-de-19-a-21-de-novembro.html","title":{"rendered":"&#8220;Economia de Francisco&#8221; ser\u00e1 &#8216;on-line&#8217;, de 19 a 21 de novembro"},"content":{"rendered":"<p><img loading=\"lazy\" class=\"alignnone wp-image-228961 size-full\" src=\"https:\/\/franciscanos.org.br\/noticias\/wp-content\/uploads\/2020\/10\/francisco_2911.jpg\" alt=\"\" width=\"890\" height=\"593\" srcset=\"https:\/\/franciscanos.org.br\/noticias\/wp-content\/uploads\/2020\/10\/francisco_2911.jpg 890w, https:\/\/franciscanos.org.br\/noticias\/wp-content\/uploads\/2020\/10\/francisco_2911-450x300.jpg 450w, https:\/\/franciscanos.org.br\/noticias\/wp-content\/uploads\/2020\/10\/francisco_2911-768x512.jpg 768w, https:\/\/franciscanos.org.br\/noticias\/wp-content\/uploads\/2020\/10\/francisco_2911-150x100.jpg 150w\" sizes=\"(max-width: 890px) 100vw, 890px\" \/><\/p>\n<p>Realizou-se na manh\u00e3 desta ter\u00e7a-feira, 27, na Sala de Imprensa da Santa S\u00e9, a apresenta\u00e7\u00e3o do<strong><a href=\"https:\/\/francescoeconomy.org\/\"> The Economy of Francesco,<\/a><\/strong> evento internacional que tem como protagonistas jovens economistas e empres\u00e1rios de todo o mundo, e que se realizar\u00e1 de 19 a 21 de novembro em <em>live streaming<\/em> no portal <strong><a href=\"https:\/\/francescoeconomy.org\/\">francescoeconomy.org.<\/a><\/strong> Para o final dos tr\u00eas dias, confirmada a participa\u00e7\u00e3o &#8220;virtual&#8221; do Papa Francisco.<\/p>\n<p>Intervieram nesta manh\u00e3 padre Enzo Fortunato, diretor da Sala de Imprensa do Sacro Convento de Assis e respons\u00e1vel pela estrutura de informa\u00e7\u00e3o da \u201cEconomia de Francisco\u201d; prof. Luigino Bruni, professor catedr\u00e1tico de Economia Pol\u00edtica da Universidade Livre Maria Santissima Assunta de Roma e diretor cient\u00edfico de \u201cA Economia de Francisco\u201d; irm\u00e3 Alessandra Smerilli, professora catedr\u00e1tica de Economia Pol\u00edtica da Pontif\u00edcia Faculdade de Ci\u00eancias da Educa\u00e7\u00e3o Auxilium e membro da Comiss\u00e3o Cient\u00edfica &#8220;A Economia de Francisco&#8221;; a advogada Francesca Di Maolo, presidente do \u201cInstituto Ser\u00e1fico\u201d de Assis e membro da Comiss\u00e3o Organizadora de \u201cA Economia de Francisco\u201d; dra. Florencia Locascio, da equipe de &#8220;A Economia de Francisco&#8221;, na modalidade remota, da Argentina.<\/p>\n<p><strong>Jovens s\u00e3o os protagonistas<\/strong><\/p>\n<p>A iniciativa ganhou corpo a partir do convite do Santo Padre dirigido em 11 de maio de 2019 a economistas, estudantes, empres\u00e1rios e empres\u00e1rios com menos de 35 anos.<\/p>\n<p>O Papa Francisco, de fato, pretende iniciar, com jovens e um grupo de especialistas qualificados, um processo de mudan\u00e7a global para que a economia de hoje e de amanh\u00e3 seja mais justa, fraterna inclusiva e sustent\u00e1vel, sem deixar ningu\u00e9m para tr\u00e1s.<\/p>\n<p>O encontro estava agendado para se realizar de 26 a 28 de mar\u00e7o deste ano em Assis, mas com a emerg\u00eancia provocada pela pandemia de coronav\u00edrus, acabou sendo adiado para novembro, via streaming. O pr\u00f3ximo encontro, este sim presencial, est\u00e1 programando para se realizar, sempre na cidade de S\u00e3o Francisco, no outono de 2021, quando as condi\u00e7\u00f5es de sa\u00fade permitirem a participa\u00e7\u00e3o de todos.<\/p>\n<p>A organiza\u00e7\u00e3o do evento <a href=\"https:\/\/francescoeconomy.org\/\"><strong>The Economy of Francesco,<\/strong><\/a> em vers\u00e3o on-line, permitir\u00e1 que todos os jovens inscritos (2.000 de 120 pa\u00edses) participem do encontro nas mesmas condi\u00e7\u00f5es, de compartilhar suas experi\u00eancias, trabalhos, propostas e as reflex\u00f5es amadurecidas nos \u00faltimos meses.<\/p>\n<p>O programa do evento digital ser\u00e1 inovador, participativo e global. Assis sediar\u00e1 a &#8220;dire\u00e7\u00e3o&#8221; do evento e as transmiss\u00f5es ao vivo de locais hist\u00f3ricos franciscanos: Bas\u00edlica de S\u00e3o Francisco de Assis, Igreja de S\u00e3o Dami\u00e3o, Santu\u00e1rio de Rivotorto, Bas\u00edlica de Santa Clara, Santu\u00e1rio da Despojamento, Palazzo Monte Frumentario.<\/p>\n<p>Haver\u00e1 espa\u00e7o para confer\u00eancias com jovens economistas e empres\u00e1rios, em di\u00e1logo com personalidades de renome internacional, para discutir os temas, propostas e perspectivas da Economia de Francisco. Haver\u00e1 tamb\u00e9m momentos de medita\u00e7\u00e3o e reflex\u00e3o.<\/p>\n<p>As 12 aldeias tem\u00e1ticas, transformadas em sess\u00f5es de trabalho on-line que os jovens realizaram nos \u00faltimos meses s\u00e3o: trabalho e cuidado; gest\u00e3o e dom; finan\u00e7as e humanidade; agricultura e justi\u00e7a; energia e pobreza; lucro e voca\u00e7\u00e3o; <em>policies for happiness<\/em>; CO2 da desigualdade; neg\u00f3cios e paz; Economia \u00e9 mulher; empresas em transi\u00e7\u00e3o; vida e estilos de vida.<\/p>\n<p><strong>Palestrantes de renome e m\u00eddia<\/strong><\/p>\n<p>Est\u00e3o previstas confer\u00eancias com palestrantes de renome internacional, incluindo o pr\u00eamio Nobel Muhammad Yunus, al\u00e9m de economistas e especialistas como Kate Raworth, Jeffrey Sachs, Vandana Shiva, Stefano Zamagni, Mauro Magatti, Juan Camilo Cardenas, Jennifer Nedelsky, Sr. C\u00e9cile Renouard, assim como numerosos empres\u00e1rios com experi\u00eancia e compet\u00eancias consolidadas. Todos os palestrantes estar\u00e3o dispon\u00edveis para ouvir os jovens tamb\u00e9m em entrevistas pessoais, bem como em sess\u00f5es interativas de grupos limitados de participantes.<\/p>\n<p>O mundo precisa da criatividade e do amor dos participantes que, como artes\u00e3os do futuro, est\u00e3o tecendo a Economia de Francisco, entre o j\u00e1 e o ainda n\u00e3o.<\/p>\n<p>Para a m\u00eddia que deseja fazer entrevistas e participar do evento, ser\u00e1 necess\u00e1rio enviar uma solicita\u00e7\u00e3o para accrediti@sanfrancesco.org<\/p>\n<p>A organiza\u00e7\u00e3o est\u00e1 confiada a uma Comiss\u00e3o Organizadora composta por: Diocese de Assis, Instituto Ser\u00e1fico, Munic\u00edpio de Assis, Economia de Comunh\u00e3o, e com o apoio, em nome da Santa S\u00e9, do Dicast\u00e9rio para o Servi\u00e7o de Desenvolvimento Humano Integral, que patrocina a iniciativa e as Fam\u00edlias franciscanas.<\/p>\n<p>Material multim\u00eddia, programa, informa\u00e7\u00f5es e palestras completas est\u00e3o dispon\u00edveis neste link: <strong><a href=\"https:\/\/goo.gl\/kkt14Q\">https:\/\/goo.gl\/kkt14Q<\/a><\/strong><\/p>\n<p><strong>A coletiva na Sala de Imprensa<\/strong><br \/>\nUma breve s\u00edntese do que falaram os participantes da apresenta\u00e7\u00e3o do evento na manh\u00e3 desta ter\u00e7a-feira:<\/p>\n<p><strong>Padre Enzo Fortunato, respons\u00e1vel pela comunica\u00e7\u00e3o do evento<\/strong><\/p>\n<p>A pandemia est\u00e1 expondo o sistema econ\u00f4mico atual: escolher o lockdown e salvar vidas ou continuar como antes, colocando em risco a vida das pessoas? O que \u00e9 certo, \u00e9 que estamos perante um sistema chamado a regenerar-se por aquele caminho que S\u00e3o Francisco com os seus filhos e o Papa indicaram \u00e0 sociedade de ontem e de hoje. Somos chamados a repensar as perspectivas com que sonhamos. N\u00e3o podemos esquecer os escritos de S\u00e3o Francisco: \u201cE eu trabalhei com as minhas m\u00e3os e quero trabalhar &#8230; quero que todos trabalhem\u201d \u00e9 a express\u00e3o que sintetiza simbolicamente o momento hist\u00f3rico que estamos vivendo. Com a alegria no cora\u00e7\u00e3o pela hist\u00f3rica assinatura do \u00faltimo dia 3 de outubro, a b\u00fassola para o nosso caminho e o olhar do Papa que nomeou o nosso cardeal Cust\u00f3dio ao servi\u00e7o da Igreja e da humanidade, prossegue o caminho para uma sociedade fraterna.<\/p>\n<p><strong>Luigino Bruni, respons\u00e1vel cient\u00edfico pela &#8220;Economia de Francisco&#8221;<\/strong><\/p>\n<p>A economia de Francisco se tornou o mais amplo movimento de jovens economistas e empreendedores do mundo. \u00c9 tamb\u00e9m a constru\u00e7\u00e3o de um capital espiritual global de que a economia tanto precisa. A publica\u00e7\u00e3o da Enc\u00edclica Fratelli tutti ofereceu-nos novas percep\u00e7\u00f5es que n\u00e3o podemos ignorar no trabalho do evento. A ideia central na Enc\u00edclica de que o irm\u00e3o \u00e9 o pr\u00f3ximo \u00e9 tamb\u00e9m o cora\u00e7\u00e3o da vida de S\u00e3o Francisco de Assis. A primeira palavra desta Enc\u00edclica sobre a fraternidade o Papa a escreveu com a escolha do seu nome: Francisco. H\u00e1 uma continuidade entre o evento desejado pelo Santo Padre que em maio de 2019 escreveu a jovens economistas e empres\u00e1rios de todo o mundo convocando-os a Assis, lugar simb\u00f3lico e cora\u00e7\u00e3o do movimento, e a Enc\u00edclica sobre a fraternidade. Uma continuidade que nos estimula a continuar no caminho que empreendemos.<\/p>\n<p><strong>Irm\u00e3 Alessandra Smerilli, do Comit\u00ea Cient\u00edfico da &#8220;Economia de Francisco&#8221;<\/strong><\/p>\n<p>Um tema transversal a tantas aldeias \u00e9 o da revaloriza\u00e7\u00e3o do cuidado dentro da sociedade e da economia, como chave para moldar o futuro, juntamente com a necessidade de um olhar mais feminino e de uma maior participa\u00e7\u00e3o das mulheres por uma economia e finan\u00e7as mais inclusivas. Os jovens como convidados est\u00e3o se tornando protagonistas, demonstrando um sentido de responsabilidade, ideias inovadoras, capacidade de di\u00e1logo que se estende pelos 5 continentes: s\u00e3o um &#8216;presente&#8217; (e n\u00e3o apenas um futuro) que deve ser ouvido. Gra\u00e7as ao Papa Francisco tiveram e est\u00e3o tendo espa\u00e7os de escuta, gra\u00e7as a S\u00e3o Francisco eles encontram inspira\u00e7\u00e3o para mudar a economia atual e dar alma \u00e0 economia do futuro.<\/p>\n<p><strong>Stefania Proietti, prefeita de Assis<\/strong><\/p>\n<p>A Economia de Francesco \u00e9 um evento, ainda que na modalidade digital, de grande import\u00e2ncia para tra\u00e7ar a nova economia e, portanto, o futuro do nosso planeta, o destino da humanidade. O Pacto ser\u00e1 assinado &#8211; ainda que digitalmente &#8211; em Assis, que com Laudato Si e Fratelli tutti coloca as pessoas e a cria\u00e7\u00e3o no centro de todos os nossos esfor\u00e7os, e isso para n\u00f3s \u00e9 motivo de orgulho e tamb\u00e9m de responsabilidade.<\/p>\n<p><strong>Francesca di Maolo, do Comit\u00ea Organizador da \u201cEconomia de Francisco\u201d<\/strong><\/p>\n<p>Temos tantas expectativas em rela\u00e7\u00e3o a esses jovens que, mesmo n\u00e3o podendo estar fisicamente em nossa cidade, est\u00e3o trabalhando h\u00e1 meses para mudar o rumo da economia. Quem, sen\u00e3o os jovens, ainda podem sonhar em como deve ser o nosso amanh\u00e3? Um futuro sem guerras, sem abandono, em que possa crescer uma economia que saiba acolher e defender a vida, que esteja ao servi\u00e7o do homem, inclusiva e que cuide da cria\u00e7\u00e3o. Muitos est\u00e3o esperando por este evento.<\/p>\n<p><strong>Florencia Locascio, da equipe da \u201cEconomia de Francisco\u201d<\/strong><\/p>\n<p>A participa\u00e7\u00e3o on-line, com suas limita\u00e7\u00f5es, abriu grandes oportunidades para n\u00f3s: gra\u00e7as aos webinars h\u00e1 cada vez mais protagonistas de todo o mundo. No dia 20 de novembro, ser\u00e1 realizada uma maratona streaming onde, nos diferentes fusos hor\u00e1rios, cada pa\u00eds ter\u00e1 um espa\u00e7o para mostrar v\u00eddeos, atividades ou dados de pesquisa relativos a um tema que seja particularmente relevante para o seu territ\u00f3rio espec\u00edfico, naturalmente ligado aos temas que temos trabalhei nos \u00faltimos meses.<\/p>\n<p><strong>Os n\u00fameros<\/strong><br \/>\nDe maio a outubro foram realizadas 27 confer\u00eancias preparat\u00f3rias on-line, transmitidas no Facebook e YouTube:<\/p>\n<p>Pa\u00edses conectados &#8211; Mais de 40, incluindo It\u00e1lia, Argentina, Brasil, Costa do Marfim, Coreia, Portugal, Camar\u00f5es, Pol\u00f4nia, Col\u00f4mbia, Nig\u00e9ria, Brasil, Espanha, Su\u00ed\u00e7a, \u00cdndia, Chile, B\u00e9lgica, Irlanda, \u00c1frica do Sul, Botswana, Cuba, M\u00e9xico, Filipinas, Uganda e Paquist\u00e3o.<\/p>\n<p>Visualiza\u00e7\u00f5es &#8211; 45.569<\/p>\n<p>Usu\u00e1rios conectados &#8211; 23.334<\/p>\n<p>Horas de visualiza\u00e7\u00e3o &#8211; 7.713<\/p>\n<p>Participantes de \u201cA Economia de Francisco\u201d de 19 a 21 de novembro:<\/p>\n<p>M\u00e9dia de idade \/ sexo \/ escolaridade &#8211; Os protagonistas do evento digital s\u00e3o os 2.000 menores de 35 anos de todo o mundo, 56% homens e 44% mulheres. Eles s\u00e3o economistas, empres\u00e1rios, estudantes, changemakers e operadores do setor social movidos pelo objetivo comum de construir um mundo mais justo e sustent\u00e1vel<\/p>\n<p>As confer\u00eancias &#8211; Os jovens economistas e empreendedores inscritos no evento estar\u00e3o em di\u00e1logo com palestrantes internacionais. As confer\u00eancias estar\u00e3o acess\u00edveis a todos atrav\u00e9s do site oficial.<\/p>\n<p>Os testemunhos &#8211; 5 de jovens conectados do M\u00e9xico, L\u00edbano, Brasil, Uganda, It\u00e1lia<\/p>\n<p>Na\u00e7\u00f5es Conectadas &#8211; 120<\/p>\n<p><strong>Transmiss\u00e3o ao vivo<\/strong> &#8211; Todo o evento \u00e9 transmitido ao vivo em streaming. Ser\u00e3o 4 horas por dia e uma maratona de 24 horas no dia 20 de novembro, gra\u00e7as \u00e0s conex\u00f5es e contribui\u00e7\u00f5es de jovens conectados em 20 pa\u00edses diferentes<\/p>\n<p><strong>Os lugares<\/strong> &#8211; O local principal ser\u00e1 a Bas\u00edlica de S\u00e3o Francisco de Assis conectada com 5 outros lugares significativos para a vida do Santo: Santu\u00e1rio Rivotorto, Igreja de S\u00e3o Dami\u00e3o, Bas\u00edlica de Santa Clara, Santu\u00e1rio do Despojamento e Palazzo Monte Frumentario<\/p>\n<p><strong>As pra\u00e7as conectadas<\/strong> &#8211; Participantes de diversos pa\u00edses criaram HUBS, verdadeiras estruturas para acompanhar juntos o evento, onde as normativas Covid assim o consentirem. Isso permite envolver outros jovens e comunidades inteiras para uma experi\u00eancia compartilhada e em profundidade, mesmo al\u00e9m das horas do programa online. At\u00e9 o momento, foram credenciados HUBS em mais de 25 pa\u00edses, 13 somente na It\u00e1lia: https:\/\/francescoeconomy.org\/it\/eof-hubs\/.<\/p>\n<hr \/>\n<p><em>Fonte: Vatican News<\/em><\/p>\n","protected":false},"excerpt":{"rendered":"<p>A Economia de Francisco<\/p>\n","protected":false},"author":3,"featured_media":228962,"comment_status":"open","ping_status":"open","sticky":false,"template":"","format":"standard","meta":[],"categories":[1428],"tags":[1775],"acf":[],"yoast_head":"<!-- This site is optimized with the Yoast SEO plugin v19.2 - https:\/\/yoast.com\/wordpress\/plugins\/seo\/ -->\n<title>&quot;Economia de Francisco&quot; ser\u00e1 &#039;on-line&#039;, de 19 a 21 de novembro - Not\u00edcias - Franciscanos<\/title>\n<meta name=\"robots\" content=\"index, follow, max-snippet:-1, max-image-preview:large, max-video-preview:-1\" \/>\n<link rel=\"canonical\" href=\"https:\/\/franciscanos.org.br\/noticias\/economia-de-francisco-sera-on-line-de-19-a-21-de-novembro.html\" \/>\n<meta property=\"og:locale\" content=\"pt_BR\" \/>\n<meta property=\"og:type\" content=\"article\" \/>\n<meta property=\"og:title\" content=\"&quot;Economia de Francisco&quot; ser\u00e1 &#039;on-line&#039;, de 19 a 21 de novembro - Not\u00edcias - Franciscanos\" \/>\n<meta property=\"og:description\" content=\"A Economia de Francisco\" \/>\n<meta property=\"og:url\" content=\"https:\/\/franciscanos.org.br\/noticias\/economia-de-francisco-sera-on-line-de-19-a-21-de-novembro.html\" \/>\n<meta property=\"og:site_name\" content=\"Not\u00edcias - Franciscanos\" \/>\n<meta property=\"article:published_time\" content=\"2020-10-29T09:46:04+00:00\" \/>\n<meta property=\"article:modified_time\" content=\"2020-10-29T09:46:32+00:00\" \/>\n<meta property=\"og:image\" content=\"https:\/\/franciscanos.org.br\/noticias\/wp-content\/uploads\/2020\/10\/francisco_2911d.jpg\" \/>\n\t<meta property=\"og:image:width\" content=\"790\" \/>\n\t<meta property=\"og:image:height\" content=\"593\" \/>\n\t<meta property=\"og:image:type\" content=\"image\/jpeg\" \/>\n<meta name=\"author\" content=\"moacir\" \/>\n<meta name=\"twitter:card\" content=\"summary_large_image\" \/>\n<meta name=\"twitter:label1\" content=\"Escrito por\" \/>\n\t<meta name=\"twitter:data1\" content=\"moacir\" \/>\n\t<meta name=\"twitter:label2\" content=\"Est. tempo de leitura\" \/>\n\t<meta name=\"twitter:data2\" content=\"9 minutos\" \/>\n<script type=\"application\/ld+json\" class=\"yoast-schema-graph\">{\"@context\":\"https:\/\/schema.org\",\"@graph\":[{\"@type\":\"WebSite\",\"@id\":\"https:\/\/franciscanos.org.br\/noticias\/#website\",\"url\":\"https:\/\/franciscanos.org.br\/noticias\/\",\"name\":\"Not\u00edcias - Franciscanos\",\"description\":\"Prov\u00edncia Franciscana da Imaculada Concei\u00e7\u00e3o do Brasil - Ordem dos Frades Menores - OFM\",\"potentialAction\":[{\"@type\":\"SearchAction\",\"target\":{\"@type\":\"EntryPoint\",\"urlTemplate\":\"https:\/\/franciscanos.org.br\/noticias\/?s={search_term_string}\"},\"query-input\":\"required name=search_term_string\"}],\"inLanguage\":\"pt-BR\"},{\"@type\":\"ImageObject\",\"inLanguage\":\"pt-BR\",\"@id\":\"https:\/\/franciscanos.org.br\/noticias\/economia-de-francisco-sera-on-line-de-19-a-21-de-novembro.html#primaryimage\",\"url\":\"https:\/\/franciscanos.org.br\/noticias\/wp-content\/uploads\/2020\/10\/francisco_2911d.jpg\",\"contentUrl\":\"https:\/\/franciscanos.org.br\/noticias\/wp-content\/uploads\/2020\/10\/francisco_2911d.jpg\",\"width\":790,\"height\":593},{\"@type\":\"WebPage\",\"@id\":\"https:\/\/franciscanos.org.br\/noticias\/economia-de-francisco-sera-on-line-de-19-a-21-de-novembro.html#webpage\",\"url\":\"https:\/\/franciscanos.org.br\/noticias\/economia-de-francisco-sera-on-line-de-19-a-21-de-novembro.html\",\"name\":\"\\\"Economia de Francisco\\\" ser\u00e1 'on-line', de 19 a 21 de novembro - Not\u00edcias - Franciscanos\",\"isPartOf\":{\"@id\":\"https:\/\/franciscanos.org.br\/noticias\/#website\"},\"primaryImageOfPage\":{\"@id\":\"https:\/\/franciscanos.org.br\/noticias\/economia-de-francisco-sera-on-line-de-19-a-21-de-novembro.html#primaryimage\"},\"datePublished\":\"2020-10-29T09:46:04+00:00\",\"dateModified\":\"2020-10-29T09:46:32+00:00\",\"author\":{\"@id\":\"https:\/\/franciscanos.org.br\/noticias\/#\/schema\/person\/b5c8cba458c330ccff548b056e95a5d4\"},\"breadcrumb\":{\"@id\":\"https:\/\/franciscanos.org.br\/noticias\/economia-de-francisco-sera-on-line-de-19-a-21-de-novembro.html#breadcrumb\"},\"inLanguage\":\"pt-BR\",\"potentialAction\":[{\"@type\":\"ReadAction\",\"target\":[\"https:\/\/franciscanos.org.br\/noticias\/economia-de-francisco-sera-on-line-de-19-a-21-de-novembro.html\"]}]},{\"@type\":\"BreadcrumbList\",\"@id\":\"https:\/\/franciscanos.org.br\/noticias\/economia-de-francisco-sera-on-line-de-19-a-21-de-novembro.html#breadcrumb\",\"itemListElement\":[{\"@type\":\"ListItem\",\"position\":1,\"name\":\"Home\",\"item\":\"https:\/\/franciscanos.org.br\/noticias\"},{\"@type\":\"ListItem\",\"position\":2,\"name\":\"&#8220;Economia de Francisco&#8221; ser\u00e1 &#8216;on-line&#8217;, de 19 a 21 de novembro\"}]},{\"@type\":\"Person\",\"@id\":\"https:\/\/franciscanos.org.br\/noticias\/#\/schema\/person\/b5c8cba458c330ccff548b056e95a5d4\",\"name\":\"moacir\",\"image\":{\"@type\":\"ImageObject\",\"inLanguage\":\"pt-BR\",\"@id\":\"https:\/\/franciscanos.org.br\/noticias\/#\/schema\/person\/image\/\",\"url\":\"https:\/\/secure.gravatar.com\/avatar\/d08aa2ce4c8dd416d4479aa8536fcf64?s=96&d=mm&r=g\",\"contentUrl\":\"https:\/\/secure.gravatar.com\/avatar\/d08aa2ce4c8dd416d4479aa8536fcf64?s=96&d=mm&r=g\",\"caption\":\"moacir\"},\"url\":\"https:\/\/franciscanos.org.br\/noticias\/author\/moacir\"}]}<\/script>\n<!-- \/ Yoast SEO plugin. -->","yoast_head_json":{"title":"\"Economia de Francisco\" ser\u00e1 'on-line', de 19 a 21 de novembro - Not\u00edcias - Franciscanos","robots":{"index":"index","follow":"follow","max-snippet":"max-snippet:-1","max-image-preview":"max-image-preview:large","max-video-preview":"max-video-preview:-1"},"canonical":"https:\/\/franciscanos.org.br\/noticias\/economia-de-francisco-sera-on-line-de-19-a-21-de-novembro.html","og_locale":"pt_BR","og_type":"article","og_title":"\"Economia de Francisco\" ser\u00e1 'on-line', de 19 a 21 de novembro - Not\u00edcias - Franciscanos","og_description":"A Economia de Francisco","og_url":"https:\/\/franciscanos.org.br\/noticias\/economia-de-francisco-sera-on-line-de-19-a-21-de-novembro.html","og_site_name":"Not\u00edcias - Franciscanos","article_published_time":"2020-10-29T09:46:04+00:00","article_modified_time":"2020-10-29T09:46:32+00:00","og_image":[{"width":790,"height":593,"url":"https:\/\/franciscanos.org.br\/noticias\/wp-content\/uploads\/2020\/10\/francisco_2911d.jpg","type":"image\/jpeg"}],"author":"moacir","twitter_card":"summary_large_image","twitter_misc":{"Escrito por":"moacir","Est. tempo de leitura":"9 minutos"},"schema":{"@context":"https:\/\/schema.org","@graph":[{"@type":"WebSite","@id":"https:\/\/franciscanos.org.br\/noticias\/#website","url":"https:\/\/franciscanos.org.br\/noticias\/","name":"Not\u00edcias - Franciscanos","description":"Prov\u00edncia Franciscana da Imaculada Concei\u00e7\u00e3o do Brasil - Ordem dos Frades Menores - OFM","potentialAction":[{"@type":"SearchAction","target":{"@type":"EntryPoint","urlTemplate":"https:\/\/franciscanos.org.br\/noticias\/?s={search_term_string}"},"query-input":"required name=search_term_string"}],"inLanguage":"pt-BR"},{"@type":"ImageObject","inLanguage":"pt-BR","@id":"https:\/\/franciscanos.org.br\/noticias\/economia-de-francisco-sera-on-line-de-19-a-21-de-novembro.html#primaryimage","url":"https:\/\/franciscanos.org.br\/noticias\/wp-content\/uploads\/2020\/10\/francisco_2911d.jpg","contentUrl":"https:\/\/franciscanos.org.br\/noticias\/wp-content\/uploads\/2020\/10\/francisco_2911d.jpg","width":790,"height":593},{"@type":"WebPage","@id":"https:\/\/franciscanos.org.br\/noticias\/economia-de-francisco-sera-on-line-de-19-a-21-de-novembro.html#webpage","url":"https:\/\/franciscanos.org.br\/noticias\/economia-de-francisco-sera-on-line-de-19-a-21-de-novembro.html","name":"\"Economia de Francisco\" ser\u00e1 'on-line', de 19 a 21 de novembro - Not\u00edcias - Franciscanos","isPartOf":{"@id":"https:\/\/franciscanos.org.br\/noticias\/#website"},"primaryImageOfPage":{"@id":"https:\/\/franciscanos.org.br\/noticias\/economia-de-francisco-sera-on-line-de-19-a-21-de-novembro.html#primaryimage"},"datePublished":"2020-10-29T09:46:04+00:00","dateModified":"2020-10-29T09:46:32+00:00","author":{"@id":"https:\/\/franciscanos.org.br\/noticias\/#\/schema\/person\/b5c8cba458c330ccff548b056e95a5d4"},"breadcrumb":{"@id":"https:\/\/franciscanos.org.br\/noticias\/economia-de-francisco-sera-on-line-de-19-a-21-de-novembro.html#breadcrumb"},"inLanguage":"pt-BR","potentialAction":[{"@type":"ReadAction","target":["https:\/\/franciscanos.org.br\/noticias\/economia-de-francisco-sera-on-line-de-19-a-21-de-novembro.html"]}]},{"@type":"BreadcrumbList","@id":"https:\/\/franciscanos.org.br\/noticias\/economia-de-francisco-sera-on-line-de-19-a-21-de-novembro.html#breadcrumb","itemListElement":[{"@type":"ListItem","position":1,"name":"Home","item":"https:\/\/franciscanos.org.br\/noticias"},{"@type":"ListItem","position":2,"name":"&#8220;Economia de Francisco&#8221; ser\u00e1 &#8216;on-line&#8217;, de 19 a 21 de novembro"}]},{"@type":"Person","@id":"https:\/\/franciscanos.org.br\/noticias\/#\/schema\/person\/b5c8cba458c330ccff548b056e95a5d4","name":"moacir","image":{"@type":"ImageObject","inLanguage":"pt-BR","@id":"https:\/\/franciscanos.org.br\/noticias\/#\/schema\/person\/image\/","url":"https:\/\/secure.gravatar.com\/avatar\/d08aa2ce4c8dd416d4479aa8536fcf64?s=96&d=mm&r=g","contentUrl":"https:\/\/secure.gravatar.com\/avatar\/d08aa2ce4c8dd416d4479aa8536fcf64?s=96&d=mm&r=g","caption":"moacir"},"url":"https:\/\/franciscanos.org.br\/noticias\/author\/moacir"}]}},"_links":{"self":[{"href":"https:\/\/franciscanos.org.br\/noticias\/wp-json\/wp\/v2\/posts\/228960"}],"collection":[{"href":"https:\/\/franciscanos.org.br\/noticias\/wp-json\/wp\/v2\/posts"}],"about":[{"href":"https:\/\/franciscanos.org.br\/noticias\/wp-json\/wp\/v2\/types\/post"}],"author":[{"embeddable":true,"href":"https:\/\/franciscanos.org.br\/noticias\/wp-json\/wp\/v2\/users\/3"}],"replies":[{"embeddable":true,"href":"https:\/\/franciscanos.org.br\/noticias\/wp-json\/wp\/v2\/comments?post=228960"}],"version-history":[{"count":1,"href":"https:\/\/franciscanos.org.br\/noticias\/wp-json\/wp\/v2\/posts\/228960\/revisions"}],"predecessor-version":[{"id":228963,"href":"https:\/\/franciscanos.org.br\/noticias\/wp-json\/wp\/v2\/posts\/228960\/revisions\/228963"}],"wp:featuredmedia":[{"embeddable":true,"href":"https:\/\/franciscanos.org.br\/noticias\/wp-json\/wp\/v2\/media\/228962"}],"wp:attachment":[{"href":"https:\/\/franciscanos.org.br\/noticias\/wp-json\/wp\/v2\/media?parent=228960"}],"wp:term":[{"taxonomy":"category","embeddable":true,"href":"https:\/\/franciscanos.org.br\/noticias\/wp-json\/wp\/v2\/categories?post=228960"},{"taxonomy":"post_tag","embeddable":true,"href":"https:\/\/franciscanos.org.br\/noticias\/wp-json\/wp\/v2\/tags?post=228960"}],"curies":[{"name":"wp","href":"https:\/\/api.w.org\/{rel}","templated":true}]}}