{"id":228954,"date":"2020-10-28T11:33:46","date_gmt":"2020-10-28T14:33:46","guid":{"rendered":"https:\/\/franciscanos.org.br\/noticias\/?p=228954"},"modified":"2021-07-05T19:55:56","modified_gmt":"2021-07-05T22:55:56","slug":"franciscanos-lancam-chamado-nacional-contra-a-fome","status":"publish","type":"post","link":"https:\/\/franciscanos.org.br\/noticias\/franciscanos-lancam-chamado-nacional-contra-a-fome.html","title":{"rendered":"Franciscanos lan\u00e7am chamado nacional contra a fome"},"content":{"rendered":"<p><img loading=\"lazy\" class=\"alignnone wp-image-228955 size-full\" src=\"https:\/\/franciscanos.org.br\/noticias\/wp-content\/uploads\/2020\/10\/sefras_0111.jpg\" alt=\"\" width=\"1280\" height=\"720\" srcset=\"https:\/\/franciscanos.org.br\/noticias\/wp-content\/uploads\/2020\/10\/sefras_0111.jpg 1280w, https:\/\/franciscanos.org.br\/noticias\/wp-content\/uploads\/2020\/10\/sefras_0111-450x253.jpg 450w, https:\/\/franciscanos.org.br\/noticias\/wp-content\/uploads\/2020\/10\/sefras_0111-1024x576.jpg 1024w, https:\/\/franciscanos.org.br\/noticias\/wp-content\/uploads\/2020\/10\/sefras_0111-768x432.jpg 768w, https:\/\/franciscanos.org.br\/noticias\/wp-content\/uploads\/2020\/10\/sefras_0111-150x84.jpg 150w\" sizes=\"(max-width: 1280px) 100vw, 1280px\" \/><\/p>\n<p><strong>S\u00e3o Paulo (SP)<\/strong> &#8211; Depois de alimentar quase 5 mil pessoas por dia nas ruas do Rio de Janeiro e S\u00e3o Paulo por sete meses, os frades do Servi\u00e7o Franciscano de Solidariedade (Sefras) realizaram um ato para doar a refei\u00e7\u00e3o de n\u00famero 1 milh\u00e3o. O evento tamb\u00e9m foi palco do lan\u00e7amento do relat\u00f3rio \u201cA Fome Como Prato Principal\u201d, que faz um retrato da fome durante a pandemia e aponta para uma agenda p\u00fablica de seu combate.<\/p>\n<p>Este momento hist\u00f3rico em S\u00e3o Paulo teve a participa\u00e7\u00e3o do Ministro Provincial da Prov\u00edncia da Imaculada Concei\u00e7\u00e3o, Frei C\u00e9sar K\u00fclkamp, do Vig\u00e1rio Provincial e Secret\u00e1rio para a Evangeliza\u00e7\u00e3o, Frei Gustavo Medella, e do Padre J\u00falio Lancellotti, da Pastoral do Povo da Rua. Participaram autoridades, como a secret\u00e1ria Berenice Giannella, da Secretaria Municipal de Assist\u00eancia Social \u2013 SMADS, a secret\u00e1ria Claudia Carletto, da Secretaria de Direitos Humanos e Cidadania, e Silvia Salgado, representando todos parceiros, volunt\u00e1rios e doadores.<\/p>\n<p>\u201cNo in\u00edcio do isolamento, decidimos n\u00e3o fechar nossas portas para acolher, cuidar e defender aqueles que mais precisavam, como a popula\u00e7\u00e3o em situa\u00e7\u00e3o de rua e desempregada nas ruas de S\u00e3o Paulo e Rio de Janeiro. E nos deparamos com o cen\u00e1rio dram\u00e1tico da fome, que veio antes da febre da Covid-19\u201d, lembra o Frei Jos\u00e9 Francisco de C\u00e1ssia, diretor-presidente Sefras.<\/p>\n<p>Segundo ele, a procura por alimento era t\u00e3o grande que os frades montaram emergencialmente uma tenda de doa\u00e7\u00e3o de marmitas no Largo S\u00e3o Francisco, no centro de S\u00e3o Paulo. Foi o in\u00edcio de uma a\u00e7\u00e3o de enfrentamento \u00e0 fome, que chegou a alimentar 6 mil pessoas diariamente e, no dia 27\/10, completou 1 milh\u00e3o de refei\u00e7\u00f5es distribu\u00eddas.<\/p>\n<p>Com 2 tendas franciscanas \u2013 uma segunda foi erguida no Largo da Carioca (centro do Rio de Janeiro) \u2013, cinco cozinhas sociais e outros seis polos de distribui\u00e7\u00e3o de alimentos, que inclu\u00edram 22 mil cestas b\u00e1sicas e kits de higiene e prote\u00e7\u00e3o, a A\u00e7\u00e3o Franciscana de Enfrentamento \u00e0 Pandemia foi uma resposta \u00e0 emerg\u00eancia social, que est\u00e1 na base do Servi\u00e7o Franciscano de Solidariedade como organiza\u00e7\u00e3o humanit\u00e1ria.<\/p>\n<p><img loading=\"lazy\" class=\"alignnone wp-image-228956 size-full\" src=\"https:\/\/franciscanos.org.br\/noticias\/wp-content\/uploads\/2020\/10\/sefras_0111_2.jpg\" alt=\"\" width=\"1280\" height=\"720\" srcset=\"https:\/\/franciscanos.org.br\/noticias\/wp-content\/uploads\/2020\/10\/sefras_0111_2.jpg 1280w, https:\/\/franciscanos.org.br\/noticias\/wp-content\/uploads\/2020\/10\/sefras_0111_2-450x253.jpg 450w, https:\/\/franciscanos.org.br\/noticias\/wp-content\/uploads\/2020\/10\/sefras_0111_2-1024x576.jpg 1024w, https:\/\/franciscanos.org.br\/noticias\/wp-content\/uploads\/2020\/10\/sefras_0111_2-768x432.jpg 768w, https:\/\/franciscanos.org.br\/noticias\/wp-content\/uploads\/2020\/10\/sefras_0111_2-150x84.jpg 150w\" sizes=\"(max-width: 1280px) 100vw, 1280px\" \/><\/p>\n<p>Embora fosse uma a\u00e7\u00e3o de emerg\u00eancia, os impactos duradouros da pandemia, em rela\u00e7\u00e3o \u00e0 desigualdade de renda e aumento da pobreza nos grupos j\u00e1 vulner\u00e1veis, demonstraram que a fome \u00e9 um fator a ser combatido com a\u00e7\u00f5es de m\u00e9dio e longo prazo. \u201cA alimenta\u00e7\u00e3o passa, ent\u00e3o, a ser o eixo principal de atua\u00e7\u00e3o dos franciscanos, em especial aos nosso p\u00fablicos de atendimento: popula\u00e7\u00e3o em situa\u00e7\u00e3o de rua, imigrantes e refugiados, idosos sozinhos e crian\u00e7as de comunidades pobres e ocupa\u00e7\u00f5es\u201d, garante Frei Jos\u00e9 Francisco.<\/p>\n<p>J\u00e1 no Largo da Carioca, centro da capital fluminense, o ato contou com a participa\u00e7\u00e3o das chefs Flavia Quaresma, uma das mais importantes do Brasil, e Anna Ribeiro, l\u00edder da cozinha do Gastromotiva (organiza\u00e7\u00e3o social parceira do Sefras), e dos chefs Frederic Monnier, representando a gastronomia e a comunidade francesa, e Jo\u00e3o Diamante, que tamb\u00e9m administra o projeto social &#8220;Diamantes na Cozinha&#8221;.<\/p>\n<p>\u201cA solidariedade que presenciamos durante todos esses meses provam que um grande n\u00famero de pessoas est\u00e1 disposto a acolher, a cuidar e defender dos mais desvalidos, dos mais invis\u00edveis. \u00c9 essa solidariedade que tamb\u00e9m nos move e que vale vidas\u201d, considera o Frei Jos\u00e9 Francisco.<\/p>\n<p>Relat\u00f3rio<br \/>\nOs sete meses de intenso trabalho e aprendizados deram origem ao relat\u00f3rio \u201cA Fome Como Prato Principal &#8211; Um retrato do enfrentamento \u00e0 fome durante a pandemia no Brasil\u201d. \u201cMais do que um recorte sobre o trabalho franciscano no per\u00edodo, o documento \u00e9 um chamado \u00e0 a\u00e7\u00e3o, um compromisso que pode ser assumido por todos no combate \u00e0 fome\u201d, afirma Fabio Paes, coordenador de Desenvolvimento Institucional do Sefras.<\/p>\n<p><img loading=\"lazy\" class=\"alignnone wp-image-228957 size-full\" src=\"https:\/\/franciscanos.org.br\/noticias\/wp-content\/uploads\/2020\/10\/sefras_0111_3.jpg\" alt=\"\" width=\"1280\" height=\"720\" srcset=\"https:\/\/franciscanos.org.br\/noticias\/wp-content\/uploads\/2020\/10\/sefras_0111_3.jpg 1280w, https:\/\/franciscanos.org.br\/noticias\/wp-content\/uploads\/2020\/10\/sefras_0111_3-450x253.jpg 450w, https:\/\/franciscanos.org.br\/noticias\/wp-content\/uploads\/2020\/10\/sefras_0111_3-1024x576.jpg 1024w, https:\/\/franciscanos.org.br\/noticias\/wp-content\/uploads\/2020\/10\/sefras_0111_3-768x432.jpg 768w, https:\/\/franciscanos.org.br\/noticias\/wp-content\/uploads\/2020\/10\/sefras_0111_3-150x84.jpg 150w\" sizes=\"(max-width: 1280px) 100vw, 1280px\" \/><\/p>\n<p>O relat\u00f3rio traz um Mapeamento de Boas Pr\u00e1ticas na produ\u00e7\u00e3o de alimentos e no acesso a estes ao longo da pandemia, pesquisas recentes sobre o cen\u00e1rio da inseguran\u00e7a alimentar no Brasil e no mundo. Some-se a isso, depoimentos de representantes de comunidades quilombolas e de pequenos agricultores no interior do Brasil, que mostram como a fome tem atingido esses grupos, e as an\u00e1lises da soci\u00f3loga Regina Novaes, de Frei Betto, da historiadora Adriana Salay Leme e do coordenador do Movimento F\u00e9 e Pol\u00edtica, Selvino Heck.<\/p>\n<p>Um dos grandes destaques da publica\u00e7\u00e3o, no entanto, \u00e9 o lan\u00e7amento da Frente Nacional de Erradica\u00e7\u00e3o da Fome, que ser\u00e1 formada por diversos setores da sociedade, como movimentos sociais, chefs renomados, intelectuais, gestores p\u00fablicos e organiza\u00e7\u00f5es n\u00e3o governamentais. Todos s\u00e3o bem-vindos na Frente e quem tiver interesse em fazer parte, basta acessar www.fomebr.org.br.<\/p>\n<p>Espera-se que esse grupo, liderado pelos franciscanos, contribuam para o Relat\u00f3rio Popular Alternativo sobre o Enfrentamento \u00e0 Fome no Brasil, que far\u00e1 um balan\u00e7o anual sobre o tema no pa\u00eds a partir de 2021.<\/p>\n<hr \/>\n<p><em>Imagens e texto do Setor de Comunica\u00e7\u00e3o do Servi\u00e7o Franciscano de Solidariedade<\/em><\/p>\n","protected":false},"excerpt":{"rendered":"<p>Servi\u00e7o Franciscano de Solidariedade<\/p>\n","protected":false},"author":3,"featured_media":228958,"comment_status":"open","ping_status":"open","sticky":false,"template":"","format":"standard","meta":[],"categories":[1],"tags":[228],"acf":[],"yoast_head":"<!-- This site is optimized with the Yoast SEO plugin v19.2 - https:\/\/yoast.com\/wordpress\/plugins\/seo\/ -->\n<title>Franciscanos lan\u00e7am chamado nacional contra a fome - Not\u00edcias - Franciscanos<\/title>\n<meta name=\"robots\" content=\"index, follow, max-snippet:-1, max-image-preview:large, max-video-preview:-1\" \/>\n<link rel=\"canonical\" href=\"https:\/\/franciscanos.org.br\/noticias\/franciscanos-lancam-chamado-nacional-contra-a-fome.html\" \/>\n<meta property=\"og:locale\" content=\"pt_BR\" \/>\n<meta property=\"og:type\" content=\"article\" \/>\n<meta property=\"og:title\" content=\"Franciscanos lan\u00e7am chamado nacional contra a fome - Not\u00edcias - Franciscanos\" \/>\n<meta property=\"og:description\" content=\"Servi\u00e7o Franciscano de Solidariedade\" \/>\n<meta property=\"og:url\" content=\"https:\/\/franciscanos.org.br\/noticias\/franciscanos-lancam-chamado-nacional-contra-a-fome.html\" \/>\n<meta property=\"og:site_name\" content=\"Not\u00edcias - Franciscanos\" \/>\n<meta property=\"article:published_time\" content=\"2020-10-28T14:33:46+00:00\" \/>\n<meta property=\"article:modified_time\" content=\"2021-07-05T22:55:56+00:00\" \/>\n<meta property=\"og:image\" content=\"https:\/\/franciscanos.org.br\/noticias\/wp-content\/uploads\/2020\/10\/sefras_2810d.jpg\" \/>\n\t<meta property=\"og:image:width\" content=\"800\" \/>\n\t<meta property=\"og:image:height\" content=\"600\" \/>\n\t<meta property=\"og:image:type\" content=\"image\/jpeg\" \/>\n<meta name=\"author\" content=\"moacir\" \/>\n<meta name=\"twitter:card\" content=\"summary_large_image\" \/>\n<meta name=\"twitter:label1\" content=\"Escrito por\" \/>\n\t<meta name=\"twitter:data1\" content=\"moacir\" \/>\n\t<meta name=\"twitter:label2\" content=\"Est. tempo de leitura\" \/>\n\t<meta name=\"twitter:data2\" content=\"4 minutos\" \/>\n<script type=\"application\/ld+json\" class=\"yoast-schema-graph\">{\"@context\":\"https:\/\/schema.org\",\"@graph\":[{\"@type\":\"WebSite\",\"@id\":\"https:\/\/franciscanos.org.br\/noticias\/#website\",\"url\":\"https:\/\/franciscanos.org.br\/noticias\/\",\"name\":\"Not\u00edcias - Franciscanos\",\"description\":\"Prov\u00edncia Franciscana da Imaculada Concei\u00e7\u00e3o do Brasil - Ordem dos Frades Menores - OFM\",\"potentialAction\":[{\"@type\":\"SearchAction\",\"target\":{\"@type\":\"EntryPoint\",\"urlTemplate\":\"https:\/\/franciscanos.org.br\/noticias\/?s={search_term_string}\"},\"query-input\":\"required name=search_term_string\"}],\"inLanguage\":\"pt-BR\"},{\"@type\":\"ImageObject\",\"inLanguage\":\"pt-BR\",\"@id\":\"https:\/\/franciscanos.org.br\/noticias\/franciscanos-lancam-chamado-nacional-contra-a-fome.html#primaryimage\",\"url\":\"https:\/\/franciscanos.org.br\/noticias\/wp-content\/uploads\/2020\/10\/sefras_2810d.jpg\",\"contentUrl\":\"https:\/\/franciscanos.org.br\/noticias\/wp-content\/uploads\/2020\/10\/sefras_2810d.jpg\",\"width\":800,\"height\":600},{\"@type\":\"WebPage\",\"@id\":\"https:\/\/franciscanos.org.br\/noticias\/franciscanos-lancam-chamado-nacional-contra-a-fome.html#webpage\",\"url\":\"https:\/\/franciscanos.org.br\/noticias\/franciscanos-lancam-chamado-nacional-contra-a-fome.html\",\"name\":\"Franciscanos lan\u00e7am chamado nacional contra a fome - Not\u00edcias - Franciscanos\",\"isPartOf\":{\"@id\":\"https:\/\/franciscanos.org.br\/noticias\/#website\"},\"primaryImageOfPage\":{\"@id\":\"https:\/\/franciscanos.org.br\/noticias\/franciscanos-lancam-chamado-nacional-contra-a-fome.html#primaryimage\"},\"datePublished\":\"2020-10-28T14:33:46+00:00\",\"dateModified\":\"2021-07-05T22:55:56+00:00\",\"author\":{\"@id\":\"https:\/\/franciscanos.org.br\/noticias\/#\/schema\/person\/b5c8cba458c330ccff548b056e95a5d4\"},\"breadcrumb\":{\"@id\":\"https:\/\/franciscanos.org.br\/noticias\/franciscanos-lancam-chamado-nacional-contra-a-fome.html#breadcrumb\"},\"inLanguage\":\"pt-BR\",\"potentialAction\":[{\"@type\":\"ReadAction\",\"target\":[\"https:\/\/franciscanos.org.br\/noticias\/franciscanos-lancam-chamado-nacional-contra-a-fome.html\"]}]},{\"@type\":\"BreadcrumbList\",\"@id\":\"https:\/\/franciscanos.org.br\/noticias\/franciscanos-lancam-chamado-nacional-contra-a-fome.html#breadcrumb\",\"itemListElement\":[{\"@type\":\"ListItem\",\"position\":1,\"name\":\"Home\",\"item\":\"https:\/\/franciscanos.org.br\/noticias\"},{\"@type\":\"ListItem\",\"position\":2,\"name\":\"Franciscanos lan\u00e7am chamado nacional contra a fome\"}]},{\"@type\":\"Person\",\"@id\":\"https:\/\/franciscanos.org.br\/noticias\/#\/schema\/person\/b5c8cba458c330ccff548b056e95a5d4\",\"name\":\"moacir\",\"image\":{\"@type\":\"ImageObject\",\"inLanguage\":\"pt-BR\",\"@id\":\"https:\/\/franciscanos.org.br\/noticias\/#\/schema\/person\/image\/\",\"url\":\"https:\/\/secure.gravatar.com\/avatar\/d08aa2ce4c8dd416d4479aa8536fcf64?s=96&d=mm&r=g\",\"contentUrl\":\"https:\/\/secure.gravatar.com\/avatar\/d08aa2ce4c8dd416d4479aa8536fcf64?s=96&d=mm&r=g\",\"caption\":\"moacir\"},\"url\":\"https:\/\/franciscanos.org.br\/noticias\/author\/moacir\"}]}<\/script>\n<!-- \/ Yoast SEO plugin. -->","yoast_head_json":{"title":"Franciscanos lan\u00e7am chamado nacional contra a fome - Not\u00edcias - Franciscanos","robots":{"index":"index","follow":"follow","max-snippet":"max-snippet:-1","max-image-preview":"max-image-preview:large","max-video-preview":"max-video-preview:-1"},"canonical":"https:\/\/franciscanos.org.br\/noticias\/franciscanos-lancam-chamado-nacional-contra-a-fome.html","og_locale":"pt_BR","og_type":"article","og_title":"Franciscanos lan\u00e7am chamado nacional contra a fome - Not\u00edcias - Franciscanos","og_description":"Servi\u00e7o Franciscano de Solidariedade","og_url":"https:\/\/franciscanos.org.br\/noticias\/franciscanos-lancam-chamado-nacional-contra-a-fome.html","og_site_name":"Not\u00edcias - Franciscanos","article_published_time":"2020-10-28T14:33:46+00:00","article_modified_time":"2021-07-05T22:55:56+00:00","og_image":[{"width":800,"height":600,"url":"https:\/\/franciscanos.org.br\/noticias\/wp-content\/uploads\/2020\/10\/sefras_2810d.jpg","type":"image\/jpeg"}],"author":"moacir","twitter_card":"summary_large_image","twitter_misc":{"Escrito por":"moacir","Est. tempo de leitura":"4 minutos"},"schema":{"@context":"https:\/\/schema.org","@graph":[{"@type":"WebSite","@id":"https:\/\/franciscanos.org.br\/noticias\/#website","url":"https:\/\/franciscanos.org.br\/noticias\/","name":"Not\u00edcias - Franciscanos","description":"Prov\u00edncia Franciscana da Imaculada Concei\u00e7\u00e3o do Brasil - Ordem dos Frades Menores - OFM","potentialAction":[{"@type":"SearchAction","target":{"@type":"EntryPoint","urlTemplate":"https:\/\/franciscanos.org.br\/noticias\/?s={search_term_string}"},"query-input":"required name=search_term_string"}],"inLanguage":"pt-BR"},{"@type":"ImageObject","inLanguage":"pt-BR","@id":"https:\/\/franciscanos.org.br\/noticias\/franciscanos-lancam-chamado-nacional-contra-a-fome.html#primaryimage","url":"https:\/\/franciscanos.org.br\/noticias\/wp-content\/uploads\/2020\/10\/sefras_2810d.jpg","contentUrl":"https:\/\/franciscanos.org.br\/noticias\/wp-content\/uploads\/2020\/10\/sefras_2810d.jpg","width":800,"height":600},{"@type":"WebPage","@id":"https:\/\/franciscanos.org.br\/noticias\/franciscanos-lancam-chamado-nacional-contra-a-fome.html#webpage","url":"https:\/\/franciscanos.org.br\/noticias\/franciscanos-lancam-chamado-nacional-contra-a-fome.html","name":"Franciscanos lan\u00e7am chamado nacional contra a fome - Not\u00edcias - Franciscanos","isPartOf":{"@id":"https:\/\/franciscanos.org.br\/noticias\/#website"},"primaryImageOfPage":{"@id":"https:\/\/franciscanos.org.br\/noticias\/franciscanos-lancam-chamado-nacional-contra-a-fome.html#primaryimage"},"datePublished":"2020-10-28T14:33:46+00:00","dateModified":"2021-07-05T22:55:56+00:00","author":{"@id":"https:\/\/franciscanos.org.br\/noticias\/#\/schema\/person\/b5c8cba458c330ccff548b056e95a5d4"},"breadcrumb":{"@id":"https:\/\/franciscanos.org.br\/noticias\/franciscanos-lancam-chamado-nacional-contra-a-fome.html#breadcrumb"},"inLanguage":"pt-BR","potentialAction":[{"@type":"ReadAction","target":["https:\/\/franciscanos.org.br\/noticias\/franciscanos-lancam-chamado-nacional-contra-a-fome.html"]}]},{"@type":"BreadcrumbList","@id":"https:\/\/franciscanos.org.br\/noticias\/franciscanos-lancam-chamado-nacional-contra-a-fome.html#breadcrumb","itemListElement":[{"@type":"ListItem","position":1,"name":"Home","item":"https:\/\/franciscanos.org.br\/noticias"},{"@type":"ListItem","position":2,"name":"Franciscanos lan\u00e7am chamado nacional contra a fome"}]},{"@type":"Person","@id":"https:\/\/franciscanos.org.br\/noticias\/#\/schema\/person\/b5c8cba458c330ccff548b056e95a5d4","name":"moacir","image":{"@type":"ImageObject","inLanguage":"pt-BR","@id":"https:\/\/franciscanos.org.br\/noticias\/#\/schema\/person\/image\/","url":"https:\/\/secure.gravatar.com\/avatar\/d08aa2ce4c8dd416d4479aa8536fcf64?s=96&d=mm&r=g","contentUrl":"https:\/\/secure.gravatar.com\/avatar\/d08aa2ce4c8dd416d4479aa8536fcf64?s=96&d=mm&r=g","caption":"moacir"},"url":"https:\/\/franciscanos.org.br\/noticias\/author\/moacir"}]}},"_links":{"self":[{"href":"https:\/\/franciscanos.org.br\/noticias\/wp-json\/wp\/v2\/posts\/228954"}],"collection":[{"href":"https:\/\/franciscanos.org.br\/noticias\/wp-json\/wp\/v2\/posts"}],"about":[{"href":"https:\/\/franciscanos.org.br\/noticias\/wp-json\/wp\/v2\/types\/post"}],"author":[{"embeddable":true,"href":"https:\/\/franciscanos.org.br\/noticias\/wp-json\/wp\/v2\/users\/3"}],"replies":[{"embeddable":true,"href":"https:\/\/franciscanos.org.br\/noticias\/wp-json\/wp\/v2\/comments?post=228954"}],"version-history":[{"count":1,"href":"https:\/\/franciscanos.org.br\/noticias\/wp-json\/wp\/v2\/posts\/228954\/revisions"}],"predecessor-version":[{"id":228959,"href":"https:\/\/franciscanos.org.br\/noticias\/wp-json\/wp\/v2\/posts\/228954\/revisions\/228959"}],"wp:featuredmedia":[{"embeddable":true,"href":"https:\/\/franciscanos.org.br\/noticias\/wp-json\/wp\/v2\/media\/228958"}],"wp:attachment":[{"href":"https:\/\/franciscanos.org.br\/noticias\/wp-json\/wp\/v2\/media?parent=228954"}],"wp:term":[{"taxonomy":"category","embeddable":true,"href":"https:\/\/franciscanos.org.br\/noticias\/wp-json\/wp\/v2\/categories?post=228954"},{"taxonomy":"post_tag","embeddable":true,"href":"https:\/\/franciscanos.org.br\/noticias\/wp-json\/wp\/v2\/tags?post=228954"}],"curies":[{"name":"wp","href":"https:\/\/api.w.org\/{rel}","templated":true}]}}