{"id":228934,"date":"2020-10-27T10:25:53","date_gmt":"2020-10-27T13:25:53","guid":{"rendered":"https:\/\/franciscanos.org.br\/noticias\/?p=228934"},"modified":"2020-10-27T10:29:00","modified_gmt":"2020-10-27T13:29:00","slug":"usf","status":"publish","type":"post","link":"https:\/\/franciscanos.org.br\/noticias\/usf.html","title":{"rendered":"EaD\/USF promove a Semana Internacional de Teologia"},"content":{"rendered":"<p><img loading=\"lazy\" class=\"alignnone wp-image-228935 size-full\" src=\"https:\/\/franciscanos.org.br\/noticias\/wp-content\/uploads\/2020\/10\/semana_2711.jpg\" alt=\"\" width=\"890\" height=\"531\" srcset=\"https:\/\/franciscanos.org.br\/noticias\/wp-content\/uploads\/2020\/10\/semana_2711.jpg 890w, https:\/\/franciscanos.org.br\/noticias\/wp-content\/uploads\/2020\/10\/semana_2711-450x268.jpg 450w, https:\/\/franciscanos.org.br\/noticias\/wp-content\/uploads\/2020\/10\/semana_2711-768x458.jpg 768w, https:\/\/franciscanos.org.br\/noticias\/wp-content\/uploads\/2020\/10\/semana_2711-150x89.jpg 150w\" sizes=\"(max-width: 890px) 100vw, 890px\" \/><\/p>\n<p>A Universidade S\u00e3o Francisco (USF) promover\u00e1 o evento\u00a0Semana Internacional de Teologia \u2013 EAD\/USF, cujo tema ser\u00e1\u00a0P\u00e9s descal\u00e7os sobre terra vermelha: \u00e0 procura do Novo Mundo de Deus (Um tributo a Dom Pedro Casald\u00e1liga), do dia 28 a 31 de outubro,\u00a0atrav\u00e9s do canal oficial do YouTube da USF.<\/p>\n<p>O te\u00f3logo e a te\u00f3loga contempor\u00e2neos, que se entendem herdeiros da mais aut\u00eantica tradi\u00e7\u00e3o prof\u00e9tica b\u00edblica, assumem, como tarefa urgente, responder, com palavras da f\u00e9 encarnada e atos do amor feito corpo (p\u00edste kay \u00e9rga), aos desafios que afligem o nosso tempo e a nossa gente, e ainda amea\u00e7am a vida em todo o planeta, nossa fr\u00e1gil casa comum.<\/p>\n<p>A explora\u00e7\u00e3o do trabalhador pelo avan\u00e7o desumanizador do capitalismo (LS, 51) compromete de maneira feroz a dignidade humana. A redu\u00e7\u00e3o da Cria\u00e7\u00e3o a mera fonte geradora de lucro, e o ser humano a mero instrumento laboral, desfigura a imagem e semelhan\u00e7a do Criador em n\u00f3s (LS, 65) e ainda amea\u00e7a nos destituir definitivamente da nossa voca\u00e7\u00e3o de cuidadores e cuidadoras do jardim de Deus.<\/p>\n<p>O recente falecimento do bispo em\u00e9rito de S\u00e3o F\u00e9lix do Araguaia, Dom Pedro Casald\u00e1liga, sensibilizou de maneira pungente a todos n\u00f3s que abra\u00e7amos o mesmo ideal de pr\u00e1tica da Justi\u00e7a e de defesa da Paz no Continente Latino-Americano.<\/p>\n<p>Dom Pedro \u00e9 uma refer\u00eancia para quem deseja cumprir corajosamente sua voca\u00e7\u00e3o teol\u00f3gico-pastoral num contexto de tremenda explora\u00e7\u00e3o social e econ\u00f4mica, no qual as liberdades individuais e coletivas s\u00e3o drasticamente cerceadas por pessoas inescrupulosas e seus projetos diab\u00f3licos.<\/p>\n<p>\u00c9 trilhando as sendas da nossa morena terra amer\u00edndia, tingida do sangue dos que mais a amaram, que celebraremos a Primeira Semana de Teologia da USF, em busca do Novo Mundo de Deus.<br \/>\nNos derradeiros dias de outubro, t\u00e3o ecumenicamente simb\u00f3licos, nossa semana teol\u00f3gica abrir\u00e1 um fraterno espa\u00e7o para acolher aqueles e aquelas que, atentos \u00e0 voz do mesmo Deus que vocacionou Dom Pedro Casald\u00e1liga, quisermos repensar e, quem sabe, redefinir solidariamente nosso papel na constru\u00e7\u00e3o de um novo mundo ecum\u00eanico e ecol\u00f3gico.<br \/>\nQual ser\u00e1 nossa resposta para anunciar e construir o Novo Mundo de Deus hoje?<\/p>\n<hr \/>\n<h3 style=\"padding-left: 40px;\"><strong>Palestrantes<\/strong><\/h3>\n<p style=\"padding-left: 40px;\"><strong>Allan da Silva Coelho <\/strong>&#8211;\u00a0\u00c9 professor e orientador de mestrado e doutorado no Programa de P\u00f3s-Gradua\u00e7\u00e3o em Educa\u00e7\u00e3o da Universidade S\u00e3o Francisco &#8211; USF e membro dos grupos de pesquisa: Religi\u00e3o e Educa\u00e7\u00e3o; Cr\u00edticos da Modernidade. Pesquisa com abordagem filos\u00f3fica o pensamento cr\u00edtico latino-americano, em especial a partir das epistemologias divergentes e alternativas e com a cr\u00edtica da Modernidade, estudando os temas: capitalismo como religi\u00e3o, pensamento m\u00edtico-teol\u00f3gico, perspectivas anticapitalistas na educa\u00e7\u00e3o, concep\u00e7\u00f5es de ensino de filosofia, cristianismo da liberta\u00e7\u00e3o e fundamentos filos\u00f3ficos das lutas populares pelos direitos humanos.<\/p>\n<p style=\"padding-left: 40px;\"><strong>Benedito Ferraro\u00a0<\/strong>&#8211;<strong>\u00a0<\/strong>Possui gradua\u00e7\u00e3o em Filosofia pelo Semin\u00e1rio Central do Ipiranga (1967), gradua\u00e7\u00e3o em Licenciatura em Filosofia pela Universidade de Mogi das Cruzes (1970), gradua\u00e7\u00e3o em Bacharelado em Teologia pela Pontif\u00edcia Universidade Cat\u00f3lica de S\u00e3o Paulo (1969), gradua\u00e7\u00e3o em Licenciatura em Teologia pela Pontif\u00edcia Universidade Cat\u00f3lica de S\u00e3o Paulo (1971) doutorado em Teologia pela University Fribourg (1975) Presidente do Centro Ecum\u00eanico de Servi\u00e7os \u00e0 evangeliza\u00e7\u00e3o e Educa\u00e7\u00e3o Popular. Tem experi\u00eancia na \u00e1rea de Teologia , com \u00eanfase em Teologia Sistem\u00e1tica.<\/p>\n<p style=\"padding-left: 40px;\"><strong>Thadeu da Silva Souza\u00a0<\/strong>&#8211; E jesu\u00edta, possui gradua\u00e7\u00e3o em filosofia pelo Centro Universit\u00e1rio da Funda\u00e7\u00e3o Educacional Guaxup\u00e9 (UNIFEG) e mestrado em Ci\u00eancias da Religi\u00e3o pela Universidade Metodista de S\u00e3o Paulo (UMESP). Atualmente desenvolve pesquisas na \u00e1rea de \u00e9tica no programa de p\u00f3s-gradua\u00e7\u00e3o em filosofia da Faculdade Jesu\u00edta de Filosofia e Teologia (FAJE), em Belo Horizonte.<\/p>\n<p style=\"padding-left: 40px;\"><strong>Adonis de Lima Favari\u00a0<\/strong>&#8211;<strong>\u00a0<\/strong>Possui gradua\u00e7\u00e3o em Hist\u00f3ria pela Funda\u00e7\u00e3o Municipal de Ensino Superior de Bragan\u00e7a Paulista (2013) e P\u00f3s &#8211; Gradua\u00e7\u00e3o Lato sensu em Hist\u00f3ria, Sociedade e Cultura pela Pontif\u00edcia Universidade Cat\u00f3lica de S\u00e3o Paulo PUC &#8211; SP (2016). Atualmente \u00e9 professor da Escola Municipal Prof\u00b0 Ad\u00e3o de Lima, Prof\u00aa Othilia Fornari de Lima. Tem experi\u00eancia na \u00e1rea de Hist\u00f3ria, com \u00eanfase em Teoria e Filosofia da Hist\u00f3ria.<\/p>\n<p style=\"padding-left: 40px;\"><strong>Luiz Carlos Ramos\u00a0<\/strong>&#8211;<strong>\u00a0<\/strong>Doutorado em Ci\u00eancias da Religi\u00e3o pela Universidade Metodista de S\u00e3o Paulo (2005); mestrado em Ci\u00eancias da Religi\u00e3o pela Universidade Metodista de S\u00e3o Paulo (1996); gradua\u00e7\u00e3o em Bacharelado em Teologia pelo Semin\u00e1rio Presbiteriano do Sul \/ Universidade Mackenzie (1983); gradua\u00e7\u00e3o em Teologia pela Universidade Metodista de S\u00e3o Paulo (2007). E autor de &#8220;A prega\u00e7\u00e3o na Idade M\u00eddia: desafios da Sociedade do Espet\u00e1culo para a Homil\u00e9tica contempor\u00e2nea&#8221;, pela Editeo. Tem experi\u00eancia na \u00e1rea de Teologia, Ci\u00eancias da Religi\u00e3o, com \u00eanfase em Pr\u00e1xis e Sociedade e Comunica\u00e7\u00e3o Social, atuando principalmente nos seguintes temas: Fen\u00f4meno Religioso, Teologia Fundamental, Ecumenismo, \u00c9tica, Bio\u00e9tica, Liturgia, Homil\u00e9tica, Comunica\u00e7\u00e3o e Metodologia Cient\u00edfica de Pesquisa. (http:\/\/www.luizcarlosramos.net).<\/p>\n<p style=\"padding-left: 40px;\"><strong>Renato Adriano Pezenti\u00a0<\/strong>&#8211; Possui Licenciatura Plena em Filosofia (2005), Bacharelado em Teologia (2009), Especializa\u00e7\u00e3o em Gest\u00e3o Educacional, iniciou mestrado em Exegese B\u00edblica pelo Pontificium Institutum Biblicum de Roma, \u00e9 mestrando em Educa\u00e7\u00e3o pela USF e membro do Grupo de Pesquisa Educa\u00e7\u00e3o e \u00c9tica: aproxima\u00e7\u00f5es, converg\u00eancias, transversalidades da USF. Possui experi\u00eancia internacional, viveu dois anos na It\u00e1lia (Roma) para estudos de p\u00f3s-gradua\u00e7\u00e3o; tr\u00eas meses nos Estados Unidos (Chicago) para aprofundamento da l\u00edngua inglesa e tr\u00eas meses na Fran\u00e7a (Estrasburgo) para aprofundamento da l\u00edngua francesa. Atuou como sacerdote franciscano durante cinco anos nos estados do sul e sudeste do Brasil e na It\u00e1lia dedicando-se especialmente \u00e0 forma\u00e7\u00e3o de lideran\u00e7as juvenis, produ\u00e7\u00e3o de materiais formativos, atua\u00e7\u00e3o junto a diversos meios de comunica\u00e7\u00e3o e \u00e0 gest\u00e3o escolar.<\/p>\n<p style=\"padding-left: 40px;\"><strong>Tatiane de Souza Mendon\u00e7a\u00a0<\/strong>&#8211;\u00a0Professora Tutora Presencial de Teologia na Universidade S\u00e3o Francisco. Professora de Ensino Religioso e Coordenadora Pastoral no Externato S\u00e3o Jos\u00e9. Forma\u00e7\u00e3o pela USP e PUC-SP: MBA em Gest\u00e3o Educacional pela USP. Bacharel em Teologia com bi\u00eanio em filosofia pela Pontif\u00edcia Universidade Cat\u00f3lica de S\u00e3o Paulo e Licenciatura em filosofia pela Rede de Educa\u00e7\u00e3o Claretiano.<\/p>\n<p style=\"padding-left: 40px;\"><strong>Ivenise Teresinha Gonzaga Santinon\u00a0<\/strong>&#8211; Doutorado em Ci\u00eancias da Religi\u00e3o pela Universidade Metodista de S\u00e3o Paulo (2009), Mestrado em Teologia pela Pontif\u00edcia Universidade Cat\u00f3lica de S\u00e3o Paulo (2003) e Gradua\u00e7\u00e3o em Teologia pela Pontif\u00edcia Universidade Cat\u00f3lica de Campinas(1999). Atua como professora da Faculdade de Teologia, na PUC &#8211; Campinas, com atividade docente em disciplinas da teologia e na antropologia teol\u00f3gica. Estuda temas da teologia, das ci\u00eancias da religi\u00e3o, das rela\u00e7\u00f5es de g\u00eanero e da humaniza\u00e7\u00e3o. Membro da SOTER &#8211; Sociedade Brasileira de Teologia e Ci\u00eancias da Religi\u00e3o; Integrante da Rede Latino Americana de te\u00f3logos e te\u00f3logas pastoralistas do CEBITEPAL &#8211; CELAM &#8211; Bogot\u00e1; do Grupo de Reflex\u00e3o e de Assessoria Teol\u00f3gica da Comiss\u00e3o Pastoral para o Laicato da CNBB &#8211; Confer\u00eancia Nacional dos Bispos dos Brasil; e da Rede de Assessores\/as do CEFEP &#8211; Centro Nacional de F\u00e9 e Pol\u00edtica &#8220;D. Helder C\u00e2mara&#8221;,da CNBB. Membro fundadora do Coletivo Nacional de Te\u00f3logas Feministas &#8211; TeoMulher.<\/p>\n<p style=\"padding-left: 40px;\"><strong>Lucas da Silveira Andrade\u00a0<\/strong>&#8211;<strong>\u00a0<\/strong>Cursando Mestrado em Educa\u00e7\u00e3o na Universidade S\u00e3o Francisco. Formado em Hist\u00f3ria pela FESB, estudou teologia como Seminarista da Diocese de Bragan\u00e7a Paulista na PUC Campinas, especialista em Teologia e Hist\u00f3ria das Religi\u00f5es e em Hist\u00f3ria da Cultura Afro brasileira. Supervisor de tutoria online e Tutor EaD e PeD da Universidade S\u00e3o Francisco. Leciona Hist\u00f3ria de Israel e Hist\u00f3ria da Igreja, na Escola de Teologia da Diocese de Bragan\u00e7a Paulista Professor na rede p\u00fablica do Estado de S\u00e3o Paulo na mat\u00e9ria de Hist\u00f3ria. Atualmente tamb\u00e9m participa do grupo de pesquisa sobre Fetichismo e Sociedade de Consumo: Perspectivas cr\u00edticas dos \u201cmodos de ser\u201d humano na converg\u00eancia de crises social, clim\u00e1tica e econ\u00f4mica.<\/p>\n<p style=\"padding-left: 40px;\"><strong>Francisco Orofino\u00a0<\/strong>&#8211; \u00c9 biblista e educador popular. Assessora grupos populares e comunidades de base nos munic\u00edpios da Baixada Fluminense. \u00c9 autor de v\u00e1rios livros e leciona em Institutos de Teologia voltados para a forma\u00e7\u00e3o de leigos. Fez doutorado em Teologia B\u00edblica na PUC-Rio (2000). \u00c9 professor de Teologia B\u00edblica no Instituto Paulo VI, na diocese de Nova Igua\u00e7u, RJ.<\/p>\n<p style=\"padding-left: 40px;\"><strong>Luiz Augusto Passos\u00a0<\/strong>&#8211;<strong>\u00a0<\/strong>Possui gradua\u00e7\u00e3o em Filosofia pela Faculdade de Filosofia, Ci\u00eancias e Letras Nossa Senhora Medianeira (1970), gradua\u00e7\u00e3o em Teologia &#8211; Col\u00e9gio M\u00e1ximo Cristo Rei (1974), mestrado em Educa\u00e7\u00e3o pela Universidade Federal de Mato Grosso (1990), doutorado em Doutorado em Educa\u00e7\u00e3o pela Universidade Federal de Mato Grosso (1997) e doutorado em Educa\u00e7\u00e3o (Curr\u00edculo) pela Pontif\u00edcia Universidade Cat\u00f3lica de S\u00e3o Paulo (2003). Atualmente, Aposentado e Professor Pesquisador Associado do Programa de P\u00f3s Gradua\u00e7\u00e3o Mestrado e Doutorado, volunt\u00e1rio, da Universidade Federal de Mato Grosso, atua no Grupo de Pesquisa em Movimentos Sociais e Educa\u00e7\u00e3o. Tem experi\u00eancia na \u00e1rea de Educa\u00e7\u00e3o, com \u00eanfase em Educa\u00e7\u00e3o Popular, atuando principalmente nos seguintes temas: movimentos sociais e educa\u00e7\u00e3o, fenomenologia merleaupontyana, coordena Rede Merleau-Ponty e Paulo Freire voltada a Antropologia educacional e situa\u00e7\u00f5es exclus\u00e3o, ambientais e Direitos Humanos. Projeto Humusidade.<\/p>\n<p style=\"padding-left: 40px;\"><strong>Gean Carlos dos Santos\u00a0<\/strong>&#8211;\u00a0\u00c9 Doutor em Teologia Sistem\u00e1tica pela PUC Rio. Pesquisa sobre a rela\u00e7\u00e3o entre as Ci\u00eancias da Vida e a Teologia, especialmente sobre A profundidade da Vida com suas Interfaces e aproxima\u00e7\u00f5es desde o Paradigma ecol\u00f3gico. Tem Mestrado em Teologia Sistem\u00e1tica pela PUC Rio. Possui experi\u00eancia na \u00e1rea de Teologia Sistem\u00e1tica, Assessora comunidades e movimentos de alto risco. \u00c9 Especialista Transdisciplinar em Teologia, Educa\u00e7\u00e3o e Ecologia pelo ITF. Graduado em Filosofia pela Universidade S\u00e3o Francisco USF de S\u00e3o Paulo. Tem Bacharelado em Teologia pelo ITF de Petr\u00f3polis, RJ.<\/p>\n<hr \/>\n<p><strong>VEJA COMO PARTICIPAR E A PROGRAMA\u00c7\u00c3O NO SITE<\/strong><\/p>\n<p><a href=\"https:\/\/www.usf.edu.br\/eventos\/eventos-exibir\/170250165\/semana+internacional+de+teologia+eadusf.htm?pre=0#conteudoInternas\">https:\/\/www.usf.edu.br\/eventos\/eventos-exibir\/170250165\/semana+internacional+de+teologia+eadusf.htm?pre=0#conteudoInternas<\/a><\/p>\n","protected":false},"excerpt":{"rendered":"<p>Universidade S\u00e3o Francisco<\/p>\n","protected":false},"author":3,"featured_media":228936,"comment_status":"open","ping_status":"open","sticky":false,"template":"","format":"standard","meta":[],"categories":[1],"tags":[354],"acf":[],"yoast_head":"<!-- This site is optimized with the Yoast SEO plugin v19.2 - https:\/\/yoast.com\/wordpress\/plugins\/seo\/ -->\n<title>EaD\/USF promove a Semana Internacional de Teologia - Not\u00edcias - Franciscanos<\/title>\n<meta name=\"robots\" content=\"index, follow, max-snippet:-1, max-image-preview:large, max-video-preview:-1\" \/>\n<link rel=\"canonical\" href=\"https:\/\/franciscanos.org.br\/noticias\/usf.html\" \/>\n<meta property=\"og:locale\" content=\"pt_BR\" \/>\n<meta property=\"og:type\" content=\"article\" \/>\n<meta property=\"og:title\" content=\"EaD\/USF promove a Semana Internacional de Teologia - Not\u00edcias - Franciscanos\" \/>\n<meta property=\"og:description\" content=\"Universidade S\u00e3o Francisco\" \/>\n<meta property=\"og:url\" content=\"https:\/\/franciscanos.org.br\/noticias\/usf.html\" \/>\n<meta property=\"og:site_name\" content=\"Not\u00edcias - Franciscanos\" \/>\n<meta property=\"article:published_time\" content=\"2020-10-27T13:25:53+00:00\" \/>\n<meta property=\"article:modified_time\" content=\"2020-10-27T13:29:00+00:00\" \/>\n<meta property=\"og:image\" content=\"https:\/\/franciscanos.org.br\/noticias\/wp-content\/uploads\/2020\/10\/usf.jpg\" \/>\n\t<meta property=\"og:image:width\" content=\"714\" \/>\n\t<meta property=\"og:image:height\" content=\"536\" \/>\n\t<meta property=\"og:image:type\" content=\"image\/jpeg\" \/>\n<meta name=\"author\" content=\"moacir\" \/>\n<meta name=\"twitter:card\" content=\"summary_large_image\" \/>\n<meta name=\"twitter:label1\" content=\"Escrito por\" \/>\n\t<meta name=\"twitter:data1\" content=\"moacir\" \/>\n\t<meta name=\"twitter:label2\" content=\"Est. tempo de leitura\" \/>\n\t<meta name=\"twitter:data2\" content=\"9 minutos\" \/>\n<script type=\"application\/ld+json\" class=\"yoast-schema-graph\">{\"@context\":\"https:\/\/schema.org\",\"@graph\":[{\"@type\":\"WebSite\",\"@id\":\"https:\/\/franciscanos.org.br\/noticias\/#website\",\"url\":\"https:\/\/franciscanos.org.br\/noticias\/\",\"name\":\"Not\u00edcias - Franciscanos\",\"description\":\"Prov\u00edncia Franciscana da Imaculada Concei\u00e7\u00e3o do Brasil - Ordem dos Frades Menores - OFM\",\"potentialAction\":[{\"@type\":\"SearchAction\",\"target\":{\"@type\":\"EntryPoint\",\"urlTemplate\":\"https:\/\/franciscanos.org.br\/noticias\/?s={search_term_string}\"},\"query-input\":\"required name=search_term_string\"}],\"inLanguage\":\"pt-BR\"},{\"@type\":\"ImageObject\",\"inLanguage\":\"pt-BR\",\"@id\":\"https:\/\/franciscanos.org.br\/noticias\/usf.html#primaryimage\",\"url\":\"https:\/\/franciscanos.org.br\/noticias\/wp-content\/uploads\/2020\/10\/usf.jpg\",\"contentUrl\":\"https:\/\/franciscanos.org.br\/noticias\/wp-content\/uploads\/2020\/10\/usf.jpg\",\"width\":714,\"height\":536},{\"@type\":\"WebPage\",\"@id\":\"https:\/\/franciscanos.org.br\/noticias\/usf.html#webpage\",\"url\":\"https:\/\/franciscanos.org.br\/noticias\/usf.html\",\"name\":\"EaD\/USF promove a Semana Internacional de Teologia - Not\u00edcias - Franciscanos\",\"isPartOf\":{\"@id\":\"https:\/\/franciscanos.org.br\/noticias\/#website\"},\"primaryImageOfPage\":{\"@id\":\"https:\/\/franciscanos.org.br\/noticias\/usf.html#primaryimage\"},\"datePublished\":\"2020-10-27T13:25:53+00:00\",\"dateModified\":\"2020-10-27T13:29:00+00:00\",\"author\":{\"@id\":\"https:\/\/franciscanos.org.br\/noticias\/#\/schema\/person\/b5c8cba458c330ccff548b056e95a5d4\"},\"breadcrumb\":{\"@id\":\"https:\/\/franciscanos.org.br\/noticias\/usf.html#breadcrumb\"},\"inLanguage\":\"pt-BR\",\"potentialAction\":[{\"@type\":\"ReadAction\",\"target\":[\"https:\/\/franciscanos.org.br\/noticias\/usf.html\"]}]},{\"@type\":\"BreadcrumbList\",\"@id\":\"https:\/\/franciscanos.org.br\/noticias\/usf.html#breadcrumb\",\"itemListElement\":[{\"@type\":\"ListItem\",\"position\":1,\"name\":\"Home\",\"item\":\"https:\/\/franciscanos.org.br\/noticias\"},{\"@type\":\"ListItem\",\"position\":2,\"name\":\"EaD\/USF promove a Semana Internacional de Teologia\"}]},{\"@type\":\"Person\",\"@id\":\"https:\/\/franciscanos.org.br\/noticias\/#\/schema\/person\/b5c8cba458c330ccff548b056e95a5d4\",\"name\":\"moacir\",\"image\":{\"@type\":\"ImageObject\",\"inLanguage\":\"pt-BR\",\"@id\":\"https:\/\/franciscanos.org.br\/noticias\/#\/schema\/person\/image\/\",\"url\":\"https:\/\/secure.gravatar.com\/avatar\/d08aa2ce4c8dd416d4479aa8536fcf64?s=96&d=mm&r=g\",\"contentUrl\":\"https:\/\/secure.gravatar.com\/avatar\/d08aa2ce4c8dd416d4479aa8536fcf64?s=96&d=mm&r=g\",\"caption\":\"moacir\"},\"url\":\"https:\/\/franciscanos.org.br\/noticias\/author\/moacir\"}]}<\/script>\n<!-- \/ Yoast SEO plugin. -->","yoast_head_json":{"title":"EaD\/USF promove a Semana Internacional de Teologia - Not\u00edcias - Franciscanos","robots":{"index":"index","follow":"follow","max-snippet":"max-snippet:-1","max-image-preview":"max-image-preview:large","max-video-preview":"max-video-preview:-1"},"canonical":"https:\/\/franciscanos.org.br\/noticias\/usf.html","og_locale":"pt_BR","og_type":"article","og_title":"EaD\/USF promove a Semana Internacional de Teologia - Not\u00edcias - Franciscanos","og_description":"Universidade S\u00e3o Francisco","og_url":"https:\/\/franciscanos.org.br\/noticias\/usf.html","og_site_name":"Not\u00edcias - Franciscanos","article_published_time":"2020-10-27T13:25:53+00:00","article_modified_time":"2020-10-27T13:29:00+00:00","og_image":[{"width":714,"height":536,"url":"https:\/\/franciscanos.org.br\/noticias\/wp-content\/uploads\/2020\/10\/usf.jpg","type":"image\/jpeg"}],"author":"moacir","twitter_card":"summary_large_image","twitter_misc":{"Escrito por":"moacir","Est. tempo de leitura":"9 minutos"},"schema":{"@context":"https:\/\/schema.org","@graph":[{"@type":"WebSite","@id":"https:\/\/franciscanos.org.br\/noticias\/#website","url":"https:\/\/franciscanos.org.br\/noticias\/","name":"Not\u00edcias - Franciscanos","description":"Prov\u00edncia Franciscana da Imaculada Concei\u00e7\u00e3o do Brasil - Ordem dos Frades Menores - OFM","potentialAction":[{"@type":"SearchAction","target":{"@type":"EntryPoint","urlTemplate":"https:\/\/franciscanos.org.br\/noticias\/?s={search_term_string}"},"query-input":"required name=search_term_string"}],"inLanguage":"pt-BR"},{"@type":"ImageObject","inLanguage":"pt-BR","@id":"https:\/\/franciscanos.org.br\/noticias\/usf.html#primaryimage","url":"https:\/\/franciscanos.org.br\/noticias\/wp-content\/uploads\/2020\/10\/usf.jpg","contentUrl":"https:\/\/franciscanos.org.br\/noticias\/wp-content\/uploads\/2020\/10\/usf.jpg","width":714,"height":536},{"@type":"WebPage","@id":"https:\/\/franciscanos.org.br\/noticias\/usf.html#webpage","url":"https:\/\/franciscanos.org.br\/noticias\/usf.html","name":"EaD\/USF promove a Semana Internacional de Teologia - Not\u00edcias - Franciscanos","isPartOf":{"@id":"https:\/\/franciscanos.org.br\/noticias\/#website"},"primaryImageOfPage":{"@id":"https:\/\/franciscanos.org.br\/noticias\/usf.html#primaryimage"},"datePublished":"2020-10-27T13:25:53+00:00","dateModified":"2020-10-27T13:29:00+00:00","author":{"@id":"https:\/\/franciscanos.org.br\/noticias\/#\/schema\/person\/b5c8cba458c330ccff548b056e95a5d4"},"breadcrumb":{"@id":"https:\/\/franciscanos.org.br\/noticias\/usf.html#breadcrumb"},"inLanguage":"pt-BR","potentialAction":[{"@type":"ReadAction","target":["https:\/\/franciscanos.org.br\/noticias\/usf.html"]}]},{"@type":"BreadcrumbList","@id":"https:\/\/franciscanos.org.br\/noticias\/usf.html#breadcrumb","itemListElement":[{"@type":"ListItem","position":1,"name":"Home","item":"https:\/\/franciscanos.org.br\/noticias"},{"@type":"ListItem","position":2,"name":"EaD\/USF promove a Semana Internacional de Teologia"}]},{"@type":"Person","@id":"https:\/\/franciscanos.org.br\/noticias\/#\/schema\/person\/b5c8cba458c330ccff548b056e95a5d4","name":"moacir","image":{"@type":"ImageObject","inLanguage":"pt-BR","@id":"https:\/\/franciscanos.org.br\/noticias\/#\/schema\/person\/image\/","url":"https:\/\/secure.gravatar.com\/avatar\/d08aa2ce4c8dd416d4479aa8536fcf64?s=96&d=mm&r=g","contentUrl":"https:\/\/secure.gravatar.com\/avatar\/d08aa2ce4c8dd416d4479aa8536fcf64?s=96&d=mm&r=g","caption":"moacir"},"url":"https:\/\/franciscanos.org.br\/noticias\/author\/moacir"}]}},"_links":{"self":[{"href":"https:\/\/franciscanos.org.br\/noticias\/wp-json\/wp\/v2\/posts\/228934"}],"collection":[{"href":"https:\/\/franciscanos.org.br\/noticias\/wp-json\/wp\/v2\/posts"}],"about":[{"href":"https:\/\/franciscanos.org.br\/noticias\/wp-json\/wp\/v2\/types\/post"}],"author":[{"embeddable":true,"href":"https:\/\/franciscanos.org.br\/noticias\/wp-json\/wp\/v2\/users\/3"}],"replies":[{"embeddable":true,"href":"https:\/\/franciscanos.org.br\/noticias\/wp-json\/wp\/v2\/comments?post=228934"}],"version-history":[{"count":5,"href":"https:\/\/franciscanos.org.br\/noticias\/wp-json\/wp\/v2\/posts\/228934\/revisions"}],"predecessor-version":[{"id":228941,"href":"https:\/\/franciscanos.org.br\/noticias\/wp-json\/wp\/v2\/posts\/228934\/revisions\/228941"}],"wp:featuredmedia":[{"embeddable":true,"href":"https:\/\/franciscanos.org.br\/noticias\/wp-json\/wp\/v2\/media\/228936"}],"wp:attachment":[{"href":"https:\/\/franciscanos.org.br\/noticias\/wp-json\/wp\/v2\/media?parent=228934"}],"wp:term":[{"taxonomy":"category","embeddable":true,"href":"https:\/\/franciscanos.org.br\/noticias\/wp-json\/wp\/v2\/categories?post=228934"},{"taxonomy":"post_tag","embeddable":true,"href":"https:\/\/franciscanos.org.br\/noticias\/wp-json\/wp\/v2\/tags?post=228934"}],"curies":[{"name":"wp","href":"https:\/\/api.w.org\/{rel}","templated":true}]}}