{"id":228896,"date":"2020-10-23T13:17:35","date_gmt":"2020-10-23T16:17:35","guid":{"rendered":"https:\/\/franciscanos.org.br\/noticias\/?p=228896"},"modified":"2020-10-23T13:17:35","modified_gmt":"2020-10-23T16:17:35","slug":"deus-onde-estavas-quando-precisei-de-ti-entre-os-lancamentos-da-semana","status":"publish","type":"post","link":"https:\/\/franciscanos.org.br\/noticias\/deus-onde-estavas-quando-precisei-de-ti-entre-os-lancamentos-da-semana.html","title":{"rendered":"&#8220;Deus, onde estavas quando precisei de ti?&#8221;, entre os lan\u00e7amentos da semana"},"content":{"rendered":"<p><img loading=\"lazy\" class=\"alignnone size-full wp-image-228898\" src=\"https:\/\/franciscanos.org.br\/noticias\/wp-content\/uploads\/2020\/10\/vozes-840-1.jpg\" alt=\"\" width=\"840\" height=\"451\" srcset=\"https:\/\/franciscanos.org.br\/noticias\/wp-content\/uploads\/2020\/10\/vozes-840-1.jpg 840w, https:\/\/franciscanos.org.br\/noticias\/wp-content\/uploads\/2020\/10\/vozes-840-1-450x242.jpg 450w, https:\/\/franciscanos.org.br\/noticias\/wp-content\/uploads\/2020\/10\/vozes-840-1-768x412.jpg 768w, https:\/\/franciscanos.org.br\/noticias\/wp-content\/uploads\/2020\/10\/vozes-840-1-150x81.jpg 150w\" sizes=\"(max-width: 840px) 100vw, 840px\" \/><\/p>\n<h2>Deus, onde estavas quando precisei de ti?<\/h2>\n<p>Nesta obra escrita por Pe. Douglas Rodrigues Xavier os conceitos b\u00edblicos e teol\u00f3gicos s\u00e3o transmitidos em uma linguagem simples e did\u00e1tica. No centro do livro est\u00e1 a procura da experi\u00eancia de se ter Deus como caminho de vida.<\/p>\n<p>A obra possui diversas passagens b\u00edblicas, onde o autor incorporou experi\u00eancias do Povo de Deus daquela \u00e9poca aos tempos de hoje, buscando ajudar no crescimento espiritual.<\/p>\n<p>O objetivo \u00e9 mostrar atrav\u00e9s dos personagens e passagens que mesmo durante todas as dificuldades, quando se mant\u00e9m a f\u00e9 e a persist\u00eancia, todos os obst\u00e1culos podem ser vencidos. Pe. Douglas busca mostrar que mesmo por caminhos tortuosos \u00e9 importante ter Deus durante todo o percurso.<\/p>\n<p style=\"padding-left: 40px;\"><strong>Resumo<\/strong><br \/>\nNesta obra escrita por Pe. Douglas Rodrigues Xavier os conceitos b\u00edblicos e teol\u00f3gicos s\u00e3o transmitidos em uma linguagem simples e did\u00e1tica. O objetivo \u00e9 mostrar atrav\u00e9s dos personagens e passagens que mesmo durante todas as dificuldades, quando se mant\u00e9m a f\u00e9 e a persist\u00eancia, todos os obst\u00e1culos podem ser vencidos.<\/p>\n<p>&nbsp;<\/p>\n<h2><strong>Ecoa na Catequese<\/strong><\/h2>\n<p>O Brasil possui um extenso territ\u00f3rio, e m\u00faltiplo. N\u00e3o s\u00f3 em seu bioma, mas tamb\u00e9m com um povo diversificado, vindo de diferentes etnias.\u00a0 E, \u00e9 deste preceito que os autores desta obra procuraram mostrar que sem respeito a essa polaridade, ser\u00e1 imposs\u00edvel para o homem sobreviver.<\/p>\n<p>N\u00e3o basta cultivar, mas tamb\u00e9m \u00e9 necess\u00e1rio preservar a vida, respeitando a natureza e a Cria\u00e7\u00e3o.<\/p>\n<p>Nesta obra os autores buscaram ajudar no processo de entendimento de uma convers\u00e3o, organizando cinco cartas necess\u00e1rias para a edifica\u00e7\u00e3o de uma Igreja Sinodal, ou seja, uma convers\u00e3o integral, pastoral, cultural e ecol\u00f3gica \u2013 divis\u00e3o adotada pelos autores.<\/p>\n<p>O livro possui atividades que podem ser feitas individualmente ou em grupo, com debates, para auxiliar na forma\u00e7\u00e3o da consci\u00eancia do que \u00e9 preciso para buscar a renova\u00e7\u00e3o da Igreja.<\/p>\n<p>O objetivo \u00e9 ajudar na busca pela evangeliza\u00e7\u00e3o de todos, contribuindo para a Catequese do Brasil, e na forma\u00e7\u00e3o de agentes evangelizadores, respeitando n\u00e3o s\u00f3 a m\u00faltiplas facetas do homem e seus costumes, mas tamb\u00e9m a natureza.<\/p>\n<p>Nesta obra escrita por diversos autores, os fundamentos necess\u00e1rios para edificar uma convers\u00e3o na Igreja Sinodal, ou seja, uma convers\u00e3o completa \u00e9 debatida. Cada cap\u00edtulo vem em formato de carta abordando os pontos da convers\u00e3o: Sinodal, Integral, Pastoral, Cultural e por fim Ecol\u00f3gica. O objetivo deste livro \u00e9 oferecer subs\u00eddios para estudo nas miss\u00f5es evangelizadoras.<\/p>\n<p>&nbsp;<\/p>\n<h2><strong>Luta pela democracia na educa\u00e7\u00e3o<\/strong><\/h2>\n<p>Esta obra escrita por Michael W. Apple com a colabora\u00e7\u00e3o de Lu\u00eds Armando Gandin, Shuning Liu, Assaf Meshulam e Eleni Schirmer tr\u00e1s em seis cap\u00edtulos uma leitura de extrema import\u00e2ncia para aqueles que buscam entender a educa\u00e7\u00e3o p\u00fablica b\u00e1sica e as alternativas de pesquisa para contestar id\u00e9ias raciais neoliberais.<\/p>\n<p>Umas das quest\u00f5es levantadas neste livro \u00e9 a necessidade em aprender mais sobre conflitos do passado e os de hoje. Cada cap\u00edtulo ir\u00e1 situar um cen\u00e1rio hist\u00f3rico e a luta atual na busca pela democracia.<\/p>\n<p>O autor e seus colaboradores buscaram distinguir a complexidade e as similaridades de classe, sem tirar o valor social de cada uma. Quest\u00f5es raciais tamb\u00e9m far\u00e3o parte do debate, abordando contextos hist\u00f3ricos e contempor\u00e2neos.<\/p>\n<p>E, por \u00faltimo lembra a import\u00e2ncia da democracia como um movimento coletivo, que t\u00eam consequ\u00eancias econ\u00f4micas e ideol\u00f3gicas. Respons\u00e1veis, professores e educadores lutando por uma sociedade mais justa, enfrentando cortes or\u00e7ament\u00e1rios, marginaliza\u00e7\u00e3o da categoria, lucro como \u00fanico objetivo e, ainda assim, sendo capazes de sobreviver.<\/p>\n<p style=\"padding-left: 40px;\"><strong>Resumo:<\/strong><br \/>\nCada cap\u00edtulo ir\u00e1 situar um cen\u00e1rio hist\u00f3rico e a luta atual na busca pela democracia. O autor e seus colaboradores buscaram distinguir a complexidade e as similaridades de classe, sem tirar o valor social de cada uma. E, a import\u00e2ncia da democracia como um movimento coletivo, que t\u00eam consequ\u00eancias econ\u00f4micas e ideol\u00f3gicas.<\/p>\n","protected":false},"excerpt":{"rendered":"<p>Editora Vozes<\/p>\n","protected":false},"author":7,"featured_media":228897,"comment_status":"open","ping_status":"open","sticky":false,"template":"","format":"standard","meta":[],"categories":[1],"tags":[238],"acf":[],"yoast_head":"<!-- This site is optimized with the Yoast SEO plugin v19.2 - https:\/\/yoast.com\/wordpress\/plugins\/seo\/ -->\n<title>&quot;Deus, onde estavas quando precisei de ti?&quot;, entre os lan\u00e7amentos da semana - Not\u00edcias - Franciscanos<\/title>\n<meta name=\"robots\" content=\"index, follow, max-snippet:-1, max-image-preview:large, max-video-preview:-1\" \/>\n<link rel=\"canonical\" href=\"https:\/\/franciscanos.org.br\/noticias\/deus-onde-estavas-quando-precisei-de-ti-entre-os-lancamentos-da-semana.html\" \/>\n<meta property=\"og:locale\" content=\"pt_BR\" \/>\n<meta property=\"og:type\" content=\"article\" \/>\n<meta property=\"og:title\" content=\"&quot;Deus, onde estavas quando precisei de ti?&quot;, entre os lan\u00e7amentos da semana - Not\u00edcias - Franciscanos\" \/>\n<meta property=\"og:description\" content=\"Editora Vozes\" \/>\n<meta property=\"og:url\" content=\"https:\/\/franciscanos.org.br\/noticias\/deus-onde-estavas-quando-precisei-de-ti-entre-os-lancamentos-da-semana.html\" \/>\n<meta property=\"og:site_name\" content=\"Not\u00edcias - Franciscanos\" \/>\n<meta property=\"article:published_time\" content=\"2020-10-23T16:17:35+00:00\" \/>\n<meta property=\"og:image\" content=\"https:\/\/franciscanos.org.br\/noticias\/wp-content\/uploads\/2020\/10\/Vozes-800.jpg\" \/>\n\t<meta property=\"og:image:width\" content=\"800\" \/>\n\t<meta property=\"og:image:height\" content=\"600\" \/>\n\t<meta property=\"og:image:type\" content=\"image\/jpeg\" \/>\n<meta name=\"author\" content=\"jovenal\" \/>\n<meta name=\"twitter:card\" content=\"summary_large_image\" \/>\n<meta name=\"twitter:label1\" content=\"Escrito por\" \/>\n\t<meta name=\"twitter:data1\" content=\"jovenal\" \/>\n\t<meta name=\"twitter:label2\" content=\"Est. tempo de leitura\" \/>\n\t<meta name=\"twitter:data2\" content=\"3 minutos\" \/>\n<script type=\"application\/ld+json\" class=\"yoast-schema-graph\">{\"@context\":\"https:\/\/schema.org\",\"@graph\":[{\"@type\":\"WebSite\",\"@id\":\"https:\/\/franciscanos.org.br\/noticias\/#website\",\"url\":\"https:\/\/franciscanos.org.br\/noticias\/\",\"name\":\"Not\u00edcias - Franciscanos\",\"description\":\"Prov\u00edncia Franciscana da Imaculada Concei\u00e7\u00e3o do Brasil - Ordem dos Frades Menores - OFM\",\"potentialAction\":[{\"@type\":\"SearchAction\",\"target\":{\"@type\":\"EntryPoint\",\"urlTemplate\":\"https:\/\/franciscanos.org.br\/noticias\/?s={search_term_string}\"},\"query-input\":\"required name=search_term_string\"}],\"inLanguage\":\"pt-BR\"},{\"@type\":\"ImageObject\",\"inLanguage\":\"pt-BR\",\"@id\":\"https:\/\/franciscanos.org.br\/noticias\/deus-onde-estavas-quando-precisei-de-ti-entre-os-lancamentos-da-semana.html#primaryimage\",\"url\":\"https:\/\/franciscanos.org.br\/noticias\/wp-content\/uploads\/2020\/10\/Vozes-800.jpg\",\"contentUrl\":\"https:\/\/franciscanos.org.br\/noticias\/wp-content\/uploads\/2020\/10\/Vozes-800.jpg\",\"width\":800,\"height\":600},{\"@type\":\"WebPage\",\"@id\":\"https:\/\/franciscanos.org.br\/noticias\/deus-onde-estavas-quando-precisei-de-ti-entre-os-lancamentos-da-semana.html#webpage\",\"url\":\"https:\/\/franciscanos.org.br\/noticias\/deus-onde-estavas-quando-precisei-de-ti-entre-os-lancamentos-da-semana.html\",\"name\":\"\\\"Deus, onde estavas quando precisei de ti?\\\", entre os lan\u00e7amentos da semana - Not\u00edcias - Franciscanos\",\"isPartOf\":{\"@id\":\"https:\/\/franciscanos.org.br\/noticias\/#website\"},\"primaryImageOfPage\":{\"@id\":\"https:\/\/franciscanos.org.br\/noticias\/deus-onde-estavas-quando-precisei-de-ti-entre-os-lancamentos-da-semana.html#primaryimage\"},\"datePublished\":\"2020-10-23T16:17:35+00:00\",\"dateModified\":\"2020-10-23T16:17:35+00:00\",\"author\":{\"@id\":\"https:\/\/franciscanos.org.br\/noticias\/#\/schema\/person\/c3a26b08313dd1772495ce300ab257cc\"},\"breadcrumb\":{\"@id\":\"https:\/\/franciscanos.org.br\/noticias\/deus-onde-estavas-quando-precisei-de-ti-entre-os-lancamentos-da-semana.html#breadcrumb\"},\"inLanguage\":\"pt-BR\",\"potentialAction\":[{\"@type\":\"ReadAction\",\"target\":[\"https:\/\/franciscanos.org.br\/noticias\/deus-onde-estavas-quando-precisei-de-ti-entre-os-lancamentos-da-semana.html\"]}]},{\"@type\":\"BreadcrumbList\",\"@id\":\"https:\/\/franciscanos.org.br\/noticias\/deus-onde-estavas-quando-precisei-de-ti-entre-os-lancamentos-da-semana.html#breadcrumb\",\"itemListElement\":[{\"@type\":\"ListItem\",\"position\":1,\"name\":\"Home\",\"item\":\"https:\/\/franciscanos.org.br\/noticias\"},{\"@type\":\"ListItem\",\"position\":2,\"name\":\"&#8220;Deus, onde estavas quando precisei de ti?&#8221;, entre os lan\u00e7amentos da semana\"}]},{\"@type\":\"Person\",\"@id\":\"https:\/\/franciscanos.org.br\/noticias\/#\/schema\/person\/c3a26b08313dd1772495ce300ab257cc\",\"name\":\"jovenal\",\"image\":{\"@type\":\"ImageObject\",\"inLanguage\":\"pt-BR\",\"@id\":\"https:\/\/franciscanos.org.br\/noticias\/#\/schema\/person\/image\/\",\"url\":\"https:\/\/secure.gravatar.com\/avatar\/e94509f531086e2eaf97e72f29ea00f9?s=96&d=mm&r=g\",\"contentUrl\":\"https:\/\/secure.gravatar.com\/avatar\/e94509f531086e2eaf97e72f29ea00f9?s=96&d=mm&r=g\",\"caption\":\"jovenal\"},\"url\":\"https:\/\/franciscanos.org.br\/noticias\/author\/jovenal\"}]}<\/script>\n<!-- \/ Yoast SEO plugin. -->","yoast_head_json":{"title":"\"Deus, onde estavas quando precisei de ti?\", entre os lan\u00e7amentos da semana - Not\u00edcias - Franciscanos","robots":{"index":"index","follow":"follow","max-snippet":"max-snippet:-1","max-image-preview":"max-image-preview:large","max-video-preview":"max-video-preview:-1"},"canonical":"https:\/\/franciscanos.org.br\/noticias\/deus-onde-estavas-quando-precisei-de-ti-entre-os-lancamentos-da-semana.html","og_locale":"pt_BR","og_type":"article","og_title":"\"Deus, onde estavas quando precisei de ti?\", entre os lan\u00e7amentos da semana - Not\u00edcias - Franciscanos","og_description":"Editora Vozes","og_url":"https:\/\/franciscanos.org.br\/noticias\/deus-onde-estavas-quando-precisei-de-ti-entre-os-lancamentos-da-semana.html","og_site_name":"Not\u00edcias - Franciscanos","article_published_time":"2020-10-23T16:17:35+00:00","og_image":[{"width":800,"height":600,"url":"https:\/\/franciscanos.org.br\/noticias\/wp-content\/uploads\/2020\/10\/Vozes-800.jpg","type":"image\/jpeg"}],"author":"jovenal","twitter_card":"summary_large_image","twitter_misc":{"Escrito por":"jovenal","Est. tempo de leitura":"3 minutos"},"schema":{"@context":"https:\/\/schema.org","@graph":[{"@type":"WebSite","@id":"https:\/\/franciscanos.org.br\/noticias\/#website","url":"https:\/\/franciscanos.org.br\/noticias\/","name":"Not\u00edcias - Franciscanos","description":"Prov\u00edncia Franciscana da Imaculada Concei\u00e7\u00e3o do Brasil - Ordem dos Frades Menores - OFM","potentialAction":[{"@type":"SearchAction","target":{"@type":"EntryPoint","urlTemplate":"https:\/\/franciscanos.org.br\/noticias\/?s={search_term_string}"},"query-input":"required name=search_term_string"}],"inLanguage":"pt-BR"},{"@type":"ImageObject","inLanguage":"pt-BR","@id":"https:\/\/franciscanos.org.br\/noticias\/deus-onde-estavas-quando-precisei-de-ti-entre-os-lancamentos-da-semana.html#primaryimage","url":"https:\/\/franciscanos.org.br\/noticias\/wp-content\/uploads\/2020\/10\/Vozes-800.jpg","contentUrl":"https:\/\/franciscanos.org.br\/noticias\/wp-content\/uploads\/2020\/10\/Vozes-800.jpg","width":800,"height":600},{"@type":"WebPage","@id":"https:\/\/franciscanos.org.br\/noticias\/deus-onde-estavas-quando-precisei-de-ti-entre-os-lancamentos-da-semana.html#webpage","url":"https:\/\/franciscanos.org.br\/noticias\/deus-onde-estavas-quando-precisei-de-ti-entre-os-lancamentos-da-semana.html","name":"\"Deus, onde estavas quando precisei de ti?\", entre os lan\u00e7amentos da semana - Not\u00edcias - Franciscanos","isPartOf":{"@id":"https:\/\/franciscanos.org.br\/noticias\/#website"},"primaryImageOfPage":{"@id":"https:\/\/franciscanos.org.br\/noticias\/deus-onde-estavas-quando-precisei-de-ti-entre-os-lancamentos-da-semana.html#primaryimage"},"datePublished":"2020-10-23T16:17:35+00:00","dateModified":"2020-10-23T16:17:35+00:00","author":{"@id":"https:\/\/franciscanos.org.br\/noticias\/#\/schema\/person\/c3a26b08313dd1772495ce300ab257cc"},"breadcrumb":{"@id":"https:\/\/franciscanos.org.br\/noticias\/deus-onde-estavas-quando-precisei-de-ti-entre-os-lancamentos-da-semana.html#breadcrumb"},"inLanguage":"pt-BR","potentialAction":[{"@type":"ReadAction","target":["https:\/\/franciscanos.org.br\/noticias\/deus-onde-estavas-quando-precisei-de-ti-entre-os-lancamentos-da-semana.html"]}]},{"@type":"BreadcrumbList","@id":"https:\/\/franciscanos.org.br\/noticias\/deus-onde-estavas-quando-precisei-de-ti-entre-os-lancamentos-da-semana.html#breadcrumb","itemListElement":[{"@type":"ListItem","position":1,"name":"Home","item":"https:\/\/franciscanos.org.br\/noticias"},{"@type":"ListItem","position":2,"name":"&#8220;Deus, onde estavas quando precisei de ti?&#8221;, entre os lan\u00e7amentos da semana"}]},{"@type":"Person","@id":"https:\/\/franciscanos.org.br\/noticias\/#\/schema\/person\/c3a26b08313dd1772495ce300ab257cc","name":"jovenal","image":{"@type":"ImageObject","inLanguage":"pt-BR","@id":"https:\/\/franciscanos.org.br\/noticias\/#\/schema\/person\/image\/","url":"https:\/\/secure.gravatar.com\/avatar\/e94509f531086e2eaf97e72f29ea00f9?s=96&d=mm&r=g","contentUrl":"https:\/\/secure.gravatar.com\/avatar\/e94509f531086e2eaf97e72f29ea00f9?s=96&d=mm&r=g","caption":"jovenal"},"url":"https:\/\/franciscanos.org.br\/noticias\/author\/jovenal"}]}},"_links":{"self":[{"href":"https:\/\/franciscanos.org.br\/noticias\/wp-json\/wp\/v2\/posts\/228896"}],"collection":[{"href":"https:\/\/franciscanos.org.br\/noticias\/wp-json\/wp\/v2\/posts"}],"about":[{"href":"https:\/\/franciscanos.org.br\/noticias\/wp-json\/wp\/v2\/types\/post"}],"author":[{"embeddable":true,"href":"https:\/\/franciscanos.org.br\/noticias\/wp-json\/wp\/v2\/users\/7"}],"replies":[{"embeddable":true,"href":"https:\/\/franciscanos.org.br\/noticias\/wp-json\/wp\/v2\/comments?post=228896"}],"version-history":[{"count":2,"href":"https:\/\/franciscanos.org.br\/noticias\/wp-json\/wp\/v2\/posts\/228896\/revisions"}],"predecessor-version":[{"id":228900,"href":"https:\/\/franciscanos.org.br\/noticias\/wp-json\/wp\/v2\/posts\/228896\/revisions\/228900"}],"wp:featuredmedia":[{"embeddable":true,"href":"https:\/\/franciscanos.org.br\/noticias\/wp-json\/wp\/v2\/media\/228897"}],"wp:attachment":[{"href":"https:\/\/franciscanos.org.br\/noticias\/wp-json\/wp\/v2\/media?parent=228896"}],"wp:term":[{"taxonomy":"category","embeddable":true,"href":"https:\/\/franciscanos.org.br\/noticias\/wp-json\/wp\/v2\/categories?post=228896"},{"taxonomy":"post_tag","embeddable":true,"href":"https:\/\/franciscanos.org.br\/noticias\/wp-json\/wp\/v2\/tags?post=228896"}],"curies":[{"name":"wp","href":"https:\/\/api.w.org\/{rel}","templated":true}]}}